{"id":8344,"date":"2020-10-28T16:25:08","date_gmt":"2020-10-28T15:25:08","guid":{"rendered":"https:\/\/www.polyas.de\/blog\/?p=8344"},"modified":"2023-02-28T16:55:56","modified_gmt":"2023-02-28T15:55:56","slug":"karriere-bei-polyas","status":"publish","type":"post","link":"https:\/\/www.polyas.de\/blog\/de\/allgemein-de\/karriere-bei-polyas","title":{"rendered":"Karriere bei POLYAS: \u201eWir sind mit POLYAS gewachsen \u2013 und POLYAS mit uns\u201c"},"content":{"rendered":"<p>Wie schaffe ich den Berufseinstieg? Werde ich \u00fcbernommen? Welche Entwicklungschancen habe ich in einem Unternehmen? Passe ich ins Team? Diese und viele weitere Fragen stehen am Anfang der beruflichen Laufbahn und einige stellen sich auch bei einem Jobwechsel wieder. Wie Anastasia Tomskikh und Elisa Utterodt ihren Anfang und ihre Karriere bei POLYAS erlebt haben, lesen Sie im gro\u00dfen POLYAS Interview.<!--more--><\/p>\n<h3>Hallo ihr beiden! Erz\u00e4hlt doch mal kurz wie eure Karriere bei POLYAS verlief, in welcher Position ihr angefangen habt und wie ihr euer Onboarding und eure Lernkurve erlebt habt.<\/h3>\n<p><strong><a href=\"https:\/\/www.polyas.de\/blog\/wp-content\/uploads\/2020\/10\/Anastasia-Tomskikh.jpg\"><img data-attachment-id=\"8345\" data-permalink=\"https:\/\/www.polyas.de\/blog\/de\/allgemein-de\/karriere-bei-polyas\/attachment\/anastasia-tomskikh\" data-orig-file=\"https:\/\/www.polyas.de\/blog\/wp-content\/uploads\/2020\/10\/Anastasia-Tomskikh.jpg\" data-orig-size=\"600,800\" data-comments-opened=\"1\" data-image-meta=\"{&quot;aperture&quot;:&quot;0&quot;,&quot;credit&quot;:&quot;&quot;,&quot;camera&quot;:&quot;&quot;,&quot;caption&quot;:&quot;&quot;,&quot;created_timestamp&quot;:&quot;0&quot;,&quot;copyright&quot;:&quot;&quot;,&quot;focal_length&quot;:&quot;0&quot;,&quot;iso&quot;:&quot;0&quot;,&quot;shutter_speed&quot;:&quot;0&quot;,&quot;title&quot;:&quot;&quot;,&quot;orientation&quot;:&quot;0&quot;}\" data-image-title=\"Anastasia-Tomskikh\" data-image-description=\"\" data-image-caption=\"\" data-medium-file=\"https:\/\/www.polyas.de\/blog\/wp-content\/uploads\/2020\/10\/Anastasia-Tomskikh-225x300.jpg\" data-large-file=\"https:\/\/www.polyas.de\/blog\/wp-content\/uploads\/2020\/10\/Anastasia-Tomskikh.jpg\" loading=\"lazy\" class=\"size-medium wp-image-8345 alignleft\" src=\"https:\/\/www.polyas.de\/blog\/wp-content\/uploads\/2020\/10\/Anastasia-Tomskikh-225x300.jpg\" alt=\"\" width=\"225\" height=\"300\" srcset=\"https:\/\/www.polyas.de\/blog\/wp-content\/uploads\/2020\/10\/Anastasia-Tomskikh-225x300.jpg 225w, https:\/\/www.polyas.de\/blog\/wp-content\/uploads\/2020\/10\/Anastasia-Tomskikh-500x667.jpg 500w, https:\/\/www.polyas.de\/blog\/wp-content\/uploads\/2020\/10\/Anastasia-Tomskikh.jpg 600w\" sizes=\"(max-width: 225px) 100vw, 225px\" \/><\/a>Anastasia:<\/strong> Ich bin seit Dezember 2015 bei POLYAS und habe als Werkstudentin im Sales und Election Management angefangen. In erster Linie wollte ich mir neben dem Studium etwas dazuverdienen. Die Stellenanzeige habe ich dann auf einem Online-Portal der Humboldt-Universit\u00e4t gefunden. Nachdem ich mich beworben hatte, wurde ich zum Vorstellungsgespr\u00e4ch eingeladen, etwas sp\u00e4ter folgte noch ein zweites Gespr\u00e4ch und dann konnte ich auch schon anfangen.<\/p>\n<p>Ich habe damals mit noch zwei weiteren Studentinnen gleichzeitig angefangen und wir konnten uns gut gegenseitig unterst\u00fctzen bei den neuen Aufgaben. Zun\u00e4chst habe ich vor allem Kundenlisten in Excel erstellt und auch f\u00fcr Webseiten und Blogbeitr\u00e4ge geschrieben. Das Team war damals noch deutlich kleiner. Je gr\u00f6\u00dfer das Team wurde, desto vielf\u00e4ltiger wurden die Aufgaben. Da lernt man nat\u00fcrlich auch mehr dazu.<\/p>\n<p><strong><a href=\"https:\/\/www.polyas.de\/blog\/wp-content\/uploads\/2020\/10\/Elisa-Utterodt.jpg\"><img data-attachment-id=\"8346\" data-permalink=\"https:\/\/www.polyas.de\/blog\/de\/allgemein-de\/karriere-bei-polyas\/attachment\/elisa-utterodt-3\" data-orig-file=\"https:\/\/www.polyas.de\/blog\/wp-content\/uploads\/2020\/10\/Elisa-Utterodt.jpg\" data-orig-size=\"800,600\" data-comments-opened=\"1\" data-image-meta=\"{&quot;aperture&quot;:&quot;3.5&quot;,&quot;credit&quot;:&quot;Kai Dorschner&quot;,&quot;camera&quot;:&quot;ILCE-7M3&quot;,&quot;caption&quot;:&quot;&quot;,&quot;created_timestamp&quot;:&quot;1576062717&quot;,&quot;copyright&quot;:&quot;&quot;,&quot;focal_length&quot;:&quot;200&quot;,&quot;iso&quot;:&quot;800&quot;,&quot;shutter_speed&quot;:&quot;0.008&quot;,&quot;title&quot;:&quot;&quot;,&quot;orientation&quot;:&quot;1&quot;}\" data-image-title=\"Elisa-Utterodt\" data-image-description=\"\" data-image-caption=\"\" data-medium-file=\"https:\/\/www.polyas.de\/blog\/wp-content\/uploads\/2020\/10\/Elisa-Utterodt-300x225.jpg\" data-large-file=\"https:\/\/www.polyas.de\/blog\/wp-content\/uploads\/2020\/10\/Elisa-Utterodt.jpg\" loading=\"lazy\" class=\"size-medium wp-image-8346 alignleft\" src=\"https:\/\/www.polyas.de\/blog\/wp-content\/uploads\/2020\/10\/Elisa-Utterodt-300x225.jpg\" alt=\"\" width=\"300\" height=\"225\" srcset=\"https:\/\/www.polyas.de\/blog\/wp-content\/uploads\/2020\/10\/Elisa-Utterodt-300x225.jpg 300w, https:\/\/www.polyas.de\/blog\/wp-content\/uploads\/2020\/10\/Elisa-Utterodt-768x576.jpg 768w, https:\/\/www.polyas.de\/blog\/wp-content\/uploads\/2020\/10\/Elisa-Utterodt-500x375.jpg 500w, https:\/\/www.polyas.de\/blog\/wp-content\/uploads\/2020\/10\/Elisa-Utterodt.jpg 800w\" sizes=\"(max-width: 300px) 100vw, 300px\" \/><\/a>Elisa: <\/strong>Ich bin etwas sp\u00e4ter, im M\u00e4rz 2016, als Volont\u00e4rin in der Redaktion zu POLYAS gekommen, wobei die Redaktion dem Marketing-Team bei POLYAS zugeordnet ist.<\/p>\n<p>In der ersten Zeit habe ich viele Texte geschrieben und Rechercheauftr\u00e4ge \u00fcbernommen, das waren dann immer Themen rund um Wahlen, die f\u00fcr unseren Blog und die Website interessant waren. Auch SEO, Analytics, Newsletter-Marketing und Social-Media, geh\u00f6rten zu meinen Arbeitsgebieten.<\/p>\n<p>Ich habe mich sehr gut aufgehoben gef\u00fchlt in der ersten Zeit und konnte immer alle meine Fragen anbringen. Das war f\u00fcr mich ein sehr positives Gef\u00fchl.<\/p>\n<h3>Worauf habt ihr dann hingearbeitet?<\/h3>\n<p><strong>Anastasia:<\/strong> Nachdem ich eine Weile als Werkstudentin gearbeitet hatte, habe ich einen neuen Vertrag bekommen und neben dem Masterstudium in Teilzeit f\u00fcr POLYAS gearbeitet. Als Werkstudentin habe ich noch viel f\u00fcr den Blog geschrieben. Das fand ich schon spannend, darum hatte ich auch \u00fcberlegt im Marketing zu bleiben.<\/p>\n<p>Meine Karriere bei POLYAS im Election-Management in Teilzeit hat sich eher schleichend entwickelt. Es kamen ja immer neue Aufgaben und neue Kolleginnen und Kollegen dazu, die Unterst\u00fctzung bei der Umsetzung von Wahlen brauchten.<\/p>\n<p><a href=\"https:\/\/www.polyas.de\/blog\/wp-content\/uploads\/2020\/10\/Polyas_Testemonials_6.jpg\"><img data-attachment-id=\"9550\" data-permalink=\"https:\/\/www.polyas.de\/blog\/de\/allgemein-de\/karriere-bei-polyas\/attachment\/polyas_testemonials_6-2\" data-orig-file=\"https:\/\/www.polyas.de\/blog\/wp-content\/uploads\/2020\/10\/Polyas_Testemonials_6.jpg\" data-orig-size=\"800,640\" data-comments-opened=\"1\" data-image-meta=\"{&quot;aperture&quot;:&quot;0&quot;,&quot;credit&quot;:&quot;&quot;,&quot;camera&quot;:&quot;&quot;,&quot;caption&quot;:&quot;&quot;,&quot;created_timestamp&quot;:&quot;0&quot;,&quot;copyright&quot;:&quot;&quot;,&quot;focal_length&quot;:&quot;0&quot;,&quot;iso&quot;:&quot;0&quot;,&quot;shutter_speed&quot;:&quot;0&quot;,&quot;title&quot;:&quot;&quot;,&quot;orientation&quot;:&quot;0&quot;}\" data-image-title=\"Polyas_Testemonials_6\" data-image-description=\"\" data-image-caption=\"\" data-medium-file=\"https:\/\/www.polyas.de\/blog\/wp-content\/uploads\/2020\/10\/Polyas_Testemonials_6-300x240.jpg\" data-large-file=\"https:\/\/www.polyas.de\/blog\/wp-content\/uploads\/2020\/10\/Polyas_Testemonials_6.jpg\" loading=\"lazy\" class=\"size-medium wp-image-9550 alignright\" src=\"https:\/\/www.polyas.de\/blog\/wp-content\/uploads\/2020\/10\/Polyas_Testemonials_6-300x240.jpg\" alt=\"\" width=\"300\" height=\"240\" srcset=\"https:\/\/www.polyas.de\/blog\/wp-content\/uploads\/2020\/10\/Polyas_Testemonials_6-300x240.jpg 300w, https:\/\/www.polyas.de\/blog\/wp-content\/uploads\/2020\/10\/Polyas_Testemonials_6-768x614.jpg 768w, https:\/\/www.polyas.de\/blog\/wp-content\/uploads\/2020\/10\/Polyas_Testemonials_6-500x400.jpg 500w, https:\/\/www.polyas.de\/blog\/wp-content\/uploads\/2020\/10\/Polyas_Testemonials_6.jpg 800w\" sizes=\"(max-width: 300px) 100vw, 300px\" \/><\/a>Ich habe dann haupts\u00e4chlich eine Kollegin bei Online-Wahlen und Live Votings in Verwertungsgesellschaften unterst\u00fctzt. Hier fielen dann Interesse und Bedarf zusammen und von da an habe ich auf eine Position als Election Managerin hingearbeitet. Mein Wunsch, mich zudem noch im Bereich Beratung und Veranstaltungsmanagement weiterzuentwickeln, ist aufgrund von Corona erstmal auf Eis gelegt.<\/p>\n<p><strong>Elisa:<\/strong> Bei mir war es etwas anders, denn ich komme auch aus einem ganz anderen Bereich. Ich habe vergleichende Literaturwissenschaft im Bachelor studiert und habe bei POLYAS die M\u00f6glichkeit bekommen, w\u00e4hrend meines Volontariats noch den Master in angewandter Literaturwissenschaft zu machen, was auch Kultur- und Medienmanagement beinhaltet. Dann hatte ich die Idee, nach dem Volontariat bei POLYAS wieder in den kulturellen Bereich zu gehen. Irgendwie hatte ich dann aber so ein Gef\u00fchl, dass ich doch bleiben m\u00f6chte. Ich konnte dann als Content-Marketing Manager Vollzeit bei POLYAS einsteigen.<\/p>\n<p>Es ergab sich dann im Laufe der Zeit, dass mein Fokus eher auf Produkt-Themen lag. Da habe ich dann viel \u00fcber Sicherheit im Produkt geschrieben oder auch Technische Dokumentationen und Anleitungen erstellt und bin auch thematisch tiefer in bestimmte Bereiche, wie Betriebsratswahlen, eingestiegen. Und da ging es schon langsam in die Richtung Produkt Management. Ein Universit\u00e4tsseminar zum agilen Arbeiten \u2013 Scrum im Speziellen \u2013 hat das \u00fcbrige dazu getan.<\/p>\n<h4><span style=\"color: #1fbbbb;\"><a style=\"color: #1fbbbb;\" href=\"https:\/\/www.polyas.de\/produkte\" target=\"_blank\" rel=\"noopener\">Lernen Sie die POLYAS Produkte kennen! Hier entlang &gt;<\/a><\/span><\/h4>\n<p>Als zertifizierte Scrum Masterin und Product Ownerin bin ich dann bei POLYAS als Product Marketing Manager eingestiegen. Anfang dieses Jahres bekam ich dann die Anfrage Product Owner f\u00fcr POLYAS Online-Wahlen zu werden. Und nun ist das seit M\u00e4rz so.<\/p>\n<h3>Deine Karriere bei POLYAS hat sich ja schon ziemlich schnell entwickelt. Das war bestimmt eine Menge Arbeit, oder?<\/h3>\n<p><strong>Elisa:<\/strong> Arbeit und Vollzeitstudium gleichzeitig \u2013 so eine Doppelbelastung ist jetzt auch nicht zu untersch\u00e4tzen. Anastasia, das kannst du bestimmt best\u00e4tigen. Aber die Arbeit hat mich total begeistert und das ist auch so geblieben. Darum w\u00fcrde ich zwar sagen, dass es Arbeit war, aber es war nicht stressig, weil es einfach Spa\u00df gemacht hat.<\/p>\n<h3>Was macht euch denn momentan am meisten Spa\u00df?<\/h3>\n<p><strong>Anastasia:<\/strong> Online-Wahlen manage ich sehr gerne. Am meisten freue ich mich, die Planung zu machen. Da ist man dann mit Kunden im Austausch und nimmt in dem Moment auch eine Beraterfunktion ein. Diese Phase macht mir sehr viel Spa\u00df und auch die Endphase, wenn alles super l\u00e4uft. Die Wahl ist zu Ende, der Kunde ist gl\u00fccklich \u2013 das ist die gr\u00f6\u00dfte Freude im Election Management.<\/p>\n<p>Aber auch Projekte, bei denen Online-Wahlen mit Nominierungen kombiniert werden oder ein Live Voting remote oder vor Ort durchgef\u00fchrt wird, sind total spannend. Auch der Teamzusammenhalt bei gr\u00f6\u00dferen Events, wie dem Anwenderforum f\u00fcr Kammern im September 2019 war sch\u00f6n, denn es gab dann unabh\u00e4ngig von den einzelnen Arbeitsbereichen bei POLYAS nur noch ein gro\u00dfes Team.<\/p>\n<p><strong>Elisa:<\/strong> Ich empfinde es \u00e4hnlich wie Anastasia, nur dass mein Projekt nicht Online-Wahlen mit Kunden sind, sondern die Weiterentwicklung unserer Online-Wahlprodukte. Dabei arbeite ich sehr gerne mit den Stakeholdern aus dem Election Management und Sales zusammen und schaue, wie deren Anforderungen aussehen, die ich dann weiterplane. Vor allem mag ich daran auch die Kommunikation mit dem Entwicklungs-Team und wie wir die Anforderungen dann zusammen umzusetzen.<\/p>\n<p>Am sch\u00f6nsten ist es dann zu sehen, wie das fertige Produkt oder das Feature am Ende aussieht und dann wiederum das Feedback von den Stakeholdern zu bekommen.<\/p>\n<div id=\"attachment_8347\" style=\"width: 310px\" class=\"wp-caption alignleft\"><a href=\"https:\/\/www.polyas.de\/blog\/wp-content\/uploads\/2020\/10\/digital-wa\u0308hlen.jpg\"><img aria-describedby=\"caption-attachment-8347\" data-attachment-id=\"8347\" data-permalink=\"https:\/\/www.polyas.de\/blog\/de\/allgemein-de\/karriere-bei-polyas\/attachment\/digital-wa%cc%88hlen\" data-orig-file=\"https:\/\/www.polyas.de\/blog\/wp-content\/uploads\/2020\/10\/digital-wa\u0308hlen.jpg\" data-orig-size=\"860,350\" data-comments-opened=\"1\" data-image-meta=\"{&quot;aperture&quot;:&quot;0&quot;,&quot;credit&quot;:&quot;&quot;,&quot;camera&quot;:&quot;&quot;,&quot;caption&quot;:&quot;&quot;,&quot;created_timestamp&quot;:&quot;0&quot;,&quot;copyright&quot;:&quot;&quot;,&quot;focal_length&quot;:&quot;0&quot;,&quot;iso&quot;:&quot;0&quot;,&quot;shutter_speed&quot;:&quot;0&quot;,&quot;title&quot;:&quot;&quot;,&quot;orientation&quot;:&quot;1&quot;}\" data-image-title=\"digital-wa\u0308hlen\" data-image-description=\"&lt;p&gt;Der POLYAS-Online-Wahlmanager&lt;\/p&gt;\n\" data-image-caption=\"&lt;p&gt;Der POLYAS-Online-Wahlmanager&lt;\/p&gt;\n\" data-medium-file=\"https:\/\/www.polyas.de\/blog\/wp-content\/uploads\/2020\/10\/digital-wa\u0308hlen-300x122.jpg\" data-large-file=\"https:\/\/www.polyas.de\/blog\/wp-content\/uploads\/2020\/10\/digital-wa\u0308hlen.jpg\" loading=\"lazy\" class=\"wp-image-8347 size-medium\" src=\"https:\/\/www.polyas.de\/blog\/wp-content\/uploads\/2020\/10\/digital-wa\u0308hlen-300x122.jpg\" alt=\"Der POLYAS-Online-Wahlmanager\" width=\"300\" height=\"122\" srcset=\"https:\/\/www.polyas.de\/blog\/wp-content\/uploads\/2020\/10\/digital-wa\u0308hlen-300x122.jpg 300w, https:\/\/www.polyas.de\/blog\/wp-content\/uploads\/2020\/10\/digital-wa\u0308hlen-768x313.jpg 768w, https:\/\/www.polyas.de\/blog\/wp-content\/uploads\/2020\/10\/digital-wa\u0308hlen-500x203.jpg 500w, https:\/\/www.polyas.de\/blog\/wp-content\/uploads\/2020\/10\/digital-wa\u0308hlen.jpg 860w\" sizes=\"(max-width: 300px) 100vw, 300px\" \/><\/a><p id=\"caption-attachment-8347\" class=\"wp-caption-text\"><em>Der POLYAS Online-Wahlmanager<\/em><\/p><\/div>\n<p><strong>Anastasia:<\/strong> Ja, ein neues Feature oder Produkt direkt zu verwenden, macht auch ziemlichen Spa\u00df.Wir arbeiten mit dem POLYAS Online-Wahlmanager jeden Tag und da es ist immer toll zu sehen, was kann das Produkt jetzt Neues.<\/p>\n<p><span style=\"color: #1fbbbb;\"><strong><a style=\"color: #1fbbbb;\" href=\"https:\/\/www.polyas.de\/ueber-polyas\/karriere\">Werde auch Du Teil von POLYAS und finde die passende Stelle f\u00fcr Dich!<\/a>&nbsp;<\/strong><\/span><\/p>\n<h3>Was sind f\u00fcr euch die Grundpfeiler f\u00fcr berufliches Wachstum und wie konnte euch POLYAS dabei begleiten und eure Karriere unterst\u00fctzen?<\/h3>\n<p><strong>Anastasia:<\/strong> Meine Entwicklung bei POLYAS verlief von der Werkstudentenstelle bis zum Projektmanagement. Ich war immer dankbar, wie flexibel man arbeiten konnte. Zum Beispiel, wie Elisa erz\u00e4hlt hat, im Fall der Kombination aus Studium und Beruf.<\/p>\n<p>Bei mir waren es neben dem Studium maximal 20 Stunden pro Woche \u2013 was auch schon viel war \u2013 aber ich konnte meine Arbeit flexibel und von zu Hause gestalten. Da habe ich mir dann zwischendurch mal einen Tag frei genommen und daf\u00fcr dann an einem anderen Tag diese Stunden gearbeitet. Das war gar kein Problem. Ich habe viel gelernt. Allein das Projekt-Management, mit diesem Thema hatte ich w\u00e4hrend des Studiums gar keine Ber\u00fchrungspunkte.<\/p>\n<p><strong>Elisa:<\/strong> Da kann ich Anastasia nur zustimmen: Die Flexibilit\u00e4t, die POLYAS bietet, wenn es um die Gestaltung des Arbeitstages geht, ist nat\u00fcrlich super. Vor allem f\u00fcr einen meiner Grundpfeiler \u2013 fachliche Weiterbildung.<\/p>\n<p>POLYAS erm\u00f6glicht Weiterbildung nicht nur, sondern f\u00f6rdert sie auch. Ein weiterer Pfeiler ist f\u00fcr mich die Atmosph\u00e4re im Unternehmen und speziell im Team, die mir sehr dabei geholfen hat, die Leistung zu bringen, die ich erbracht habe und auch meine Leidenschaft f\u00fcr das Produkt zu steigern.<\/p>\n<h3>Was sind eure n\u00e4chsten Ziele?<\/h3>\n<p><strong><a href=\"https:\/\/www.polyas.de\/blog\/wp-content\/uploads\/2020\/10\/Perspektive.jpg\"><img data-attachment-id=\"8349\" data-permalink=\"https:\/\/www.polyas.de\/blog\/de\/allgemein-de\/karriere-bei-polyas\/attachment\/perspektive\" data-orig-file=\"https:\/\/www.polyas.de\/blog\/wp-content\/uploads\/2020\/10\/Perspektive.jpg\" data-orig-size=\"700,700\" data-comments-opened=\"1\" data-image-meta=\"{&quot;aperture&quot;:&quot;0&quot;,&quot;credit&quot;:&quot;&quot;,&quot;camera&quot;:&quot;&quot;,&quot;caption&quot;:&quot;&quot;,&quot;created_timestamp&quot;:&quot;0&quot;,&quot;copyright&quot;:&quot;This material is dedicated to the public domain under the Creative Commons Zero Waiver http:\\\/\\\/creativecommons.org\\\/publicdomain\\\/zero\\\/1.0&quot;,&quot;focal_length&quot;:&quot;0&quot;,&quot;iso&quot;:&quot;0&quot;,&quot;shutter_speed&quot;:&quot;0&quot;,&quot;title&quot;:&quot;&quot;,&quot;orientation&quot;:&quot;0&quot;}\" data-image-title=\"Perspektive\" data-image-description=\"\" data-image-caption=\"\" data-medium-file=\"https:\/\/www.polyas.de\/blog\/wp-content\/uploads\/2020\/10\/Perspektive-300x300.jpg\" data-large-file=\"https:\/\/www.polyas.de\/blog\/wp-content\/uploads\/2020\/10\/Perspektive.jpg\" loading=\"lazy\" class=\"size-medium wp-image-8349 alignright\" src=\"https:\/\/www.polyas.de\/blog\/wp-content\/uploads\/2020\/10\/Perspektive-300x300.jpg\" alt=\"\" width=\"300\" height=\"300\" srcset=\"https:\/\/www.polyas.de\/blog\/wp-content\/uploads\/2020\/10\/Perspektive-300x300.jpg 300w, https:\/\/www.polyas.de\/blog\/wp-content\/uploads\/2020\/10\/Perspektive-150x150.jpg 150w, https:\/\/www.polyas.de\/blog\/wp-content\/uploads\/2020\/10\/Perspektive-500x500.jpg 500w, https:\/\/www.polyas.de\/blog\/wp-content\/uploads\/2020\/10\/Perspektive.jpg 700w\" sizes=\"(max-width: 300px) 100vw, 300px\" \/><\/a>Elisa:<\/strong> Ich w\u00fcrde als n\u00e4chstes gern eine Weiterbildung im strategischen Produktmanagement machen, einfach weil ich in diesem Bereich eine Quereinsteigerin bin und da nochmal einige Aspekte von der Pike auf lernen und vertiefen m\u00f6chte.<\/p>\n<p>Eine Weiterbildung im Bereich Scale Scrum w\u00e4re eine zweite Sache, die ich gern angehen m\u00f6chte \u2013 da geht es dann um die bessere Verzahnung verschiedener Teams, die permanent im Austausch stehen.<\/p>\n<p><strong>Anastasia:<\/strong> Aufgrund der Coronakrise ist es schwierig beruflich oder privat sehr gro\u00dfe Ver\u00e4nderungen zu planen und zum Beispiel im Bereich Event Management weiterzugehen, aber Weiterbildungen m\u00f6chte ich auf jeden Fall machen. Das ist auch in unserem Team sehr relevant. Ich kann mir gut vorstellen, im Bereich Digitale Meetings und Veranstaltungen tiefer einzusteigen.<\/p>\n<h3>Wie zufrieden seid ihr mit eurer Entwicklung bei POLYAS?<\/h3>\n<p><strong>Anastasia:<\/strong> Ich glaube ich spreche da f\u00fcr uns beide: Wir sind mit POLYAS gewachsen und POLYAS mit uns. Wenn ich mich daran erinnere, wie es noch 2015 oder 2016 aussah, dann sehe ich so viele gute Prozesse, die wir seitdem etabliert haben. Wir sind auf jeden Fall gewachsen und in allen Bereichen noch professioneller geworden. Es ist ein enormer Unterschied. Es macht Spa\u00df in dieser Konstellation zu arbeiten.<\/p>\n<p><strong>Elisa:<\/strong> Du hast es auf den Punkt gebracht, Anastasia. Ich bin total happy mit der Entwicklung, die ich gemacht habe und freue mich auf das, was noch kommen wird.<\/p>\n<p><span style=\"color: #1fbbbb;\"><strong><a style=\"color: #1fbbbb;\" href=\"https:\/\/www.polyas.de\/ueber-polyas\/karriere\/bewerbung\">Infos zu unserem Bewerbungsprozess findest du hier!<\/a><\/strong><\/span><\/p>\n<h3>Danke f\u00fcr das Gespr\u00e4ch, Elisa und Anastasia!<\/h3>\n\n","protected":false},"excerpt":{"rendered":"<p>Wie schaffe ich den Berufseinstieg? Werde ich \u00fcbernommen? Welche Entwicklungschancen habe ich in einem Unternehmen? Passe ich ins Team? Diese und viele weitere Fragen stehen am Anfang der beruflichen Laufbahn und einige stellen sich auch bei einem Jobwechsel wieder. Wie Anastasia Tomskikh und Elisa Utterodt ihren Anfang und ihre Karriere bei POLYAS erlebt haben, lesen [&hellip;]<\/p>\n","protected":false},"author":279,"featured_media":8419,"comment_status":"open","ping_status":"open","sticky":false,"template":"","format":"standard","meta":{"_eb_attr":"","ub_ctt_via":"","spay_email":"","jetpack_publicize_message":"","jetpack_is_tweetstorm":false,"jetpack_publicize_feature_enabled":true},"categories":[2922,19,238],"tags":[2498,2503,2504,2499,2501,2500,1888,2502],"featured_image_src":"https:\/\/www.polyas.de\/blog\/wp-content\/uploads\/2020\/10\/Karriere_bei_POLYAS.jpg","author_info":{"display_name":"Palma Kunkel","author_link":"https:\/\/www.polyas.de\/blog\/author\/p-kunkel"},"yoast_head":"<!-- This site is optimized with the Yoast SEO plugin v19.9 - https:\/\/yoast.com\/wordpress\/plugins\/seo\/ -->\n<title>Karriere bei POLYAS: \u201eWir sind mit POLYAS gewachsen und POLYAS mit uns\u201c<\/title>\n<meta name=\"description\" content=\"Karriere bei POLYAS: Wie zwei POLYAS-Mitarbeiterinnen ihre beruflichen Entwicklungen bei POLYAS erlebten, lesen Sie im POLYAS Interview.\" \/>\n<meta name=\"robots\" content=\"index, follow, max-snippet:-1, max-image-preview:large, max-video-preview:-1\" \/>\n<link rel=\"canonical\" href=\"https:\/\/www.polyas.de\/blog\/de\/allgemein-de\/karriere-bei-polyas\" \/>\n<meta property=\"og:locale\" content=\"de_DE\" \/>\n<meta property=\"og:type\" content=\"article\" \/>\n<meta property=\"og:title\" content=\"Karriere bei POLYAS: \u201eWir sind mit POLYAS gewachsen und POLYAS mit uns\u201c\" \/>\n<meta property=\"og:description\" content=\"Karriere bei POLYAS: Wie zwei POLYAS-Mitarbeiterinnen ihre beruflichen Entwicklungen bei POLYAS erlebten, lesen Sie im POLYAS Interview.\" \/>\n<meta property=\"og:url\" content=\"https:\/\/www.polyas.de\/blog\/de\/allgemein-de\/karriere-bei-polyas\" \/>\n<meta property=\"og:site_name\" content=\"POLYAS\" \/>\n<meta property=\"article:published_time\" content=\"2020-10-28T15:25:08+00:00\" \/>\n<meta property=\"article:modified_time\" content=\"2023-02-28T15:55:56+00:00\" \/>\n<meta property=\"og:image\" content=\"https:\/\/www.polyas.de\/blog\/wp-content\/uploads\/2020\/10\/Karriere_bei_POLYAS.jpg\" \/>\n\t<meta property=\"og:image:width\" content=\"860\" \/>\n\t<meta property=\"og:image:height\" content=\"200\" \/>\n\t<meta property=\"og:image:type\" content=\"image\/jpeg\" \/>\n<meta name=\"author\" content=\"Palma Kunkel\" \/>\n<meta name=\"twitter:card\" content=\"summary_large_image\" \/>\n<meta name=\"twitter:label1\" content=\"Verfasst von\" \/>\n\t<meta name=\"twitter:data1\" content=\"Palma Kunkel\" \/>\n\t<meta name=\"twitter:label2\" content=\"Gesch\u00e4tzte Lesezeit\" \/>\n\t<meta name=\"twitter:data2\" content=\"10 Minuten\" \/>\n<script type=\"application\/ld+json\" class=\"yoast-schema-graph\">{\"@context\":\"https:\/\/schema.org\",\"@graph\":[{\"@type\":\"WebPage\",\"@id\":\"https:\/\/www.polyas.de\/blog\/de\/allgemein-de\/karriere-bei-polyas\",\"url\":\"https:\/\/www.polyas.de\/blog\/de\/allgemein-de\/karriere-bei-polyas\",\"name\":\"Karriere bei POLYAS: \u201eWir sind mit POLYAS gewachsen und POLYAS mit uns\u201c\",\"isPartOf\":{\"@id\":\"https:\/\/www.polyas.de\/blog\/#website\"},\"datePublished\":\"2020-10-28T15:25:08+00:00\",\"dateModified\":\"2023-02-28T15:55:56+00:00\",\"author\":{\"@id\":\"https:\/\/www.polyas.de\/blog\/#\/schema\/person\/62fe5c9523909323f7fe0e6061ee1595\"},\"description\":\"Karriere bei POLYAS: Wie zwei POLYAS-Mitarbeiterinnen ihre beruflichen Entwicklungen bei POLYAS erlebten, lesen Sie im POLYAS Interview.\",\"breadcrumb\":{\"@id\":\"https:\/\/www.polyas.de\/blog\/de\/allgemein-de\/karriere-bei-polyas#breadcrumb\"},\"inLanguage\":\"de-DE\",\"potentialAction\":[{\"@type\":\"ReadAction\",\"target\":[\"https:\/\/www.polyas.de\/blog\/de\/allgemein-de\/karriere-bei-polyas\"]}]},{\"@type\":\"BreadcrumbList\",\"@id\":\"https:\/\/www.polyas.de\/blog\/de\/allgemein-de\/karriere-bei-polyas#breadcrumb\",\"itemListElement\":[{\"@type\":\"ListItem\",\"position\":1,\"name\":\"Startseite\",\"item\":\"https:\/\/www.polyas.de\/blog\/de\"},{\"@type\":\"ListItem\",\"position\":2,\"name\":\"Karriere bei POLYAS: \u201eWir sind mit POLYAS gewachsen \u2013 und POLYAS mit uns\u201c\"}]},{\"@type\":\"WebSite\",\"@id\":\"https:\/\/www.polyas.de\/blog\/#website\",\"url\":\"https:\/\/www.polyas.de\/blog\/\",\"name\":\"POLYAS\",\"description\":\"the blog for secure online voting\",\"potentialAction\":[{\"@type\":\"SearchAction\",\"target\":{\"@type\":\"EntryPoint\",\"urlTemplate\":\"https:\/\/www.polyas.de\/blog\/?s={search_term_string}\"},\"query-input\":\"required name=search_term_string\"}],\"inLanguage\":\"de-DE\"},{\"@type\":\"Person\",\"@id\":\"https:\/\/www.polyas.de\/blog\/#\/schema\/person\/62fe5c9523909323f7fe0e6061ee1595\",\"name\":\"Palma Kunkel\",\"image\":{\"@type\":\"ImageObject\",\"inLanguage\":\"de-DE\",\"@id\":\"https:\/\/www.polyas.de\/blog\/#\/schema\/person\/image\/\",\"url\":\"https:\/\/secure.gravatar.com\/avatar\/6e9e790ca0148703dbb995b38d5b98f5?s=96&d=mm&r=g\",\"contentUrl\":\"https:\/\/secure.gravatar.com\/avatar\/6e9e790ca0148703dbb995b38d5b98f5?s=96&d=mm&r=g\",\"caption\":\"Palma Kunkel\"},\"url\":\"https:\/\/www.polyas.de\/blog\/author\/p-kunkel\"}]}<\/script>\n<!-- \/ Yoast SEO plugin. -->","yoast_head_json":{"title":"Karriere bei POLYAS: \u201eWir sind mit POLYAS gewachsen und POLYAS mit uns\u201c","description":"Karriere bei POLYAS: Wie zwei POLYAS-Mitarbeiterinnen ihre beruflichen Entwicklungen bei POLYAS erlebten, lesen Sie im POLYAS Interview.","robots":{"index":"index","follow":"follow","max-snippet":"max-snippet:-1","max-image-preview":"max-image-preview:large","max-video-preview":"max-video-preview:-1"},"canonical":"https:\/\/www.polyas.de\/blog\/de\/allgemein-de\/karriere-bei-polyas","og_locale":"de_DE","og_type":"article","og_title":"Karriere bei POLYAS: \u201eWir sind mit POLYAS gewachsen und POLYAS mit uns\u201c","og_description":"Karriere bei POLYAS: Wie zwei POLYAS-Mitarbeiterinnen ihre beruflichen Entwicklungen bei POLYAS erlebten, lesen Sie im POLYAS Interview.","og_url":"https:\/\/www.polyas.de\/blog\/de\/allgemein-de\/karriere-bei-polyas","og_site_name":"POLYAS","article_published_time":"2020-10-28T15:25:08+00:00","article_modified_time":"2023-02-28T15:55:56+00:00","og_image":[{"width":860,"height":200,"url":"https:\/\/www.polyas.de\/blog\/wp-content\/uploads\/2020\/10\/Karriere_bei_POLYAS.jpg","type":"image\/jpeg"}],"author":"Palma Kunkel","twitter_card":"summary_large_image","twitter_misc":{"Verfasst von":"Palma Kunkel","Gesch\u00e4tzte Lesezeit":"10 Minuten"},"schema":{"@context":"https:\/\/schema.org","@graph":[{"@type":"WebPage","@id":"https:\/\/www.polyas.de\/blog\/de\/allgemein-de\/karriere-bei-polyas","url":"https:\/\/www.polyas.de\/blog\/de\/allgemein-de\/karriere-bei-polyas","name":"Karriere bei POLYAS: \u201eWir sind mit POLYAS gewachsen und POLYAS mit uns\u201c","isPartOf":{"@id":"https:\/\/www.polyas.de\/blog\/#website"},"datePublished":"2020-10-28T15:25:08+00:00","dateModified":"2023-02-28T15:55:56+00:00","author":{"@id":"https:\/\/www.polyas.de\/blog\/#\/schema\/person\/62fe5c9523909323f7fe0e6061ee1595"},"description":"Karriere bei POLYAS: Wie zwei POLYAS-Mitarbeiterinnen ihre beruflichen Entwicklungen bei POLYAS erlebten, lesen Sie im POLYAS Interview.","breadcrumb":{"@id":"https:\/\/www.polyas.de\/blog\/de\/allgemein-de\/karriere-bei-polyas#breadcrumb"},"inLanguage":"de-DE","potentialAction":[{"@type":"ReadAction","target":["https:\/\/www.polyas.de\/blog\/de\/allgemein-de\/karriere-bei-polyas"]}]},{"@type":"BreadcrumbList","@id":"https:\/\/www.polyas.de\/blog\/de\/allgemein-de\/karriere-bei-polyas#breadcrumb","itemListElement":[{"@type":"ListItem","position":1,"name":"Startseite","item":"https:\/\/www.polyas.de\/blog\/de"},{"@type":"ListItem","position":2,"name":"Karriere bei POLYAS: \u201eWir sind mit POLYAS gewachsen \u2013 und POLYAS mit uns\u201c"}]},{"@type":"WebSite","@id":"https:\/\/www.polyas.de\/blog\/#website","url":"https:\/\/www.polyas.de\/blog\/","name":"POLYAS","description":"the blog for secure online voting","potentialAction":[{"@type":"SearchAction","target":{"@type":"EntryPoint","urlTemplate":"https:\/\/www.polyas.de\/blog\/?s={search_term_string}"},"query-input":"required name=search_term_string"}],"inLanguage":"de-DE"},{"@type":"Person","@id":"https:\/\/www.polyas.de\/blog\/#\/schema\/person\/62fe5c9523909323f7fe0e6061ee1595","name":"Palma Kunkel","image":{"@type":"ImageObject","inLanguage":"de-DE","@id":"https:\/\/www.polyas.de\/blog\/#\/schema\/person\/image\/","url":"https:\/\/secure.gravatar.com\/avatar\/6e9e790ca0148703dbb995b38d5b98f5?s=96&d=mm&r=g","contentUrl":"https:\/\/secure.gravatar.com\/avatar\/6e9e790ca0148703dbb995b38d5b98f5?s=96&d=mm&r=g","caption":"Palma Kunkel"},"url":"https:\/\/www.polyas.de\/blog\/author\/p-kunkel"}]}},"jetpack_featured_media_url":"https:\/\/www.polyas.de\/blog\/wp-content\/uploads\/2020\/10\/Karriere_bei_POLYAS.jpg","jetpack_publicize_connections":[],"jetpack_shortlink":"https:\/\/wp.me\/p72Pnr-2aA","jetpack-related-posts":[{"id":9449,"url":"https:\/\/www.polyas.de\/blog\/de\/kundeninterview\/bundesverband-regie-polyas-erfahrungen","url_meta":{"origin":8344,"position":0},"title":"Der Bundesverband Regie e.V. \u00fcber seine Erfahrungen mit POLYAS","date":"28\/09\/2021","format":false,"excerpt":"Der Bundesverband Regie e.V., kurz BVR, hat in diesem Jahr zum ersten Mal mit POLYAS im Self-Service online gew\u00e4hlt und konnte so die Stimmabgabe der Mitglieder vereinfachen. Wir haben mit der Mitgliederbetreuerin Evelyn Pei\u00dfker \u00fcber ihre Erfahrungen mit POLYAS gesprochen. Aus welchen Gr\u00fcnden haben Sie sich f\u00fcr eine digitale Wahl\u2026","rel":"","context":"In &quot;Digitale Demokratie&quot;","img":{"alt_text":"","src":"https:\/\/i0.wp.com\/www.polyas.de\/blog\/wp-content\/uploads\/2021\/07\/Kundeninterview_Bundesverband-Regie.png?resize=350%2C200&ssl=1","width":350,"height":200},"classes":[]},{"id":6598,"url":"https:\/\/www.polyas.de\/blog\/de\/allgemein-de\/polyas-lebt-vereinbarkeit","url_meta":{"origin":8344,"position":1},"title":"Baby und Beruf: POLYAS lebt Vereinbarkeit von Job und Familie","date":"04\/05\/2018","format":false,"excerpt":"Arbeiten nur im B\u00fcro und nur zu starren, immer gleichen Zeiten f\u00fcr mindestens acht Stunden am Tag \u2013 Tsch\u00fcss Vereinbarkeit, Tsch\u00fcss Familie. Bei unflexiblen, altmodischen Arbeitsmodellen f\u00e4llt es mitunter schwer, Familie und Beruf problemlos unter einen Hut zu bekommen. Nicht bei POLYAS. Im Blogbeitrag erkl\u00e4rt Pressereferentin Christine Kroke, wie POLYAS\u2026","rel":"","context":"In &quot;\u00dcber POLYAS&quot;","img":{"alt_text":"Erfahren Sie News \u00fcber das Unternehmen POLYAS","src":"https:\/\/i0.wp.com\/www.polyas.de\/blog\/wp-content\/uploads\/2017\/10\/Polyas_News.jpg?resize=350%2C200&ssl=1","width":350,"height":200},"classes":[]},{"id":2440,"url":"https:\/\/www.polyas.de\/blog\/de\/digital-news\/polyas-ist-mitglied-im-cast-e-v","url_meta":{"origin":8344,"position":2},"title":"POLYAS ist Mitglied im CAST e.V.","date":"04\/04\/2016","format":false,"excerpt":"Der CAST e.V. ist eine der wichtigsten Kontakt- und Weiterbildungsorganisation f\u00fcr IT-Sicherheit im deutschsprachigen Raum.\u00a0 CAST ist die Abk\u00fcrzung f\u00fcr Competence Center for Applied Security Technology, was auf Deutsch Kompetenzzentrum f\u00fcr angewandte Sicherheitstechnologie hei\u00dft. Das Ziel des Vereins ist die Aus- und Weiterbildung im Bereich der IT-Sicherheit. Seine Hauptaktivit\u00e4ten stellen\u2026","rel":"","context":"In &quot;Digital News&quot;","img":{"alt_text":"","src":"https:\/\/i0.wp.com\/www.polyas.de\/blog\/wp-content\/uploads\/2016\/03\/Digital-News-2.png?resize=350%2C200&ssl=1","width":350,"height":200},"classes":[]},{"id":9487,"url":"https:\/\/www.polyas.de\/blog\/de\/partner\/partnerprogramm-vorstellung","url_meta":{"origin":8344,"position":3},"title":"POLYAS Partnerprogramm: Jetzt zur Online-Vorstellung anmelden","date":"26\/07\/2021","format":false,"excerpt":"Unsere Vision ist es, durch die digitale Demokratie zu einer fairen und nachhaltigen Welt beizutragen. Dazu arbeiten wir mit diversen Partnern zusammen, die ein \u00e4hnliches Ziel und h\u00f6chste Sicherheitsanspr\u00fcche an Online-Wahlen haben. Werden auch Sie ein Teil dieses starken Partnernetzwerks. In unserer Online-Vorstellung erfahren Sie alle Details zum POLYAS Partnerprogramm.\u2026","rel":"","context":"In &quot;Digitale Demokratie&quot;","img":{"alt_text":"POLYAS Partnerprogramm","src":"https:\/\/i0.wp.com\/www.polyas.de\/blog\/wp-content\/uploads\/2021\/07\/POLYAS-Partnerprogramm.png?resize=350%2C200&ssl=1","width":350,"height":200},"classes":[]},{"id":3105,"url":"https:\/\/www.polyas.de\/blog\/de\/kundeninterview\/interview-vorstandswahl-pmi-southern","url_meta":{"origin":8344,"position":4},"title":"Interview: Vorstandswahl PMI Southern Chapter e.V.","date":"25\/07\/2016","format":false,"excerpt":"Nachgefragt: Ich spreche heute mit Oliver F. Lehmann, dem Pr\u00e4sidenten der PMI Southern Germany Chapter e.V. \u00fcber seine Erfahrungen mit Online-Wahlen.\u00a0#Kundeninterview #Berufsverb\u00e4ndeDer Berufsverband PMI Southern Germany Chapter e.V. betreut insgesamt 1.300 Mitglieder, die am 29. M\u00e4rz 2016\u00a0zur Wahl eines neuen Vorstands und zur Abstimmung \u00fcber eine Namens\u00e4nderung aufgerufen waren. Guten\u2026","rel":"","context":"In &quot;Kundeninterview&quot;","img":{"alt_text":"Online-Wahl PMI Southern Chapter e.V.","src":"https:\/\/i0.wp.com\/www.polyas.de\/blog\/wp-content\/uploads\/2016\/07\/Online-Wahl-PMI-Southern-Chapter-e.V.jpg?resize=350%2C200&ssl=1","width":350,"height":200},"classes":[]},{"id":6065,"url":"https:\/\/www.polyas.de\/blog\/de\/allgemein-de\/interview-presseabteilung","url_meta":{"origin":8344,"position":5},"title":"Keine Pressearbeit f\u00fcr Aufbackbr\u00f6tchen &#8211; Interview mit der Presseabteilung","date":"12\/12\/2017","format":false,"excerpt":"Nachgefragt \u2026\u00a0Christine Kroke und Laila Oudray arbeiten in der POLYAS Presseabteilung, beide sch\u00e4tzen vor allem die angenehme Arbeitsatmosph\u00e4re bei POLYAS und die vielf\u00e4ltigen Aufgabenbereiche. Wir haben mit Beiden \u00fcber ihre Arbeit gesprochen und sie haben uns verraten,\u00a0wieso sie nicht t\u00e4glich Pressearbeit f\u00fcr Aufbackbr\u00f6tchen machen k\u00f6nnten. Hallo ihr zwei! Erz\u00e4hlt doch\u2026","rel":"","context":"In &quot;\u00dcber POLYAS&quot;","img":{"alt_text":"Interview mit Patricia Schwan - Head of Sales bei POLYAS","src":"https:\/\/i0.wp.com\/www.polyas.de\/blog\/wp-content\/uploads\/2017\/10\/Interview.jpg?resize=350%2C200&ssl=1","width":350,"height":200},"classes":[]}],"_links":{"self":[{"href":"https:\/\/www.polyas.de\/blog\/wp-json\/wp\/v2\/posts\/8344"}],"collection":[{"href":"https:\/\/www.polyas.de\/blog\/wp-json\/wp\/v2\/posts"}],"about":[{"href":"https:\/\/www.polyas.de\/blog\/wp-json\/wp\/v2\/types\/post"}],"author":[{"embeddable":true,"href":"https:\/\/www.polyas.de\/blog\/wp-json\/wp\/v2\/users\/279"}],"replies":[{"embeddable":true,"href":"https:\/\/www.polyas.de\/blog\/wp-json\/wp\/v2\/comments?post=8344"}],"version-history":[{"count":17,"href":"https:\/\/www.polyas.de\/blog\/wp-json\/wp\/v2\/posts\/8344\/revisions"}],"predecessor-version":[{"id":11555,"href":"https:\/\/www.polyas.de\/blog\/wp-json\/wp\/v2\/posts\/8344\/revisions\/11555"}],"wp:featuredmedia":[{"embeddable":true,"href":"https:\/\/www.polyas.de\/blog\/wp-json\/wp\/v2\/media\/8419"}],"wp:attachment":[{"href":"https:\/\/www.polyas.de\/blog\/wp-json\/wp\/v2\/media?parent=8344"}],"wp:term":[{"taxonomy":"category","embeddable":true,"href":"https:\/\/www.polyas.de\/blog\/wp-json\/wp\/v2\/categories?post=8344"},{"taxonomy":"post_tag","embeddable":true,"href":"https:\/\/www.polyas.de\/blog\/wp-json\/wp\/v2\/tags?post=8344"}],"curies":[{"name":"wp","href":"https:\/\/api.w.org\/{rel}","templated":true}]}}