{"id":830,"date":"2015-09-15T15:14:53","date_gmt":"2015-09-15T13:14:53","guid":{"rendered":"https:\/\/www.polyas.de\/blog\/?p=830"},"modified":"2018-01-12T15:27:48","modified_gmt":"2018-01-12T14:27:48","slug":"internationaler-tag-der-demokratie-internet-schafft-mehr-partizipation-und-inklusion","status":"publish","type":"post","link":"https:\/\/www.polyas.de\/blog\/de\/digitale-demokratie\/internationaler-tag-der-demokratie-internet-schafft-mehr-partizipation-und-inklusion","title":{"rendered":"Internationaler Tag der Demokratie: Internet schafft mehr Partizipation und Inklusion"},"content":{"rendered":"<p>Einen Tag f\u00fcr die Demokratie! Das war die urspr\u00fcngliche Idee der Vereinten Nationen, als sie den Internationalen Tag der Demokratie 2007 ins Leben riefen. Jedes Jahr am 15.September gilt es, den Stand der Demokratie in allen Teilen der Welt unter die Lupe zu nehmen.<\/p>\n<p><!--more--><\/p>\n<p>Dieses Jahr wird der Internationale Tag der Demokratie unter das Motto \u201eRaum f\u00fcr die Zivilgesellschaft\u201c gestellt. Denn ohne eine gesunde Beziehung zwischen Staat und B\u00fcrger bekommt die demokratische Idee Risse. Deswegen profitiert die gesamte Gesellschaft von der Beteiligung der B\u00fcrgerinnen und B\u00fcrger an politischen Entscheidungsprozessen. So kann geschaffener Raum f\u00fcr die Zivilgesellschaft eine gesunde Demokratie f\u00f6rdern:<\/p>\n<p>&nbsp;<\/p>\n<p>Das Rezept f\u00fcr verschnupfte Demokratien:<\/p>\n<ol>\n<li>Durch die Partizipation k\u00f6nnen bessere Beziehungen aufgebaut und gepflegt werden.<\/li>\n<li>B\u00fcrgerinnen und B\u00fcrger f\u00fchlen sich ernst genommen und wertgesch\u00e4tzt und die Politik erf\u00e4hrt mehr Unterst\u00fctzung bei umstrittenen Entscheidungen.<\/li>\n<li>Durch die Beteiligung der Zivilgesellschaft entstehen Lerneffekte und ein gro\u00dfer Wissenszuwachs.<\/li>\n<\/ol>\n<p>&nbsp;<\/p>\n<p><strong>Studie: Gro\u00dfes Interesse an Online-Partizipation <\/strong><\/p>\n<p>Das Spektrum an politischen Partizipationsformen hat sich in den vergangenen Jahren stark vergr\u00f6\u00dfert. Inzwischen existieren zahlreiche onlinebasierte Verfahren, wie Online-Petitionen, Abstimmungen \u00fcber politische Sachverhalte, das Verfassen politischer Beitr\u00e4ge oder der direkte Kontakt zu Politikern \u00fcber soziale Medien.<\/p>\n<p>Nicht nur politisches \u201aZwitschern\u2019 ist angesagt, sondern auch Online-Partizipation liegt im Trend, wie eine Studie des Alexander von Humboldt Institutes f\u00fcr Internet und Gesellschaft aus dem Jahr 2014 ermittelt hat. In der Studie stellte sich heraus, dass bereits 94 Prozent der Befragten mindestens eine Online-Partizipationsform kennen und sich 45 Prozent auch bereits mindestens einmal aktiv online beteiligt haben. Die 18- bis 34-J\u00e4hrigen waren dabei die aktivste Altersgruppe.<\/p>\n<p>Im Internet ist also genau diejenige Altersgruppe am aktivsten, die bei konventionellen Wahlen die geringste Wahlbeteiligung aufweist. Dies best\u00e4tigen weitere Umfrage-Ergebnisse, wonach die Einf\u00fchrung der Online-Stimmabgabe gerade in den jungen W\u00e4hlerschichten zu einer Steigerung der Wahlbeteiligung f\u00fchren w\u00fcrde.<\/p>\n<p>&nbsp;<\/p>\n<p>&nbsp;<\/p>\n<p><strong>Inklusion: Internet bindet behinderte Menschen st\u00e4rker ein<\/strong><\/p>\n<p>Menschen mit Behinderungen profitieren besonders stark von Online-Partizipationsm\u00f6glichkeiten. F\u00fcr mobilit\u00e4tseingeschr\u00e4nkte Menschen ist es beispielsweise sehr schwer, teilweise\u00a0ohne Hilfe sogar unm\u00f6glich, ein Wahllokal aufzusuchen und dar\u00fcber hinaus ein behindertengerechtes Wahllokal zu finden, wie <a href=\"http:\/\/fra.europa.eu\/en\/publications-and-resources\/data-and-maps\/comparative-data\/political-participation\/polling-stations\">Recherchen der Agentur der Europ\u00e4ischen Union f\u00fcr Grundrechte (FRA<\/a><a href=\"http:\/\/fra.europa.eu\/en\/publications-and-resources\/data-and-maps\/comparative-data\/political-participation\/polling-stations\">)<\/a> ergeben haben.\u00a0Die Online-Stimmabgabe ist dagegen sogar mit dem Tablet-PC oder Smartphone vom Krankenbett aus m\u00f6glich.<\/p>\n<blockquote><p><em>&#8220;Civil society is the oxygen of democracy. Civil society acts as a catalyst for social progress and economic growth.\u00a0It plays a critical role in keeping Government accountable, and helps represent the diverse interests of the population, including its most vulnerable groups.&#8221;<\/em><\/p>\n<p><em>UN-Generalsekret\u00e4r Ban Ki-moon<\/em><\/p><\/blockquote>\n<p>Mit Online-Wahlen\u00a0k\u00f6nnen sich also auch\u00a0behinderte Menschen an Wahlen beteiligen, und dar\u00fcber hinaus auch alle Personen, die am Wahltag auf Reisen\u00a0sind oder station\u00e4r im Krankenhaus behandelt werden. Damit erreicht\u00a0die digitale Demokratie im\u00a0Internet, dass sich alle B\u00fcrgerinnen und B\u00fcrger beteiligen k\u00f6nnen, egal wo sie sich aufhalten. Denn bei Online-Wahlen muss nicht der W\u00e4hler zu Wahl gehen, sondern die Wahl kommt zum W\u00e4hler.<\/p>\n<p>&nbsp;<\/p>\n","protected":false},"excerpt":{"rendered":"<p>Einen Tag f\u00fcr die Demokratie! Das war die urspr\u00fcngliche Idee der Vereinten Nationen, als sie den Internationalen Tag der Demokratie 2007 ins Leben riefen. Jedes Jahr am 15.September gilt es, den Stand der Demokratie in allen Teilen der Welt unter die Lupe zu nehmen.<\/p>\n","protected":false},"author":119,"featured_media":1073,"comment_status":"open","ping_status":"open","sticky":false,"template":"","format":"standard","meta":{"_eb_attr":"","ub_ctt_via":"","spay_email":"","jetpack_publicize_message":"","jetpack_is_tweetstorm":false,"jetpack_publicize_feature_enabled":true},"categories":[2],"tags":[72,246,242,244,68],"featured_image_src":"https:\/\/www.polyas.de\/blog\/wp-content\/uploads\/2015\/09\/demokratie.jpg","author_info":{"display_name":"Marlene L\u00f6sken","author_link":"https:\/\/www.polyas.de\/blog\/author\/m-loesken"},"yoast_head":"<!-- This site is optimized with the Yoast SEO plugin v19.9 - https:\/\/yoast.com\/wordpress\/plugins\/seo\/ -->\n<title>Tag der Demokratie: Partizipation durch Online-Wahl<\/title>\n<meta name=\"description\" content=\"Tag der Demokratie will \u201eRaum f\u00fcr die Zivilgesellschaft\u201c bieten - erm\u00f6glichen Sie direkte Partizipation durch Online-Wahlen.\" \/>\n<meta name=\"robots\" content=\"index, follow, max-snippet:-1, max-image-preview:large, max-video-preview:-1\" \/>\n<link rel=\"canonical\" href=\"https:\/\/www.polyas.de\/blog\/de\/digitale-demokratie\/internationaler-tag-der-demokratie-internet-schafft-mehr-partizipation-und-inklusion\" \/>\n<meta property=\"og:locale\" content=\"de_DE\" \/>\n<meta property=\"og:type\" content=\"article\" \/>\n<meta property=\"og:title\" content=\"Tag der Demokratie: Partizipation durch Online-Wahl\" \/>\n<meta property=\"og:description\" content=\"Tag der Demokratie will \u201eRaum f\u00fcr die Zivilgesellschaft\u201c bieten - erm\u00f6glichen Sie direkte Partizipation durch Online-Wahlen.\" \/>\n<meta property=\"og:url\" content=\"https:\/\/www.polyas.de\/blog\/de\/digitale-demokratie\/internationaler-tag-der-demokratie-internet-schafft-mehr-partizipation-und-inklusion\" \/>\n<meta property=\"og:site_name\" content=\"POLYAS\" \/>\n<meta property=\"article:published_time\" content=\"2015-09-15T13:14:53+00:00\" \/>\n<meta property=\"article:modified_time\" content=\"2018-01-12T14:27:48+00:00\" \/>\n<meta property=\"og:image\" content=\"https:\/\/i0.wp.com\/www.polyas.de\/blog\/wp-content\/uploads\/2015\/09\/demokratie.jpg?fit=750%2C500&ssl=1\" \/>\n\t<meta property=\"og:image:width\" content=\"750\" \/>\n\t<meta property=\"og:image:height\" content=\"500\" \/>\n\t<meta property=\"og:image:type\" content=\"image\/jpeg\" \/>\n<meta name=\"author\" content=\"Marlene L\u00f6sken\" \/>\n<meta name=\"twitter:card\" content=\"summary_large_image\" \/>\n<meta name=\"twitter:label1\" content=\"Verfasst von\" \/>\n\t<meta name=\"twitter:data1\" content=\"Marlene L\u00f6sken\" \/>\n\t<meta name=\"twitter:label2\" content=\"Gesch\u00e4tzte Lesezeit\" \/>\n\t<meta name=\"twitter:data2\" content=\"3 Minuten\" \/>\n<script type=\"application\/ld+json\" class=\"yoast-schema-graph\">{\"@context\":\"https:\/\/schema.org\",\"@graph\":[{\"@type\":\"WebPage\",\"@id\":\"https:\/\/www.polyas.de\/blog\/de\/digitale-demokratie\/internationaler-tag-der-demokratie-internet-schafft-mehr-partizipation-und-inklusion\",\"url\":\"https:\/\/www.polyas.de\/blog\/de\/digitale-demokratie\/internationaler-tag-der-demokratie-internet-schafft-mehr-partizipation-und-inklusion\",\"name\":\"Tag der Demokratie: Partizipation durch Online-Wahl\",\"isPartOf\":{\"@id\":\"https:\/\/www.polyas.de\/blog\/#website\"},\"datePublished\":\"2015-09-15T13:14:53+00:00\",\"dateModified\":\"2018-01-12T14:27:48+00:00\",\"author\":{\"@id\":\"https:\/\/www.polyas.de\/blog\/#\/schema\/person\/ae76dfcf985d7e754ebdf8eeff7b4a84\"},\"description\":\"Tag der Demokratie will \u201eRaum f\u00fcr die Zivilgesellschaft\u201c bieten - erm\u00f6glichen Sie direkte Partizipation durch Online-Wahlen.\",\"breadcrumb\":{\"@id\":\"https:\/\/www.polyas.de\/blog\/de\/digitale-demokratie\/internationaler-tag-der-demokratie-internet-schafft-mehr-partizipation-und-inklusion#breadcrumb\"},\"inLanguage\":\"de-DE\",\"potentialAction\":[{\"@type\":\"ReadAction\",\"target\":[\"https:\/\/www.polyas.de\/blog\/de\/digitale-demokratie\/internationaler-tag-der-demokratie-internet-schafft-mehr-partizipation-und-inklusion\"]}]},{\"@type\":\"BreadcrumbList\",\"@id\":\"https:\/\/www.polyas.de\/blog\/de\/digitale-demokratie\/internationaler-tag-der-demokratie-internet-schafft-mehr-partizipation-und-inklusion#breadcrumb\",\"itemListElement\":[{\"@type\":\"ListItem\",\"position\":1,\"name\":\"Startseite\",\"item\":\"https:\/\/www.polyas.de\/blog\/de\"},{\"@type\":\"ListItem\",\"position\":2,\"name\":\"Internationaler Tag der Demokratie: Internet schafft mehr Partizipation und Inklusion\"}]},{\"@type\":\"WebSite\",\"@id\":\"https:\/\/www.polyas.de\/blog\/#website\",\"url\":\"https:\/\/www.polyas.de\/blog\/\",\"name\":\"POLYAS\",\"description\":\"the blog for secure online voting\",\"potentialAction\":[{\"@type\":\"SearchAction\",\"target\":{\"@type\":\"EntryPoint\",\"urlTemplate\":\"https:\/\/www.polyas.de\/blog\/?s={search_term_string}\"},\"query-input\":\"required name=search_term_string\"}],\"inLanguage\":\"de-DE\"},{\"@type\":\"Person\",\"@id\":\"https:\/\/www.polyas.de\/blog\/#\/schema\/person\/ae76dfcf985d7e754ebdf8eeff7b4a84\",\"name\":\"Marlene L\u00f6sken\",\"image\":{\"@type\":\"ImageObject\",\"inLanguage\":\"de-DE\",\"@id\":\"https:\/\/www.polyas.de\/blog\/#\/schema\/person\/image\/\",\"url\":\"https:\/\/secure.gravatar.com\/avatar\/df922c84b8af59ca3473fb2eb3240c22?s=96&d=mm&r=g\",\"contentUrl\":\"https:\/\/secure.gravatar.com\/avatar\/df922c84b8af59ca3473fb2eb3240c22?s=96&d=mm&r=g\",\"caption\":\"Marlene L\u00f6sken\"},\"sameAs\":[\"http:\/\/www.polyas.de\"],\"url\":\"https:\/\/www.polyas.de\/blog\/author\/m-loesken\"}]}<\/script>\n<!-- \/ Yoast SEO plugin. -->","yoast_head_json":{"title":"Tag der Demokratie: Partizipation durch Online-Wahl","description":"Tag der Demokratie will \u201eRaum f\u00fcr die Zivilgesellschaft\u201c bieten - erm\u00f6glichen Sie direkte Partizipation durch Online-Wahlen.","robots":{"index":"index","follow":"follow","max-snippet":"max-snippet:-1","max-image-preview":"max-image-preview:large","max-video-preview":"max-video-preview:-1"},"canonical":"https:\/\/www.polyas.de\/blog\/de\/digitale-demokratie\/internationaler-tag-der-demokratie-internet-schafft-mehr-partizipation-und-inklusion","og_locale":"de_DE","og_type":"article","og_title":"Tag der Demokratie: Partizipation durch Online-Wahl","og_description":"Tag der Demokratie will \u201eRaum f\u00fcr die Zivilgesellschaft\u201c bieten - erm\u00f6glichen Sie direkte Partizipation durch Online-Wahlen.","og_url":"https:\/\/www.polyas.de\/blog\/de\/digitale-demokratie\/internationaler-tag-der-demokratie-internet-schafft-mehr-partizipation-und-inklusion","og_site_name":"POLYAS","article_published_time":"2015-09-15T13:14:53+00:00","article_modified_time":"2018-01-12T14:27:48+00:00","og_image":[{"width":750,"height":500,"url":"https:\/\/i0.wp.com\/www.polyas.de\/blog\/wp-content\/uploads\/2015\/09\/demokratie.jpg?fit=750%2C500&ssl=1","type":"image\/jpeg"}],"author":"Marlene L\u00f6sken","twitter_card":"summary_large_image","twitter_misc":{"Verfasst von":"Marlene L\u00f6sken","Gesch\u00e4tzte Lesezeit":"3 Minuten"},"schema":{"@context":"https:\/\/schema.org","@graph":[{"@type":"WebPage","@id":"https:\/\/www.polyas.de\/blog\/de\/digitale-demokratie\/internationaler-tag-der-demokratie-internet-schafft-mehr-partizipation-und-inklusion","url":"https:\/\/www.polyas.de\/blog\/de\/digitale-demokratie\/internationaler-tag-der-demokratie-internet-schafft-mehr-partizipation-und-inklusion","name":"Tag der Demokratie: Partizipation durch Online-Wahl","isPartOf":{"@id":"https:\/\/www.polyas.de\/blog\/#website"},"datePublished":"2015-09-15T13:14:53+00:00","dateModified":"2018-01-12T14:27:48+00:00","author":{"@id":"https:\/\/www.polyas.de\/blog\/#\/schema\/person\/ae76dfcf985d7e754ebdf8eeff7b4a84"},"description":"Tag der Demokratie will \u201eRaum f\u00fcr die Zivilgesellschaft\u201c bieten - erm\u00f6glichen Sie direkte Partizipation durch Online-Wahlen.","breadcrumb":{"@id":"https:\/\/www.polyas.de\/blog\/de\/digitale-demokratie\/internationaler-tag-der-demokratie-internet-schafft-mehr-partizipation-und-inklusion#breadcrumb"},"inLanguage":"de-DE","potentialAction":[{"@type":"ReadAction","target":["https:\/\/www.polyas.de\/blog\/de\/digitale-demokratie\/internationaler-tag-der-demokratie-internet-schafft-mehr-partizipation-und-inklusion"]}]},{"@type":"BreadcrumbList","@id":"https:\/\/www.polyas.de\/blog\/de\/digitale-demokratie\/internationaler-tag-der-demokratie-internet-schafft-mehr-partizipation-und-inklusion#breadcrumb","itemListElement":[{"@type":"ListItem","position":1,"name":"Startseite","item":"https:\/\/www.polyas.de\/blog\/de"},{"@type":"ListItem","position":2,"name":"Internationaler Tag der Demokratie: Internet schafft mehr Partizipation und Inklusion"}]},{"@type":"WebSite","@id":"https:\/\/www.polyas.de\/blog\/#website","url":"https:\/\/www.polyas.de\/blog\/","name":"POLYAS","description":"the blog for secure online voting","potentialAction":[{"@type":"SearchAction","target":{"@type":"EntryPoint","urlTemplate":"https:\/\/www.polyas.de\/blog\/?s={search_term_string}"},"query-input":"required name=search_term_string"}],"inLanguage":"de-DE"},{"@type":"Person","@id":"https:\/\/www.polyas.de\/blog\/#\/schema\/person\/ae76dfcf985d7e754ebdf8eeff7b4a84","name":"Marlene L\u00f6sken","image":{"@type":"ImageObject","inLanguage":"de-DE","@id":"https:\/\/www.polyas.de\/blog\/#\/schema\/person\/image\/","url":"https:\/\/secure.gravatar.com\/avatar\/df922c84b8af59ca3473fb2eb3240c22?s=96&d=mm&r=g","contentUrl":"https:\/\/secure.gravatar.com\/avatar\/df922c84b8af59ca3473fb2eb3240c22?s=96&d=mm&r=g","caption":"Marlene L\u00f6sken"},"sameAs":["http:\/\/www.polyas.de"],"url":"https:\/\/www.polyas.de\/blog\/author\/m-loesken"}]}},"jetpack_featured_media_url":"https:\/\/www.polyas.de\/blog\/wp-content\/uploads\/2015\/09\/demokratie.jpg","jetpack_publicize_connections":[],"jetpack_shortlink":"https:\/\/wp.me\/p72Pnr-do","jetpack-related-posts":[{"id":9733,"url":"https:\/\/www.polyas.de\/blog\/de\/digital-news\/demokratietag-digitale-demokratie","url_meta":{"origin":830,"position":0},"title":"Demokratietag: POLYAS und die digitale Demokratie","date":"14\/09\/2021","format":false,"excerpt":"Morgen ist ein wichtiger Tag: Der 15. September ist Internationale Tag der Demokratie. Er wurde vor 14 Jahren von den Vereinten Nationen ins Leben gerufen und soll dazu dienen, regelm\u00e4\u00dfig einen Blick auf den Stand der Demokratie in unserer Welt zu werfen. Die Ziele dieses Tages sind die F\u00f6rderung und\u2026","rel":"","context":"In &quot;Digital News&quot;","img":{"alt_text":"Internationaler Demokratietag: POLYAS und die digitale Demokratie","src":"https:\/\/i0.wp.com\/www.polyas.de\/blog\/wp-content\/uploads\/2021\/09\/Internationaler_Demokratietag_POLYAS.png?resize=350%2C200&ssl=1","width":350,"height":200},"classes":[]},{"id":758,"url":"https:\/\/www.polyas.de\/blog\/de\/digitale-demokratie\/us-praesident-obama-plaediert-fuer-online-wahlen","url_meta":{"origin":830,"position":1},"title":"US-Pr\u00e4sident Obama pl\u00e4diert f\u00fcr Online-Wahlen","date":"03\/09\/2015","format":false,"excerpt":"US-Pr\u00e4sident Barack Obama hat sich k\u00fcrzlich in einem Interview f\u00fcr die Einf\u00fchrung von Online-Wahlen ausgesprochen. Auch in Deutschland pl\u00e4dieren immer wieder Politiker f\u00fcr die Stimmabgabe \u00fcber das Internet. In diesem Artikel geben wir Ihnen einen kleinen \u00dcberblick \u00fcber die politische Diskussion. Obama: Online Voting hat hohe Priorit\u00e4t Im Interview mit\u2026","rel":"","context":"In &quot;Digitale Demokratie&quot;","img":{"alt_text":"","src":"","width":0,"height":0},"classes":[]},{"id":11940,"url":"https:\/\/www.polyas.de\/blog\/de\/veranstaltungen\/online-voting-summit-tickets","url_meta":{"origin":830,"position":2},"title":"Online Voting Summit: Jetzt Tickets sichern!","date":"12\/10\/2023","format":false,"excerpt":"Am 15. November 2023 erwartet Sie ein branchenf\u00fchrendes Online-Event, das Sie nicht verpassen sollten! Das Online Voting Summit 2023 (OVS) bietet Ihnen eine einzigartige Gelegenheit, sich \u00fcber die neuesten Entwicklungen im Bereich Online-Wahlen, Live Votings und digitale Transformation zu informieren - und das sogar kostenfrei. Sichern Sie sich jetzt einen\u2026","rel":"","context":"In &quot;Digitale Demokratie&quot;","img":{"alt_text":"Online-Voting-Summit_Blogpost_Banner","src":"https:\/\/i0.wp.com\/www.polyas.de\/blog\/wp-content\/uploads\/2023\/10\/Online-Voting-Summit_Blogpost_Banner.png?resize=350%2C200&ssl=1","width":350,"height":200},"classes":[]},{"id":2230,"url":"https:\/\/www.polyas.de\/blog\/de\/digitale-demokratie\/urheberrecht-und-mitbestimmung-im-digitalen-zeitalter","url_meta":{"origin":830,"position":3},"title":"Urheberrecht und Mitbestimmung im digitalen Zeitalter","date":"17\/03\/2016","format":false,"excerpt":"Die EU-Kommission strebt unter der Leitung von G\u00fcnther Oettinger bis zum Jahr 2019 die Schaffung eines einheitlichen digitalen Binnenmarktes an. Die Initiative Digital Single Market ist bereits schrittweise realisiert und hat ehrgeizige Ziele f\u00fcr das digitale Europa. Die Ziele des Digital Single Markets Besserer Zugang f\u00fcr Kunden und Unternehmen zu\u2026","rel":"","context":"In &quot;Digitale Demokratie&quot;","img":{"alt_text":"Welche Projekte gibt es in Deutschland aktuelle zum Thema Digitalisierung und warum ist Hessen das Vorreiter-Bundesland auf diesem Gebiet? Erfahren Sie es in unserer Blogserie","src":"https:\/\/i0.wp.com\/www.polyas.de\/blog\/wp-content\/uploads\/2016\/03\/Polyas-Serie_Digitalisierung.png?resize=350%2C200&ssl=1","width":350,"height":200},"classes":[]},{"id":231,"url":"https:\/\/www.polyas.de\/blog\/de\/digitale-demokratie\/vom-digitalen-binnenmarkt-zur-digitalen-demokratie","url_meta":{"origin":830,"position":4},"title":"Vom digitalen Binnenmarkt zur digitalen Demokratie","date":"06\/05\/2015","format":false,"excerpt":"Heute hat die EU-Kommission ihre Strategie zur Schaffung eines einheitlichen digitalen Binnenmarktes ver\u00f6ffentlicht. Die Digitalisierung der Gesellschaft erfordert auch eine weitere Digitalisierung der demokratischen Prozesse. Ein wichtiger Schritt auf diesem Weg ist die europaweite Vereinheitlichung der Schutzprofile f\u00fcr Online-Wahlsysteme. Mit der heute vom Leiter des Projektes \"EU Single Market\" Andrus\u2026","rel":"","context":"In &quot;Digitale Demokratie&quot;","img":{"alt_text":"","src":"","width":0,"height":0},"classes":[]},{"id":6247,"url":"https:\/\/www.polyas.de\/blog\/de\/digitale-demokratie\/sondierungspapier-digitales","url_meta":{"origin":830,"position":5},"title":"GroKo-Sondierungspapier: Das ist im Bereich Digitales geplant","date":"24\/01\/2018","format":false,"excerpt":"Die SPD-Delegierten stimmten am vergangenen Wochenende f\u00fcr die Aufnahme von Koalitionsverhandlungen mit der CDU\/CSU, Grundlage war das Sondierungspapier. Die drei Parteien hatten sich in der vergangenen Woche auf das gemeinsames Papier im Rahmen geeinigt. Wir haben die 28\u00a0Seiten nach netzpolitischen Vorhaben durchsucht und diese aufgelistet. Sondierungspapier enth\u00e4lt wenig Konkretes Am\u2026","rel":"","context":"In &quot;Digitale Demokratie&quot;","img":{"alt_text":"Wird das Sondierungspapier zu einer Neuauflage der GroKo f\u00fchren?","src":"https:\/\/i0.wp.com\/www.polyas.de\/blog\/wp-content\/uploads\/2018\/01\/Kanzlermodell.jpg?resize=350%2C200&ssl=1","width":350,"height":200},"classes":[]}],"_links":{"self":[{"href":"https:\/\/www.polyas.de\/blog\/wp-json\/wp\/v2\/posts\/830"}],"collection":[{"href":"https:\/\/www.polyas.de\/blog\/wp-json\/wp\/v2\/posts"}],"about":[{"href":"https:\/\/www.polyas.de\/blog\/wp-json\/wp\/v2\/types\/post"}],"author":[{"embeddable":true,"href":"https:\/\/www.polyas.de\/blog\/wp-json\/wp\/v2\/users\/119"}],"replies":[{"embeddable":true,"href":"https:\/\/www.polyas.de\/blog\/wp-json\/wp\/v2\/comments?post=830"}],"version-history":[{"count":11,"href":"https:\/\/www.polyas.de\/blog\/wp-json\/wp\/v2\/posts\/830\/revisions"}],"predecessor-version":[{"id":6215,"href":"https:\/\/www.polyas.de\/blog\/wp-json\/wp\/v2\/posts\/830\/revisions\/6215"}],"wp:featuredmedia":[{"embeddable":true,"href":"https:\/\/www.polyas.de\/blog\/wp-json\/wp\/v2\/media\/1073"}],"wp:attachment":[{"href":"https:\/\/www.polyas.de\/blog\/wp-json\/wp\/v2\/media?parent=830"}],"wp:term":[{"taxonomy":"category","embeddable":true,"href":"https:\/\/www.polyas.de\/blog\/wp-json\/wp\/v2\/categories?post=830"},{"taxonomy":"post_tag","embeddable":true,"href":"https:\/\/www.polyas.de\/blog\/wp-json\/wp\/v2\/tags?post=830"}],"curies":[{"name":"wp","href":"https:\/\/api.w.org\/{rel}","templated":true}]}}