{"id":7205,"date":"2019-05-27T15:11:29","date_gmt":"2019-05-27T13:11:29","guid":{"rendered":"https:\/\/www.polyas.de\/blog\/?p=7205"},"modified":"2021-06-29T11:56:20","modified_gmt":"2021-06-29T09:56:20","slug":"wahlergebnis-europawahl-2019","status":"publish","type":"post","link":"https:\/\/www.polyas.de\/blog\/de\/online-wahlen\/wahlergebnis-europawahl-2019","title":{"rendered":"Wahlergebnis Europawahl 2019 und Superwahlsonntag f\u00fcr Belgien"},"content":{"rendered":"<p>Am Sonntag, den 26.05.2019 wurden rund 400 Millionen Wahlberechtigte f\u00fcr die Europawahl zur Wahlurne gebeten. Heute liegt das erste amtlich best\u00e4tigte Zwischenergebnis vor. In manchen L\u00e4ndern wurde am Sonntag sogar mehr als eine Stimme abgegeben. Nach mehr als 70 Jahren l\u00f6ste die CDU bei der B\u00fcrgerschaftswahl in Bremen die SPD ab. Die Ergebnisse der Parlamentswahl in Belgien lassen einen schwierigen Regierungsbildungsprozess erwarten.<!--more--><\/p>\n<h3>Ergebnisse der Europawahl f\u00fcr Deutschland<\/h3>\n<p>Am 26.05.2019 wurde \u00fcber das Europ\u00e4ische Parlament abgestimmt. Insgesamt wurden \u00fcber 64 Millionen Deutsche dazu aufgerufen \u00fcber 41 Parteien f\u00fcr das Europ\u00e4ische Parlament abzustimmen. Nun liegt das vorl\u00e4ufige amtliche Ergebnis der Europawahl vor. Die CDU\/CSU liegt mit 28,9 Prozent vorn, gefolgt von den Gr\u00fcnen mit 20,5 Prozent, w\u00e4hrend die SPD mit nur 15,8 Prozent ihren Tiefstand erreicht. Die AfD erreicht 11 Prozent, die Linke 5,5, die FDP 5,4 Prozent und die Partei 2,4 Prozent.<\/p>\n<h3>Herbe Verluste f\u00fcr GroKo<\/h3>\n<p>F\u00fcr die Gro\u00dfe Koalition aus Union und SPD bringt die Europawahl gro\u00dfe Verluste mit sich. Zwar gewinnt die Union die meisten Stimmen, doch im Vergleich zur Europawahl 2014 mit einem Stimmenverlust von 6,4 Prozentpunkten. F\u00fcr die SPD sieht es nicht besser aus, denn diese muss sogar einen Stimmenverlust von 11,5 Prozentpunkten im Vergleich zur letzten Europawahl verkraften.<\/p>\n<p>Mit einem Zuwachs von 9,8 Prozentpunkten k\u00f6nnen die Gr\u00fcnen hingegen ihr Wahlergebnis fast verdoppeln und so erstmalig zur zweitst\u00e4rksten Partei in Deutschland werden.<\/p>\n<h3>Wie haben die Europ\u00e4er abgestimmt?<\/h3>\n<p>Viele Tausend Wahlhelfer sind im Einsatz, um europaweit Stimmen auszuz\u00e4hlen. Die Wahlbeteiligung lag bei 51 Prozent. Gesamthochrechnungen f\u00fcr die Sitzverteilung werden heute Nacht erwartet. Laut Umfragen und Sch\u00e4tzungen erreicht die EVP mit Manfred Weber an der Spitze 23,8 Prozent, die sozialdemokratische S&amp;D-Fraktion 20, die Liberalen 14,3 und die Gr\u00fcnen 9,3 Prozent. Konservative und Rechtspopulisten erreichen jeweils 7,7 Prozent. Die meisten Sitze im EU-Parlament erhalten die Christdemokraten (EVP) mit voraussichtlich 179 Sitzen, die Sozialdemokraten (S&amp;D) erhalten nach aktuellem Stand der Ausz\u00e4hlung 150 Sitze, die Liberalen (ALDE) 107 und die Gr\u00fcnen (Gr\u00fcne\/EFA) 70 Sitze.<\/p>\n<p><a href=\"https:\/\/www.polyas.de\/blog\/de\/allgemein-de\/politische-online-wahlen\" target=\"_blank\" rel=\"noopener\">Erfahren Sie hier, warum die Europawahl pr\u00e4destiniert ist f\u00fcr die elektronische Stimmabgabe.<\/a><\/p>\n<h3>Kurswechsel in Bremen<\/h3>\n<p>Am Sonntag wurden auch 478.000 B\u00fcrger in Bremen dazu aufgerufen, die Bremer B\u00fcrgerschaft neu zu w\u00e4hlen. Die Wahl entschied \u00fcber ein neues Landesparlament sowie \u00fcber einen neuen B\u00fcrgermeister. Zum ersten Mal seit 73 Jahren l\u00e4uft die CDU der SPD in Bremen den Rang ab, doch Carsten Sieling (SPD) will trotzdem B\u00fcrgermeister bleiben. Nach aktuellen Hochrechnungen gewinnt die CDU mit 25,4 Prozent und l\u00e4sst die SPD mit 24,3 Prozent hinter sich. Die Gr\u00fcnen sind mit 17,8 Prozent drittst\u00e4rkste Kraft. Der Ausgang der Koalitionsverhandlungen ist bislang unklar. Fest steht nur, dass sich die SPD ein B\u00fcndnis mit Gr\u00fcnen und Linken w\u00fcnscht. Eine rot-rot-gr\u00fcne Koalition in Westdeutschland auf L\u00e4nderebene w\u00e4re ein Novum.<\/p>\n<h3>Parlamentswahl in Belgien<\/h3>\n<p>Die Kluft zwischen Flamen und Wallonen hat sich durch die Parlamentswahl in Belgien weiter vergr\u00f6\u00dfert. W\u00e4hrend der fl\u00e4mischsprachige Landesteil sich bei der Wahl politisch deutlich rechts orientierte, r\u00fcckte der frankophone Landesteil stark nach links. Die Ausz\u00e4hlung der Stimmen ist so gut wie abgeschlossen. Die b\u00fcrgerlich-konservative N-VA gewinnt die Wahl mit rund 17 Prozent. Die rechtsextreme separatistische Regionalpartei Vlaams Belang erreicht 13 Prozent, was ein Zuwachs von 9 Prozentpunkten im Vergleich zur vorherigen Wahl 2014 bedeutet. Die fl\u00e4mischen Christdemokraten (CD&amp;V) landen auf dem dritten Platz. Es ist von einem langwierigen Regierungsbildungsprozess auszugehen, denn das Parlament ist stark zersplittert und keine Partei will mit der Vlaams Belang koalieren.<\/p>\n<p><strong><span style=\"color: #1fbbbb;\">Digitale Demokratie erm\u00f6glicht eine einfache Wahlplanung und Stimmabgabe. Wie Sie selbst mit POLYAS rechtssichere, barrierefreie und ortsunabh\u00e4ngige Online-Wahlen planen und durchf\u00fchren k\u00f6nnen, erfahren Sie<\/span> <a href=\"https:\/\/www.polyas.de\/online-wahlen\/online-kurs\">im kostenfreien POLYAS Online-Kurs.<\/a><\/strong><\/p>\n","protected":false},"excerpt":{"rendered":"<p>Am Sonntag, den 26.05.2019 wurden rund 400 Millionen Wahlberechtigte f\u00fcr die Europawahl zur Wahlurne gebeten. Heute liegt das erste amtlich best\u00e4tigte Zwischenergebnis vor. In manchen L\u00e4ndern wurde am Sonntag sogar mehr als eine Stimme abgegeben. Nach mehr als 70 Jahren l\u00f6ste die CDU bei der B\u00fcrgerschaftswahl in Bremen die SPD ab. Die Ergebnisse der Parlamentswahl [&hellip;]<\/p>\n","protected":false},"author":279,"featured_media":4031,"comment_status":"open","ping_status":"open","sticky":false,"template":"","format":"standard","meta":{"_eb_attr":"","ub_ctt_via":"","spay_email":"","jetpack_publicize_message":"","jetpack_is_tweetstorm":false,"jetpack_publicize_feature_enabled":true},"categories":[8],"tags":[2256,2254,2246,2250,2184,2252,2248,2244,409],"featured_image_src":"https:\/\/www.polyas.de\/blog\/wp-content\/uploads\/2016\/12\/Wahl-News-Schmal_810x280.png","author_info":{"display_name":"Palma Kunkel","author_link":"https:\/\/www.polyas.de\/blog\/author\/p-kunkel"},"yoast_head":"<!-- This site is optimized with the Yoast SEO plugin v19.9 - https:\/\/yoast.com\/wordpress\/plugins\/seo\/ -->\n<title>Wahlergebnis Europawahl 2019 und Superwahlsonntag f\u00fcr Belgien<\/title>\n<meta name=\"description\" content=\"Am 26.05.2019 fand die Europawahl, die Parlamentswahl in Belgien und die B\u00fcrgerschaftswahl in Bremen statt. Erfahren Sie im POLYAS Blog, wie in Europa entschieden wurde.\" \/>\n<meta name=\"robots\" content=\"index, follow, max-snippet:-1, max-image-preview:large, max-video-preview:-1\" \/>\n<link rel=\"canonical\" href=\"https:\/\/www.polyas.de\/blog\/de\/online-wahlen\/wahlergebnis-europawahl-2019\" \/>\n<meta property=\"og:locale\" content=\"de_DE\" \/>\n<meta property=\"og:type\" content=\"article\" \/>\n<meta property=\"og:title\" content=\"Wahlergebnis Europawahl 2019 und Superwahlsonntag f\u00fcr Belgien\" \/>\n<meta property=\"og:description\" content=\"Am 26.05.2019 fand die Europawahl, die Parlamentswahl in Belgien und die B\u00fcrgerschaftswahl in Bremen statt. Erfahren Sie im POLYAS Blog, wie in Europa entschieden wurde.\" \/>\n<meta property=\"og:url\" content=\"https:\/\/www.polyas.de\/blog\/de\/online-wahlen\/wahlergebnis-europawahl-2019\" \/>\n<meta property=\"og:site_name\" content=\"POLYAS\" \/>\n<meta property=\"article:published_time\" content=\"2019-05-27T13:11:29+00:00\" \/>\n<meta property=\"article:modified_time\" content=\"2021-06-29T09:56:20+00:00\" \/>\n<meta property=\"og:image\" content=\"https:\/\/i0.wp.com\/www.polyas.de\/blog\/wp-content\/uploads\/2016\/12\/Wahl-News-Schmal_810x280.png?fit=810%2C280&ssl=1\" \/>\n\t<meta property=\"og:image:width\" content=\"810\" \/>\n\t<meta property=\"og:image:height\" content=\"280\" \/>\n\t<meta property=\"og:image:type\" content=\"image\/png\" \/>\n<meta name=\"author\" content=\"Palma Kunkel\" \/>\n<meta name=\"twitter:card\" content=\"summary_large_image\" \/>\n<meta name=\"twitter:label1\" content=\"Verfasst von\" \/>\n\t<meta name=\"twitter:data1\" content=\"Palma Kunkel\" \/>\n\t<meta name=\"twitter:label2\" content=\"Gesch\u00e4tzte Lesezeit\" \/>\n\t<meta name=\"twitter:data2\" content=\"3 Minuten\" \/>\n<script type=\"application\/ld+json\" class=\"yoast-schema-graph\">{\"@context\":\"https:\/\/schema.org\",\"@graph\":[{\"@type\":\"WebPage\",\"@id\":\"https:\/\/www.polyas.de\/blog\/de\/online-wahlen\/wahlergebnis-europawahl-2019\",\"url\":\"https:\/\/www.polyas.de\/blog\/de\/online-wahlen\/wahlergebnis-europawahl-2019\",\"name\":\"Wahlergebnis Europawahl 2019 und Superwahlsonntag f\u00fcr Belgien\",\"isPartOf\":{\"@id\":\"https:\/\/www.polyas.de\/blog\/#website\"},\"datePublished\":\"2019-05-27T13:11:29+00:00\",\"dateModified\":\"2021-06-29T09:56:20+00:00\",\"author\":{\"@id\":\"https:\/\/www.polyas.de\/blog\/#\/schema\/person\/62fe5c9523909323f7fe0e6061ee1595\"},\"description\":\"Am 26.05.2019 fand die Europawahl, die Parlamentswahl in Belgien und die B\u00fcrgerschaftswahl in Bremen statt. Erfahren Sie im POLYAS Blog, wie in Europa entschieden wurde.\",\"breadcrumb\":{\"@id\":\"https:\/\/www.polyas.de\/blog\/de\/online-wahlen\/wahlergebnis-europawahl-2019#breadcrumb\"},\"inLanguage\":\"de-DE\",\"potentialAction\":[{\"@type\":\"ReadAction\",\"target\":[\"https:\/\/www.polyas.de\/blog\/de\/online-wahlen\/wahlergebnis-europawahl-2019\"]}]},{\"@type\":\"BreadcrumbList\",\"@id\":\"https:\/\/www.polyas.de\/blog\/de\/online-wahlen\/wahlergebnis-europawahl-2019#breadcrumb\",\"itemListElement\":[{\"@type\":\"ListItem\",\"position\":1,\"name\":\"Startseite\",\"item\":\"https:\/\/www.polyas.de\/blog\/de\"},{\"@type\":\"ListItem\",\"position\":2,\"name\":\"Wahlergebnis Europawahl 2019 und Superwahlsonntag f\u00fcr Belgien\"}]},{\"@type\":\"WebSite\",\"@id\":\"https:\/\/www.polyas.de\/blog\/#website\",\"url\":\"https:\/\/www.polyas.de\/blog\/\",\"name\":\"POLYAS\",\"description\":\"the blog for secure online voting\",\"potentialAction\":[{\"@type\":\"SearchAction\",\"target\":{\"@type\":\"EntryPoint\",\"urlTemplate\":\"https:\/\/www.polyas.de\/blog\/?s={search_term_string}\"},\"query-input\":\"required name=search_term_string\"}],\"inLanguage\":\"de-DE\"},{\"@type\":\"Person\",\"@id\":\"https:\/\/www.polyas.de\/blog\/#\/schema\/person\/62fe5c9523909323f7fe0e6061ee1595\",\"name\":\"Palma Kunkel\",\"image\":{\"@type\":\"ImageObject\",\"inLanguage\":\"de-DE\",\"@id\":\"https:\/\/www.polyas.de\/blog\/#\/schema\/person\/image\/\",\"url\":\"https:\/\/secure.gravatar.com\/avatar\/6e9e790ca0148703dbb995b38d5b98f5?s=96&d=mm&r=g\",\"contentUrl\":\"https:\/\/secure.gravatar.com\/avatar\/6e9e790ca0148703dbb995b38d5b98f5?s=96&d=mm&r=g\",\"caption\":\"Palma Kunkel\"},\"url\":\"https:\/\/www.polyas.de\/blog\/author\/p-kunkel\"}]}<\/script>\n<!-- \/ Yoast SEO plugin. -->","yoast_head_json":{"title":"Wahlergebnis Europawahl 2019 und Superwahlsonntag f\u00fcr Belgien","description":"Am 26.05.2019 fand die Europawahl, die Parlamentswahl in Belgien und die B\u00fcrgerschaftswahl in Bremen statt. Erfahren Sie im POLYAS Blog, wie in Europa entschieden wurde.","robots":{"index":"index","follow":"follow","max-snippet":"max-snippet:-1","max-image-preview":"max-image-preview:large","max-video-preview":"max-video-preview:-1"},"canonical":"https:\/\/www.polyas.de\/blog\/de\/online-wahlen\/wahlergebnis-europawahl-2019","og_locale":"de_DE","og_type":"article","og_title":"Wahlergebnis Europawahl 2019 und Superwahlsonntag f\u00fcr Belgien","og_description":"Am 26.05.2019 fand die Europawahl, die Parlamentswahl in Belgien und die B\u00fcrgerschaftswahl in Bremen statt. Erfahren Sie im POLYAS Blog, wie in Europa entschieden wurde.","og_url":"https:\/\/www.polyas.de\/blog\/de\/online-wahlen\/wahlergebnis-europawahl-2019","og_site_name":"POLYAS","article_published_time":"2019-05-27T13:11:29+00:00","article_modified_time":"2021-06-29T09:56:20+00:00","og_image":[{"width":810,"height":280,"url":"https:\/\/i0.wp.com\/www.polyas.de\/blog\/wp-content\/uploads\/2016\/12\/Wahl-News-Schmal_810x280.png?fit=810%2C280&ssl=1","type":"image\/png"}],"author":"Palma Kunkel","twitter_card":"summary_large_image","twitter_misc":{"Verfasst von":"Palma Kunkel","Gesch\u00e4tzte Lesezeit":"3 Minuten"},"schema":{"@context":"https:\/\/schema.org","@graph":[{"@type":"WebPage","@id":"https:\/\/www.polyas.de\/blog\/de\/online-wahlen\/wahlergebnis-europawahl-2019","url":"https:\/\/www.polyas.de\/blog\/de\/online-wahlen\/wahlergebnis-europawahl-2019","name":"Wahlergebnis Europawahl 2019 und Superwahlsonntag f\u00fcr Belgien","isPartOf":{"@id":"https:\/\/www.polyas.de\/blog\/#website"},"datePublished":"2019-05-27T13:11:29+00:00","dateModified":"2021-06-29T09:56:20+00:00","author":{"@id":"https:\/\/www.polyas.de\/blog\/#\/schema\/person\/62fe5c9523909323f7fe0e6061ee1595"},"description":"Am 26.05.2019 fand die Europawahl, die Parlamentswahl in Belgien und die B\u00fcrgerschaftswahl in Bremen statt. Erfahren Sie im POLYAS Blog, wie in Europa entschieden wurde.","breadcrumb":{"@id":"https:\/\/www.polyas.de\/blog\/de\/online-wahlen\/wahlergebnis-europawahl-2019#breadcrumb"},"inLanguage":"de-DE","potentialAction":[{"@type":"ReadAction","target":["https:\/\/www.polyas.de\/blog\/de\/online-wahlen\/wahlergebnis-europawahl-2019"]}]},{"@type":"BreadcrumbList","@id":"https:\/\/www.polyas.de\/blog\/de\/online-wahlen\/wahlergebnis-europawahl-2019#breadcrumb","itemListElement":[{"@type":"ListItem","position":1,"name":"Startseite","item":"https:\/\/www.polyas.de\/blog\/de"},{"@type":"ListItem","position":2,"name":"Wahlergebnis Europawahl 2019 und Superwahlsonntag f\u00fcr Belgien"}]},{"@type":"WebSite","@id":"https:\/\/www.polyas.de\/blog\/#website","url":"https:\/\/www.polyas.de\/blog\/","name":"POLYAS","description":"the blog for secure online voting","potentialAction":[{"@type":"SearchAction","target":{"@type":"EntryPoint","urlTemplate":"https:\/\/www.polyas.de\/blog\/?s={search_term_string}"},"query-input":"required name=search_term_string"}],"inLanguage":"de-DE"},{"@type":"Person","@id":"https:\/\/www.polyas.de\/blog\/#\/schema\/person\/62fe5c9523909323f7fe0e6061ee1595","name":"Palma Kunkel","image":{"@type":"ImageObject","inLanguage":"de-DE","@id":"https:\/\/www.polyas.de\/blog\/#\/schema\/person\/image\/","url":"https:\/\/secure.gravatar.com\/avatar\/6e9e790ca0148703dbb995b38d5b98f5?s=96&d=mm&r=g","contentUrl":"https:\/\/secure.gravatar.com\/avatar\/6e9e790ca0148703dbb995b38d5b98f5?s=96&d=mm&r=g","caption":"Palma Kunkel"},"url":"https:\/\/www.polyas.de\/blog\/author\/p-kunkel"}]}},"jetpack_featured_media_url":"https:\/\/www.polyas.de\/blog\/wp-content\/uploads\/2016\/12\/Wahl-News-Schmal_810x280.png","jetpack_publicize_connections":[],"jetpack_shortlink":"https:\/\/wp.me\/p72Pnr-1Sd","jetpack-related-posts":[{"id":6917,"url":"https:\/\/www.polyas.de\/blog\/de\/online-wahlen\/wahlen-2019","url_meta":{"origin":7205,"position":0},"title":"Wahlen 2019 &#8211; Ein Ausblick auf das kommende Wahljahr","date":"02\/01\/2019","format":false,"excerpt":"Welche Wahlen werden im kommenden Jahr besonders spannend und richtungsweisend? Das Wahljahr 2018 stand in Sachen \u00dcberraschungen dem Superwahljahr 2017 in Nichts nach. POLYAS blickt gespannt auf den Wahlkalender f\u00fcr 2019. Parlamentswahlen 2019 Der 26. Mai 2018 wird ein Superwahlsonntag Mit besonderer Spannung k\u00f6nnen die EU-Staaten im kommenden Wahljahr wohl\u2026","rel":"","context":"In &quot;Wahl News&quot;","img":{"alt_text":"","src":"https:\/\/i0.wp.com\/www.polyas.de\/blog\/wp-content\/uploads\/2018\/12\/Wahlen_2019-1.gif?resize=350%2C200&ssl=1","width":350,"height":200},"classes":[]},{"id":3963,"url":"https:\/\/www.polyas.de\/blog\/de\/online-wahlen\/europawahl-wie-funktionierts","url_meta":{"origin":7205,"position":1},"title":"EU-Parlamentswahlen &#8211; So funktioniert&#8217;s","date":"12\/01\/2017","format":false,"excerpt":"Nur eines der Organe der Europ\u00e4ischen Union k\u00f6nnen die B\u00fcrger(innen) w\u00e4hrend der Europawahl direkt w\u00e4hlen - das Europ\u00e4ische Parlament. Seit 1979 wird dieses alle f\u00fcnf Jahre gew\u00e4hlt. Hier geben wir einen \u00dcberblick dar\u00fcber, wie die Wahl genau abl\u00e4uft und warum sie\u00a0wichtig ist. Jedes Jahr erl\u00e4sst die Europ\u00e4ische Union Gesetze, die\u2026","rel":"","context":"In &quot;Wahl News&quot;","img":{"alt_text":"Erfahren Sie, wie die Europawahl genau abl\u00e4uft..","src":"https:\/\/i0.wp.com\/www.polyas.de\/blog\/wp-content\/uploads\/2017\/01\/EU_Parlament.jpg?resize=350%2C200&ssl=1","width":350,"height":200},"classes":[]},{"id":7136,"url":"https:\/\/www.polyas.de\/blog\/de\/online-wahlen\/europawahl-2019","url_meta":{"origin":7205,"position":2},"title":"Europawahl 2019: So gehen die deutschen Parteien in den Wahlkampf","date":"25\/04\/2019","format":false,"excerpt":"Vom 23. bis zum 26. Mai findet die Wahl zum 9. Europ\u00e4ischen Parlament statt. Wie 2014 haben die Fraktionen eigene Spitzenkandidaten gek\u00fcrt. Auch Gro\u00dfbritannien wird wahrscheinlich an der Europawahl teilnehmen. Erfahren Sie hier, welche Kandidaten in Deutschland antreten und mit welchen Themen die Parteien in den Wahlkampf gehen. Wie funktioniert\u2019s?\u2026","rel":"","context":"In &quot;Wahl News&quot;","img":{"alt_text":"Europawahl 2019","src":"https:\/\/i0.wp.com\/www.polyas.de\/blog\/wp-content\/uploads\/2019\/04\/Europawahl-2019.jpg?resize=350%2C200&ssl=1","width":350,"height":200},"classes":[]},{"id":7970,"url":"https:\/\/www.polyas.de\/blog\/de\/allgemein-de\/jugendwahlen","url_meta":{"origin":7205,"position":3},"title":"Jugendwahlen: Lernort demokratischen Handelns f\u00fcr unter 18-J\u00e4hrige","date":"13\/02\/2020","format":false,"excerpt":"Jugendwahlen sind ein wichtiger Bestandteil der demokratischen und politischen Bildung von Kindern und Jugendlichen. Die Wahlen bieten ihnen die M\u00f6glichkeit, demokratische Prozesse hautnah zu erleben. Das Ziel der Jugendwahl ist, Kindern und Jugendlichen die Selbstverst\u00e4ndlichkeit demokratischer Teilhabe n\u00e4her zu bringen und ihren politischen Willensbildungsprozess anzukurbeln. In diesem Beitrag erfahren Sie,\u2026","rel":"","context":"In &quot;Digitale Demokratie&quot;","img":{"alt_text":"Jugendwahlen","src":"https:\/\/i0.wp.com\/www.polyas.de\/blog\/wp-content\/uploads\/2020\/02\/Jugendwahlen1.jpg?resize=350%2C200&ssl=1","width":350,"height":200},"classes":[]},{"id":4966,"url":"https:\/\/www.polyas.de\/blog\/de\/online-wahlen\/wahl-schleswig-holstein-frankreich","url_meta":{"origin":7205,"position":4},"title":"#WahlNews: Landtagswahl in Schleswig-Holstein und Pr\u00e4sidentschaftswahl in Frankreich","date":"08\/05\/2017","format":false,"excerpt":"Immer wieder sonntags \u2026 Gestern fanden in Europa gleich zwei Wahlen statt. Eine von beiden, die Stichwahl der franz\u00f6sischen Pr\u00e4sidentschaftswahlen, war ein Signal f\u00fcr Europa. So gewann der Liberale Emmanuel Macron die Wahlen gegen seine rechtspopulistische Gegnerin Marine Le Pen. Doch auch in Schleswig-Holstein wurde gestern gew\u00e4hlt. Bei den Landtagswahlen\u2026","rel":"","context":"In &quot;Wahl News&quot;","img":{"alt_text":"Erfahren Sie alles Aktuelle \u00fcber die Parlamentswahl in der Ukraine","src":"https:\/\/i0.wp.com\/www.polyas.de\/blog\/wp-content\/uploads\/2016\/12\/Wahl-News-Schmal_810x280.png?resize=350%2C200&ssl=1","width":350,"height":200},"classes":[]},{"id":4013,"url":"https:\/\/www.polyas.de\/blog\/de\/online-wahlen\/eu-parlamentspraesident-europa-hat-gewaehlt","url_meta":{"origin":7205,"position":5},"title":"#WahlNews: Tajani wird EU-Parlamentspr\u00e4sident","date":"18\/01\/2017","format":false,"excerpt":"Immer wieder sonntags\u2026\u00a0Oder auch dienstags\u2026 Gestern waren alle Augen auf\u00a0Br\u00fcssel gerichtet, wo die Wahl des EU-Parlamentspr\u00e4sidenten stattfand. In unseren heutigen #Wahlnews finden Sie die wichtigsten Infos\u00a0zur Wahl in der \u00dcbersicht. Die\u00a0Wahlergebnisse im \u00dcberblick Antonio Tajani von der EVP wird neuer Pr\u00e4sident des EU-Parlaments. Im vierten Wahlgang gewann er mit einfacher\u2026","rel":"","context":"In &quot;Wahl News&quot;","img":{"alt_text":"Alle Infos zu Parlamentswahlen, Pr\u00e4sidentschaftswahlen und sonstigen Wahlen rund um die Welt: in unseren #WahlNews","src":"https:\/\/i0.wp.com\/www.polyas.de\/blog\/wp-content\/uploads\/2017\/01\/Wahl-News-Schmal_810x280.png?resize=350%2C200&ssl=1","width":350,"height":200},"classes":[]}],"_links":{"self":[{"href":"https:\/\/www.polyas.de\/blog\/wp-json\/wp\/v2\/posts\/7205"}],"collection":[{"href":"https:\/\/www.polyas.de\/blog\/wp-json\/wp\/v2\/posts"}],"about":[{"href":"https:\/\/www.polyas.de\/blog\/wp-json\/wp\/v2\/types\/post"}],"author":[{"embeddable":true,"href":"https:\/\/www.polyas.de\/blog\/wp-json\/wp\/v2\/users\/279"}],"replies":[{"embeddable":true,"href":"https:\/\/www.polyas.de\/blog\/wp-json\/wp\/v2\/comments?post=7205"}],"version-history":[{"count":6,"href":"https:\/\/www.polyas.de\/blog\/wp-json\/wp\/v2\/posts\/7205\/revisions"}],"predecessor-version":[{"id":9298,"href":"https:\/\/www.polyas.de\/blog\/wp-json\/wp\/v2\/posts\/7205\/revisions\/9298"}],"wp:featuredmedia":[{"embeddable":true,"href":"https:\/\/www.polyas.de\/blog\/wp-json\/wp\/v2\/media\/4031"}],"wp:attachment":[{"href":"https:\/\/www.polyas.de\/blog\/wp-json\/wp\/v2\/media?parent=7205"}],"wp:term":[{"taxonomy":"category","embeddable":true,"href":"https:\/\/www.polyas.de\/blog\/wp-json\/wp\/v2\/categories?post=7205"},{"taxonomy":"post_tag","embeddable":true,"href":"https:\/\/www.polyas.de\/blog\/wp-json\/wp\/v2\/tags?post=7205"}],"curies":[{"name":"wp","href":"https:\/\/api.w.org\/{rel}","templated":true}]}}