{"id":6917,"date":"2019-01-02T08:09:48","date_gmt":"2019-01-02T07:09:48","guid":{"rendered":"https:\/\/www.polyas.de\/blog\/?p=6917"},"modified":"2019-01-02T08:09:48","modified_gmt":"2019-01-02T07:09:48","slug":"wahlen-2019","status":"publish","type":"post","link":"https:\/\/www.polyas.de\/blog\/de\/online-wahlen\/wahlen-2019","title":{"rendered":"Wahlen 2019 &#8211; Ein Ausblick auf das kommende Wahljahr"},"content":{"rendered":"<p>Welche Wahlen werden im kommenden Jahr besonders spannend und richtungsweisend? Das Wahljahr 2018 stand in Sachen \u00dcberraschungen dem Superwahljahr 2017 in Nichts nach. POLYAS blickt gespannt auf den Wahlkalender f\u00fcr 2019.<!--more--><\/p>\n<h3>Parlamentswahlen 2019<\/h3>\n<h4>Der 26. Mai 2018 wird ein Superwahlsonntag<\/h4>\n<p>Mit besonderer Spannung k\u00f6nnen die EU-Staaten im kommenden Wahljahr wohl die Wahl zum 9. Europ\u00e4ischen Parlament erwarten. Am 22. Mai 2018 beschloss der EU-Rat den Wahlzeitraum vom 23. \u2013 26. Mai 2019. In Deutschland findet die Stimmabgabe am 26. Mai statt. Wie auch im Jahr 2014 werden 96 deutsche Europa-Abgeordnete ins europ\u00e4ische Parlament einziehen. Doch der Austritt des Vereinigten K\u00f6nigreichs aus der EU rei\u00dft eine L\u00fccke ins Europaparlament. Der Zeitpunkt des Abschieds r\u00fcckt immer n\u00e4her und die Abstimmung \u00fcber das Brexit-Abkommen wurde auf Januar verschoben. Wie wird das Brexit-Drama enden? Kann der Abschied des Vereinigten K\u00f6nigreichs noch ordentlich organisiert werden und wann kommt die volle H\u00e4rte des Trennungsschmerzes auf politischer, milit\u00e4rischer und wirtschaftlicher Ebene zum Tragen?<\/p>\n<p>Von urspr\u00fcnglich 751 Sitzen im EU-Parlament sollen im kommenden Jahr nur 705 Sitze besetzt werden. Laut der INSA-Meinungstrend-Spezial-Umfrage zur Europawahl 2019 M\u00fcssen SPD und CDU mit gr\u00f6\u00dferen Einbu\u00dfen im Vergleich zu 2014 rechnen. Alle anderen Parteien k\u00f6nnten eher profitieren.<\/p>\n<h4>Superwahlsonntag am 26. Mai 2019 in Belgien<\/h4>\n<p>So wie auch schon im Jahr 2014 bekommt Belgien am 26. Mai 2019 einen Super-Wahlsonntag: Die Belgier geben nicht nur ihre Stimme f\u00fcrs EU-Parlament ab, sondern w\u00e4hlen auch ein neues f\u00f6derales Parlament, das Regionalparlament und das DG-Parlament (Parlament der Deutschsprachigen Gemeinschaft).<\/p>\n<h4>Zitterpartie um den Friedensprozess mit den Tamilen<\/h4>\n<p>Die Parlamentswahlen in Sri Lanka werden einen Einfluss auf den m\u00fchsamen Friedensprozess mit der tamilischen Minderheit haben. Der seit Ende Oktober andauernde Machtkampf in Sri Lanka und die daraus resultierende politische Krise war ein schwerer Schlag f\u00fcr den Inselstaat. Ursache der Staatskrise waren die j\u00fcngsten Entscheidungen des Staatspr\u00e4sidenten Maithripala Sirisena: Die \u00fcberraschende Absetzung des Premierministers Ranil Wickremesinghe und die Neubesetzung des Amtes durch den umstrittenen Mahinda Rajapaksa, der f\u00fcr sein hartes Vorgehen gegen die Tamilen bekannt ist, sowie die Aufl\u00f6sung des Parlamentes am 9.11.2018. Werden die Wiedereinsetzung des alten Premierministers Ranil Wickremesinghe und der Ausgang der Parlamentswahlen endlich Stabilit\u00e4t in den Friedensprozess bringen?<\/p>\n<h4>Steht Europa ein Polexit bevor?<\/h4>\n<p>Die anstehende Parlamentswahl in Polen wird zeigen, ob die EU-kritische PiS, die derzeit die st\u00e4rkste Partei Polens ist, erneut gewinnt. Wird aus der Spekulation um einen Polexit dann Ernst?<\/p>\n<h4>Wie wird sich die Republik Moldau orientieren?<\/h4>\n<p>Auch die Parlamentswahl in der Republik Moldau wird spannend. Der Staat befindet sich an einem Scheideweg: Werden pro-europ\u00e4ische oder pro-russische Kr\u00e4fte \u00fcber die Frage nach wahrhaftiger Demokratie im Land entscheiden?<\/p>\n<p>Weitere Parlamentswahlen finden 2019 in D\u00e4nemark, Guinea, Thailand, Finnland und der Schweiz statt.<\/p>\n<h3>Pr\u00e4sidentschaftswahlen 2019<\/h3>\n<h4>Superwahljahr 2019 f\u00fcr die Ukraine<\/h4>\n<p>Der Ukraine steht mit der Pr\u00e4sidentschaftswahl im M\u00e4rz und der Parlamentswahl im Oktober ein chancenreiches Wahljahr bevor. Beide Wahlen werden einen erheblichen Einfluss auf die landesweiten Kommunalwahlen im Jahr 2020 haben. Am 31. M\u00e4rz 2019 wird in der Ukraine zum zweiten Mal nach dem Euromaidan ein Pr\u00e4sident gew\u00e4hlt. Welchen Einfluss wird die von Petro Poroschenko veranlasste Ausrufung des Kriegsrechts auf seinen Wahlkampf haben? Wird er sich 2019 gegen eine Rekordzahl an Kandidaten vor allem gegen die aussichtsreichste Kandidatin Julia Tymoschenko durchsetzen und seine zweite Amtszeit antreten? Spannend f\u00fcr die Wahl ist die Frage, ob Poroschenko und Tymoschenko entschieden genug gegen die Korruption im Land vorgehen w\u00fcrden.<\/p>\n<h4>Richtungweisende Wahlen in El Salvador<\/h4>\n<p>Auch in El Salvador wird im kommenden Wahljahr zur Urne f\u00fcr die Pr\u00e4sidentschaftswahl gebeten. Das Tauziehen der letzten zwei Jahrzehnte zwischen der linken FMLN und der rechten ARENA-Partei ging Hand in Hand mit einem kontinuierlichen Stimmenverlust der FMLN seit ihrer Pr\u00e4sidentschaft im Jahre 2009. Muss Salvador S\u00e1nchez Cer\u00e9n (FMLN) 2019 den Staffelstab an die ARENA-Partei \u00fcbergeben?<\/p>\n<p>Am 16. Februar 2019 wird sich Nigerias Pr\u00e4sident Muhammadu Buhari &#8211; trotz gesundheitlicher Probleme &#8211; erneut zur Wahl stellen. Am selben Tag findet auch die Parlamentswahl statt. Auch im Senegal und in Namibia sowie in Litauen stehen 2019 Pr\u00e4sidentschaftswahlen an.<\/p>\n<h3>Landtagswahlen 2019<\/h3>\n<h4>Wie wird Sachsen w\u00e4hlen?<\/h4>\n<p>Am 01. September 2019 wird in Sachsen und Brandenburg ein neuer Landtag gew\u00e4hlt. In Th\u00fcringen stehen am 27. Oktober 2019 Landtagswahlen an. Eine Frage, die viele seit L\u00e4ngerem besch\u00e4ftigt, betrifft Sachsen: Wird die AfD zur st\u00e4rksten Kraft? Laut der j\u00fcngsten INSA-Wahlumfrage zur Landtagswahl in Sachsen vom 23.11.2018 liegt die CDU mit 29 Prozent vorn, dicht gefolgt von der AfD mit 24 Prozent aller Stimmen. Die Linke erhielt 17 Prozent. Im Vergleich zum Wahlergebnis der letzten Landtagswahl in Sachsen 2014 hat die AfD in dieser Umfrage 14,3 Prozent hinzugewonnen und die CDU 10,4 Prozent verloren. Auch im Vergleich mit der letzten Sonntagsfrage zur s\u00e4chsischen Landtagswahl vom 12.06.2018 hat die AfD Prozentpunkte gewonnen, w\u00e4hrend die CDU W\u00e4hlerstimmen verloren hat.<\/p>\n<h3>Kommunalwahlen 2019<\/h3>\n<p>Der 26. Mai 2019 wird auch in Deutschland ein Superwahlsonntag, denn viele Wahlberechtigte geben nicht nur ihre Stimme f\u00fcr das Europaparlament ab. Am selbem Tag finden auch Kommunalwahlen in acht Bundesl\u00e4ndern statt.<\/p>\n<h4>Kommunalwahl in der T\u00fcrkei<\/h4>\n<p>Die Kommunalwahlen in der T\u00fcrkei im M\u00e4rz 2019 werden kein Stimmungstest f\u00fcr eine Pr\u00e4sidentschaftswahl. Nachdem der Staatspr\u00e4sident Recep Tayyip Erdogan die Parlaments- und Pr\u00e4sidentschaftswahlen, die erst im November 2019 stattfinden sollten, auf den 24. Juni 2018 vorverlegte, liegt laut einer ORC-Umfrage zu den bevorstehenden Kommunalwahlen die AKP deutlich vorn.<\/p>\n<p><a href=\"https:\/\/www.polyas.de\/blog\/de\/online-wahlen\/wahlsystem-tuerkei\">Erfahren Sie hier mehr \u00fcber das Wahlsystem in der T\u00fcrkei<\/a><\/p>\n","protected":false},"excerpt":{"rendered":"<p>Welche Wahlen werden im kommenden Jahr besonders spannend und richtungsweisend? Das Wahljahr 2018 stand in Sachen \u00dcberraschungen dem Superwahljahr 2017 in Nichts nach. POLYAS blickt gespannt auf den Wahlkalender f\u00fcr 2019.<\/p>\n","protected":false},"author":279,"featured_media":6919,"comment_status":"open","ping_status":"open","sticky":false,"template":"","format":"standard","meta":{"_eb_attr":"","ub_ctt_via":"","spay_email":"","jetpack_publicize_message":"","jetpack_is_tweetstorm":false,"jetpack_publicize_feature_enabled":true},"categories":[8],"tags":[2086,260,343,2092,2090,2088,319,2084,1650],"featured_image_src":"https:\/\/www.polyas.de\/blog\/wp-content\/uploads\/2018\/12\/Wahlen_2019-1.gif","author_info":{"display_name":"Palma Kunkel","author_link":"https:\/\/www.polyas.de\/blog\/author\/p-kunkel"},"yoast_head":"<!-- This site is optimized with the Yoast SEO plugin v19.9 - https:\/\/yoast.com\/wordpress\/plugins\/seo\/ -->\n<title>Wahlen 2019 - Ein Ausblick auf das kommende Wahljahr<\/title>\n<meta name=\"description\" content=\"Erfahren Sie jetzt, welche Wahlen 2019 wichtig und richtungsweisend sind! POLYAS wirft einen Blick auf das kommende Wahljahr und seine spannenden Zukunftsfragen.\" \/>\n<meta name=\"robots\" content=\"index, follow, max-snippet:-1, max-image-preview:large, max-video-preview:-1\" \/>\n<link rel=\"canonical\" href=\"https:\/\/www.polyas.de\/blog\/de\/online-wahlen\/wahlen-2019\" \/>\n<meta property=\"og:locale\" content=\"de_DE\" \/>\n<meta property=\"og:type\" content=\"article\" \/>\n<meta property=\"og:title\" content=\"Wahlen 2019 - Ein Ausblick auf das kommende Wahljahr\" \/>\n<meta property=\"og:description\" content=\"Erfahren Sie jetzt, welche Wahlen 2019 wichtig und richtungsweisend sind! POLYAS wirft einen Blick auf das kommende Wahljahr und seine spannenden Zukunftsfragen.\" \/>\n<meta property=\"og:url\" content=\"https:\/\/www.polyas.de\/blog\/de\/online-wahlen\/wahlen-2019\" \/>\n<meta property=\"og:site_name\" content=\"POLYAS\" \/>\n<meta property=\"article:published_time\" content=\"2019-01-02T07:09:48+00:00\" \/>\n<meta property=\"og:image\" content=\"https:\/\/i0.wp.com\/www.polyas.de\/blog\/wp-content\/uploads\/2018\/12\/Wahlen_2019-1.gif?fit=860%2C210&ssl=1\" \/>\n\t<meta property=\"og:image:width\" content=\"860\" \/>\n\t<meta property=\"og:image:height\" content=\"210\" \/>\n\t<meta property=\"og:image:type\" content=\"image\/gif\" \/>\n<meta name=\"author\" content=\"Palma Kunkel\" \/>\n<meta name=\"twitter:card\" content=\"summary_large_image\" \/>\n<meta name=\"twitter:label1\" content=\"Verfasst von\" \/>\n\t<meta name=\"twitter:data1\" content=\"Palma Kunkel\" \/>\n\t<meta name=\"twitter:label2\" content=\"Gesch\u00e4tzte Lesezeit\" \/>\n\t<meta name=\"twitter:data2\" content=\"4 Minuten\" \/>\n<script type=\"application\/ld+json\" class=\"yoast-schema-graph\">{\"@context\":\"https:\/\/schema.org\",\"@graph\":[{\"@type\":\"WebPage\",\"@id\":\"https:\/\/www.polyas.de\/blog\/de\/online-wahlen\/wahlen-2019\",\"url\":\"https:\/\/www.polyas.de\/blog\/de\/online-wahlen\/wahlen-2019\",\"name\":\"Wahlen 2019 - Ein Ausblick auf das kommende Wahljahr\",\"isPartOf\":{\"@id\":\"https:\/\/www.polyas.de\/blog\/#website\"},\"datePublished\":\"2019-01-02T07:09:48+00:00\",\"dateModified\":\"2019-01-02T07:09:48+00:00\",\"author\":{\"@id\":\"https:\/\/www.polyas.de\/blog\/#\/schema\/person\/62fe5c9523909323f7fe0e6061ee1595\"},\"description\":\"Erfahren Sie jetzt, welche Wahlen 2019 wichtig und richtungsweisend sind! POLYAS wirft einen Blick auf das kommende Wahljahr und seine spannenden Zukunftsfragen.\",\"breadcrumb\":{\"@id\":\"https:\/\/www.polyas.de\/blog\/de\/online-wahlen\/wahlen-2019#breadcrumb\"},\"inLanguage\":\"de-DE\",\"potentialAction\":[{\"@type\":\"ReadAction\",\"target\":[\"https:\/\/www.polyas.de\/blog\/de\/online-wahlen\/wahlen-2019\"]}]},{\"@type\":\"BreadcrumbList\",\"@id\":\"https:\/\/www.polyas.de\/blog\/de\/online-wahlen\/wahlen-2019#breadcrumb\",\"itemListElement\":[{\"@type\":\"ListItem\",\"position\":1,\"name\":\"Startseite\",\"item\":\"https:\/\/www.polyas.de\/blog\/de\"},{\"@type\":\"ListItem\",\"position\":2,\"name\":\"Wahlen 2019 &#8211; Ein Ausblick auf das kommende Wahljahr\"}]},{\"@type\":\"WebSite\",\"@id\":\"https:\/\/www.polyas.de\/blog\/#website\",\"url\":\"https:\/\/www.polyas.de\/blog\/\",\"name\":\"POLYAS\",\"description\":\"the blog for secure online voting\",\"potentialAction\":[{\"@type\":\"SearchAction\",\"target\":{\"@type\":\"EntryPoint\",\"urlTemplate\":\"https:\/\/www.polyas.de\/blog\/?s={search_term_string}\"},\"query-input\":\"required name=search_term_string\"}],\"inLanguage\":\"de-DE\"},{\"@type\":\"Person\",\"@id\":\"https:\/\/www.polyas.de\/blog\/#\/schema\/person\/62fe5c9523909323f7fe0e6061ee1595\",\"name\":\"Palma Kunkel\",\"image\":{\"@type\":\"ImageObject\",\"inLanguage\":\"de-DE\",\"@id\":\"https:\/\/www.polyas.de\/blog\/#\/schema\/person\/image\/\",\"url\":\"https:\/\/secure.gravatar.com\/avatar\/6e9e790ca0148703dbb995b38d5b98f5?s=96&d=mm&r=g\",\"contentUrl\":\"https:\/\/secure.gravatar.com\/avatar\/6e9e790ca0148703dbb995b38d5b98f5?s=96&d=mm&r=g\",\"caption\":\"Palma Kunkel\"},\"url\":\"https:\/\/www.polyas.de\/blog\/author\/p-kunkel\"}]}<\/script>\n<!-- \/ Yoast SEO plugin. -->","yoast_head_json":{"title":"Wahlen 2019 - Ein Ausblick auf das kommende Wahljahr","description":"Erfahren Sie jetzt, welche Wahlen 2019 wichtig und richtungsweisend sind! POLYAS wirft einen Blick auf das kommende Wahljahr und seine spannenden Zukunftsfragen.","robots":{"index":"index","follow":"follow","max-snippet":"max-snippet:-1","max-image-preview":"max-image-preview:large","max-video-preview":"max-video-preview:-1"},"canonical":"https:\/\/www.polyas.de\/blog\/de\/online-wahlen\/wahlen-2019","og_locale":"de_DE","og_type":"article","og_title":"Wahlen 2019 - Ein Ausblick auf das kommende Wahljahr","og_description":"Erfahren Sie jetzt, welche Wahlen 2019 wichtig und richtungsweisend sind! POLYAS wirft einen Blick auf das kommende Wahljahr und seine spannenden Zukunftsfragen.","og_url":"https:\/\/www.polyas.de\/blog\/de\/online-wahlen\/wahlen-2019","og_site_name":"POLYAS","article_published_time":"2019-01-02T07:09:48+00:00","og_image":[{"width":860,"height":210,"url":"https:\/\/i0.wp.com\/www.polyas.de\/blog\/wp-content\/uploads\/2018\/12\/Wahlen_2019-1.gif?fit=860%2C210&ssl=1","type":"image\/gif"}],"author":"Palma Kunkel","twitter_card":"summary_large_image","twitter_misc":{"Verfasst von":"Palma Kunkel","Gesch\u00e4tzte Lesezeit":"4 Minuten"},"schema":{"@context":"https:\/\/schema.org","@graph":[{"@type":"WebPage","@id":"https:\/\/www.polyas.de\/blog\/de\/online-wahlen\/wahlen-2019","url":"https:\/\/www.polyas.de\/blog\/de\/online-wahlen\/wahlen-2019","name":"Wahlen 2019 - Ein Ausblick auf das kommende Wahljahr","isPartOf":{"@id":"https:\/\/www.polyas.de\/blog\/#website"},"datePublished":"2019-01-02T07:09:48+00:00","dateModified":"2019-01-02T07:09:48+00:00","author":{"@id":"https:\/\/www.polyas.de\/blog\/#\/schema\/person\/62fe5c9523909323f7fe0e6061ee1595"},"description":"Erfahren Sie jetzt, welche Wahlen 2019 wichtig und richtungsweisend sind! POLYAS wirft einen Blick auf das kommende Wahljahr und seine spannenden Zukunftsfragen.","breadcrumb":{"@id":"https:\/\/www.polyas.de\/blog\/de\/online-wahlen\/wahlen-2019#breadcrumb"},"inLanguage":"de-DE","potentialAction":[{"@type":"ReadAction","target":["https:\/\/www.polyas.de\/blog\/de\/online-wahlen\/wahlen-2019"]}]},{"@type":"BreadcrumbList","@id":"https:\/\/www.polyas.de\/blog\/de\/online-wahlen\/wahlen-2019#breadcrumb","itemListElement":[{"@type":"ListItem","position":1,"name":"Startseite","item":"https:\/\/www.polyas.de\/blog\/de"},{"@type":"ListItem","position":2,"name":"Wahlen 2019 &#8211; Ein Ausblick auf das kommende Wahljahr"}]},{"@type":"WebSite","@id":"https:\/\/www.polyas.de\/blog\/#website","url":"https:\/\/www.polyas.de\/blog\/","name":"POLYAS","description":"the blog for secure online voting","potentialAction":[{"@type":"SearchAction","target":{"@type":"EntryPoint","urlTemplate":"https:\/\/www.polyas.de\/blog\/?s={search_term_string}"},"query-input":"required name=search_term_string"}],"inLanguage":"de-DE"},{"@type":"Person","@id":"https:\/\/www.polyas.de\/blog\/#\/schema\/person\/62fe5c9523909323f7fe0e6061ee1595","name":"Palma Kunkel","image":{"@type":"ImageObject","inLanguage":"de-DE","@id":"https:\/\/www.polyas.de\/blog\/#\/schema\/person\/image\/","url":"https:\/\/secure.gravatar.com\/avatar\/6e9e790ca0148703dbb995b38d5b98f5?s=96&d=mm&r=g","contentUrl":"https:\/\/secure.gravatar.com\/avatar\/6e9e790ca0148703dbb995b38d5b98f5?s=96&d=mm&r=g","caption":"Palma Kunkel"},"url":"https:\/\/www.polyas.de\/blog\/author\/p-kunkel"}]}},"jetpack_featured_media_url":"https:\/\/www.polyas.de\/blog\/wp-content\/uploads\/2018\/12\/Wahlen_2019-1.gif","jetpack_publicize_connections":[],"jetpack_shortlink":"https:\/\/wp.me\/p72Pnr-1Nz","jetpack-related-posts":[{"id":7075,"url":"https:\/\/www.polyas.de\/blog\/de\/online-wahlen\/wahljahr-2019-ukraine","url_meta":{"origin":6917,"position":0},"title":"Wahljahr 2019 f\u00fcr die Ukraine &#8211; Wer wird Pr\u00e4sident?","date":"26\/03\/2019","format":false,"excerpt":"Am kommenden Sonntag, dem 31. M\u00e4rz, w\u00e4hlen die Ukrainer einen neuen Pr\u00e4sidenten, den zweiten nach dem Euromaidan. Im Oktober folgt dann die Parlamentswahl, die ma\u00dfgeblich von der Pr\u00e4sidentschaftswahl beeinflusst wird. Zieht der ber\u00fchmteste Komiker der Ukraine im Kampf um das Pr\u00e4sidentenamt bald an den einstigen Spitzenkandidaten vorbei? Wahlsystem F\u00fcr eine\u2026","rel":"","context":"In &quot;Wahl News&quot;","img":{"alt_text":"","src":"https:\/\/i0.wp.com\/www.polyas.de\/blog\/wp-content\/uploads\/2019\/03\/Flagge-der-Ukraine.jpg?resize=350%2C200&ssl=1","width":350,"height":200},"classes":[]},{"id":7205,"url":"https:\/\/www.polyas.de\/blog\/de\/online-wahlen\/wahlergebnis-europawahl-2019","url_meta":{"origin":6917,"position":1},"title":"Wahlergebnis Europawahl 2019 und Superwahlsonntag f\u00fcr Belgien","date":"27\/05\/2019","format":false,"excerpt":"Am Sonntag, den 26.05.2019 wurden rund 400 Millionen Wahlberechtigte f\u00fcr die Europawahl zur Wahlurne gebeten. Heute liegt das erste amtlich best\u00e4tigte Zwischenergebnis vor. In manchen L\u00e4ndern wurde am Sonntag sogar mehr als eine Stimme abgegeben. Nach mehr als 70 Jahren l\u00f6ste die CDU bei der B\u00fcrgerschaftswahl in Bremen die SPD\u2026","rel":"","context":"In &quot;Wahl News&quot;","img":{"alt_text":"Erfahren Sie alles Aktuelle \u00fcber die Parlamentswahl in der Ukraine","src":"https:\/\/i0.wp.com\/www.polyas.de\/blog\/wp-content\/uploads\/2016\/12\/Wahl-News-Schmal_810x280.png?resize=350%2C200&ssl=1","width":350,"height":200},"classes":[]},{"id":4555,"url":"https:\/\/www.polyas.de\/blog\/de\/online-wahlen\/wahlnews-parlamentswahl-niederlande","url_meta":{"origin":6917,"position":2},"title":"#WahlNews: Parlamentswahl in den Niederlanden","date":"16\/03\/2017","format":false,"excerpt":"2017\u00a0 - Ein Schicksal-Wahljahr f\u00fcr Europa. Nach dem Brexit und dem Erfolg von Donald Trump in den USA sind in den vergangenen Tagen alle Augen auf die Niederlande gerichtet gewesen. Am 15. M\u00e4rz haben rund 12,9 Millionen Wahlberechtigte dort ein neues Parlament gew\u00e4hlt. Nach dem Erstarken des Rechtspopulismus auf dem\u2026","rel":"","context":"In &quot;Wahl News&quot;","img":{"alt_text":"Erfahren Sie alles Aktuelle \u00fcber die Parlamentswahl in der Ukraine","src":"https:\/\/i0.wp.com\/www.polyas.de\/blog\/wp-content\/uploads\/2016\/12\/Wahl-News-Schmal_810x280.png?resize=350%2C200&ssl=1","width":350,"height":200},"classes":[]},{"id":6143,"url":"https:\/\/www.polyas.de\/blog\/de\/online-wahlen\/wahlen-2018","url_meta":{"origin":6917,"position":3},"title":"Wahlen 2018: Diese wichtigen Wahlen finden dieses Jahr statt","date":"02\/01\/2018","format":false,"excerpt":"2017 war ein Superwahljahr, das viele \u00dcberraschungen bereithielt \u2013 ob die Wahlen 2018 da mithalten k\u00f6nnen? POLYAS wirft einen Blick auf die kommenden Wahltermine, die die gr\u00f6\u00dften Ver\u00e4nderungen mit sich bringen k\u00f6nnten. Wer gewinnt die Wahlen 2018 in Italien? In Europa sind wieder viele B\u00fcrger aufgerufen, ihre Stimme abzugeben. Allein\u2026","rel":"","context":"In &quot;Wahl News&quot;","img":{"alt_text":"Die Wahlen 2018 versprechen spannend zu werden.","src":"https:\/\/i0.wp.com\/www.polyas.de\/blog\/wp-content\/uploads\/2017\/12\/Wahlen_2018.gif?resize=350%2C200&ssl=1","width":350,"height":200},"classes":[]},{"id":6088,"url":"https:\/\/www.polyas.de\/blog\/de\/online-wahlen\/superwahljahr-2017-europa","url_meta":{"origin":6917,"position":4},"title":"R\u00fcckblick 2017: So hat das Superwahljahr Europa ver\u00e4ndert","date":"13\/12\/2017","format":false,"excerpt":"Mit dem Jahr 2017 endet f\u00fcr Europa ein Superwahljahr. Neben Gro\u00dfbritannien, Frankreich und Deutschland haben auch weitere EU-L\u00e4nder wie \u00d6sterreich oder die Niederlande neue\u00a0Parlamente gew\u00e4hlt. Doch was\u00a0haben diese Wahlen f\u00fcr Europa bedeutet? Superwahljahr ist seltener Zufall So etwas passiert nicht alle Jahre: Drei der einwohnerst\u00e4rksten EU-Staaten w\u00e4hlen im selben Jahr.\u2026","rel":"","context":"In &quot;Wahl News&quot;","img":{"alt_text":"Das Superwahljahr 2017 hielt f\u00fcr Europa einige \u00dcberraschungen bereit.","src":"https:\/\/i0.wp.com\/www.polyas.de\/blog\/wp-content\/uploads\/2017\/12\/world-1264062_1920.gif?resize=350%2C200&ssl=1","width":350,"height":200},"classes":[]},{"id":11407,"url":"https:\/\/www.polyas.de\/blog\/de\/online-wahlen\/wahlen-2023","url_meta":{"origin":6917,"position":5},"title":"Wahlen 2023 in Deutschland und der Welt: Alles auf einen Blick","date":"24\/01\/2023","format":false,"excerpt":"In 2023 stehen sowohl in Deutschland als auch in aller Welt einige wichtige Wahlen an. Welche Wahlen dieses Jahr stattfinden, welche interessanten Hintergrundinformationen es gibt und wer in den L\u00e4ndern w\u00e4hlen gehen darf, erfahren Sie in unserem \u00dcberblick \u00fcber Wahlen 2023. Wahlen 2023: Wor\u00fcber wird abgestimmt? Wahlen au\u00dferhalb von Europa:\u2026","rel":"","context":"In &quot;Digitale Demokratie&quot;","img":{"alt_text":"","src":"https:\/\/i0.wp.com\/www.polyas.de\/blog\/wp-content\/uploads\/2023\/01\/Wahlen-2023.png?resize=350%2C200&ssl=1","width":350,"height":200},"classes":[]}],"_links":{"self":[{"href":"https:\/\/www.polyas.de\/blog\/wp-json\/wp\/v2\/posts\/6917"}],"collection":[{"href":"https:\/\/www.polyas.de\/blog\/wp-json\/wp\/v2\/posts"}],"about":[{"href":"https:\/\/www.polyas.de\/blog\/wp-json\/wp\/v2\/types\/post"}],"author":[{"embeddable":true,"href":"https:\/\/www.polyas.de\/blog\/wp-json\/wp\/v2\/users\/279"}],"replies":[{"embeddable":true,"href":"https:\/\/www.polyas.de\/blog\/wp-json\/wp\/v2\/comments?post=6917"}],"version-history":[{"count":5,"href":"https:\/\/www.polyas.de\/blog\/wp-json\/wp\/v2\/posts\/6917\/revisions"}],"predecessor-version":[{"id":6925,"href":"https:\/\/www.polyas.de\/blog\/wp-json\/wp\/v2\/posts\/6917\/revisions\/6925"}],"wp:featuredmedia":[{"embeddable":true,"href":"https:\/\/www.polyas.de\/blog\/wp-json\/wp\/v2\/media\/6919"}],"wp:attachment":[{"href":"https:\/\/www.polyas.de\/blog\/wp-json\/wp\/v2\/media?parent=6917"}],"wp:term":[{"taxonomy":"category","embeddable":true,"href":"https:\/\/www.polyas.de\/blog\/wp-json\/wp\/v2\/categories?post=6917"},{"taxonomy":"post_tag","embeddable":true,"href":"https:\/\/www.polyas.de\/blog\/wp-json\/wp\/v2\/tags?post=6917"}],"curies":[{"name":"wp","href":"https:\/\/api.w.org\/{rel}","templated":true}]}}