{"id":6808,"date":"2018-10-08T16:31:26","date_gmt":"2018-10-08T14:31:26","guid":{"rendered":"https:\/\/www.polyas.de\/blog\/?p=6808"},"modified":"2018-10-08T16:31:26","modified_gmt":"2018-10-08T14:31:26","slug":"parlamentswahl-lettland","status":"publish","type":"post","link":"https:\/\/www.polyas.de\/blog\/de\/online-wahlen\/parlamentswahl-lettland","title":{"rendered":"#WahlNews: Regierungswechsel in Bosnien-Herzegowina und Lettland"},"content":{"rendered":"<p>Dieses Wochenende wurde in gleich zwei europ\u00e4ischen Staaten ein neues Parlament gew\u00e4hlt: In Lettland hat die Partei der russischen Minderheit gewonnen, in Bosnien-Herzegowina machte ein Nationalist das Rennen. Alles Wissenswerte erfahren Sie jetzt in unseren <strong>#WahlNews<\/strong>.<\/p>\n<p><!--more--><\/p>\n<h3>Pr\u00e4sidium statt Pr\u00e4sident<\/h3>\n<p>Das politische System Bosnien-Herzegowinas ist anders aufgebaut als das der \u00fcbrigen Staaten in Europa: Es gibt nicht einen Pr\u00e4sidenten, sondern ein, aus drei Personen bestehendes, Staatspr\u00e4sidium, dass jeweils mit einem bosniakischen, einem kroatischen und einem serbischen Bosnier besetzt wird.<\/p>\n<p><a href=\"https:\/\/www.polyas.de\/blog\/de\/online-wahlen\/parlamentswahl-schweden\" target=\"_blank\" rel=\"noopener\">Lesen Sie hier, wie Anfang September die Wahl in Schweden ausgegangen ist!<\/a><\/p>\n<p>F\u00fcr die Serben setzte sich Milorad Dodik durch, der 55 Prozent der Stimmen erhielt. Er f\u00fchrt schon seit 2006 die serbische Teilrepublik Srpska an und will \u00fcber eine Abspaltung des Landesteils abstimmen lassen. F\u00fcr die Bosniaken wird Sefik Dzaferovic ins Pr\u00e4sidium einziehen, der wie Dodik als Nationalist gilt. Den kroatischen Posten des Pr\u00e4sidiums \u00fcbernimmt der Sozialdemokrat Zeljko Komsic.<\/p>\n<h3>Aufteilung soll Streitigkeiten verhindern<\/h3>\n<p>Die Wahlbeteiligung in Bosnien-Herzegowina fiel sehr gering aus, nur rund die H\u00e4lfte der Bev\u00f6lkerung ging \u00fcberhaupt zur Wahlurne. Auch das Bundesparlament sowie die beiden Landesparlamente der serbischen und der muslimisch-kroatischen Teilstaaten wurden neu gew\u00e4hlt, das Ergebnis stand am Montagmittag noch nicht fest.<\/p>\n<p>Die Aufteilung des Pr\u00e4sidiums soll Streitigkeiten zwischen den unterschiedlichen Volksgruppen in Bosnien-Herzegowina verhindern. Der Teilrepubliken sind weitgehend autonom, \u00fcber wirtschafts- und sicherheitspolitische Fragen entscheiden sie selbst. Ihre Feindschaft f\u00fchrte in 1990er Jahren zum B\u00fcrgerkrieg in Bosnien: Die orthodoxen Serben und katholischen Kroaten strebten nach einer Anbindung an Serbien bzw. Kroatien, das muslimische Bosnien hingegen wollte unabh\u00e4ngig werden. Diese Bestrebungen dauern bis heute fort.<\/p>\n<h3>Partei der russischen Minderheit siegt in Lettland<\/h3>\n<p>Auch bei der Wahl in Lettland stand eine ethnische Minderheit im Vordergrund. In dem baltischen Staat gibt es eine russischsprachige Minderheit \u2013 eine Folge der gezielten Umsiedlungspolitik der Sowjetunion nach dem Zweiten Weltkrieg. Diese Minderheit bescherte der bisherigen Oppositionspartei \u201eHarmonie\u201c einen Wahlsieg, denn ihr Ziel ist eine st\u00e4rkere Anbindung an Russland. Im Vergleich zur Wahl von 2014 verlor die Partei jedoch mehr als drei Prozentpunkte.<\/p>\n<p>Insgesamt holte sie 19,91 Prozent der Stimmen, weitere Siege wurden von drei neu gegr\u00fcndeten Parteien eingefahren: Die rechte KPV LV (<em>Kam pieder valsts?<\/em>, zu Deutsch: \u201eWem geh\u00f6rt der Staat Lettland?\u201c) gewann 14,06 Prozent, die \u201eNeue Konservative Partei\u201c 13,6 Prozent und die liberale \u201ePartei F\u00fcr die Entwicklung\/Daf\u00fcr!\u201c 12,04 Prozent.<\/p>\n<h3>Koalitionsbildung wird schwierig<\/h3>\n<p>Deutliche Verluste musste die bestehende Regierungskoalition aus \u201eUnion der Gr\u00fcnen und Bauern\u201c, \u201eNationaler Allianz\u201c und der konservativen \u201eEinheit\u201c hinnehmen. Zusammen verlor das B\u00fcndnis mehr als 36 Prozent, eine klare Abwahl. Mindestens eine der neuen Parteien wird also in eine Regierungskoalition eingebunden werden m\u00fcssen. Eine Zusammenarbeit mit der \u201eHarmonie\u201c schlossen jedoch fast alle Parteien aus, bis auf die KPV. Das B\u00fcndnis der beiden st\u00e4rksten Parteien k\u00e4me jedoch nur auf 39 Prozent, was zum Regieren zu wenig w\u00e4re.<\/p>\n<p>Auch in Lettland war die Wahlbeteiligung sehr gering: Nur 54,6 Prozent der Wahlberechtigten machten von ihrem Stimmrecht Gebrauch, die niedrigste Quote seit der Unabh\u00e4ngigkeit Lettlands 1991. Lettland ist seit 2004 in der EU, hat den Euro und ist au\u00dferdem NATO-Mitglied. Keine Partei sprach sich im Wahlkampf f\u00fcr den Austritt aus einem der B\u00fcndnisse oder dem W\u00e4hrungsraum aus.<\/p>\n<p style=\"text-align: center;\"><strong>Bereits 500 Kunden f\u00fchren ihre Wahlen einfach und sicher online mit POLYAS durch. <\/strong><strong>Testen Sie die Online-Wahl jetzt kostenfrei!<\/strong><\/p>\n<p><a href=\"https:\/\/configurator.polyas.com\/#!\/register?lang=de&amp;country=DE\" target=\"_blank\" rel=\"noopener\"><img data-attachment-id=\"5656\" data-permalink=\"https:\/\/www.polyas.de\/blog\/de\/online-wahlen\/norwegen-parlamentswahl\/attachment\/banner-blog\" data-orig-file=\"https:\/\/www.polyas.de\/blog\/wp-content\/uploads\/2017\/09\/Banner-Blog.jpg\" data-orig-size=\"860,100\" data-comments-opened=\"1\" data-image-meta=\"{&quot;aperture&quot;:&quot;0&quot;,&quot;credit&quot;:&quot;&quot;,&quot;camera&quot;:&quot;&quot;,&quot;caption&quot;:&quot;&quot;,&quot;created_timestamp&quot;:&quot;0&quot;,&quot;copyright&quot;:&quot;&quot;,&quot;focal_length&quot;:&quot;0&quot;,&quot;iso&quot;:&quot;0&quot;,&quot;shutter_speed&quot;:&quot;0&quot;,&quot;title&quot;:&quot;&quot;,&quot;orientation&quot;:&quot;0&quot;}\" data-image-title=\"Online-Wahl kostenlos testen\" data-image-description=\"\" data-image-caption=\"\" data-medium-file=\"https:\/\/www.polyas.de\/blog\/wp-content\/uploads\/2017\/09\/Banner-Blog-300x35.jpg\" data-large-file=\"https:\/\/www.polyas.de\/blog\/wp-content\/uploads\/2017\/09\/Banner-Blog.jpg\" loading=\"lazy\" class=\"aligncenter wp-image-5656 size-full\" src=\"https:\/\/www.polyas.de\/blog\/wp-content\/uploads\/2017\/09\/Banner-Blog.jpg\" alt=\"Testen Sie die Online-Wahl jetzt kostenlos\" width=\"860\" height=\"100\" srcset=\"https:\/\/www.polyas.de\/blog\/wp-content\/uploads\/2017\/09\/Banner-Blog.jpg 860w, https:\/\/www.polyas.de\/blog\/wp-content\/uploads\/2017\/09\/Banner-Blog-300x35.jpg 300w, https:\/\/www.polyas.de\/blog\/wp-content\/uploads\/2017\/09\/Banner-Blog-768x89.jpg 768w, https:\/\/www.polyas.de\/blog\/wp-content\/uploads\/2017\/09\/Banner-Blog-500x58.jpg 500w\" sizes=\"(max-width: 860px) 100vw, 860px\" \/><\/a><\/p>\n","protected":false},"excerpt":{"rendered":"<p>Dieses Wochenende wurde in gleich zwei europ\u00e4ischen Staaten ein neues Parlament gew\u00e4hlt: In Lettland hat die Partei der russischen Minderheit gewonnen, in Bosnien-Herzegowina machte ein Nationalist das Rennen. Alles Wissenswerte erfahren Sie jetzt in unseren #WahlNews.<\/p>\n","protected":false},"author":277,"featured_media":4031,"comment_status":"open","ping_status":"open","sticky":false,"template":"","format":"standard","meta":{"_eb_attr":"","ub_ctt_via":"","spay_email":"","jetpack_publicize_message":"","jetpack_is_tweetstorm":false,"jetpack_publicize_feature_enabled":true},"categories":[8],"tags":[950,2028,2030,2026,260,2032],"featured_image_src":"https:\/\/www.polyas.de\/blog\/wp-content\/uploads\/2016\/12\/Wahl-News-Schmal_810x280.png","author_info":{"display_name":"Peter Schraeder","author_link":"https:\/\/www.polyas.de\/blog\/author\/peter-schraeder"},"yoast_head":"<!-- This site is optimized with the Yoast SEO plugin v19.9 - https:\/\/yoast.com\/wordpress\/plugins\/seo\/ -->\n<title>#WahlNews: Regierungswechsel in Bosnien-Herzegowina und Lettland<\/title>\n<meta name=\"description\" content=\"Bei den Parlamentswahlen in Lettland wurde die bestehende Koaltion aus Gr\u00fcnen und Konservativen abgew\u00e4hlt, in Bosnien-Herzegowina schaffte es ein Nationalist ins Pr\u00e4sidium. Lesen Sie alle wichtigen Infos in unseren #WahlNews!\" \/>\n<meta name=\"robots\" content=\"index, follow, max-snippet:-1, max-image-preview:large, max-video-preview:-1\" \/>\n<link rel=\"canonical\" href=\"https:\/\/www.polyas.de\/blog\/de\/online-wahlen\/parlamentswahl-lettland\" \/>\n<meta property=\"og:locale\" content=\"de_DE\" \/>\n<meta property=\"og:type\" content=\"article\" \/>\n<meta property=\"og:title\" content=\"#WahlNews: Regierungswechsel in Bosnien-Herzegowina und Lettland\" \/>\n<meta property=\"og:description\" content=\"Bei den Parlamentswahlen in Lettland wurde die bestehende Koaltion aus Gr\u00fcnen und Konservativen abgew\u00e4hlt, in Bosnien-Herzegowina schaffte es ein Nationalist ins Pr\u00e4sidium. Lesen Sie alle wichtigen Infos in unseren #WahlNews!\" \/>\n<meta property=\"og:url\" content=\"https:\/\/www.polyas.de\/blog\/de\/online-wahlen\/parlamentswahl-lettland\" \/>\n<meta property=\"og:site_name\" content=\"POLYAS\" \/>\n<meta property=\"article:published_time\" content=\"2018-10-08T14:31:26+00:00\" \/>\n<meta property=\"og:image\" content=\"https:\/\/i0.wp.com\/www.polyas.de\/blog\/wp-content\/uploads\/2016\/12\/Wahl-News-Schmal_810x280.png?fit=810%2C280&ssl=1\" \/>\n\t<meta property=\"og:image:width\" content=\"810\" \/>\n\t<meta property=\"og:image:height\" content=\"280\" \/>\n\t<meta property=\"og:image:type\" content=\"image\/png\" \/>\n<meta name=\"author\" content=\"Peter Schraeder\" \/>\n<meta name=\"twitter:card\" content=\"summary_large_image\" \/>\n<meta name=\"twitter:label1\" content=\"Verfasst von\" \/>\n\t<meta name=\"twitter:data1\" content=\"Peter Schraeder\" \/>\n\t<meta name=\"twitter:label2\" content=\"Gesch\u00e4tzte Lesezeit\" \/>\n\t<meta name=\"twitter:data2\" content=\"3 Minuten\" \/>\n<script type=\"application\/ld+json\" class=\"yoast-schema-graph\">{\"@context\":\"https:\/\/schema.org\",\"@graph\":[{\"@type\":\"WebPage\",\"@id\":\"https:\/\/www.polyas.de\/blog\/de\/online-wahlen\/parlamentswahl-lettland\",\"url\":\"https:\/\/www.polyas.de\/blog\/de\/online-wahlen\/parlamentswahl-lettland\",\"name\":\"#WahlNews: Regierungswechsel in Bosnien-Herzegowina und Lettland\",\"isPartOf\":{\"@id\":\"https:\/\/www.polyas.de\/blog\/#website\"},\"datePublished\":\"2018-10-08T14:31:26+00:00\",\"dateModified\":\"2018-10-08T14:31:26+00:00\",\"author\":{\"@id\":\"https:\/\/www.polyas.de\/blog\/#\/schema\/person\/73c28ac950bd0b4d1a9d88ae887f0167\"},\"description\":\"Bei den Parlamentswahlen in Lettland wurde die bestehende Koaltion aus Gr\u00fcnen und Konservativen abgew\u00e4hlt, in Bosnien-Herzegowina schaffte es ein Nationalist ins Pr\u00e4sidium. Lesen Sie alle wichtigen Infos in unseren #WahlNews!\",\"breadcrumb\":{\"@id\":\"https:\/\/www.polyas.de\/blog\/de\/online-wahlen\/parlamentswahl-lettland#breadcrumb\"},\"inLanguage\":\"de-DE\",\"potentialAction\":[{\"@type\":\"ReadAction\",\"target\":[\"https:\/\/www.polyas.de\/blog\/de\/online-wahlen\/parlamentswahl-lettland\"]}]},{\"@type\":\"BreadcrumbList\",\"@id\":\"https:\/\/www.polyas.de\/blog\/de\/online-wahlen\/parlamentswahl-lettland#breadcrumb\",\"itemListElement\":[{\"@type\":\"ListItem\",\"position\":1,\"name\":\"Startseite\",\"item\":\"https:\/\/www.polyas.de\/blog\/de\"},{\"@type\":\"ListItem\",\"position\":2,\"name\":\"#WahlNews: Regierungswechsel in Bosnien-Herzegowina und Lettland\"}]},{\"@type\":\"WebSite\",\"@id\":\"https:\/\/www.polyas.de\/blog\/#website\",\"url\":\"https:\/\/www.polyas.de\/blog\/\",\"name\":\"POLYAS\",\"description\":\"the blog for secure online voting\",\"potentialAction\":[{\"@type\":\"SearchAction\",\"target\":{\"@type\":\"EntryPoint\",\"urlTemplate\":\"https:\/\/www.polyas.de\/blog\/?s={search_term_string}\"},\"query-input\":\"required name=search_term_string\"}],\"inLanguage\":\"de-DE\"},{\"@type\":\"Person\",\"@id\":\"https:\/\/www.polyas.de\/blog\/#\/schema\/person\/73c28ac950bd0b4d1a9d88ae887f0167\",\"name\":\"Peter Schraeder\",\"image\":{\"@type\":\"ImageObject\",\"inLanguage\":\"de-DE\",\"@id\":\"https:\/\/www.polyas.de\/blog\/#\/schema\/person\/image\/\",\"url\":\"https:\/\/secure.gravatar.com\/avatar\/4f9e48dcaa40fec909b27d8a9fab7beb?s=96&d=mm&r=g\",\"contentUrl\":\"https:\/\/secure.gravatar.com\/avatar\/4f9e48dcaa40fec909b27d8a9fab7beb?s=96&d=mm&r=g\",\"caption\":\"Peter Schraeder\"},\"url\":\"https:\/\/www.polyas.de\/blog\/author\/peter-schraeder\"}]}<\/script>\n<!-- \/ Yoast SEO plugin. -->","yoast_head_json":{"title":"#WahlNews: Regierungswechsel in Bosnien-Herzegowina und Lettland","description":"Bei den Parlamentswahlen in Lettland wurde die bestehende Koaltion aus Gr\u00fcnen und Konservativen abgew\u00e4hlt, in Bosnien-Herzegowina schaffte es ein Nationalist ins Pr\u00e4sidium. Lesen Sie alle wichtigen Infos in unseren #WahlNews!","robots":{"index":"index","follow":"follow","max-snippet":"max-snippet:-1","max-image-preview":"max-image-preview:large","max-video-preview":"max-video-preview:-1"},"canonical":"https:\/\/www.polyas.de\/blog\/de\/online-wahlen\/parlamentswahl-lettland","og_locale":"de_DE","og_type":"article","og_title":"#WahlNews: Regierungswechsel in Bosnien-Herzegowina und Lettland","og_description":"Bei den Parlamentswahlen in Lettland wurde die bestehende Koaltion aus Gr\u00fcnen und Konservativen abgew\u00e4hlt, in Bosnien-Herzegowina schaffte es ein Nationalist ins Pr\u00e4sidium. Lesen Sie alle wichtigen Infos in unseren #WahlNews!","og_url":"https:\/\/www.polyas.de\/blog\/de\/online-wahlen\/parlamentswahl-lettland","og_site_name":"POLYAS","article_published_time":"2018-10-08T14:31:26+00:00","og_image":[{"width":810,"height":280,"url":"https:\/\/i0.wp.com\/www.polyas.de\/blog\/wp-content\/uploads\/2016\/12\/Wahl-News-Schmal_810x280.png?fit=810%2C280&ssl=1","type":"image\/png"}],"author":"Peter Schraeder","twitter_card":"summary_large_image","twitter_misc":{"Verfasst von":"Peter Schraeder","Gesch\u00e4tzte Lesezeit":"3 Minuten"},"schema":{"@context":"https:\/\/schema.org","@graph":[{"@type":"WebPage","@id":"https:\/\/www.polyas.de\/blog\/de\/online-wahlen\/parlamentswahl-lettland","url":"https:\/\/www.polyas.de\/blog\/de\/online-wahlen\/parlamentswahl-lettland","name":"#WahlNews: Regierungswechsel in Bosnien-Herzegowina und Lettland","isPartOf":{"@id":"https:\/\/www.polyas.de\/blog\/#website"},"datePublished":"2018-10-08T14:31:26+00:00","dateModified":"2018-10-08T14:31:26+00:00","author":{"@id":"https:\/\/www.polyas.de\/blog\/#\/schema\/person\/73c28ac950bd0b4d1a9d88ae887f0167"},"description":"Bei den Parlamentswahlen in Lettland wurde die bestehende Koaltion aus Gr\u00fcnen und Konservativen abgew\u00e4hlt, in Bosnien-Herzegowina schaffte es ein Nationalist ins Pr\u00e4sidium. Lesen Sie alle wichtigen Infos in unseren #WahlNews!","breadcrumb":{"@id":"https:\/\/www.polyas.de\/blog\/de\/online-wahlen\/parlamentswahl-lettland#breadcrumb"},"inLanguage":"de-DE","potentialAction":[{"@type":"ReadAction","target":["https:\/\/www.polyas.de\/blog\/de\/online-wahlen\/parlamentswahl-lettland"]}]},{"@type":"BreadcrumbList","@id":"https:\/\/www.polyas.de\/blog\/de\/online-wahlen\/parlamentswahl-lettland#breadcrumb","itemListElement":[{"@type":"ListItem","position":1,"name":"Startseite","item":"https:\/\/www.polyas.de\/blog\/de"},{"@type":"ListItem","position":2,"name":"#WahlNews: Regierungswechsel in Bosnien-Herzegowina und Lettland"}]},{"@type":"WebSite","@id":"https:\/\/www.polyas.de\/blog\/#website","url":"https:\/\/www.polyas.de\/blog\/","name":"POLYAS","description":"the blog for secure online voting","potentialAction":[{"@type":"SearchAction","target":{"@type":"EntryPoint","urlTemplate":"https:\/\/www.polyas.de\/blog\/?s={search_term_string}"},"query-input":"required name=search_term_string"}],"inLanguage":"de-DE"},{"@type":"Person","@id":"https:\/\/www.polyas.de\/blog\/#\/schema\/person\/73c28ac950bd0b4d1a9d88ae887f0167","name":"Peter Schraeder","image":{"@type":"ImageObject","inLanguage":"de-DE","@id":"https:\/\/www.polyas.de\/blog\/#\/schema\/person\/image\/","url":"https:\/\/secure.gravatar.com\/avatar\/4f9e48dcaa40fec909b27d8a9fab7beb?s=96&d=mm&r=g","contentUrl":"https:\/\/secure.gravatar.com\/avatar\/4f9e48dcaa40fec909b27d8a9fab7beb?s=96&d=mm&r=g","caption":"Peter Schraeder"},"url":"https:\/\/www.polyas.de\/blog\/author\/peter-schraeder"}]}},"jetpack_featured_media_url":"https:\/\/www.polyas.de\/blog\/wp-content\/uploads\/2016\/12\/Wahl-News-Schmal_810x280.png","jetpack_publicize_connections":[],"jetpack_shortlink":"https:\/\/wp.me\/p72Pnr-1LO","jetpack-related-posts":[{"id":11418,"url":"https:\/\/www.polyas.de\/blog\/de\/online-wahlen\/wahlalter-16-debatte","url_meta":{"origin":6808,"position":0},"title":"Wahlalter 16: \u00dcber die Debatte in Deutschland und Wahlvoraussetzungen in anderen L\u00e4ndern","date":"03\/02\/2023","format":false,"excerpt":"Kurz vor dem Jahreswechsel 2022\/2023 war es Thema im Deutschen Bundestag: Soll bei Bundestagswahlen das Wahlalter auf 16 Jahre gesenkt werden? Bundestagspr\u00e4sidentin B\u00e4rbel Bas (SPD) findet ja, da auch bei Kommunal- und Landtagswahlen sowie der Europawahl schon mit 16 gew\u00e4hlt werden kann. Unterschiede in Bezug auf das Wahlalter gibt es\u2026","rel":"","context":"In &quot;Digitale Demokratie&quot;","img":{"alt_text":"Wahlalter 16 Deutschland weltweit","src":"https:\/\/i0.wp.com\/www.polyas.de\/blog\/wp-content\/uploads\/2023\/01\/Wahlalter-16-Deutschland-weltweit.png?resize=350%2C200&ssl=1","width":350,"height":200},"classes":[]},{"id":6143,"url":"https:\/\/www.polyas.de\/blog\/de\/online-wahlen\/wahlen-2018","url_meta":{"origin":6808,"position":1},"title":"Wahlen 2018: Diese wichtigen Wahlen finden dieses Jahr statt","date":"02\/01\/2018","format":false,"excerpt":"2017 war ein Superwahljahr, das viele \u00dcberraschungen bereithielt \u2013 ob die Wahlen 2018 da mithalten k\u00f6nnen? POLYAS wirft einen Blick auf die kommenden Wahltermine, die die gr\u00f6\u00dften Ver\u00e4nderungen mit sich bringen k\u00f6nnten. Wer gewinnt die Wahlen 2018 in Italien? In Europa sind wieder viele B\u00fcrger aufgerufen, ihre Stimme abzugeben. Allein\u2026","rel":"","context":"In &quot;Wahl News&quot;","img":{"alt_text":"Die Wahlen 2018 versprechen spannend zu werden.","src":"https:\/\/i0.wp.com\/www.polyas.de\/blog\/wp-content\/uploads\/2017\/12\/Wahlen_2018.gif?resize=350%2C200&ssl=1","width":350,"height":200},"classes":[]},{"id":4814,"url":"https:\/\/www.polyas.de\/blog\/de\/online-wahlen\/wahlnews-referendum-tuerkei","url_meta":{"origin":6808,"position":2},"title":"#WahlNews: Referendum in der T\u00fcrkei","date":"18\/04\/2017","format":false,"excerpt":"Immer wieder sonntags: Am Wochenende stimmten rund 55 Millionen wahlberechtigte T\u00fcrken in einem Referendum \u00fcber die Einf\u00fchrung des von Staatschef Recep Tayyip Erdogans angestrebten Pr\u00e4sidialsystems ab\u00a0 - erfahren Sie mehr dazu in unseren Wahlnews. Im Zuge des Referendums konnten sich die B\u00fcrger in der T\u00fcrkei f\u00fcr ein \u201eJa\u201c oder \u201eNein\u201c\u2026","rel":"","context":"In &quot;Wahl News&quot;","img":{"alt_text":"Erfahren Sie alles Aktuelle \u00fcber die Parlamentswahl in der Ukraine","src":"https:\/\/i0.wp.com\/www.polyas.de\/blog\/wp-content\/uploads\/2016\/12\/Wahl-News-Schmal_810x280.png?resize=350%2C200&ssl=1","width":350,"height":200},"classes":[]},{"id":4555,"url":"https:\/\/www.polyas.de\/blog\/de\/online-wahlen\/wahlnews-parlamentswahl-niederlande","url_meta":{"origin":6808,"position":3},"title":"#WahlNews: Parlamentswahl in den Niederlanden","date":"16\/03\/2017","format":false,"excerpt":"2017\u00a0 - Ein Schicksal-Wahljahr f\u00fcr Europa. Nach dem Brexit und dem Erfolg von Donald Trump in den USA sind in den vergangenen Tagen alle Augen auf die Niederlande gerichtet gewesen. Am 15. M\u00e4rz haben rund 12,9 Millionen Wahlberechtigte dort ein neues Parlament gew\u00e4hlt. Nach dem Erstarken des Rechtspopulismus auf dem\u2026","rel":"","context":"In &quot;Wahl News&quot;","img":{"alt_text":"Erfahren Sie alles Aktuelle \u00fcber die Parlamentswahl in der Ukraine","src":"https:\/\/i0.wp.com\/www.polyas.de\/blog\/wp-content\/uploads\/2016\/12\/Wahl-News-Schmal_810x280.png?resize=350%2C200&ssl=1","width":350,"height":200},"classes":[]},{"id":4702,"url":"https:\/\/www.polyas.de\/blog\/de\/online-wahlen\/praesidentschaftswahl-serbien","url_meta":{"origin":6808,"position":4},"title":"#WahlNews: Pr\u00e4sidentschaftswahl in Serbien","date":"03\/04\/2017","format":false,"excerpt":"Immer wieder Sonntags \u2026\u00a0 Rund 6,7 Millionen Serben waren\u00a0gestern zur Stimmabgabe bei der Pr\u00e4sidentschaftswahl aufgerufen. Eine Wahl, die sowohl in Br\u00fcssel, als auch in Washington und Moskau aufmerksam verfolgt wurde. Die Stabilit\u00e4t der s\u00fcdosteurop\u00e4ischen Region h\u00e4ngt stark von Serbiens Politik und einer m\u00f6glichen Pro - oder Contra Ausrichtung hin zu\u2026","rel":"","context":"In &quot;Wahl News&quot;","img":{"alt_text":"Erfahren Sie alles Aktuelle \u00fcber die Parlamentswahl in der Ukraine","src":"https:\/\/i0.wp.com\/www.polyas.de\/blog\/wp-content\/uploads\/2016\/12\/Wahl-News-Schmal_810x280.png?resize=350%2C200&ssl=1","width":350,"height":200},"classes":[]},{"id":4328,"url":"https:\/\/www.polyas.de\/blog\/de\/online-wahlen\/wahlnews-praesidenschaftswahl-in-ecuador","url_meta":{"origin":6808,"position":5},"title":"#WahlNews: Pr\u00e4sidenschaftswahl In Ecuador","date":"20\/02\/2017","format":false,"excerpt":"Immer wieder sonntags... Am 19. Februar w\u00e4hlten 12,8 Millionen Wahlberechtigte den Nachfolger von Pr\u00e4sident Rafael Correa. Seit 2007 gelang es Correa als Staatsoberhaupt die extreme Armut im Land deutlich zu reduzieren. Jetzt wurde ein neuer Mann an die Spitze gew\u00e4hlt. In unseren #WahlNews berichten wir \u00fcber die Wahl im Anden-Land.\u2026","rel":"","context":"In &quot;Wahl News&quot;","img":{"alt_text":"Erfahren Sie alles Aktuelle \u00fcber die Parlamentswahl in der Ukraine","src":"https:\/\/i0.wp.com\/www.polyas.de\/blog\/wp-content\/uploads\/2016\/12\/Wahl-News-Schmal_810x280.png?resize=350%2C200&ssl=1","width":350,"height":200},"classes":[]}],"_links":{"self":[{"href":"https:\/\/www.polyas.de\/blog\/wp-json\/wp\/v2\/posts\/6808"}],"collection":[{"href":"https:\/\/www.polyas.de\/blog\/wp-json\/wp\/v2\/posts"}],"about":[{"href":"https:\/\/www.polyas.de\/blog\/wp-json\/wp\/v2\/types\/post"}],"author":[{"embeddable":true,"href":"https:\/\/www.polyas.de\/blog\/wp-json\/wp\/v2\/users\/277"}],"replies":[{"embeddable":true,"href":"https:\/\/www.polyas.de\/blog\/wp-json\/wp\/v2\/comments?post=6808"}],"version-history":[{"count":4,"href":"https:\/\/www.polyas.de\/blog\/wp-json\/wp\/v2\/posts\/6808\/revisions"}],"predecessor-version":[{"id":6812,"href":"https:\/\/www.polyas.de\/blog\/wp-json\/wp\/v2\/posts\/6808\/revisions\/6812"}],"wp:featuredmedia":[{"embeddable":true,"href":"https:\/\/www.polyas.de\/blog\/wp-json\/wp\/v2\/media\/4031"}],"wp:attachment":[{"href":"https:\/\/www.polyas.de\/blog\/wp-json\/wp\/v2\/media?parent=6808"}],"wp:term":[{"taxonomy":"category","embeddable":true,"href":"https:\/\/www.polyas.de\/blog\/wp-json\/wp\/v2\/categories?post=6808"},{"taxonomy":"post_tag","embeddable":true,"href":"https:\/\/www.polyas.de\/blog\/wp-json\/wp\/v2\/tags?post=6808"}],"curies":[{"name":"wp","href":"https:\/\/api.w.org\/{rel}","templated":true}]}}