{"id":6733,"date":"2018-07-10T16:16:18","date_gmt":"2018-07-10T14:16:18","guid":{"rendered":"https:\/\/www.polyas.de\/blog\/?p=6733"},"modified":"2018-07-12T09:03:58","modified_gmt":"2018-07-12T07:03:58","slug":"mexiko","status":"publish","type":"post","link":"https:\/\/www.polyas.de\/blog\/de\/online-wahlen\/mexiko","title":{"rendered":"Pr\u00e4sidentschaftswahl in Mexiko: Wandel und Handel"},"content":{"rendered":"<p>Politischer Umbruch in Mexiko: Lopez Obrador, der Kandidat der linken Morena-Partei, hat Anfang Juli mit 53,8 Prozent die Pr\u00e4sidentschaftswahl in Mexiko gewonnen. Das Ergebnis ist historisch. In der noch jungen Geschichte der mexikanischen Demokratie hat noch nie ein Pr\u00e4sidentschaftskandidat so viele Stimmen erhalten. Auch die Wirtschaft reagiert anders als erwartet.<br \/>\n<!--more--><br \/>\n<a href=\"https:\/\/de.wikipedia.org\/wiki\/Andr%C3%A9s_Manuel_L%C3%B3pez_Obrador\" target=\"_blank\" rel=\"noopener\">L\u00f3pez Obrador<\/a> ist angetreten um das Land umzugestalten. In Mexiko herrschen Korruption, Armut, Gewalt und Straflosigkeit. Im vergangenen Jahr wurden etwa 29.000 Menschen ermordet.<\/p>\n<p><a href=\"https:\/\/www.polyas.de\/blog\/de\/allgemein-de\/kolumbien-praesidentschaftswahl\">In S\u00fcdamerika sind dieses Jahr viele Wahlen. So wurde in Kolumbien abgestimmt!<\/a><\/p>\n<p>Ebenfalls historisch ist die Ablehnung des scheidenden Pr\u00e4sidenten der &#8220;Partei der Institutionalisierten Revolution&#8221;, <a href=\"https:\/\/de.wikipedia.org\/wiki\/Enrique_Pe%C3%B1a_Nieto\" target=\"_blank\" rel=\"noopener\">Enrique Pe\u00f1a Nieto<\/a>: Er verabschiedet sich mit Zustimmungswerten im einstelligen Bereich. Seine Regierungszeit, die am 1. Dezember endet, war \u00fcberschattet von Korruptionsskandalen und einem extremen Anstieg der Gewalt.<\/p>\n<h3><strong>Mexiko: <\/strong><strong>Positive Reaktionen auf Obradors Wahl <\/strong><\/h3>\n<p>Die Reaktionen auf den Wahlsieg Obradors fallen fast durchweg positiv aus. Nach der Wahl des linken Kandidaten reagiert vor allem die Wirtschaft positiv \u2013 ein Umstand der nach Wahlen linker Regierungen eher selten eintritt.<\/p>\n<p>Mexikos Finanz- und Wirtschaftswelt hat den erdrutschartigen Sieg Obradors, und vor allem seine Botschaften einer wirtschaftlichen Kontinuit\u00e4t, mit gro\u00dfer Beruhigung aufgenommen. Ganz nebenbei stoppte Obrador auch den Abw\u00e4rtstrend an den M\u00e4rkten in Mexiko.<\/p>\n<p>Der Peso, einer der wichtigsten Gradmesser der Stimmung in Mexiko, hat vergangene Woche die beste Performance seit ann\u00e4hernd sieben Jahren hingelegt und 4,4 Prozent gegen\u00fcber dem Dollar hinzugewonnen. Der IPC-Index der B\u00f6rse schloss am Freitag bei 47.600 Punkten, dem h\u00f6chsten Stand in f\u00fcnf Monaten. Das ist insbesondere deshalb bemerkenswert, weil auch Mexiko die Auswirkungen eines drohenden Handelskrieges zwischen den USA und China bef\u00fcrchten muss. Aber selbst das scheint die Jubelstimmung angesichts der Wahl von L\u00f3pez Obrador nicht einzutr\u00fcben.<\/p>\n<h3><strong>Obrador: Partnerschaft mit Wirtschaft und Unternehmern<\/strong><\/h3>\n<p>Hinzu kommt, dass die mexikanischen Unternehmer vom Widerstand des Wahlkampfes auf Kooperation mit L\u00f3pez Obrador umgeschaltet haben. AMLO, so Obradors Spitzname, traf sich gleich an den beiden Tagen nach der Wahl mit dem Unternehmerverband CCE und dem scheidenden Pr\u00e4sidenten Enrique Pe\u00f1a Nieto. Dabei ging es um die Neuverhandlung der Nordamerikanischen Freihandelszone NAFTA mit den USA und Kanada. L\u00f3pez Obrador hat augenscheinlich kein Interesse daran, die Gespr\u00e4che zu beenden oder die mexikanische Verhandlungsposition zu \u00e4ndern.<\/p>\n<p>Auch beim Kampf gegen Gewalt und Organisiertes Verbrechen machte der k\u00fcnftige Staatschef erste Ank\u00fcndigungen. Von Mitte Juli an will er mit in- und ausl\u00e4ndischen Experten das \u201emexikanische Rezept\u201c zur Eind\u00e4mmung der Gewalt beraten, der pro Jahr 30.000 Menschen zu Opfer fallen. Der k\u00fcnftige Pr\u00e4sident will in unterschiedlichen Foren die Vorschl\u00e4ge von Organisationen der Zivilgesellschaft, Menschenrechtsaktivisten, Kirchenvertretern, Politikern und ausl\u00e4ndischen Experten h\u00f6ren. Im Rahmen der Foren sollen auch Themen wie die Entkriminalisierung von Drogen sowie die Beschlagnahmung und das Einziehen von G\u00fctern und Verm\u00f6gen der Mitglieder des Organisierten Verbrechens diskutiert werden.<\/p>\n<p style=\"text-align: center;\"><strong>Schon \u00fcber 500 Organisationen w\u00e4hlen ihre Gremien online mit POLYAS und vereinfachen das Wahlmanagement.\u00a0Testen Sie die Online-Wahl jetzt kostenfrei!<\/strong><\/p>\n<p><a href=\"https:\/\/configurator.polyas.com\/#!\/register?lang=de&amp;country=DE\" target=\"_blank\" rel=\"noopener\"><img data-attachment-id=\"5656\" data-permalink=\"https:\/\/www.polyas.de\/blog\/de\/online-wahlen\/norwegen-parlamentswahl\/attachment\/banner-blog\" data-orig-file=\"https:\/\/www.polyas.de\/blog\/wp-content\/uploads\/2017\/09\/Banner-Blog.jpg\" data-orig-size=\"860,100\" data-comments-opened=\"1\" data-image-meta=\"{&quot;aperture&quot;:&quot;0&quot;,&quot;credit&quot;:&quot;&quot;,&quot;camera&quot;:&quot;&quot;,&quot;caption&quot;:&quot;&quot;,&quot;created_timestamp&quot;:&quot;0&quot;,&quot;copyright&quot;:&quot;&quot;,&quot;focal_length&quot;:&quot;0&quot;,&quot;iso&quot;:&quot;0&quot;,&quot;shutter_speed&quot;:&quot;0&quot;,&quot;title&quot;:&quot;&quot;,&quot;orientation&quot;:&quot;0&quot;}\" data-image-title=\"Online-Wahl kostenlos testen\" data-image-description=\"\" data-image-caption=\"\" data-medium-file=\"https:\/\/www.polyas.de\/blog\/wp-content\/uploads\/2017\/09\/Banner-Blog-300x35.jpg\" data-large-file=\"https:\/\/www.polyas.de\/blog\/wp-content\/uploads\/2017\/09\/Banner-Blog.jpg\" loading=\"lazy\" class=\"aligncenter wp-image-5656 size-full\" src=\"https:\/\/www.polyas.de\/blog\/wp-content\/uploads\/2017\/09\/Banner-Blog.jpg\" alt=\"Testen Sie die Online-Wahl jetzt kostenlos\" width=\"860\" height=\"100\" srcset=\"https:\/\/www.polyas.de\/blog\/wp-content\/uploads\/2017\/09\/Banner-Blog.jpg 860w, https:\/\/www.polyas.de\/blog\/wp-content\/uploads\/2017\/09\/Banner-Blog-300x35.jpg 300w, https:\/\/www.polyas.de\/blog\/wp-content\/uploads\/2017\/09\/Banner-Blog-768x89.jpg 768w, https:\/\/www.polyas.de\/blog\/wp-content\/uploads\/2017\/09\/Banner-Blog-500x58.jpg 500w\" sizes=\"(max-width: 860px) 100vw, 860px\" \/><\/a><\/p>\n","protected":false},"excerpt":{"rendered":"<p>Politischer Umbruch in Mexiko: Lopez Obrador, der Kandidat der linken Morena-Partei, hat Anfang Juli mit 53,8 Prozent die Pr\u00e4sidentschaftswahl in Mexiko gewonnen. Das Ergebnis ist historisch. In der noch jungen Geschichte der mexikanischen Demokratie hat noch nie ein Pr\u00e4sidentschaftskandidat so viele Stimmen erhalten. Auch die Wirtschaft reagiert anders als erwartet.<\/p>\n","protected":false},"author":277,"featured_media":4022,"comment_status":"open","ping_status":"open","sticky":false,"template":"","format":"standard","meta":{"_eb_attr":"","ub_ctt_via":"","spay_email":"","jetpack_publicize_message":"","jetpack_is_tweetstorm":false,"jetpack_publicize_feature_enabled":true},"categories":[8],"tags":[343,90,319,536,317],"featured_image_src":"https:\/\/www.polyas.de\/blog\/wp-content\/uploads\/2017\/01\/Wahl-News-Schmal_810x280.png","author_info":{"display_name":"Peter Schraeder","author_link":"https:\/\/www.polyas.de\/blog\/author\/peter-schraeder"},"yoast_head":"<!-- This site is optimized with the Yoast SEO plugin v19.9 - https:\/\/yoast.com\/wordpress\/plugins\/seo\/ -->\n<title>Pr\u00e4sidentschaftswahl in Mexiko: Wandel und Handel<\/title>\n<meta name=\"description\" content=\"Welche Auswirkungen und Konsequenzen hat die j\u00fcngste Pr\u00e4sidentschaftswahl in Mexiko f\u00fcr das Land und seine Wirtschaft? Wir erkl\u00e4ren es in unserem Blog.\" \/>\n<meta name=\"robots\" content=\"index, follow, max-snippet:-1, max-image-preview:large, max-video-preview:-1\" \/>\n<link rel=\"canonical\" href=\"https:\/\/www.polyas.de\/blog\/de\/online-wahlen\/mexiko\" \/>\n<meta property=\"og:locale\" content=\"de_DE\" \/>\n<meta property=\"og:type\" content=\"article\" \/>\n<meta property=\"og:title\" content=\"Pr\u00e4sidentschaftswahl in Mexiko: Wandel und Handel\" \/>\n<meta property=\"og:description\" content=\"Welche Auswirkungen und Konsequenzen hat die j\u00fcngste Pr\u00e4sidentschaftswahl in Mexiko f\u00fcr das Land und seine Wirtschaft? Wir erkl\u00e4ren es in unserem Blog.\" \/>\n<meta property=\"og:url\" content=\"https:\/\/www.polyas.de\/blog\/de\/online-wahlen\/mexiko\" \/>\n<meta property=\"og:site_name\" content=\"POLYAS\" \/>\n<meta property=\"article:published_time\" content=\"2018-07-10T14:16:18+00:00\" \/>\n<meta property=\"article:modified_time\" content=\"2018-07-12T07:03:58+00:00\" \/>\n<meta property=\"og:image\" content=\"https:\/\/i0.wp.com\/www.polyas.de\/blog\/wp-content\/uploads\/2017\/01\/Wahl-News-Schmal_810x280.png?fit=810%2C280&ssl=1\" \/>\n\t<meta property=\"og:image:width\" content=\"810\" \/>\n\t<meta property=\"og:image:height\" content=\"280\" \/>\n\t<meta property=\"og:image:type\" content=\"image\/png\" \/>\n<meta name=\"author\" content=\"Peter Schraeder\" \/>\n<meta name=\"twitter:card\" content=\"summary_large_image\" \/>\n<meta name=\"twitter:label1\" content=\"Verfasst von\" \/>\n\t<meta name=\"twitter:data1\" content=\"Peter Schraeder\" \/>\n\t<meta name=\"twitter:label2\" content=\"Gesch\u00e4tzte Lesezeit\" \/>\n\t<meta name=\"twitter:data2\" content=\"2 Minuten\" \/>\n<script type=\"application\/ld+json\" class=\"yoast-schema-graph\">{\"@context\":\"https:\/\/schema.org\",\"@graph\":[{\"@type\":\"WebPage\",\"@id\":\"https:\/\/www.polyas.de\/blog\/de\/online-wahlen\/mexiko\",\"url\":\"https:\/\/www.polyas.de\/blog\/de\/online-wahlen\/mexiko\",\"name\":\"Pr\u00e4sidentschaftswahl in Mexiko: Wandel und Handel\",\"isPartOf\":{\"@id\":\"https:\/\/www.polyas.de\/blog\/#website\"},\"datePublished\":\"2018-07-10T14:16:18+00:00\",\"dateModified\":\"2018-07-12T07:03:58+00:00\",\"author\":{\"@id\":\"https:\/\/www.polyas.de\/blog\/#\/schema\/person\/73c28ac950bd0b4d1a9d88ae887f0167\"},\"description\":\"Welche Auswirkungen und Konsequenzen hat die j\u00fcngste Pr\u00e4sidentschaftswahl in Mexiko f\u00fcr das Land und seine Wirtschaft? Wir erkl\u00e4ren es in unserem Blog.\",\"breadcrumb\":{\"@id\":\"https:\/\/www.polyas.de\/blog\/de\/online-wahlen\/mexiko#breadcrumb\"},\"inLanguage\":\"de-DE\",\"potentialAction\":[{\"@type\":\"ReadAction\",\"target\":[\"https:\/\/www.polyas.de\/blog\/de\/online-wahlen\/mexiko\"]}]},{\"@type\":\"BreadcrumbList\",\"@id\":\"https:\/\/www.polyas.de\/blog\/de\/online-wahlen\/mexiko#breadcrumb\",\"itemListElement\":[{\"@type\":\"ListItem\",\"position\":1,\"name\":\"Startseite\",\"item\":\"https:\/\/www.polyas.de\/blog\/de\"},{\"@type\":\"ListItem\",\"position\":2,\"name\":\"Pr\u00e4sidentschaftswahl in Mexiko: Wandel und Handel\"}]},{\"@type\":\"WebSite\",\"@id\":\"https:\/\/www.polyas.de\/blog\/#website\",\"url\":\"https:\/\/www.polyas.de\/blog\/\",\"name\":\"POLYAS\",\"description\":\"the blog for secure online voting\",\"potentialAction\":[{\"@type\":\"SearchAction\",\"target\":{\"@type\":\"EntryPoint\",\"urlTemplate\":\"https:\/\/www.polyas.de\/blog\/?s={search_term_string}\"},\"query-input\":\"required name=search_term_string\"}],\"inLanguage\":\"de-DE\"},{\"@type\":\"Person\",\"@id\":\"https:\/\/www.polyas.de\/blog\/#\/schema\/person\/73c28ac950bd0b4d1a9d88ae887f0167\",\"name\":\"Peter Schraeder\",\"image\":{\"@type\":\"ImageObject\",\"inLanguage\":\"de-DE\",\"@id\":\"https:\/\/www.polyas.de\/blog\/#\/schema\/person\/image\/\",\"url\":\"https:\/\/secure.gravatar.com\/avatar\/4f9e48dcaa40fec909b27d8a9fab7beb?s=96&d=mm&r=g\",\"contentUrl\":\"https:\/\/secure.gravatar.com\/avatar\/4f9e48dcaa40fec909b27d8a9fab7beb?s=96&d=mm&r=g\",\"caption\":\"Peter Schraeder\"},\"url\":\"https:\/\/www.polyas.de\/blog\/author\/peter-schraeder\"}]}<\/script>\n<!-- \/ Yoast SEO plugin. -->","yoast_head_json":{"title":"Pr\u00e4sidentschaftswahl in Mexiko: Wandel und Handel","description":"Welche Auswirkungen und Konsequenzen hat die j\u00fcngste Pr\u00e4sidentschaftswahl in Mexiko f\u00fcr das Land und seine Wirtschaft? Wir erkl\u00e4ren es in unserem Blog.","robots":{"index":"index","follow":"follow","max-snippet":"max-snippet:-1","max-image-preview":"max-image-preview:large","max-video-preview":"max-video-preview:-1"},"canonical":"https:\/\/www.polyas.de\/blog\/de\/online-wahlen\/mexiko","og_locale":"de_DE","og_type":"article","og_title":"Pr\u00e4sidentschaftswahl in Mexiko: Wandel und Handel","og_description":"Welche Auswirkungen und Konsequenzen hat die j\u00fcngste Pr\u00e4sidentschaftswahl in Mexiko f\u00fcr das Land und seine Wirtschaft? Wir erkl\u00e4ren es in unserem Blog.","og_url":"https:\/\/www.polyas.de\/blog\/de\/online-wahlen\/mexiko","og_site_name":"POLYAS","article_published_time":"2018-07-10T14:16:18+00:00","article_modified_time":"2018-07-12T07:03:58+00:00","og_image":[{"width":810,"height":280,"url":"https:\/\/i0.wp.com\/www.polyas.de\/blog\/wp-content\/uploads\/2017\/01\/Wahl-News-Schmal_810x280.png?fit=810%2C280&ssl=1","type":"image\/png"}],"author":"Peter Schraeder","twitter_card":"summary_large_image","twitter_misc":{"Verfasst von":"Peter Schraeder","Gesch\u00e4tzte Lesezeit":"2 Minuten"},"schema":{"@context":"https:\/\/schema.org","@graph":[{"@type":"WebPage","@id":"https:\/\/www.polyas.de\/blog\/de\/online-wahlen\/mexiko","url":"https:\/\/www.polyas.de\/blog\/de\/online-wahlen\/mexiko","name":"Pr\u00e4sidentschaftswahl in Mexiko: Wandel und Handel","isPartOf":{"@id":"https:\/\/www.polyas.de\/blog\/#website"},"datePublished":"2018-07-10T14:16:18+00:00","dateModified":"2018-07-12T07:03:58+00:00","author":{"@id":"https:\/\/www.polyas.de\/blog\/#\/schema\/person\/73c28ac950bd0b4d1a9d88ae887f0167"},"description":"Welche Auswirkungen und Konsequenzen hat die j\u00fcngste Pr\u00e4sidentschaftswahl in Mexiko f\u00fcr das Land und seine Wirtschaft? Wir erkl\u00e4ren es in unserem Blog.","breadcrumb":{"@id":"https:\/\/www.polyas.de\/blog\/de\/online-wahlen\/mexiko#breadcrumb"},"inLanguage":"de-DE","potentialAction":[{"@type":"ReadAction","target":["https:\/\/www.polyas.de\/blog\/de\/online-wahlen\/mexiko"]}]},{"@type":"BreadcrumbList","@id":"https:\/\/www.polyas.de\/blog\/de\/online-wahlen\/mexiko#breadcrumb","itemListElement":[{"@type":"ListItem","position":1,"name":"Startseite","item":"https:\/\/www.polyas.de\/blog\/de"},{"@type":"ListItem","position":2,"name":"Pr\u00e4sidentschaftswahl in Mexiko: Wandel und Handel"}]},{"@type":"WebSite","@id":"https:\/\/www.polyas.de\/blog\/#website","url":"https:\/\/www.polyas.de\/blog\/","name":"POLYAS","description":"the blog for secure online voting","potentialAction":[{"@type":"SearchAction","target":{"@type":"EntryPoint","urlTemplate":"https:\/\/www.polyas.de\/blog\/?s={search_term_string}"},"query-input":"required name=search_term_string"}],"inLanguage":"de-DE"},{"@type":"Person","@id":"https:\/\/www.polyas.de\/blog\/#\/schema\/person\/73c28ac950bd0b4d1a9d88ae887f0167","name":"Peter Schraeder","image":{"@type":"ImageObject","inLanguage":"de-DE","@id":"https:\/\/www.polyas.de\/blog\/#\/schema\/person\/image\/","url":"https:\/\/secure.gravatar.com\/avatar\/4f9e48dcaa40fec909b27d8a9fab7beb?s=96&d=mm&r=g","contentUrl":"https:\/\/secure.gravatar.com\/avatar\/4f9e48dcaa40fec909b27d8a9fab7beb?s=96&d=mm&r=g","caption":"Peter Schraeder"},"url":"https:\/\/www.polyas.de\/blog\/author\/peter-schraeder"}]}},"jetpack_featured_media_url":"https:\/\/www.polyas.de\/blog\/wp-content\/uploads\/2017\/01\/Wahl-News-Schmal_810x280.png","jetpack_publicize_connections":[],"jetpack_shortlink":"https:\/\/wp.me\/s72Pnr-mexiko","jetpack-related-posts":[{"id":4854,"url":"https:\/\/www.polyas.de\/blog\/de\/online-wahlen\/praesidentschaftswahl-frankreich","url_meta":{"origin":6733,"position":0},"title":"#Wahlnews: Pr\u00e4sidentschaftswahl in Frankreich \u2013 K.O. f\u00fcr die Volksparteien","date":"24\/04\/2017","format":false,"excerpt":"Gestern waren insgesamt 47 Millionen Franzosen dazu aufgerufen in einem ersten Wahlgang \u00fcber den neuen franz\u00f6sischen Pr\u00e4sidenten abzustimmen. Da kein Kandidat eine absolute Mehrheit erzielen konnte, findet am 07. Mai eine Stichwahl zwischen den beiden Kandidaten mit den meisten Stimmen statt: dem liberalen Emmanuel Macron und der Rechtspopulistin Marine Le\u2026","rel":"","context":"In &quot;Wahl News&quot;","img":{"alt_text":"Alle Infos zu Parlamentswahlen, Pr\u00e4sidentschaftswahlen und sonstigen Wahlen rund um die Welt: in unseren #WahlNews","src":"https:\/\/i0.wp.com\/www.polyas.de\/blog\/wp-content\/uploads\/2017\/01\/Wahl-News-Schmal_810x280.png?resize=350%2C200&ssl=1","width":350,"height":200},"classes":[]},{"id":4702,"url":"https:\/\/www.polyas.de\/blog\/de\/online-wahlen\/praesidentschaftswahl-serbien","url_meta":{"origin":6733,"position":1},"title":"#WahlNews: Pr\u00e4sidentschaftswahl in Serbien","date":"03\/04\/2017","format":false,"excerpt":"Immer wieder Sonntags \u2026\u00a0 Rund 6,7 Millionen Serben waren\u00a0gestern zur Stimmabgabe bei der Pr\u00e4sidentschaftswahl aufgerufen. Eine Wahl, die sowohl in Br\u00fcssel, als auch in Washington und Moskau aufmerksam verfolgt wurde. Die Stabilit\u00e4t der s\u00fcdosteurop\u00e4ischen Region h\u00e4ngt stark von Serbiens Politik und einer m\u00f6glichen Pro - oder Contra Ausrichtung hin zu\u2026","rel":"","context":"In &quot;Wahl News&quot;","img":{"alt_text":"Erfahren Sie alles Aktuelle \u00fcber die Parlamentswahl in der Ukraine","src":"https:\/\/i0.wp.com\/www.polyas.de\/blog\/wp-content\/uploads\/2016\/12\/Wahl-News-Schmal_810x280.png?resize=350%2C200&ssl=1","width":350,"height":200},"classes":[]},{"id":2662,"url":"https:\/\/www.polyas.de\/blog\/de\/online-wahlen\/der-kandidatencheck-die-republikaner","url_meta":{"origin":6733,"position":2},"title":"Der Kandidatencheck &#8211; Die Republikaner","date":"03\/05\/2016","format":false,"excerpt":"Im Kampf um den Sitz im Wei\u00dfen Haus sind derzeit noch f\u00fcnf\u00a0Kandidaten. Drei davon auf Seiten der Republikanischen Partei. Welcher Kandidat will was und warum? Wir verraten es Ihnen! Der schillerndste und bei den W\u00e4hlern beliebteste Pr\u00e4sidentschaftsanw\u00e4rter auf Seiten der Republikaner ist wohl Donald Trump. Doch auch die Ziele und\u2026","rel":"","context":"In &quot;Wahl News&quot;","img":{"alt_text":"Trump hat gewonnen. Warum?","src":"https:\/\/i0.wp.com\/www.polyas.de\/blog\/wp-content\/uploads\/2016\/04\/Pra--sidentschaftswahl_USA.png?resize=350%2C200&ssl=1","width":350,"height":200},"classes":[]},{"id":1939,"url":"https:\/\/www.polyas.de\/blog\/de\/online-wahlen\/wahlnews-ein-wahl-vor-der-wahl","url_meta":{"origin":6733,"position":3},"title":"#WahlNews: Ein Wahl vor der Wahl","date":"01\/02\/2016","format":false,"excerpt":"01.02.16: Heute mal montags. Wieder ist ein Sonntag rum, doch diesmal entscheidet sich am nicht so traditionellen Wahl-Montag die politische Aufstellung in der Pr\u00e4sidentschaftswahl bei den Nachbarn \u00fcber dem gro\u00dfen Teich. #CaucusDay #Iowa #USElections2016 Die Pr\u00e4sidentschaftswahl in die Vereinigten Staaten ist ein Wahl-Monstrum, was seinesgleichen sucht. Schon Monate bevor die\u2026","rel":"","context":"In &quot;Wahl News&quot;","img":{"alt_text":"Eine w\u00f6chentliche Zusammenfassung der wichtigsten News aus der Welt der Wahlen. Wahlbeteiligung, Wahlergebnisse und politische Zusammenh\u00e4nge!","src":"https:\/\/i0.wp.com\/www.polyas.de\/blog\/wp-content\/uploads\/2015\/11\/Blogvorlagen_Wahlnews2.png?resize=350%2C200&ssl=1","width":350,"height":200},"classes":[]},{"id":6223,"url":"https:\/\/www.polyas.de\/blog\/de\/online-wahlen\/tschechiens-praesidentschaftswahl","url_meta":{"origin":6733,"position":4},"title":"Tschechiens Pr\u00e4sidentschaftswahl 2018: Zeman muss in die Stichwahl","date":"15\/01\/2018","format":false,"excerpt":"Tschechiens Pr\u00e4sidentschaftswahl 2018 hat f\u00fcr keine \u00dcberraschungen gesorgt: Die erste Runde hat Amtsinhaber Milo\u0161 Zeman gewonnen, er muss aber in zwei Wochen in die Stichwahl. Sein Konkurrent ist der parteilose Chemieprofessor Ji\u0159\u00ed Draho\u0161. Alles zur Wahl wie immer in unseren #WahlNews. Zeman gewinnt Tschechiens Pr\u00e4sidentschaftswahl 2018 Es war die erste\u2026","rel":"","context":"In &quot;Wahl News&quot;","img":{"alt_text":"Erfahren Sie alles Aktuelle \u00fcber die Parlamentswahl in der Ukraine","src":"https:\/\/i0.wp.com\/www.polyas.de\/blog\/wp-content\/uploads\/2016\/12\/Wahl-News-Schmal_810x280.png?resize=350%2C200&ssl=1","width":350,"height":200},"classes":[]},{"id":3651,"url":"https:\/\/www.polyas.de\/blog\/de\/online-wahlen\/wahlen-moldau-bulgarien","url_meta":{"origin":6733,"position":5},"title":"Europa oder Russland? &#8211; Pr\u00e4sidentschaftswahlen in Moldau und Bulgarien","date":"14\/11\/2016","format":false,"excerpt":"Immer wieder sonntags\u2026. In zwei osteurop\u00e4ischen L\u00e4ndern fanden an diesem Wochenende Pr\u00e4sidentschaftswahlen statt. Die Bev\u00f6lkerungen in der Republik Moldau und in Bulgarien haben ihre neuen Pr\u00e4sidenten gew\u00e4hlt. Obwohl die j\u00fcngste US-Wahl die Medienlandschaft \u00fcberschattet, sind die Wahlen in Moldau und Bulgarien f\u00fcr die Zukunft Europas genauso wichtig. Die Ergebnisse im\u2026","rel":"","context":"In &quot;Wahl News&quot;","img":{"alt_text":"In Spanien und der Schweiz wurde abgestimmt","src":"https:\/\/i0.wp.com\/www.polyas.de\/blog\/wp-content\/uploads\/2016\/03\/Wahl-News.png?resize=350%2C200&ssl=1","width":350,"height":200},"classes":[]}],"_links":{"self":[{"href":"https:\/\/www.polyas.de\/blog\/wp-json\/wp\/v2\/posts\/6733"}],"collection":[{"href":"https:\/\/www.polyas.de\/blog\/wp-json\/wp\/v2\/posts"}],"about":[{"href":"https:\/\/www.polyas.de\/blog\/wp-json\/wp\/v2\/types\/post"}],"author":[{"embeddable":true,"href":"https:\/\/www.polyas.de\/blog\/wp-json\/wp\/v2\/users\/277"}],"replies":[{"embeddable":true,"href":"https:\/\/www.polyas.de\/blog\/wp-json\/wp\/v2\/comments?post=6733"}],"version-history":[{"count":3,"href":"https:\/\/www.polyas.de\/blog\/wp-json\/wp\/v2\/posts\/6733\/revisions"}],"predecessor-version":[{"id":6738,"href":"https:\/\/www.polyas.de\/blog\/wp-json\/wp\/v2\/posts\/6733\/revisions\/6738"}],"wp:featuredmedia":[{"embeddable":true,"href":"https:\/\/www.polyas.de\/blog\/wp-json\/wp\/v2\/media\/4022"}],"wp:attachment":[{"href":"https:\/\/www.polyas.de\/blog\/wp-json\/wp\/v2\/media?parent=6733"}],"wp:term":[{"taxonomy":"category","embeddable":true,"href":"https:\/\/www.polyas.de\/blog\/wp-json\/wp\/v2\/categories?post=6733"},{"taxonomy":"post_tag","embeddable":true,"href":"https:\/\/www.polyas.de\/blog\/wp-json\/wp\/v2\/tags?post=6733"}],"curies":[{"name":"wp","href":"https:\/\/api.w.org\/{rel}","templated":true}]}}