{"id":6678,"date":"2018-05-28T17:20:48","date_gmt":"2018-05-28T15:20:48","guid":{"rendered":"https:\/\/www.polyas.de\/blog\/?p=6678"},"modified":"2024-06-21T09:45:11","modified_gmt":"2024-06-21T07:45:11","slug":"kolumbien-praesidentschaftswahl","status":"publish","type":"post","link":"https:\/\/www.polyas.de\/blog\/de\/allgemein-de\/kolumbien-praesidentschaftswahl","title":{"rendered":"Pr\u00e4sidentschaftswahlen in Kolumbien: Ein Land am Scheideweg"},"content":{"rendered":"<p>Bei der Wahl in Kolumbien haben sich die Favoriten durchgesetzt: In die Stichwahl um das Pr\u00e4sidentenamt kommen der rechtskonservative Ivan Duque und der linke Gustavo Petro. Der Sieger entscheidet auch \u00fcber die Zukunft des Friedensvertrags mit der <a href=\"https:\/\/de.wikipedia.org\/wiki\/FARC-EP\" target=\"_blank\" rel=\"noopener\">FARC<\/a>.<\/p>\n<p><!--more--><\/p>\n<h3>Kolumbien hat gew\u00e4hlt<\/h3>\n<p>Der 41-j\u00e4hrige Anwalt<a href=\"https:\/\/www.ivanduque.com\/\" target=\"_blank\" rel=\"noopener\"> Ivan Duque<\/a> ist der klare Sieger der Wahl. Nach der vorl\u00e4ufigen Schnellausz\u00e4hlung kommt er auf 39 Prozent der Stimmen. Ein Rekordergebnis in einer ersten Runde der Pr\u00e4sidentschaftswahl in Kolumbien. Mit 25,09 Prozent der Stimmen konnte Ex-Guerillero Gustavo Petro, von der linken Bewegung Colombia Humana, den zweiten Platz belegen.<\/p>\n<p><a href=\"https:\/\/www.polyas.de\/blog\/de\/online-wahlen\/praesidentschaftswahl-zypern-costa-rica\">Lesen Sie hier, wie im Februar die Pr\u00e4sdentschaftswahl in Costa Rica verlaufen ist!<\/a><\/p>\n<p>Bei der Abstimmung ging es vor allem um die Zukunft <a href=\"https:\/\/www.zeit.de\/politik\/deutschland\/2016-12\/kolumbien-kongress-friedensvertrag-farc-abstimmung\" target=\"_blank\" rel=\"noopener\">des historischen Friedensabkommens mit der linken Guerillabewegung FARC<\/a>. Der international bejubelte Friedensprozess ist in dem s\u00fcdamerikanischen Land selbst \u00e4u\u00dferst umstritten. Duque will den Vertrag in wesentlichen Punkten \u00e4ndern und k\u00f6nnte die Ex-Rebellen damit zur\u00fcck in den Untergrund treiben. Petro hingegen will an dem Abkommen festhalten.<\/p>\n<h3><strong>Extrem konservativ gegen extrem links <\/strong><\/h3>\n<p>Der konservative Duque ist der Wunschkandidat des immer noch popul\u00e4ren Ex-Pr\u00e4sidenten Uribe. Duque hatte die FARC mit eiserner Faust bek\u00e4mpft und auch das Friedensabkommen stark kritisiert. Duque hatte damit Wahlkampf gemacht, das Friedensabkommen zu ver\u00e4ndern, damit auch fr\u00fchere FARC-Kommandanten bestraft werden k\u00f6nnten. Der Kandidaten der Rechten wehrte sich aber gegen den Vorwurf, er sei gegen den Frieden. Duques Gegner sagen, er sei weniger der Wunschnachfolger, sondern eher eine Marionette Uribes.<\/p>\n<p>Der linke Petro setzte vor allem auf soziale Themen und nahm die wirtschaftliche Ungleichheit Kolumbiens in den Mittelpunkt seines Wahlkampfes: &#8220;Wenn wir von der \u00dcberwindung der Armut gesprochen haben, hei\u00dft das nicht, dass wir die Reichen \u00e4rmer machen wollen, sondern wir wollen die Armen Kolumbiens reicher machen.&#8221; Der Weg dorthin soll vor allem \u00fcber kostenlose Universit\u00e4tsbildung f\u00fcr alle f\u00fchren. &#8220;Wir wollen aus der kolumbianische Gesellschaft, die heute die gr\u00f6\u00dfte Ungleichheit der Welt aufweist, eine Gesellschaft der Mittelschicht machen, die der gesamten Bev\u00f6lkerung Chancen bietet\u201c, so Petro weiter.<\/p>\n<h3><strong>Stichwahl in drei Wochen wird Richtungswahl <\/strong><\/h3>\n<p>Die Stichwahl in drei Wochen wird also eine Richtungswahl f\u00fcr Kolumbien. Mit Duque und Petro treffen in Kolumbien ein ziemlich linker und ein rechtskonservativer Kandidat aufeinander &#8211; beide stehen f\u00fcr v\u00f6llig unterschiedliche Gesellschaftsmodelle und f\u00fcr v\u00f6llig unterschiedliche Vorstellungen, wie der Friedensprozess weitergehen soll.<\/p>\n<p>Das Ergebnis der Wahl wird davon abh\u00e4ngen, auf welche Seite sich die unterlegenen Kandidaten aus der Mitte des politischen Spektrums jetzt schlagen. In Kolumbien ist es \u00fcblich, sie in Wahlb\u00fcndnisse f\u00fcr die Stichwahl einzubinden. Bis jetzt hat keiner von ihnen eine Wahlempfehlung abgegeben oder auch nur eine Tendenz erkennen lassen.<\/p>\n<p><a href=\"https:\/\/configurator.polyas.com\/#!\/register?lang=de&amp;country=DE\" target=\"_blank\" rel=\"noopener\"><img data-attachment-id=\"5656\" data-permalink=\"https:\/\/www.polyas.de\/blog\/de\/online-wahlen\/norwegen-parlamentswahl\/attachment\/banner-blog\" data-orig-file=\"https:\/\/www.polyas.de\/blog\/wp-content\/uploads\/2017\/09\/Banner-Blog.jpg\" data-orig-size=\"860,100\" data-comments-opened=\"1\" data-image-meta=\"{&quot;aperture&quot;:&quot;0&quot;,&quot;credit&quot;:&quot;&quot;,&quot;camera&quot;:&quot;&quot;,&quot;caption&quot;:&quot;&quot;,&quot;created_timestamp&quot;:&quot;0&quot;,&quot;copyright&quot;:&quot;&quot;,&quot;focal_length&quot;:&quot;0&quot;,&quot;iso&quot;:&quot;0&quot;,&quot;shutter_speed&quot;:&quot;0&quot;,&quot;title&quot;:&quot;&quot;,&quot;orientation&quot;:&quot;0&quot;}\" data-image-title=\"Online-Wahl kostenlos testen\" data-image-description=\"\" data-image-caption=\"\" data-medium-file=\"https:\/\/www.polyas.de\/blog\/wp-content\/uploads\/2017\/09\/Banner-Blog-300x35.jpg\" data-large-file=\"https:\/\/www.polyas.de\/blog\/wp-content\/uploads\/2017\/09\/Banner-Blog.jpg\" loading=\"lazy\" class=\"wp-image-5656 size-full aligncenter\" src=\"https:\/\/www.polyas.de\/blog\/wp-content\/uploads\/2017\/09\/Banner-Blog.jpg\" alt=\"Testen Sie die Online-Wahl jetzt kostenlos\" width=\"860\" height=\"100\" srcset=\"https:\/\/www.polyas.de\/blog\/wp-content\/uploads\/2017\/09\/Banner-Blog.jpg 860w, https:\/\/www.polyas.de\/blog\/wp-content\/uploads\/2017\/09\/Banner-Blog-300x35.jpg 300w, https:\/\/www.polyas.de\/blog\/wp-content\/uploads\/2017\/09\/Banner-Blog-768x89.jpg 768w, https:\/\/www.polyas.de\/blog\/wp-content\/uploads\/2017\/09\/Banner-Blog-500x58.jpg 500w\" sizes=\"(max-width: 860px) 100vw, 860px\" \/><\/a><\/p>\n","protected":false},"excerpt":{"rendered":"<p>Bei der Wahl in Kolumbien haben sich die Favoriten durchgesetzt: In die Stichwahl um das Pr\u00e4sidentenamt kommen der rechtskonservative Ivan Duque und der linke Gustavo Petro. Der Sieger entscheidet auch \u00fcber die Zukunft des Friedensvertrags mit der FARC.<\/p>\n","protected":false},"author":277,"featured_media":4031,"comment_status":"open","ping_status":"open","sticky":false,"template":"","format":"standard","meta":{"_eb_attr":"","ub_ctt_via":"","spay_email":"","jetpack_publicize_message":"","jetpack_is_tweetstorm":false,"jetpack_publicize_feature_enabled":true},"categories":[19],"tags":[1998,901,343,2000],"featured_image_src":"https:\/\/www.polyas.de\/blog\/wp-content\/uploads\/2016\/12\/Wahl-News-Schmal_810x280.png","author_info":{"display_name":"Peter Schraeder","author_link":"https:\/\/www.polyas.de\/blog\/author\/peter-schraeder"},"yoast_head":"<!-- This site is optimized with the Yoast SEO plugin v19.9 - https:\/\/yoast.com\/wordpress\/plugins\/seo\/ -->\n<title>Pr\u00e4sidentschaftswahlen in Kolumbien: Ein Land am Scheideweg<\/title>\n<meta name=\"description\" content=\"Der konservative Ivan Duque und der linke Gustavo Petro gehen in die Stichwahl: Lesen Sie alles zur Wahl in Kolumbien auf unserem POLYAS Blog!\" \/>\n<meta name=\"robots\" content=\"index, follow, max-snippet:-1, max-image-preview:large, max-video-preview:-1\" \/>\n<link rel=\"canonical\" href=\"https:\/\/www.polyas.de\/blog\/de\/allgemein-de\/kolumbien-praesidentschaftswahl\" \/>\n<meta property=\"og:locale\" content=\"de_DE\" \/>\n<meta property=\"og:type\" content=\"article\" \/>\n<meta property=\"og:title\" content=\"Pr\u00e4sidentschaftswahlen in Kolumbien: Ein Land am Scheideweg\" \/>\n<meta property=\"og:description\" content=\"Der konservative Ivan Duque und der linke Gustavo Petro gehen in die Stichwahl: Lesen Sie alles zur Wahl in Kolumbien auf unserem POLYAS Blog!\" \/>\n<meta property=\"og:url\" content=\"https:\/\/www.polyas.de\/blog\/de\/allgemein-de\/kolumbien-praesidentschaftswahl\" \/>\n<meta property=\"og:site_name\" content=\"POLYAS\" \/>\n<meta property=\"article:published_time\" content=\"2018-05-28T15:20:48+00:00\" \/>\n<meta property=\"article:modified_time\" content=\"2024-06-21T07:45:11+00:00\" \/>\n<meta property=\"og:image\" content=\"https:\/\/www.polyas.de\/blog\/wp-content\/uploads\/2016\/12\/Wahl-News-Schmal_810x280.png\" \/>\n\t<meta property=\"og:image:width\" content=\"810\" \/>\n\t<meta property=\"og:image:height\" content=\"280\" \/>\n\t<meta property=\"og:image:type\" content=\"image\/png\" \/>\n<meta name=\"author\" content=\"Peter Schraeder\" \/>\n<meta name=\"twitter:card\" content=\"summary_large_image\" \/>\n<meta name=\"twitter:label1\" content=\"Verfasst von\" \/>\n\t<meta name=\"twitter:data1\" content=\"Peter Schraeder\" \/>\n\t<meta name=\"twitter:label2\" content=\"Gesch\u00e4tzte Lesezeit\" \/>\n\t<meta name=\"twitter:data2\" content=\"3 Minuten\" \/>\n<script type=\"application\/ld+json\" class=\"yoast-schema-graph\">{\"@context\":\"https:\/\/schema.org\",\"@graph\":[{\"@type\":\"WebPage\",\"@id\":\"https:\/\/www.polyas.de\/blog\/de\/allgemein-de\/kolumbien-praesidentschaftswahl\",\"url\":\"https:\/\/www.polyas.de\/blog\/de\/allgemein-de\/kolumbien-praesidentschaftswahl\",\"name\":\"Pr\u00e4sidentschaftswahlen in Kolumbien: Ein Land am Scheideweg\",\"isPartOf\":{\"@id\":\"https:\/\/www.polyas.de\/blog\/#website\"},\"datePublished\":\"2018-05-28T15:20:48+00:00\",\"dateModified\":\"2024-06-21T07:45:11+00:00\",\"author\":{\"@id\":\"https:\/\/www.polyas.de\/blog\/#\/schema\/person\/73c28ac950bd0b4d1a9d88ae887f0167\"},\"description\":\"Der konservative Ivan Duque und der linke Gustavo Petro gehen in die Stichwahl: Lesen Sie alles zur Wahl in Kolumbien auf unserem POLYAS Blog!\",\"breadcrumb\":{\"@id\":\"https:\/\/www.polyas.de\/blog\/de\/allgemein-de\/kolumbien-praesidentschaftswahl#breadcrumb\"},\"inLanguage\":\"de-DE\",\"potentialAction\":[{\"@type\":\"ReadAction\",\"target\":[\"https:\/\/www.polyas.de\/blog\/de\/allgemein-de\/kolumbien-praesidentschaftswahl\"]}]},{\"@type\":\"BreadcrumbList\",\"@id\":\"https:\/\/www.polyas.de\/blog\/de\/allgemein-de\/kolumbien-praesidentschaftswahl#breadcrumb\",\"itemListElement\":[{\"@type\":\"ListItem\",\"position\":1,\"name\":\"Startseite\",\"item\":\"https:\/\/www.polyas.de\/blog\/de\"},{\"@type\":\"ListItem\",\"position\":2,\"name\":\"Pr\u00e4sidentschaftswahlen in Kolumbien: Ein Land am Scheideweg\"}]},{\"@type\":\"WebSite\",\"@id\":\"https:\/\/www.polyas.de\/blog\/#website\",\"url\":\"https:\/\/www.polyas.de\/blog\/\",\"name\":\"POLYAS\",\"description\":\"the blog for secure online voting\",\"potentialAction\":[{\"@type\":\"SearchAction\",\"target\":{\"@type\":\"EntryPoint\",\"urlTemplate\":\"https:\/\/www.polyas.de\/blog\/?s={search_term_string}\"},\"query-input\":\"required name=search_term_string\"}],\"inLanguage\":\"de-DE\"},{\"@type\":\"Person\",\"@id\":\"https:\/\/www.polyas.de\/blog\/#\/schema\/person\/73c28ac950bd0b4d1a9d88ae887f0167\",\"name\":\"Peter Schraeder\",\"image\":{\"@type\":\"ImageObject\",\"inLanguage\":\"de-DE\",\"@id\":\"https:\/\/www.polyas.de\/blog\/#\/schema\/person\/image\/\",\"url\":\"https:\/\/secure.gravatar.com\/avatar\/4f9e48dcaa40fec909b27d8a9fab7beb?s=96&d=mm&r=g\",\"contentUrl\":\"https:\/\/secure.gravatar.com\/avatar\/4f9e48dcaa40fec909b27d8a9fab7beb?s=96&d=mm&r=g\",\"caption\":\"Peter Schraeder\"},\"url\":\"https:\/\/www.polyas.de\/blog\/author\/peter-schraeder\"}]}<\/script>\n<!-- \/ Yoast SEO plugin. -->","yoast_head_json":{"title":"Pr\u00e4sidentschaftswahlen in Kolumbien: Ein Land am Scheideweg","description":"Der konservative Ivan Duque und der linke Gustavo Petro gehen in die Stichwahl: Lesen Sie alles zur Wahl in Kolumbien auf unserem POLYAS Blog!","robots":{"index":"index","follow":"follow","max-snippet":"max-snippet:-1","max-image-preview":"max-image-preview:large","max-video-preview":"max-video-preview:-1"},"canonical":"https:\/\/www.polyas.de\/blog\/de\/allgemein-de\/kolumbien-praesidentschaftswahl","og_locale":"de_DE","og_type":"article","og_title":"Pr\u00e4sidentschaftswahlen in Kolumbien: Ein Land am Scheideweg","og_description":"Der konservative Ivan Duque und der linke Gustavo Petro gehen in die Stichwahl: Lesen Sie alles zur Wahl in Kolumbien auf unserem POLYAS Blog!","og_url":"https:\/\/www.polyas.de\/blog\/de\/allgemein-de\/kolumbien-praesidentschaftswahl","og_site_name":"POLYAS","article_published_time":"2018-05-28T15:20:48+00:00","article_modified_time":"2024-06-21T07:45:11+00:00","og_image":[{"width":810,"height":280,"url":"https:\/\/www.polyas.de\/blog\/wp-content\/uploads\/2016\/12\/Wahl-News-Schmal_810x280.png","type":"image\/png"}],"author":"Peter Schraeder","twitter_card":"summary_large_image","twitter_misc":{"Verfasst von":"Peter Schraeder","Gesch\u00e4tzte Lesezeit":"3 Minuten"},"schema":{"@context":"https:\/\/schema.org","@graph":[{"@type":"WebPage","@id":"https:\/\/www.polyas.de\/blog\/de\/allgemein-de\/kolumbien-praesidentschaftswahl","url":"https:\/\/www.polyas.de\/blog\/de\/allgemein-de\/kolumbien-praesidentschaftswahl","name":"Pr\u00e4sidentschaftswahlen in Kolumbien: Ein Land am Scheideweg","isPartOf":{"@id":"https:\/\/www.polyas.de\/blog\/#website"},"datePublished":"2018-05-28T15:20:48+00:00","dateModified":"2024-06-21T07:45:11+00:00","author":{"@id":"https:\/\/www.polyas.de\/blog\/#\/schema\/person\/73c28ac950bd0b4d1a9d88ae887f0167"},"description":"Der konservative Ivan Duque und der linke Gustavo Petro gehen in die Stichwahl: Lesen Sie alles zur Wahl in Kolumbien auf unserem POLYAS Blog!","breadcrumb":{"@id":"https:\/\/www.polyas.de\/blog\/de\/allgemein-de\/kolumbien-praesidentschaftswahl#breadcrumb"},"inLanguage":"de-DE","potentialAction":[{"@type":"ReadAction","target":["https:\/\/www.polyas.de\/blog\/de\/allgemein-de\/kolumbien-praesidentschaftswahl"]}]},{"@type":"BreadcrumbList","@id":"https:\/\/www.polyas.de\/blog\/de\/allgemein-de\/kolumbien-praesidentschaftswahl#breadcrumb","itemListElement":[{"@type":"ListItem","position":1,"name":"Startseite","item":"https:\/\/www.polyas.de\/blog\/de"},{"@type":"ListItem","position":2,"name":"Pr\u00e4sidentschaftswahlen in Kolumbien: Ein Land am Scheideweg"}]},{"@type":"WebSite","@id":"https:\/\/www.polyas.de\/blog\/#website","url":"https:\/\/www.polyas.de\/blog\/","name":"POLYAS","description":"the blog for secure online voting","potentialAction":[{"@type":"SearchAction","target":{"@type":"EntryPoint","urlTemplate":"https:\/\/www.polyas.de\/blog\/?s={search_term_string}"},"query-input":"required name=search_term_string"}],"inLanguage":"de-DE"},{"@type":"Person","@id":"https:\/\/www.polyas.de\/blog\/#\/schema\/person\/73c28ac950bd0b4d1a9d88ae887f0167","name":"Peter Schraeder","image":{"@type":"ImageObject","inLanguage":"de-DE","@id":"https:\/\/www.polyas.de\/blog\/#\/schema\/person\/image\/","url":"https:\/\/secure.gravatar.com\/avatar\/4f9e48dcaa40fec909b27d8a9fab7beb?s=96&d=mm&r=g","contentUrl":"https:\/\/secure.gravatar.com\/avatar\/4f9e48dcaa40fec909b27d8a9fab7beb?s=96&d=mm&r=g","caption":"Peter Schraeder"},"url":"https:\/\/www.polyas.de\/blog\/author\/peter-schraeder"}]}},"jetpack_featured_media_url":"https:\/\/www.polyas.de\/blog\/wp-content\/uploads\/2016\/12\/Wahl-News-Schmal_810x280.png","jetpack_publicize_connections":[],"jetpack_shortlink":"https:\/\/wp.me\/p72Pnr-1JI","jetpack-related-posts":[{"id":6733,"url":"https:\/\/www.polyas.de\/blog\/de\/online-wahlen\/mexiko","url_meta":{"origin":6678,"position":0},"title":"Pr\u00e4sidentschaftswahl in Mexiko: Wandel und Handel","date":"10\/07\/2018","format":false,"excerpt":"Politischer Umbruch in Mexiko: Lopez Obrador, der Kandidat der linken Morena-Partei, hat Anfang Juli mit 53,8 Prozent die Pr\u00e4sidentschaftswahl in Mexiko gewonnen. Das Ergebnis ist historisch. In der noch jungen Geschichte der mexikanischen Demokratie hat noch nie ein Pr\u00e4sidentschaftskandidat so viele Stimmen erhalten. Auch die Wirtschaft reagiert anders als erwartet.\u2026","rel":"","context":"In &quot;Wahl News&quot;","img":{"alt_text":"Alle Infos zu Parlamentswahlen, Pr\u00e4sidentschaftswahlen und sonstigen Wahlen rund um die Welt: in unseren #WahlNews","src":"https:\/\/i0.wp.com\/www.polyas.de\/blog\/wp-content\/uploads\/2017\/01\/Wahl-News-Schmal_810x280.png?resize=350%2C200&ssl=1","width":350,"height":200},"classes":[]},{"id":7339,"url":"https:\/\/www.polyas.de\/blog\/de\/online-wahlen\/parlamentswahl-in-der-ukraine","url_meta":{"origin":6678,"position":1},"title":"Parlamentswahl in der Ukraine \u2013 Selenskyjs Partei r\u00e4umt ab","date":"22\/07\/2019","format":false,"excerpt":"Bei der vorgezogenen Parlamentswahl in der Ukraine lag die Partei \u201eDiener des Volkes\u201c des neuen Pr\u00e4sidenten Wolodymyr Selenskyj bereits nach einer Ausz\u00e4hlung von 30 Prozent der Stimmen mit \u00fcber 42 Prozent deutlich vorn. Erfolg auf ganzer Linie So erfolgreich wie Selenskyjs Partei war in der Ukraine noch keine Partei bei\u2026","rel":"","context":"In &quot;Wahl News&quot;","img":{"alt_text":"Erfahren Sie alles Aktuelle \u00fcber die Parlamentswahl in der Ukraine","src":"https:\/\/i0.wp.com\/www.polyas.de\/blog\/wp-content\/uploads\/2016\/12\/Wahl-News-Schmal_810x280.png?resize=350%2C200&ssl=1","width":350,"height":200},"classes":[]},{"id":3425,"url":"https:\/\/www.polyas.de\/blog\/de\/allgemein-de\/referendum-ungarn-kolumbien","url_meta":{"origin":6678,"position":2},"title":"\u00dcberraschende Referenden in Ungarn und Kolumbien","date":"03\/10\/2016","format":false,"excerpt":"Immer wieder sonntags... Dieser Sonntag war ein Tag der Referenden und der \u00dcberraschungen. So hat Viktor Orb\u00e1n eine unerwartete Schlappe eingefahren. In Kolumbien hat die Bev\u00f6lkerung mit knapper Mehrheit den historischen Friedensvertrag mit der FARC abgelehnt. In Estland ist am Montag ein neuer Staatsoberhaupt gew\u00e4hlt worden. Die Geschehnisse im \u00dcberblick:\u2026","rel":"","context":"In &quot;\u00dcber POLYAS&quot;","img":{"alt_text":"In Spanien und der Schweiz wurde abgestimmt","src":"https:\/\/i0.wp.com\/www.polyas.de\/blog\/wp-content\/uploads\/2016\/03\/Wahl-News.png?resize=350%2C200&ssl=1","width":350,"height":200},"classes":[]},{"id":6917,"url":"https:\/\/www.polyas.de\/blog\/de\/online-wahlen\/wahlen-2019","url_meta":{"origin":6678,"position":3},"title":"Wahlen 2019 &#8211; Ein Ausblick auf das kommende Wahljahr","date":"02\/01\/2019","format":false,"excerpt":"Welche Wahlen werden im kommenden Jahr besonders spannend und richtungsweisend? Das Wahljahr 2018 stand in Sachen \u00dcberraschungen dem Superwahljahr 2017 in Nichts nach. POLYAS blickt gespannt auf den Wahlkalender f\u00fcr 2019. Parlamentswahlen 2019 Der 26. Mai 2018 wird ein Superwahlsonntag Mit besonderer Spannung k\u00f6nnen die EU-Staaten im kommenden Wahljahr wohl\u2026","rel":"","context":"In &quot;Wahl News&quot;","img":{"alt_text":"","src":"https:\/\/i0.wp.com\/www.polyas.de\/blog\/wp-content\/uploads\/2018\/12\/Wahlen_2019-1.gif?resize=350%2C200&ssl=1","width":350,"height":200},"classes":[]},{"id":6143,"url":"https:\/\/www.polyas.de\/blog\/de\/online-wahlen\/wahlen-2018","url_meta":{"origin":6678,"position":4},"title":"Wahlen 2018: Diese wichtigen Wahlen finden dieses Jahr statt","date":"02\/01\/2018","format":false,"excerpt":"2017 war ein Superwahljahr, das viele \u00dcberraschungen bereithielt \u2013 ob die Wahlen 2018 da mithalten k\u00f6nnen? POLYAS wirft einen Blick auf die kommenden Wahltermine, die die gr\u00f6\u00dften Ver\u00e4nderungen mit sich bringen k\u00f6nnten. Wer gewinnt die Wahlen 2018 in Italien? In Europa sind wieder viele B\u00fcrger aufgerufen, ihre Stimme abzugeben. Allein\u2026","rel":"","context":"In &quot;Wahl News&quot;","img":{"alt_text":"Die Wahlen 2018 versprechen spannend zu werden.","src":"https:\/\/i0.wp.com\/www.polyas.de\/blog\/wp-content\/uploads\/2017\/12\/Wahlen_2018.gif?resize=350%2C200&ssl=1","width":350,"height":200},"classes":[]},{"id":7087,"url":"https:\/\/www.polyas.de\/blog\/de\/online-wahlen\/ukraine-selensky-gewinnt-wahl","url_meta":{"origin":6678,"position":5},"title":"Pr\u00e4sidentschaftswahl in der Ukraine \u2013 Politik-Deb\u00fctant gewinnt","date":"01\/04\/2019","format":false,"excerpt":"Am vergangenen Sonntag, dem 31. M\u00e4rz, fand die erste Wahlrunde f\u00fcr das Pr\u00e4sidentenamt in der Ukraine statt. Keiner der drei Spitzenkandidaten konnte die absolute Mehrheit f\u00fcr sich gewinnen, doch Politik-Neuling Wolodymyr Selensky gewann mit gro\u00dfem Vorsprung die erste Wahlrunde. Zuversicht bei Selensky nach der ersten Wahlrunde in der Ukraine Insgesamt\u2026","rel":"","context":"In &quot;Wahl News&quot;","img":{"alt_text":"Erfahren Sie alles Aktuelle \u00fcber die Parlamentswahl in der Ukraine","src":"https:\/\/i0.wp.com\/www.polyas.de\/blog\/wp-content\/uploads\/2016\/12\/Wahl-News-Schmal_810x280.png?resize=350%2C200&ssl=1","width":350,"height":200},"classes":[]}],"_links":{"self":[{"href":"https:\/\/www.polyas.de\/blog\/wp-json\/wp\/v2\/posts\/6678"}],"collection":[{"href":"https:\/\/www.polyas.de\/blog\/wp-json\/wp\/v2\/posts"}],"about":[{"href":"https:\/\/www.polyas.de\/blog\/wp-json\/wp\/v2\/types\/post"}],"author":[{"embeddable":true,"href":"https:\/\/www.polyas.de\/blog\/wp-json\/wp\/v2\/users\/277"}],"replies":[{"embeddable":true,"href":"https:\/\/www.polyas.de\/blog\/wp-json\/wp\/v2\/comments?post=6678"}],"version-history":[{"count":4,"href":"https:\/\/www.polyas.de\/blog\/wp-json\/wp\/v2\/posts\/6678\/revisions"}],"predecessor-version":[{"id":12123,"href":"https:\/\/www.polyas.de\/blog\/wp-json\/wp\/v2\/posts\/6678\/revisions\/12123"}],"wp:featuredmedia":[{"embeddable":true,"href":"https:\/\/www.polyas.de\/blog\/wp-json\/wp\/v2\/media\/4031"}],"wp:attachment":[{"href":"https:\/\/www.polyas.de\/blog\/wp-json\/wp\/v2\/media?parent=6678"}],"wp:term":[{"taxonomy":"category","embeddable":true,"href":"https:\/\/www.polyas.de\/blog\/wp-json\/wp\/v2\/categories?post=6678"},{"taxonomy":"post_tag","embeddable":true,"href":"https:\/\/www.polyas.de\/blog\/wp-json\/wp\/v2\/tags?post=6678"}],"curies":[{"name":"wp","href":"https:\/\/api.w.org\/{rel}","templated":true}]}}