{"id":6632,"date":"2018-05-14T15:02:51","date_gmt":"2018-05-14T13:02:51","guid":{"rendered":"https:\/\/www.polyas.de\/blog\/?p=6632"},"modified":"2018-05-14T15:02:51","modified_gmt":"2018-05-14T13:02:51","slug":"parlamentswahl-irak","status":"publish","type":"post","link":"https:\/\/www.polyas.de\/blog\/de\/online-wahlen\/parlamentswahl-irak","title":{"rendered":"Parlamentswahl im Irak: Schiitischer Geistlicher Moktada al-Sadr liegt vorn"},"content":{"rendered":"<p>Im Irak zeichnet sich der Sieg zweier schiitischer Listen ab. Es ist die erste Parlamentswahl seit dem milit\u00e4rischen Sieg \u00fcber den IS. Die Stimmabgabe verlief weitgehend gewaltfrei, doch die Wahlbeteiligung war gering. Alles Wissenswerte in unseren <strong>#Wahlnews<\/strong>.<\/p>\n<p><!--more--><\/p>\n<h3>Schiitischer Geistlicher liegt \u00fcberraschend vorn<\/h3>\n<p>Noch sind nicht alle Provinzen ausgez\u00e4hlt, doch es scheint so, als w\u00fcrden zwei schiitische Listen die Parlamentswahl im Irak f\u00fcr sich entscheiden, w\u00e4hrend dem bisherigen Regierungschef Haider al-Abadi eine Niederlage droht. Obwohl unter seiner F\u00fchrung einige religi\u00f6s motivierte Gesetzte verabschiedet wurden, hatten Gem\u00e4\u00dfigte gehofft, er k\u00f6nne den Einfluss der Religion in Grenzen halten.<\/p>\n<p><a href=\"https:\/\/www.polyas.de\/blog\/de\/online-wahlen\/wahlnews-kurden-unabhaengigkeit\">Im September 2017 stimmten Kurden im Norden des Iraks \u00fcber ein autonomes Kurdenterritorium ab. Mehr dazu hier!<\/a><\/p>\n<p>Danach sieht es nach derzeitigem Stand nicht aus. Die meisten Stimmen konnte bisher \u00fcberraschend der schiitische Geistliche Moktada al-Sadr f\u00fcr sich gewinnen. Er war mit einem B\u00fcndnis aus Schiiten und Kommunisten zur Wahl angetreten. In der Vergangenheit hatte al-Sadr die US-Besatzung bek\u00e4mpft, wehrt sich aber auch gegen den Einfluss des schiitisch dominierten Iran.<\/p>\n<h3>Keine Anschl\u00e4ge im Irak<\/h3>\n<p>Die zweitmeisten Stimmen konnte bisher der Chef der schiitischen Badr-Organisation, Hadi al Amiri, auf sich vereinen. Hinter ihm stehen die vom Iran unterst\u00fctzen Haschd-al-Schaabi-Milizen, die den IS bek\u00e4mpften, denen aber auch schwere Menschrechtsverletzungen vorgeworfen werden.<\/p>\n<p>Nach dem Krieg gegen den IS sind gro\u00dfe Teile des Irak zerst\u00f6rt. Doch die sunnitische Terrormiliz verf\u00fcgt nach wie vor \u00fcber Schlagkraft und \u00fcbt im Irak weiterhin Anschl\u00e4ge aus. F\u00fcr die Parlamentswahl wurde daher 900.000 Sicherheitskr\u00e4fte aufgeboten. Erstmals seit der US-Invasion kam es daher zu keinen Bombenattentaten in Wahllokalen.<\/p>\n<h3>Vorwurf der Wahlmanipulation<\/h3>\n<p>Die Wahlbeteiligung allerdings war so gering wie noch nie seit dem Sturz Saddam Husseins. Insgesamt traten 87 Listen mit \u00fcber 7000 Kandidaten zur Wahl an, aber nur rund 44 Prozent der Wahlbeteiligten gaben ihre Stimme ab. Im Vorfeld der Parlamentswahl hatte es sogar Boykottaufrufe gegeben. Vor vier Jahren waren noch 60 Prozent zur Wahl gegangen. Viele Iraker scheinen sich inzwischen von der Politik keine Verbesserung der gegenw\u00e4rtigen Situation zu erhoffen.<\/p>\n<p>Das liegt wohl auch an den Korruptionsvorw\u00fcrfen gegen die Regierung. Im irakischen Parlament, das aus 329 Sitzen besteht, herrscht ein Proporzsystem, bei dem ein Sitz jeweils 100.000 Einwohner repr\u00e4sentieren soll. Religi\u00f6sen und ethnischen Minderheiten werden feste Pl\u00e4tze im Parlament einger\u00e4umt.<\/p>\n<p>Viele irakische Politiker sehen in diesem System allerdings eine Ursache f\u00fcr Korruption. Noch am Wahltag erhoben viele Parteien den Vorwurf der Wahlf\u00e4lschung.<\/p>\n<p style=\"text-align: center;\"><strong>Schon \u00fcber 500 Organisationen w\u00e4hlen ihre Gremien online mit POLYAS und vereinfachen das Wahlmanagement.\u00a0Testen Sie die Online-Wahl jetzt kostenfrei!<\/strong><\/p>\n<p style=\"text-align: center;\"><a href=\"https:\/\/configurator.polyas.com\/#!\/register?lang=de&amp;country=DE\" target=\"_blank\" rel=\"noopener\"><img data-attachment-id=\"5656\" data-permalink=\"https:\/\/www.polyas.de\/blog\/de\/online-wahlen\/norwegen-parlamentswahl\/attachment\/banner-blog\" data-orig-file=\"https:\/\/www.polyas.de\/blog\/wp-content\/uploads\/2017\/09\/Banner-Blog.jpg\" data-orig-size=\"860,100\" data-comments-opened=\"1\" data-image-meta=\"{&quot;aperture&quot;:&quot;0&quot;,&quot;credit&quot;:&quot;&quot;,&quot;camera&quot;:&quot;&quot;,&quot;caption&quot;:&quot;&quot;,&quot;created_timestamp&quot;:&quot;0&quot;,&quot;copyright&quot;:&quot;&quot;,&quot;focal_length&quot;:&quot;0&quot;,&quot;iso&quot;:&quot;0&quot;,&quot;shutter_speed&quot;:&quot;0&quot;,&quot;title&quot;:&quot;&quot;,&quot;orientation&quot;:&quot;0&quot;}\" data-image-title=\"Online-Wahl kostenlos testen\" data-image-description=\"\" data-image-caption=\"\" data-medium-file=\"https:\/\/www.polyas.de\/blog\/wp-content\/uploads\/2017\/09\/Banner-Blog-300x35.jpg\" data-large-file=\"https:\/\/www.polyas.de\/blog\/wp-content\/uploads\/2017\/09\/Banner-Blog.jpg\" loading=\"lazy\" class=\"aligncenter wp-image-5656 size-full\" src=\"https:\/\/www.polyas.de\/blog\/wp-content\/uploads\/2017\/09\/Banner-Blog.jpg\" alt=\"Testen Sie die Online-Wahl jetzt kostenlos\" width=\"860\" height=\"100\" srcset=\"https:\/\/www.polyas.de\/blog\/wp-content\/uploads\/2017\/09\/Banner-Blog.jpg 860w, https:\/\/www.polyas.de\/blog\/wp-content\/uploads\/2017\/09\/Banner-Blog-300x35.jpg 300w, https:\/\/www.polyas.de\/blog\/wp-content\/uploads\/2017\/09\/Banner-Blog-768x89.jpg 768w, https:\/\/www.polyas.de\/blog\/wp-content\/uploads\/2017\/09\/Banner-Blog-500x58.jpg 500w\" sizes=\"(max-width: 860px) 100vw, 860px\" \/><\/a><\/p>\n","protected":false},"excerpt":{"rendered":"<p>Im Irak zeichnet sich der Sieg zweier schiitischer Listen ab. Es ist die erste Parlamentswahl seit dem milit\u00e4rischen Sieg \u00fcber den IS. Die Stimmabgabe verlief weitgehend gewaltfrei, doch die Wahlbeteiligung war gering. Alles Wissenswerte in unseren #Wahlnews.<\/p>\n","protected":false},"author":277,"featured_media":4031,"comment_status":"open","ping_status":"open","sticky":false,"template":"","format":"standard","meta":{"_eb_attr":"","ub_ctt_via":"","spay_email":"","jetpack_publicize_message":"","jetpack_is_tweetstorm":false,"jetpack_publicize_feature_enabled":true},"categories":[8],"tags":[1745,1749,260],"featured_image_src":"https:\/\/www.polyas.de\/blog\/wp-content\/uploads\/2016\/12\/Wahl-News-Schmal_810x280.png","author_info":{"display_name":"Peter Schraeder","author_link":"https:\/\/www.polyas.de\/blog\/author\/peter-schraeder"},"yoast_head":"<!-- This site is optimized with the Yoast SEO plugin v19.9 - https:\/\/yoast.com\/wordpress\/plugins\/seo\/ -->\n<title>Parlamentswahl im Irak: Schiitischer Geistlicher Moktada al-Sadr liegt vorn<\/title>\n<meta name=\"description\" content=\"Im Irak fanden am Wochenende Parlamentswahlen statt. Der schiitische Geistliche Moktada al-Sadr liegt nach derzeitigem Stand vorn. Mehr erfahren!\" \/>\n<meta name=\"robots\" content=\"index, follow, max-snippet:-1, max-image-preview:large, max-video-preview:-1\" \/>\n<link rel=\"canonical\" href=\"https:\/\/www.polyas.de\/blog\/de\/online-wahlen\/parlamentswahl-irak\" \/>\n<meta property=\"og:locale\" content=\"de_DE\" \/>\n<meta property=\"og:type\" content=\"article\" \/>\n<meta property=\"og:title\" content=\"Parlamentswahl im Irak: Schiitischer Geistlicher Moktada al-Sadr liegt vorn\" \/>\n<meta property=\"og:description\" content=\"Im Irak fanden am Wochenende Parlamentswahlen statt. Der schiitische Geistliche Moktada al-Sadr liegt nach derzeitigem Stand vorn. Mehr erfahren!\" \/>\n<meta property=\"og:url\" content=\"https:\/\/www.polyas.de\/blog\/de\/online-wahlen\/parlamentswahl-irak\" \/>\n<meta property=\"og:site_name\" content=\"POLYAS\" \/>\n<meta property=\"article:published_time\" content=\"2018-05-14T13:02:51+00:00\" \/>\n<meta property=\"og:image\" content=\"https:\/\/i0.wp.com\/www.polyas.de\/blog\/wp-content\/uploads\/2016\/12\/Wahl-News-Schmal_810x280.png?fit=810%2C280&ssl=1\" \/>\n\t<meta property=\"og:image:width\" content=\"810\" \/>\n\t<meta property=\"og:image:height\" content=\"280\" \/>\n\t<meta property=\"og:image:type\" content=\"image\/png\" \/>\n<meta name=\"author\" content=\"Peter Schraeder\" \/>\n<meta name=\"twitter:card\" content=\"summary_large_image\" \/>\n<meta name=\"twitter:label1\" content=\"Verfasst von\" \/>\n\t<meta name=\"twitter:data1\" content=\"Peter Schraeder\" \/>\n\t<meta name=\"twitter:label2\" content=\"Gesch\u00e4tzte Lesezeit\" \/>\n\t<meta name=\"twitter:data2\" content=\"2 Minuten\" \/>\n<script type=\"application\/ld+json\" class=\"yoast-schema-graph\">{\"@context\":\"https:\/\/schema.org\",\"@graph\":[{\"@type\":\"WebPage\",\"@id\":\"https:\/\/www.polyas.de\/blog\/de\/online-wahlen\/parlamentswahl-irak\",\"url\":\"https:\/\/www.polyas.de\/blog\/de\/online-wahlen\/parlamentswahl-irak\",\"name\":\"Parlamentswahl im Irak: Schiitischer Geistlicher Moktada al-Sadr liegt vorn\",\"isPartOf\":{\"@id\":\"https:\/\/www.polyas.de\/blog\/#website\"},\"datePublished\":\"2018-05-14T13:02:51+00:00\",\"dateModified\":\"2018-05-14T13:02:51+00:00\",\"author\":{\"@id\":\"https:\/\/www.polyas.de\/blog\/#\/schema\/person\/73c28ac950bd0b4d1a9d88ae887f0167\"},\"description\":\"Im Irak fanden am Wochenende Parlamentswahlen statt. Der schiitische Geistliche Moktada al-Sadr liegt nach derzeitigem Stand vorn. Mehr erfahren!\",\"breadcrumb\":{\"@id\":\"https:\/\/www.polyas.de\/blog\/de\/online-wahlen\/parlamentswahl-irak#breadcrumb\"},\"inLanguage\":\"de-DE\",\"potentialAction\":[{\"@type\":\"ReadAction\",\"target\":[\"https:\/\/www.polyas.de\/blog\/de\/online-wahlen\/parlamentswahl-irak\"]}]},{\"@type\":\"BreadcrumbList\",\"@id\":\"https:\/\/www.polyas.de\/blog\/de\/online-wahlen\/parlamentswahl-irak#breadcrumb\",\"itemListElement\":[{\"@type\":\"ListItem\",\"position\":1,\"name\":\"Startseite\",\"item\":\"https:\/\/www.polyas.de\/blog\/de\"},{\"@type\":\"ListItem\",\"position\":2,\"name\":\"Parlamentswahl im Irak: Schiitischer Geistlicher Moktada al-Sadr liegt vorn\"}]},{\"@type\":\"WebSite\",\"@id\":\"https:\/\/www.polyas.de\/blog\/#website\",\"url\":\"https:\/\/www.polyas.de\/blog\/\",\"name\":\"POLYAS\",\"description\":\"the blog for secure online voting\",\"potentialAction\":[{\"@type\":\"SearchAction\",\"target\":{\"@type\":\"EntryPoint\",\"urlTemplate\":\"https:\/\/www.polyas.de\/blog\/?s={search_term_string}\"},\"query-input\":\"required name=search_term_string\"}],\"inLanguage\":\"de-DE\"},{\"@type\":\"Person\",\"@id\":\"https:\/\/www.polyas.de\/blog\/#\/schema\/person\/73c28ac950bd0b4d1a9d88ae887f0167\",\"name\":\"Peter Schraeder\",\"image\":{\"@type\":\"ImageObject\",\"inLanguage\":\"de-DE\",\"@id\":\"https:\/\/www.polyas.de\/blog\/#\/schema\/person\/image\/\",\"url\":\"https:\/\/secure.gravatar.com\/avatar\/4f9e48dcaa40fec909b27d8a9fab7beb?s=96&d=mm&r=g\",\"contentUrl\":\"https:\/\/secure.gravatar.com\/avatar\/4f9e48dcaa40fec909b27d8a9fab7beb?s=96&d=mm&r=g\",\"caption\":\"Peter Schraeder\"},\"url\":\"https:\/\/www.polyas.de\/blog\/author\/peter-schraeder\"}]}<\/script>\n<!-- \/ Yoast SEO plugin. -->","yoast_head_json":{"title":"Parlamentswahl im Irak: Schiitischer Geistlicher Moktada al-Sadr liegt vorn","description":"Im Irak fanden am Wochenende Parlamentswahlen statt. Der schiitische Geistliche Moktada al-Sadr liegt nach derzeitigem Stand vorn. Mehr erfahren!","robots":{"index":"index","follow":"follow","max-snippet":"max-snippet:-1","max-image-preview":"max-image-preview:large","max-video-preview":"max-video-preview:-1"},"canonical":"https:\/\/www.polyas.de\/blog\/de\/online-wahlen\/parlamentswahl-irak","og_locale":"de_DE","og_type":"article","og_title":"Parlamentswahl im Irak: Schiitischer Geistlicher Moktada al-Sadr liegt vorn","og_description":"Im Irak fanden am Wochenende Parlamentswahlen statt. Der schiitische Geistliche Moktada al-Sadr liegt nach derzeitigem Stand vorn. Mehr erfahren!","og_url":"https:\/\/www.polyas.de\/blog\/de\/online-wahlen\/parlamentswahl-irak","og_site_name":"POLYAS","article_published_time":"2018-05-14T13:02:51+00:00","og_image":[{"width":810,"height":280,"url":"https:\/\/i0.wp.com\/www.polyas.de\/blog\/wp-content\/uploads\/2016\/12\/Wahl-News-Schmal_810x280.png?fit=810%2C280&ssl=1","type":"image\/png"}],"author":"Peter Schraeder","twitter_card":"summary_large_image","twitter_misc":{"Verfasst von":"Peter Schraeder","Gesch\u00e4tzte Lesezeit":"2 Minuten"},"schema":{"@context":"https:\/\/schema.org","@graph":[{"@type":"WebPage","@id":"https:\/\/www.polyas.de\/blog\/de\/online-wahlen\/parlamentswahl-irak","url":"https:\/\/www.polyas.de\/blog\/de\/online-wahlen\/parlamentswahl-irak","name":"Parlamentswahl im Irak: Schiitischer Geistlicher Moktada al-Sadr liegt vorn","isPartOf":{"@id":"https:\/\/www.polyas.de\/blog\/#website"},"datePublished":"2018-05-14T13:02:51+00:00","dateModified":"2018-05-14T13:02:51+00:00","author":{"@id":"https:\/\/www.polyas.de\/blog\/#\/schema\/person\/73c28ac950bd0b4d1a9d88ae887f0167"},"description":"Im Irak fanden am Wochenende Parlamentswahlen statt. Der schiitische Geistliche Moktada al-Sadr liegt nach derzeitigem Stand vorn. Mehr erfahren!","breadcrumb":{"@id":"https:\/\/www.polyas.de\/blog\/de\/online-wahlen\/parlamentswahl-irak#breadcrumb"},"inLanguage":"de-DE","potentialAction":[{"@type":"ReadAction","target":["https:\/\/www.polyas.de\/blog\/de\/online-wahlen\/parlamentswahl-irak"]}]},{"@type":"BreadcrumbList","@id":"https:\/\/www.polyas.de\/blog\/de\/online-wahlen\/parlamentswahl-irak#breadcrumb","itemListElement":[{"@type":"ListItem","position":1,"name":"Startseite","item":"https:\/\/www.polyas.de\/blog\/de"},{"@type":"ListItem","position":2,"name":"Parlamentswahl im Irak: Schiitischer Geistlicher Moktada al-Sadr liegt vorn"}]},{"@type":"WebSite","@id":"https:\/\/www.polyas.de\/blog\/#website","url":"https:\/\/www.polyas.de\/blog\/","name":"POLYAS","description":"the blog for secure online voting","potentialAction":[{"@type":"SearchAction","target":{"@type":"EntryPoint","urlTemplate":"https:\/\/www.polyas.de\/blog\/?s={search_term_string}"},"query-input":"required name=search_term_string"}],"inLanguage":"de-DE"},{"@type":"Person","@id":"https:\/\/www.polyas.de\/blog\/#\/schema\/person\/73c28ac950bd0b4d1a9d88ae887f0167","name":"Peter Schraeder","image":{"@type":"ImageObject","inLanguage":"de-DE","@id":"https:\/\/www.polyas.de\/blog\/#\/schema\/person\/image\/","url":"https:\/\/secure.gravatar.com\/avatar\/4f9e48dcaa40fec909b27d8a9fab7beb?s=96&d=mm&r=g","contentUrl":"https:\/\/secure.gravatar.com\/avatar\/4f9e48dcaa40fec909b27d8a9fab7beb?s=96&d=mm&r=g","caption":"Peter Schraeder"},"url":"https:\/\/www.polyas.de\/blog\/author\/peter-schraeder"}]}},"jetpack_featured_media_url":"https:\/\/www.polyas.de\/blog\/wp-content\/uploads\/2016\/12\/Wahl-News-Schmal_810x280.png","jetpack_publicize_connections":[],"jetpack_shortlink":"https:\/\/wp.me\/p72Pnr-1IY","jetpack-related-posts":[{"id":5733,"url":"https:\/\/www.polyas.de\/blog\/de\/online-wahlen\/wahlnews-kurden-unabhaengigkeit","url_meta":{"origin":6632,"position":0},"title":"Wahlnews: Iraks Kurden stimmen f\u00fcr die Unabh\u00e4ngigkeit","date":"26\/09\/2017","format":false,"excerpt":"Am gestrigen Montag fand im Norden des Iraks ein umstrittenes Referendum statt, die wahlberechtigten Kurden sollten \u00fcber die Unabh\u00e4ngigkeit der kurdischen Region abstimmen.\u00a0Nach der ersten Ausz\u00e4hlung zeichnet sich eine \u00fcberw\u00e4ltigende Mehrheit daf\u00fcr ab. Das sorgt f\u00fcr Spannungen in der Region. Alle Informationen dazu in unseren #WahlNews. Nach ersten Ausz\u00e4hlungen haben\u2026","rel":"","context":"In &quot;Wahl News&quot;","img":{"alt_text":"Erfahren Sie alles Aktuelle \u00fcber die Parlamentswahl in der Ukraine","src":"https:\/\/i0.wp.com\/www.polyas.de\/blog\/wp-content\/uploads\/2016\/12\/Wahl-News-Schmal_810x280.png?resize=350%2C200&ssl=1","width":350,"height":200},"classes":[]},{"id":5169,"url":"https:\/\/www.polyas.de\/blog\/de\/online-wahlen\/wahlnews-parlamentswahlen-frankreich","url_meta":{"origin":6632,"position":1},"title":"Parlamentswahlen in Frankreich \u2013 Klarer Sieg f\u00fcr Macron","date":"12\/06\/2017","format":false,"excerpt":"Immer wieder sonntags \u2026 Gestern fand in Frankreich der erste Wahlgang der Parlamentswahlen in Frankreich statt. Viel wurde vorher dar\u00fcber spekuliert, ob die Bewegung des neuen Pr\u00e4sidenten Emmanuel Macron auch diese Wahl f\u00fcr sich gewinnen k\u00f6nnte \u2013 und schon jetzt kann man sagen: Ja, sie kann. La R\u00e9publique En Marche\u2026","rel":"","context":"In &quot;Wahl News&quot;","img":{"alt_text":"Alle Infos zu Parlamentswahlen, Pr\u00e4sidentschaftswahlen und sonstigen Wahlen rund um die Welt: in unseren #WahlNews","src":"https:\/\/i0.wp.com\/www.polyas.de\/blog\/wp-content\/uploads\/2017\/01\/Wahl-News-Schmal_810x280.png?resize=350%2C200&ssl=1","width":350,"height":200},"classes":[]},{"id":6512,"url":"https:\/\/www.polyas.de\/blog\/de\/online-wahlen\/parlamentswahlen-ungarn","url_meta":{"origin":6632,"position":2},"title":"Parlamentswahlen in Ungarn mit \u00fcberraschend klarem Ergebnis","date":"09\/04\/2018","format":false,"excerpt":"Immer wieder sonntags \u2026 Auch an diesem Sonntag wurde in Europa gew\u00e4hlt: In Ungarn waren knapp acht Millionen Wahlberechtigte zu Parlamentswahlen aufgerufen. Obwohl Meinungsforschungsinstitute noch kurz vor der Wahl ein knappes Wahlergebnis vorausgesagt hatten, war die Entscheidung am Ende sehr deutlich: Viktor Orbans rechtsnationale Partei Fidesz gewann deutlich. Alles Wissenswerte\u2026","rel":"","context":"In &quot;Wahl News&quot;","img":{"alt_text":"Erfahren Sie alles Aktuelle \u00fcber die Parlamentswahl in der Ukraine","src":"https:\/\/i0.wp.com\/www.polyas.de\/blog\/wp-content\/uploads\/2016\/12\/Wahl-News-Schmal_810x280.png?resize=350%2C200&ssl=1","width":350,"height":200},"classes":[]},{"id":7039,"url":"https:\/\/www.polyas.de\/blog\/de\/online-wahlen\/parlamentswahl-estland-e-voting","url_meta":{"origin":6632,"position":3},"title":"Neuer Rekord bei Parlamentswahl in Estland: E-Voting auf dem Vormarsch","date":"04\/03\/2019","format":false,"excerpt":"Am Sonntag fand in Estland die 14. Parlamentswahl statt und fast die H\u00e4lfte aller Stimmen wurden online abgegeben. F\u00fcr die Dauer von vier Jahren wurde das\u00a0aus 101 Abgeordneten\u00a0bestehende \"Ein-Kammer-Parlament\" gew\u00e4hlt, wobei rund eine Million Esten zur Wahl aufgerufen wurden. Die Zahl der Online-W\u00e4hlerinnen und -W\u00e4hler fiel \u00fcberraschend hoch aus und\u2026","rel":"","context":"In &quot;Wahl News&quot;","img":{"alt_text":"Erfahren Sie alles Aktuelle \u00fcber die Parlamentswahl in der Ukraine","src":"https:\/\/i0.wp.com\/www.polyas.de\/blog\/wp-content\/uploads\/2016\/12\/Wahl-News-Schmal_810x280.png?resize=350%2C200&ssl=1","width":350,"height":200},"classes":[]},{"id":7339,"url":"https:\/\/www.polyas.de\/blog\/de\/online-wahlen\/parlamentswahl-in-der-ukraine","url_meta":{"origin":6632,"position":4},"title":"Parlamentswahl in der Ukraine \u2013 Selenskyjs Partei r\u00e4umt ab","date":"22\/07\/2019","format":false,"excerpt":"Bei der vorgezogenen Parlamentswahl in der Ukraine lag die Partei \u201eDiener des Volkes\u201c des neuen Pr\u00e4sidenten Wolodymyr Selenskyj bereits nach einer Ausz\u00e4hlung von 30 Prozent der Stimmen mit \u00fcber 42 Prozent deutlich vorn. Erfolg auf ganzer Linie So erfolgreich wie Selenskyjs Partei war in der Ukraine noch keine Partei bei\u2026","rel":"","context":"In &quot;Wahl News&quot;","img":{"alt_text":"Erfahren Sie alles Aktuelle \u00fcber die Parlamentswahl in der Ukraine","src":"https:\/\/i0.wp.com\/www.polyas.de\/blog\/wp-content\/uploads\/2016\/12\/Wahl-News-Schmal_810x280.png?resize=350%2C200&ssl=1","width":350,"height":200},"classes":[]},{"id":2507,"url":"https:\/\/www.polyas.de\/blog\/de\/online-wahlen\/alles-ganz-normal-in-syrien-parlamentswahlen-als-schauvorstellung","url_meta":{"origin":6632,"position":5},"title":"Alles ganz normal in Syrien? Parlamentswahlen als Schauvorstellung","date":"15\/04\/2016","format":false,"excerpt":"Die POLYAS #WahlNews diese Woche ausnahmsweise an einem Donnerstag:\u00a0Gestern fanden in Syrien Parlamentswahlen statt. 60% Prozent der syrischen Bev\u00f6lkerung waren\u00a0am 13.04. zur Wahl des Parlaments aufgerufen. 3500 Kandidaten standen zur Wahl f\u00fcr die 250 Sitze im Parlament. Die genaue Zahl der Wahlberechtigten konnte die Regierung nicht benennen.\u00a0 Die\u00a0syrische Opposition rief\u2026","rel":"","context":"In &quot;Wahl News&quot;","img":{"alt_text":"In Spanien und der Schweiz wurde abgestimmt","src":"https:\/\/i0.wp.com\/www.polyas.de\/blog\/wp-content\/uploads\/2016\/03\/Wahl-News.png?resize=350%2C200&ssl=1","width":350,"height":200},"classes":[]}],"_links":{"self":[{"href":"https:\/\/www.polyas.de\/blog\/wp-json\/wp\/v2\/posts\/6632"}],"collection":[{"href":"https:\/\/www.polyas.de\/blog\/wp-json\/wp\/v2\/posts"}],"about":[{"href":"https:\/\/www.polyas.de\/blog\/wp-json\/wp\/v2\/types\/post"}],"author":[{"embeddable":true,"href":"https:\/\/www.polyas.de\/blog\/wp-json\/wp\/v2\/users\/277"}],"replies":[{"embeddable":true,"href":"https:\/\/www.polyas.de\/blog\/wp-json\/wp\/v2\/comments?post=6632"}],"version-history":[{"count":3,"href":"https:\/\/www.polyas.de\/blog\/wp-json\/wp\/v2\/posts\/6632\/revisions"}],"predecessor-version":[{"id":6638,"href":"https:\/\/www.polyas.de\/blog\/wp-json\/wp\/v2\/posts\/6632\/revisions\/6638"}],"wp:featuredmedia":[{"embeddable":true,"href":"https:\/\/www.polyas.de\/blog\/wp-json\/wp\/v2\/media\/4031"}],"wp:attachment":[{"href":"https:\/\/www.polyas.de\/blog\/wp-json\/wp\/v2\/media?parent=6632"}],"wp:term":[{"taxonomy":"category","embeddable":true,"href":"https:\/\/www.polyas.de\/blog\/wp-json\/wp\/v2\/categories?post=6632"},{"taxonomy":"post_tag","embeddable":true,"href":"https:\/\/www.polyas.de\/blog\/wp-json\/wp\/v2\/tags?post=6632"}],"curies":[{"name":"wp","href":"https:\/\/api.w.org\/{rel}","templated":true}]}}