{"id":6607,"date":"2018-05-09T14:37:41","date_gmt":"2018-05-09T12:37:41","guid":{"rendered":"https:\/\/www.polyas.de\/blog\/?p=6607"},"modified":"2024-06-21T09:40:39","modified_gmt":"2024-06-21T07:40:39","slug":"dsgvo-datenschutz-nrw","status":"publish","type":"post","link":"https:\/\/www.polyas.de\/blog\/de\/digitale-demokratie\/dsgvo-datenschutz-nrw","title":{"rendered":"Beispiel NRW: So wirkt sich die DSGVO auf den Landesdatenschutz aus"},"content":{"rendered":"<p>Die neue Datenschutzgrundverordnung (DSGVO) der EU steht in den Startl\u00f6chern und wird auch die bestehenden Bundes- und Landesregelungen \u2013 wie etwa das Datenschutzgesetz NRW \u2013 beeinflussen. Doch was bedeutet das f\u00fcr die Online-Wahl in \u00f6ffentlichen Stellen? Wir haben uns die Rechtslage mal n\u00e4her angeschaut.<\/p>\n<p><!--more--><\/p>\n<h3>Viele \u00f6ffentliche Stellen w\u00e4hlen bereits online<\/h3>\n<p>Die neue Bundesregierung hat sich auf die Fahne geschrieben, die Digitalisierung zu f\u00f6rdern \u2013 sowohl in der Wirtschaft, <a href=\"https:\/\/www.polyas.de\/blog\/de\/digital-news\/e-government-agentur-koalitionsvertrag\">als auch in der Verwaltung<\/a>. Viele Einrichtungen der \u00f6ffentlichen Hand sind dabei schon jetzt auf einem guten Weg. Sie bieten nicht nur immer mehr Dienste online an, sondern f\u00fchren ihre demokratischen Abstimmungen und Wahlen online durch \u2013 oder haben es wenigstens vor. Denn das spart Zeit und Geld und macht die Wahl besser zug\u00e4nglich, sodass mehr Wahlberechtigte teilhaben k\u00f6nnen.<\/p>\n<p><a href=\"https:\/\/www.polyas.de\/hochschulen\/hochschulwahlen\/erfahrungsberichte\/hs-osnabrueck\" target=\"_blank\" rel=\"noopener\">Lesen Sie hier, wie die Hochschule Osnabr\u00fcck Ihre Wahl mit POLYAS durchgef\u00fchrt hat<\/a><\/p>\n<p>Aber mindestens genauso wichtig wie die Digitalisierung ist der mit ihr einhergehende Datenschutz. Und das wiederum ist f\u00fcr K\u00f6rperschaften des \u00f6ffentlichen Rechts \u2013 also zum Beispiel Kammern, Hochschulen, Rundfunkanstalten und Stiftungen \u2013 besonders relevant. Denn diese m\u00fcssen beim Datenschutz nat\u00fcrlich mit gutem Beispiel vorangehen. Doch wie sieht es nun mit der Rechtsg\u00fcltigkeit der Online-Wahl in K\u00f6rperschaften aus, wenn es um die Herausgabe von Personendaten geht?<\/p>\n<h3>Einzelfall muss \u00fcberpr\u00fcft werden<\/h3>\n<p>Gegen Online-Wahlen ist aus Sicht des Datenschutzes grunds\u00e4tzlich nichts einzuwenden. Doch noch gibt es keinen gesetzlichen Rahmen, der den \u00f6ffentlichen Stellen klare Vorgaben an die Hand gibt. Daher m\u00fcssen die Einrichtungen selbst \u00fcberpr\u00fcfen, welche Rechtsgrundlagen f\u00fcr sie gelten.<\/p>\n<p>Der Schutz personenbezogener Daten wird bisher \u00fcber das Bundes- und die Landesdatenschutzgesetze geregelt. Aber am 25. Mai wird die zurzeit vieldiskutierte DSGVO wirksam, die dann die wichtigste Rechtsgrundlage f\u00fcr den Datenschutz innerhalb der Europ\u00e4ischen Union bildet. Diese betrifft nicht nur Unternehmen und Vereine, sondern auch Beh\u00f6rden und \u00f6ffentliche Stellen.<\/p>\n<h3>Bundesgesetz ist mit DSGVO schon im Einklang<\/h3>\n<p>Die neue EU-Verordnung hat ein zentrales Ziel: Wenn personenbezogene Daten anfallen, d\u00fcrfen diese nur zweckgebunden verwendet und gespeichert werden. Au\u00dferdem muss jederzeit Klarheit dar\u00fcber bestehen, welche Daten wo und wie lange gespeichert werden. Die DSGVO wurde schon 2016 verabschiedet. Die Mitgliedsstaaten hatten seither Zeit, europ\u00e4isches in nationales Recht zu \u00fcbersetzen.<\/p>\n<p><a href=\"https:\/\/www.polyas.de\/blog\/de\/digital-news\/eu-datenschutz-grundverordnung\">Lesen Sie hier mehr \u00fcber die neue DSGVO<\/a><\/p>\n<p>Auf Bundeseben ist das bereits geschehen: Schon im letzten Jahr wurde das <a href=\"https:\/\/dsgvo-gesetz.de\/bdsg-neu\/\" target=\"_blank\" rel=\"noopener\">Bundesdatenschutzgesetz an die EU-Verordnung angepasst<\/a>. In den L\u00e4ndern sieht die Lage noch etwas anders aus: Zwar haben alle Bundesl\u00e4nder Entw\u00fcrfe in der Schublade, diesen m\u00fcssen aber erst noch von den Landesregierungen verabschiedet werden. Im Landtag NRW beispielsweise gab es die erste Lesung zum neuen Datenschutzgesetz Anfang M\u00e4rz, die n\u00e4chste soll zwischen dem 16. und 18. Mai stattfinden \u2013 also gerade noch innerhalb der Frist.<\/p>\n<h3>Beispiel NRW: Das ist die Rechtslage<\/h3>\n<p>Bisher regeln die Paragrafen 12 und 16 des Datenschutzgesetzes NRW, unter welchen Umst\u00e4nden K\u00f6rperschaften des \u00f6ffentlichen Rechts Personendaten erheben und herausgeben d\u00fcrfen. Eine Erhebung ist nur dann zul\u00e4ssig, wenn das f\u00fcr die Aufgabe der \u00f6ffentlichen Stelle erforderlich ist. Und f\u00fcr die Weitergabe an nicht-\u00f6ffentliche Stellen \u2013 also zum Beispiel Unternehmen \u2013 gilt im Grunde das Gleiche: Die Daten\u00fcbermittlung muss zweckm\u00e4\u00dfig sein. <a href=\"https:\/\/recht.nrw.de\/lmi\/owa\/br_bes_detail?sg=0&amp;menu=1&amp;bes_id=4908&amp;anw_nr=2&amp;aufgehoben=N&amp;det_id=379611\" target=\"_blank\" rel=\"noopener\">Hier geht\u2019s zum kompletten Paragrafen.<\/a><\/p>\n<p>Nun bleibt blo\u00df abzuwarten, wie die Anpassung an die DSGVO das NRW-Gesetz ver\u00e4ndert. Der <a href=\"https:\/\/www.landtag.nrw.de\/portal\/WWW\/dokumentenarchiv\/Dokument\/MMV17-409.pdf\" target=\"_blank\" rel=\"noopener\">Entwurf<\/a> legt nahe, dass sich einige Konkretisierungen ergeben werden. Wir halten Sie auf unserem Blog nat\u00fcrlich auf dem Laufenden. Die Online-Wahl k\u00f6nnen Sie als \u00f6ffentliche Stelle \u00fcbrigens auch ohne die Herausgabe von Personendaten durchf\u00fchren \u2013 <a href=\"https:\/\/www.polyas.de\/blog\/de\/allgemein-de\/personenbezogene-daten-schuetzen\">durch anonymisierte W\u00e4hlerverzeichnisse<\/a>.<\/p>\n<p style=\"text-align: center;\"><strong>Schon \u00fcber 500 Organisationen w\u00e4hlen ihre Gremien online mit POLYAS und vereinfachen das Wahlmanagement.\u00a0Testen Sie die Online-Wahl jetzt kostenfrei!<\/strong><\/p>\n<p><a href=\"https:\/\/configurator.polyas.com\/#!\/register?lang=de&amp;country=DE\" target=\"_blank\" rel=\"noopener\"><img data-attachment-id=\"5656\" data-permalink=\"https:\/\/www.polyas.de\/blog\/de\/online-wahlen\/norwegen-parlamentswahl\/attachment\/banner-blog\" data-orig-file=\"https:\/\/www.polyas.de\/blog\/wp-content\/uploads\/2017\/09\/Banner-Blog.jpg\" data-orig-size=\"860,100\" data-comments-opened=\"1\" data-image-meta=\"{&quot;aperture&quot;:&quot;0&quot;,&quot;credit&quot;:&quot;&quot;,&quot;camera&quot;:&quot;&quot;,&quot;caption&quot;:&quot;&quot;,&quot;created_timestamp&quot;:&quot;0&quot;,&quot;copyright&quot;:&quot;&quot;,&quot;focal_length&quot;:&quot;0&quot;,&quot;iso&quot;:&quot;0&quot;,&quot;shutter_speed&quot;:&quot;0&quot;,&quot;title&quot;:&quot;&quot;,&quot;orientation&quot;:&quot;0&quot;}\" data-image-title=\"Online-Wahl kostenlos testen\" data-image-description=\"\" data-image-caption=\"\" data-medium-file=\"https:\/\/www.polyas.de\/blog\/wp-content\/uploads\/2017\/09\/Banner-Blog-300x35.jpg\" data-large-file=\"https:\/\/www.polyas.de\/blog\/wp-content\/uploads\/2017\/09\/Banner-Blog.jpg\" loading=\"lazy\" class=\"aligncenter wp-image-5656 size-full\" src=\"https:\/\/www.polyas.de\/blog\/wp-content\/uploads\/2017\/09\/Banner-Blog.jpg\" alt=\"Testen Sie die Online-Wahl jetzt kostenlos\" width=\"860\" height=\"100\" srcset=\"https:\/\/www.polyas.de\/blog\/wp-content\/uploads\/2017\/09\/Banner-Blog.jpg 860w, https:\/\/www.polyas.de\/blog\/wp-content\/uploads\/2017\/09\/Banner-Blog-300x35.jpg 300w, https:\/\/www.polyas.de\/blog\/wp-content\/uploads\/2017\/09\/Banner-Blog-768x89.jpg 768w, https:\/\/www.polyas.de\/blog\/wp-content\/uploads\/2017\/09\/Banner-Blog-500x58.jpg 500w\" sizes=\"(max-width: 860px) 100vw, 860px\" \/><\/a><\/p>\n","protected":false},"excerpt":{"rendered":"<p>Die neue Datenschutzgrundverordnung (DSGVO) der EU steht in den Startl\u00f6chern und wird auch die bestehenden Bundes- und Landesregelungen \u2013 wie etwa das Datenschutzgesetz NRW \u2013 beeinflussen. Doch was bedeutet das f\u00fcr die Online-Wahl in \u00f6ffentlichen Stellen? Wir haben uns die Rechtslage mal n\u00e4her angeschaut.<\/p>\n","protected":false},"author":277,"featured_media":6521,"comment_status":"open","ping_status":"open","sticky":false,"template":"","format":"standard","meta":{"_eb_attr":"","ub_ctt_via":"","spay_email":"","jetpack_publicize_message":"","jetpack_is_tweetstorm":false,"jetpack_publicize_feature_enabled":true},"categories":[2],"tags":[393,337,389,1966,1442],"featured_image_src":"https:\/\/www.polyas.de\/blog\/wp-content\/uploads\/2018\/04\/DSGVO-Polyas.jpg","author_info":{"display_name":"Peter Schraeder","author_link":"https:\/\/www.polyas.de\/blog\/author\/peter-schraeder"},"yoast_head":"<!-- This site is optimized with the Yoast SEO plugin v19.9 - https:\/\/yoast.com\/wordpress\/plugins\/seo\/ -->\n<title>Beispiel NRW: So wirkt sich die DSGVO auf den Landesdatenschutz aus<\/title>\n<meta name=\"description\" content=\"Wie wirkt sich die DSGVO eigentlich auf den Landesdatenschutz aus - und was bedeutet das f\u00fcr die Online-Wahl. Wir erkl\u00e4ren am Beispiel NRW, wie die \u00f6ffentliche Hand mit Personendaten umgehen muss. Mehr erfahren!\" \/>\n<meta name=\"robots\" content=\"index, follow, max-snippet:-1, max-image-preview:large, max-video-preview:-1\" \/>\n<link rel=\"canonical\" href=\"https:\/\/www.polyas.de\/blog\/de\/digitale-demokratie\/dsgvo-datenschutz-nrw\" \/>\n<meta property=\"og:locale\" content=\"de_DE\" \/>\n<meta property=\"og:type\" content=\"article\" \/>\n<meta property=\"og:title\" content=\"Beispiel NRW: So wirkt sich die DSGVO auf den Landesdatenschutz aus\" \/>\n<meta property=\"og:description\" content=\"Wie wirkt sich die DSGVO eigentlich auf den Landesdatenschutz aus - und was bedeutet das f\u00fcr die Online-Wahl. Wir erkl\u00e4ren am Beispiel NRW, wie die \u00f6ffentliche Hand mit Personendaten umgehen muss. Mehr erfahren!\" \/>\n<meta property=\"og:url\" content=\"https:\/\/www.polyas.de\/blog\/de\/digitale-demokratie\/dsgvo-datenschutz-nrw\" \/>\n<meta property=\"og:site_name\" content=\"POLYAS\" \/>\n<meta property=\"article:published_time\" content=\"2018-05-09T12:37:41+00:00\" \/>\n<meta property=\"article:modified_time\" content=\"2024-06-21T07:40:39+00:00\" \/>\n<meta property=\"og:image\" content=\"https:\/\/www.polyas.de\/blog\/wp-content\/uploads\/2018\/04\/DSGVO-Polyas.jpg\" \/>\n\t<meta property=\"og:image:width\" content=\"860\" \/>\n\t<meta property=\"og:image:height\" content=\"200\" \/>\n\t<meta property=\"og:image:type\" content=\"image\/jpeg\" \/>\n<meta name=\"author\" content=\"Peter Schraeder\" \/>\n<meta name=\"twitter:card\" content=\"summary_large_image\" \/>\n<meta name=\"twitter:label1\" content=\"Verfasst von\" \/>\n\t<meta name=\"twitter:data1\" content=\"Peter Schraeder\" \/>\n\t<meta name=\"twitter:label2\" content=\"Gesch\u00e4tzte Lesezeit\" \/>\n\t<meta name=\"twitter:data2\" content=\"4 Minuten\" \/>\n<script type=\"application\/ld+json\" class=\"yoast-schema-graph\">{\"@context\":\"https:\/\/schema.org\",\"@graph\":[{\"@type\":\"WebPage\",\"@id\":\"https:\/\/www.polyas.de\/blog\/de\/digitale-demokratie\/dsgvo-datenschutz-nrw\",\"url\":\"https:\/\/www.polyas.de\/blog\/de\/digitale-demokratie\/dsgvo-datenschutz-nrw\",\"name\":\"Beispiel NRW: So wirkt sich die DSGVO auf den Landesdatenschutz aus\",\"isPartOf\":{\"@id\":\"https:\/\/www.polyas.de\/blog\/#website\"},\"datePublished\":\"2018-05-09T12:37:41+00:00\",\"dateModified\":\"2024-06-21T07:40:39+00:00\",\"author\":{\"@id\":\"https:\/\/www.polyas.de\/blog\/#\/schema\/person\/73c28ac950bd0b4d1a9d88ae887f0167\"},\"description\":\"Wie wirkt sich die DSGVO eigentlich auf den Landesdatenschutz aus - und was bedeutet das f\u00fcr die Online-Wahl. Wir erkl\u00e4ren am Beispiel NRW, wie die \u00f6ffentliche Hand mit Personendaten umgehen muss. Mehr erfahren!\",\"breadcrumb\":{\"@id\":\"https:\/\/www.polyas.de\/blog\/de\/digitale-demokratie\/dsgvo-datenschutz-nrw#breadcrumb\"},\"inLanguage\":\"de-DE\",\"potentialAction\":[{\"@type\":\"ReadAction\",\"target\":[\"https:\/\/www.polyas.de\/blog\/de\/digitale-demokratie\/dsgvo-datenschutz-nrw\"]}]},{\"@type\":\"BreadcrumbList\",\"@id\":\"https:\/\/www.polyas.de\/blog\/de\/digitale-demokratie\/dsgvo-datenschutz-nrw#breadcrumb\",\"itemListElement\":[{\"@type\":\"ListItem\",\"position\":1,\"name\":\"Startseite\",\"item\":\"https:\/\/www.polyas.de\/blog\/de\"},{\"@type\":\"ListItem\",\"position\":2,\"name\":\"Beispiel NRW: So wirkt sich die DSGVO auf den Landesdatenschutz aus\"}]},{\"@type\":\"WebSite\",\"@id\":\"https:\/\/www.polyas.de\/blog\/#website\",\"url\":\"https:\/\/www.polyas.de\/blog\/\",\"name\":\"POLYAS\",\"description\":\"the blog for secure online voting\",\"potentialAction\":[{\"@type\":\"SearchAction\",\"target\":{\"@type\":\"EntryPoint\",\"urlTemplate\":\"https:\/\/www.polyas.de\/blog\/?s={search_term_string}\"},\"query-input\":\"required name=search_term_string\"}],\"inLanguage\":\"de-DE\"},{\"@type\":\"Person\",\"@id\":\"https:\/\/www.polyas.de\/blog\/#\/schema\/person\/73c28ac950bd0b4d1a9d88ae887f0167\",\"name\":\"Peter Schraeder\",\"image\":{\"@type\":\"ImageObject\",\"inLanguage\":\"de-DE\",\"@id\":\"https:\/\/www.polyas.de\/blog\/#\/schema\/person\/image\/\",\"url\":\"https:\/\/secure.gravatar.com\/avatar\/4f9e48dcaa40fec909b27d8a9fab7beb?s=96&d=mm&r=g\",\"contentUrl\":\"https:\/\/secure.gravatar.com\/avatar\/4f9e48dcaa40fec909b27d8a9fab7beb?s=96&d=mm&r=g\",\"caption\":\"Peter Schraeder\"},\"url\":\"https:\/\/www.polyas.de\/blog\/author\/peter-schraeder\"}]}<\/script>\n<!-- \/ Yoast SEO plugin. -->","yoast_head_json":{"title":"Beispiel NRW: So wirkt sich die DSGVO auf den Landesdatenschutz aus","description":"Wie wirkt sich die DSGVO eigentlich auf den Landesdatenschutz aus - und was bedeutet das f\u00fcr die Online-Wahl. Wir erkl\u00e4ren am Beispiel NRW, wie die \u00f6ffentliche Hand mit Personendaten umgehen muss. Mehr erfahren!","robots":{"index":"index","follow":"follow","max-snippet":"max-snippet:-1","max-image-preview":"max-image-preview:large","max-video-preview":"max-video-preview:-1"},"canonical":"https:\/\/www.polyas.de\/blog\/de\/digitale-demokratie\/dsgvo-datenschutz-nrw","og_locale":"de_DE","og_type":"article","og_title":"Beispiel NRW: So wirkt sich die DSGVO auf den Landesdatenschutz aus","og_description":"Wie wirkt sich die DSGVO eigentlich auf den Landesdatenschutz aus - und was bedeutet das f\u00fcr die Online-Wahl. Wir erkl\u00e4ren am Beispiel NRW, wie die \u00f6ffentliche Hand mit Personendaten umgehen muss. Mehr erfahren!","og_url":"https:\/\/www.polyas.de\/blog\/de\/digitale-demokratie\/dsgvo-datenschutz-nrw","og_site_name":"POLYAS","article_published_time":"2018-05-09T12:37:41+00:00","article_modified_time":"2024-06-21T07:40:39+00:00","og_image":[{"width":860,"height":200,"url":"https:\/\/www.polyas.de\/blog\/wp-content\/uploads\/2018\/04\/DSGVO-Polyas.jpg","type":"image\/jpeg"}],"author":"Peter Schraeder","twitter_card":"summary_large_image","twitter_misc":{"Verfasst von":"Peter Schraeder","Gesch\u00e4tzte Lesezeit":"4 Minuten"},"schema":{"@context":"https:\/\/schema.org","@graph":[{"@type":"WebPage","@id":"https:\/\/www.polyas.de\/blog\/de\/digitale-demokratie\/dsgvo-datenschutz-nrw","url":"https:\/\/www.polyas.de\/blog\/de\/digitale-demokratie\/dsgvo-datenschutz-nrw","name":"Beispiel NRW: So wirkt sich die DSGVO auf den Landesdatenschutz aus","isPartOf":{"@id":"https:\/\/www.polyas.de\/blog\/#website"},"datePublished":"2018-05-09T12:37:41+00:00","dateModified":"2024-06-21T07:40:39+00:00","author":{"@id":"https:\/\/www.polyas.de\/blog\/#\/schema\/person\/73c28ac950bd0b4d1a9d88ae887f0167"},"description":"Wie wirkt sich die DSGVO eigentlich auf den Landesdatenschutz aus - und was bedeutet das f\u00fcr die Online-Wahl. Wir erkl\u00e4ren am Beispiel NRW, wie die \u00f6ffentliche Hand mit Personendaten umgehen muss. Mehr erfahren!","breadcrumb":{"@id":"https:\/\/www.polyas.de\/blog\/de\/digitale-demokratie\/dsgvo-datenschutz-nrw#breadcrumb"},"inLanguage":"de-DE","potentialAction":[{"@type":"ReadAction","target":["https:\/\/www.polyas.de\/blog\/de\/digitale-demokratie\/dsgvo-datenschutz-nrw"]}]},{"@type":"BreadcrumbList","@id":"https:\/\/www.polyas.de\/blog\/de\/digitale-demokratie\/dsgvo-datenschutz-nrw#breadcrumb","itemListElement":[{"@type":"ListItem","position":1,"name":"Startseite","item":"https:\/\/www.polyas.de\/blog\/de"},{"@type":"ListItem","position":2,"name":"Beispiel NRW: So wirkt sich die DSGVO auf den Landesdatenschutz aus"}]},{"@type":"WebSite","@id":"https:\/\/www.polyas.de\/blog\/#website","url":"https:\/\/www.polyas.de\/blog\/","name":"POLYAS","description":"the blog for secure online voting","potentialAction":[{"@type":"SearchAction","target":{"@type":"EntryPoint","urlTemplate":"https:\/\/www.polyas.de\/blog\/?s={search_term_string}"},"query-input":"required name=search_term_string"}],"inLanguage":"de-DE"},{"@type":"Person","@id":"https:\/\/www.polyas.de\/blog\/#\/schema\/person\/73c28ac950bd0b4d1a9d88ae887f0167","name":"Peter Schraeder","image":{"@type":"ImageObject","inLanguage":"de-DE","@id":"https:\/\/www.polyas.de\/blog\/#\/schema\/person\/image\/","url":"https:\/\/secure.gravatar.com\/avatar\/4f9e48dcaa40fec909b27d8a9fab7beb?s=96&d=mm&r=g","contentUrl":"https:\/\/secure.gravatar.com\/avatar\/4f9e48dcaa40fec909b27d8a9fab7beb?s=96&d=mm&r=g","caption":"Peter Schraeder"},"url":"https:\/\/www.polyas.de\/blog\/author\/peter-schraeder"}]}},"jetpack_featured_media_url":"https:\/\/www.polyas.de\/blog\/wp-content\/uploads\/2018\/04\/DSGVO-Polyas.jpg","jetpack_publicize_connections":[],"jetpack_shortlink":"https:\/\/wp.me\/p72Pnr-1Iz","jetpack-related-posts":[{"id":7618,"url":"https:\/\/www.polyas.de\/blog\/de\/allgemein-de\/cyber-security","url_meta":{"origin":6607,"position":0},"title":"Hohe Standards f\u00fcr Cyber Security und Datenschutz bei POLYAS","date":"07\/11\/2019","format":false,"excerpt":"Vergangene Woche endete der Cyber Security Month \u2013 eine Initiative der Europ\u00e4ischen Union, um mehr Bewusstsein f\u00fcr verantwortungsvollen Datenschutz und IT-Sicherheit zu schaffen. F\u00fcr POLYAS sind das zentrale Themen, alle Mitarbeiter werden regelm\u00e4\u00dfig im sicheren Umgang mit Daten geschult. Lesen Sie in diesem Beitrag, was wir unternehmen, um die Daten\u2026","rel":"","context":"In &quot;\u00dcber POLYAS&quot;","img":{"alt_text":"Cyber Security","src":"https:\/\/i0.wp.com\/www.polyas.de\/blog\/wp-content\/uploads\/2019\/11\/Cyber-Security.jpg?resize=350%2C200&ssl=1","width":350,"height":200},"classes":[]},{"id":6520,"url":"https:\/\/www.polyas.de\/blog\/de\/allgemein-de\/personenbezogene-daten-schuetzen","url_meta":{"origin":6607,"position":1},"title":"Personenbezogene Daten und DSGVO: Mit POLYAS w\u00e4hlen Sie anonym","date":"11\/04\/2018","format":false,"excerpt":"Personenbezogene Daten zu sch\u00fctzen - das ist das Ziel der neuen EU-Datenschutzgrundverordnung (DSGVO). Am 25. Mai tritt sie in Kraft, und viele Unternehmen arbeiten immer noch an der Umsetzung. POLYAS ist jedoch vorbereitet \u2013 dank anonymisierter W\u00e4hlerverzeichnisse. Personenbezogene Daten: Weitergabe vermeiden Zwei Jahre hatte die EU Unternehmen, Vereinen und anderen\u2026","rel":"","context":"In &quot;\u00dcber POLYAS&quot;","img":{"alt_text":"POLYAS behandelt personenbezogene Daten gem\u00e4\u00df der DSGVO","src":"https:\/\/i0.wp.com\/www.polyas.de\/blog\/wp-content\/uploads\/2018\/04\/DSGVO-Polyas.jpg?resize=350%2C200&ssl=1","width":350,"height":200},"classes":[]},{"id":7627,"url":"https:\/\/www.polyas.de\/blog\/de\/allgemein-de\/datenschutz-an-hochschulen","url_meta":{"origin":6607,"position":2},"title":"So gew\u00e4hrleistet POLYAS den Datenschutz an Hochschulen","date":"14\/11\/2019","format":false,"excerpt":"Der Umgang mit personenbezogenen Daten an Hochschulen hat in Zeiten der Digitalisierung seine ganz eigenen Herausforderungen. Ein besonders sensibles Thema sind Hochschulwahlen, egal ob analog oder online. Wie POLYAS den Datenschutz an Hochschulen bei Online-Wahlen gew\u00e4hrleistet, erfahren Sie in diesem Beitrag. EU-Datenschutzgrundverordnung \u2013 auch f\u00fcr Unis Hochschulen sind Wissenschafts- und\u2026","rel":"","context":"In &quot;Digitale Demokratie&quot;","img":{"alt_text":"Online-Wahlen: Datenschutz an Hochschulen","src":"https:\/\/i0.wp.com\/www.polyas.de\/blog\/wp-content\/uploads\/2019\/11\/Datenschutz-an-Hochschulen.jpg?resize=350%2C200&ssl=1","width":350,"height":200},"classes":[]},{"id":6902,"url":"https:\/\/www.polyas.de\/blog\/de\/allgemein-de\/polyas-jahresrueckblick-2018-2","url_meta":{"origin":6607,"position":3},"title":"Neue W\u00e4hler, neue Server, neuer Datenschutz: So war 2018 f\u00fcr POLYAS","date":"12\/12\/2018","format":false,"excerpt":"2018 ist fast vor\u00fcber und POLYAS blickt auf ein ereignisreiches Jahr zur\u00fcck, in dem auch einige Erfolge verzeichnet werden konnten. Immer mehr Institutionen erkennen die Vorteile der Online-Wahl. Und die technischen Neuerungen, die f\u00fcr 2019 geplant sind, stehen schon in den Startl\u00f6chern. POLYAS Online-Wahl wird jetzt auf der OTC gehostet\u2026","rel":"","context":"In &quot;\u00dcber POLYAS&quot;","img":{"alt_text":"Der POLYAS Jahresr\u00fcckblick 2018","src":"https:\/\/i0.wp.com\/www.polyas.de\/blog\/wp-content\/uploads\/2018\/12\/2018-art-calendar-775779.jpg?resize=350%2C200&ssl=1","width":350,"height":200},"classes":[]},{"id":1952,"url":"https:\/\/www.polyas.de\/blog\/de\/online-wahlen\/sicherheit\/datenschutz-datensicherheit-und-arten-von-daten","url_meta":{"origin":6607,"position":4},"title":"Datenschutz, Datensicherheit und Arten von Daten","date":"09\/02\/2016","format":false,"excerpt":"Sobald Sie sich mit dem Thema \u201eSicherheit im Internet\u201c auseinandersetzen, begegnen Ihnen sehr viele Worte, die mit \u201eDaten\u201c beginnen. Allen voran \u201eDatenschutz\u201c und \u201eDatensicherheit\u201c. Die beiden Begriffe meinen bereits zwei unterschiedliche Dinge. Zum besseren Verst\u00e4ndnis sei hier einmal das POLYAS Wahllexikon hinzugezogen: Was bedeutet \u201eDatensicherheit\u201c? \u201eDatensicherheit\u201c bedeutet den Grad, zu\u2026","rel":"","context":"In &quot;Sicherheit im Netz&quot;","img":{"alt_text":"","src":"https:\/\/i0.wp.com\/www.polyas.de\/blog\/wp-content\/uploads\/2015\/12\/Blogvorlagen_serie.png?resize=350%2C200&ssl=1","width":350,"height":200},"classes":[]},{"id":6021,"url":"https:\/\/www.polyas.de\/blog\/de\/digital-news\/eu-datenschutzaenderung-unternehmen","url_meta":{"origin":6607,"position":5},"title":"EU-Datenschutz\u00e4nderung: Darauf m\u00fcssen sich Unternehmen vorbereiten","date":"29\/11\/2017","format":false,"excerpt":"Zwei Jahre hat die EU den europ\u00e4ischen Unternehmen Zeit gegeben, um sich auf die Datenschutz\u00e4nderung einzustellen, die ab Mai 2018 gelten wird. Welche Punkte dabei beachtet werden m\u00fcssen, erfahren Sie im zweiten Teil unserer Serie zur EU-Datenschutz-Grundverordnung. Deutliche Datenschutz\u00e4nderung ab Mai 2018 Die neue EU-Grundverordnung bringt eine Datenschutz\u00e4nderung mit sich,\u2026","rel":"","context":"In &quot;Digital News&quot;","img":{"alt_text":"Die EU-Datenschutz-Grundverordnung bringt einige Datenschutz\u00e4nderung f\u00fcr Nutzer und Unternehmen","src":"https:\/\/i0.wp.com\/www.polyas.de\/blog\/wp-content\/uploads\/2017\/11\/Datenschutzgrundverordnung-Bild.jpg?resize=350%2C200&ssl=1","width":350,"height":200},"classes":[]}],"_links":{"self":[{"href":"https:\/\/www.polyas.de\/blog\/wp-json\/wp\/v2\/posts\/6607"}],"collection":[{"href":"https:\/\/www.polyas.de\/blog\/wp-json\/wp\/v2\/posts"}],"about":[{"href":"https:\/\/www.polyas.de\/blog\/wp-json\/wp\/v2\/types\/post"}],"author":[{"embeddable":true,"href":"https:\/\/www.polyas.de\/blog\/wp-json\/wp\/v2\/users\/277"}],"replies":[{"embeddable":true,"href":"https:\/\/www.polyas.de\/blog\/wp-json\/wp\/v2\/comments?post=6607"}],"version-history":[{"count":5,"href":"https:\/\/www.polyas.de\/blog\/wp-json\/wp\/v2\/posts\/6607\/revisions"}],"predecessor-version":[{"id":12119,"href":"https:\/\/www.polyas.de\/blog\/wp-json\/wp\/v2\/posts\/6607\/revisions\/12119"}],"wp:featuredmedia":[{"embeddable":true,"href":"https:\/\/www.polyas.de\/blog\/wp-json\/wp\/v2\/media\/6521"}],"wp:attachment":[{"href":"https:\/\/www.polyas.de\/blog\/wp-json\/wp\/v2\/media?parent=6607"}],"wp:term":[{"taxonomy":"category","embeddable":true,"href":"https:\/\/www.polyas.de\/blog\/wp-json\/wp\/v2\/categories?post=6607"},{"taxonomy":"post_tag","embeddable":true,"href":"https:\/\/www.polyas.de\/blog\/wp-json\/wp\/v2\/tags?post=6607"}],"curies":[{"name":"wp","href":"https:\/\/api.w.org\/{rel}","templated":true}]}}