{"id":6542,"date":"2018-04-26T11:07:54","date_gmt":"2018-04-26T09:07:54","guid":{"rendered":"https:\/\/www.polyas.de\/blog\/?p=6542"},"modified":"2019-11-21T13:28:47","modified_gmt":"2019-11-21T12:28:47","slug":"fdp-bayern","status":"publish","type":"post","link":"https:\/\/www.polyas.de\/blog\/de\/kundeninterview\/fdp-bayern","title":{"rendered":"Ren\u00e9 Wendland zur Urwahl des Spitzenkandidaten der FDP Bayern"},"content":{"rendered":"<p>Die <a href=\"https:\/\/fdp-bayern.de\/\" target=\"_blank\" rel=\"noopener\">FDP Bayern<\/a> ist der erste Landesverband, der den Spitzenkandidaten zur Landtagswahl in einer digitalen Urwahl bestimmt hat. Genau gesagt, geht es um die Landtagswahl in Bayern 2018. Damit sind die bayerischen Liberalen absolute Vorreiter auf dem Gebiet der Innerparteilichen Demokratie. Wir haben mit Ren\u00e9 Wendland, Hauptgesch\u00e4ftsf\u00fchrer der FDP Bayern, \u00fcber die Online-Wahl gesprochen.\u00a0#Kundeninterview<!--more--><\/p>\n<h3>Herr Wendland, die Bayern FDP ist die erste Partei auf Landes \u2013 und Bundesebene, die ihren Spitzenkandidaten f\u00fcr eine Landtagswahl, per digitaler Urwahl bestimmt hat. Damit ist die FDP Bayern ein absoluter Pionier auf dem Gebiet der innerparteilichen Demokratie. Das macht doch bestimmt ein bisschen stolz, oder?<\/h3>\n<p>Wir freuen uns, hier als Vorreiter agieren zu k\u00f6nnen und den Digitalisierungsprozess innerhalb der Parteienlandschaft ein St\u00fcck weit mit voran getrieben zu haben.<\/p>\n<h3>Wie kam es zu der Idee, die Mitglieder online zu befragen?<\/h3>\n<p>Die FDP setzt sowohl auf Bundeseben als auch auf Landesebene auf den Schwerpunkt \u201eDigitalisierung\u201c und wir wollten unseren Worten auch Taten folgen lassen.<\/p>\n<h3>Wie haben die Parteimitglieder, die Entscheidung digital zu w\u00e4hlen, aufgefasst?<\/h3>\n<p>Wir haben sehr viele positive R\u00fcckmeldungen erhalten, zum Beispiel, dass die demokratische Teilhabe dadurch leichter ist. Ich glaube, dass es der Wunsch vieler B\u00fcrger und Parteimitglieder ist, dass man solche Prozesse digitalisiert. Dass es leichter wird, dass man sich nicht zu sehr mit B\u00fcrokratie aufhalten muss und die Abstimmungsprozesse vereinfacht werden, ohne dass die Qualit\u00e4t leidet. Von daher war die R\u00fcckmeldung durchaus positiv.<\/p>\n<h3>Gab es Gegner dieses Verfahrens? Was waren deren Gr\u00fcnde?<\/h3>\n<p>Es gab sicherlich den ein oder anderen, der seine Bedenken ge\u00e4u\u00dfert hat. Etwa, dass sich \u00e4ltere Mitglieder nicht gen\u00fcgend mitgenommen f\u00fchlen k\u00f6nnten. Den Abstimmungsprozess online durchzuf\u00fchren ist das eine. Aber die Informationen im Vorfeld haben wir allen Mitgliedern postalisch zugestellt, um hier niemanden aus dem eigentlichen Prozess auszuschlie\u00dfen.<\/p>\n<h3>Wie\u00a0wurden die Mitglieder \u00fcber die Online-Abstimmung informiert? Ihre Altersstruktur ist ja recht durchmischt.<\/h3>\n<p><img data-attachment-id=\"6573\" data-permalink=\"https:\/\/www.polyas.de\/blog\/de\/kundeninterview\/fdp-bayern\/attachment\/bayern_fdp_logo_gelb\" data-orig-file=\"https:\/\/www.polyas.de\/blog\/wp-content\/uploads\/2018\/04\/Bayern_FDP_Logo_Gelb.png\" data-orig-size=\"350,164\" data-comments-opened=\"1\" data-image-meta=\"{&quot;aperture&quot;:&quot;0&quot;,&quot;credit&quot;:&quot;&quot;,&quot;camera&quot;:&quot;&quot;,&quot;caption&quot;:&quot;&quot;,&quot;created_timestamp&quot;:&quot;0&quot;,&quot;copyright&quot;:&quot;&quot;,&quot;focal_length&quot;:&quot;0&quot;,&quot;iso&quot;:&quot;0&quot;,&quot;shutter_speed&quot;:&quot;0&quot;,&quot;title&quot;:&quot;&quot;,&quot;orientation&quot;:&quot;0&quot;}\" data-image-title=\"Bayern_FDP_Logo_Gelb\" data-image-description=\"\" data-image-caption=\"\" data-medium-file=\"https:\/\/www.polyas.de\/blog\/wp-content\/uploads\/2018\/04\/Bayern_FDP_Logo_Gelb-300x141.png\" data-large-file=\"https:\/\/www.polyas.de\/blog\/wp-content\/uploads\/2018\/04\/Bayern_FDP_Logo_Gelb.png\" loading=\"lazy\" class=\"size-full wp-image-6573 alignleft\" src=\"https:\/\/www.polyas.de\/blog\/wp-content\/uploads\/2018\/04\/Bayern_FDP_Logo_Gelb.png\" alt=\"Interview zur digitalen Urwahl zum Spitzenkandidaten der FDP Bayern\" width=\"350\" height=\"164\" srcset=\"https:\/\/www.polyas.de\/blog\/wp-content\/uploads\/2018\/04\/Bayern_FDP_Logo_Gelb.png 350w, https:\/\/www.polyas.de\/blog\/wp-content\/uploads\/2018\/04\/Bayern_FDP_Logo_Gelb-300x141.png 300w\" sizes=\"(max-width: 350px) 100vw, 350px\" \/><\/p>\n<p>Genau. Das war der Gedanke bei der Aufteilung: Alle Informationen, die zur Wahl gef\u00fchrt haben, sprich: Wie ist die Kandidatenlage? Wie ist der Abstimmungsprozess zeitlich aufgebaut? Wie ist der Ablauf der Wahl? Wie kommt man zur Abstimmung? Diese Informationen haben wir jedem Mitglied postalisch zugesendet und haben in dem Schreiben gesondert darauf hingewiesen, dass man &#8211; f\u00fcr den Fall ein Mitglied hat noch keinen Internetanschluss \u2013 \u00fcber Parteifreunde vor Ort oder in Wahlkabinen, die wir speziell daf\u00fcr eingerichtet hatten, den Abstimmungsprozess durchf\u00fchren kann. Alle Leute, die bei uns aufgeschlagen sind, haben wir \u00fcber die Zielgerade gebracht. Wir haben einige Mitglieder, die \u00fcber 90 Jahre alt sind. Ein Internetzugang \u2013 was f\u00fcr uns 2018 ganz normal ist, ist f\u00fcr sie eben nicht normal und selbstverst\u00e4ndlich. Auf deren Bed\u00fcrfnisse wollten wir damit auch eingehen.<strong><br \/>\n<\/strong><\/p>\n<h3>Konnten Sie einen Eindruck davon gewinnen, wie andere Parteien bzw. Landesverb\u00e4nde auf dieses Verfahren geblickt haben?<\/h3>\n<p>Innerhalb der FDP wurde es in vielen anderen Landesverb\u00e4nden mit Neugier begleitet und mit Interesse verfolgt. Wir sind nun selber gespannt, wie auch andere Parteien darauf reagieren.<\/p>\n<h3>W\u00fcrden Sie eine Urwahl wieder online durchf\u00fchren?<\/h3>\n<p>Man lernt aus solchen, neuen Prozessen. Mit diesem Wissen, ist eine Online-Abstimmung f\u00fcr uns sicherlich auch in Zukunft eine gute Option.<\/p>\n<h3>Wie steht ihr Landesverband dazu, vielleicht irgendwann einmal Landtags- und Bundestagswahlen, neben Wahlkabine und Briefwahl, zus\u00e4tzlich auch online stattfinden zu lassen?<\/h3>\n<p>Voraussetzung ist, dass alle Standards einer normalen Wahl ohne Abstriche gew\u00e4hrleistet sein m\u00fcssen. Dazu geh\u00f6rt selbstredend, dass die Durchf\u00fchrung rechtskonform ist und dass auch online unter h\u00f6chstm\u00f6glicher Sicherheit gew\u00e4hlt werden kann. Wenn diese<br \/>\nVoraussetzungen erf\u00fcllt sind, w\u00e4re es zumindest mein Wunsch, dass man k\u00fcnftig bei Landtags \u2013 und Bundestagswahlen auch online abstimmen kann. Ich bin gespannt darauf, ob und wann das kommen wird.<\/p>\n<h3>Vielen Dank f\u00fcr das Interview Herr Wendland!<\/h3>\n","protected":false},"excerpt":{"rendered":"<p>Die FDP Bayern ist der erste Landesverband, der den Spitzenkandidaten zur Landtagswahl in einer digitalen Urwahl bestimmt hat. Genau gesagt, geht es um die Landtagswahl in Bayern 2018. Damit sind die bayerischen Liberalen absolute Vorreiter auf dem Gebiet der Innerparteilichen Demokratie. Wir haben mit Ren\u00e9 Wendland, Hauptgesch\u00e4ftsf\u00fchrer der FDP Bayern, \u00fcber die Online-Wahl gesprochen.\u00a0#Kundeninterview<\/p>\n","protected":false},"author":277,"featured_media":7715,"comment_status":"open","ping_status":"open","sticky":false,"template":"","format":"standard","meta":{"_eb_attr":"","ub_ctt_via":"","spay_email":"","jetpack_publicize_message":"","jetpack_is_tweetstorm":false,"jetpack_publicize_feature_enabled":true},"categories":[2294],"tags":[72,349,2296,548,865,1970,319,536],"featured_image_src":"https:\/\/www.polyas.de\/blog\/wp-content\/uploads\/2018\/04\/Urwahl-der-FDP-Bayern-online.jpg","author_info":{"display_name":"Peter Schraeder","author_link":"https:\/\/www.polyas.de\/blog\/author\/peter-schraeder"},"yoast_head":"<!-- This site is optimized with the Yoast SEO plugin v19.9 - https:\/\/yoast.com\/wordpress\/plugins\/seo\/ -->\n<title>Ren\u00e9 Wendland \u00fcber die Urwahl zum Spitzenkandidaten der FDP Bayern<\/title>\n<meta name=\"description\" content=\"Die FDP Bayern hat den Spitzenkandidaten zur Landtagswahl als erster Landesverband einer Partei in einer digitalen Urwahl bestimmt. Wir haben mit Ren\u00e9 Wendland, Hauptgesch\u00e4ftsf\u00fchrer der Bayern FDP, \u00fcber die digitale Online-Wahl gesprochen.\" \/>\n<meta name=\"robots\" content=\"index, follow, max-snippet:-1, max-image-preview:large, max-video-preview:-1\" \/>\n<link rel=\"canonical\" href=\"https:\/\/www.polyas.de\/blog\/de\/kundeninterview\/fdp-bayern\" \/>\n<meta property=\"og:locale\" content=\"de_DE\" \/>\n<meta property=\"og:type\" content=\"article\" \/>\n<meta property=\"og:title\" content=\"Ren\u00e9 Wendland \u00fcber die Urwahl zum Spitzenkandidaten der FDP Bayern\" \/>\n<meta property=\"og:description\" content=\"Die FDP Bayern hat den Spitzenkandidaten zur Landtagswahl als erster Landesverband einer Partei in einer digitalen Urwahl bestimmt. Wir haben mit Ren\u00e9 Wendland, Hauptgesch\u00e4ftsf\u00fchrer der Bayern FDP, \u00fcber die digitale Online-Wahl gesprochen.\" \/>\n<meta property=\"og:url\" content=\"https:\/\/www.polyas.de\/blog\/de\/kundeninterview\/fdp-bayern\" \/>\n<meta property=\"og:site_name\" content=\"POLYAS\" \/>\n<meta property=\"article:published_time\" content=\"2018-04-26T09:07:54+00:00\" \/>\n<meta property=\"article:modified_time\" content=\"2019-11-21T12:28:47+00:00\" \/>\n<meta property=\"og:image\" content=\"https:\/\/i0.wp.com\/www.polyas.de\/blog\/wp-content\/uploads\/2018\/04\/Urwahl-der-FDP-Bayern-online.jpg?fit=860%2C200&ssl=1\" \/>\n\t<meta property=\"og:image:width\" content=\"860\" \/>\n\t<meta property=\"og:image:height\" content=\"200\" \/>\n\t<meta property=\"og:image:type\" content=\"image\/jpeg\" \/>\n<meta name=\"author\" content=\"Peter Schraeder\" \/>\n<meta name=\"twitter:card\" content=\"summary_large_image\" \/>\n<meta name=\"twitter:label1\" content=\"Verfasst von\" \/>\n\t<meta name=\"twitter:data1\" content=\"Peter Schraeder\" \/>\n\t<meta name=\"twitter:label2\" content=\"Gesch\u00e4tzte Lesezeit\" \/>\n\t<meta name=\"twitter:data2\" content=\"3 Minuten\" \/>\n<script type=\"application\/ld+json\" class=\"yoast-schema-graph\">{\"@context\":\"https:\/\/schema.org\",\"@graph\":[{\"@type\":\"WebPage\",\"@id\":\"https:\/\/www.polyas.de\/blog\/de\/kundeninterview\/fdp-bayern\",\"url\":\"https:\/\/www.polyas.de\/blog\/de\/kundeninterview\/fdp-bayern\",\"name\":\"Ren\u00e9 Wendland \u00fcber die Urwahl zum Spitzenkandidaten der FDP Bayern\",\"isPartOf\":{\"@id\":\"https:\/\/www.polyas.de\/blog\/#website\"},\"datePublished\":\"2018-04-26T09:07:54+00:00\",\"dateModified\":\"2019-11-21T12:28:47+00:00\",\"author\":{\"@id\":\"https:\/\/www.polyas.de\/blog\/#\/schema\/person\/73c28ac950bd0b4d1a9d88ae887f0167\"},\"description\":\"Die FDP Bayern hat den Spitzenkandidaten zur Landtagswahl als erster Landesverband einer Partei in einer digitalen Urwahl bestimmt. Wir haben mit Ren\u00e9 Wendland, Hauptgesch\u00e4ftsf\u00fchrer der Bayern FDP, \u00fcber die digitale Online-Wahl gesprochen.\",\"breadcrumb\":{\"@id\":\"https:\/\/www.polyas.de\/blog\/de\/kundeninterview\/fdp-bayern#breadcrumb\"},\"inLanguage\":\"de-DE\",\"potentialAction\":[{\"@type\":\"ReadAction\",\"target\":[\"https:\/\/www.polyas.de\/blog\/de\/kundeninterview\/fdp-bayern\"]}]},{\"@type\":\"BreadcrumbList\",\"@id\":\"https:\/\/www.polyas.de\/blog\/de\/kundeninterview\/fdp-bayern#breadcrumb\",\"itemListElement\":[{\"@type\":\"ListItem\",\"position\":1,\"name\":\"Startseite\",\"item\":\"https:\/\/www.polyas.de\/blog\/de\"},{\"@type\":\"ListItem\",\"position\":2,\"name\":\"Ren\u00e9 Wendland zur Urwahl des Spitzenkandidaten der FDP Bayern\"}]},{\"@type\":\"WebSite\",\"@id\":\"https:\/\/www.polyas.de\/blog\/#website\",\"url\":\"https:\/\/www.polyas.de\/blog\/\",\"name\":\"POLYAS\",\"description\":\"the blog for secure online voting\",\"potentialAction\":[{\"@type\":\"SearchAction\",\"target\":{\"@type\":\"EntryPoint\",\"urlTemplate\":\"https:\/\/www.polyas.de\/blog\/?s={search_term_string}\"},\"query-input\":\"required name=search_term_string\"}],\"inLanguage\":\"de-DE\"},{\"@type\":\"Person\",\"@id\":\"https:\/\/www.polyas.de\/blog\/#\/schema\/person\/73c28ac950bd0b4d1a9d88ae887f0167\",\"name\":\"Peter Schraeder\",\"image\":{\"@type\":\"ImageObject\",\"inLanguage\":\"de-DE\",\"@id\":\"https:\/\/www.polyas.de\/blog\/#\/schema\/person\/image\/\",\"url\":\"https:\/\/secure.gravatar.com\/avatar\/4f9e48dcaa40fec909b27d8a9fab7beb?s=96&d=mm&r=g\",\"contentUrl\":\"https:\/\/secure.gravatar.com\/avatar\/4f9e48dcaa40fec909b27d8a9fab7beb?s=96&d=mm&r=g\",\"caption\":\"Peter Schraeder\"},\"url\":\"https:\/\/www.polyas.de\/blog\/author\/peter-schraeder\"}]}<\/script>\n<!-- \/ Yoast SEO plugin. -->","yoast_head_json":{"title":"Ren\u00e9 Wendland \u00fcber die Urwahl zum Spitzenkandidaten der FDP Bayern","description":"Die FDP Bayern hat den Spitzenkandidaten zur Landtagswahl als erster Landesverband einer Partei in einer digitalen Urwahl bestimmt. Wir haben mit Ren\u00e9 Wendland, Hauptgesch\u00e4ftsf\u00fchrer der Bayern FDP, \u00fcber die digitale Online-Wahl gesprochen.","robots":{"index":"index","follow":"follow","max-snippet":"max-snippet:-1","max-image-preview":"max-image-preview:large","max-video-preview":"max-video-preview:-1"},"canonical":"https:\/\/www.polyas.de\/blog\/de\/kundeninterview\/fdp-bayern","og_locale":"de_DE","og_type":"article","og_title":"Ren\u00e9 Wendland \u00fcber die Urwahl zum Spitzenkandidaten der FDP Bayern","og_description":"Die FDP Bayern hat den Spitzenkandidaten zur Landtagswahl als erster Landesverband einer Partei in einer digitalen Urwahl bestimmt. Wir haben mit Ren\u00e9 Wendland, Hauptgesch\u00e4ftsf\u00fchrer der Bayern FDP, \u00fcber die digitale Online-Wahl gesprochen.","og_url":"https:\/\/www.polyas.de\/blog\/de\/kundeninterview\/fdp-bayern","og_site_name":"POLYAS","article_published_time":"2018-04-26T09:07:54+00:00","article_modified_time":"2019-11-21T12:28:47+00:00","og_image":[{"width":860,"height":200,"url":"https:\/\/i0.wp.com\/www.polyas.de\/blog\/wp-content\/uploads\/2018\/04\/Urwahl-der-FDP-Bayern-online.jpg?fit=860%2C200&ssl=1","type":"image\/jpeg"}],"author":"Peter Schraeder","twitter_card":"summary_large_image","twitter_misc":{"Verfasst von":"Peter Schraeder","Gesch\u00e4tzte Lesezeit":"3 Minuten"},"schema":{"@context":"https:\/\/schema.org","@graph":[{"@type":"WebPage","@id":"https:\/\/www.polyas.de\/blog\/de\/kundeninterview\/fdp-bayern","url":"https:\/\/www.polyas.de\/blog\/de\/kundeninterview\/fdp-bayern","name":"Ren\u00e9 Wendland \u00fcber die Urwahl zum Spitzenkandidaten der FDP Bayern","isPartOf":{"@id":"https:\/\/www.polyas.de\/blog\/#website"},"datePublished":"2018-04-26T09:07:54+00:00","dateModified":"2019-11-21T12:28:47+00:00","author":{"@id":"https:\/\/www.polyas.de\/blog\/#\/schema\/person\/73c28ac950bd0b4d1a9d88ae887f0167"},"description":"Die FDP Bayern hat den Spitzenkandidaten zur Landtagswahl als erster Landesverband einer Partei in einer digitalen Urwahl bestimmt. Wir haben mit Ren\u00e9 Wendland, Hauptgesch\u00e4ftsf\u00fchrer der Bayern FDP, \u00fcber die digitale Online-Wahl gesprochen.","breadcrumb":{"@id":"https:\/\/www.polyas.de\/blog\/de\/kundeninterview\/fdp-bayern#breadcrumb"},"inLanguage":"de-DE","potentialAction":[{"@type":"ReadAction","target":["https:\/\/www.polyas.de\/blog\/de\/kundeninterview\/fdp-bayern"]}]},{"@type":"BreadcrumbList","@id":"https:\/\/www.polyas.de\/blog\/de\/kundeninterview\/fdp-bayern#breadcrumb","itemListElement":[{"@type":"ListItem","position":1,"name":"Startseite","item":"https:\/\/www.polyas.de\/blog\/de"},{"@type":"ListItem","position":2,"name":"Ren\u00e9 Wendland zur Urwahl des Spitzenkandidaten der FDP Bayern"}]},{"@type":"WebSite","@id":"https:\/\/www.polyas.de\/blog\/#website","url":"https:\/\/www.polyas.de\/blog\/","name":"POLYAS","description":"the blog for secure online voting","potentialAction":[{"@type":"SearchAction","target":{"@type":"EntryPoint","urlTemplate":"https:\/\/www.polyas.de\/blog\/?s={search_term_string}"},"query-input":"required name=search_term_string"}],"inLanguage":"de-DE"},{"@type":"Person","@id":"https:\/\/www.polyas.de\/blog\/#\/schema\/person\/73c28ac950bd0b4d1a9d88ae887f0167","name":"Peter Schraeder","image":{"@type":"ImageObject","inLanguage":"de-DE","@id":"https:\/\/www.polyas.de\/blog\/#\/schema\/person\/image\/","url":"https:\/\/secure.gravatar.com\/avatar\/4f9e48dcaa40fec909b27d8a9fab7beb?s=96&d=mm&r=g","contentUrl":"https:\/\/secure.gravatar.com\/avatar\/4f9e48dcaa40fec909b27d8a9fab7beb?s=96&d=mm&r=g","caption":"Peter Schraeder"},"url":"https:\/\/www.polyas.de\/blog\/author\/peter-schraeder"}]}},"jetpack_featured_media_url":"https:\/\/www.polyas.de\/blog\/wp-content\/uploads\/2018\/04\/Urwahl-der-FDP-Bayern-online.jpg","jetpack_publicize_connections":[],"jetpack_shortlink":"https:\/\/wp.me\/p72Pnr-1Hw","jetpack-related-posts":[{"id":6833,"url":"https:\/\/www.polyas.de\/blog\/de\/online-wahlen\/hessen-landtagswahl-merkel","url_meta":{"origin":6542,"position":0},"title":"Nach Landtagswahl in Hessen: Merkel gibt Parteivorsitz ab","date":"29\/10\/2018","format":false,"excerpt":"Bundeskanzlerin Angela Merkel wird den Parteivorsitz \u00fcber die CDU nach den hohen Verlusten bei der Wahl in Hessen abgeben. Schwarz-Gr\u00fcn kann weiterregieren, auch wenn andere Koalitionen m\u00f6glich sind. Bei der Wahl in Brasilien hat sich der rechte Kandidat Jair Bolsonaro durchgesetzt. Alle Wahlen des Wochenendes in unseren #WahlNews. Wahl in\u2026","rel":"","context":"In &quot;Wahl News&quot;","img":{"alt_text":"Erfahren Sie alles Aktuelle \u00fcber die Parlamentswahl in der Ukraine","src":"https:\/\/i0.wp.com\/www.polyas.de\/blog\/wp-content\/uploads\/2016\/12\/Wahl-News-Schmal_810x280.png?resize=350%2C200&ssl=1","width":350,"height":200},"classes":[]},{"id":6813,"url":"https:\/\/www.polyas.de\/blog\/de\/online-wahlen\/landtagswahl-bayern","url_meta":{"origin":6542,"position":1},"title":"Bayern: Koalition aus CSU und Freien W\u00e4hlern wahrscheinlich","date":"15\/10\/2018","format":false,"excerpt":"Nach der Landtagswahl in Bayern steht fest, was Prognosen lange vorhergesagt hatten: Die CSU hat die absolute Mehrheit verloren. Allerdings kann auch keine Regierung gegen die Bayern-Partei gebildet werden. Am wahrscheinlichsten ist eine Koalition der CSU mit den Freien W\u00e4hlern. #WahlNews Hohe Verluste f\u00fcr CSU und SPD Die CSU holte\u2026","rel":"","context":"In &quot;Wahl News&quot;","img":{"alt_text":"Erfahren Sie alles Aktuelle \u00fcber die Parlamentswahl in der Ukraine","src":"https:\/\/i0.wp.com\/www.polyas.de\/blog\/wp-content\/uploads\/2016\/12\/Wahl-News-Schmal_810x280.png?resize=350%2C200&ssl=1","width":350,"height":200},"classes":[]},{"id":5236,"url":"https:\/\/www.polyas.de\/blog\/de\/allgemein-de\/5236","url_meta":{"origin":6542,"position":2},"title":"FDP und Gr\u00fcne: Pionierarbeit mit dem Online-Mitgliederentscheid","date":"26\/06\/2017","format":false,"excerpt":"Sowohl die FDP in NRW und Schleswig-Holstein, als auch B\u00fcndnis 90\/ Die Gr\u00fcnen im K\u00fcstenland haben ihre Mitglieder in einem Online-Mitgliederentscheid \u00fcber den Koalitionsvertrag f\u00fcr ihre Beteiligung an den kommenden Landesregierungen abstimmen lassen. Durchgef\u00fchrt wurde die Online-Befragung mit POLYAS. Damit sind die Landesverb\u00e4nde Pioniere auf dem Gebiet der innerparteilichen Demokratie\u2026","rel":"","context":"In &quot;\u00dcber POLYAS&quot;","img":{"alt_text":"Online-Mitgliederentscheid der FDP NRW und Schleswig Holstein und der Gr\u00fcnen Schleswig Holstein mit Polyas","src":"https:\/\/i0.wp.com\/www.polyas.de\/blog\/wp-content\/uploads\/2017\/06\/Online-Mitgliederentscheid.jpg?resize=350%2C200&ssl=1","width":350,"height":200},"classes":[]},{"id":7417,"url":"https:\/\/www.polyas.de\/blog\/de\/online-wahlen\/landtagswahl-2019-brandenburg-sachsen","url_meta":{"origin":6542,"position":3},"title":"Landtagswahl 2019 in Brandenburg und Sachsen: Regierungen abgew\u00e4hlt","date":"02\/09\/2019","format":false,"excerpt":"Die Landtagswahl 2019 in Sachsen und Brandenburg ist entschieden. CDU und SPD bleiben zwar st\u00e4rkste Kraft, m\u00fcssen aber herbe Verluste hinnehmen, w\u00e4hrend die AFD in beiden Bundesl\u00e4ndern kr\u00e4ftig zulegt. POLYAS hat alle\u00a0#Wahlnews zusammengefasst. Die CDU hatte bei der s\u00e4chsischen Landtagswahl am 1. September 2019 zwar Verluste zu verzeichnen, konnte die\u2026","rel":"","context":"In &quot;Wahl News&quot;","img":{"alt_text":"Brandenburg und Sachsen haben einen neuen Landtag","src":"https:\/\/i0.wp.com\/www.polyas.de\/blog\/wp-content\/uploads\/2019\/09\/Wahl-News-Landtagswahl-2019.png?resize=350%2C200&ssl=1","width":350,"height":200},"classes":[]},{"id":4966,"url":"https:\/\/www.polyas.de\/blog\/de\/online-wahlen\/wahl-schleswig-holstein-frankreich","url_meta":{"origin":6542,"position":4},"title":"#WahlNews: Landtagswahl in Schleswig-Holstein und Pr\u00e4sidentschaftswahl in Frankreich","date":"08\/05\/2017","format":false,"excerpt":"Immer wieder sonntags \u2026 Gestern fanden in Europa gleich zwei Wahlen statt. Eine von beiden, die Stichwahl der franz\u00f6sischen Pr\u00e4sidentschaftswahlen, war ein Signal f\u00fcr Europa. So gewann der Liberale Emmanuel Macron die Wahlen gegen seine rechtspopulistische Gegnerin Marine Le Pen. Doch auch in Schleswig-Holstein wurde gestern gew\u00e4hlt. Bei den Landtagswahlen\u2026","rel":"","context":"In &quot;Wahl News&quot;","img":{"alt_text":"Erfahren Sie alles Aktuelle \u00fcber die Parlamentswahl in der Ukraine","src":"https:\/\/i0.wp.com\/www.polyas.de\/blog\/wp-content\/uploads\/2016\/12\/Wahl-News-Schmal_810x280.png?resize=350%2C200&ssl=1","width":350,"height":200},"classes":[]},{"id":2185,"url":"https:\/\/www.polyas.de\/blog\/de\/online-wahlen\/wahlnews-nichtwaehler-steigern-wahlbeteiligung-bei-landtagswahlen","url_meta":{"origin":6542,"position":5},"title":"Nichtw\u00e4hler steigern Wahlbeteiligung bei Landtagswahlen","date":"14\/03\/2016","format":false,"excerpt":"\u00a013.03.16: Immer wieder sonntags. Wieder ist ein Sonntag rum und wieder entschied sich am traditionellen Wahltag die politische Aufstellung von L\u00e4ndern und St\u00e4dten weltweit. Der Super-Wahl-Sonntag war die Wahl der Nichtw\u00e4hler. Mit historischen Ergebnissen verzeichnete dieser ein Hoch der Wahlbeteiligung und den erfolgreichsten Ersteinstieg einer Partei in ein Parlament der\u2026","rel":"","context":"In &quot;Wahl News&quot;","img":{"alt_text":"In Spanien und der Schweiz wurde abgestimmt","src":"https:\/\/i0.wp.com\/www.polyas.de\/blog\/wp-content\/uploads\/2016\/03\/Wahl-News.png?resize=350%2C200&ssl=1","width":350,"height":200},"classes":[]}],"_links":{"self":[{"href":"https:\/\/www.polyas.de\/blog\/wp-json\/wp\/v2\/posts\/6542"}],"collection":[{"href":"https:\/\/www.polyas.de\/blog\/wp-json\/wp\/v2\/posts"}],"about":[{"href":"https:\/\/www.polyas.de\/blog\/wp-json\/wp\/v2\/types\/post"}],"author":[{"embeddable":true,"href":"https:\/\/www.polyas.de\/blog\/wp-json\/wp\/v2\/users\/277"}],"replies":[{"embeddable":true,"href":"https:\/\/www.polyas.de\/blog\/wp-json\/wp\/v2\/comments?post=6542"}],"version-history":[{"count":17,"href":"https:\/\/www.polyas.de\/blog\/wp-json\/wp\/v2\/posts\/6542\/revisions"}],"predecessor-version":[{"id":7313,"href":"https:\/\/www.polyas.de\/blog\/wp-json\/wp\/v2\/posts\/6542\/revisions\/7313"}],"wp:featuredmedia":[{"embeddable":true,"href":"https:\/\/www.polyas.de\/blog\/wp-json\/wp\/v2\/media\/7715"}],"wp:attachment":[{"href":"https:\/\/www.polyas.de\/blog\/wp-json\/wp\/v2\/media?parent=6542"}],"wp:term":[{"taxonomy":"category","embeddable":true,"href":"https:\/\/www.polyas.de\/blog\/wp-json\/wp\/v2\/categories?post=6542"},{"taxonomy":"post_tag","embeddable":true,"href":"https:\/\/www.polyas.de\/blog\/wp-json\/wp\/v2\/tags?post=6542"}],"curies":[{"name":"wp","href":"https:\/\/api.w.org\/{rel}","templated":true}]}}