{"id":6431,"date":"2018-03-09T13:41:30","date_gmt":"2018-03-09T12:41:30","guid":{"rendered":"https:\/\/www.polyas.de\/blog\/?p=6431"},"modified":"2018-03-12T10:02:42","modified_gmt":"2018-03-12T09:02:42","slug":"kabinett-groko","status":"publish","type":"post","link":"https:\/\/www.polyas.de\/blog\/de\/online-wahlen\/kabinett-groko","title":{"rendered":"Habemus Kabinett: Das sind die Minister der neuen Bundesregierung"},"content":{"rendered":"<p>Die Parteivorsitzenden von CDU, CSU und SPD haben in den vergangenen Tagen die Macht im vierten Kabinett Merkel verteilt. Der sogenannte Organisationserlass, mit dem das Bundeskanzleramt die Ressortzuschnitte und die Zust\u00e4ndigkeiten genau festlegt, soll in der kommenden Woche formuliert werden. Wir stellen die neue Bundesregierung in unserem Blog vor.<\/p>\n<p><!--more--><\/p>\n<p><strong>Vize-Kanzler und Finanzminister:<\/strong>\u00a0Olaf Scholz (59) wird der starke Mann der SPD im Merkel-Kabinett. Seit 2011 ist er Erster B\u00fcrgermeister in Hamburg, vorher war er bereits Bundesminister f\u00fcr Arbeit und Soziales. In jeder Regierung kommt dem Finanzminister eine Schl\u00fcsselfunktion zu, weil er das Geld verwaltet. Aber auch in der Europapolitik f\u00fchrt am Bundesfinanzminister kein Weg mehr vorbei \u2013 schlie\u00dflich steuert er gemeinsam mit seinen europ\u00e4ischen Kollegen die W\u00e4hrungsunion. In der CDU st\u00f6\u00dft diese Personalie auf wenig Begeisterung. War es doch immer Unions Sache, als st\u00e4rkste Kraft das wichtige Schl\u00fcsselministerium zu f\u00fchren.<\/p>\n<p><a href=\"https:\/\/www.polyas.de\/blog\/de\/digital-news\/digitalisierung-im-koalitionsvertrag\" target=\"_blank\" rel=\"noopener\">Lesen Sie hier mehr \u00fcber die Digitalpl\u00e4ne der neuen Bundesregierung<\/a><\/p>\n<p><strong>Innen, Bau und Heimat:<\/strong>\u00a0CSU-Chef Horst Seehofer macht zum Ende seiner Laufbahn noch einmal Karriere in Berlin. Das Innenressort wird im Vergleich zu fr\u00fcheren Legislaturperioden deutlich gest\u00e4rkt. Die Baupolitik bietet viele M\u00f6glichkeiten zur Profilierung, schlie\u00dflich mangelt es in Deutschland an Wohnungen. Als Innenminister und Chef des neu geschaffenen Heimatressorts ist Seehofer auch in einer guten Ausgangsposition, um gegen die AfD zu poltern und abgewanderte W\u00e4hler der CDU zur\u00fcckzuholen.<\/p>\n<p><strong>Wirtschaft und Energie:\u00a0<\/strong>Dieses Ministerium wechselt von der SPD zur CDU. Neuer Ressortchef wird Peter Altmaier (59), der bisherige Kanzleramtsminister. Altmaier war fr\u00fcher bereits Umweltminister und kennt sich in der Energiepolitik bestens aus.<\/p>\n<h3>Ressort &#8220;Digitales&#8221; erstmals im Kanzleramt angesiedelt<\/h3>\n<p><strong>Digitales<\/strong>: Die Digitalisierung soll eines der Hauptthemen der Koalition werden. Ein eigenes Ministerium gibt es daf\u00fcr nicht: Um Netzausbau, Datenschutz und F\u00f6rderma\u00dfnahmen k\u00fcmmern sich Wirtschafts-, Justiz- und Innenressort. Neu ist eine eigene Koordinierungsstelle im Kanzleramt. Die \u00fcbernimmt Dorothee B\u00e4r. In der CSU ist sie zust\u00e4ndig f\u00fcr die netzpolitische Arbeitsgruppe, auch als CSU-Vize-Generalsekret\u00e4rin hat sie sich ein paar Jahre mit dem Thema besch\u00e4ftigt.<\/p>\n<p><strong>Gesundheit<\/strong>: Eine der spannendsten Personalfragen einer erneuten gro\u00dfen Koalition war, was aus Jens Spahn wird. Das CDU-Pr\u00e4sidiumsmitglied hat sich als konservativer Widerpart zu Angela Merkel positioniert. Der M\u00fcnsterl\u00e4nder wird Gesundheitsminister. Die Kanzlerin macht Spahn zum Minister, um ihn in die Kabinettsdisziplin einzubinden. Innerparteilich kommt sie mit diesem Schritt ihren konservativen Kritikern und der Jungen Union entgegen. Mit dem Thema Gesundheits- und Pflegepolitik kennt Spahn sich aus: Vor seiner Zeit als parlamentarischer Staatssekret\u00e4r im Finanzministerium war er sechs Jahre gesundheitspolitischer Sprecher seiner Fraktion.<\/p>\n<p><strong>Verteidigung<\/strong>: Dass Ursula von der Leyen erneut das Verteidigungsressort \u00fcbernehmen wird, galt schon lange als relativ sicher, auch weil sich sonst niemand f\u00fcr diese schwierige Aufgabe anbietet. Das Amt des Bundesverteidigungsministers war lange Zeit ein Schleudersitz und verschliss viele Bundesminister. Mit von der Leyen als erster Frau auf diesem Posten kam Stabilit\u00e4t ins Ministerium. Von der Leyen gilt nach wie vor als Verb\u00fcndete Merkels. Inhaltlich hat sie den Mitte-Kurs der Kanzlerin stets mitgetragen.<\/p>\n<p><strong>Bildung und Forschung<\/strong>: Anja Karliczek war bisher eine der f\u00fcnf parlamentarischen Gesch\u00e4ftsf\u00fchrerinnen und -f\u00fchrer der Unionsfraktion im Bundestag. Die 46-j\u00e4hrige Christdemokratin sitzt seit 2013 als direkt gew\u00e4hlte Abgeordnete des m\u00fcnsterl\u00e4ndischen Wahlkreises Steinfurt III im Parlament. Bisher war sie mit Finanzthemen befasst. In CDU-Kreisen gilt Karliczek als optimistische Frau mit zupackendem Naturell und Organisationstalent. Ihr Aufstieg innerhalb der CDU war au\u00dfergew\u00f6hnlich schnell.<\/p>\n<h3>Tradition: CSU bef\u00f6rdert Generalsekret\u00e4r ins Kabinett<\/h3>\n<p><strong>Landwirtschaft<\/strong>: Julia Kl\u00f6ckner wird neue Landwirtschaftsministerin. Die geb\u00fcrtige Rheinland-Pf\u00e4lzerin war schon parlamentarische Staatssekret\u00e4rin im Bundeslandwirtschaftsministerium. Mit ihrem Vorschlag, im \u00d6kolandbau Pestizide zu erlauben, hat sie ihre Ambitionen \u00f6ffentlichkeitswirksam gezeigt. Auf Unionsseite verhandelte sie die Agrarpolitik f\u00fcr die Neuauflage der gro\u00dfen Koalition ma\u00dfgeblich mit.<\/p>\n<p><strong>Verkehr<\/strong>: Er hat den Bundestagswahlkampf organisiert, nun wird Andreas Scheuer Verkehrsminister. Der 43-j\u00e4hrige Passauer nimmt damit den gleichen Weg wie sein Vorg\u00e4nger Alexander Dobrindt, dessen Hauptaufgabe als Minister die Umsetzung des umstrittenen CSU-Projekts Pkw-Maut war. Scheuer wird nun unter anderem mit den Diesel-Abgasskandal und m\u00f6glichen Fahrverboten zu tun haben.<\/p>\n<p><strong>Entwicklungshilfe<\/strong>: In der vergangenen Legislaturperiode galt der Allg\u00e4uer Gerd M\u00fcller als Aktivposten der CSU im Kabinett. M\u00fcller reiste durch Afrika und hatte eine deutlich differenziertere Haltung zur Fl\u00fcchtlingspolitik der Kanzlerin als seine Parteispitze. Wegen seiner guten Arbeit bleibt der 62-j\u00e4hrige im Amt.<\/p>\n<p><strong>Arbeit und Soziales<\/strong>: Hubertus Heil wird neuer Bundesminister f\u00fcr Arbeit und Soziales. Zuletzt war der aus Niedersachsen stammende Politiker Generalsekret\u00e4r der SPD, sein Nachfolger wurde Lars Klingbeil. Im Arbeitsministerium folgt er auf Katarina Barley, die im September gesch\u00e4ftsf\u00fchrend die Leitung des Ressorts \u00fcbernahm.<\/p>\n<h3>SPD: Zwei weibliche Neulinge auf Bundesebene<\/h3>\n<p><strong>Ausw\u00e4rtiges Amt<\/strong>: Der bisherige Justizminister Heiko Maas wird ins Ausw\u00e4rtige Amt wechseln. Er folgt damit auf Sigmar Gabriel, der kein Amt in der neuen Bundesregierung \u00fcbernimmt.<\/p>\n<p><strong>Justiz<\/strong>: Neue Bundesjustitzministerin wird Katharina Barley. Zuletzt wirkte Barley als gesch\u00e4ftsf\u00fchrende Arbeitsministerin und als Familienministerin, davor war sie Generalsekret\u00e4rin der SPD. Die deutsch-britische Juristin ist in K\u00f6ln aufgewachsen.<\/p>\n<p><strong>Familie<\/strong>: Franziska Giffey wird die neue m\u00e4chtige Frau im <span data-original-name=\"Bundesministerium f\u00fcr Familie, Senioren, Frauen und Jugend\">Bundesministerium f\u00fcr Familie, Senioren, Frauen und Jugend<\/span>. Neben der neuen Umweltministerin Svenja Schulze ist Giffey die zweite SPD-Politikerin im neuen Kabinett ohne bundespolitische Erfahrung. Bisher war die 39-J\u00e4hrige B\u00fcrgermeisterin des Berliner Bezirks Neuk\u00f6lln, stammt aus Frankfurt\/ Oder. Die SPD hat Giffey explizit als ostdeutsche Politikerin ins Kabinett geholt.<\/p>\n<p><strong>Umwelt<\/strong>: Svenja Schulze wird Bundesumweltministerin. Genau wie Giffey verf\u00fcgt Schulze nicht \u00fcber bundespolitische Erfahrung. Unter der ehemaligen Ministerpr\u00e4sidentin Hannelore Kraft, war Schulze Ministerin f\u00fcr Wissenschaft, Innovation und Forschung in NRW. Nach der Wahlniederlage der SPD bei der Landtagswahl wurde sie Generalsekret\u00e4rin der\u00a0Landespartei.<\/p>\n<p style=\"text-align: center;\"><strong>Bereits 500 Kunden f\u00fchren ihre Wahlen einfach und sicher online mit POLYAS durch.\u00a0<\/strong><strong>Testen Sie die Online-Wahl jetzt kostenfrei!<\/strong><\/p>\n<p><a href=\"https:\/\/configurator.polyas.com\/#!\/register?lang=de&amp;country=DE\" target=\"_blank\" rel=\"noopener\"><img data-attachment-id=\"5656\" data-permalink=\"https:\/\/www.polyas.de\/blog\/de\/online-wahlen\/norwegen-parlamentswahl\/attachment\/banner-blog\" data-orig-file=\"https:\/\/www.polyas.de\/blog\/wp-content\/uploads\/2017\/09\/Banner-Blog.jpg\" data-orig-size=\"860,100\" data-comments-opened=\"1\" data-image-meta=\"{&quot;aperture&quot;:&quot;0&quot;,&quot;credit&quot;:&quot;&quot;,&quot;camera&quot;:&quot;&quot;,&quot;caption&quot;:&quot;&quot;,&quot;created_timestamp&quot;:&quot;0&quot;,&quot;copyright&quot;:&quot;&quot;,&quot;focal_length&quot;:&quot;0&quot;,&quot;iso&quot;:&quot;0&quot;,&quot;shutter_speed&quot;:&quot;0&quot;,&quot;title&quot;:&quot;&quot;,&quot;orientation&quot;:&quot;0&quot;}\" data-image-title=\"Online-Wahl kostenlos testen\" data-image-description=\"\" data-image-caption=\"\" data-medium-file=\"https:\/\/www.polyas.de\/blog\/wp-content\/uploads\/2017\/09\/Banner-Blog-300x35.jpg\" data-large-file=\"https:\/\/www.polyas.de\/blog\/wp-content\/uploads\/2017\/09\/Banner-Blog.jpg\" loading=\"lazy\" class=\"aligncenter wp-image-5656 size-full\" src=\"https:\/\/www.polyas.de\/blog\/wp-content\/uploads\/2017\/09\/Banner-Blog.jpg\" alt=\"Testen Sie die Online-Wahl jetzt kostenlos\" width=\"860\" height=\"100\" srcset=\"https:\/\/www.polyas.de\/blog\/wp-content\/uploads\/2017\/09\/Banner-Blog.jpg 860w, https:\/\/www.polyas.de\/blog\/wp-content\/uploads\/2017\/09\/Banner-Blog-300x35.jpg 300w, https:\/\/www.polyas.de\/blog\/wp-content\/uploads\/2017\/09\/Banner-Blog-768x89.jpg 768w, https:\/\/www.polyas.de\/blog\/wp-content\/uploads\/2017\/09\/Banner-Blog-500x58.jpg 500w\" sizes=\"(max-width: 860px) 100vw, 860px\" \/><\/a><\/p>\n<p>&nbsp;<\/p>\n","protected":false},"excerpt":{"rendered":"<p>Die Parteivorsitzenden von CDU, CSU und SPD haben in den vergangenen Tagen die Macht im vierten Kabinett Merkel verteilt. Der sogenannte Organisationserlass, mit dem das Bundeskanzleramt die Ressortzuschnitte und die Zust\u00e4ndigkeiten genau festlegt, soll in der kommenden Woche formuliert werden. Wir stellen die neue Bundesregierung in unserem Blog vor.<\/p>\n","protected":false},"author":277,"featured_media":6446,"comment_status":"open","ping_status":"open","sticky":false,"template":"","format":"standard","meta":{"_eb_attr":"","ub_ctt_via":"","spay_email":"","jetpack_publicize_message":"","jetpack_is_tweetstorm":false,"jetpack_publicize_feature_enabled":true},"categories":[8],"tags":[913,325,349,1274,319],"featured_image_src":"https:\/\/www.polyas.de\/blog\/wp-content\/uploads\/2018\/03\/Kabinett-Merkel-IV.jpg","author_info":{"display_name":"Peter Schraeder","author_link":"https:\/\/www.polyas.de\/blog\/author\/peter-schraeder"},"yoast_head":"<!-- This site is optimized with the Yoast SEO plugin v19.9 - https:\/\/yoast.com\/wordpress\/plugins\/seo\/ -->\n<title>Habemus Kabinett: Das sind die Minister der neuen Bundesregierung<\/title>\n<meta name=\"description\" content=\"Nach f\u00fcnf Monaten ohne Bundesregierung steht endlich das Kabinett von Bundeskanzlerin Angela Merkel. Wir stellen die neuen Bundesminister und ihre Ressorts vor.\" \/>\n<meta name=\"robots\" content=\"index, follow, max-snippet:-1, max-image-preview:large, max-video-preview:-1\" \/>\n<link rel=\"canonical\" href=\"https:\/\/www.polyas.de\/blog\/de\/online-wahlen\/kabinett-groko\" \/>\n<meta property=\"og:locale\" content=\"de_DE\" \/>\n<meta property=\"og:type\" content=\"article\" \/>\n<meta property=\"og:title\" content=\"Habemus Kabinett: Das sind die Minister der neuen Bundesregierung\" \/>\n<meta property=\"og:description\" content=\"Nach f\u00fcnf Monaten ohne Bundesregierung steht endlich das Kabinett von Bundeskanzlerin Angela Merkel. Wir stellen die neuen Bundesminister und ihre Ressorts vor.\" \/>\n<meta property=\"og:url\" content=\"https:\/\/www.polyas.de\/blog\/de\/online-wahlen\/kabinett-groko\" \/>\n<meta property=\"og:site_name\" content=\"POLYAS\" \/>\n<meta property=\"article:published_time\" content=\"2018-03-09T12:41:30+00:00\" \/>\n<meta property=\"article:modified_time\" content=\"2018-03-12T09:02:42+00:00\" \/>\n<meta property=\"og:image\" content=\"https:\/\/i0.wp.com\/www.polyas.de\/blog\/wp-content\/uploads\/2018\/03\/Kabinett-Merkel-IV.jpg?fit=860%2C280&ssl=1\" \/>\n\t<meta property=\"og:image:width\" content=\"860\" \/>\n\t<meta property=\"og:image:height\" content=\"280\" \/>\n\t<meta property=\"og:image:type\" content=\"image\/jpeg\" \/>\n<meta name=\"author\" content=\"Peter Schraeder\" \/>\n<meta name=\"twitter:card\" content=\"summary_large_image\" \/>\n<meta name=\"twitter:label1\" content=\"Verfasst von\" \/>\n\t<meta name=\"twitter:data1\" content=\"Peter Schraeder\" \/>\n\t<meta name=\"twitter:label2\" content=\"Gesch\u00e4tzte Lesezeit\" \/>\n\t<meta name=\"twitter:data2\" content=\"5 Minuten\" \/>\n<script type=\"application\/ld+json\" class=\"yoast-schema-graph\">{\"@context\":\"https:\/\/schema.org\",\"@graph\":[{\"@type\":\"WebPage\",\"@id\":\"https:\/\/www.polyas.de\/blog\/de\/online-wahlen\/kabinett-groko\",\"url\":\"https:\/\/www.polyas.de\/blog\/de\/online-wahlen\/kabinett-groko\",\"name\":\"Habemus Kabinett: Das sind die Minister der neuen Bundesregierung\",\"isPartOf\":{\"@id\":\"https:\/\/www.polyas.de\/blog\/#website\"},\"datePublished\":\"2018-03-09T12:41:30+00:00\",\"dateModified\":\"2018-03-12T09:02:42+00:00\",\"author\":{\"@id\":\"https:\/\/www.polyas.de\/blog\/#\/schema\/person\/73c28ac950bd0b4d1a9d88ae887f0167\"},\"description\":\"Nach f\u00fcnf Monaten ohne Bundesregierung steht endlich das Kabinett von Bundeskanzlerin Angela Merkel. Wir stellen die neuen Bundesminister und ihre Ressorts vor.\",\"breadcrumb\":{\"@id\":\"https:\/\/www.polyas.de\/blog\/de\/online-wahlen\/kabinett-groko#breadcrumb\"},\"inLanguage\":\"de-DE\",\"potentialAction\":[{\"@type\":\"ReadAction\",\"target\":[\"https:\/\/www.polyas.de\/blog\/de\/online-wahlen\/kabinett-groko\"]}]},{\"@type\":\"BreadcrumbList\",\"@id\":\"https:\/\/www.polyas.de\/blog\/de\/online-wahlen\/kabinett-groko#breadcrumb\",\"itemListElement\":[{\"@type\":\"ListItem\",\"position\":1,\"name\":\"Startseite\",\"item\":\"https:\/\/www.polyas.de\/blog\/de\"},{\"@type\":\"ListItem\",\"position\":2,\"name\":\"Habemus Kabinett: Das sind die Minister der neuen Bundesregierung\"}]},{\"@type\":\"WebSite\",\"@id\":\"https:\/\/www.polyas.de\/blog\/#website\",\"url\":\"https:\/\/www.polyas.de\/blog\/\",\"name\":\"POLYAS\",\"description\":\"the blog for secure online voting\",\"potentialAction\":[{\"@type\":\"SearchAction\",\"target\":{\"@type\":\"EntryPoint\",\"urlTemplate\":\"https:\/\/www.polyas.de\/blog\/?s={search_term_string}\"},\"query-input\":\"required name=search_term_string\"}],\"inLanguage\":\"de-DE\"},{\"@type\":\"Person\",\"@id\":\"https:\/\/www.polyas.de\/blog\/#\/schema\/person\/73c28ac950bd0b4d1a9d88ae887f0167\",\"name\":\"Peter Schraeder\",\"image\":{\"@type\":\"ImageObject\",\"inLanguage\":\"de-DE\",\"@id\":\"https:\/\/www.polyas.de\/blog\/#\/schema\/person\/image\/\",\"url\":\"https:\/\/secure.gravatar.com\/avatar\/4f9e48dcaa40fec909b27d8a9fab7beb?s=96&d=mm&r=g\",\"contentUrl\":\"https:\/\/secure.gravatar.com\/avatar\/4f9e48dcaa40fec909b27d8a9fab7beb?s=96&d=mm&r=g\",\"caption\":\"Peter Schraeder\"},\"url\":\"https:\/\/www.polyas.de\/blog\/author\/peter-schraeder\"}]}<\/script>\n<!-- \/ Yoast SEO plugin. -->","yoast_head_json":{"title":"Habemus Kabinett: Das sind die Minister der neuen Bundesregierung","description":"Nach f\u00fcnf Monaten ohne Bundesregierung steht endlich das Kabinett von Bundeskanzlerin Angela Merkel. Wir stellen die neuen Bundesminister und ihre Ressorts vor.","robots":{"index":"index","follow":"follow","max-snippet":"max-snippet:-1","max-image-preview":"max-image-preview:large","max-video-preview":"max-video-preview:-1"},"canonical":"https:\/\/www.polyas.de\/blog\/de\/online-wahlen\/kabinett-groko","og_locale":"de_DE","og_type":"article","og_title":"Habemus Kabinett: Das sind die Minister der neuen Bundesregierung","og_description":"Nach f\u00fcnf Monaten ohne Bundesregierung steht endlich das Kabinett von Bundeskanzlerin Angela Merkel. Wir stellen die neuen Bundesminister und ihre Ressorts vor.","og_url":"https:\/\/www.polyas.de\/blog\/de\/online-wahlen\/kabinett-groko","og_site_name":"POLYAS","article_published_time":"2018-03-09T12:41:30+00:00","article_modified_time":"2018-03-12T09:02:42+00:00","og_image":[{"width":860,"height":280,"url":"https:\/\/i0.wp.com\/www.polyas.de\/blog\/wp-content\/uploads\/2018\/03\/Kabinett-Merkel-IV.jpg?fit=860%2C280&ssl=1","type":"image\/jpeg"}],"author":"Peter Schraeder","twitter_card":"summary_large_image","twitter_misc":{"Verfasst von":"Peter Schraeder","Gesch\u00e4tzte Lesezeit":"5 Minuten"},"schema":{"@context":"https:\/\/schema.org","@graph":[{"@type":"WebPage","@id":"https:\/\/www.polyas.de\/blog\/de\/online-wahlen\/kabinett-groko","url":"https:\/\/www.polyas.de\/blog\/de\/online-wahlen\/kabinett-groko","name":"Habemus Kabinett: Das sind die Minister der neuen Bundesregierung","isPartOf":{"@id":"https:\/\/www.polyas.de\/blog\/#website"},"datePublished":"2018-03-09T12:41:30+00:00","dateModified":"2018-03-12T09:02:42+00:00","author":{"@id":"https:\/\/www.polyas.de\/blog\/#\/schema\/person\/73c28ac950bd0b4d1a9d88ae887f0167"},"description":"Nach f\u00fcnf Monaten ohne Bundesregierung steht endlich das Kabinett von Bundeskanzlerin Angela Merkel. Wir stellen die neuen Bundesminister und ihre Ressorts vor.","breadcrumb":{"@id":"https:\/\/www.polyas.de\/blog\/de\/online-wahlen\/kabinett-groko#breadcrumb"},"inLanguage":"de-DE","potentialAction":[{"@type":"ReadAction","target":["https:\/\/www.polyas.de\/blog\/de\/online-wahlen\/kabinett-groko"]}]},{"@type":"BreadcrumbList","@id":"https:\/\/www.polyas.de\/blog\/de\/online-wahlen\/kabinett-groko#breadcrumb","itemListElement":[{"@type":"ListItem","position":1,"name":"Startseite","item":"https:\/\/www.polyas.de\/blog\/de"},{"@type":"ListItem","position":2,"name":"Habemus Kabinett: Das sind die Minister der neuen Bundesregierung"}]},{"@type":"WebSite","@id":"https:\/\/www.polyas.de\/blog\/#website","url":"https:\/\/www.polyas.de\/blog\/","name":"POLYAS","description":"the blog for secure online voting","potentialAction":[{"@type":"SearchAction","target":{"@type":"EntryPoint","urlTemplate":"https:\/\/www.polyas.de\/blog\/?s={search_term_string}"},"query-input":"required name=search_term_string"}],"inLanguage":"de-DE"},{"@type":"Person","@id":"https:\/\/www.polyas.de\/blog\/#\/schema\/person\/73c28ac950bd0b4d1a9d88ae887f0167","name":"Peter Schraeder","image":{"@type":"ImageObject","inLanguage":"de-DE","@id":"https:\/\/www.polyas.de\/blog\/#\/schema\/person\/image\/","url":"https:\/\/secure.gravatar.com\/avatar\/4f9e48dcaa40fec909b27d8a9fab7beb?s=96&d=mm&r=g","contentUrl":"https:\/\/secure.gravatar.com\/avatar\/4f9e48dcaa40fec909b27d8a9fab7beb?s=96&d=mm&r=g","caption":"Peter Schraeder"},"url":"https:\/\/www.polyas.de\/blog\/author\/peter-schraeder"}]}},"jetpack_featured_media_url":"https:\/\/www.polyas.de\/blog\/wp-content\/uploads\/2018\/03\/Kabinett-Merkel-IV.jpg","jetpack_publicize_connections":[],"jetpack_shortlink":"https:\/\/wp.me\/p72Pnr-1FJ","jetpack-related-posts":[{"id":6333,"url":"https:\/\/www.polyas.de\/blog\/de\/digital-news\/digitalisierung-im-koalitionsvertrag","url_meta":{"origin":6431,"position":0},"title":"Das Thema Digitalisierung im Koalitionsvertrag: Licht und Schatten.","date":"12\/02\/2018","format":false,"excerpt":"CDU\/CSU und SPD haben sich auf eine gemeinsame Koalitionsvereinbarung verst\u00e4ndigt. Wir haben den Vertrag nach Vorhaben zur Digitalisierung durchsucht und diese zusammengefasst. Gigabit-Netze \u00fcberall bis 2025 Die Ergebnisse der Arbeitsgruppe Digitalisierung waren bereits vor der offiziellen Ver\u00f6ffentlichung des Koalitionsvertrages durchgesickert. Demnach wollen Union und SPD den fl\u00e4chendeckenden Ausbau mit Gigabit-Netzen\u2026","rel":"","context":"In &quot;Digital News&quot;","img":{"alt_text":"","src":"https:\/\/i0.wp.com\/www.polyas.de\/blog\/wp-content\/uploads\/2017\/01\/Digital-News.png?resize=350%2C200&ssl=1","width":350,"height":200},"classes":[]},{"id":6334,"url":"https:\/\/www.polyas.de\/blog\/de\/digital-news\/digitale-verwaltung-aktueller-stand","url_meta":{"origin":6431,"position":1},"title":"Digitale Verwaltung: Bringt die neue GroKo das E-Government voran?","date":"08\/02\/2018","format":false,"excerpt":"Statt dem Gang zur Beh\u00f6rde ein paar Klicks im Netz \u2013 und schon hat man seine B\u00fcrgerpflicht getan, die digitale Verwaltung macht's m\u00f6glich. CDU, CSU und SPD haben sich das Thema E-Government im Koalitionsvertrag erneut auf die Fahne geschrieben. Doch wie sieht eigentlich der aktuelle Stand aus? Union und SPD\u2026","rel":"","context":"In &quot;Digital News&quot;","img":{"alt_text":"","src":"https:\/\/i0.wp.com\/www.polyas.de\/blog\/wp-content\/uploads\/2018\/02\/digitale-Verwaltung-deutschland.jpg?resize=350%2C200&ssl=1","width":350,"height":200},"classes":[]},{"id":6833,"url":"https:\/\/www.polyas.de\/blog\/de\/online-wahlen\/hessen-landtagswahl-merkel","url_meta":{"origin":6431,"position":2},"title":"Nach Landtagswahl in Hessen: Merkel gibt Parteivorsitz ab","date":"29\/10\/2018","format":false,"excerpt":"Bundeskanzlerin Angela Merkel wird den Parteivorsitz \u00fcber die CDU nach den hohen Verlusten bei der Wahl in Hessen abgeben. Schwarz-Gr\u00fcn kann weiterregieren, auch wenn andere Koalitionen m\u00f6glich sind. Bei der Wahl in Brasilien hat sich der rechte Kandidat Jair Bolsonaro durchgesetzt. Alle Wahlen des Wochenendes in unseren #WahlNews. Wahl in\u2026","rel":"","context":"In &quot;Wahl News&quot;","img":{"alt_text":"Erfahren Sie alles Aktuelle \u00fcber die Parlamentswahl in der Ukraine","src":"https:\/\/i0.wp.com\/www.polyas.de\/blog\/wp-content\/uploads\/2016\/12\/Wahl-News-Schmal_810x280.png?resize=350%2C200&ssl=1","width":350,"height":200},"classes":[]},{"id":5495,"url":"https:\/\/www.polyas.de\/blog\/de\/online-wahlen\/kanzlermodell","url_meta":{"origin":6431,"position":3},"title":"Das Kanzlermodell &#8211; die bessere Wahlumfrage?","date":"17\/08\/2017","format":false,"excerpt":"Wahlumfragen gibt es viele, doch in letzter Zeit waren wenige wirklich verl\u00e4sslich, wenn es um eine Prognose der Wahlergebnisse im vergangenen Jahr ging. So sah es lange danach aus als w\u00fcrde die neue amerikanische Pr\u00e4sidentin Hillary Clinton hei\u00dfen. Nun ist Donald Trump seit etwa sechseinhalb Monaten im Amt. Auch mit\u2026","rel":"","context":"In &quot;Wahl News&quot;","img":{"alt_text":"Das Kanzlermodell gilt als Zauberformel zur Vorhersage des Ausgangs der Bundestagswahl - wie funktioniert es?","src":"https:\/\/i0.wp.com\/www.polyas.de\/blog\/wp-content\/uploads\/2017\/08\/Kanzlermodell.jpg?resize=350%2C200&ssl=1","width":350,"height":200},"classes":[]},{"id":5819,"url":"https:\/\/www.polyas.de\/blog\/de\/online-wahlen\/wahl-oesterreich-niedersachsen","url_meta":{"origin":6431,"position":4},"title":"Wahlen in \u00d6sterreich und Niedersachsen im \u00dcberblick","date":"16\/10\/2017","format":false,"excerpt":"Immer wieder sonntags\u2026 Gestern fanden gleich zwei Wahlen statt: In Niedersachsen wurde ein neuer Landtag, in \u00d6sterreich der Nationalrat gew\u00e4hlt. Beide Urneng\u00e4nge hielten einige \u00dcberraschungen bereit. Alle Infos in unseren #WahlNews. SPD gewinnt in Niedersachsen Die SPD hat die Landtagswahl in Niedersachsen f\u00fcr sich entscheiden k\u00f6nnen. Nach dem vorl\u00e4ufigen Endergebnis\u2026","rel":"","context":"In &quot;Wahl News&quot;","img":{"alt_text":"Erfahren Sie alles Aktuelle \u00fcber die Parlamentswahl in der Ukraine","src":"https:\/\/i0.wp.com\/www.polyas.de\/blog\/wp-content\/uploads\/2016\/12\/Wahl-News-Schmal_810x280.png?resize=350%2C200&ssl=1","width":350,"height":200},"classes":[]},{"id":3293,"url":"https:\/\/www.polyas.de\/blog\/de\/online-wahlen\/landtagswahl-mecklenburg-vorpommern","url_meta":{"origin":6431,"position":5},"title":"Landtagswahl Mecklenburg-Vorpommern: Die gro\u00dfe Koalition bleibt","date":"05\/09\/2016","format":false,"excerpt":"Immer wieder sonntags \u2026 am 04.09. fand in\u00a0Mecklenburg-Vorpommern die\u00a0Landtagswahl statt. Die wichtigsten Infos haben wir f\u00fcr Sie in unseren\u00a0#WahlNews noch einmal aufbereitet. Wahlergebnisse in K\u00fcrze: Der bisherige Ministerpr\u00e4sident Erwin Sellering von der SPD bleibt weiterhin im Land Die AfD erreicht aus dem Stand 20,8% der W\u00e4hlerstimmen und ist damit die\u2026","rel":"","context":"In &quot;Wahl News&quot;","img":{"alt_text":"In Spanien und der Schweiz wurde abgestimmt","src":"https:\/\/i0.wp.com\/www.polyas.de\/blog\/wp-content\/uploads\/2016\/03\/Wahl-News.png?resize=350%2C200&ssl=1","width":350,"height":200},"classes":[]}],"_links":{"self":[{"href":"https:\/\/www.polyas.de\/blog\/wp-json\/wp\/v2\/posts\/6431"}],"collection":[{"href":"https:\/\/www.polyas.de\/blog\/wp-json\/wp\/v2\/posts"}],"about":[{"href":"https:\/\/www.polyas.de\/blog\/wp-json\/wp\/v2\/types\/post"}],"author":[{"embeddable":true,"href":"https:\/\/www.polyas.de\/blog\/wp-json\/wp\/v2\/users\/277"}],"replies":[{"embeddable":true,"href":"https:\/\/www.polyas.de\/blog\/wp-json\/wp\/v2\/comments?post=6431"}],"version-history":[{"count":7,"href":"https:\/\/www.polyas.de\/blog\/wp-json\/wp\/v2\/posts\/6431\/revisions"}],"predecessor-version":[{"id":6466,"href":"https:\/\/www.polyas.de\/blog\/wp-json\/wp\/v2\/posts\/6431\/revisions\/6466"}],"wp:featuredmedia":[{"embeddable":true,"href":"https:\/\/www.polyas.de\/blog\/wp-json\/wp\/v2\/media\/6446"}],"wp:attachment":[{"href":"https:\/\/www.polyas.de\/blog\/wp-json\/wp\/v2\/media?parent=6431"}],"wp:term":[{"taxonomy":"category","embeddable":true,"href":"https:\/\/www.polyas.de\/blog\/wp-json\/wp\/v2\/categories?post=6431"},{"taxonomy":"post_tag","embeddable":true,"href":"https:\/\/www.polyas.de\/blog\/wp-json\/wp\/v2\/tags?post=6431"}],"curies":[{"name":"wp","href":"https:\/\/api.w.org\/{rel}","templated":true}]}}