{"id":6334,"date":"2018-02-08T15:17:09","date_gmt":"2018-02-08T14:17:09","guid":{"rendered":"https:\/\/www.polyas.de\/blog\/?p=6334"},"modified":"2018-02-08T18:20:57","modified_gmt":"2018-02-08T17:20:57","slug":"digitale-verwaltung-aktueller-stand","status":"publish","type":"post","link":"https:\/\/www.polyas.de\/blog\/de\/digital-news\/digitale-verwaltung-aktueller-stand","title":{"rendered":"Digitale Verwaltung: Bringt die neue GroKo das E-Government voran?"},"content":{"rendered":"<p>Statt dem Gang zur Beh\u00f6rde ein paar Klicks im Netz \u2013 und schon hat man seine B\u00fcrgerpflicht getan, die digitale Verwaltung macht&#8217;s m\u00f6glich. CDU, CSU und SPD haben sich das Thema E-Government im Koalitionsvertrag erneut auf die Fahne geschrieben. Doch wie sieht eigentlich der aktuelle Stand aus?<!--more--><\/p>\n<h3>Union und SPD wollen digitale Verwaltung voranbringen<\/h3>\n<p>\u201eWir schaffen eine b\u00fcrgernahe, digitale Verwaltung\u201c, hei\u00dft es im neuen Koalitionsvertrag. Entstehen soll ein digitales B\u00fcrgerportal, das \u201epraktisch alle Verwaltungsdienstleistungen elektronisch verf\u00fcgbar macht.\u201c Der digitalen Verwaltung soll gar ein Vorrang gegen\u00fcber dem pers\u00f6nlichen Erscheinen einger\u00e4umt werden. Das ist ein ambitioniertes Vorhaben. Im Koalitionsvertrag werden ihm mehrere Seiten gewidmet.<\/p>\n<p><a href=\"https:\/\/www.polyas.de\/blog\/de\/digitale-demokratie\/sondierungspapier-digitales\">So sahen die Digital-Pl\u00e4ne im Sondierungspapier aus!<\/a><\/p>\n<p>Sofern die Delegierten von CDU und CSU sowie die SPD-Basis dem Koalitionsvertrag zustimmen, k\u00f6nnte die digitale Verwaltung in Deutschland tats\u00e4chlich vorangebracht werden. Der politische Wille ist zumindest vorhanden. Andererseits bekennen sich so gut wie alle Parteien zur Digitalisierung der B\u00fcrokratie. Bisher verl\u00e4uft die Entwicklung aber schleppend.<\/p>\n<h3>E-Government-Gesetz gibt es seit 2013<\/h3>\n<p>An der Bereitschaft der Bev\u00f6lkerung, sich auf das E-Government einzulassen, mangelt es nicht. In Gro\u00dfst\u00e4dten wie Berlin ist die Klage \u00fcber \u00fcberf\u00fcllte Warter\u00e4ume und \u00fcber Wochen ausgebuchte Beh\u00f6rden schon jahrelang ein gro\u00dfes Thema. Auf dem Land hingegen m\u00fcssen viele Menschen erst in die n\u00e4chst gr\u00f6\u00dfere Stadt fahren und sich den eng begrenzten \u00d6ffnungszeiten der Beh\u00f6rden anpassen. Nur um einen Personalausweis zu beantragen oder einen Wohnungswechsel zu melden.<\/p>\n<p>Tats\u00e4chlich gibt es die digitale Verwaltung schon lange, zumindest auf dem Papier. Noch unter Schwarz-Gelb war 2013 ein \u201eE-Government-Gesetz\u201c verabschiedet worden, um die \u00f6ffentliche Verwaltung f\u00fcr die Digitalisierung zu r\u00fcsten. Kernpunkte waren damals die Einf\u00fchrung elektronischer Akten, das bargeldlose Bezahlen, die Verbreitung von Amtsmitteilungen im Netz sowie die elektronische Dokumentation von Prozessen und Datenbest\u00e4nden.<\/p>\n<p><a href=\"https:\/\/www.polyas.de\/blog\/de\/digitale-demokratie\/chancen-digitaler-verwaltung-die-e-akte\">Lesen Sie hier mehr \u00fcber Vor- und Nachteile der E-Akte!<\/a><\/p>\n<h3>Deutschland liegt international zur\u00fcck<\/h3>\n<p>F\u00fcr Bundesbeh\u00f6rden ist die Einf\u00fchrung elektronischer Akten ab 2020 sogar verpflichtend. Au\u00dferdem haben die Bundesl\u00e4nder inzwischen ihre eigenen Verwaltungsgesetze ans \u201eE-Government-Gesetz\u201c angepasst oder eigene Gesetze zur digitalen Verwaltung erlassen. Doch Beh\u00f6rdeng\u00e4nge werden den B\u00fcrgern weiterhin nicht erspart, auch wenn Steuererkl\u00e4rung oder Kfz-Zulassung inzwischen online abgewickelt werden k\u00f6nnen.<\/p>\n<p>International gesehen ist Deutschland im Hintertreffen. L\u00e4nder wie Estland, Schweden, Finnland oder Frankreich sind deutlich weiter. Auch die neue Regierung in \u00d6sterreich visiert weitreichende Verbesserungen im Bereich E-Government an. Denn die digitale Verwaltung ist nicht allein praktisch f\u00fcr die B\u00fcrger. Staat und Unternehmen k\u00f6nnten auch viele Milliarden Euro Kosten sparen.<\/p>\n<h3>Koalitionsvertrag sieht Online-Portal vor<\/h3>\n<p>Auch POLYAS hat bereits <a href=\"https:\/\/www.polyas.de\/blog\/de\/veranstaltungen\/smarter-staat-polyas-mygovernment\">Ideen f\u00fcrs E-Government entwickelt<\/a>. Jugendparlamentswahlen, Seniorenbeiratswahlen, Wahlen zum Ausl\u00e4nder-, Behinderten- oder Ortsbeirat \u2013 in der Digitalisierung solcher Abstimmungen steckt viel Potenzial. Au\u00dferdem fordern kommunale B\u00fcndnisse wie der Deutsche St\u00e4dtetag und der Deutschen St\u00e4dte- und Gemeindebund im Einvernehmen mit den Digital-Verb\u00e4nden den Ausbau des E-Governments.<\/p>\n<p>Union und SPD scheinen diesen Forderungen zumindest entgegenkommen zu wollen. Immerhin hatten sich sowohl Martin Schulz als auch Angela Merkel im Wahlkampf f\u00fcr eine St\u00e4rkung des E-Governments eingesetzt. Schulz forderte sogar ein \u201eDeutschlandportal\u201c innerhalb von f\u00fcnf Jahren. F\u00fcr die n\u00e4chste Legislaturperiode haben sich die drei Parteien daher die Gr\u00fcndung einer E-Government-Agentur und eines Online-Verwaltungs-Portals vorgenommen.<\/p>\n<p style=\"text-align: center;\"><strong>Bereits 500 Kunden f\u00fchren ihre Wahlen einfach und sicher online mit POLYAS durch.\u00a0<\/strong><strong>Testen Sie die Online-Wahl jetzt kostenfrei!<\/strong><\/p>\n<p><a href=\"https:\/\/configurator.polyas.com\/#!\/register?lang=de&amp;country=DE\" target=\"_blank\" rel=\"noopener\"><img data-attachment-id=\"5656\" data-permalink=\"https:\/\/www.polyas.de\/blog\/de\/online-wahlen\/norwegen-parlamentswahl\/attachment\/banner-blog\" data-orig-file=\"https:\/\/www.polyas.de\/blog\/wp-content\/uploads\/2017\/09\/Banner-Blog.jpg\" data-orig-size=\"860,100\" data-comments-opened=\"1\" data-image-meta=\"{&quot;aperture&quot;:&quot;0&quot;,&quot;credit&quot;:&quot;&quot;,&quot;camera&quot;:&quot;&quot;,&quot;caption&quot;:&quot;&quot;,&quot;created_timestamp&quot;:&quot;0&quot;,&quot;copyright&quot;:&quot;&quot;,&quot;focal_length&quot;:&quot;0&quot;,&quot;iso&quot;:&quot;0&quot;,&quot;shutter_speed&quot;:&quot;0&quot;,&quot;title&quot;:&quot;&quot;,&quot;orientation&quot;:&quot;0&quot;}\" data-image-title=\"Online-Wahl kostenlos testen\" data-image-description=\"\" data-image-caption=\"\" data-medium-file=\"https:\/\/www.polyas.de\/blog\/wp-content\/uploads\/2017\/09\/Banner-Blog-300x35.jpg\" data-large-file=\"https:\/\/www.polyas.de\/blog\/wp-content\/uploads\/2017\/09\/Banner-Blog.jpg\" loading=\"lazy\" class=\"aligncenter wp-image-5656 size-full\" src=\"https:\/\/www.polyas.de\/blog\/wp-content\/uploads\/2017\/09\/Banner-Blog.jpg\" alt=\"Testen Sie die Online-Wahl jetzt kostenlos\" width=\"860\" height=\"100\" srcset=\"https:\/\/www.polyas.de\/blog\/wp-content\/uploads\/2017\/09\/Banner-Blog.jpg 860w, https:\/\/www.polyas.de\/blog\/wp-content\/uploads\/2017\/09\/Banner-Blog-300x35.jpg 300w, https:\/\/www.polyas.de\/blog\/wp-content\/uploads\/2017\/09\/Banner-Blog-768x89.jpg 768w, https:\/\/www.polyas.de\/blog\/wp-content\/uploads\/2017\/09\/Banner-Blog-500x58.jpg 500w\" sizes=\"(max-width: 860px) 100vw, 860px\" \/><\/a><\/p>\n","protected":false},"excerpt":{"rendered":"<p>Statt dem Gang zur Beh\u00f6rde ein paar Klicks im Netz \u2013 und schon hat man seine B\u00fcrgerpflicht getan, die digitale Verwaltung macht&#8217;s m\u00f6glich. CDU, CSU und SPD haben sich das Thema E-Government im Koalitionsvertrag erneut auf die Fahne geschrieben. Doch wie sieht eigentlich der aktuelle Stand aus?<\/p>\n","protected":false},"author":277,"featured_media":6336,"comment_status":"open","ping_status":"open","sticky":false,"template":"","format":"standard","meta":{"_eb_attr":"","ub_ctt_via":"","spay_email":"","jetpack_publicize_message":"","jetpack_is_tweetstorm":false,"jetpack_publicize_feature_enabled":true},"categories":[522],"tags":[1934,1936,1288],"featured_image_src":"https:\/\/www.polyas.de\/blog\/wp-content\/uploads\/2018\/02\/digitale-Verwaltung-deutschland.jpg","author_info":{"display_name":"Peter Schraeder","author_link":"https:\/\/www.polyas.de\/blog\/author\/peter-schraeder"},"yoast_head":"<!-- This site is optimized with the Yoast SEO plugin v19.9 - https:\/\/yoast.com\/wordpress\/plugins\/seo\/ -->\n<title>Digitale Verwaltung: Bringt die neue GroKo das E-Government voran?<\/title>\n<meta name=\"description\" content=\"Die digitale Verwaltung geht in Deutschland schleppend voran, obwohl es bereits seit 2016 ein E-Government-Gesetz gibt. Lesen Sie jetzt, was die neue GroKo plant!\" \/>\n<meta name=\"robots\" content=\"index, follow, max-snippet:-1, max-image-preview:large, max-video-preview:-1\" \/>\n<link rel=\"canonical\" href=\"https:\/\/www.polyas.de\/blog\/de\/digital-news\/digitale-verwaltung-aktueller-stand\" \/>\n<meta property=\"og:locale\" content=\"de_DE\" \/>\n<meta property=\"og:type\" content=\"article\" \/>\n<meta property=\"og:title\" content=\"Digitale Verwaltung: Bringt die neue GroKo das E-Government voran?\" \/>\n<meta property=\"og:description\" content=\"Die digitale Verwaltung geht in Deutschland schleppend voran, obwohl es bereits seit 2016 ein E-Government-Gesetz gibt. Lesen Sie jetzt, was die neue GroKo plant!\" \/>\n<meta property=\"og:url\" content=\"https:\/\/www.polyas.de\/blog\/de\/digital-news\/digitale-verwaltung-aktueller-stand\" \/>\n<meta property=\"og:site_name\" content=\"POLYAS\" \/>\n<meta property=\"article:published_time\" content=\"2018-02-08T14:17:09+00:00\" \/>\n<meta property=\"article:modified_time\" content=\"2018-02-08T17:20:57+00:00\" \/>\n<meta property=\"og:image\" content=\"https:\/\/i0.wp.com\/www.polyas.de\/blog\/wp-content\/uploads\/2018\/02\/digitale-Verwaltung-deutschland.jpg?fit=860%2C210&ssl=1\" \/>\n\t<meta property=\"og:image:width\" content=\"860\" \/>\n\t<meta property=\"og:image:height\" content=\"210\" \/>\n\t<meta property=\"og:image:type\" content=\"image\/jpeg\" \/>\n<meta name=\"author\" content=\"Peter Schraeder\" \/>\n<meta name=\"twitter:card\" content=\"summary_large_image\" \/>\n<meta name=\"twitter:label1\" content=\"Verfasst von\" \/>\n\t<meta name=\"twitter:data1\" content=\"Peter Schraeder\" \/>\n\t<meta name=\"twitter:label2\" content=\"Gesch\u00e4tzte Lesezeit\" \/>\n\t<meta name=\"twitter:data2\" content=\"3 Minuten\" \/>\n<script type=\"application\/ld+json\" class=\"yoast-schema-graph\">{\"@context\":\"https:\/\/schema.org\",\"@graph\":[{\"@type\":\"WebPage\",\"@id\":\"https:\/\/www.polyas.de\/blog\/de\/digital-news\/digitale-verwaltung-aktueller-stand\",\"url\":\"https:\/\/www.polyas.de\/blog\/de\/digital-news\/digitale-verwaltung-aktueller-stand\",\"name\":\"Digitale Verwaltung: Bringt die neue GroKo das E-Government voran?\",\"isPartOf\":{\"@id\":\"https:\/\/www.polyas.de\/blog\/#website\"},\"datePublished\":\"2018-02-08T14:17:09+00:00\",\"dateModified\":\"2018-02-08T17:20:57+00:00\",\"author\":{\"@id\":\"https:\/\/www.polyas.de\/blog\/#\/schema\/person\/73c28ac950bd0b4d1a9d88ae887f0167\"},\"description\":\"Die digitale Verwaltung geht in Deutschland schleppend voran, obwohl es bereits seit 2016 ein E-Government-Gesetz gibt. Lesen Sie jetzt, was die neue GroKo plant!\",\"breadcrumb\":{\"@id\":\"https:\/\/www.polyas.de\/blog\/de\/digital-news\/digitale-verwaltung-aktueller-stand#breadcrumb\"},\"inLanguage\":\"de-DE\",\"potentialAction\":[{\"@type\":\"ReadAction\",\"target\":[\"https:\/\/www.polyas.de\/blog\/de\/digital-news\/digitale-verwaltung-aktueller-stand\"]}]},{\"@type\":\"BreadcrumbList\",\"@id\":\"https:\/\/www.polyas.de\/blog\/de\/digital-news\/digitale-verwaltung-aktueller-stand#breadcrumb\",\"itemListElement\":[{\"@type\":\"ListItem\",\"position\":1,\"name\":\"Startseite\",\"item\":\"https:\/\/www.polyas.de\/blog\/de\"},{\"@type\":\"ListItem\",\"position\":2,\"name\":\"Digitale Verwaltung: Bringt die neue GroKo das E-Government voran?\"}]},{\"@type\":\"WebSite\",\"@id\":\"https:\/\/www.polyas.de\/blog\/#website\",\"url\":\"https:\/\/www.polyas.de\/blog\/\",\"name\":\"POLYAS\",\"description\":\"the blog for secure online voting\",\"potentialAction\":[{\"@type\":\"SearchAction\",\"target\":{\"@type\":\"EntryPoint\",\"urlTemplate\":\"https:\/\/www.polyas.de\/blog\/?s={search_term_string}\"},\"query-input\":\"required name=search_term_string\"}],\"inLanguage\":\"de-DE\"},{\"@type\":\"Person\",\"@id\":\"https:\/\/www.polyas.de\/blog\/#\/schema\/person\/73c28ac950bd0b4d1a9d88ae887f0167\",\"name\":\"Peter Schraeder\",\"image\":{\"@type\":\"ImageObject\",\"inLanguage\":\"de-DE\",\"@id\":\"https:\/\/www.polyas.de\/blog\/#\/schema\/person\/image\/\",\"url\":\"https:\/\/secure.gravatar.com\/avatar\/4f9e48dcaa40fec909b27d8a9fab7beb?s=96&d=mm&r=g\",\"contentUrl\":\"https:\/\/secure.gravatar.com\/avatar\/4f9e48dcaa40fec909b27d8a9fab7beb?s=96&d=mm&r=g\",\"caption\":\"Peter Schraeder\"},\"url\":\"https:\/\/www.polyas.de\/blog\/author\/peter-schraeder\"}]}<\/script>\n<!-- \/ Yoast SEO plugin. -->","yoast_head_json":{"title":"Digitale Verwaltung: Bringt die neue GroKo das E-Government voran?","description":"Die digitale Verwaltung geht in Deutschland schleppend voran, obwohl es bereits seit 2016 ein E-Government-Gesetz gibt. Lesen Sie jetzt, was die neue GroKo plant!","robots":{"index":"index","follow":"follow","max-snippet":"max-snippet:-1","max-image-preview":"max-image-preview:large","max-video-preview":"max-video-preview:-1"},"canonical":"https:\/\/www.polyas.de\/blog\/de\/digital-news\/digitale-verwaltung-aktueller-stand","og_locale":"de_DE","og_type":"article","og_title":"Digitale Verwaltung: Bringt die neue GroKo das E-Government voran?","og_description":"Die digitale Verwaltung geht in Deutschland schleppend voran, obwohl es bereits seit 2016 ein E-Government-Gesetz gibt. Lesen Sie jetzt, was die neue GroKo plant!","og_url":"https:\/\/www.polyas.de\/blog\/de\/digital-news\/digitale-verwaltung-aktueller-stand","og_site_name":"POLYAS","article_published_time":"2018-02-08T14:17:09+00:00","article_modified_time":"2018-02-08T17:20:57+00:00","og_image":[{"width":860,"height":210,"url":"https:\/\/i0.wp.com\/www.polyas.de\/blog\/wp-content\/uploads\/2018\/02\/digitale-Verwaltung-deutschland.jpg?fit=860%2C210&ssl=1","type":"image\/jpeg"}],"author":"Peter Schraeder","twitter_card":"summary_large_image","twitter_misc":{"Verfasst von":"Peter Schraeder","Gesch\u00e4tzte Lesezeit":"3 Minuten"},"schema":{"@context":"https:\/\/schema.org","@graph":[{"@type":"WebPage","@id":"https:\/\/www.polyas.de\/blog\/de\/digital-news\/digitale-verwaltung-aktueller-stand","url":"https:\/\/www.polyas.de\/blog\/de\/digital-news\/digitale-verwaltung-aktueller-stand","name":"Digitale Verwaltung: Bringt die neue GroKo das E-Government voran?","isPartOf":{"@id":"https:\/\/www.polyas.de\/blog\/#website"},"datePublished":"2018-02-08T14:17:09+00:00","dateModified":"2018-02-08T17:20:57+00:00","author":{"@id":"https:\/\/www.polyas.de\/blog\/#\/schema\/person\/73c28ac950bd0b4d1a9d88ae887f0167"},"description":"Die digitale Verwaltung geht in Deutschland schleppend voran, obwohl es bereits seit 2016 ein E-Government-Gesetz gibt. Lesen Sie jetzt, was die neue GroKo plant!","breadcrumb":{"@id":"https:\/\/www.polyas.de\/blog\/de\/digital-news\/digitale-verwaltung-aktueller-stand#breadcrumb"},"inLanguage":"de-DE","potentialAction":[{"@type":"ReadAction","target":["https:\/\/www.polyas.de\/blog\/de\/digital-news\/digitale-verwaltung-aktueller-stand"]}]},{"@type":"BreadcrumbList","@id":"https:\/\/www.polyas.de\/blog\/de\/digital-news\/digitale-verwaltung-aktueller-stand#breadcrumb","itemListElement":[{"@type":"ListItem","position":1,"name":"Startseite","item":"https:\/\/www.polyas.de\/blog\/de"},{"@type":"ListItem","position":2,"name":"Digitale Verwaltung: Bringt die neue GroKo das E-Government voran?"}]},{"@type":"WebSite","@id":"https:\/\/www.polyas.de\/blog\/#website","url":"https:\/\/www.polyas.de\/blog\/","name":"POLYAS","description":"the blog for secure online voting","potentialAction":[{"@type":"SearchAction","target":{"@type":"EntryPoint","urlTemplate":"https:\/\/www.polyas.de\/blog\/?s={search_term_string}"},"query-input":"required name=search_term_string"}],"inLanguage":"de-DE"},{"@type":"Person","@id":"https:\/\/www.polyas.de\/blog\/#\/schema\/person\/73c28ac950bd0b4d1a9d88ae887f0167","name":"Peter Schraeder","image":{"@type":"ImageObject","inLanguage":"de-DE","@id":"https:\/\/www.polyas.de\/blog\/#\/schema\/person\/image\/","url":"https:\/\/secure.gravatar.com\/avatar\/4f9e48dcaa40fec909b27d8a9fab7beb?s=96&d=mm&r=g","contentUrl":"https:\/\/secure.gravatar.com\/avatar\/4f9e48dcaa40fec909b27d8a9fab7beb?s=96&d=mm&r=g","caption":"Peter Schraeder"},"url":"https:\/\/www.polyas.de\/blog\/author\/peter-schraeder"}]}},"jetpack_featured_media_url":"https:\/\/www.polyas.de\/blog\/wp-content\/uploads\/2018\/02\/digitale-Verwaltung-deutschland.jpg","jetpack_publicize_connections":[],"jetpack_shortlink":"https:\/\/wp.me\/p72Pnr-1Ea","jetpack-related-posts":[{"id":6345,"url":"https:\/\/www.polyas.de\/blog\/de\/digital-news\/e-government-agentur-koalitionsvertrag","url_meta":{"origin":6334,"position":0},"title":"E-Government-Agentur und Co: Die digitale Verwaltung im Koalitionsvertrag","date":"14\/02\/2018","format":false,"excerpt":"Auf gleich mehreren Seiten besch\u00e4ftigt sich der Koalitionsvertrag von Union und SPD mit der digitalen Verwaltung und der E-Government-Agentur. Doch wie soll die Agentur die Digitalisierung der Verwaltung voranbringen? So sieht der Plan der (m\u00f6glichen) neuen GroKo aus: \u201eDigital First!\u201c Seit der Koalitionsvertrag \u00f6ffentlich ist, gibt es nur noch ein\u2026","rel":"","context":"In &quot;Digital News&quot;","img":{"alt_text":"Eine E-Government-Agentur soll die Bundesregierung beraten","src":"https:\/\/i0.wp.com\/www.polyas.de\/blog\/wp-content\/uploads\/2018\/02\/E-Government-Agentur.jpg?resize=350%2C200&ssl=1","width":350,"height":200},"classes":[]},{"id":6740,"url":"https:\/\/www.polyas.de\/blog\/de\/digitale-verwaltung\/kommunale-verwaltung","url_meta":{"origin":6334,"position":1},"title":"B\u00fcrgerbeteiligung: Die Zukunft der kommunalen Verwaltung ist digital","date":"13\/07\/2018","format":false,"excerpt":"Fast alle Bereiche des Lebens werden inzwischen von der Digitalisierung gepr\u00e4gt. Auch in der kommunalen Verwaltung verlangen B\u00fcrgerinnen und B\u00fcrger immer lauter, Beh\u00f6rdenaufgaben und Amtsg\u00e4nge auf elektronischem Wege erledigen zu k\u00f6nnen. Die B\u00fcrgerinnen und B\u00fcrger erwarten im 21. Jahrhundert, dass auch Beh\u00f6rden effizienter werden und die Anliegen und W\u00fcnsche der\u2026","rel":"","context":"In &quot;B\u00fcrgerbeteiligung&quot;","img":{"alt_text":"","src":"https:\/\/i0.wp.com\/www.polyas.de\/blog\/wp-content\/uploads\/2018\/07\/Digitale-Verwaltung-Buergerbeteiligung.jpg?resize=350%2C200&ssl=1","width":350,"height":200},"classes":[]},{"id":6031,"url":"https:\/\/www.polyas.de\/blog\/de\/veranstaltungen\/young-restless-e-government","url_meta":{"origin":6334,"position":2},"title":"Konstantin von Notz: \u201eDeutschland wird beim E-Government abgeh\u00e4ngt\u201c","date":"30\/11\/2017","format":false,"excerpt":"Breitbandausbau, E-Government, Digitalministerium \u2013 welche Digitalthemen wird der Deutsche Bundestag in seiner n\u00e4chsten Legislaturperiode angehen? Dar\u00fcber diskutierten gestern Abend Bundestagsabgeordnete von SPD, CDU, FDP und Gr\u00fcnen bei \u201eYoung and Restless\u201c in Berlin. POLYAS war dabei und berichtet von den Pl\u00e4nen der Parteien. Nach Jamaika-Aus sind digitale Pl\u00e4ne offen Das hatte\u2026","rel":"","context":"In &quot;Veranstaltungen&quot;","img":{"alt_text":"","src":"https:\/\/i0.wp.com\/www.polyas.de\/blog\/wp-content\/uploads\/2017\/11\/Young-and-Restless_Digitalagenda_Bundestag_E-Government.gif?resize=350%2C200&ssl=1","width":350,"height":200},"classes":[]},{"id":6333,"url":"https:\/\/www.polyas.de\/blog\/de\/digital-news\/digitalisierung-im-koalitionsvertrag","url_meta":{"origin":6334,"position":3},"title":"Das Thema Digitalisierung im Koalitionsvertrag: Licht und Schatten.","date":"12\/02\/2018","format":false,"excerpt":"CDU\/CSU und SPD haben sich auf eine gemeinsame Koalitionsvereinbarung verst\u00e4ndigt. Wir haben den Vertrag nach Vorhaben zur Digitalisierung durchsucht und diese zusammengefasst. Gigabit-Netze \u00fcberall bis 2025 Die Ergebnisse der Arbeitsgruppe Digitalisierung waren bereits vor der offiziellen Ver\u00f6ffentlichung des Koalitionsvertrages durchgesickert. Demnach wollen Union und SPD den fl\u00e4chendeckenden Ausbau mit Gigabit-Netzen\u2026","rel":"","context":"In &quot;Digital News&quot;","img":{"alt_text":"","src":"https:\/\/i0.wp.com\/www.polyas.de\/blog\/wp-content\/uploads\/2017\/01\/Digital-News.png?resize=350%2C200&ssl=1","width":350,"height":200},"classes":[]},{"id":5024,"url":"https:\/\/www.polyas.de\/blog\/de\/digitale-demokratie\/chancen-digitaler-verwaltung-die-e-akte","url_meta":{"origin":6334,"position":4},"title":"Chancen digitaler Verwaltung: Die E-Akte","date":"22\/05\/2017","format":false,"excerpt":"Digitale M\u00f6glichkeiten der Verwaltung und die E-Akte sind schon seit L\u00e4ngerem ein Thema, das Beh\u00f6rden, B\u00fcrger und Politik gleicherma\u00dfen besch\u00e4ftigt. Da Dokumente heutzutage in immer gr\u00f6\u00dferem Umfang und schneller erzeugt werden m\u00fcssen, ist es wichtig Verwaltungsprozesse zu modernisieren. Hierbei sind vor allem dezentrale Zugangsm\u00f6glichkeiten und flexible Zugriffszeiten von gro\u00dfer Bedeutung.\u2026","rel":"","context":"In &quot;Digitale Demokratie&quot;","img":{"alt_text":"","src":"https:\/\/i0.wp.com\/www.polyas.de\/blog\/wp-content\/uploads\/2017\/05\/E-Akte.jpg?resize=350%2C200&ssl=1","width":350,"height":200},"classes":[]},{"id":12181,"url":"https:\/\/www.polyas.de\/blog\/de\/digital-news\/spd-mitgliedervotum-2025-koalitionsvertrag","url_meta":{"origin":6334,"position":5},"title":"So lief das SPD-Mitgliedervotum zum Koalitionsvertrag ab","date":"07\/10\/2025","format":false,"excerpt":"Nach intensiven Koalitionsverhandlungen war es Ende April 2025 so weit: Die Mitglieder der Sozialdemokratische Partei Deutschlands (SPD) durften in Zusammenarbeit mit POLYAS digital \u00fcber den Koalitionsvertrag abstimmen, der zur Bildung der schwarz-roten Regierung f\u00fchrte. Insgesamt gaben 56 Prozent der SPD-Mitglieder ihre Stimme zum Koalitionsvertrag ab \u2013 davon machten rund 85\u2026","rel":"","context":"In &quot;Digital News&quot;","img":{"alt_text":"SPD Mitgliedervotum Koalitionsvertrag 2025","src":"https:\/\/i0.wp.com\/www.polyas.de\/blog\/wp-content\/uploads\/2025\/10\/Blog-Mailingbanner-860x200-alle.png?resize=350%2C200&ssl=1","width":350,"height":200},"classes":[]}],"_links":{"self":[{"href":"https:\/\/www.polyas.de\/blog\/wp-json\/wp\/v2\/posts\/6334"}],"collection":[{"href":"https:\/\/www.polyas.de\/blog\/wp-json\/wp\/v2\/posts"}],"about":[{"href":"https:\/\/www.polyas.de\/blog\/wp-json\/wp\/v2\/types\/post"}],"author":[{"embeddable":true,"href":"https:\/\/www.polyas.de\/blog\/wp-json\/wp\/v2\/users\/277"}],"replies":[{"embeddable":true,"href":"https:\/\/www.polyas.de\/blog\/wp-json\/wp\/v2\/comments?post=6334"}],"version-history":[{"count":5,"href":"https:\/\/www.polyas.de\/blog\/wp-json\/wp\/v2\/posts\/6334\/revisions"}],"predecessor-version":[{"id":6341,"href":"https:\/\/www.polyas.de\/blog\/wp-json\/wp\/v2\/posts\/6334\/revisions\/6341"}],"wp:featuredmedia":[{"embeddable":true,"href":"https:\/\/www.polyas.de\/blog\/wp-json\/wp\/v2\/media\/6336"}],"wp:attachment":[{"href":"https:\/\/www.polyas.de\/blog\/wp-json\/wp\/v2\/media?parent=6334"}],"wp:term":[{"taxonomy":"category","embeddable":true,"href":"https:\/\/www.polyas.de\/blog\/wp-json\/wp\/v2\/categories?post=6334"},{"taxonomy":"post_tag","embeddable":true,"href":"https:\/\/www.polyas.de\/blog\/wp-json\/wp\/v2\/tags?post=6334"}],"curies":[{"name":"wp","href":"https:\/\/api.w.org\/{rel}","templated":true}]}}