{"id":6320,"date":"2018-02-05T15:05:52","date_gmt":"2018-02-05T14:05:52","guid":{"rendered":"https:\/\/www.polyas.de\/blog\/?p=6320"},"modified":"2018-02-05T15:06:58","modified_gmt":"2018-02-05T14:06:58","slug":"praesidentschaftswahl-zypern-costa-rica","status":"publish","type":"post","link":"https:\/\/www.polyas.de\/blog\/de\/online-wahlen\/praesidentschaftswahl-zypern-costa-rica","title":{"rendered":"Ein neuer Pr\u00e4sident in Zypern und eine Stichwahl in Costa Rica"},"content":{"rendered":"<p>Am vergangenen Wochenende fanden zwei Pr\u00e4sidentschaftswahlen statt. In Zypern konnte sich Amtsinhaber Nikos Anastasiades durchsetzen w\u00e4hrend es in Costa Rica in rund zwei Monaten eine Stichwahl geben wird. Alle weiteren Infos gibts wie immer in unseren #WahlNews.<!--more--><\/p>\n<h3>Amtsinhaber bleibt Pr\u00e4sident in Zypern<\/h3>\n<p>Die erste Runde der Pr\u00e4sidentschaftswahl Ende Januar hatte in Zypern kein klares Ergebnis gebracht, daher war eine Stichwahl n\u00f6tig geworden. Diese konnte der konservative Pr\u00e4sident Nikos Anastasiades am Sonntag knapp f\u00fcr sich entscheiden, er bekam 56 Prozent der Stimmen. Sein Herausforderer Stavros Malas holte dementsprechend 44 Prozent. Malas verfolgt eine linke Politik.<\/p>\n<p>Die Wahlbeteiligung fiel mit 73 Prozent \u00e4hnlich hoch aus wie beim ersten Wahlgang, auch da hatten 28 Prozent der Wahlberechtigten, also etwas mehr als ein Viertel der Bev\u00f6lkerung, auf die Stimmabgabe verzichtet. Besonders junge Menschen machten keinen Gebrauch von ihrem Wahlrecht. Zypern hat den Euro-Rettungsschirm zwar 2016 verlassen, die Jugendarbeitslosigkeit ist aber nach wie vor hoch.<\/p>\n<p>Erst letzte Woche fanden auch in Tschechien und Finnland Pr\u00e4sidentschaftswahlen statt. <a href=\"https:\/\/www.polyas.de\/blog\/de\/online-wahlen\/finnland-tschechien-praesidenten-wahl\" target=\"_blank\" rel=\"noopener\">Mehr erfahren!<\/a><\/p>\n<h3>Nur der S\u00fcden w\u00e4hlt<\/h3>\n<p>Dass die Wahl in Zypern relativ knapp ausfiel, lag auch daran, dass im ersten Wahlgang rund ein Drittel der Stimmen an ganz andere Bewerber gegangen waren. Wie sich diese W\u00e4hler nun entscheiden w\u00fcrden, war durchaus offen. Anastasiades setze im Wahlkampf auf seine Erfahrung und betonte den n\u00f6tigen Zusammenhalt der Bev\u00f6lkerung. F\u00fcr ihn wird es die zweite Amtszeit sein, gleichzeitig wohl auch die letzte. Das k\u00fcndigte Anastasiades jedenfalls an.<\/p>\n<p>Gew\u00e4hlt wurde nur im eigenst\u00e4ndigen S\u00fcden der Insel. Zypern ist seit 1974 in einen t\u00fcrkischen Norden und einen griechischen S\u00fcden geteilt. Damals verfolgten griechische Putschisten einen Anschluss der Insel an Griechenland, woraufhin t\u00fcrkische Streitkr\u00e4fte den Nordteil der Insel besetzen.<\/p>\n<h3>Stichwahl in Costa Rica<\/h3>\n<p>In Costa Rica konnte im ersten Wahlgang noch kein eindeutiges Ergebnis erzielt werden. Der evangelikale Pastor Fabricio Alvarado holte rund ein Viertel der Stimmen, verfehlte die n\u00f6tige absolute Mehrheit aber klar. Zweiter wurde der ehemalige Arbeitsminister Carlos Alvarado, der rund 21,8 Prozent der Stimmen auf sich vereinen konnte. Und auch der Drittplatzierte, der ehemalige Sozialdemokrat Antonio Alvarez Desanti, erhielt einen Gutteil der Stimmen, rund 19 Prozent gingen an ihn.<\/p>\n<p>Insgesamt waren ganze 13 Kandidaten zur Wahl angetreten. Der amtierende Pr\u00e4sident, Luis Guillermo Solis, durfte laut Verfassung kein weiteres Mal antreten. Der Wahlkampf wurde von dem Thema &#8220;gleichgeschlechtliche Ehe&#8221; dominiert. Anfang Januar hatte der Interamerikanische Menschrechtsgerichtshof die Gleichstellung von hetero- und homosexuellen Paaren angeregt. Die meisten der Kandidaten lehnten das ab und positionierten sich im Wahlkampf gegen die gleichgeschlechtliche Ehe. Fabricio Alvarado und Carlos Alvarado treten am 1. April zur Stichwahl an.<\/p>\n<p style=\"text-align: center;\"><strong>Bereits 500 Kunden f\u00fchren ihre Wahlen einfach und sicher online mit POLYAS durch.\u00a0<\/strong><strong>Testen Sie die Online-Wahl jetzt kostenfrei!<\/strong><\/p>\n<p style=\"text-align: center;\"><a href=\"https:\/\/configurator.polyas.com\/#!\/register?lang=de&amp;country=DE\" target=\"_blank\" rel=\"noopener\"><img data-attachment-id=\"5656\" data-permalink=\"https:\/\/www.polyas.de\/blog\/de\/online-wahlen\/norwegen-parlamentswahl\/attachment\/banner-blog\" data-orig-file=\"https:\/\/www.polyas.de\/blog\/wp-content\/uploads\/2017\/09\/Banner-Blog.jpg\" data-orig-size=\"860,100\" data-comments-opened=\"1\" data-image-meta=\"{&quot;aperture&quot;:&quot;0&quot;,&quot;credit&quot;:&quot;&quot;,&quot;camera&quot;:&quot;&quot;,&quot;caption&quot;:&quot;&quot;,&quot;created_timestamp&quot;:&quot;0&quot;,&quot;copyright&quot;:&quot;&quot;,&quot;focal_length&quot;:&quot;0&quot;,&quot;iso&quot;:&quot;0&quot;,&quot;shutter_speed&quot;:&quot;0&quot;,&quot;title&quot;:&quot;&quot;,&quot;orientation&quot;:&quot;0&quot;}\" data-image-title=\"Online-Wahl kostenlos testen\" data-image-description=\"\" data-image-caption=\"\" data-medium-file=\"https:\/\/www.polyas.de\/blog\/wp-content\/uploads\/2017\/09\/Banner-Blog-300x35.jpg\" data-large-file=\"https:\/\/www.polyas.de\/blog\/wp-content\/uploads\/2017\/09\/Banner-Blog.jpg\" loading=\"lazy\" class=\"aligncenter wp-image-5656 size-full\" src=\"https:\/\/www.polyas.de\/blog\/wp-content\/uploads\/2017\/09\/Banner-Blog.jpg\" alt=\"Testen Sie die Online-Wahl jetzt kostenlos\" width=\"860\" height=\"100\" srcset=\"https:\/\/www.polyas.de\/blog\/wp-content\/uploads\/2017\/09\/Banner-Blog.jpg 860w, https:\/\/www.polyas.de\/blog\/wp-content\/uploads\/2017\/09\/Banner-Blog-300x35.jpg 300w, https:\/\/www.polyas.de\/blog\/wp-content\/uploads\/2017\/09\/Banner-Blog-768x89.jpg 768w, https:\/\/www.polyas.de\/blog\/wp-content\/uploads\/2017\/09\/Banner-Blog-500x58.jpg 500w\" sizes=\"(max-width: 860px) 100vw, 860px\" \/><\/a><\/p>\n","protected":false},"excerpt":{"rendered":"<p>Am vergangenen Wochenende fanden zwei Pr\u00e4sidentschaftswahlen statt. In Zypern konnte sich Amtsinhaber Nikos Anastasiades durchsetzen w\u00e4hrend es in Costa Rica in rund zwei Monaten eine Stichwahl geben wird. Alle weiteren Infos gibts wie immer in unseren #WahlNews.<\/p>\n","protected":false},"author":277,"featured_media":4022,"comment_status":"open","ping_status":"open","sticky":false,"template":"","format":"standard","meta":{"_eb_attr":"","ub_ctt_via":"","spay_email":"","jetpack_publicize_message":"","jetpack_is_tweetstorm":false,"jetpack_publicize_feature_enabled":true},"categories":[8],"tags":[1930,343,499,1928],"featured_image_src":"https:\/\/www.polyas.de\/blog\/wp-content\/uploads\/2017\/01\/Wahl-News-Schmal_810x280.png","author_info":{"display_name":"Peter Schraeder","author_link":"https:\/\/www.polyas.de\/blog\/author\/peter-schraeder"},"yoast_head":"<!-- This site is optimized with the Yoast SEO plugin v19.9 - https:\/\/yoast.com\/wordpress\/plugins\/seo\/ -->\n<title>Ein neuer Pr\u00e4sident in Zypern und eine Stichwahl in Costa Rica<\/title>\n<meta name=\"description\" content=\"In Zypern bleibt Pr\u00e4sident Nikos Anastasiades im Amt, in Costa Rica wird es jedoch eine Stichwahl geben. In unseren #WahlNews lesen Sie alle wichtigen Infos zu den beiden Pr\u00e4sidentschaftswahlen!\" \/>\n<meta name=\"robots\" content=\"index, follow, max-snippet:-1, max-image-preview:large, max-video-preview:-1\" \/>\n<link rel=\"canonical\" href=\"https:\/\/www.polyas.de\/blog\/de\/online-wahlen\/praesidentschaftswahl-zypern-costa-rica\" \/>\n<meta property=\"og:locale\" content=\"de_DE\" \/>\n<meta property=\"og:type\" content=\"article\" \/>\n<meta property=\"og:title\" content=\"Ein neuer Pr\u00e4sident in Zypern und eine Stichwahl in Costa Rica\" \/>\n<meta property=\"og:description\" content=\"In Zypern bleibt Pr\u00e4sident Nikos Anastasiades im Amt, in Costa Rica wird es jedoch eine Stichwahl geben. In unseren #WahlNews lesen Sie alle wichtigen Infos zu den beiden Pr\u00e4sidentschaftswahlen!\" \/>\n<meta property=\"og:url\" content=\"https:\/\/www.polyas.de\/blog\/de\/online-wahlen\/praesidentschaftswahl-zypern-costa-rica\" \/>\n<meta property=\"og:site_name\" content=\"POLYAS\" \/>\n<meta property=\"article:published_time\" content=\"2018-02-05T14:05:52+00:00\" \/>\n<meta property=\"article:modified_time\" content=\"2018-02-05T14:06:58+00:00\" \/>\n<meta property=\"og:image\" content=\"https:\/\/i0.wp.com\/www.polyas.de\/blog\/wp-content\/uploads\/2017\/01\/Wahl-News-Schmal_810x280.png?fit=810%2C280&ssl=1\" \/>\n\t<meta property=\"og:image:width\" content=\"810\" \/>\n\t<meta property=\"og:image:height\" content=\"280\" \/>\n\t<meta property=\"og:image:type\" content=\"image\/png\" \/>\n<meta name=\"author\" content=\"Peter Schraeder\" \/>\n<meta name=\"twitter:card\" content=\"summary_large_image\" \/>\n<meta name=\"twitter:label1\" content=\"Verfasst von\" \/>\n\t<meta name=\"twitter:data1\" content=\"Peter Schraeder\" \/>\n\t<meta name=\"twitter:label2\" content=\"Gesch\u00e4tzte Lesezeit\" \/>\n\t<meta name=\"twitter:data2\" content=\"2 Minuten\" \/>\n<script type=\"application\/ld+json\" class=\"yoast-schema-graph\">{\"@context\":\"https:\/\/schema.org\",\"@graph\":[{\"@type\":\"WebPage\",\"@id\":\"https:\/\/www.polyas.de\/blog\/de\/online-wahlen\/praesidentschaftswahl-zypern-costa-rica\",\"url\":\"https:\/\/www.polyas.de\/blog\/de\/online-wahlen\/praesidentschaftswahl-zypern-costa-rica\",\"name\":\"Ein neuer Pr\u00e4sident in Zypern und eine Stichwahl in Costa Rica\",\"isPartOf\":{\"@id\":\"https:\/\/www.polyas.de\/blog\/#website\"},\"datePublished\":\"2018-02-05T14:05:52+00:00\",\"dateModified\":\"2018-02-05T14:06:58+00:00\",\"author\":{\"@id\":\"https:\/\/www.polyas.de\/blog\/#\/schema\/person\/73c28ac950bd0b4d1a9d88ae887f0167\"},\"description\":\"In Zypern bleibt Pr\u00e4sident Nikos Anastasiades im Amt, in Costa Rica wird es jedoch eine Stichwahl geben. In unseren #WahlNews lesen Sie alle wichtigen Infos zu den beiden Pr\u00e4sidentschaftswahlen!\",\"breadcrumb\":{\"@id\":\"https:\/\/www.polyas.de\/blog\/de\/online-wahlen\/praesidentschaftswahl-zypern-costa-rica#breadcrumb\"},\"inLanguage\":\"de-DE\",\"potentialAction\":[{\"@type\":\"ReadAction\",\"target\":[\"https:\/\/www.polyas.de\/blog\/de\/online-wahlen\/praesidentschaftswahl-zypern-costa-rica\"]}]},{\"@type\":\"BreadcrumbList\",\"@id\":\"https:\/\/www.polyas.de\/blog\/de\/online-wahlen\/praesidentschaftswahl-zypern-costa-rica#breadcrumb\",\"itemListElement\":[{\"@type\":\"ListItem\",\"position\":1,\"name\":\"Startseite\",\"item\":\"https:\/\/www.polyas.de\/blog\/de\"},{\"@type\":\"ListItem\",\"position\":2,\"name\":\"Ein neuer Pr\u00e4sident in Zypern und eine Stichwahl in Costa Rica\"}]},{\"@type\":\"WebSite\",\"@id\":\"https:\/\/www.polyas.de\/blog\/#website\",\"url\":\"https:\/\/www.polyas.de\/blog\/\",\"name\":\"POLYAS\",\"description\":\"the blog for secure online voting\",\"potentialAction\":[{\"@type\":\"SearchAction\",\"target\":{\"@type\":\"EntryPoint\",\"urlTemplate\":\"https:\/\/www.polyas.de\/blog\/?s={search_term_string}\"},\"query-input\":\"required name=search_term_string\"}],\"inLanguage\":\"de-DE\"},{\"@type\":\"Person\",\"@id\":\"https:\/\/www.polyas.de\/blog\/#\/schema\/person\/73c28ac950bd0b4d1a9d88ae887f0167\",\"name\":\"Peter Schraeder\",\"image\":{\"@type\":\"ImageObject\",\"inLanguage\":\"de-DE\",\"@id\":\"https:\/\/www.polyas.de\/blog\/#\/schema\/person\/image\/\",\"url\":\"https:\/\/secure.gravatar.com\/avatar\/4f9e48dcaa40fec909b27d8a9fab7beb?s=96&d=mm&r=g\",\"contentUrl\":\"https:\/\/secure.gravatar.com\/avatar\/4f9e48dcaa40fec909b27d8a9fab7beb?s=96&d=mm&r=g\",\"caption\":\"Peter Schraeder\"},\"url\":\"https:\/\/www.polyas.de\/blog\/author\/peter-schraeder\"}]}<\/script>\n<!-- \/ Yoast SEO plugin. -->","yoast_head_json":{"title":"Ein neuer Pr\u00e4sident in Zypern und eine Stichwahl in Costa Rica","description":"In Zypern bleibt Pr\u00e4sident Nikos Anastasiades im Amt, in Costa Rica wird es jedoch eine Stichwahl geben. In unseren #WahlNews lesen Sie alle wichtigen Infos zu den beiden Pr\u00e4sidentschaftswahlen!","robots":{"index":"index","follow":"follow","max-snippet":"max-snippet:-1","max-image-preview":"max-image-preview:large","max-video-preview":"max-video-preview:-1"},"canonical":"https:\/\/www.polyas.de\/blog\/de\/online-wahlen\/praesidentschaftswahl-zypern-costa-rica","og_locale":"de_DE","og_type":"article","og_title":"Ein neuer Pr\u00e4sident in Zypern und eine Stichwahl in Costa Rica","og_description":"In Zypern bleibt Pr\u00e4sident Nikos Anastasiades im Amt, in Costa Rica wird es jedoch eine Stichwahl geben. In unseren #WahlNews lesen Sie alle wichtigen Infos zu den beiden Pr\u00e4sidentschaftswahlen!","og_url":"https:\/\/www.polyas.de\/blog\/de\/online-wahlen\/praesidentschaftswahl-zypern-costa-rica","og_site_name":"POLYAS","article_published_time":"2018-02-05T14:05:52+00:00","article_modified_time":"2018-02-05T14:06:58+00:00","og_image":[{"width":810,"height":280,"url":"https:\/\/i0.wp.com\/www.polyas.de\/blog\/wp-content\/uploads\/2017\/01\/Wahl-News-Schmal_810x280.png?fit=810%2C280&ssl=1","type":"image\/png"}],"author":"Peter Schraeder","twitter_card":"summary_large_image","twitter_misc":{"Verfasst von":"Peter Schraeder","Gesch\u00e4tzte Lesezeit":"2 Minuten"},"schema":{"@context":"https:\/\/schema.org","@graph":[{"@type":"WebPage","@id":"https:\/\/www.polyas.de\/blog\/de\/online-wahlen\/praesidentschaftswahl-zypern-costa-rica","url":"https:\/\/www.polyas.de\/blog\/de\/online-wahlen\/praesidentschaftswahl-zypern-costa-rica","name":"Ein neuer Pr\u00e4sident in Zypern und eine Stichwahl in Costa Rica","isPartOf":{"@id":"https:\/\/www.polyas.de\/blog\/#website"},"datePublished":"2018-02-05T14:05:52+00:00","dateModified":"2018-02-05T14:06:58+00:00","author":{"@id":"https:\/\/www.polyas.de\/blog\/#\/schema\/person\/73c28ac950bd0b4d1a9d88ae887f0167"},"description":"In Zypern bleibt Pr\u00e4sident Nikos Anastasiades im Amt, in Costa Rica wird es jedoch eine Stichwahl geben. In unseren #WahlNews lesen Sie alle wichtigen Infos zu den beiden Pr\u00e4sidentschaftswahlen!","breadcrumb":{"@id":"https:\/\/www.polyas.de\/blog\/de\/online-wahlen\/praesidentschaftswahl-zypern-costa-rica#breadcrumb"},"inLanguage":"de-DE","potentialAction":[{"@type":"ReadAction","target":["https:\/\/www.polyas.de\/blog\/de\/online-wahlen\/praesidentschaftswahl-zypern-costa-rica"]}]},{"@type":"BreadcrumbList","@id":"https:\/\/www.polyas.de\/blog\/de\/online-wahlen\/praesidentschaftswahl-zypern-costa-rica#breadcrumb","itemListElement":[{"@type":"ListItem","position":1,"name":"Startseite","item":"https:\/\/www.polyas.de\/blog\/de"},{"@type":"ListItem","position":2,"name":"Ein neuer Pr\u00e4sident in Zypern und eine Stichwahl in Costa Rica"}]},{"@type":"WebSite","@id":"https:\/\/www.polyas.de\/blog\/#website","url":"https:\/\/www.polyas.de\/blog\/","name":"POLYAS","description":"the blog for secure online voting","potentialAction":[{"@type":"SearchAction","target":{"@type":"EntryPoint","urlTemplate":"https:\/\/www.polyas.de\/blog\/?s={search_term_string}"},"query-input":"required name=search_term_string"}],"inLanguage":"de-DE"},{"@type":"Person","@id":"https:\/\/www.polyas.de\/blog\/#\/schema\/person\/73c28ac950bd0b4d1a9d88ae887f0167","name":"Peter Schraeder","image":{"@type":"ImageObject","inLanguage":"de-DE","@id":"https:\/\/www.polyas.de\/blog\/#\/schema\/person\/image\/","url":"https:\/\/secure.gravatar.com\/avatar\/4f9e48dcaa40fec909b27d8a9fab7beb?s=96&d=mm&r=g","contentUrl":"https:\/\/secure.gravatar.com\/avatar\/4f9e48dcaa40fec909b27d8a9fab7beb?s=96&d=mm&r=g","caption":"Peter Schraeder"},"url":"https:\/\/www.polyas.de\/blog\/author\/peter-schraeder"}]}},"jetpack_featured_media_url":"https:\/\/www.polyas.de\/blog\/wp-content\/uploads\/2017\/01\/Wahl-News-Schmal_810x280.png","jetpack_publicize_connections":[],"jetpack_shortlink":"https:\/\/wp.me\/p72Pnr-1DW","jetpack-related-posts":[{"id":6223,"url":"https:\/\/www.polyas.de\/blog\/de\/online-wahlen\/tschechiens-praesidentschaftswahl","url_meta":{"origin":6320,"position":0},"title":"Tschechiens Pr\u00e4sidentschaftswahl 2018: Zeman muss in die Stichwahl","date":"15\/01\/2018","format":false,"excerpt":"Tschechiens Pr\u00e4sidentschaftswahl 2018 hat f\u00fcr keine \u00dcberraschungen gesorgt: Die erste Runde hat Amtsinhaber Milo\u0161 Zeman gewonnen, er muss aber in zwei Wochen in die Stichwahl. Sein Konkurrent ist der parteilose Chemieprofessor Ji\u0159\u00ed Draho\u0161. Alles zur Wahl wie immer in unseren #WahlNews. Zeman gewinnt Tschechiens Pr\u00e4sidentschaftswahl 2018 Es war die erste\u2026","rel":"","context":"In &quot;Wahl News&quot;","img":{"alt_text":"Erfahren Sie alles Aktuelle \u00fcber die Parlamentswahl in der Ukraine","src":"https:\/\/i0.wp.com\/www.polyas.de\/blog\/wp-content\/uploads\/2016\/12\/Wahl-News-Schmal_810x280.png?resize=350%2C200&ssl=1","width":350,"height":200},"classes":[]},{"id":6678,"url":"https:\/\/www.polyas.de\/blog\/de\/allgemein-de\/kolumbien-praesidentschaftswahl","url_meta":{"origin":6320,"position":1},"title":"Pr\u00e4sidentschaftswahlen in Kolumbien: Ein Land am Scheideweg","date":"28\/05\/2018","format":false,"excerpt":"Bei der Wahl in Kolumbien haben sich die Favoriten durchgesetzt: In die Stichwahl um das Pr\u00e4sidentenamt kommen der rechtskonservative Ivan Duque und der linke Gustavo Petro. Der Sieger entscheidet auch \u00fcber die Zukunft des Friedensvertrags mit der FARC. Kolumbien hat gew\u00e4hlt Der 41-j\u00e4hrige Anwalt Ivan Duque ist der klare Sieger\u2026","rel":"","context":"In &quot;\u00dcber POLYAS&quot;","img":{"alt_text":"Erfahren Sie alles Aktuelle \u00fcber die Parlamentswahl in der Ukraine","src":"https:\/\/i0.wp.com\/www.polyas.de\/blog\/wp-content\/uploads\/2016\/12\/Wahl-News-Schmal_810x280.png?resize=350%2C200&ssl=1","width":350,"height":200},"classes":[]},{"id":3611,"url":"https:\/\/www.polyas.de\/blog\/de\/online-wahlen\/wahlnews-bulgarien-nicaragua","url_meta":{"origin":6320,"position":2},"title":"Eine \u00dcberraschung und ein Ehepaar an der Macht","date":"07\/11\/2016","format":false,"excerpt":"Immer wieder sonntags... \u00a0Auch an diesem Wochenende wurde gew\u00e4hlt\u00a0und zwar in Bulgarien und Nicaragua. Im \u00e4rmsten EU-Land gab es eine \u00fcberraschende Wendung bei der ersten Runde der Pr\u00e4sidentschaftswahl. Dieses Ergebnis gef\u00e4hrdet sogar die Regierung. In Nicaragua bleibt Daniel Ortega an der Macht - gemeinsam mit seiner Frau, die Vizepr\u00e4sidentin geworden\u2026","rel":"","context":"In &quot;Wahl News&quot;","img":{"alt_text":"In Spanien und der Schweiz wurde abgestimmt","src":"https:\/\/i0.wp.com\/www.polyas.de\/blog\/wp-content\/uploads\/2016\/03\/Wahl-News.png?resize=350%2C200&ssl=1","width":350,"height":200},"classes":[]},{"id":4328,"url":"https:\/\/www.polyas.de\/blog\/de\/online-wahlen\/wahlnews-praesidenschaftswahl-in-ecuador","url_meta":{"origin":6320,"position":3},"title":"#WahlNews: Pr\u00e4sidenschaftswahl In Ecuador","date":"20\/02\/2017","format":false,"excerpt":"Immer wieder sonntags... Am 19. Februar w\u00e4hlten 12,8 Millionen Wahlberechtigte den Nachfolger von Pr\u00e4sident Rafael Correa. Seit 2007 gelang es Correa als Staatsoberhaupt die extreme Armut im Land deutlich zu reduzieren. Jetzt wurde ein neuer Mann an die Spitze gew\u00e4hlt. In unseren #WahlNews berichten wir \u00fcber die Wahl im Anden-Land.\u2026","rel":"","context":"In &quot;Wahl News&quot;","img":{"alt_text":"Erfahren Sie alles Aktuelle \u00fcber die Parlamentswahl in der Ukraine","src":"https:\/\/i0.wp.com\/www.polyas.de\/blog\/wp-content\/uploads\/2016\/12\/Wahl-News-Schmal_810x280.png?resize=350%2C200&ssl=1","width":350,"height":200},"classes":[]},{"id":4830,"url":"https:\/\/www.polyas.de\/blog\/de\/online-wahlen\/praesidentschaftswahl-frankreich-wahlsystem","url_meta":{"origin":6320,"position":4},"title":"Pr\u00e4sidentschaftswahlen Frankreich \u2013 Das Wahlsystem einfach erkl\u00e4rt","date":"19\/04\/2017","format":false,"excerpt":"Am Sonntag - dem 23.04. - werden alle Augen in Europa auf Frankreich gerichtet sein. Denn dort findet die erste Runde der diesj\u00e4hrigen Pr\u00e4sidentschaftswahl statt. Und diese entscheidet wer gemeinsam mit dem die Umfragen anf\u00fchrenden Emanuel Macron in die Stichwahl ziehen wird. Doch wie funktioniert eigentlich das franz\u00f6sische Wahlsystem zur\u2026","rel":"","context":"In &quot;Digitale Demokratie&quot;","img":{"alt_text":"Das Wahlsystem zur Pr\u00e4sidentschaftswahl in Frankreich - einfach erkl\u00e4rt","src":"https:\/\/i0.wp.com\/www.polyas.de\/blog\/wp-content\/uploads\/2017\/04\/Wahlsystem-Frankreich.jpg?resize=350%2C200&ssl=1","width":350,"height":200},"classes":[]},{"id":7087,"url":"https:\/\/www.polyas.de\/blog\/de\/online-wahlen\/ukraine-selensky-gewinnt-wahl","url_meta":{"origin":6320,"position":5},"title":"Pr\u00e4sidentschaftswahl in der Ukraine \u2013 Politik-Deb\u00fctant gewinnt","date":"01\/04\/2019","format":false,"excerpt":"Am vergangenen Sonntag, dem 31. M\u00e4rz, fand die erste Wahlrunde f\u00fcr das Pr\u00e4sidentenamt in der Ukraine statt. Keiner der drei Spitzenkandidaten konnte die absolute Mehrheit f\u00fcr sich gewinnen, doch Politik-Neuling Wolodymyr Selensky gewann mit gro\u00dfem Vorsprung die erste Wahlrunde. Zuversicht bei Selensky nach der ersten Wahlrunde in der Ukraine Insgesamt\u2026","rel":"","context":"In &quot;Wahl News&quot;","img":{"alt_text":"Erfahren Sie alles Aktuelle \u00fcber die Parlamentswahl in der Ukraine","src":"https:\/\/i0.wp.com\/www.polyas.de\/blog\/wp-content\/uploads\/2016\/12\/Wahl-News-Schmal_810x280.png?resize=350%2C200&ssl=1","width":350,"height":200},"classes":[]}],"_links":{"self":[{"href":"https:\/\/www.polyas.de\/blog\/wp-json\/wp\/v2\/posts\/6320"}],"collection":[{"href":"https:\/\/www.polyas.de\/blog\/wp-json\/wp\/v2\/posts"}],"about":[{"href":"https:\/\/www.polyas.de\/blog\/wp-json\/wp\/v2\/types\/post"}],"author":[{"embeddable":true,"href":"https:\/\/www.polyas.de\/blog\/wp-json\/wp\/v2\/users\/277"}],"replies":[{"embeddable":true,"href":"https:\/\/www.polyas.de\/blog\/wp-json\/wp\/v2\/comments?post=6320"}],"version-history":[{"count":3,"href":"https:\/\/www.polyas.de\/blog\/wp-json\/wp\/v2\/posts\/6320\/revisions"}],"predecessor-version":[{"id":6323,"href":"https:\/\/www.polyas.de\/blog\/wp-json\/wp\/v2\/posts\/6320\/revisions\/6323"}],"wp:featuredmedia":[{"embeddable":true,"href":"https:\/\/www.polyas.de\/blog\/wp-json\/wp\/v2\/media\/4022"}],"wp:attachment":[{"href":"https:\/\/www.polyas.de\/blog\/wp-json\/wp\/v2\/media?parent=6320"}],"wp:term":[{"taxonomy":"category","embeddable":true,"href":"https:\/\/www.polyas.de\/blog\/wp-json\/wp\/v2\/categories?post=6320"},{"taxonomy":"post_tag","embeddable":true,"href":"https:\/\/www.polyas.de\/blog\/wp-json\/wp\/v2\/tags?post=6320"}],"curies":[{"name":"wp","href":"https:\/\/api.w.org\/{rel}","templated":true}]}}