{"id":6180,"date":"2018-01-10T13:13:03","date_gmt":"2018-01-10T12:13:03","guid":{"rendered":"https:\/\/www.polyas.de\/blog\/?p=6180"},"modified":"2021-09-22T16:28:09","modified_gmt":"2021-09-22T14:28:09","slug":"wahlrechtsreform","status":"publish","type":"post","link":"https:\/\/www.polyas.de\/blog\/de\/digitale-demokratie\/wahlrechtsreform","title":{"rendered":"Wahlrechtsreform: Sch\u00e4uble will&#8217;s angehen"},"content":{"rendered":"<p>Obwohl Deutschland noch keine neue Bundesregierung hat, steht eines schon fest: Mit 709 Abgeordneten ist das neugew\u00e4hlte Parlament das gr\u00f6\u00dfte, das es bisher gab. \u00c4hnlich wie sein Vorg\u00e4nger Nobert Lammert, will auch der neue Bundestagspr\u00e4sident Wolfgang Sch\u00e4uble eine Wahlrechtsreform ansto\u00dfen, um das Parlament wieder zu verkleinern.<\/p>\n<p><!--more--><\/p>\n<p>Schon der nach der vergangenen Legislaturperiode ausgeschiedene Bundestagspr\u00e4sident Norbert Lammert warnte vor einem Mega-Parlament &#8211; und warb in seiner alten Funktion f\u00fcr eine Reform des Wahlrechts.<\/p>\n<p>Auch sein Nachfolger Wolfgang Sch\u00e4uble betont, er werde sich weiter &#8220;mit allem Nachdruck&#8221; um eine Wahlrechtsreform bem\u00fchen. Seit den F\u00fcnfziger Jahren gab es nicht mehr so viele Fraktionen wie dieses Mal, n\u00e4mlich sechs.<\/p>\n<p>Regul\u00e4r besteht der Bundestag aus 598 Abgeordneten. Davon werden 299 in den Wahlkreisen direkt gew\u00e4hlt, 299 kommen \u00fcber die Parteilisten der L\u00e4nder. Geregelt wird dies vom <a href=\"https:\/\/www.bundestag.de\/blob\/189210\/21ad25fd4ff79aaa1f8ada9239f7d302\/bwahlg_pdf-data.pdf\">Bundeswahlgesetz (BWG)<\/a>. Doch bei der Berechnung der Sitzverteilung kommen weitere Faktoren ins Spiel, die sogenannte \u00dcberhang- und Ausgleichsmandate zur Folge haben.<\/p>\n<h3>\u00dcberhangmandate sind problematisch<\/h3>\n<p>Das Hauptproblem sind besagte \u00dcberhangmandate. Sie fallen immer dann an, wenn eine Partei in einem Bundesland aufgrund ihrer Erststimmenergebnisse mehr Wahlkreise direkt gewinnt, als ihr nach Zweitstimmen an Gesamtmandaten zust\u00fcnden. Anders ausgedr\u00fcckt: \u00dcberhangmandate sind durch Zweitstimmen nicht gedeckte Direktmandate.<\/p>\n<p>Die Schl\u00fcsselfrage einer Wahlrechtsreform lautet deshalb: Wie kann die Grundstruktur der personalisierten Verh\u00e4ltniswahl bewahrt werden, ohne den nationalen Parteienproporz zu verzerren oder den Bundestag deutlich zu vergr\u00f6\u00dfern?<\/p>\n<p>Dabei ist zwischen zwei Typen von Reformans\u00e4tzen zu unterscheiden: Die einen wollen \u00dcberhangmandaten vermeiden, die anderen wollen \u00dcberhangmandate bestm\u00f6glich verrechnen.<\/p>\n<p>W\u00fcrden \u00dcberhangmandate von vornherein vermieden, w\u00e4re ein Mandatsausgleich \u00fcberfl\u00fcssig. Das Parlament vergr\u00f6\u00dferte sich nicht, und das Problem w\u00e4re mit einem Schlag beseitigt. Ein Verfahren dazu w\u00e4re eine \u201eMandatskappung\u201c: Erhielte eine Partei mehr Direkt- als Listenmandate, w\u00fcrden die \u00fcberz\u00e4hligen Direktmandate nicht vergeben. Siegreiche Wahlkreiskandidaten mit den geringsten Stimmenzahlen erhielten kein Abgeordnetenmandat.<\/p>\n<p><a href=\"https:\/\/www.polyas.de\/wahllexikon\/ueberhangmandat\">Lesen Sie hier mehr \u00fcber \u00dcberhangmandate!<\/a><\/p>\n<h3>Prinzip der gleichen Repr\u00e4sentation darf nicht ge\u00e4ndert werden<\/h3>\n<p>Dieser Vorschlag ist schwer umsetzbar, weil er das Prinzip der gleichen Repr\u00e4sentation der Wahlkreise unterl\u00e4uft. Eine nachtr\u00e4gliche Aberkennung von Direktmandaten w\u00e4re weder den Parteien noch den W\u00e4hlern vermittelbar.<\/p>\n<p>Andere \u00dcberlegungen zur Vermeidung von \u00dcberhangmandaten setzen bei der Einteilung der Wahlkreise an. Zum einen k\u00f6nnte man den Anteil der <a href=\"http:\/\/www.wahlrecht.de\/systeme\/mehrheitswahl.htm\">Einerwahlkreise<\/a> an den Gesamtmandaten von derzeit 50 Prozent reduzieren, etwa auf 33 Prozent. Von den insgesamt 598 Mandaten w\u00fcrden also nicht mehr 299, sondern nur noch 200 direkt in den Wahlkreisen vergeben. Dadurch w\u00fcrde es extrem unwahrscheinlich, dass die st\u00e4rkste Partei in einem Land mehr Direktmandate als Listenmandate erh\u00e4lt. Eine Verringerung des Anteils der Einerwahlkreise f\u00fchrte also mit gro\u00dfer Wahrscheinlichkeit dazu, dass \u00dcberhangmandate erst gar nicht entst\u00fcnden.<\/p>\n<h3>Wahlrechtsreform: Einerwahlkreise durch Zweierwahlkreise ersetzen<\/h3>\n<p>Zum anderen k\u00f6nnte man die bestehenden Einerwahlkreise durch Zweierwahlkreise ersetzen. Das bedeutet: Die Gr\u00f6\u00dfe der Wahlkreise w\u00fcrde verdoppelt und ihre Anzahl damit halbiert (von heute 299 auf 149 oder 150). Gleichzeitig w\u00fcrden k\u00fcnftig in jedem Wahlkreis nicht nur ein, sondern zwei Direktmandate vergeben. In einem Wahlkreis w\u00e4re dann nicht nur der erstplazierte Kandidat mit den meisten Stimmen direkt gew\u00e4hlt, sondern auch der Zweitplazierte. Jeder Wahlkreis w\u00e4re dann mit zwei Direktkandidaten im Bundestag vertreten.<\/p>\n<p>Trotz halbierter Anzahl der Wahlkreise blieben also die Anzahl und der Anteil der direkt gew\u00e4hlten Abgeordneten an der Gesamtzahl aller Abgeordneten konstant. Zugleich w\u00fcrden Zweierwahlkreise im Normalfall dazu f\u00fchren, dass die Direktmandate unter den zwei oder drei st\u00e4rksten Parteien eines Landes aufgeteilt w\u00fcrden. Das wiederum w\u00fcrde die Konzentration der Direktmandate auf eine Partei vermeiden und damit das Auftreten von \u00dcberhangmandaten verhindern.<\/p>\n<p>Diese Reformoption h\u00e4tte den Vorteil, dass die Anzahl der Direktmandate gleichbliebe. Zudem w\u00fcrden die personalisierten Direktmandate gleichm\u00e4\u00dfiger zwischen den Bundestagsparteien verteilt. Allerdings m\u00fcssten zahlreiche Details der Stimmgebung und Kandidatenaufstellung neu geregelt werden. Das w\u00fcrde das Wahlsystem noch komplizierter machen und seine Handhabung durch Parteien und W\u00e4hler weiter erschweren. Die Verringerung der Zahl der Einerwahlkreise w\u00e4re wohl die einfachere Variante.<\/p>\n<p style=\"text-align: center;\"><strong>Bereits 500 Kunden f\u00fchren ihre Wahlen einfach und sicher online mit POLYAS durch. Testen Sie die Online-Wahl jetzt kostenfrei!<\/strong><\/p>\n<p style=\"text-align: center;\"><a href=\"https:\/\/configurator.polyas.com\/#!\/register?lang=de&amp;country=DE\" target=\"_blank\" rel=\"noopener\"><img data-attachment-id=\"5656\" data-permalink=\"https:\/\/www.polyas.de\/blog\/de\/online-wahlen\/norwegen-parlamentswahl\/attachment\/banner-blog\" data-orig-file=\"https:\/\/www.polyas.de\/blog\/wp-content\/uploads\/2017\/09\/Banner-Blog.jpg\" data-orig-size=\"860,100\" data-comments-opened=\"1\" data-image-meta=\"{&quot;aperture&quot;:&quot;0&quot;,&quot;credit&quot;:&quot;&quot;,&quot;camera&quot;:&quot;&quot;,&quot;caption&quot;:&quot;&quot;,&quot;created_timestamp&quot;:&quot;0&quot;,&quot;copyright&quot;:&quot;&quot;,&quot;focal_length&quot;:&quot;0&quot;,&quot;iso&quot;:&quot;0&quot;,&quot;shutter_speed&quot;:&quot;0&quot;,&quot;title&quot;:&quot;&quot;,&quot;orientation&quot;:&quot;0&quot;}\" data-image-title=\"Online-Wahl kostenlos testen\" data-image-description=\"\" data-image-caption=\"\" data-medium-file=\"https:\/\/www.polyas.de\/blog\/wp-content\/uploads\/2017\/09\/Banner-Blog-300x35.jpg\" data-large-file=\"https:\/\/www.polyas.de\/blog\/wp-content\/uploads\/2017\/09\/Banner-Blog.jpg\" loading=\"lazy\" class=\"aligncenter wp-image-5656 size-full\" src=\"https:\/\/www.polyas.de\/blog\/wp-content\/uploads\/2017\/09\/Banner-Blog.jpg\" alt=\"Testen Sie die Online-Wahl jetzt kostenlos\" width=\"860\" height=\"100\" srcset=\"https:\/\/www.polyas.de\/blog\/wp-content\/uploads\/2017\/09\/Banner-Blog.jpg 860w, https:\/\/www.polyas.de\/blog\/wp-content\/uploads\/2017\/09\/Banner-Blog-300x35.jpg 300w, https:\/\/www.polyas.de\/blog\/wp-content\/uploads\/2017\/09\/Banner-Blog-768x89.jpg 768w, https:\/\/www.polyas.de\/blog\/wp-content\/uploads\/2017\/09\/Banner-Blog-500x58.jpg 500w\" sizes=\"(max-width: 860px) 100vw, 860px\" \/><\/a><\/p>\n","protected":false},"excerpt":{"rendered":"<p>Obwohl Deutschland noch keine neue Bundesregierung hat, steht eines schon fest: Mit 709 Abgeordneten ist das neugew\u00e4hlte Parlament das gr\u00f6\u00dfte, das es bisher gab. \u00c4hnlich wie sein Vorg\u00e4nger Nobert Lammert, will auch der neue Bundestagspr\u00e4sident Wolfgang Sch\u00e4uble eine Wahlrechtsreform ansto\u00dfen, um das Parlament wieder zu verkleinern.<\/p>\n","protected":false},"author":266,"featured_media":5675,"comment_status":"open","ping_status":"open","sticky":false,"template":"","format":"standard","meta":{"_eb_attr":"","ub_ctt_via":"","spay_email":"","jetpack_publicize_message":"","jetpack_is_tweetstorm":false,"jetpack_publicize_feature_enabled":true},"categories":[2],"tags":[1730,913,325,1917],"featured_image_src":"https:\/\/www.polyas.de\/blog\/wp-content\/uploads\/2017\/09\/Online-Wahl-Bundestagswahl.jpg","author_info":{"display_name":"Elisa Utterodt","author_link":"https:\/\/www.polyas.de\/blog\/author\/e-utterodt"},"yoast_head":"<!-- This site is optimized with the Yoast SEO plugin v19.9 - https:\/\/yoast.com\/wordpress\/plugins\/seo\/ -->\n<title>Wahlrechtsreform: Sch\u00e4uble will&#039;s angehen - POLYAS<\/title>\n<meta name=\"description\" content=\"Der neue Bundestagspr\u00e4sident Wolfgang Sch\u00e4uble will die l\u00e4ngst \u00fcberf\u00e4llige Wahlrechtsreform angehen und das Parlament wieder verkleinern.\" \/>\n<meta name=\"robots\" content=\"index, follow, max-snippet:-1, max-image-preview:large, max-video-preview:-1\" \/>\n<link rel=\"canonical\" href=\"https:\/\/www.polyas.de\/blog\/de\/digitale-demokratie\/wahlrechtsreform\" \/>\n<meta property=\"og:locale\" content=\"de_DE\" \/>\n<meta property=\"og:type\" content=\"article\" \/>\n<meta property=\"og:title\" content=\"Wahlrechtsreform: Sch\u00e4uble will&#039;s angehen - POLYAS\" \/>\n<meta property=\"og:description\" content=\"Der neue Bundestagspr\u00e4sident Wolfgang Sch\u00e4uble will die l\u00e4ngst \u00fcberf\u00e4llige Wahlrechtsreform angehen und das Parlament wieder verkleinern.\" \/>\n<meta property=\"og:url\" content=\"https:\/\/www.polyas.de\/blog\/de\/digitale-demokratie\/wahlrechtsreform\" \/>\n<meta property=\"og:site_name\" content=\"POLYAS\" \/>\n<meta property=\"article:published_time\" content=\"2018-01-10T12:13:03+00:00\" \/>\n<meta property=\"article:modified_time\" content=\"2021-09-22T14:28:09+00:00\" \/>\n<meta property=\"og:image\" content=\"https:\/\/i0.wp.com\/www.polyas.de\/blog\/wp-content\/uploads\/2017\/09\/Online-Wahl-Bundestagswahl.jpg?fit=860%2C280&ssl=1\" \/>\n\t<meta property=\"og:image:width\" content=\"860\" \/>\n\t<meta property=\"og:image:height\" content=\"280\" \/>\n\t<meta property=\"og:image:type\" content=\"image\/jpeg\" \/>\n<meta name=\"author\" content=\"Elisa Utterodt\" \/>\n<meta name=\"twitter:card\" content=\"summary_large_image\" \/>\n<meta name=\"twitter:label1\" content=\"Verfasst von\" \/>\n\t<meta name=\"twitter:data1\" content=\"Elisa Utterodt\" \/>\n\t<meta name=\"twitter:label2\" content=\"Gesch\u00e4tzte Lesezeit\" \/>\n\t<meta name=\"twitter:data2\" content=\"3 Minuten\" \/>\n<script type=\"application\/ld+json\" class=\"yoast-schema-graph\">{\"@context\":\"https:\/\/schema.org\",\"@graph\":[{\"@type\":\"WebPage\",\"@id\":\"https:\/\/www.polyas.de\/blog\/de\/digitale-demokratie\/wahlrechtsreform\",\"url\":\"https:\/\/www.polyas.de\/blog\/de\/digitale-demokratie\/wahlrechtsreform\",\"name\":\"Wahlrechtsreform: Sch\u00e4uble will's angehen - POLYAS\",\"isPartOf\":{\"@id\":\"https:\/\/www.polyas.de\/blog\/#website\"},\"datePublished\":\"2018-01-10T12:13:03+00:00\",\"dateModified\":\"2021-09-22T14:28:09+00:00\",\"author\":{\"@id\":\"https:\/\/www.polyas.de\/blog\/#\/schema\/person\/d3b137ca4a3ac64e5529b95494ecdfb7\"},\"description\":\"Der neue Bundestagspr\u00e4sident Wolfgang Sch\u00e4uble will die l\u00e4ngst \u00fcberf\u00e4llige Wahlrechtsreform angehen und das Parlament wieder verkleinern.\",\"breadcrumb\":{\"@id\":\"https:\/\/www.polyas.de\/blog\/de\/digitale-demokratie\/wahlrechtsreform#breadcrumb\"},\"inLanguage\":\"de-DE\",\"potentialAction\":[{\"@type\":\"ReadAction\",\"target\":[\"https:\/\/www.polyas.de\/blog\/de\/digitale-demokratie\/wahlrechtsreform\"]}]},{\"@type\":\"BreadcrumbList\",\"@id\":\"https:\/\/www.polyas.de\/blog\/de\/digitale-demokratie\/wahlrechtsreform#breadcrumb\",\"itemListElement\":[{\"@type\":\"ListItem\",\"position\":1,\"name\":\"Startseite\",\"item\":\"https:\/\/www.polyas.de\/blog\/de\"},{\"@type\":\"ListItem\",\"position\":2,\"name\":\"Wahlrechtsreform: Sch\u00e4uble will&#8217;s angehen\"}]},{\"@type\":\"WebSite\",\"@id\":\"https:\/\/www.polyas.de\/blog\/#website\",\"url\":\"https:\/\/www.polyas.de\/blog\/\",\"name\":\"POLYAS\",\"description\":\"the blog for secure online voting\",\"potentialAction\":[{\"@type\":\"SearchAction\",\"target\":{\"@type\":\"EntryPoint\",\"urlTemplate\":\"https:\/\/www.polyas.de\/blog\/?s={search_term_string}\"},\"query-input\":\"required name=search_term_string\"}],\"inLanguage\":\"de-DE\"},{\"@type\":\"Person\",\"@id\":\"https:\/\/www.polyas.de\/blog\/#\/schema\/person\/d3b137ca4a3ac64e5529b95494ecdfb7\",\"name\":\"Elisa Utterodt\",\"image\":{\"@type\":\"ImageObject\",\"inLanguage\":\"de-DE\",\"@id\":\"https:\/\/www.polyas.de\/blog\/#\/schema\/person\/image\/\",\"url\":\"https:\/\/secure.gravatar.com\/avatar\/cf7a59b9c85a71b6e6a938c051dd6eec?s=96&d=mm&r=g\",\"contentUrl\":\"https:\/\/secure.gravatar.com\/avatar\/cf7a59b9c85a71b6e6a938c051dd6eec?s=96&d=mm&r=g\",\"caption\":\"Elisa Utterodt\"},\"description\":\"Egal ob in \u00d6sterreich, Syrien oder den USA, politische Entscheidungen und Demokratie sind f\u00fcr mich nicht nur in Deutschland von Belang. Vor allem der Einfluss der Digitalisierung auf Kultur und Gesellschaft ist f\u00fcr mich ein spannendes wie aktuelles Thema, \u00fcber das ich gerne berichte. Wenn ich nicht gerade Zeitung lese oder meine Twittertimeline checke, schaue ich mir zur Entspannung Bundestagsdebatten im Fernsehen an. Seit M\u00e4rz dieses Jahres bin ich bei Polyas f\u00fcr die Pflege der Social Media Kan\u00e4le zust\u00e4ndig, schreibe Blogartikel und unterst\u00fctze das Online-Marketing-Team.\",\"sameAs\":[\"http:\/\/www.polyas.de\"],\"url\":\"https:\/\/www.polyas.de\/blog\/author\/e-utterodt\"}]}<\/script>\n<!-- \/ Yoast SEO plugin. -->","yoast_head_json":{"title":"Wahlrechtsreform: Sch\u00e4uble will's angehen - POLYAS","description":"Der neue Bundestagspr\u00e4sident Wolfgang Sch\u00e4uble will die l\u00e4ngst \u00fcberf\u00e4llige Wahlrechtsreform angehen und das Parlament wieder verkleinern.","robots":{"index":"index","follow":"follow","max-snippet":"max-snippet:-1","max-image-preview":"max-image-preview:large","max-video-preview":"max-video-preview:-1"},"canonical":"https:\/\/www.polyas.de\/blog\/de\/digitale-demokratie\/wahlrechtsreform","og_locale":"de_DE","og_type":"article","og_title":"Wahlrechtsreform: Sch\u00e4uble will's angehen - POLYAS","og_description":"Der neue Bundestagspr\u00e4sident Wolfgang Sch\u00e4uble will die l\u00e4ngst \u00fcberf\u00e4llige Wahlrechtsreform angehen und das Parlament wieder verkleinern.","og_url":"https:\/\/www.polyas.de\/blog\/de\/digitale-demokratie\/wahlrechtsreform","og_site_name":"POLYAS","article_published_time":"2018-01-10T12:13:03+00:00","article_modified_time":"2021-09-22T14:28:09+00:00","og_image":[{"width":860,"height":280,"url":"https:\/\/i0.wp.com\/www.polyas.de\/blog\/wp-content\/uploads\/2017\/09\/Online-Wahl-Bundestagswahl.jpg?fit=860%2C280&ssl=1","type":"image\/jpeg"}],"author":"Elisa Utterodt","twitter_card":"summary_large_image","twitter_misc":{"Verfasst von":"Elisa Utterodt","Gesch\u00e4tzte Lesezeit":"3 Minuten"},"schema":{"@context":"https:\/\/schema.org","@graph":[{"@type":"WebPage","@id":"https:\/\/www.polyas.de\/blog\/de\/digitale-demokratie\/wahlrechtsreform","url":"https:\/\/www.polyas.de\/blog\/de\/digitale-demokratie\/wahlrechtsreform","name":"Wahlrechtsreform: Sch\u00e4uble will's angehen - POLYAS","isPartOf":{"@id":"https:\/\/www.polyas.de\/blog\/#website"},"datePublished":"2018-01-10T12:13:03+00:00","dateModified":"2021-09-22T14:28:09+00:00","author":{"@id":"https:\/\/www.polyas.de\/blog\/#\/schema\/person\/d3b137ca4a3ac64e5529b95494ecdfb7"},"description":"Der neue Bundestagspr\u00e4sident Wolfgang Sch\u00e4uble will die l\u00e4ngst \u00fcberf\u00e4llige Wahlrechtsreform angehen und das Parlament wieder verkleinern.","breadcrumb":{"@id":"https:\/\/www.polyas.de\/blog\/de\/digitale-demokratie\/wahlrechtsreform#breadcrumb"},"inLanguage":"de-DE","potentialAction":[{"@type":"ReadAction","target":["https:\/\/www.polyas.de\/blog\/de\/digitale-demokratie\/wahlrechtsreform"]}]},{"@type":"BreadcrumbList","@id":"https:\/\/www.polyas.de\/blog\/de\/digitale-demokratie\/wahlrechtsreform#breadcrumb","itemListElement":[{"@type":"ListItem","position":1,"name":"Startseite","item":"https:\/\/www.polyas.de\/blog\/de"},{"@type":"ListItem","position":2,"name":"Wahlrechtsreform: Sch\u00e4uble will&#8217;s angehen"}]},{"@type":"WebSite","@id":"https:\/\/www.polyas.de\/blog\/#website","url":"https:\/\/www.polyas.de\/blog\/","name":"POLYAS","description":"the blog for secure online voting","potentialAction":[{"@type":"SearchAction","target":{"@type":"EntryPoint","urlTemplate":"https:\/\/www.polyas.de\/blog\/?s={search_term_string}"},"query-input":"required name=search_term_string"}],"inLanguage":"de-DE"},{"@type":"Person","@id":"https:\/\/www.polyas.de\/blog\/#\/schema\/person\/d3b137ca4a3ac64e5529b95494ecdfb7","name":"Elisa Utterodt","image":{"@type":"ImageObject","inLanguage":"de-DE","@id":"https:\/\/www.polyas.de\/blog\/#\/schema\/person\/image\/","url":"https:\/\/secure.gravatar.com\/avatar\/cf7a59b9c85a71b6e6a938c051dd6eec?s=96&d=mm&r=g","contentUrl":"https:\/\/secure.gravatar.com\/avatar\/cf7a59b9c85a71b6e6a938c051dd6eec?s=96&d=mm&r=g","caption":"Elisa Utterodt"},"description":"Egal ob in \u00d6sterreich, Syrien oder den USA, politische Entscheidungen und Demokratie sind f\u00fcr mich nicht nur in Deutschland von Belang. Vor allem der Einfluss der Digitalisierung auf Kultur und Gesellschaft ist f\u00fcr mich ein spannendes wie aktuelles Thema, \u00fcber das ich gerne berichte. Wenn ich nicht gerade Zeitung lese oder meine Twittertimeline checke, schaue ich mir zur Entspannung Bundestagsdebatten im Fernsehen an. Seit M\u00e4rz dieses Jahres bin ich bei Polyas f\u00fcr die Pflege der Social Media Kan\u00e4le zust\u00e4ndig, schreibe Blogartikel und unterst\u00fctze das Online-Marketing-Team.","sameAs":["http:\/\/www.polyas.de"],"url":"https:\/\/www.polyas.de\/blog\/author\/e-utterodt"}]}},"jetpack_featured_media_url":"https:\/\/www.polyas.de\/blog\/wp-content\/uploads\/2017\/09\/Online-Wahl-Bundestagswahl.jpg","jetpack_publicize_connections":[],"jetpack_shortlink":"https:\/\/wp.me\/p72Pnr-1BG","jetpack-related-posts":[{"id":7993,"url":"https:\/\/www.polyas.de\/blog\/de\/online-wahlen\/wahlsystem-deutschland-wahlrechtsreform","url_meta":{"origin":6180,"position":0},"title":"Wahlsystem Deutschland \u2013 Kommt die Wahlrechtsreform noch rechtzeitig?","date":"26\/02\/2020","format":false,"excerpt":"709 Abgeordnete \u2013 Der Bundestag wird immer gr\u00f6\u00dfer: Deutschlands Wahlsystem sieht vor, dass Abgeordnete \u00fcber Direktmandate, Listen- und \u00dcberhang- bzw. Ausgleichsmandate in den Bundestag gelangen k\u00f6nnen. Von letzteren gibt es derzeit sehr viele, was ein Anschwellen des Bundestages zur Folge hat. Seit zwei Jahren ist der Bundestag daher um eine\u2026","rel":"","context":"In &quot;Digitale Demokratie&quot;","img":{"alt_text":"Wahlsystem Deutschland \u00e2\u0080\u0093 Kommt die Wahlrechtsreform noch rechtzeitig?","src":"https:\/\/i0.wp.com\/www.polyas.de\/blog\/wp-content\/uploads\/2020\/02\/Wahlsystem-Deutschland-211x300.jpg?resize=350%2C200&ssl=1","width":350,"height":200},"classes":[]},{"id":8328,"url":"https:\/\/www.polyas.de\/blog\/de\/online-wahlen\/neue-wahlrechtsreform","url_meta":{"origin":6180,"position":1},"title":"Bundestag zu gro\u00df: Neue Wahlrechtsreform \u2013 wenig Wirkung","date":"14\/10\/2020","format":false,"excerpt":"Um die neue Wahlrechtsreform wird seit Jahren gestritten. Ziel der Reform ist die Verkleinerung des Bundestages, der durch \u00dcberhang- und Ausgleichsmandate massiv anschwillt. Nach zahlreichen Gesetzentw\u00fcrfen wurde nun ein Vorschlag der Gro\u00dfen Koalition angenommen \u2013 der den Bundestag aber kaum verkleinern wird. Neue Wahlrechtsreform soll Bundestag verkleinern 598 Sitze ist\u2026","rel":"","context":"In &quot;Wahl News&quot;","img":{"alt_text":"Neue Wahlrechtsreform","src":"https:\/\/i0.wp.com\/www.polyas.de\/blog\/wp-content\/uploads\/2020\/10\/Neue-Wahlrechtsreform.jpg?resize=350%2C200&ssl=1","width":350,"height":200},"classes":[]},{"id":5712,"url":"https:\/\/www.polyas.de\/blog\/de\/online-wahlen\/bundestagswahl","url_meta":{"origin":6180,"position":2},"title":"Bundestagswahl 2017: Auf nach Jamaika?","date":"25\/09\/2017","format":false,"excerpt":"Immer wieder sonntags\u2026\u00a0Insgesamt 61,5 Millionen Wahlberechtigte waren gestern dazu aufgerufen den 19. Bundestag zu w\u00e4hlen. Das Ergebnis an sich war zwar nicht \u00fcberraschend, dennoch sind viele nach der Wahl geschockt. Alle Informationen und Ergebnisse der Bundestagswahl 2017 jetzt in unseren #WahlNews. Die Ergebnisse der Bundestagswahl 2017 im \u00dcberblick Die SPD\u2026","rel":"","context":"In &quot;Wahl News&quot;","img":{"alt_text":"Erfahren Sie alles Aktuelle \u00fcber die Parlamentswahl in der Ukraine","src":"https:\/\/i0.wp.com\/www.polyas.de\/blog\/wp-content\/uploads\/2016\/12\/Wahl-News-Schmal_810x280.png?resize=350%2C200&ssl=1","width":350,"height":200},"classes":[]},{"id":6483,"url":"https:\/\/www.polyas.de\/blog\/de\/online-wahlen\/wahlsystem-parlamentswahl-ungarn","url_meta":{"origin":6180,"position":3},"title":"So funktioniert das Wahlsystem zur Parlamentswahl in Ungarn","date":"03\/04\/2018","format":false,"excerpt":"Am Sonntag finden Parlamentswahlen in Ungarn statt. Doch wie funktioniert das Wahlsystem in der Republik und auf welche Weise erfolgt die Sitzverteilung der 199 Mandate, die es zu vergeben gilt? Im Folgenden haben wir alles Wichtige zum ungarischen Wahlsystem zusammengefasst. Neues Wahlsystem zur Parlamentswahl: St\u00e4rkung der Mehrheitswahl Das ungarische Parlament\u2026","rel":"","context":"In &quot;Digitale Demokratie&quot;","img":{"alt_text":"So funktioniert das Wahlsystem zur Parlamentswahl in Ungarn","src":"https:\/\/i0.wp.com\/www.polyas.de\/blog\/wp-content\/uploads\/2018\/04\/Wahlsystem-Parlamentswahl-Ungarn.jpg?resize=350%2C200&ssl=1","width":350,"height":200},"classes":[]},{"id":5670,"url":"https:\/\/www.polyas.de\/blog\/de\/online-wahlen\/wahlsystem-deutschland","url_meta":{"origin":6180,"position":4},"title":"So funktioniert das Wahlsystem in Deutschland","date":"18\/09\/2017","format":false,"excerpt":"Erststimme, Zweitstimme, Direktkandidaten, \u00dcberhangmandate, F\u00fcnf-Prozent-H\u00fcrde: P\u00fcnktlich zur Bundestagswahl 2017 erkl\u00e4ren wir im POLYAS Blog, das Wahlsystem in Deutschland. Wahlsystem mit repr\u00e4sentativer Demokratie Die Herrschaftsform in Deutschland ist die repr\u00e4sentative Demokratie. Im Gegensatz zur direkten Demokratie, wie es sie zum Beispiel im Wahlsystem der Schweiz gibt, werden politische Entscheidungen nicht unmittelbar\u2026","rel":"","context":"In &quot;Wahl News&quot;","img":{"alt_text":"Wahlsystem Deutschland","src":"https:\/\/i0.wp.com\/www.polyas.de\/blog\/wp-content\/uploads\/2017\/09\/Wahlsystem-Deutschland.jpg?resize=350%2C200&ssl=1","width":350,"height":200},"classes":[]},{"id":3886,"url":"https:\/\/www.polyas.de\/blog\/de\/wahlbeteiligung-steigern\/wahlpflicht-geschichte-deutschland","url_meta":{"origin":6180,"position":5},"title":"Die Geschichte der Wahlpflicht","date":"28\/12\/2016","format":false,"excerpt":"Die Debatte \u00fcber\u00a0Wahlpflicht ist so alt wie die Demokratie selbst. Wir werfen daher heute einen Blick in die Geschichte der Wahlpflicht. Schwerpunkt wird dabei auf die Begr\u00fcndungen f\u00fcr die Einf\u00fchrung in verschiedenen Staaten gelegt. Australien: Nach dem Krieg kommt die Wahlpflicht F\u00fcr Australien ist die Wahlpflicht eine Erfolgsgeschichte. Die Wahlbeteiligung\u2026","rel":"","context":"In &quot;Wahlbeteiligung&quot;","img":{"alt_text":"","src":"","width":0,"height":0},"classes":[]}],"_links":{"self":[{"href":"https:\/\/www.polyas.de\/blog\/wp-json\/wp\/v2\/posts\/6180"}],"collection":[{"href":"https:\/\/www.polyas.de\/blog\/wp-json\/wp\/v2\/posts"}],"about":[{"href":"https:\/\/www.polyas.de\/blog\/wp-json\/wp\/v2\/types\/post"}],"author":[{"embeddable":true,"href":"https:\/\/www.polyas.de\/blog\/wp-json\/wp\/v2\/users\/266"}],"replies":[{"embeddable":true,"href":"https:\/\/www.polyas.de\/blog\/wp-json\/wp\/v2\/comments?post=6180"}],"version-history":[{"count":6,"href":"https:\/\/www.polyas.de\/blog\/wp-json\/wp\/v2\/posts\/6180\/revisions"}],"predecessor-version":[{"id":9827,"href":"https:\/\/www.polyas.de\/blog\/wp-json\/wp\/v2\/posts\/6180\/revisions\/9827"}],"wp:featuredmedia":[{"embeddable":true,"href":"https:\/\/www.polyas.de\/blog\/wp-json\/wp\/v2\/media\/5675"}],"wp:attachment":[{"href":"https:\/\/www.polyas.de\/blog\/wp-json\/wp\/v2\/media?parent=6180"}],"wp:term":[{"taxonomy":"category","embeddable":true,"href":"https:\/\/www.polyas.de\/blog\/wp-json\/wp\/v2\/categories?post=6180"},{"taxonomy":"post_tag","embeddable":true,"href":"https:\/\/www.polyas.de\/blog\/wp-json\/wp\/v2\/tags?post=6180"}],"curies":[{"name":"wp","href":"https:\/\/api.w.org\/{rel}","templated":true}]}}