{"id":6021,"date":"2017-11-29T14:14:26","date_gmt":"2017-11-29T13:14:26","guid":{"rendered":"https:\/\/www.polyas.de\/blog\/?p=6021"},"modified":"2017-11-29T14:14:26","modified_gmt":"2017-11-29T13:14:26","slug":"eu-datenschutzaenderung-unternehmen","status":"publish","type":"post","link":"https:\/\/www.polyas.de\/blog\/de\/digital-news\/eu-datenschutzaenderung-unternehmen","title":{"rendered":"EU-Datenschutz\u00e4nderung: Darauf m\u00fcssen sich Unternehmen vorbereiten"},"content":{"rendered":"<p>Zwei Jahre hat die EU den europ\u00e4ischen Unternehmen Zeit gegeben, um sich auf die Datenschutz\u00e4nderung einzustellen, die ab Mai 2018 gelten wird. Welche Punkte dabei beachtet werden m\u00fcssen, erfahren Sie im zweiten Teil unserer Serie zur EU-Datenschutz-Grundverordnung.<\/p>\n<p><!--more--><\/p>\n<h3>Deutliche Datenschutz\u00e4nderung ab Mai 2018<\/h3>\n<p>Die neue EU-Grundverordnung bringt eine Datenschutz\u00e4nderung mit sich, die Nutzern digitaler Angebote mehr Kontrolle erm\u00f6glichen soll. So werden EU-B\u00fcrger zuk\u00fcnftig einfacher erfahren k\u00f6nnen, wer ihre Daten zu welchem Zweck speichert und verarbeitet. Die Grundverordnung gilt nicht nur f\u00fcr europ\u00e4ische Unternehmen, sondern f\u00fcr alle Firmen, die in der EU t\u00e4tig sind.<\/p>\n<p><a href=\"https:\/\/www.polyas.de\/blog\/de\/digital-news\/eu-datenschutz-grundverordnung\">Hier finden Sie einen \u00dcberblick \u00fcber die geplante Einf\u00fchrung der EU-Grundverordnung<\/a><\/p>\n<p>Unternehmen, die die Datenschutz\u00e4nderung nicht ber\u00fccksichtigen, drohen hohe Bu\u00dfgelder: Die Strafzahlung kann bis zu vier Prozent des Jahresumsatzes betragen. Auch Haftstrafen k\u00f6nnen f\u00e4llig werden. Sich auf die neue Grundverordnung einzustellen ist f\u00fcr die Unternehmensleitung also enorm wichtig. Doch was muss aus Unternehmenssicht alles beachtet werden?<\/p>\n<h3>Das sind die wichtigsten Punkte<\/h3>\n<p>Folgende Punkte m\u00fcssen von den Datenschutz-Verantwortlichen der Unternehmen ber\u00fccksichtigt werden, um die Anforderungen der neuen Grundverordnung zu erf\u00fcllen:<\/p>\n<ul>\n<li><strong>Informationspflicht:<\/strong> Unternehmen m\u00fcssen ihre Kunden zuk\u00fcnftig dar\u00fcber informieren, welche Daten sie gespeichert haben.<\/li>\n<li><strong>Datenschutzbeauftragten bestellen:<\/strong> Besteht die Notwendigkeit zur systematischen \u00dcberwachung der Daten, muss es zuk\u00fcnftig einen Datenschutzbeauftragten geben.<\/li>\n<li><strong>Aufsichtsbeh\u00f6rden \u00fcber Datenpannen informieren:<\/strong> Haben Hacker erfolgreich Kundendaten gestohlen, muss das der Aufsichtsbeh\u00f6rde innerhalb von 72 Stunden gemeldet werden. Auch welche Daten geraubt wurden, muss angegeben werden.<\/li>\n<li><strong>Datenschutzfolgenabsch\u00e4tzung:<\/strong> Unternehmen m\u00fcssen eine sogenannte Datenschutzfolgenabsch\u00e4tzung erstellen, sofern sie mit sehr sensiblen Kundendaten arbeiten. Diese besteht aus drei Schritten: Zun\u00e4chst muss das Risiko eines Datenraubs \u00fcberpr\u00fcft werden, dann folgt eine Pr\u00fcfung der Sicherheitsvorkehrungen und schlie\u00dflich eine Einsch\u00e4tzung der Beh\u00f6rden.<\/li>\n<li><strong>Weiterverarbeitung:<\/strong> Personenbezogene Daten d\u00fcrfen nur dann weiterverarbeitet werden, wenn sie den Grundsatz der Zweckbindung erf\u00fcllen. Der Zweck muss im Vorfeld der Nutzung festgelegt werden.<\/li>\n<li><strong>Webseiten-Betreiber:<\/strong> Datenschutzerkl\u00e4rungen sollen in Zukunft k\u00fcrzer ausfallen als heute. Au\u00dferdem sollen Nutzer ein \u201eRecht auf Vergessen\u201c erhalten.<\/li>\n<\/ul>\n<h3>Grundverordnung bringt auch Vorteile f\u00fcr Unternehmen<\/h3>\n<p>Doch das sind nur die wichtigsten Anforderungen, die Unternehmen zuk\u00fcnftig erf\u00fcllen m\u00fcssen. Wurden bisher noch keine Vorbereitungen getroffen, sollte sich die Verantwortlichen schnellsten rechtlich beraten lassen. Es gibt auch Schulungen, die dar\u00fcber aufkl\u00e4ren, wie die Anforderungen der europ\u00e4ischen Datenschutz\u00e4nderung in die Praxis umgesetzt werden k\u00f6nnen.<\/p>\n<p>Die Grundverordnung bringt also einige Herausforderungen f\u00fcr die private Wirtschaft mit sich, die Folgen sind bisher nur schwer abzusch\u00e4tzen. Allerdings hat die Datenschutz\u00e4nderung auch einen entscheidenden Vorteil: Sie schafft eine EU-weite Rechtssicherheit, die bisher nicht gegeben war. So k\u00f6nnte die Grundverordnung das Online-Gesch\u00e4ft im EU-Binnenmarkt st\u00e4rken.<\/p>\n<p style=\"text-align: center;\"><strong>Schon \u00fcber 5 Millionen W\u00e4hler haben ihre Stimme digital mit POLYAS abgegeben, \u00fcberzeugen auch Sie sich jetzt von der Online-Wahl!<\/strong><\/p>\n<p style=\"text-align: center;\"><a href=\"https:\/\/configurator.polyas.com\/#!\/register?lang=de&amp;country=DE\" target=\"_blank\"><img data-attachment-id=\"5656\" data-permalink=\"https:\/\/www.polyas.de\/blog\/de\/online-wahlen\/norwegen-parlamentswahl\/attachment\/banner-blog\" data-orig-file=\"https:\/\/www.polyas.de\/blog\/wp-content\/uploads\/2017\/09\/Banner-Blog.jpg\" data-orig-size=\"860,100\" data-comments-opened=\"1\" data-image-meta=\"{&quot;aperture&quot;:&quot;0&quot;,&quot;credit&quot;:&quot;&quot;,&quot;camera&quot;:&quot;&quot;,&quot;caption&quot;:&quot;&quot;,&quot;created_timestamp&quot;:&quot;0&quot;,&quot;copyright&quot;:&quot;&quot;,&quot;focal_length&quot;:&quot;0&quot;,&quot;iso&quot;:&quot;0&quot;,&quot;shutter_speed&quot;:&quot;0&quot;,&quot;title&quot;:&quot;&quot;,&quot;orientation&quot;:&quot;0&quot;}\" data-image-title=\"Online-Wahl kostenlos testen\" data-image-description=\"\" data-image-caption=\"\" data-medium-file=\"https:\/\/www.polyas.de\/blog\/wp-content\/uploads\/2017\/09\/Banner-Blog-300x35.jpg\" data-large-file=\"https:\/\/www.polyas.de\/blog\/wp-content\/uploads\/2017\/09\/Banner-Blog.jpg\" loading=\"lazy\" class=\"aligncenter wp-image-5656 size-full\" src=\"https:\/\/www.polyas.de\/blog\/wp-content\/uploads\/2017\/09\/Banner-Blog.jpg\" alt=\"Testen Sie die Online-Wahl jetzt kostenlos\" width=\"860\" height=\"100\" srcset=\"https:\/\/www.polyas.de\/blog\/wp-content\/uploads\/2017\/09\/Banner-Blog.jpg 860w, https:\/\/www.polyas.de\/blog\/wp-content\/uploads\/2017\/09\/Banner-Blog-300x35.jpg 300w, https:\/\/www.polyas.de\/blog\/wp-content\/uploads\/2017\/09\/Banner-Blog-768x89.jpg 768w, https:\/\/www.polyas.de\/blog\/wp-content\/uploads\/2017\/09\/Banner-Blog-500x58.jpg 500w\" sizes=\"(max-width: 860px) 100vw, 860px\" \/><\/a><\/p>\n","protected":false},"excerpt":{"rendered":"<p>Zwei Jahre hat die EU den europ\u00e4ischen Unternehmen Zeit gegeben, um sich auf die Datenschutz\u00e4nderung einzustellen, die ab Mai 2018 gelten wird. Welche Punkte dabei beachtet werden m\u00fcssen, erfahren Sie im zweiten Teil unserer Serie zur EU-Datenschutz-Grundverordnung.<\/p>\n","protected":false},"author":277,"featured_media":5948,"comment_status":"open","ping_status":"open","sticky":false,"template":"","format":"standard","meta":{"_eb_attr":"","ub_ctt_via":"","spay_email":"","jetpack_publicize_message":"","jetpack_is_tweetstorm":false,"jetpack_publicize_feature_enabled":true},"categories":[522],"tags":[337,1864,389,1866],"featured_image_src":"https:\/\/www.polyas.de\/blog\/wp-content\/uploads\/2017\/11\/Datenschutzgrundverordnung-Bild.jpg","author_info":{"display_name":"Peter Schraeder","author_link":"https:\/\/www.polyas.de\/blog\/author\/peter-schraeder"},"yoast_head":"<!-- This site is optimized with the Yoast SEO plugin v19.9 - https:\/\/yoast.com\/wordpress\/plugins\/seo\/ -->\n<title>EU-Datenschutz\u00e4nderung: Darauf m\u00fcssen sich Unternehmen vorbereiten<\/title>\n<meta name=\"description\" content=\"Welche Datenschutz\u00e4nderung kommen mit der EU-Grundverordnung auf die Unternehmen zu? Hier erfahren Sie, worauf Sie sich vorbereiten sollten.\" \/>\n<meta name=\"robots\" content=\"index, follow, max-snippet:-1, max-image-preview:large, max-video-preview:-1\" \/>\n<link rel=\"canonical\" href=\"https:\/\/www.polyas.de\/blog\/de\/digital-news\/eu-datenschutzaenderung-unternehmen\" \/>\n<meta property=\"og:locale\" content=\"de_DE\" \/>\n<meta property=\"og:type\" content=\"article\" \/>\n<meta property=\"og:title\" content=\"EU-Datenschutz\u00e4nderung: Darauf m\u00fcssen sich Unternehmen vorbereiten\" \/>\n<meta property=\"og:description\" content=\"Welche Datenschutz\u00e4nderung kommen mit der EU-Grundverordnung auf die Unternehmen zu? Hier erfahren Sie, worauf Sie sich vorbereiten sollten.\" \/>\n<meta property=\"og:url\" content=\"https:\/\/www.polyas.de\/blog\/de\/digital-news\/eu-datenschutzaenderung-unternehmen\" \/>\n<meta property=\"og:site_name\" content=\"POLYAS\" \/>\n<meta property=\"article:published_time\" content=\"2017-11-29T13:14:26+00:00\" \/>\n<meta property=\"og:image\" content=\"https:\/\/i0.wp.com\/www.polyas.de\/blog\/wp-content\/uploads\/2017\/11\/Datenschutzgrundverordnung-Bild.jpg?fit=860%2C210&ssl=1\" \/>\n\t<meta property=\"og:image:width\" content=\"860\" \/>\n\t<meta property=\"og:image:height\" content=\"210\" \/>\n\t<meta property=\"og:image:type\" content=\"image\/jpeg\" \/>\n<meta name=\"author\" content=\"Peter Schraeder\" \/>\n<meta name=\"twitter:card\" content=\"summary_large_image\" \/>\n<meta name=\"twitter:label1\" content=\"Verfasst von\" \/>\n\t<meta name=\"twitter:data1\" content=\"Peter Schraeder\" \/>\n\t<meta name=\"twitter:label2\" content=\"Gesch\u00e4tzte Lesezeit\" \/>\n\t<meta name=\"twitter:data2\" content=\"2 Minuten\" \/>\n<script type=\"application\/ld+json\" class=\"yoast-schema-graph\">{\"@context\":\"https:\/\/schema.org\",\"@graph\":[{\"@type\":\"WebPage\",\"@id\":\"https:\/\/www.polyas.de\/blog\/de\/digital-news\/eu-datenschutzaenderung-unternehmen\",\"url\":\"https:\/\/www.polyas.de\/blog\/de\/digital-news\/eu-datenschutzaenderung-unternehmen\",\"name\":\"EU-Datenschutz\u00e4nderung: Darauf m\u00fcssen sich Unternehmen vorbereiten\",\"isPartOf\":{\"@id\":\"https:\/\/www.polyas.de\/blog\/#website\"},\"datePublished\":\"2017-11-29T13:14:26+00:00\",\"dateModified\":\"2017-11-29T13:14:26+00:00\",\"author\":{\"@id\":\"https:\/\/www.polyas.de\/blog\/#\/schema\/person\/73c28ac950bd0b4d1a9d88ae887f0167\"},\"description\":\"Welche Datenschutz\u00e4nderung kommen mit der EU-Grundverordnung auf die Unternehmen zu? Hier erfahren Sie, worauf Sie sich vorbereiten sollten.\",\"breadcrumb\":{\"@id\":\"https:\/\/www.polyas.de\/blog\/de\/digital-news\/eu-datenschutzaenderung-unternehmen#breadcrumb\"},\"inLanguage\":\"de-DE\",\"potentialAction\":[{\"@type\":\"ReadAction\",\"target\":[\"https:\/\/www.polyas.de\/blog\/de\/digital-news\/eu-datenschutzaenderung-unternehmen\"]}]},{\"@type\":\"BreadcrumbList\",\"@id\":\"https:\/\/www.polyas.de\/blog\/de\/digital-news\/eu-datenschutzaenderung-unternehmen#breadcrumb\",\"itemListElement\":[{\"@type\":\"ListItem\",\"position\":1,\"name\":\"Startseite\",\"item\":\"https:\/\/www.polyas.de\/blog\/de\"},{\"@type\":\"ListItem\",\"position\":2,\"name\":\"EU-Datenschutz\u00e4nderung: Darauf m\u00fcssen sich Unternehmen vorbereiten\"}]},{\"@type\":\"WebSite\",\"@id\":\"https:\/\/www.polyas.de\/blog\/#website\",\"url\":\"https:\/\/www.polyas.de\/blog\/\",\"name\":\"POLYAS\",\"description\":\"the blog for secure online voting\",\"potentialAction\":[{\"@type\":\"SearchAction\",\"target\":{\"@type\":\"EntryPoint\",\"urlTemplate\":\"https:\/\/www.polyas.de\/blog\/?s={search_term_string}\"},\"query-input\":\"required name=search_term_string\"}],\"inLanguage\":\"de-DE\"},{\"@type\":\"Person\",\"@id\":\"https:\/\/www.polyas.de\/blog\/#\/schema\/person\/73c28ac950bd0b4d1a9d88ae887f0167\",\"name\":\"Peter Schraeder\",\"image\":{\"@type\":\"ImageObject\",\"inLanguage\":\"de-DE\",\"@id\":\"https:\/\/www.polyas.de\/blog\/#\/schema\/person\/image\/\",\"url\":\"https:\/\/secure.gravatar.com\/avatar\/4f9e48dcaa40fec909b27d8a9fab7beb?s=96&d=mm&r=g\",\"contentUrl\":\"https:\/\/secure.gravatar.com\/avatar\/4f9e48dcaa40fec909b27d8a9fab7beb?s=96&d=mm&r=g\",\"caption\":\"Peter Schraeder\"},\"url\":\"https:\/\/www.polyas.de\/blog\/author\/peter-schraeder\"}]}<\/script>\n<!-- \/ Yoast SEO plugin. -->","yoast_head_json":{"title":"EU-Datenschutz\u00e4nderung: Darauf m\u00fcssen sich Unternehmen vorbereiten","description":"Welche Datenschutz\u00e4nderung kommen mit der EU-Grundverordnung auf die Unternehmen zu? Hier erfahren Sie, worauf Sie sich vorbereiten sollten.","robots":{"index":"index","follow":"follow","max-snippet":"max-snippet:-1","max-image-preview":"max-image-preview:large","max-video-preview":"max-video-preview:-1"},"canonical":"https:\/\/www.polyas.de\/blog\/de\/digital-news\/eu-datenschutzaenderung-unternehmen","og_locale":"de_DE","og_type":"article","og_title":"EU-Datenschutz\u00e4nderung: Darauf m\u00fcssen sich Unternehmen vorbereiten","og_description":"Welche Datenschutz\u00e4nderung kommen mit der EU-Grundverordnung auf die Unternehmen zu? Hier erfahren Sie, worauf Sie sich vorbereiten sollten.","og_url":"https:\/\/www.polyas.de\/blog\/de\/digital-news\/eu-datenschutzaenderung-unternehmen","og_site_name":"POLYAS","article_published_time":"2017-11-29T13:14:26+00:00","og_image":[{"width":860,"height":210,"url":"https:\/\/i0.wp.com\/www.polyas.de\/blog\/wp-content\/uploads\/2017\/11\/Datenschutzgrundverordnung-Bild.jpg?fit=860%2C210&ssl=1","type":"image\/jpeg"}],"author":"Peter Schraeder","twitter_card":"summary_large_image","twitter_misc":{"Verfasst von":"Peter Schraeder","Gesch\u00e4tzte Lesezeit":"2 Minuten"},"schema":{"@context":"https:\/\/schema.org","@graph":[{"@type":"WebPage","@id":"https:\/\/www.polyas.de\/blog\/de\/digital-news\/eu-datenschutzaenderung-unternehmen","url":"https:\/\/www.polyas.de\/blog\/de\/digital-news\/eu-datenschutzaenderung-unternehmen","name":"EU-Datenschutz\u00e4nderung: Darauf m\u00fcssen sich Unternehmen vorbereiten","isPartOf":{"@id":"https:\/\/www.polyas.de\/blog\/#website"},"datePublished":"2017-11-29T13:14:26+00:00","dateModified":"2017-11-29T13:14:26+00:00","author":{"@id":"https:\/\/www.polyas.de\/blog\/#\/schema\/person\/73c28ac950bd0b4d1a9d88ae887f0167"},"description":"Welche Datenschutz\u00e4nderung kommen mit der EU-Grundverordnung auf die Unternehmen zu? Hier erfahren Sie, worauf Sie sich vorbereiten sollten.","breadcrumb":{"@id":"https:\/\/www.polyas.de\/blog\/de\/digital-news\/eu-datenschutzaenderung-unternehmen#breadcrumb"},"inLanguage":"de-DE","potentialAction":[{"@type":"ReadAction","target":["https:\/\/www.polyas.de\/blog\/de\/digital-news\/eu-datenschutzaenderung-unternehmen"]}]},{"@type":"BreadcrumbList","@id":"https:\/\/www.polyas.de\/blog\/de\/digital-news\/eu-datenschutzaenderung-unternehmen#breadcrumb","itemListElement":[{"@type":"ListItem","position":1,"name":"Startseite","item":"https:\/\/www.polyas.de\/blog\/de"},{"@type":"ListItem","position":2,"name":"EU-Datenschutz\u00e4nderung: Darauf m\u00fcssen sich Unternehmen vorbereiten"}]},{"@type":"WebSite","@id":"https:\/\/www.polyas.de\/blog\/#website","url":"https:\/\/www.polyas.de\/blog\/","name":"POLYAS","description":"the blog for secure online voting","potentialAction":[{"@type":"SearchAction","target":{"@type":"EntryPoint","urlTemplate":"https:\/\/www.polyas.de\/blog\/?s={search_term_string}"},"query-input":"required name=search_term_string"}],"inLanguage":"de-DE"},{"@type":"Person","@id":"https:\/\/www.polyas.de\/blog\/#\/schema\/person\/73c28ac950bd0b4d1a9d88ae887f0167","name":"Peter Schraeder","image":{"@type":"ImageObject","inLanguage":"de-DE","@id":"https:\/\/www.polyas.de\/blog\/#\/schema\/person\/image\/","url":"https:\/\/secure.gravatar.com\/avatar\/4f9e48dcaa40fec909b27d8a9fab7beb?s=96&d=mm&r=g","contentUrl":"https:\/\/secure.gravatar.com\/avatar\/4f9e48dcaa40fec909b27d8a9fab7beb?s=96&d=mm&r=g","caption":"Peter Schraeder"},"url":"https:\/\/www.polyas.de\/blog\/author\/peter-schraeder"}]}},"jetpack_featured_media_url":"https:\/\/www.polyas.de\/blog\/wp-content\/uploads\/2017\/11\/Datenschutzgrundverordnung-Bild.jpg","jetpack_publicize_connections":[],"jetpack_shortlink":"https:\/\/wp.me\/p72Pnr-1z7","jetpack-related-posts":[{"id":6162,"url":"https:\/\/www.polyas.de\/blog\/de\/digital-news\/eu-datenschutz-buerger","url_meta":{"origin":6021,"position":0},"title":"EU-Datenschutz: Das \u00e4ndert die Grundverordnung 2018 f\u00fcr B\u00fcrger","date":"04\/01\/2018","format":false,"excerpt":"Weniger als ein halbes Jahr bleibt, dann tritt die EU-Datenschutz-Grundverordnung am 25. Mai in Kraft. Dadurch ergeben sich f\u00fcr EU-B\u00fcrger einige \u00c4nderungen: Sie sollen mehr Kontrolle \u00fcber die eigenen Daten bekommen. Grundverordnung beinhaltet \u201eRecht auf Vergessen\u201c F\u00fcr Unternehmen, Beh\u00f6rden und andere Organisationen, die personenbezogene Daten speichern, ist die neue Grundverordnung\u2026","rel":"","context":"In &quot;Digital News&quot;","img":{"alt_text":"Die EU-Datenschutz-Grundverordnung bringt einige Datenschutz\u00e4nderung f\u00fcr Nutzer und Unternehmen","src":"https:\/\/i0.wp.com\/www.polyas.de\/blog\/wp-content\/uploads\/2017\/11\/Datenschutzgrundverordnung-Bild.jpg?resize=350%2C200&ssl=1","width":350,"height":200},"classes":[]},{"id":5947,"url":"https:\/\/www.polyas.de\/blog\/de\/digital-news\/eu-datenschutz-grundverordnung","url_meta":{"origin":6021,"position":1},"title":"Das \u00e4ndert sich 2018 mit der EU-Datenschutz-Grundverordnung","date":"15\/11\/2017","format":false,"excerpt":"Es dauert nur noch ein halbes Jahr, dann tritt die neue EU-Datenschutz-Grundverordnung am 25. Mai 2018 in Kraft. Sie soll den Nutzern digitaler Angebote mehr Kontrolle \u00fcber ihre Daten erm\u00f6glichen. F\u00fcr Unternehmen und andere Organisationen bringt das einige \u00c4nderungen mit sich. Mehr Kontrolle \u00fcber Personendaten Vier Jahre hatte die EU\u2026","rel":"","context":"In &quot;Digital News&quot;","img":{"alt_text":"Die EU-Datenschutz-Grundverordnung bringt einige Datenschutz\u00e4nderung f\u00fcr Nutzer und Unternehmen","src":"https:\/\/i0.wp.com\/www.polyas.de\/blog\/wp-content\/uploads\/2017\/11\/Datenschutzgrundverordnung-Bild.jpg?resize=350%2C200&ssl=1","width":350,"height":200},"classes":[]},{"id":6520,"url":"https:\/\/www.polyas.de\/blog\/de\/allgemein-de\/personenbezogene-daten-schuetzen","url_meta":{"origin":6021,"position":2},"title":"Personenbezogene Daten und DSGVO: Mit POLYAS w\u00e4hlen Sie anonym","date":"11\/04\/2018","format":false,"excerpt":"Personenbezogene Daten zu sch\u00fctzen - das ist das Ziel der neuen EU-Datenschutzgrundverordnung (DSGVO). Am 25. Mai tritt sie in Kraft, und viele Unternehmen arbeiten immer noch an der Umsetzung. POLYAS ist jedoch vorbereitet \u2013 dank anonymisierter W\u00e4hlerverzeichnisse. Personenbezogene Daten: Weitergabe vermeiden Zwei Jahre hatte die EU Unternehmen, Vereinen und anderen\u2026","rel":"","context":"In &quot;\u00dcber POLYAS&quot;","img":{"alt_text":"POLYAS behandelt personenbezogene Daten gem\u00e4\u00df der DSGVO","src":"https:\/\/i0.wp.com\/www.polyas.de\/blog\/wp-content\/uploads\/2018\/04\/DSGVO-Polyas.jpg?resize=350%2C200&ssl=1","width":350,"height":200},"classes":[]},{"id":5840,"url":"https:\/\/www.polyas.de\/blog\/de\/veranstaltungen\/e-vote-id-2","url_meta":{"origin":6021,"position":3},"title":"E-Vote-ID:  POLYAS verbessert die \u00dcberpr\u00fcfbarkeit der Stimmabgabe","date":"20\/10\/2017","format":false,"excerpt":"POLYAS wird kommende Woche auf der E-Vote-ID eine neue Methode vorstellen, mit der nachvollziehbar wird, ob die abgegebene Stimme korrekt weitergeleitet wurde. Experten sprechen von der sogenannten Cast-as-intended-Verifizierbarkeit. Die E-Vote-ID: Eine Konferenz f\u00fcr Wahlexperten Neben den Wahlgrunds\u00e4tzen gibt es in Deutschland wie auch in vielen anderen L\u00e4ndern ein weiteres wichtiges\u2026","rel":"","context":"In &quot;Veranstaltungen&quot;","img":{"alt_text":"Die EU-Datenschutz-Grundverordnung bringt einige Datenschutz\u00e4nderung f\u00fcr Nutzer und Unternehmen","src":"https:\/\/i0.wp.com\/www.polyas.de\/blog\/wp-content\/uploads\/2017\/11\/Datenschutzgrundverordnung-Bild.jpg?resize=350%2C200&ssl=1","width":350,"height":200},"classes":[]},{"id":6607,"url":"https:\/\/www.polyas.de\/blog\/de\/digitale-demokratie\/dsgvo-datenschutz-nrw","url_meta":{"origin":6021,"position":4},"title":"Beispiel NRW: So wirkt sich die DSGVO auf den Landesdatenschutz aus","date":"09\/05\/2018","format":false,"excerpt":"Die neue Datenschutzgrundverordnung (DSGVO) der EU steht in den Startl\u00f6chern und wird auch die bestehenden Bundes- und Landesregelungen \u2013 wie etwa das Datenschutzgesetz NRW \u2013 beeinflussen. Doch was bedeutet das f\u00fcr die Online-Wahl in \u00f6ffentlichen Stellen? Wir haben uns die Rechtslage mal n\u00e4her angeschaut. Viele \u00f6ffentliche Stellen w\u00e4hlen bereits online\u2026","rel":"","context":"In &quot;Digitale Demokratie&quot;","img":{"alt_text":"POLYAS behandelt personenbezogene Daten gem\u00e4\u00df der DSGVO","src":"https:\/\/i0.wp.com\/www.polyas.de\/blog\/wp-content\/uploads\/2018\/04\/DSGVO-Polyas.jpg?resize=350%2C200&ssl=1","width":350,"height":200},"classes":[]},{"id":7627,"url":"https:\/\/www.polyas.de\/blog\/de\/allgemein-de\/datenschutz-an-hochschulen","url_meta":{"origin":6021,"position":5},"title":"So gew\u00e4hrleistet POLYAS den Datenschutz an Hochschulen","date":"14\/11\/2019","format":false,"excerpt":"Der Umgang mit personenbezogenen Daten an Hochschulen hat in Zeiten der Digitalisierung seine ganz eigenen Herausforderungen. Ein besonders sensibles Thema sind Hochschulwahlen, egal ob analog oder online. Wie POLYAS den Datenschutz an Hochschulen bei Online-Wahlen gew\u00e4hrleistet, erfahren Sie in diesem Beitrag. EU-Datenschutzgrundverordnung \u2013 auch f\u00fcr Unis Hochschulen sind Wissenschafts- und\u2026","rel":"","context":"In &quot;Digitale Demokratie&quot;","img":{"alt_text":"Online-Wahlen: Datenschutz an Hochschulen","src":"https:\/\/i0.wp.com\/www.polyas.de\/blog\/wp-content\/uploads\/2019\/11\/Datenschutz-an-Hochschulen.jpg?resize=350%2C200&ssl=1","width":350,"height":200},"classes":[]}],"_links":{"self":[{"href":"https:\/\/www.polyas.de\/blog\/wp-json\/wp\/v2\/posts\/6021"}],"collection":[{"href":"https:\/\/www.polyas.de\/blog\/wp-json\/wp\/v2\/posts"}],"about":[{"href":"https:\/\/www.polyas.de\/blog\/wp-json\/wp\/v2\/types\/post"}],"author":[{"embeddable":true,"href":"https:\/\/www.polyas.de\/blog\/wp-json\/wp\/v2\/users\/277"}],"replies":[{"embeddable":true,"href":"https:\/\/www.polyas.de\/blog\/wp-json\/wp\/v2\/comments?post=6021"}],"version-history":[{"count":3,"href":"https:\/\/www.polyas.de\/blog\/wp-json\/wp\/v2\/posts\/6021\/revisions"}],"predecessor-version":[{"id":6025,"href":"https:\/\/www.polyas.de\/blog\/wp-json\/wp\/v2\/posts\/6021\/revisions\/6025"}],"wp:featuredmedia":[{"embeddable":true,"href":"https:\/\/www.polyas.de\/blog\/wp-json\/wp\/v2\/media\/5948"}],"wp:attachment":[{"href":"https:\/\/www.polyas.de\/blog\/wp-json\/wp\/v2\/media?parent=6021"}],"wp:term":[{"taxonomy":"category","embeddable":true,"href":"https:\/\/www.polyas.de\/blog\/wp-json\/wp\/v2\/categories?post=6021"},{"taxonomy":"post_tag","embeddable":true,"href":"https:\/\/www.polyas.de\/blog\/wp-json\/wp\/v2\/tags?post=6021"}],"curies":[{"name":"wp","href":"https:\/\/api.w.org\/{rel}","templated":true}]}}