{"id":5927,"date":"2017-11-09T18:15:30","date_gmt":"2017-11-09T17:15:30","guid":{"rendered":"https:\/\/www.polyas.de\/blog\/?p=5927"},"modified":"2017-11-09T18:18:02","modified_gmt":"2017-11-09T17:18:02","slug":"dprg-digitale-wandel-nicht-ohne-polyas","status":"publish","type":"post","link":"https:\/\/www.polyas.de\/blog\/de\/veranstaltungen\/dprg-digitale-wandel-nicht-ohne-polyas","title":{"rendered":"DPRG: Der digitale Wandel \u2013 nicht ohne POLYAS"},"content":{"rendered":"<p>Die Deutsche Public Relations Gesellschaft &#8211; kurz DPRG &#8211; l\u00e4dt zum Startup Camp ein. POLYAS wird selbstverst\u00e4ndlich vor Ort sein und eine Pr\u00e4sentation \u00fcber Online-Wahlen halten.<\/p>\n<p><!--more--><\/p>\n<p>Die Digitalisierung erfasst alle Branchen. Die Kommunikationsbranche und die Medien sind da keine Ausnahme. Der Prozess der digitalen Transformation sorgt f\u00fcr Verunsicherung und bei Verlagsh\u00e4usern auch f\u00fcr Einbu\u00dfen. Die Digitalisierung l\u00e4sst sich jedoch nicht mehr umkehren, viel mehr sind die Verantwortlichen nun in der Pflicht einen Plan f\u00fcr die herausfordernde Phase der digitalen Transformation ausarbeiten.<\/p>\n<p>Ideen und L\u00f6sungen hierf\u00fcr bietet die f\u00fcr Startup-Szene. Deswegen veranstaltet die\u00a0die Landesgruppe Berlin\/Brandenburg der Deutschen Public Relations Gesellschaft ein DPRG Startup Camp zum Thema: &#8220;PR im Digitalen Wandel&#8221;. Die Veranstaltung findet am 13. November um 16 Uhr im Telefonica Basecamp in Berlin statt.<\/p>\n<p>Zehn deutsche Startups stellen dabei ihre L\u00f6sungen f\u00fcr den digitalen Wandel vor.\u00a0Auch POLYAS wird vor Ort sein und eine Pr\u00e4sentation halten.<\/p>\n<h3>DPRG: Erst Pr\u00e4sentation, dann Speeddating<\/h3>\n<p>Anna-Maria Palzkill,\u00a0Head of Marketing and Sales von POLYAS, wird in ihrer Pr\u00e4sentation \u00fcber den Trend zur Fernwahl bei der Bundestagswahl sprechen und dar\u00fcber, wie Online-Wahlen eine ernstzunehmende Alternative zur Briefwahl sind. Dar\u00fcber hinaus stellt sie das POLYAS Wahlsystem f\u00fcr Online-Wahlen vor. Der Vortrag wird zehn Minuten dauern, danach haben die Zuschauer f\u00fcnf Minuten Zeit ihre Fragen zu stellen.<\/p>\n<p><a href=\"https:\/\/www.polyas.de\/online-wahlen\/so-funktionierts\" target=\"_blank\">Erfahren Sie mehr \u00fcber die Funktionsweise des Online-Wahlsystems von POLYAS<\/a><\/p>\n<p>Nachdem alle zehn Startups ihre\u00a0Pr\u00e4sentationen gehalten haben, k\u00f6nnen die G\u00e4ste an einer \u201eSpeeddating-Runde\u201c teilnehmen. Hierbei k\u00f6nnen Interessierte und Vertreter der jeweiligen Unternehmen\u00a0sich in einmin\u00fctigen Gespr\u00e4chen besser kennenlernen.<\/p>\n<p><a href=\"https:\/\/eventtool.outline.de\/dprg\/events\/dprg-startup-camp-pr-im-digitalen-wandel\/?platform=hootsuite\" target=\"_blank\">Unter diesem\u00a0Link\u00a0k\u00f6nnen Sie sich anmelden.<\/a> Wir w\u00fcrden uns freuen, Sie beim Startup Camp anzutreffen und mit Ihnen ins Gespr\u00e4ch zu kommen.<\/p>\n<h3>Die Veranstaltungsdaten im \u00dcberblick:<\/h3>\n<p>Die Landesgruppe Berlin\/Brandenburg der DPRG l\u00e4dt ein:<\/p>\n<p><strong>&#8220;PR im Digitalen Wandel&#8221;<\/strong><\/p>\n<p><strong>13.11. um 16 Uhr, Einlass ab 15:30 Uhr<\/strong><\/p>\n<p><strong>Basecamp Telefonica Mittelstra\u00dfe 51-53, 10117 Berlin<\/strong><\/p>\n<p style=\"text-align: center;\"><strong>\u00a0Bereits mehr als 500 Kunden f\u00fchren Ihre Wahlen rechtssicher und einfach mit POLYAS durch. \u00dcberzeugen auch Sie sich von der Online-Wahlsoftware!<\/strong><\/p>\n<p style=\"text-align: center;\"><a href=\"https:\/\/configurator.polyas.com\/#!\/register?lang=de&amp;country=DE\" target=\"_blank\"><img data-attachment-id=\"5656\" data-permalink=\"https:\/\/www.polyas.de\/blog\/de\/online-wahlen\/norwegen-parlamentswahl\/attachment\/banner-blog\" data-orig-file=\"https:\/\/www.polyas.de\/blog\/wp-content\/uploads\/2017\/09\/Banner-Blog.jpg\" data-orig-size=\"860,100\" data-comments-opened=\"1\" data-image-meta=\"{&quot;aperture&quot;:&quot;0&quot;,&quot;credit&quot;:&quot;&quot;,&quot;camera&quot;:&quot;&quot;,&quot;caption&quot;:&quot;&quot;,&quot;created_timestamp&quot;:&quot;0&quot;,&quot;copyright&quot;:&quot;&quot;,&quot;focal_length&quot;:&quot;0&quot;,&quot;iso&quot;:&quot;0&quot;,&quot;shutter_speed&quot;:&quot;0&quot;,&quot;title&quot;:&quot;&quot;,&quot;orientation&quot;:&quot;0&quot;}\" data-image-title=\"Online-Wahl kostenlos testen\" data-image-description=\"\" data-image-caption=\"\" data-medium-file=\"https:\/\/www.polyas.de\/blog\/wp-content\/uploads\/2017\/09\/Banner-Blog-300x35.jpg\" data-large-file=\"https:\/\/www.polyas.de\/blog\/wp-content\/uploads\/2017\/09\/Banner-Blog.jpg\" loading=\"lazy\" class=\"aligncenter wp-image-5656 size-full\" src=\"https:\/\/www.polyas.de\/blog\/wp-content\/uploads\/2017\/09\/Banner-Blog.jpg\" alt=\"Testen Sie die Online-Wahl jetzt kostenlos\" width=\"860\" height=\"100\" srcset=\"https:\/\/www.polyas.de\/blog\/wp-content\/uploads\/2017\/09\/Banner-Blog.jpg 860w, https:\/\/www.polyas.de\/blog\/wp-content\/uploads\/2017\/09\/Banner-Blog-300x35.jpg 300w, https:\/\/www.polyas.de\/blog\/wp-content\/uploads\/2017\/09\/Banner-Blog-768x89.jpg 768w, https:\/\/www.polyas.de\/blog\/wp-content\/uploads\/2017\/09\/Banner-Blog-500x58.jpg 500w\" sizes=\"(max-width: 860px) 100vw, 860px\" \/><\/a><\/p>\n","protected":false},"excerpt":{"rendered":"<p>Die Deutsche Public Relations Gesellschaft &#8211; kurz DPRG &#8211; l\u00e4dt zum Startup Camp ein. POLYAS wird selbstverst\u00e4ndlich vor Ort sein und eine Pr\u00e4sentation \u00fcber Online-Wahlen halten.<\/p>\n","protected":false},"author":267,"featured_media":5800,"comment_status":"open","ping_status":"open","sticky":false,"template":"","format":"standard","meta":{"_eb_attr":"","ub_ctt_via":"","spay_email":"","jetpack_publicize_message":"","jetpack_is_tweetstorm":false,"jetpack_publicize_feature_enabled":true},"categories":[7],"tags":[764,349,94],"featured_image_src":"https:\/\/www.polyas.de\/blog\/wp-content\/uploads\/2017\/10\/Polyas_News.jpg","author_info":{"display_name":"Laila Oudray","author_link":"https:\/\/www.polyas.de\/blog\/author\/l-oudray"},"yoast_head":"<!-- This site is optimized with the Yoast SEO plugin v19.9 - https:\/\/yoast.com\/wordpress\/plugins\/seo\/ -->\n<title>DPRG Startup Camp: Der digitale Wandel \u2013 nicht ohne Polyas<\/title>\n<meta name=\"description\" content=\"Die DPRG l\u00e4dt zur Veranstaltung &quot;PR im Digitalen Wandel&quot; ein. Polyas wird vor Ort sein und eine Pr\u00e4sentation halten. Lesen Sie mehr \u00fcber die Veranstaltung!\" \/>\n<meta name=\"robots\" content=\"index, follow, max-snippet:-1, max-image-preview:large, max-video-preview:-1\" \/>\n<link rel=\"canonical\" href=\"https:\/\/www.polyas.de\/blog\/de\/veranstaltungen\/dprg-digitale-wandel-nicht-ohne-polyas\" \/>\n<meta property=\"og:locale\" content=\"de_DE\" \/>\n<meta property=\"og:type\" content=\"article\" \/>\n<meta property=\"og:title\" content=\"DPRG Startup Camp: Der digitale Wandel \u2013 nicht ohne Polyas\" \/>\n<meta property=\"og:description\" content=\"Die DPRG l\u00e4dt zur Veranstaltung &quot;PR im Digitalen Wandel&quot; ein. Polyas wird vor Ort sein und eine Pr\u00e4sentation halten. Lesen Sie mehr \u00fcber die Veranstaltung!\" \/>\n<meta property=\"og:url\" content=\"https:\/\/www.polyas.de\/blog\/de\/veranstaltungen\/dprg-digitale-wandel-nicht-ohne-polyas\" \/>\n<meta property=\"og:site_name\" content=\"POLYAS\" \/>\n<meta property=\"article:published_time\" content=\"2017-11-09T17:15:30+00:00\" \/>\n<meta property=\"article:modified_time\" content=\"2017-11-09T17:18:02+00:00\" \/>\n<meta property=\"og:image\" content=\"https:\/\/i0.wp.com\/www.polyas.de\/blog\/wp-content\/uploads\/2017\/10\/Polyas_News.jpg?fit=860%2C210&ssl=1\" \/>\n\t<meta property=\"og:image:width\" content=\"860\" \/>\n\t<meta property=\"og:image:height\" content=\"210\" \/>\n\t<meta property=\"og:image:type\" content=\"image\/jpeg\" \/>\n<meta name=\"author\" content=\"Laila Oudray\" \/>\n<meta name=\"twitter:card\" content=\"summary_large_image\" \/>\n<meta name=\"twitter:label1\" content=\"Verfasst von\" \/>\n\t<meta name=\"twitter:data1\" content=\"Laila Oudray\" \/>\n\t<meta name=\"twitter:label2\" content=\"Gesch\u00e4tzte Lesezeit\" \/>\n\t<meta name=\"twitter:data2\" content=\"2 Minuten\" \/>\n<script type=\"application\/ld+json\" class=\"yoast-schema-graph\">{\"@context\":\"https:\/\/schema.org\",\"@graph\":[{\"@type\":\"WebPage\",\"@id\":\"https:\/\/www.polyas.de\/blog\/de\/veranstaltungen\/dprg-digitale-wandel-nicht-ohne-polyas\",\"url\":\"https:\/\/www.polyas.de\/blog\/de\/veranstaltungen\/dprg-digitale-wandel-nicht-ohne-polyas\",\"name\":\"DPRG Startup Camp: Der digitale Wandel \u2013 nicht ohne Polyas\",\"isPartOf\":{\"@id\":\"https:\/\/www.polyas.de\/blog\/#website\"},\"datePublished\":\"2017-11-09T17:15:30+00:00\",\"dateModified\":\"2017-11-09T17:18:02+00:00\",\"author\":{\"@id\":\"https:\/\/www.polyas.de\/blog\/#\/schema\/person\/3a108e5248b3998c0219f9ff4406ba8a\"},\"description\":\"Die DPRG l\u00e4dt zur Veranstaltung \\\"PR im Digitalen Wandel\\\" ein. Polyas wird vor Ort sein und eine Pr\u00e4sentation halten. Lesen Sie mehr \u00fcber die Veranstaltung!\",\"breadcrumb\":{\"@id\":\"https:\/\/www.polyas.de\/blog\/de\/veranstaltungen\/dprg-digitale-wandel-nicht-ohne-polyas#breadcrumb\"},\"inLanguage\":\"de-DE\",\"potentialAction\":[{\"@type\":\"ReadAction\",\"target\":[\"https:\/\/www.polyas.de\/blog\/de\/veranstaltungen\/dprg-digitale-wandel-nicht-ohne-polyas\"]}]},{\"@type\":\"BreadcrumbList\",\"@id\":\"https:\/\/www.polyas.de\/blog\/de\/veranstaltungen\/dprg-digitale-wandel-nicht-ohne-polyas#breadcrumb\",\"itemListElement\":[{\"@type\":\"ListItem\",\"position\":1,\"name\":\"Startseite\",\"item\":\"https:\/\/www.polyas.de\/blog\/de\"},{\"@type\":\"ListItem\",\"position\":2,\"name\":\"DPRG: Der digitale Wandel \u2013 nicht ohne POLYAS\"}]},{\"@type\":\"WebSite\",\"@id\":\"https:\/\/www.polyas.de\/blog\/#website\",\"url\":\"https:\/\/www.polyas.de\/blog\/\",\"name\":\"POLYAS\",\"description\":\"the blog for secure online voting\",\"potentialAction\":[{\"@type\":\"SearchAction\",\"target\":{\"@type\":\"EntryPoint\",\"urlTemplate\":\"https:\/\/www.polyas.de\/blog\/?s={search_term_string}\"},\"query-input\":\"required name=search_term_string\"}],\"inLanguage\":\"de-DE\"},{\"@type\":\"Person\",\"@id\":\"https:\/\/www.polyas.de\/blog\/#\/schema\/person\/3a108e5248b3998c0219f9ff4406ba8a\",\"name\":\"Laila Oudray\",\"image\":{\"@type\":\"ImageObject\",\"inLanguage\":\"de-DE\",\"@id\":\"https:\/\/www.polyas.de\/blog\/#\/schema\/person\/image\/\",\"url\":\"https:\/\/secure.gravatar.com\/avatar\/494f68c63930bd25d02b8df8a6dbded8?s=96&d=mm&r=g\",\"contentUrl\":\"https:\/\/secure.gravatar.com\/avatar\/494f68c63930bd25d02b8df8a6dbded8?s=96&d=mm&r=g\",\"caption\":\"Laila Oudray\"},\"description\":\"Um die Welt zu gestalten und zu verbessern, ben\u00f6tigt man Informationen. Ich habe es mir zur Aufgabe gemacht, diese Informationen zu recherchieren und hoffentlich unterhaltsam aufzubereiten. Wenn ich nicht gerade das World Wide Web f\u00fcr die interessantesten Themen durchforste, lebe ich meine musikalische Seite aus und singe (wie man mir sagt, auch gar nicht so schlecht). Seit April arbeite ich bei Polyas. Hier bin ich f\u00fcr die Pressearbeit zust\u00e4ndig und schreibe Blogartikel.\",\"sameAs\":[\"http:\/\/www.polyas.de\"],\"url\":\"https:\/\/www.polyas.de\/blog\/author\/l-oudray\"}]}<\/script>\n<!-- \/ Yoast SEO plugin. -->","yoast_head_json":{"title":"DPRG Startup Camp: Der digitale Wandel \u2013 nicht ohne Polyas","description":"Die DPRG l\u00e4dt zur Veranstaltung \"PR im Digitalen Wandel\" ein. Polyas wird vor Ort sein und eine Pr\u00e4sentation halten. Lesen Sie mehr \u00fcber die Veranstaltung!","robots":{"index":"index","follow":"follow","max-snippet":"max-snippet:-1","max-image-preview":"max-image-preview:large","max-video-preview":"max-video-preview:-1"},"canonical":"https:\/\/www.polyas.de\/blog\/de\/veranstaltungen\/dprg-digitale-wandel-nicht-ohne-polyas","og_locale":"de_DE","og_type":"article","og_title":"DPRG Startup Camp: Der digitale Wandel \u2013 nicht ohne Polyas","og_description":"Die DPRG l\u00e4dt zur Veranstaltung \"PR im Digitalen Wandel\" ein. Polyas wird vor Ort sein und eine Pr\u00e4sentation halten. Lesen Sie mehr \u00fcber die Veranstaltung!","og_url":"https:\/\/www.polyas.de\/blog\/de\/veranstaltungen\/dprg-digitale-wandel-nicht-ohne-polyas","og_site_name":"POLYAS","article_published_time":"2017-11-09T17:15:30+00:00","article_modified_time":"2017-11-09T17:18:02+00:00","og_image":[{"width":860,"height":210,"url":"https:\/\/i0.wp.com\/www.polyas.de\/blog\/wp-content\/uploads\/2017\/10\/Polyas_News.jpg?fit=860%2C210&ssl=1","type":"image\/jpeg"}],"author":"Laila Oudray","twitter_card":"summary_large_image","twitter_misc":{"Verfasst von":"Laila Oudray","Gesch\u00e4tzte Lesezeit":"2 Minuten"},"schema":{"@context":"https:\/\/schema.org","@graph":[{"@type":"WebPage","@id":"https:\/\/www.polyas.de\/blog\/de\/veranstaltungen\/dprg-digitale-wandel-nicht-ohne-polyas","url":"https:\/\/www.polyas.de\/blog\/de\/veranstaltungen\/dprg-digitale-wandel-nicht-ohne-polyas","name":"DPRG Startup Camp: Der digitale Wandel \u2013 nicht ohne Polyas","isPartOf":{"@id":"https:\/\/www.polyas.de\/blog\/#website"},"datePublished":"2017-11-09T17:15:30+00:00","dateModified":"2017-11-09T17:18:02+00:00","author":{"@id":"https:\/\/www.polyas.de\/blog\/#\/schema\/person\/3a108e5248b3998c0219f9ff4406ba8a"},"description":"Die DPRG l\u00e4dt zur Veranstaltung \"PR im Digitalen Wandel\" ein. Polyas wird vor Ort sein und eine Pr\u00e4sentation halten. Lesen Sie mehr \u00fcber die Veranstaltung!","breadcrumb":{"@id":"https:\/\/www.polyas.de\/blog\/de\/veranstaltungen\/dprg-digitale-wandel-nicht-ohne-polyas#breadcrumb"},"inLanguage":"de-DE","potentialAction":[{"@type":"ReadAction","target":["https:\/\/www.polyas.de\/blog\/de\/veranstaltungen\/dprg-digitale-wandel-nicht-ohne-polyas"]}]},{"@type":"BreadcrumbList","@id":"https:\/\/www.polyas.de\/blog\/de\/veranstaltungen\/dprg-digitale-wandel-nicht-ohne-polyas#breadcrumb","itemListElement":[{"@type":"ListItem","position":1,"name":"Startseite","item":"https:\/\/www.polyas.de\/blog\/de"},{"@type":"ListItem","position":2,"name":"DPRG: Der digitale Wandel \u2013 nicht ohne POLYAS"}]},{"@type":"WebSite","@id":"https:\/\/www.polyas.de\/blog\/#website","url":"https:\/\/www.polyas.de\/blog\/","name":"POLYAS","description":"the blog for secure online voting","potentialAction":[{"@type":"SearchAction","target":{"@type":"EntryPoint","urlTemplate":"https:\/\/www.polyas.de\/blog\/?s={search_term_string}"},"query-input":"required name=search_term_string"}],"inLanguage":"de-DE"},{"@type":"Person","@id":"https:\/\/www.polyas.de\/blog\/#\/schema\/person\/3a108e5248b3998c0219f9ff4406ba8a","name":"Laila Oudray","image":{"@type":"ImageObject","inLanguage":"de-DE","@id":"https:\/\/www.polyas.de\/blog\/#\/schema\/person\/image\/","url":"https:\/\/secure.gravatar.com\/avatar\/494f68c63930bd25d02b8df8a6dbded8?s=96&d=mm&r=g","contentUrl":"https:\/\/secure.gravatar.com\/avatar\/494f68c63930bd25d02b8df8a6dbded8?s=96&d=mm&r=g","caption":"Laila Oudray"},"description":"Um die Welt zu gestalten und zu verbessern, ben\u00f6tigt man Informationen. Ich habe es mir zur Aufgabe gemacht, diese Informationen zu recherchieren und hoffentlich unterhaltsam aufzubereiten. Wenn ich nicht gerade das World Wide Web f\u00fcr die interessantesten Themen durchforste, lebe ich meine musikalische Seite aus und singe (wie man mir sagt, auch gar nicht so schlecht). Seit April arbeite ich bei Polyas. Hier bin ich f\u00fcr die Pressearbeit zust\u00e4ndig und schreibe Blogartikel.","sameAs":["http:\/\/www.polyas.de"],"url":"https:\/\/www.polyas.de\/blog\/author\/l-oudray"}]}},"jetpack_featured_media_url":"https:\/\/www.polyas.de\/blog\/wp-content\/uploads\/2017\/10\/Polyas_News.jpg","jetpack_publicize_connections":[],"jetpack_shortlink":"https:\/\/wp.me\/p72Pnr-1xB","jetpack-related-posts":[{"id":3246,"url":"https:\/\/www.polyas.de\/blog\/de\/digital-news\/berlin-startup-szene-metropole","url_meta":{"origin":5927,"position":0},"title":"Startup-Szene in Berlin: Ist das das neue Silicon Valley?","date":"24\/08\/2016","format":false,"excerpt":"Was haben Lieferheld, Soundcloud und DaWanda\u00a0gemeinsam? Sie wurden alle in Berlin gegr\u00fcndet. Berlin ist die Startup-Metropole Deutschlands. 2015 gab es insgesamt 620 solcher Unternehmen in Berlin. Besch\u00e4ftigt waren dort 13.200 Mitarbeiter. Damit hat sich die Zahl der Besch\u00e4ftigten innerhalb von drei Jahren verdoppelt. W\u00fcrde die Szene\u00a0in diesem Tempo weiter wachsen,\u2026","rel":"","context":"In &quot;Digital News&quot;","img":{"alt_text":"Startup Valley Berlin? Wie steht es um Berlins Startup-Szene","src":"https:\/\/i0.wp.com\/www.polyas.de\/blog\/wp-content\/uploads\/2016\/08\/Startup_Berlin.jpg?resize=350%2C200&ssl=1","width":350,"height":200},"classes":[]},{"id":6372,"url":"https:\/\/www.polyas.de\/blog\/de\/digital-news\/digitalisierung-vergleich-bundeslaender","url_meta":{"origin":5927,"position":1},"title":"Digitalisierung: 16 Wege in die Zukunft &#8211; Digitalvergleich der Bundesl\u00e4nder","date":"28\/02\/2018","format":false,"excerpt":"Ob Bundestag, Landtag, Senat oder B\u00fcrgermeister: Alle reden von der Digitalisierung, wie wichtig sie sei und dass man sie \u201evorantreiben\u201c m\u00fcsse. Aber was hei\u00dft das eigentlich genau? Wir haben uns die Digitalagenda der einzelnen Bundesl\u00e4nder mal genauer angesehen. Digitalisierung hat viele Gesichter Eines haben alle Bundesl\u00e4nder, bis auf die Stadtstaaten,\u2026","rel":"","context":"In &quot;Digital News&quot;","img":{"alt_text":"","src":"https:\/\/i0.wp.com\/www.polyas.de\/blog\/wp-content\/uploads\/2018\/02\/Digitalisierung-in-den-Bundeslaendern.jpg?resize=350%2C200&ssl=1","width":350,"height":200},"classes":[]},{"id":5692,"url":"https:\/\/www.polyas.de\/blog\/de\/digital-news\/digitalprogramm-industrie-4-0","url_meta":{"origin":5927,"position":2},"title":"Digitalprogramm der Parteien zur Bundestagswahl: Industrie 4.0","date":"21\/09\/2017","format":false,"excerpt":"Industrie 4.0 ist das Schlagwort der Stunde, wenn es um die Zukunft der Arbeitswelt geht. Die Parteien sind bei diesem Thema gespalten: Die einen sehen vor allem die digitalen M\u00f6glichkeiten, die anderen bef\u00fcrchten, dass uns Roboter und Algorithmen die Arbeit wegnehmen. Welche Pl\u00e4ne haben die Parteien f\u00fcr die Zukunft? Keine\u2026","rel":"","context":"In &quot;Digital News&quot;","img":{"alt_text":"Digitale Schwerpunkte in Bundestagswahlprogrammen","src":"https:\/\/i0.wp.com\/www.polyas.de\/blog\/wp-content\/uploads\/2017\/08\/Digitale-Schwerpunkt-Bundestagswahl-Programm.jpg?resize=350%2C200&ssl=1","width":350,"height":200},"classes":[]},{"id":2931,"url":"https:\/\/www.polyas.de\/blog\/de\/veranstaltungen\/youngrestless-podiumsdiskussion-polyas","url_meta":{"origin":5927,"position":3},"title":"young + restless: POLYAS ist dabei","date":"16\/06\/2016","format":false,"excerpt":"\u201eAlte Sa\u0308cke Politik\u201c \u2013 so lautet das Motto bei \u201eyoung +\u00a0restless\u201c am 16.06.2016. Neben hochkara\u0308tigen Ga\u0308sten wie Tilo Jung und Wolfgang Gru\u0308ndiger ist auch POLYAS dabei. POLYAS auf der young +\u00a0restless B\u00fchne - wenn auch nur kurz Die Politik steht vor der gro\u00dfen Herausforderung in einer digitalisierten und hochkomplexen Welt\u2026","rel":"","context":"In &quot;Veranstaltungen&quot;","img":{"alt_text":"young + restless mit Polyas","src":"https:\/\/i0.wp.com\/www.polyas.de\/blog\/wp-content\/uploads\/2016\/06\/youngrestless_Polyas.jpg?resize=350%2C200&ssl=1","width":350,"height":200},"classes":[]},{"id":3496,"url":"https:\/\/www.polyas.de\/blog\/de\/veranstaltungen\/mitbestimmung-konferenz-polyas","url_meta":{"origin":5927,"position":4},"title":"&#8220;Mitbestimmung 4.0&#8221;? Nat\u00fcrlich mit POLYAS","date":"19\/10\/2016","format":false,"excerpt":"Das Institut fu\u0308r Betriebsratsberatung, CAIDAO, veranstaltet am Montag, den 24.10.2016 eine Konferenz zum Thema \"Mitbestimmung 4.0 - den digitalen Wandel proaktiv gestalten\u201c. POLYAS ist\u00a0mit einem Stand vor Ort vertreten und stellt sich vor. Man ist geneigt zu sagen: Selbstversta\u0308ndlich. Bei einer Konferenz u\u0308ber die Mitbestimmung im digitalen Zeitalter, muss POLYAS\u2026","rel":"","context":"In &quot;Veranstaltungen&quot;","img":{"alt_text":"","src":"https:\/\/i0.wp.com\/www.polyas.de\/blog\/wp-content\/uploads\/2016\/10\/konferenz_polyas.jpg?resize=350%2C200&ssl=1","width":350,"height":200},"classes":[]},{"id":9733,"url":"https:\/\/www.polyas.de\/blog\/de\/digital-news\/demokratietag-digitale-demokratie","url_meta":{"origin":5927,"position":5},"title":"Demokratietag: POLYAS und die digitale Demokratie","date":"14\/09\/2021","format":false,"excerpt":"Morgen ist ein wichtiger Tag: Der 15. September ist Internationale Tag der Demokratie. Er wurde vor 14 Jahren von den Vereinten Nationen ins Leben gerufen und soll dazu dienen, regelm\u00e4\u00dfig einen Blick auf den Stand der Demokratie in unserer Welt zu werfen. Die Ziele dieses Tages sind die F\u00f6rderung und\u2026","rel":"","context":"In &quot;Digital News&quot;","img":{"alt_text":"Internationaler Demokratietag: POLYAS und die digitale Demokratie","src":"https:\/\/i0.wp.com\/www.polyas.de\/blog\/wp-content\/uploads\/2021\/09\/Internationaler_Demokratietag_POLYAS.png?resize=350%2C200&ssl=1","width":350,"height":200},"classes":[]}],"_links":{"self":[{"href":"https:\/\/www.polyas.de\/blog\/wp-json\/wp\/v2\/posts\/5927"}],"collection":[{"href":"https:\/\/www.polyas.de\/blog\/wp-json\/wp\/v2\/posts"}],"about":[{"href":"https:\/\/www.polyas.de\/blog\/wp-json\/wp\/v2\/types\/post"}],"author":[{"embeddable":true,"href":"https:\/\/www.polyas.de\/blog\/wp-json\/wp\/v2\/users\/267"}],"replies":[{"embeddable":true,"href":"https:\/\/www.polyas.de\/blog\/wp-json\/wp\/v2\/comments?post=5927"}],"version-history":[{"count":9,"href":"https:\/\/www.polyas.de\/blog\/wp-json\/wp\/v2\/posts\/5927\/revisions"}],"predecessor-version":[{"id":6433,"href":"https:\/\/www.polyas.de\/blog\/wp-json\/wp\/v2\/posts\/5927\/revisions\/6433"}],"wp:featuredmedia":[{"embeddable":true,"href":"https:\/\/www.polyas.de\/blog\/wp-json\/wp\/v2\/media\/5800"}],"wp:attachment":[{"href":"https:\/\/www.polyas.de\/blog\/wp-json\/wp\/v2\/media?parent=5927"}],"wp:term":[{"taxonomy":"category","embeddable":true,"href":"https:\/\/www.polyas.de\/blog\/wp-json\/wp\/v2\/categories?post=5927"},{"taxonomy":"post_tag","embeddable":true,"href":"https:\/\/www.polyas.de\/blog\/wp-json\/wp\/v2\/tags?post=5927"}],"curies":[{"name":"wp","href":"https:\/\/api.w.org\/{rel}","templated":true}]}}