{"id":5733,"date":"2017-09-26T16:25:25","date_gmt":"2017-09-26T14:25:25","guid":{"rendered":"https:\/\/www.polyas.de\/blog\/?p=5733"},"modified":"2017-09-26T16:26:09","modified_gmt":"2017-09-26T14:26:09","slug":"wahlnews-kurden-unabhaengigkeit","status":"publish","type":"post","link":"https:\/\/www.polyas.de\/blog\/de\/online-wahlen\/wahlnews-kurden-unabhaengigkeit","title":{"rendered":"Wahlnews: Iraks Kurden stimmen f\u00fcr die Unabh\u00e4ngigkeit"},"content":{"rendered":"<p>Am gestrigen Montag fand im Norden des Iraks ein umstrittenes Referendum statt, die wahlberechtigten Kurden sollten \u00fcber die Unabh\u00e4ngigkeit der kurdischen Region abstimmen.\u00a0Nach der ersten Ausz\u00e4hlung zeichnet sich eine \u00fcberw\u00e4ltigende Mehrheit daf\u00fcr ab. Das sorgt f\u00fcr Spannungen in der Region. Alle Informationen dazu in unseren<strong> #WahlNews.<\/strong><\/p>\n<p><!--more--><\/p>\n<p>Nach ersten Ausz\u00e4hlungen haben mehr als 90\u00a0Prozent der W\u00e4hler f\u00fcr die Unabh\u00e4ngigkeit gestimmt. Das endg\u00fcltige Ergebnis soll in den n\u00e4chsten Tagen mitgeteilt werden. Wahlberechtigt waren etwa 5,3 Millionen Menschen. Die Wahlbeteiligung lag bei etwa 72 Prozent. Obwohl das Ergebnis rechtlich nicht bindend ist, wurde im Nordirak gefeiert. Gleichzeitig w\u00e4chst die Sorge vor Spannungen.<\/p>\n<h3>Internationale Kritik am Referendum<\/h3>\n<p>Mit der Freude \u00fcber den Ausgang sind die Kurden im Nordirak alleine. Scharfe Kritik\u00a0am Referendum kam unter anderem von der irakischen Zentralregierung. Iraks Ministerpr\u00e4sident Haidar al-Abadi hat angek\u00fcndigt, das kurdische Unabh\u00e4ngigkeitsreferendum nicht anerkennen zu wollen.\u00a0Auch im Nachbarland T\u00fcrkei wurde das Referendum verurteilt. Staatspr\u00e4sident Recep Tayyip Erdogan\u00a0drohte mit der Schlie\u00dfung einer \u00d6lpipeline aus dem Nordirak und einer milit\u00e4rischen Intervention. Gemeinsam mit der irakischen Armee f\u00fchrte die T\u00fcrkei nach Schlie\u00dfung der Wahllokale eine Milit\u00e4r\u00fcbung an der Grenze durch. Der Iran hat sich ebenfalls ablehnend ge\u00e4u\u00dfert. Es wird angenommen, dass die T\u00fcrkei und der Iran sich um die Auswirkungen des Referendums auf die kurdische Minderheit in ihren\u00a0L\u00e4ndern sorgen.<\/p>\n<p>Doch nicht nur die Nachbarl\u00e4nder kritisieren das Referendum. Die USA f\u00fcrchtet eine Gef\u00e4hrdung des gemeinsamen Kampfes gegen den sogenannten &#8220;Islamischen Staat&#8221;. Uno-Generalsekret\u00e4r Ant\u00f3nio Guterres zeigte sich um die Stabilit\u00e4t der Region besorgt.<\/p>\n<h3>Kurden stimmen ab: Der Ton wird rauer<\/h3>\n<p>Der kurdische Pr\u00e4sident,\u00a0Massud Barsani, reagierte emp\u00f6rt auf die Kritik aus dem In- und Ausland und verteidigte die Abstimmung. Zus\u00e4tzlich erkl\u00e4rt er, dass die Partnerschaft mit Bagdad gescheitert sei. Gegen\u00fcber der T\u00fcrkei und dem Iran garantierte er, sich f\u00fcr die Stabilit\u00e4t der Region einsetzen zu wollen. Inwieweit\u00a0ihm das gelingen kann und wie die Zukunft eines unabh\u00e4ngigen Kurdistans aussieht, wird sich zeigen.<\/p>\n<p><strong>Bereits mehr als 500 Kunden f\u00fchren Ihre Wahlen rechtssicher und einfach mit POLYAS durch und profitieren vom effizienten Wahlmanagement. \u00dcberzeugen auch Sie sich von der sicheren Online-Wahlsoftware von POLYAS!<\/strong><\/p>\n<p><a href=\"https:\/\/configurator.polyas.com\/#!\/register?lang=de&amp;country=DE\" target=\"_blank\"><img data-attachment-id=\"5656\" data-permalink=\"https:\/\/www.polyas.de\/blog\/de\/online-wahlen\/norwegen-parlamentswahl\/attachment\/banner-blog\" data-orig-file=\"https:\/\/www.polyas.de\/blog\/wp-content\/uploads\/2017\/09\/Banner-Blog.jpg\" data-orig-size=\"860,100\" data-comments-opened=\"1\" data-image-meta=\"{&quot;aperture&quot;:&quot;0&quot;,&quot;credit&quot;:&quot;&quot;,&quot;camera&quot;:&quot;&quot;,&quot;caption&quot;:&quot;&quot;,&quot;created_timestamp&quot;:&quot;0&quot;,&quot;copyright&quot;:&quot;&quot;,&quot;focal_length&quot;:&quot;0&quot;,&quot;iso&quot;:&quot;0&quot;,&quot;shutter_speed&quot;:&quot;0&quot;,&quot;title&quot;:&quot;&quot;,&quot;orientation&quot;:&quot;0&quot;}\" data-image-title=\"Online-Wahl kostenlos testen\" data-image-description=\"\" data-image-caption=\"\" data-medium-file=\"https:\/\/www.polyas.de\/blog\/wp-content\/uploads\/2017\/09\/Banner-Blog-300x35.jpg\" data-large-file=\"https:\/\/www.polyas.de\/blog\/wp-content\/uploads\/2017\/09\/Banner-Blog.jpg\" loading=\"lazy\" class=\"aligncenter wp-image-5656 size-full\" src=\"https:\/\/i2.wp.com\/www.polyas.de\/blog\/wp-content\/uploads\/2017\/09\/Banner-Blog.jpg?resize=770%2C90&amp;ssl=1\" sizes=\"(max-width: 770px) 100vw, 770px\" srcset=\"https:\/\/i2.wp.com\/www.polyas.de\/blog\/wp-content\/uploads\/2017\/09\/Banner-Blog.jpg?w=860&amp;ssl=1 860w, https:\/\/i2.wp.com\/www.polyas.de\/blog\/wp-content\/uploads\/2017\/09\/Banner-Blog.jpg?resize=300%2C35&amp;ssl=1 300w, https:\/\/i2.wp.com\/www.polyas.de\/blog\/wp-content\/uploads\/2017\/09\/Banner-Blog.jpg?resize=768%2C89&amp;ssl=1 768w, https:\/\/i2.wp.com\/www.polyas.de\/blog\/wp-content\/uploads\/2017\/09\/Banner-Blog.jpg?resize=500%2C58&amp;ssl=1 500w\" alt=\"Testen Sie die Online-Wahl jetzt kostenlos\" width=\"580\" height=\"67\" \/><\/a><\/p>\n","protected":false},"excerpt":{"rendered":"<p>Am gestrigen Montag fand im Norden des Iraks ein umstrittenes Referendum statt, die wahlberechtigten Kurden sollten \u00fcber die Unabh\u00e4ngigkeit der kurdischen Region abstimmen.\u00a0Nach der ersten Ausz\u00e4hlung zeichnet sich eine \u00fcberw\u00e4ltigende Mehrheit daf\u00fcr ab. Das sorgt f\u00fcr Spannungen in der Region. Alle Informationen dazu in unseren #WahlNews.<\/p>\n","protected":false},"author":267,"featured_media":4031,"comment_status":"open","ping_status":"open","sticky":false,"template":"","format":"standard","meta":{"_eb_attr":"","ub_ctt_via":"","spay_email":"","jetpack_publicize_message":"","jetpack_is_tweetstorm":false,"jetpack_publicize_feature_enabled":true},"categories":[8],"tags":[1745,1749,431,1747],"featured_image_src":"https:\/\/www.polyas.de\/blog\/wp-content\/uploads\/2016\/12\/Wahl-News-Schmal_810x280.png","author_info":{"display_name":"Laila Oudray","author_link":"https:\/\/www.polyas.de\/blog\/author\/l-oudray"},"yoast_head":"<!-- This site is optimized with the Yoast SEO plugin v19.9 - https:\/\/yoast.com\/wordpress\/plugins\/seo\/ -->\n<title>Wahlnews: Iraks Kurden stimmen f\u00fcr die Unabh\u00e4ngigkeit - POLYAS<\/title>\n<meta name=\"description\" content=\"Im Nordirak haben die Kurden \u00fcber die Unabh\u00e4ngigkeit der Region abgestimmt. Das sorgt f\u00fcr scharfe internationale Kritik. Lesen Sie hier mehr dazu!\" \/>\n<meta name=\"robots\" content=\"index, follow, max-snippet:-1, max-image-preview:large, max-video-preview:-1\" \/>\n<link rel=\"canonical\" href=\"https:\/\/www.polyas.de\/blog\/de\/online-wahlen\/wahlnews-kurden-unabhaengigkeit\" \/>\n<meta property=\"og:locale\" content=\"de_DE\" \/>\n<meta property=\"og:type\" content=\"article\" \/>\n<meta property=\"og:title\" content=\"Wahlnews: Iraks Kurden stimmen f\u00fcr die Unabh\u00e4ngigkeit - POLYAS\" \/>\n<meta property=\"og:description\" content=\"Im Nordirak haben die Kurden \u00fcber die Unabh\u00e4ngigkeit der Region abgestimmt. Das sorgt f\u00fcr scharfe internationale Kritik. Lesen Sie hier mehr dazu!\" \/>\n<meta property=\"og:url\" content=\"https:\/\/www.polyas.de\/blog\/de\/online-wahlen\/wahlnews-kurden-unabhaengigkeit\" \/>\n<meta property=\"og:site_name\" content=\"POLYAS\" \/>\n<meta property=\"article:published_time\" content=\"2017-09-26T14:25:25+00:00\" \/>\n<meta property=\"article:modified_time\" content=\"2017-09-26T14:26:09+00:00\" \/>\n<meta property=\"og:image\" content=\"https:\/\/i0.wp.com\/www.polyas.de\/blog\/wp-content\/uploads\/2016\/12\/Wahl-News-Schmal_810x280.png?fit=810%2C280&ssl=1\" \/>\n\t<meta property=\"og:image:width\" content=\"810\" \/>\n\t<meta property=\"og:image:height\" content=\"280\" \/>\n\t<meta property=\"og:image:type\" content=\"image\/png\" \/>\n<meta name=\"author\" content=\"Laila Oudray\" \/>\n<meta name=\"twitter:card\" content=\"summary_large_image\" \/>\n<meta name=\"twitter:label1\" content=\"Verfasst von\" \/>\n\t<meta name=\"twitter:data1\" content=\"Laila Oudray\" \/>\n\t<meta name=\"twitter:label2\" content=\"Gesch\u00e4tzte Lesezeit\" \/>\n\t<meta name=\"twitter:data2\" content=\"2 Minuten\" \/>\n<script type=\"application\/ld+json\" class=\"yoast-schema-graph\">{\"@context\":\"https:\/\/schema.org\",\"@graph\":[{\"@type\":\"WebPage\",\"@id\":\"https:\/\/www.polyas.de\/blog\/de\/online-wahlen\/wahlnews-kurden-unabhaengigkeit\",\"url\":\"https:\/\/www.polyas.de\/blog\/de\/online-wahlen\/wahlnews-kurden-unabhaengigkeit\",\"name\":\"Wahlnews: Iraks Kurden stimmen f\u00fcr die Unabh\u00e4ngigkeit - POLYAS\",\"isPartOf\":{\"@id\":\"https:\/\/www.polyas.de\/blog\/#website\"},\"datePublished\":\"2017-09-26T14:25:25+00:00\",\"dateModified\":\"2017-09-26T14:26:09+00:00\",\"author\":{\"@id\":\"https:\/\/www.polyas.de\/blog\/#\/schema\/person\/3a108e5248b3998c0219f9ff4406ba8a\"},\"description\":\"Im Nordirak haben die Kurden \u00fcber die Unabh\u00e4ngigkeit der Region abgestimmt. Das sorgt f\u00fcr scharfe internationale Kritik. Lesen Sie hier mehr dazu!\",\"breadcrumb\":{\"@id\":\"https:\/\/www.polyas.de\/blog\/de\/online-wahlen\/wahlnews-kurden-unabhaengigkeit#breadcrumb\"},\"inLanguage\":\"de-DE\",\"potentialAction\":[{\"@type\":\"ReadAction\",\"target\":[\"https:\/\/www.polyas.de\/blog\/de\/online-wahlen\/wahlnews-kurden-unabhaengigkeit\"]}]},{\"@type\":\"BreadcrumbList\",\"@id\":\"https:\/\/www.polyas.de\/blog\/de\/online-wahlen\/wahlnews-kurden-unabhaengigkeit#breadcrumb\",\"itemListElement\":[{\"@type\":\"ListItem\",\"position\":1,\"name\":\"Startseite\",\"item\":\"https:\/\/www.polyas.de\/blog\/de\"},{\"@type\":\"ListItem\",\"position\":2,\"name\":\"Wahlnews: Iraks Kurden stimmen f\u00fcr die Unabh\u00e4ngigkeit\"}]},{\"@type\":\"WebSite\",\"@id\":\"https:\/\/www.polyas.de\/blog\/#website\",\"url\":\"https:\/\/www.polyas.de\/blog\/\",\"name\":\"POLYAS\",\"description\":\"the blog for secure online voting\",\"potentialAction\":[{\"@type\":\"SearchAction\",\"target\":{\"@type\":\"EntryPoint\",\"urlTemplate\":\"https:\/\/www.polyas.de\/blog\/?s={search_term_string}\"},\"query-input\":\"required name=search_term_string\"}],\"inLanguage\":\"de-DE\"},{\"@type\":\"Person\",\"@id\":\"https:\/\/www.polyas.de\/blog\/#\/schema\/person\/3a108e5248b3998c0219f9ff4406ba8a\",\"name\":\"Laila Oudray\",\"image\":{\"@type\":\"ImageObject\",\"inLanguage\":\"de-DE\",\"@id\":\"https:\/\/www.polyas.de\/blog\/#\/schema\/person\/image\/\",\"url\":\"https:\/\/secure.gravatar.com\/avatar\/494f68c63930bd25d02b8df8a6dbded8?s=96&d=mm&r=g\",\"contentUrl\":\"https:\/\/secure.gravatar.com\/avatar\/494f68c63930bd25d02b8df8a6dbded8?s=96&d=mm&r=g\",\"caption\":\"Laila Oudray\"},\"description\":\"Um die Welt zu gestalten und zu verbessern, ben\u00f6tigt man Informationen. Ich habe es mir zur Aufgabe gemacht, diese Informationen zu recherchieren und hoffentlich unterhaltsam aufzubereiten. Wenn ich nicht gerade das World Wide Web f\u00fcr die interessantesten Themen durchforste, lebe ich meine musikalische Seite aus und singe (wie man mir sagt, auch gar nicht so schlecht). Seit April arbeite ich bei Polyas. Hier bin ich f\u00fcr die Pressearbeit zust\u00e4ndig und schreibe Blogartikel.\",\"sameAs\":[\"http:\/\/www.polyas.de\"],\"url\":\"https:\/\/www.polyas.de\/blog\/author\/l-oudray\"}]}<\/script>\n<!-- \/ Yoast SEO plugin. -->","yoast_head_json":{"title":"Wahlnews: Iraks Kurden stimmen f\u00fcr die Unabh\u00e4ngigkeit - POLYAS","description":"Im Nordirak haben die Kurden \u00fcber die Unabh\u00e4ngigkeit der Region abgestimmt. Das sorgt f\u00fcr scharfe internationale Kritik. Lesen Sie hier mehr dazu!","robots":{"index":"index","follow":"follow","max-snippet":"max-snippet:-1","max-image-preview":"max-image-preview:large","max-video-preview":"max-video-preview:-1"},"canonical":"https:\/\/www.polyas.de\/blog\/de\/online-wahlen\/wahlnews-kurden-unabhaengigkeit","og_locale":"de_DE","og_type":"article","og_title":"Wahlnews: Iraks Kurden stimmen f\u00fcr die Unabh\u00e4ngigkeit - POLYAS","og_description":"Im Nordirak haben die Kurden \u00fcber die Unabh\u00e4ngigkeit der Region abgestimmt. Das sorgt f\u00fcr scharfe internationale Kritik. Lesen Sie hier mehr dazu!","og_url":"https:\/\/www.polyas.de\/blog\/de\/online-wahlen\/wahlnews-kurden-unabhaengigkeit","og_site_name":"POLYAS","article_published_time":"2017-09-26T14:25:25+00:00","article_modified_time":"2017-09-26T14:26:09+00:00","og_image":[{"width":810,"height":280,"url":"https:\/\/i0.wp.com\/www.polyas.de\/blog\/wp-content\/uploads\/2016\/12\/Wahl-News-Schmal_810x280.png?fit=810%2C280&ssl=1","type":"image\/png"}],"author":"Laila Oudray","twitter_card":"summary_large_image","twitter_misc":{"Verfasst von":"Laila Oudray","Gesch\u00e4tzte Lesezeit":"2 Minuten"},"schema":{"@context":"https:\/\/schema.org","@graph":[{"@type":"WebPage","@id":"https:\/\/www.polyas.de\/blog\/de\/online-wahlen\/wahlnews-kurden-unabhaengigkeit","url":"https:\/\/www.polyas.de\/blog\/de\/online-wahlen\/wahlnews-kurden-unabhaengigkeit","name":"Wahlnews: Iraks Kurden stimmen f\u00fcr die Unabh\u00e4ngigkeit - POLYAS","isPartOf":{"@id":"https:\/\/www.polyas.de\/blog\/#website"},"datePublished":"2017-09-26T14:25:25+00:00","dateModified":"2017-09-26T14:26:09+00:00","author":{"@id":"https:\/\/www.polyas.de\/blog\/#\/schema\/person\/3a108e5248b3998c0219f9ff4406ba8a"},"description":"Im Nordirak haben die Kurden \u00fcber die Unabh\u00e4ngigkeit der Region abgestimmt. Das sorgt f\u00fcr scharfe internationale Kritik. Lesen Sie hier mehr dazu!","breadcrumb":{"@id":"https:\/\/www.polyas.de\/blog\/de\/online-wahlen\/wahlnews-kurden-unabhaengigkeit#breadcrumb"},"inLanguage":"de-DE","potentialAction":[{"@type":"ReadAction","target":["https:\/\/www.polyas.de\/blog\/de\/online-wahlen\/wahlnews-kurden-unabhaengigkeit"]}]},{"@type":"BreadcrumbList","@id":"https:\/\/www.polyas.de\/blog\/de\/online-wahlen\/wahlnews-kurden-unabhaengigkeit#breadcrumb","itemListElement":[{"@type":"ListItem","position":1,"name":"Startseite","item":"https:\/\/www.polyas.de\/blog\/de"},{"@type":"ListItem","position":2,"name":"Wahlnews: Iraks Kurden stimmen f\u00fcr die Unabh\u00e4ngigkeit"}]},{"@type":"WebSite","@id":"https:\/\/www.polyas.de\/blog\/#website","url":"https:\/\/www.polyas.de\/blog\/","name":"POLYAS","description":"the blog for secure online voting","potentialAction":[{"@type":"SearchAction","target":{"@type":"EntryPoint","urlTemplate":"https:\/\/www.polyas.de\/blog\/?s={search_term_string}"},"query-input":"required name=search_term_string"}],"inLanguage":"de-DE"},{"@type":"Person","@id":"https:\/\/www.polyas.de\/blog\/#\/schema\/person\/3a108e5248b3998c0219f9ff4406ba8a","name":"Laila Oudray","image":{"@type":"ImageObject","inLanguage":"de-DE","@id":"https:\/\/www.polyas.de\/blog\/#\/schema\/person\/image\/","url":"https:\/\/secure.gravatar.com\/avatar\/494f68c63930bd25d02b8df8a6dbded8?s=96&d=mm&r=g","contentUrl":"https:\/\/secure.gravatar.com\/avatar\/494f68c63930bd25d02b8df8a6dbded8?s=96&d=mm&r=g","caption":"Laila Oudray"},"description":"Um die Welt zu gestalten und zu verbessern, ben\u00f6tigt man Informationen. Ich habe es mir zur Aufgabe gemacht, diese Informationen zu recherchieren und hoffentlich unterhaltsam aufzubereiten. Wenn ich nicht gerade das World Wide Web f\u00fcr die interessantesten Themen durchforste, lebe ich meine musikalische Seite aus und singe (wie man mir sagt, auch gar nicht so schlecht). Seit April arbeite ich bei Polyas. Hier bin ich f\u00fcr die Pressearbeit zust\u00e4ndig und schreibe Blogartikel.","sameAs":["http:\/\/www.polyas.de"],"url":"https:\/\/www.polyas.de\/blog\/author\/l-oudray"}]}},"jetpack_featured_media_url":"https:\/\/www.polyas.de\/blog\/wp-content\/uploads\/2016\/12\/Wahl-News-Schmal_810x280.png","jetpack_publicize_connections":[],"jetpack_shortlink":"https:\/\/wp.me\/p72Pnr-1ut","jetpack-related-posts":[{"id":5855,"url":"https:\/\/www.polyas.de\/blog\/de\/online-wahlen\/parlamentswahl-tschechien","url_meta":{"origin":5733,"position":0},"title":"Tschechien: Milliard\u00e4r Andrej Babis gewinnt Parlamentswahl","date":"23\/10\/2017","format":false,"excerpt":"Immer wieder sonntags\u2026 Am Wochenende wurde in gleich zwei osteurop\u00e4ischen L\u00e4ndern gew\u00e4hlt: In Tschechien ging es um eine neue Regierung, in Slowenien um die Pr\u00e4sidentschaftswahl. Wer gewonnen hat erfahren Sie in unseren #WahlNews. Gro\u00dfe Ver\u00e4nderungen in Tschechien Bei der Parlamentswahl in Tschechien gewann die rechtspopulistische ANO. Ihr Anf\u00fchrer, der Milliard\u00e4r\u2026","rel":"","context":"In &quot;Wahl News&quot;","img":{"alt_text":"Erfahren Sie alles Aktuelle \u00fcber die Parlamentswahl in der Ukraine","src":"https:\/\/i0.wp.com\/www.polyas.de\/blog\/wp-content\/uploads\/2016\/12\/Wahl-News-Schmal_810x280.png?resize=350%2C200&ssl=1","width":350,"height":200},"classes":[]},{"id":6632,"url":"https:\/\/www.polyas.de\/blog\/de\/online-wahlen\/parlamentswahl-irak","url_meta":{"origin":5733,"position":1},"title":"Parlamentswahl im Irak: Schiitischer Geistlicher Moktada al-Sadr liegt vorn","date":"14\/05\/2018","format":false,"excerpt":"Im Irak zeichnet sich der Sieg zweier schiitischer Listen ab. Es ist die erste Parlamentswahl seit dem milit\u00e4rischen Sieg \u00fcber den IS. Die Stimmabgabe verlief weitgehend gewaltfrei, doch die Wahlbeteiligung war gering. Alles Wissenswerte in unseren #Wahlnews. Schiitischer Geistlicher liegt \u00fcberraschend vorn Noch sind nicht alle Provinzen ausgez\u00e4hlt, doch es\u2026","rel":"","context":"In &quot;Wahl News&quot;","img":{"alt_text":"Erfahren Sie alles Aktuelle \u00fcber die Parlamentswahl in der Ukraine","src":"https:\/\/i0.wp.com\/www.polyas.de\/blog\/wp-content\/uploads\/2016\/12\/Wahl-News-Schmal_810x280.png?resize=350%2C200&ssl=1","width":350,"height":200},"classes":[]},{"id":6720,"url":"https:\/\/www.polyas.de\/blog\/de\/online-wahlen\/erdogan-tuerkeiwahl-2018","url_meta":{"origin":5733,"position":2},"title":"Nach der Wahl in der T\u00fcrkei: Mehr Erdo\u011fan war nie","date":"25\/06\/2018","format":false,"excerpt":"Recep Tayyip Erdo\u011fan gewinnt in der ersten Runde die Wahlen in der T\u00fcrkei und k\u00fcrt sich damit zum Alleinherrscher. Das Ergebnis der Opposition ist bemerkenswert, da die Bedingungen f\u00fcr Wahlen schon lange nicht mehr frei und fair sind. Alles zur Wahl in unseren #WahlNews. Gleich in der ersten Runde der\u2026","rel":"","context":"In &quot;Wahl News&quot;","img":{"alt_text":"Erfahren Sie alles Aktuelle \u00fcber die Parlamentswahl in der Ukraine","src":"https:\/\/i0.wp.com\/www.polyas.de\/blog\/wp-content\/uploads\/2016\/12\/Wahl-News-Schmal_810x280.png?resize=350%2C200&ssl=1","width":350,"height":200},"classes":[]},{"id":2045,"url":"https:\/\/www.polyas.de\/blog\/de\/online-wahlen\/wahlnews-no-fuer-morales-und-hausarrest-in-uganda","url_meta":{"origin":5733,"position":3},"title":"#WahlNews: No! f\u00fcr Morales und Hausarrest in Uganda","date":"22\/02\/2016","format":false,"excerpt":"\u00a014.02.16: Immer wieder sonntags.\u00a0 Wieder ist ein Sonntag rum und wieder entschied sich am traditionellen Wahltag die politische Aufstellung von L\u00e4ndern und St\u00e4dten weltweit. #Bolivien Und der Morales von der bolivianischen Geschicht\u2019? Eine vierte Amtszeit die gibt es nicht. Der amtierende Pr\u00e4sident Evo Morales h\u00e4tte gerne bis 2025 den Andenstaat\u2026","rel":"","context":"In &quot;Wahl News&quot;","img":{"alt_text":"Eine w\u00f6chentliche Zusammenfassung der wichtigsten News aus der Welt der Wahlen. Wahlbeteiligung, Wahlergebnisse und politische Zusammenh\u00e4nge!","src":"https:\/\/i0.wp.com\/www.polyas.de\/blog\/wp-content\/uploads\/2015\/11\/Blogvorlagen_Wahlnews2.png?resize=350%2C200&ssl=1","width":350,"height":200},"classes":[]},{"id":7018,"url":"https:\/\/www.polyas.de\/blog\/de\/online-wahlen\/wahlnews-parlamentswahl-februar","url_meta":{"origin":5733,"position":4},"title":"#WahlNews: Unruhen bei Pr\u00e4sidentschaftswahl in Nigeria","date":"26\/02\/2019","format":false,"excerpt":"Am Sonntag wurde in Nigeria, der Republik Moldau und im Senegal zur Parlamentswahl aufgerufen, w\u00e4hrend die Parlamentswahl in Thailand erneut verschoben wurde. In Kuba wurde in einem Referendum \u00fcber das Recht auf privaten Besitz abgestimmt. Nach einem spannenden Kopf-an-Kopf-Rennen des Pr\u00e4sidenten von Nigeria und seinem Herausforderer werden nach den umfangreichsten\u2026","rel":"","context":"In &quot;Wahl News&quot;","img":{"alt_text":"Erfahren Sie alles Aktuelle \u00fcber die Parlamentswahl in der Ukraine","src":"https:\/\/i0.wp.com\/www.polyas.de\/blog\/wp-content\/uploads\/2016\/12\/Wahl-News-Schmal_810x280.png?resize=350%2C200&ssl=1","width":350,"height":200},"classes":[]},{"id":5756,"url":"https:\/\/www.polyas.de\/blog\/de\/digitale-demokratie\/referendum-lombardei-venetien","url_meta":{"origin":5733,"position":5},"title":"Venetien und Lombardei bereiten Autonomie-Referendum vor","date":"04\/10\/2017","format":false,"excerpt":"W\u00e4hrend die Augen Europas nach dem Unabh\u00e4ngigkeitsreferendum in Katalonien auf Barcelona und Madrid gerichtet sind, wird zurzeit ein weiteres Referendum vorbereitet. In den norditalienischen Regionen Lombardei und Venetien wird am 22. Oktober eine Volksbefragung stattfinden. Es geht um die Frage, ob den Regionen weitere Autonomierechte einger\u00e4umt werden sollen. Was das\u2026","rel":"","context":"In &quot;Digitale Demokratie&quot;","img":{"alt_text":"Erfahren Sie alles Aktuelle \u00fcber die Parlamentswahl in der Ukraine","src":"https:\/\/i0.wp.com\/www.polyas.de\/blog\/wp-content\/uploads\/2016\/12\/Wahl-News-Schmal_810x280.png?resize=350%2C200&ssl=1","width":350,"height":200},"classes":[]}],"_links":{"self":[{"href":"https:\/\/www.polyas.de\/blog\/wp-json\/wp\/v2\/posts\/5733"}],"collection":[{"href":"https:\/\/www.polyas.de\/blog\/wp-json\/wp\/v2\/posts"}],"about":[{"href":"https:\/\/www.polyas.de\/blog\/wp-json\/wp\/v2\/types\/post"}],"author":[{"embeddable":true,"href":"https:\/\/www.polyas.de\/blog\/wp-json\/wp\/v2\/users\/267"}],"replies":[{"embeddable":true,"href":"https:\/\/www.polyas.de\/blog\/wp-json\/wp\/v2\/comments?post=5733"}],"version-history":[{"count":5,"href":"https:\/\/www.polyas.de\/blog\/wp-json\/wp\/v2\/posts\/5733\/revisions"}],"predecessor-version":[{"id":5738,"href":"https:\/\/www.polyas.de\/blog\/wp-json\/wp\/v2\/posts\/5733\/revisions\/5738"}],"wp:featuredmedia":[{"embeddable":true,"href":"https:\/\/www.polyas.de\/blog\/wp-json\/wp\/v2\/media\/4031"}],"wp:attachment":[{"href":"https:\/\/www.polyas.de\/blog\/wp-json\/wp\/v2\/media?parent=5733"}],"wp:term":[{"taxonomy":"category","embeddable":true,"href":"https:\/\/www.polyas.de\/blog\/wp-json\/wp\/v2\/categories?post=5733"},{"taxonomy":"post_tag","embeddable":true,"href":"https:\/\/www.polyas.de\/blog\/wp-json\/wp\/v2\/tags?post=5733"}],"curies":[{"name":"wp","href":"https:\/\/api.w.org\/{rel}","templated":true}]}}