{"id":5659,"date":"2017-09-13T09:00:02","date_gmt":"2017-09-13T07:00:02","guid":{"rendered":"https:\/\/www.polyas.de\/blog\/?p=5659"},"modified":"2017-09-14T10:36:50","modified_gmt":"2017-09-14T08:36:50","slug":"datenschutz","status":"publish","type":"post","link":"https:\/\/www.polyas.de\/blog\/de\/digital-news\/datenschutz","title":{"rendered":"Digitalprogramm der Parteien zur Bundestagswahl: Datenschutz"},"content":{"rendered":"<p>Datenschutz ist immer ein hei\u00df diskutiertes Thema: Derzeit werfen viele Medien die Frage auf, wie der Staat sich vor ausl\u00e4ndischen Hackern sch\u00fctzen kann. Doch wie sch\u00fctzt man die Privatsph\u00e4re der B\u00fcrger vor Staat und Konzernen? So sehen die Pl\u00e4ne der Parteien zur Bundestagswahl aus\u2026<!--more--><\/p>\n<h3>Datenschutz vs. Datennutzung<\/h3>\n<p>F\u00fcr CDU und CSU scheint das Thema Datenschutz keine gro\u00dfe Rolle zu spielen, der Begriff kommt in ihrem Wahlprogramm kaum vor. Schaut man genauer hin, erkennt man auch warum: Die Union m\u00f6chte die recht strengen Datenschutzrichtlinien f\u00fcr Wirtschaft und Staat st\u00e4rker \u00f6ffnen. Im Wettbewerb mit dem Ausland will die CDU nicht zur\u00fcckstehen. Im Bayernplan der CSU hei\u00dft es zudem, Opferschutz gelte vor Datenschutz. Soziale Medien sollen Verkehrsdaten verpflichtend speichern, um T\u00e4ter ausfindig machen zu k\u00f6nnen.<\/p>\n<p><a href=\"https:\/\/www.polyas.de\/blog\/de\/online-wahlen\/breitbandausbau\">Lesen Sie hier, was die Parteien mit Hinblick auf den Breitbandausbau vorschlagen<\/a><\/p>\n<p>Auch die AfD setzt sich in ihrem Programm f\u00fcr mehr \u00dcberwachung ein, allerdings nur auf \u201ekriminalit\u00e4tsneuralgischen \u00f6ffentlichen Pl\u00e4tzen und Geb\u00e4uden\u201c. Im Gesundheitsbereich wiederum lehnt sie \u201edie Schaffung einer (&#8230;) zentralen Datenbank zur Speicherung sensibler Gesundheitsdaten ab.\u201c Das Internet hat die AfD stark gemacht, auf Sozialen Netzwerken hat sie viele Unterst\u00fctzer. Daher ist es nicht verwunderlich, dass sie sich \u2013 abseits der Verfolgung von Straftaten \u2013 gegen staatliche Zensur im Netz und f\u00fcr freie Meinungs\u00e4u\u00dferung ausspricht. Dass damit Diskriminierungen im Netz weiterhin T\u00fcr und Tor ge\u00f6ffnet werden k\u00f6nnte, entspricht ganz der Strategie der AfD.<\/p>\n<h3>Recht auf Einsicht eigener Daten<\/h3>\n<p>Die SPD erkl\u00e4rt in ihrem Programm, das Recht auf Privatsph\u00e4re gew\u00e4hrleisten zu wollen. Datenschutz und Big Data w\u00fcrden sich aber nicht ausschlie\u00dfen, das \u201ewirtschaftliche Potenzial von Daten solle genutzt werden\u201c. Wo genau die Sozialdemokraten die Grenze ziehen wollen, sagen sie nicht. Allerdings soll eine Regelung geschaffen werden, die es allen B\u00fcrgern erm\u00f6glicht,\u00a0 \u201ezu jeder Zeit einen \u00dcberblick \u00fcber die Verwendung ihrer Daten\u201c zu haben.<\/p>\n<p>Die Linke geht beim Thema Datenschutz noch einen Schritt weiter. Heute sei eine \u201ewiderrechtliche Erhebung, Speicherung und Weitergabe pers\u00f6nlicher Daten\u201c weit verbreitet. Um dem entgegenzuwirken, fordert die Linke ein \u201eRecht auf Ende-zu-Ende-Verschl\u00fcsselung in pers\u00f6nlicher Kommunikation\u201c. Auch dem Staat soll keine Hintert\u00fcr offen gehalten werden. Damit die von Staat und Wirtschaft gesammelten Daten der gesamten Bev\u00f6lkerung zu Verf\u00fcgung stehen, pl\u00e4diert die Linke f\u00fcr eine Open-Data-Strategie \u2013 unter Ber\u00fccksichtigung des Datenschutzes. Zu deren Umsetzung bleibt sie aber unkonkret.<\/p>\n<h3>Gegen staatliche \u00dcberwachung<\/h3>\n<p>Aber auch f\u00fcr Gr\u00fcne und FDP nimmt das Thema Datenschutz einen hohen Stellenwert ein. So pl\u00e4dieren die Gr\u00fcnen daf\u00fcr, bestehende Datenschutzrichtlinien der EU einzuhalten, und machen das dort g\u00fcltige Prinzip der \u201eDatensparsamkeit\u201c stark. Die bisher praktizierte Methode der Einwilligung, nach der Kunden vor der Nutzung eines Online-Dienstes deren Datenschutzrichtlinien akzeptieren m\u00fcssen, sehen die Gr\u00fcnen skeptisch. Auch sie wollen mehr Verf\u00fcgungsgewalt der B\u00fcrger \u00fcber ihre Daten, denn diese Informationen seien kein Handelsgut.<\/p>\n<p><a href=\"https:\/\/www.polyas.de\/blog\/de\/digital-news\/startup-foerderung\">Wie wollen die Parteien Startups st\u00e4rker f\u00f6rdern? Hier mehr dazu!<\/a><\/p>\n<p>Die FDP schlie\u00dft sich der Forderung nach hohem Datenschutz an. \u201eNiemand soll personenbezogene Daten gegen den Willen der betreffenden Bu\u0308rgerinnen und Bu\u0308rger nutzen ko\u0308nnen\u201c, hei\u00dft es bei ihnen. Nicht allein Unternehmen, sondern auch die Nutzer selbst sollten von ihren Daten profitieren. Die FDP ist daher f\u00fcr Open Data und gegen die \u201eanlasslose Erhebung und Speicherung\u201c von Personendaten durch den Staat. Nicht fehlende Daten, sondern fehlendes Personal seien in der Vergangenheit das Problem bei der Bek\u00e4mpfung von Terrorismus und anderer Kriminalit\u00e4t gewesen.<\/p>\n<h3>Fazit<\/h3>\n<p>Die Union nimmt in Punkto Datenschutz eine Au\u00dfenseiterrolle ein: Sie ist die einzige Partei, die sich \u2013 wenn auch vorsichtig \u2013 f\u00fcr eine st\u00e4rkere Datennutzung durch Wirtschaft und Staat ausspricht. Selbst die sonst so auf staatliche\u00a0Kontrolle pochende AfD ist in ihrem Programm f\u00fcr einen klaren Datenschutz, auch wenn das vor allem ihrem Eigeninteresse entspricht. Die \u00fcbrigen Parteien fordern allesamt, dass B\u00fcrger eine bessere \u00dcbersicht und Verf\u00fcgungsgewalt \u00fcber ihre Daten haben sollten. Auch staatliche \u00dcberwachung sehen sie \u00e4u\u00dferst skeptisch.<\/p>\n<p style=\"text-align: center;\"><strong>Bereits mehr als 500 Kunden f\u00fchren Ihre Wahlen rechtssicher und einfach mit POLYAS durch. \u00dcberzeugen auch Sie sich von der Online-Wahlsoftware!<\/strong><\/p>\n<p style=\"text-align: center;\"><a href=\"https:\/\/configurator.polyas.com\/#!\/register?lang=de&amp;country=DE\" target=\"_blank\"><img data-attachment-id=\"5656\" data-permalink=\"https:\/\/www.polyas.de\/blog\/de\/online-wahlen\/norwegen-parlamentswahl\/attachment\/banner-blog\" data-orig-file=\"https:\/\/www.polyas.de\/blog\/wp-content\/uploads\/2017\/09\/Banner-Blog.jpg\" data-orig-size=\"860,100\" data-comments-opened=\"1\" data-image-meta=\"{&quot;aperture&quot;:&quot;0&quot;,&quot;credit&quot;:&quot;&quot;,&quot;camera&quot;:&quot;&quot;,&quot;caption&quot;:&quot;&quot;,&quot;created_timestamp&quot;:&quot;0&quot;,&quot;copyright&quot;:&quot;&quot;,&quot;focal_length&quot;:&quot;0&quot;,&quot;iso&quot;:&quot;0&quot;,&quot;shutter_speed&quot;:&quot;0&quot;,&quot;title&quot;:&quot;&quot;,&quot;orientation&quot;:&quot;0&quot;}\" data-image-title=\"Online-Wahl kostenlos testen\" data-image-description=\"\" data-image-caption=\"\" data-medium-file=\"https:\/\/www.polyas.de\/blog\/wp-content\/uploads\/2017\/09\/Banner-Blog-300x35.jpg\" data-large-file=\"https:\/\/www.polyas.de\/blog\/wp-content\/uploads\/2017\/09\/Banner-Blog.jpg\" loading=\"lazy\" class=\"aligncenter wp-image-5656 size-full\" src=\"https:\/\/www.polyas.de\/blog\/wp-content\/uploads\/2017\/09\/Banner-Blog.jpg\" alt=\"Testen Sie die Online-Wahl jetzt kostenlos\" width=\"860\" height=\"100\" srcset=\"https:\/\/www.polyas.de\/blog\/wp-content\/uploads\/2017\/09\/Banner-Blog.jpg 860w, https:\/\/www.polyas.de\/blog\/wp-content\/uploads\/2017\/09\/Banner-Blog-300x35.jpg 300w, https:\/\/www.polyas.de\/blog\/wp-content\/uploads\/2017\/09\/Banner-Blog-768x89.jpg 768w, https:\/\/www.polyas.de\/blog\/wp-content\/uploads\/2017\/09\/Banner-Blog-500x58.jpg 500w\" sizes=\"(max-width: 860px) 100vw, 860px\" \/><\/a><\/p>\n","protected":false},"excerpt":{"rendered":"<p>Datenschutz ist immer ein hei\u00df diskutiertes Thema: Derzeit werfen viele Medien die Frage auf, wie der Staat sich vor ausl\u00e4ndischen Hackern sch\u00fctzen kann. Doch wie sch\u00fctzt man die Privatsph\u00e4re der B\u00fcrger vor Staat und Konzernen? So sehen die Pl\u00e4ne der Parteien zur Bundestagswahl aus\u2026<\/p>\n","protected":false},"author":277,"featured_media":5594,"comment_status":"open","ping_status":"open","sticky":false,"template":"","format":"standard","meta":{"_eb_attr":"","ub_ctt_via":"","spay_email":"","jetpack_publicize_message":"","jetpack_is_tweetstorm":false,"jetpack_publicize_feature_enabled":true},"categories":[522],"tags":[596,337,1726,1728],"featured_image_src":"https:\/\/www.polyas.de\/blog\/wp-content\/uploads\/2017\/08\/Digitale-Schwerpunkt-Bundestagswahl-Programm.jpg","author_info":{"display_name":"Peter Schraeder","author_link":"https:\/\/www.polyas.de\/blog\/author\/peter-schraeder"},"yoast_head":"<!-- This site is optimized with the Yoast SEO plugin v19.9 - https:\/\/yoast.com\/wordpress\/plugins\/seo\/ -->\n<title>Digitalprogramm der Parteien zur Bundestagswahl: Datenschutz<\/title>\n<meta name=\"description\" content=\"Wie positionieren sich die Parteien in Punkto Datenschutz? Erfahren Sie hier, welche unterschiedlichen Pl\u00e4ne die Parteien f\u00fcr die Wahl haben!\" \/>\n<meta name=\"robots\" content=\"index, follow, max-snippet:-1, max-image-preview:large, max-video-preview:-1\" \/>\n<link rel=\"canonical\" href=\"https:\/\/www.polyas.de\/blog\/de\/digital-news\/datenschutz\" \/>\n<meta property=\"og:locale\" content=\"de_DE\" \/>\n<meta property=\"og:type\" content=\"article\" \/>\n<meta property=\"og:title\" content=\"Digitalprogramm der Parteien zur Bundestagswahl: Datenschutz\" \/>\n<meta property=\"og:description\" content=\"Wie positionieren sich die Parteien in Punkto Datenschutz? Erfahren Sie hier, welche unterschiedlichen Pl\u00e4ne die Parteien f\u00fcr die Wahl haben!\" \/>\n<meta property=\"og:url\" content=\"https:\/\/www.polyas.de\/blog\/de\/digital-news\/datenschutz\" \/>\n<meta property=\"og:site_name\" content=\"POLYAS\" \/>\n<meta property=\"article:published_time\" content=\"2017-09-13T07:00:02+00:00\" \/>\n<meta property=\"article:modified_time\" content=\"2017-09-14T08:36:50+00:00\" \/>\n<meta property=\"og:image\" content=\"https:\/\/i0.wp.com\/www.polyas.de\/blog\/wp-content\/uploads\/2017\/08\/Digitale-Schwerpunkt-Bundestagswahl-Programm.jpg?fit=860%2C280&ssl=1\" \/>\n\t<meta property=\"og:image:width\" content=\"860\" \/>\n\t<meta property=\"og:image:height\" content=\"280\" \/>\n\t<meta property=\"og:image:type\" content=\"image\/jpeg\" \/>\n<meta name=\"author\" content=\"Peter Schraeder\" \/>\n<meta name=\"twitter:card\" content=\"summary_large_image\" \/>\n<meta name=\"twitter:label1\" content=\"Verfasst von\" \/>\n\t<meta name=\"twitter:data1\" content=\"Peter Schraeder\" \/>\n\t<meta name=\"twitter:label2\" content=\"Gesch\u00e4tzte Lesezeit\" \/>\n\t<meta name=\"twitter:data2\" content=\"4 Minuten\" \/>\n<script type=\"application\/ld+json\" class=\"yoast-schema-graph\">{\"@context\":\"https:\/\/schema.org\",\"@graph\":[{\"@type\":\"WebPage\",\"@id\":\"https:\/\/www.polyas.de\/blog\/de\/digital-news\/datenschutz\",\"url\":\"https:\/\/www.polyas.de\/blog\/de\/digital-news\/datenschutz\",\"name\":\"Digitalprogramm der Parteien zur Bundestagswahl: Datenschutz\",\"isPartOf\":{\"@id\":\"https:\/\/www.polyas.de\/blog\/#website\"},\"datePublished\":\"2017-09-13T07:00:02+00:00\",\"dateModified\":\"2017-09-14T08:36:50+00:00\",\"author\":{\"@id\":\"https:\/\/www.polyas.de\/blog\/#\/schema\/person\/73c28ac950bd0b4d1a9d88ae887f0167\"},\"description\":\"Wie positionieren sich die Parteien in Punkto Datenschutz? Erfahren Sie hier, welche unterschiedlichen Pl\u00e4ne die Parteien f\u00fcr die Wahl haben!\",\"breadcrumb\":{\"@id\":\"https:\/\/www.polyas.de\/blog\/de\/digital-news\/datenschutz#breadcrumb\"},\"inLanguage\":\"de-DE\",\"potentialAction\":[{\"@type\":\"ReadAction\",\"target\":[\"https:\/\/www.polyas.de\/blog\/de\/digital-news\/datenschutz\"]}]},{\"@type\":\"BreadcrumbList\",\"@id\":\"https:\/\/www.polyas.de\/blog\/de\/digital-news\/datenschutz#breadcrumb\",\"itemListElement\":[{\"@type\":\"ListItem\",\"position\":1,\"name\":\"Startseite\",\"item\":\"https:\/\/www.polyas.de\/blog\/de\"},{\"@type\":\"ListItem\",\"position\":2,\"name\":\"Digitalprogramm der Parteien zur Bundestagswahl: Datenschutz\"}]},{\"@type\":\"WebSite\",\"@id\":\"https:\/\/www.polyas.de\/blog\/#website\",\"url\":\"https:\/\/www.polyas.de\/blog\/\",\"name\":\"POLYAS\",\"description\":\"the blog for secure online voting\",\"potentialAction\":[{\"@type\":\"SearchAction\",\"target\":{\"@type\":\"EntryPoint\",\"urlTemplate\":\"https:\/\/www.polyas.de\/blog\/?s={search_term_string}\"},\"query-input\":\"required name=search_term_string\"}],\"inLanguage\":\"de-DE\"},{\"@type\":\"Person\",\"@id\":\"https:\/\/www.polyas.de\/blog\/#\/schema\/person\/73c28ac950bd0b4d1a9d88ae887f0167\",\"name\":\"Peter Schraeder\",\"image\":{\"@type\":\"ImageObject\",\"inLanguage\":\"de-DE\",\"@id\":\"https:\/\/www.polyas.de\/blog\/#\/schema\/person\/image\/\",\"url\":\"https:\/\/secure.gravatar.com\/avatar\/4f9e48dcaa40fec909b27d8a9fab7beb?s=96&d=mm&r=g\",\"contentUrl\":\"https:\/\/secure.gravatar.com\/avatar\/4f9e48dcaa40fec909b27d8a9fab7beb?s=96&d=mm&r=g\",\"caption\":\"Peter Schraeder\"},\"url\":\"https:\/\/www.polyas.de\/blog\/author\/peter-schraeder\"}]}<\/script>\n<!-- \/ Yoast SEO plugin. -->","yoast_head_json":{"title":"Digitalprogramm der Parteien zur Bundestagswahl: Datenschutz","description":"Wie positionieren sich die Parteien in Punkto Datenschutz? Erfahren Sie hier, welche unterschiedlichen Pl\u00e4ne die Parteien f\u00fcr die Wahl haben!","robots":{"index":"index","follow":"follow","max-snippet":"max-snippet:-1","max-image-preview":"max-image-preview:large","max-video-preview":"max-video-preview:-1"},"canonical":"https:\/\/www.polyas.de\/blog\/de\/digital-news\/datenschutz","og_locale":"de_DE","og_type":"article","og_title":"Digitalprogramm der Parteien zur Bundestagswahl: Datenschutz","og_description":"Wie positionieren sich die Parteien in Punkto Datenschutz? Erfahren Sie hier, welche unterschiedlichen Pl\u00e4ne die Parteien f\u00fcr die Wahl haben!","og_url":"https:\/\/www.polyas.de\/blog\/de\/digital-news\/datenschutz","og_site_name":"POLYAS","article_published_time":"2017-09-13T07:00:02+00:00","article_modified_time":"2017-09-14T08:36:50+00:00","og_image":[{"width":860,"height":280,"url":"https:\/\/i0.wp.com\/www.polyas.de\/blog\/wp-content\/uploads\/2017\/08\/Digitale-Schwerpunkt-Bundestagswahl-Programm.jpg?fit=860%2C280&ssl=1","type":"image\/jpeg"}],"author":"Peter Schraeder","twitter_card":"summary_large_image","twitter_misc":{"Verfasst von":"Peter Schraeder","Gesch\u00e4tzte Lesezeit":"4 Minuten"},"schema":{"@context":"https:\/\/schema.org","@graph":[{"@type":"WebPage","@id":"https:\/\/www.polyas.de\/blog\/de\/digital-news\/datenschutz","url":"https:\/\/www.polyas.de\/blog\/de\/digital-news\/datenschutz","name":"Digitalprogramm der Parteien zur Bundestagswahl: Datenschutz","isPartOf":{"@id":"https:\/\/www.polyas.de\/blog\/#website"},"datePublished":"2017-09-13T07:00:02+00:00","dateModified":"2017-09-14T08:36:50+00:00","author":{"@id":"https:\/\/www.polyas.de\/blog\/#\/schema\/person\/73c28ac950bd0b4d1a9d88ae887f0167"},"description":"Wie positionieren sich die Parteien in Punkto Datenschutz? Erfahren Sie hier, welche unterschiedlichen Pl\u00e4ne die Parteien f\u00fcr die Wahl haben!","breadcrumb":{"@id":"https:\/\/www.polyas.de\/blog\/de\/digital-news\/datenschutz#breadcrumb"},"inLanguage":"de-DE","potentialAction":[{"@type":"ReadAction","target":["https:\/\/www.polyas.de\/blog\/de\/digital-news\/datenschutz"]}]},{"@type":"BreadcrumbList","@id":"https:\/\/www.polyas.de\/blog\/de\/digital-news\/datenschutz#breadcrumb","itemListElement":[{"@type":"ListItem","position":1,"name":"Startseite","item":"https:\/\/www.polyas.de\/blog\/de"},{"@type":"ListItem","position":2,"name":"Digitalprogramm der Parteien zur Bundestagswahl: Datenschutz"}]},{"@type":"WebSite","@id":"https:\/\/www.polyas.de\/blog\/#website","url":"https:\/\/www.polyas.de\/blog\/","name":"POLYAS","description":"the blog for secure online voting","potentialAction":[{"@type":"SearchAction","target":{"@type":"EntryPoint","urlTemplate":"https:\/\/www.polyas.de\/blog\/?s={search_term_string}"},"query-input":"required name=search_term_string"}],"inLanguage":"de-DE"},{"@type":"Person","@id":"https:\/\/www.polyas.de\/blog\/#\/schema\/person\/73c28ac950bd0b4d1a9d88ae887f0167","name":"Peter Schraeder","image":{"@type":"ImageObject","inLanguage":"de-DE","@id":"https:\/\/www.polyas.de\/blog\/#\/schema\/person\/image\/","url":"https:\/\/secure.gravatar.com\/avatar\/4f9e48dcaa40fec909b27d8a9fab7beb?s=96&d=mm&r=g","contentUrl":"https:\/\/secure.gravatar.com\/avatar\/4f9e48dcaa40fec909b27d8a9fab7beb?s=96&d=mm&r=g","caption":"Peter Schraeder"},"url":"https:\/\/www.polyas.de\/blog\/author\/peter-schraeder"}]}},"jetpack_featured_media_url":"https:\/\/www.polyas.de\/blog\/wp-content\/uploads\/2017\/08\/Digitale-Schwerpunkt-Bundestagswahl-Programm.jpg","jetpack_publicize_connections":[],"jetpack_shortlink":"https:\/\/wp.me\/p72Pnr-1th","jetpack-related-posts":[{"id":5692,"url":"https:\/\/www.polyas.de\/blog\/de\/digital-news\/digitalprogramm-industrie-4-0","url_meta":{"origin":5659,"position":0},"title":"Digitalprogramm der Parteien zur Bundestagswahl: Industrie 4.0","date":"21\/09\/2017","format":false,"excerpt":"Industrie 4.0 ist das Schlagwort der Stunde, wenn es um die Zukunft der Arbeitswelt geht. Die Parteien sind bei diesem Thema gespalten: Die einen sehen vor allem die digitalen M\u00f6glichkeiten, die anderen bef\u00fcrchten, dass uns Roboter und Algorithmen die Arbeit wegnehmen. Welche Pl\u00e4ne haben die Parteien f\u00fcr die Zukunft? Keine\u2026","rel":"","context":"In &quot;Digital News&quot;","img":{"alt_text":"Digitale Schwerpunkte in Bundestagswahlprogrammen","src":"https:\/\/i0.wp.com\/www.polyas.de\/blog\/wp-content\/uploads\/2017\/08\/Digitale-Schwerpunkt-Bundestagswahl-Programm.jpg?resize=350%2C200&ssl=1","width":350,"height":200},"classes":[]},{"id":5634,"url":"https:\/\/www.polyas.de\/blog\/de\/online-wahlen\/breitbandausbau","url_meta":{"origin":5659,"position":1},"title":"Digitalprogramm der Parteien zur Bundestagswahl: Breitbandausbau","date":"07\/09\/2017","format":false,"excerpt":"Der Breitbandausbau ist nicht erst seit diesem Jahr ein Wahlkampfthema. Vor allem in l\u00e4ndlichen Gebieten ist die Anbindung ans Internet nach wie vor schlecht, doch auch in den St\u00e4dten wird der Datenstrom gr\u00f6\u00dfer. Im zweiten Teil unserer Serie \u00fcber die digitalen Inhalte der Wahlprogramme erfahren Sie, was die Parteien dagegen\u2026","rel":"","context":"In &quot;Wahl News&quot;","img":{"alt_text":"Digitale Schwerpunkte in Bundestagswahlprogrammen","src":"https:\/\/i0.wp.com\/www.polyas.de\/blog\/wp-content\/uploads\/2017\/08\/Digitale-Schwerpunkt-Bundestagswahl-Programm.jpg?resize=350%2C200&ssl=1","width":350,"height":200},"classes":[]},{"id":5947,"url":"https:\/\/www.polyas.de\/blog\/de\/digital-news\/eu-datenschutz-grundverordnung","url_meta":{"origin":5659,"position":2},"title":"Das \u00e4ndert sich 2018 mit der EU-Datenschutz-Grundverordnung","date":"15\/11\/2017","format":false,"excerpt":"Es dauert nur noch ein halbes Jahr, dann tritt die neue EU-Datenschutz-Grundverordnung am 25. Mai 2018 in Kraft. Sie soll den Nutzern digitaler Angebote mehr Kontrolle \u00fcber ihre Daten erm\u00f6glichen. F\u00fcr Unternehmen und andere Organisationen bringt das einige \u00c4nderungen mit sich. Mehr Kontrolle \u00fcber Personendaten Vier Jahre hatte die EU\u2026","rel":"","context":"In &quot;Digital News&quot;","img":{"alt_text":"Die EU-Datenschutz-Grundverordnung bringt einige Datenschutz\u00e4nderung f\u00fcr Nutzer und Unternehmen","src":"https:\/\/i0.wp.com\/www.polyas.de\/blog\/wp-content\/uploads\/2017\/11\/Datenschutzgrundverordnung-Bild.jpg?resize=350%2C200&ssl=1","width":350,"height":200},"classes":[]},{"id":1903,"url":"https:\/\/www.polyas.de\/blog\/de\/veranstaltungen\/digitalisierung-im-handwerk-eine-podiumsdiskussion","url_meta":{"origin":5659,"position":3},"title":"Digitalisierung im Handwerk: Eine Podiumsdiskussion","date":"28\/01\/2016","format":false,"excerpt":"Heute Ausw\u00e4rts:\u00a0Der Zentralverband des Deutschen Handwerks lud zum Podium, um die gro\u00dfen Fragen der Digitalisierung im Hinblick auf das Recht zu diskutieren. Digitalisierung mit Risiken und Nebenwirkungen Schon in den Begr\u00fc\u00dfungsworten stellte ZDH-Pr\u00e4sident Hans Peter Wollseifer eines deutlich heraus: Die Digitalisierung ist nicht die Herausforderung der Zukunft oder gar der\u2026","rel":"","context":"In &quot;Veranstaltungen&quot;","img":{"alt_text":"Podium Handwerk Veranstaltungsbericht","src":"https:\/\/i0.wp.com\/www.polyas.de\/blog\/wp-content\/uploads\/2016\/01\/Podium_Handwerk_Veranstaltung.jpg?resize=350%2C200&ssl=1","width":350,"height":200},"classes":[]},{"id":6162,"url":"https:\/\/www.polyas.de\/blog\/de\/digital-news\/eu-datenschutz-buerger","url_meta":{"origin":5659,"position":4},"title":"EU-Datenschutz: Das \u00e4ndert die Grundverordnung 2018 f\u00fcr B\u00fcrger","date":"04\/01\/2018","format":false,"excerpt":"Weniger als ein halbes Jahr bleibt, dann tritt die EU-Datenschutz-Grundverordnung am 25. Mai in Kraft. Dadurch ergeben sich f\u00fcr EU-B\u00fcrger einige \u00c4nderungen: Sie sollen mehr Kontrolle \u00fcber die eigenen Daten bekommen. Grundverordnung beinhaltet \u201eRecht auf Vergessen\u201c F\u00fcr Unternehmen, Beh\u00f6rden und andere Organisationen, die personenbezogene Daten speichern, ist die neue Grundverordnung\u2026","rel":"","context":"In &quot;Digital News&quot;","img":{"alt_text":"Die EU-Datenschutz-Grundverordnung bringt einige Datenschutz\u00e4nderung f\u00fcr Nutzer und Unternehmen","src":"https:\/\/i0.wp.com\/www.polyas.de\/blog\/wp-content\/uploads\/2017\/11\/Datenschutzgrundverordnung-Bild.jpg?resize=350%2C200&ssl=1","width":350,"height":200},"classes":[]},{"id":1952,"url":"https:\/\/www.polyas.de\/blog\/de\/online-wahlen\/sicherheit\/datenschutz-datensicherheit-und-arten-von-daten","url_meta":{"origin":5659,"position":5},"title":"Datenschutz, Datensicherheit und Arten von Daten","date":"09\/02\/2016","format":false,"excerpt":"Sobald Sie sich mit dem Thema \u201eSicherheit im Internet\u201c auseinandersetzen, begegnen Ihnen sehr viele Worte, die mit \u201eDaten\u201c beginnen. Allen voran \u201eDatenschutz\u201c und \u201eDatensicherheit\u201c. Die beiden Begriffe meinen bereits zwei unterschiedliche Dinge. Zum besseren Verst\u00e4ndnis sei hier einmal das POLYAS Wahllexikon hinzugezogen: Was bedeutet \u201eDatensicherheit\u201c? \u201eDatensicherheit\u201c bedeutet den Grad, zu\u2026","rel":"","context":"In &quot;Sicherheit im Netz&quot;","img":{"alt_text":"","src":"https:\/\/i0.wp.com\/www.polyas.de\/blog\/wp-content\/uploads\/2015\/12\/Blogvorlagen_serie.png?resize=350%2C200&ssl=1","width":350,"height":200},"classes":[]}],"_links":{"self":[{"href":"https:\/\/www.polyas.de\/blog\/wp-json\/wp\/v2\/posts\/5659"}],"collection":[{"href":"https:\/\/www.polyas.de\/blog\/wp-json\/wp\/v2\/posts"}],"about":[{"href":"https:\/\/www.polyas.de\/blog\/wp-json\/wp\/v2\/types\/post"}],"author":[{"embeddable":true,"href":"https:\/\/www.polyas.de\/blog\/wp-json\/wp\/v2\/users\/277"}],"replies":[{"embeddable":true,"href":"https:\/\/www.polyas.de\/blog\/wp-json\/wp\/v2\/comments?post=5659"}],"version-history":[{"count":7,"href":"https:\/\/www.polyas.de\/blog\/wp-json\/wp\/v2\/posts\/5659\/revisions"}],"predecessor-version":[{"id":5671,"href":"https:\/\/www.polyas.de\/blog\/wp-json\/wp\/v2\/posts\/5659\/revisions\/5671"}],"wp:featuredmedia":[{"embeddable":true,"href":"https:\/\/www.polyas.de\/blog\/wp-json\/wp\/v2\/media\/5594"}],"wp:attachment":[{"href":"https:\/\/www.polyas.de\/blog\/wp-json\/wp\/v2\/media?parent=5659"}],"wp:term":[{"taxonomy":"category","embeddable":true,"href":"https:\/\/www.polyas.de\/blog\/wp-json\/wp\/v2\/categories?post=5659"},{"taxonomy":"post_tag","embeddable":true,"href":"https:\/\/www.polyas.de\/blog\/wp-json\/wp\/v2\/tags?post=5659"}],"curies":[{"name":"wp","href":"https:\/\/api.w.org\/{rel}","templated":true}]}}