{"id":5634,"date":"2017-09-07T10:00:49","date_gmt":"2017-09-07T08:00:49","guid":{"rendered":"https:\/\/www.polyas.de\/blog\/?p=5634"},"modified":"2017-09-08T10:49:30","modified_gmt":"2017-09-08T08:49:30","slug":"breitbandausbau","status":"publish","type":"post","link":"https:\/\/www.polyas.de\/blog\/de\/online-wahlen\/breitbandausbau","title":{"rendered":"Digitalprogramm der Parteien zur Bundestagswahl: Breitbandausbau"},"content":{"rendered":"<p>Der Breitbandausbau ist nicht erst seit diesem Jahr ein Wahlkampfthema. Vor allem in l\u00e4ndlichen Gebieten ist die Anbindung ans Internet nach wie vor schlecht, doch auch in den St\u00e4dten wird der Datenstrom gr\u00f6\u00dfer. Im zweiten Teil unserer Serie \u00fcber die digitalen Inhalte der Wahlprogramme erfahren Sie, was die Parteien dagegen unternehmen wollen.\u00a0<a href=\"https:\/\/www.polyas.de\/blog\/de\/digital-news\/startup-foerderung\"><!--more-->Lesen Sie hier den ersten Teil unserer Serie: Das planen die deutschen Parteien im Bereich Startup F\u00f6rderung!<\/a><\/p>\n<h3>Mit High-Speed in die Gigabit-Gesellschaft<\/h3>\n<p>Blickt man auf internationale Vergleichsstudien, schneidet Deutschland bei den Themen Breitbandausbau und fl\u00e4chendeckendes Internet schlecht ab. Alle Parteien erkennen das als Problem an und wollen nachbessern. Aber wie? CDU und CSU sparen jedenfalls nicht an gro\u00dfen Worten: Sie versprechen \u201edas beste High-Speed-Netz der Welt\u201c und wollen, dass Deutschland zur \u201eGigabit-Gesellschaft\u201c wird.<\/p>\n<p>Dazu sind sie durchaus bereit, staatliche Investitionen in die Wege zu leiten. Im Wahlprogramm wird keine genaue Zahl genannt. Bundeskanzlerin Angela Merkel allerdings sprach Ende Juni von 100 Milliarden Euro, die bis 2025 in den Breitbandausbau gesteckt werden sollen. Ein Teil der Finanzierung soll aus der Vergabe von Lizenzen f\u00fcr den neuen 5G-Mobilfunk bestritten werden. Woher das restliche Geld kommen soll, bleibt unklar.<\/p>\n<h3>Wann kommt der Breitbandausbau?<\/h3>\n<p>Die SPD steht der Forderung der CDU in nichts nach: Deutschland soll demnach bis 2025 \u00fcber \u201eeine der modernsten digitalen Infrastrukturen\u201c verf\u00fcgen. Doch auch die Sozialdemokraten bleiben bei konkreten Pl\u00e4nen zur Umsetzung eher vage. Ob die Finanzierung \u00fcber Bundesmittel erfolgen oder doch besser privat organisiert werden soll, werde noch gepr\u00fcft.<\/p>\n<p>Die AfD will den Breitbandausbau deutlich fr\u00fcher umsetzen, erkl\u00e4rt jedoch auch nicht genau, wie die Umsetzung aussehen soll. Innerhalb der n\u00e4chsten zwei Jahre soll jedem kleinen und mittelst\u00e4ndischen Betrieb sowie allen Haushalten unabh\u00e4ngig von ihrem Standort der Zugang zum Glasfasernetz erm\u00f6glicht werden. Staatliche Subventionen f\u00fcr private Anbieter sollen den Netzausbau vorantreiben.<\/p>\n<h3>\u00d6ffentlich oder privat?<\/h3>\n<p>Bei der Linken sind die Pl\u00e4ne zum Breitbandausbau ein wenig konkreter, denn diese sieht den Zugang zum Internet f\u00fcr die gesellschaftliche Teilhabe als notwendig an. Daher fordert sie ein Anrecht auf einen \u201ebezahlbaren, schnellen Breitband-Internetanschluss\u201c. Der soll staatlich finanziert werden, aber aufgrund der \u201eSensibilit\u00e4t der transportierten Daten\u201c in der Hand von kommunalen oder genossenschaftlichen Tr\u00e4gern liegen.<\/p>\n<p>Digitale Teilhabe ist auch f\u00fcr POLYAS ein wichitges Thema. <a href=\"https:\/\/www.polyas.de\/ueber-polyas\/digitale-demokratie\">Lesen hier Sie mehr dazu!<\/a><\/p>\n<p>Nur Gr\u00fcne und FDP legen tats\u00e4chlich konkrete Finanzierungspl\u00e4ne vor: Beide wollen den Finanzbedarf f\u00fcr den Breitbandausbau aus dem Verkauf der Telekomaktien bestreiten. Die Liberalen m\u00f6chten zus\u00e4tzlich die Deutsche Post, die sich noch immer mehrheitlich in Staatsbesitz befindet, vollst\u00e4ndig privatisieren. Der Verkauf wird von der FDP mit einem Interessenkonflikt des Bundes begr\u00fcndet: Solange er Hauptaktion\u00e4r der Telekom sei, w\u00fcrde diese bei Regulierungen beg\u00fcnstigt.<\/p>\n<h3>Fazit<\/h3>\n<p>Auch bei diesem Thema sind sich wieder alle Parteien einig: Der Breitbandausbau soll so schnell wie m\u00f6glich vorangebracht werden. Allerdings gehen nicht nur die Vorstellungen \u00fcber den zeitlichen Rahmen auseinander. SPD, CDU und auch AfD haben kaum Pl\u00e4ne f\u00fcr die Finanzierung, die Linke setzt auf \u00f6ffentliche Tr\u00e4ger, w\u00e4hrend Gr\u00fcne und FDP privatisieren wollen. Wie auch beim Thema Startup F\u00f6rderung sind die Pl\u00e4ne von Liberalen und Gr\u00fcnen am konkretesten; allerdings m\u00fcsste der Staat beim Verkauf von Telekom und Deutscher Post in Zukunft auf deren Dividenden verzichten.<\/p>\n","protected":false},"excerpt":{"rendered":"<p>Der Breitbandausbau ist nicht erst seit diesem Jahr ein Wahlkampfthema. Vor allem in l\u00e4ndlichen Gebieten ist die Anbindung ans Internet nach wie vor schlecht, doch auch in den St\u00e4dten wird der Datenstrom gr\u00f6\u00dfer. Im zweiten Teil unserer Serie \u00fcber die digitalen Inhalte der Wahlprogramme erfahren Sie, was die Parteien dagegen unternehmen wollen.\u00a0<\/p>\n","protected":false},"author":277,"featured_media":5594,"comment_status":"open","ping_status":"open","sticky":false,"template":"","format":"standard","meta":{"_eb_attr":"","ub_ctt_via":"","spay_email":"","jetpack_publicize_message":"","jetpack_is_tweetstorm":false,"jetpack_publicize_feature_enabled":true},"categories":[8],"tags":[1714,1718,1716],"featured_image_src":"https:\/\/www.polyas.de\/blog\/wp-content\/uploads\/2017\/08\/Digitale-Schwerpunkt-Bundestagswahl-Programm.jpg","author_info":{"display_name":"Peter Schraeder","author_link":"https:\/\/www.polyas.de\/blog\/author\/peter-schraeder"},"yoast_head":"<!-- This site is optimized with the Yoast SEO plugin v19.9 - https:\/\/yoast.com\/wordpress\/plugins\/seo\/ -->\n<title>Digitalprogramm der Parteien zur Bundestagswahl: Breitbandausbau<\/title>\n<meta name=\"description\" content=\"Der Breitbandausbau ist bei allen Parteien auf der Agenda. Lesen Sie hier \u00fcber die Pl\u00e4ne der Parteien zur Erweiterung des Glasfasernetzes!\" \/>\n<meta name=\"robots\" content=\"index, follow, max-snippet:-1, max-image-preview:large, max-video-preview:-1\" \/>\n<link rel=\"canonical\" href=\"https:\/\/www.polyas.de\/blog\/de\/online-wahlen\/breitbandausbau\" \/>\n<meta property=\"og:locale\" content=\"de_DE\" \/>\n<meta property=\"og:type\" content=\"article\" \/>\n<meta property=\"og:title\" content=\"Digitalprogramm der Parteien zur Bundestagswahl: Breitbandausbau\" \/>\n<meta property=\"og:description\" content=\"Der Breitbandausbau ist bei allen Parteien auf der Agenda. Lesen Sie hier \u00fcber die Pl\u00e4ne der Parteien zur Erweiterung des Glasfasernetzes!\" \/>\n<meta property=\"og:url\" content=\"https:\/\/www.polyas.de\/blog\/de\/online-wahlen\/breitbandausbau\" \/>\n<meta property=\"og:site_name\" content=\"POLYAS\" \/>\n<meta property=\"article:published_time\" content=\"2017-09-07T08:00:49+00:00\" \/>\n<meta property=\"article:modified_time\" content=\"2017-09-08T08:49:30+00:00\" \/>\n<meta property=\"og:image\" content=\"https:\/\/i0.wp.com\/www.polyas.de\/blog\/wp-content\/uploads\/2017\/08\/Digitale-Schwerpunkt-Bundestagswahl-Programm.jpg?fit=860%2C280&ssl=1\" \/>\n\t<meta property=\"og:image:width\" content=\"860\" \/>\n\t<meta property=\"og:image:height\" content=\"280\" \/>\n\t<meta property=\"og:image:type\" content=\"image\/jpeg\" \/>\n<meta name=\"author\" content=\"Peter Schraeder\" \/>\n<meta name=\"twitter:card\" content=\"summary_large_image\" \/>\n<meta name=\"twitter:label1\" content=\"Verfasst von\" \/>\n\t<meta name=\"twitter:data1\" content=\"Peter Schraeder\" \/>\n\t<meta name=\"twitter:label2\" content=\"Gesch\u00e4tzte Lesezeit\" \/>\n\t<meta name=\"twitter:data2\" content=\"3 Minuten\" \/>\n<script type=\"application\/ld+json\" class=\"yoast-schema-graph\">{\"@context\":\"https:\/\/schema.org\",\"@graph\":[{\"@type\":\"WebPage\",\"@id\":\"https:\/\/www.polyas.de\/blog\/de\/online-wahlen\/breitbandausbau\",\"url\":\"https:\/\/www.polyas.de\/blog\/de\/online-wahlen\/breitbandausbau\",\"name\":\"Digitalprogramm der Parteien zur Bundestagswahl: Breitbandausbau\",\"isPartOf\":{\"@id\":\"https:\/\/www.polyas.de\/blog\/#website\"},\"datePublished\":\"2017-09-07T08:00:49+00:00\",\"dateModified\":\"2017-09-08T08:49:30+00:00\",\"author\":{\"@id\":\"https:\/\/www.polyas.de\/blog\/#\/schema\/person\/73c28ac950bd0b4d1a9d88ae887f0167\"},\"description\":\"Der Breitbandausbau ist bei allen Parteien auf der Agenda. Lesen Sie hier \u00fcber die Pl\u00e4ne der Parteien zur Erweiterung des Glasfasernetzes!\",\"breadcrumb\":{\"@id\":\"https:\/\/www.polyas.de\/blog\/de\/online-wahlen\/breitbandausbau#breadcrumb\"},\"inLanguage\":\"de-DE\",\"potentialAction\":[{\"@type\":\"ReadAction\",\"target\":[\"https:\/\/www.polyas.de\/blog\/de\/online-wahlen\/breitbandausbau\"]}]},{\"@type\":\"BreadcrumbList\",\"@id\":\"https:\/\/www.polyas.de\/blog\/de\/online-wahlen\/breitbandausbau#breadcrumb\",\"itemListElement\":[{\"@type\":\"ListItem\",\"position\":1,\"name\":\"Startseite\",\"item\":\"https:\/\/www.polyas.de\/blog\/de\"},{\"@type\":\"ListItem\",\"position\":2,\"name\":\"Digitalprogramm der Parteien zur Bundestagswahl: Breitbandausbau\"}]},{\"@type\":\"WebSite\",\"@id\":\"https:\/\/www.polyas.de\/blog\/#website\",\"url\":\"https:\/\/www.polyas.de\/blog\/\",\"name\":\"POLYAS\",\"description\":\"the blog for secure online voting\",\"potentialAction\":[{\"@type\":\"SearchAction\",\"target\":{\"@type\":\"EntryPoint\",\"urlTemplate\":\"https:\/\/www.polyas.de\/blog\/?s={search_term_string}\"},\"query-input\":\"required name=search_term_string\"}],\"inLanguage\":\"de-DE\"},{\"@type\":\"Person\",\"@id\":\"https:\/\/www.polyas.de\/blog\/#\/schema\/person\/73c28ac950bd0b4d1a9d88ae887f0167\",\"name\":\"Peter Schraeder\",\"image\":{\"@type\":\"ImageObject\",\"inLanguage\":\"de-DE\",\"@id\":\"https:\/\/www.polyas.de\/blog\/#\/schema\/person\/image\/\",\"url\":\"https:\/\/secure.gravatar.com\/avatar\/4f9e48dcaa40fec909b27d8a9fab7beb?s=96&d=mm&r=g\",\"contentUrl\":\"https:\/\/secure.gravatar.com\/avatar\/4f9e48dcaa40fec909b27d8a9fab7beb?s=96&d=mm&r=g\",\"caption\":\"Peter Schraeder\"},\"url\":\"https:\/\/www.polyas.de\/blog\/author\/peter-schraeder\"}]}<\/script>\n<!-- \/ Yoast SEO plugin. -->","yoast_head_json":{"title":"Digitalprogramm der Parteien zur Bundestagswahl: Breitbandausbau","description":"Der Breitbandausbau ist bei allen Parteien auf der Agenda. Lesen Sie hier \u00fcber die Pl\u00e4ne der Parteien zur Erweiterung des Glasfasernetzes!","robots":{"index":"index","follow":"follow","max-snippet":"max-snippet:-1","max-image-preview":"max-image-preview:large","max-video-preview":"max-video-preview:-1"},"canonical":"https:\/\/www.polyas.de\/blog\/de\/online-wahlen\/breitbandausbau","og_locale":"de_DE","og_type":"article","og_title":"Digitalprogramm der Parteien zur Bundestagswahl: Breitbandausbau","og_description":"Der Breitbandausbau ist bei allen Parteien auf der Agenda. Lesen Sie hier \u00fcber die Pl\u00e4ne der Parteien zur Erweiterung des Glasfasernetzes!","og_url":"https:\/\/www.polyas.de\/blog\/de\/online-wahlen\/breitbandausbau","og_site_name":"POLYAS","article_published_time":"2017-09-07T08:00:49+00:00","article_modified_time":"2017-09-08T08:49:30+00:00","og_image":[{"width":860,"height":280,"url":"https:\/\/i0.wp.com\/www.polyas.de\/blog\/wp-content\/uploads\/2017\/08\/Digitale-Schwerpunkt-Bundestagswahl-Programm.jpg?fit=860%2C280&ssl=1","type":"image\/jpeg"}],"author":"Peter Schraeder","twitter_card":"summary_large_image","twitter_misc":{"Verfasst von":"Peter Schraeder","Gesch\u00e4tzte Lesezeit":"3 Minuten"},"schema":{"@context":"https:\/\/schema.org","@graph":[{"@type":"WebPage","@id":"https:\/\/www.polyas.de\/blog\/de\/online-wahlen\/breitbandausbau","url":"https:\/\/www.polyas.de\/blog\/de\/online-wahlen\/breitbandausbau","name":"Digitalprogramm der Parteien zur Bundestagswahl: Breitbandausbau","isPartOf":{"@id":"https:\/\/www.polyas.de\/blog\/#website"},"datePublished":"2017-09-07T08:00:49+00:00","dateModified":"2017-09-08T08:49:30+00:00","author":{"@id":"https:\/\/www.polyas.de\/blog\/#\/schema\/person\/73c28ac950bd0b4d1a9d88ae887f0167"},"description":"Der Breitbandausbau ist bei allen Parteien auf der Agenda. Lesen Sie hier \u00fcber die Pl\u00e4ne der Parteien zur Erweiterung des Glasfasernetzes!","breadcrumb":{"@id":"https:\/\/www.polyas.de\/blog\/de\/online-wahlen\/breitbandausbau#breadcrumb"},"inLanguage":"de-DE","potentialAction":[{"@type":"ReadAction","target":["https:\/\/www.polyas.de\/blog\/de\/online-wahlen\/breitbandausbau"]}]},{"@type":"BreadcrumbList","@id":"https:\/\/www.polyas.de\/blog\/de\/online-wahlen\/breitbandausbau#breadcrumb","itemListElement":[{"@type":"ListItem","position":1,"name":"Startseite","item":"https:\/\/www.polyas.de\/blog\/de"},{"@type":"ListItem","position":2,"name":"Digitalprogramm der Parteien zur Bundestagswahl: Breitbandausbau"}]},{"@type":"WebSite","@id":"https:\/\/www.polyas.de\/blog\/#website","url":"https:\/\/www.polyas.de\/blog\/","name":"POLYAS","description":"the blog for secure online voting","potentialAction":[{"@type":"SearchAction","target":{"@type":"EntryPoint","urlTemplate":"https:\/\/www.polyas.de\/blog\/?s={search_term_string}"},"query-input":"required name=search_term_string"}],"inLanguage":"de-DE"},{"@type":"Person","@id":"https:\/\/www.polyas.de\/blog\/#\/schema\/person\/73c28ac950bd0b4d1a9d88ae887f0167","name":"Peter Schraeder","image":{"@type":"ImageObject","inLanguage":"de-DE","@id":"https:\/\/www.polyas.de\/blog\/#\/schema\/person\/image\/","url":"https:\/\/secure.gravatar.com\/avatar\/4f9e48dcaa40fec909b27d8a9fab7beb?s=96&d=mm&r=g","contentUrl":"https:\/\/secure.gravatar.com\/avatar\/4f9e48dcaa40fec909b27d8a9fab7beb?s=96&d=mm&r=g","caption":"Peter Schraeder"},"url":"https:\/\/www.polyas.de\/blog\/author\/peter-schraeder"}]}},"jetpack_featured_media_url":"https:\/\/www.polyas.de\/blog\/wp-content\/uploads\/2017\/08\/Digitale-Schwerpunkt-Bundestagswahl-Programm.jpg","jetpack_publicize_connections":[],"jetpack_shortlink":"https:\/\/wp.me\/p72Pnr-1sS","jetpack-related-posts":[{"id":6031,"url":"https:\/\/www.polyas.de\/blog\/de\/veranstaltungen\/young-restless-e-government","url_meta":{"origin":5634,"position":0},"title":"Konstantin von Notz: \u201eDeutschland wird beim E-Government abgeh\u00e4ngt\u201c","date":"30\/11\/2017","format":false,"excerpt":"Breitbandausbau, E-Government, Digitalministerium \u2013 welche Digitalthemen wird der Deutsche Bundestag in seiner n\u00e4chsten Legislaturperiode angehen? Dar\u00fcber diskutierten gestern Abend Bundestagsabgeordnete von SPD, CDU, FDP und Gr\u00fcnen bei \u201eYoung and Restless\u201c in Berlin. POLYAS war dabei und berichtet von den Pl\u00e4nen der Parteien. Nach Jamaika-Aus sind digitale Pl\u00e4ne offen Das hatte\u2026","rel":"","context":"In &quot;Veranstaltungen&quot;","img":{"alt_text":"","src":"https:\/\/i0.wp.com\/www.polyas.de\/blog\/wp-content\/uploads\/2017\/11\/Young-and-Restless_Digitalagenda_Bundestag_E-Government.gif?resize=350%2C200&ssl=1","width":350,"height":200},"classes":[]},{"id":5659,"url":"https:\/\/www.polyas.de\/blog\/de\/digital-news\/datenschutz","url_meta":{"origin":5634,"position":1},"title":"Digitalprogramm der Parteien zur Bundestagswahl: Datenschutz","date":"13\/09\/2017","format":false,"excerpt":"Datenschutz ist immer ein hei\u00df diskutiertes Thema: Derzeit werfen viele Medien die Frage auf, wie der Staat sich vor ausl\u00e4ndischen Hackern sch\u00fctzen kann. Doch wie sch\u00fctzt man die Privatsph\u00e4re der B\u00fcrger vor Staat und Konzernen? So sehen die Pl\u00e4ne der Parteien zur Bundestagswahl aus\u2026 Datenschutz vs. Datennutzung F\u00fcr CDU und\u2026","rel":"","context":"In &quot;Digital News&quot;","img":{"alt_text":"Digitale Schwerpunkte in Bundestagswahlprogrammen","src":"https:\/\/i0.wp.com\/www.polyas.de\/blog\/wp-content\/uploads\/2017\/08\/Digitale-Schwerpunkt-Bundestagswahl-Programm.jpg?resize=350%2C200&ssl=1","width":350,"height":200},"classes":[]},{"id":5692,"url":"https:\/\/www.polyas.de\/blog\/de\/digital-news\/digitalprogramm-industrie-4-0","url_meta":{"origin":5634,"position":2},"title":"Digitalprogramm der Parteien zur Bundestagswahl: Industrie 4.0","date":"21\/09\/2017","format":false,"excerpt":"Industrie 4.0 ist das Schlagwort der Stunde, wenn es um die Zukunft der Arbeitswelt geht. Die Parteien sind bei diesem Thema gespalten: Die einen sehen vor allem die digitalen M\u00f6glichkeiten, die anderen bef\u00fcrchten, dass uns Roboter und Algorithmen die Arbeit wegnehmen. Welche Pl\u00e4ne haben die Parteien f\u00fcr die Zukunft? Keine\u2026","rel":"","context":"In &quot;Digital News&quot;","img":{"alt_text":"Digitale Schwerpunkte in Bundestagswahlprogrammen","src":"https:\/\/i0.wp.com\/www.polyas.de\/blog\/wp-content\/uploads\/2017\/08\/Digitale-Schwerpunkt-Bundestagswahl-Programm.jpg?resize=350%2C200&ssl=1","width":350,"height":200},"classes":[]},{"id":6247,"url":"https:\/\/www.polyas.de\/blog\/de\/digitale-demokratie\/sondierungspapier-digitales","url_meta":{"origin":5634,"position":3},"title":"GroKo-Sondierungspapier: Das ist im Bereich Digitales geplant","date":"24\/01\/2018","format":false,"excerpt":"Die SPD-Delegierten stimmten am vergangenen Wochenende f\u00fcr die Aufnahme von Koalitionsverhandlungen mit der CDU\/CSU, Grundlage war das Sondierungspapier. Die drei Parteien hatten sich in der vergangenen Woche auf das gemeinsames Papier im Rahmen geeinigt. Wir haben die 28\u00a0Seiten nach netzpolitischen Vorhaben durchsucht und diese aufgelistet. Sondierungspapier enth\u00e4lt wenig Konkretes Am\u2026","rel":"","context":"In &quot;Digitale Demokratie&quot;","img":{"alt_text":"Wird das Sondierungspapier zu einer Neuauflage der GroKo f\u00fchren?","src":"https:\/\/i0.wp.com\/www.polyas.de\/blog\/wp-content\/uploads\/2018\/01\/Kanzlermodell.jpg?resize=350%2C200&ssl=1","width":350,"height":200},"classes":[]},{"id":6372,"url":"https:\/\/www.polyas.de\/blog\/de\/digital-news\/digitalisierung-vergleich-bundeslaender","url_meta":{"origin":5634,"position":4},"title":"Digitalisierung: 16 Wege in die Zukunft &#8211; Digitalvergleich der Bundesl\u00e4nder","date":"28\/02\/2018","format":false,"excerpt":"Ob Bundestag, Landtag, Senat oder B\u00fcrgermeister: Alle reden von der Digitalisierung, wie wichtig sie sei und dass man sie \u201evorantreiben\u201c m\u00fcsse. Aber was hei\u00dft das eigentlich genau? Wir haben uns die Digitalagenda der einzelnen Bundesl\u00e4nder mal genauer angesehen. Digitalisierung hat viele Gesichter Eines haben alle Bundesl\u00e4nder, bis auf die Stadtstaaten,\u2026","rel":"","context":"In &quot;Digital News&quot;","img":{"alt_text":"","src":"https:\/\/i0.wp.com\/www.polyas.de\/blog\/wp-content\/uploads\/2018\/02\/Digitalisierung-in-den-Bundeslaendern.jpg?resize=350%2C200&ssl=1","width":350,"height":200},"classes":[]},{"id":2388,"url":"https:\/\/www.polyas.de\/blog\/de\/digitale-demokratie\/social-media-marketing-statt-wahlkampf","url_meta":{"origin":5634,"position":5},"title":"Social Media im Wahlkampf","date":"24\/05\/2016","format":false,"excerpt":"Der Ausgang von Wahlen h\u00e4ngt schon lange nicht mehr davon ab, wer das bessere Parteiprogramm hat, die Wirtschaft st\u00e4rkt oder schlicht in Politrunden \u00fcberzeugen kann. Der Wahlerfolg\u00a0einer Partei oder eines Politikers h\u00e4ngt immer st\u00e4rker von den Medien und vor allem dem Einsatz von Social Media ab. Sich in sozialen Netzwerken\u2026","rel":"","context":"In &quot;Digitale Demokratie&quot;","img":{"alt_text":"Social Media und Online-Marketing: So funktioniert der digitale Wahlkampf","src":"https:\/\/i0.wp.com\/www.polyas.de\/blog\/wp-content\/uploads\/2016\/05\/Social-Media-Wahlkampf-e1466077862334.jpg?resize=350%2C200&ssl=1","width":350,"height":200},"classes":[]}],"_links":{"self":[{"href":"https:\/\/www.polyas.de\/blog\/wp-json\/wp\/v2\/posts\/5634"}],"collection":[{"href":"https:\/\/www.polyas.de\/blog\/wp-json\/wp\/v2\/posts"}],"about":[{"href":"https:\/\/www.polyas.de\/blog\/wp-json\/wp\/v2\/types\/post"}],"author":[{"embeddable":true,"href":"https:\/\/www.polyas.de\/blog\/wp-json\/wp\/v2\/users\/277"}],"replies":[{"embeddable":true,"href":"https:\/\/www.polyas.de\/blog\/wp-json\/wp\/v2\/comments?post=5634"}],"version-history":[{"count":6,"href":"https:\/\/www.polyas.de\/blog\/wp-json\/wp\/v2\/posts\/5634\/revisions"}],"predecessor-version":[{"id":5645,"href":"https:\/\/www.polyas.de\/blog\/wp-json\/wp\/v2\/posts\/5634\/revisions\/5645"}],"wp:featuredmedia":[{"embeddable":true,"href":"https:\/\/www.polyas.de\/blog\/wp-json\/wp\/v2\/media\/5594"}],"wp:attachment":[{"href":"https:\/\/www.polyas.de\/blog\/wp-json\/wp\/v2\/media?parent=5634"}],"wp:term":[{"taxonomy":"category","embeddable":true,"href":"https:\/\/www.polyas.de\/blog\/wp-json\/wp\/v2\/categories?post=5634"},{"taxonomy":"post_tag","embeddable":true,"href":"https:\/\/www.polyas.de\/blog\/wp-json\/wp\/v2\/tags?post=5634"}],"curies":[{"name":"wp","href":"https:\/\/api.w.org\/{rel}","templated":true}]}}