{"id":5005,"date":"2017-05-15T13:25:38","date_gmt":"2017-05-15T11:25:38","guid":{"rendered":"https:\/\/www.polyas.de\/blog\/?p=5005"},"modified":"2017-05-15T13:25:38","modified_gmt":"2017-05-15T11:25:38","slug":"landtagswahl-nrw","status":"publish","type":"post","link":"https:\/\/www.polyas.de\/blog\/de\/online-wahlen\/landtagswahl-nrw","title":{"rendered":"#WahlNews: Landtagswahl in Nordrhein-Westfalen"},"content":{"rendered":"<p><strong>Gestern<\/strong> waren etwa 13,2 Millionen W\u00e4hler in Nordrhein-Westfalen (NRW) dazu aufgerufen, einen neuen Landtag zu w\u00e4hlen. Die CDU unter der F\u00fchrung Armin Laschets gewann die Landtagswahl \u00fcberraschend deutlich, Die Rot-Gr\u00fcne Koaltion kann nicht weiter regieren. Kommentatoren sprachen schnell von einem \u201epolitischen Erbeben\u201c, denn NRW gilt als SPD-Herzland. Nun bleibt die Frage, welche Bedeutung das Ergebnis aus NRW f\u00fcr den Bundestagswahlkampf haben wird. Alle Infos zur Landtagswahl in NRW in unseren <strong>#WahlNews.<\/strong><!--more--><\/p>\n<h3>Das Ergebnis in Zahlen<\/h3>\n<p>Die CDU holte am vergangenen Sonntag 33 Prozent der Stimmen, die SPD kam nur auf 31,2 Prozent. Damit gewann die Union im Vergleich zur Landtagswahl 2012 6,7 Prozent, w\u00e4hrend die Sozialdemokraten ganze 7,8 Prozent verloren. Auch die Gr\u00fcnen verloren deutlich und kamen nur auf einen Stimmenanteil von 6,4 Prozent. Die Piraten konnten lediglich ein Prozent der Stimmen gewinnen und sind somit in keinem Landesparlament mehr vertreten.<\/p>\n<p>Die Linke konnte zwar Gewinne verzeichnen, scheiterte aber an der F\u00fcnf-Prozent-H\u00fcrde. Ein deutliches Plus hingegen konnte die FDP verzeichnen. Mit 12,6 Prozent holte sie in Nordrhein-Westfalen das beste Ergebnis seit Jahrzehnten. Die AfD erreichte 7,5 Prozent der Stimmen und zog erstmals ins NRW-Parlament ein.<\/p>\n<h3>Reaktionen auf die Landtagswahl in NRW<\/h3>\n<p>Schon kurze Zeit nach der Wahl zog die bisherige Ministerpr\u00e4sidentin Hannelore Kraft die Konsequenzen aus der Niederlage und trat von ihren \u00c4mtern als stellvertretende Vorsitzende der Bundes-SPD und als SPD-Landesvorsitzende zur\u00fcck. Kanzlerkandidat Martin Schulz bezeichnete die NRW-Wahl als \u201ekrachende Niederlage\u201c.<\/p>\n<p>Jubel-Stimmung herrschte hingegen bei der CDU. Noch ist nicht v\u00f6llig klar, warum die Konservativen so deutlich gewannen, gerade auch weil CDU-Spitzenmann Armin Laschet im Wahlkampf als wenig charismatisch beschrieben wurde. Viel deutet darauf hin, dass sich die W\u00e4hler schlichtweg gegen die SPD entschieden haben. Im Vergleich zur Landtagswahl 2012 wanderten mehrere hunderttausend W\u00e4hler von der SPD zur CDU. Zudem konnten die Christdemokraten viele Nichtw\u00e4hler mobilisieren.<\/p>\n<h3>CDU h\u00e4lt Tr\u00fcmpfe bei der Koalitionsverhandlung<\/h3>\n<p>Armin Laschet ist nun in der komfortablen Situation, sich den Koalitionspartner aussuchen zu k\u00f6nnen. Zwei Optionen sind denkbar:<\/p>\n<ul>\n<li>entweder bildet die CDU mit der SPD in eine Gro\u00dfe Koalition<\/li>\n<li>oder sie regiert zusammen mit der FDP<\/li>\n<\/ul>\n<p>Laschet sprach am Tag nach der Wahl davon, sich beide Optionen offenhalten zu wollen. CDU-Pr\u00e4sidiumsmitglied Jens Spahn bezog hingegen schon deutlicher Stellung und bezeichnete die eine Koalition aus CDU und FDP als \u201estarkes Zeichen f\u00fcr den Bund\u201c. FDP-Chef Christian Lindner steht einer schwarz-gelben Koalition allerdings reserviert gegen\u00fcber.<\/p>\n<h3>Was passiert bei der Bundestagswahl?<\/h3>\n<p>Nun steht die gro\u00dfe Frage im Raum, wie sich die NRW-Wahl auf die Bundestagswahl auswirken wird. Zusammen mit dem Saarland und Schleswig-Holstein hat die CDU nun die dritte Landtagswahl in Folge f\u00fcr sich entscheiden k\u00f6nnen. Die hohen Erwartungen, die in Martin Schulz gesteckt wurden, haben sich bisher nicht erf\u00fcllt. Nun m\u00fcsse die Forderung nach sozialer Gerechtigkeit mit mehr Leben gef\u00fcllt werden, hei\u00dft es aus der SPD.<\/p>\n<p>Lesen Sie hier, wie die Wahlen im <a href=\"https:\/\/www.polyas.de\/blog\/de\/online-wahlen\/4639\">Saarland<\/a>\u00a0und in <a href=\"https:\/\/www.polyas.de\/blog\/de\/online-wahlen\/wahl-schleswig-holstein-frankreich\">Schleswig-Holstein<\/a> ausgegangen sind.<\/p>\n","protected":false},"excerpt":{"rendered":"<p>Gestern waren etwa 13,2 Millionen W\u00e4hler in Nordrhein-Westfalen (NRW) dazu aufgerufen, einen neuen Landtag zu w\u00e4hlen. Die CDU unter der F\u00fchrung Armin Laschets gewann die Landtagswahl \u00fcberraschend deutlich, Die Rot-Gr\u00fcne Koaltion kann nicht weiter regieren. Kommentatoren sprachen schnell von einem \u201epolitischen Erbeben\u201c, denn NRW gilt als SPD-Herzland. Nun bleibt die Frage, welche Bedeutung das Ergebnis [&hellip;]<\/p>\n","protected":false},"author":277,"featured_media":4031,"comment_status":"open","ping_status":"open","sticky":false,"template":"","format":"standard","meta":{"_eb_attr":"","ub_ctt_via":"","spay_email":"","jetpack_publicize_message":"","jetpack_is_tweetstorm":false,"jetpack_publicize_feature_enabled":true},"categories":[8],"tags":[1442,331,317],"featured_image_src":"https:\/\/www.polyas.de\/blog\/wp-content\/uploads\/2016\/12\/Wahl-News-Schmal_810x280.png","author_info":{"display_name":"Peter Schraeder","author_link":"https:\/\/www.polyas.de\/blog\/author\/peter-schraeder"},"yoast_head":"<!-- This site is optimized with the Yoast SEO plugin v19.9 - https:\/\/yoast.com\/wordpress\/plugins\/seo\/ -->\n<title>#WahlNews: Landtagswahl in Nordrhein-Westfalen - POLYAS<\/title>\n<meta name=\"description\" content=\"Die CDU hat die Landtagswahl in Nordrhein-Westfalen \u00fcberraschend deutlich gewonnen. Rot-Gr\u00fcn ist abgew\u00e4hlt. Alle Infos zur NRW-Wahl jetzt in den #WahlNews!\" \/>\n<meta name=\"robots\" content=\"index, follow, max-snippet:-1, max-image-preview:large, max-video-preview:-1\" \/>\n<link rel=\"canonical\" href=\"https:\/\/www.polyas.de\/blog\/de\/online-wahlen\/landtagswahl-nrw\" \/>\n<meta property=\"og:locale\" content=\"de_DE\" \/>\n<meta property=\"og:type\" content=\"article\" \/>\n<meta property=\"og:title\" content=\"#WahlNews: Landtagswahl in Nordrhein-Westfalen - POLYAS\" \/>\n<meta property=\"og:description\" content=\"Die CDU hat die Landtagswahl in Nordrhein-Westfalen \u00fcberraschend deutlich gewonnen. Rot-Gr\u00fcn ist abgew\u00e4hlt. Alle Infos zur NRW-Wahl jetzt in den #WahlNews!\" \/>\n<meta property=\"og:url\" content=\"https:\/\/www.polyas.de\/blog\/de\/online-wahlen\/landtagswahl-nrw\" \/>\n<meta property=\"og:site_name\" content=\"POLYAS\" \/>\n<meta property=\"article:published_time\" content=\"2017-05-15T11:25:38+00:00\" \/>\n<meta property=\"og:image\" content=\"https:\/\/i0.wp.com\/www.polyas.de\/blog\/wp-content\/uploads\/2016\/12\/Wahl-News-Schmal_810x280.png?fit=810%2C280&ssl=1\" \/>\n\t<meta property=\"og:image:width\" content=\"810\" \/>\n\t<meta property=\"og:image:height\" content=\"280\" \/>\n\t<meta property=\"og:image:type\" content=\"image\/png\" \/>\n<meta name=\"author\" content=\"Peter Schraeder\" \/>\n<meta name=\"twitter:card\" content=\"summary_large_image\" \/>\n<meta name=\"twitter:label1\" content=\"Verfasst von\" \/>\n\t<meta name=\"twitter:data1\" content=\"Peter Schraeder\" \/>\n\t<meta name=\"twitter:label2\" content=\"Gesch\u00e4tzte Lesezeit\" \/>\n\t<meta name=\"twitter:data2\" content=\"2 Minuten\" \/>\n<script type=\"application\/ld+json\" class=\"yoast-schema-graph\">{\"@context\":\"https:\/\/schema.org\",\"@graph\":[{\"@type\":\"WebPage\",\"@id\":\"https:\/\/www.polyas.de\/blog\/de\/online-wahlen\/landtagswahl-nrw\",\"url\":\"https:\/\/www.polyas.de\/blog\/de\/online-wahlen\/landtagswahl-nrw\",\"name\":\"#WahlNews: Landtagswahl in Nordrhein-Westfalen - POLYAS\",\"isPartOf\":{\"@id\":\"https:\/\/www.polyas.de\/blog\/#website\"},\"datePublished\":\"2017-05-15T11:25:38+00:00\",\"dateModified\":\"2017-05-15T11:25:38+00:00\",\"author\":{\"@id\":\"https:\/\/www.polyas.de\/blog\/#\/schema\/person\/73c28ac950bd0b4d1a9d88ae887f0167\"},\"description\":\"Die CDU hat die Landtagswahl in Nordrhein-Westfalen \u00fcberraschend deutlich gewonnen. Rot-Gr\u00fcn ist abgew\u00e4hlt. Alle Infos zur NRW-Wahl jetzt in den #WahlNews!\",\"breadcrumb\":{\"@id\":\"https:\/\/www.polyas.de\/blog\/de\/online-wahlen\/landtagswahl-nrw#breadcrumb\"},\"inLanguage\":\"de-DE\",\"potentialAction\":[{\"@type\":\"ReadAction\",\"target\":[\"https:\/\/www.polyas.de\/blog\/de\/online-wahlen\/landtagswahl-nrw\"]}]},{\"@type\":\"BreadcrumbList\",\"@id\":\"https:\/\/www.polyas.de\/blog\/de\/online-wahlen\/landtagswahl-nrw#breadcrumb\",\"itemListElement\":[{\"@type\":\"ListItem\",\"position\":1,\"name\":\"Startseite\",\"item\":\"https:\/\/www.polyas.de\/blog\/de\"},{\"@type\":\"ListItem\",\"position\":2,\"name\":\"#WahlNews: Landtagswahl in Nordrhein-Westfalen\"}]},{\"@type\":\"WebSite\",\"@id\":\"https:\/\/www.polyas.de\/blog\/#website\",\"url\":\"https:\/\/www.polyas.de\/blog\/\",\"name\":\"POLYAS\",\"description\":\"the blog for secure online voting\",\"potentialAction\":[{\"@type\":\"SearchAction\",\"target\":{\"@type\":\"EntryPoint\",\"urlTemplate\":\"https:\/\/www.polyas.de\/blog\/?s={search_term_string}\"},\"query-input\":\"required name=search_term_string\"}],\"inLanguage\":\"de-DE\"},{\"@type\":\"Person\",\"@id\":\"https:\/\/www.polyas.de\/blog\/#\/schema\/person\/73c28ac950bd0b4d1a9d88ae887f0167\",\"name\":\"Peter Schraeder\",\"image\":{\"@type\":\"ImageObject\",\"inLanguage\":\"de-DE\",\"@id\":\"https:\/\/www.polyas.de\/blog\/#\/schema\/person\/image\/\",\"url\":\"https:\/\/secure.gravatar.com\/avatar\/4f9e48dcaa40fec909b27d8a9fab7beb?s=96&d=mm&r=g\",\"contentUrl\":\"https:\/\/secure.gravatar.com\/avatar\/4f9e48dcaa40fec909b27d8a9fab7beb?s=96&d=mm&r=g\",\"caption\":\"Peter Schraeder\"},\"url\":\"https:\/\/www.polyas.de\/blog\/author\/peter-schraeder\"}]}<\/script>\n<!-- \/ Yoast SEO plugin. -->","yoast_head_json":{"title":"#WahlNews: Landtagswahl in Nordrhein-Westfalen - POLYAS","description":"Die CDU hat die Landtagswahl in Nordrhein-Westfalen \u00fcberraschend deutlich gewonnen. Rot-Gr\u00fcn ist abgew\u00e4hlt. Alle Infos zur NRW-Wahl jetzt in den #WahlNews!","robots":{"index":"index","follow":"follow","max-snippet":"max-snippet:-1","max-image-preview":"max-image-preview:large","max-video-preview":"max-video-preview:-1"},"canonical":"https:\/\/www.polyas.de\/blog\/de\/online-wahlen\/landtagswahl-nrw","og_locale":"de_DE","og_type":"article","og_title":"#WahlNews: Landtagswahl in Nordrhein-Westfalen - POLYAS","og_description":"Die CDU hat die Landtagswahl in Nordrhein-Westfalen \u00fcberraschend deutlich gewonnen. Rot-Gr\u00fcn ist abgew\u00e4hlt. Alle Infos zur NRW-Wahl jetzt in den #WahlNews!","og_url":"https:\/\/www.polyas.de\/blog\/de\/online-wahlen\/landtagswahl-nrw","og_site_name":"POLYAS","article_published_time":"2017-05-15T11:25:38+00:00","og_image":[{"width":810,"height":280,"url":"https:\/\/i0.wp.com\/www.polyas.de\/blog\/wp-content\/uploads\/2016\/12\/Wahl-News-Schmal_810x280.png?fit=810%2C280&ssl=1","type":"image\/png"}],"author":"Peter Schraeder","twitter_card":"summary_large_image","twitter_misc":{"Verfasst von":"Peter Schraeder","Gesch\u00e4tzte Lesezeit":"2 Minuten"},"schema":{"@context":"https:\/\/schema.org","@graph":[{"@type":"WebPage","@id":"https:\/\/www.polyas.de\/blog\/de\/online-wahlen\/landtagswahl-nrw","url":"https:\/\/www.polyas.de\/blog\/de\/online-wahlen\/landtagswahl-nrw","name":"#WahlNews: Landtagswahl in Nordrhein-Westfalen - POLYAS","isPartOf":{"@id":"https:\/\/www.polyas.de\/blog\/#website"},"datePublished":"2017-05-15T11:25:38+00:00","dateModified":"2017-05-15T11:25:38+00:00","author":{"@id":"https:\/\/www.polyas.de\/blog\/#\/schema\/person\/73c28ac950bd0b4d1a9d88ae887f0167"},"description":"Die CDU hat die Landtagswahl in Nordrhein-Westfalen \u00fcberraschend deutlich gewonnen. Rot-Gr\u00fcn ist abgew\u00e4hlt. Alle Infos zur NRW-Wahl jetzt in den #WahlNews!","breadcrumb":{"@id":"https:\/\/www.polyas.de\/blog\/de\/online-wahlen\/landtagswahl-nrw#breadcrumb"},"inLanguage":"de-DE","potentialAction":[{"@type":"ReadAction","target":["https:\/\/www.polyas.de\/blog\/de\/online-wahlen\/landtagswahl-nrw"]}]},{"@type":"BreadcrumbList","@id":"https:\/\/www.polyas.de\/blog\/de\/online-wahlen\/landtagswahl-nrw#breadcrumb","itemListElement":[{"@type":"ListItem","position":1,"name":"Startseite","item":"https:\/\/www.polyas.de\/blog\/de"},{"@type":"ListItem","position":2,"name":"#WahlNews: Landtagswahl in Nordrhein-Westfalen"}]},{"@type":"WebSite","@id":"https:\/\/www.polyas.de\/blog\/#website","url":"https:\/\/www.polyas.de\/blog\/","name":"POLYAS","description":"the blog for secure online voting","potentialAction":[{"@type":"SearchAction","target":{"@type":"EntryPoint","urlTemplate":"https:\/\/www.polyas.de\/blog\/?s={search_term_string}"},"query-input":"required name=search_term_string"}],"inLanguage":"de-DE"},{"@type":"Person","@id":"https:\/\/www.polyas.de\/blog\/#\/schema\/person\/73c28ac950bd0b4d1a9d88ae887f0167","name":"Peter Schraeder","image":{"@type":"ImageObject","inLanguage":"de-DE","@id":"https:\/\/www.polyas.de\/blog\/#\/schema\/person\/image\/","url":"https:\/\/secure.gravatar.com\/avatar\/4f9e48dcaa40fec909b27d8a9fab7beb?s=96&d=mm&r=g","contentUrl":"https:\/\/secure.gravatar.com\/avatar\/4f9e48dcaa40fec909b27d8a9fab7beb?s=96&d=mm&r=g","caption":"Peter Schraeder"},"url":"https:\/\/www.polyas.de\/blog\/author\/peter-schraeder"}]}},"jetpack_featured_media_url":"https:\/\/www.polyas.de\/blog\/wp-content\/uploads\/2016\/12\/Wahl-News-Schmal_810x280.png","jetpack_publicize_connections":[],"jetpack_shortlink":"https:\/\/wp.me\/p72Pnr-1iJ","jetpack-related-posts":[{"id":7417,"url":"https:\/\/www.polyas.de\/blog\/de\/online-wahlen\/landtagswahl-2019-brandenburg-sachsen","url_meta":{"origin":5005,"position":0},"title":"Landtagswahl 2019 in Brandenburg und Sachsen: Regierungen abgew\u00e4hlt","date":"02\/09\/2019","format":false,"excerpt":"Die Landtagswahl 2019 in Sachsen und Brandenburg ist entschieden. CDU und SPD bleiben zwar st\u00e4rkste Kraft, m\u00fcssen aber herbe Verluste hinnehmen, w\u00e4hrend die AFD in beiden Bundesl\u00e4ndern kr\u00e4ftig zulegt. POLYAS hat alle\u00a0#Wahlnews zusammengefasst. Die CDU hatte bei der s\u00e4chsischen Landtagswahl am 1. September 2019 zwar Verluste zu verzeichnen, konnte die\u2026","rel":"","context":"In &quot;Wahl News&quot;","img":{"alt_text":"Brandenburg und Sachsen haben einen neuen Landtag","src":"https:\/\/i0.wp.com\/www.polyas.de\/blog\/wp-content\/uploads\/2019\/09\/Wahl-News-Landtagswahl-2019.png?resize=350%2C200&ssl=1","width":350,"height":200},"classes":[]},{"id":6813,"url":"https:\/\/www.polyas.de\/blog\/de\/online-wahlen\/landtagswahl-bayern","url_meta":{"origin":5005,"position":1},"title":"Bayern: Koalition aus CSU und Freien W\u00e4hlern wahrscheinlich","date":"15\/10\/2018","format":false,"excerpt":"Nach der Landtagswahl in Bayern steht fest, was Prognosen lange vorhergesagt hatten: Die CSU hat die absolute Mehrheit verloren. Allerdings kann auch keine Regierung gegen die Bayern-Partei gebildet werden. Am wahrscheinlichsten ist eine Koalition der CSU mit den Freien W\u00e4hlern. #WahlNews Hohe Verluste f\u00fcr CSU und SPD Die CSU holte\u2026","rel":"","context":"In &quot;Wahl News&quot;","img":{"alt_text":"Erfahren Sie alles Aktuelle \u00fcber die Parlamentswahl in der Ukraine","src":"https:\/\/i0.wp.com\/www.polyas.de\/blog\/wp-content\/uploads\/2016\/12\/Wahl-News-Schmal_810x280.png?resize=350%2C200&ssl=1","width":350,"height":200},"classes":[]},{"id":6833,"url":"https:\/\/www.polyas.de\/blog\/de\/online-wahlen\/hessen-landtagswahl-merkel","url_meta":{"origin":5005,"position":2},"title":"Nach Landtagswahl in Hessen: Merkel gibt Parteivorsitz ab","date":"29\/10\/2018","format":false,"excerpt":"Bundeskanzlerin Angela Merkel wird den Parteivorsitz \u00fcber die CDU nach den hohen Verlusten bei der Wahl in Hessen abgeben. Schwarz-Gr\u00fcn kann weiterregieren, auch wenn andere Koalitionen m\u00f6glich sind. Bei der Wahl in Brasilien hat sich der rechte Kandidat Jair Bolsonaro durchgesetzt. Alle Wahlen des Wochenendes in unseren #WahlNews. Wahl in\u2026","rel":"","context":"In &quot;Wahl News&quot;","img":{"alt_text":"Erfahren Sie alles Aktuelle \u00fcber die Parlamentswahl in der Ukraine","src":"https:\/\/i0.wp.com\/www.polyas.de\/blog\/wp-content\/uploads\/2016\/12\/Wahl-News-Schmal_810x280.png?resize=350%2C200&ssl=1","width":350,"height":200},"classes":[]},{"id":3293,"url":"https:\/\/www.polyas.de\/blog\/de\/online-wahlen\/landtagswahl-mecklenburg-vorpommern","url_meta":{"origin":5005,"position":3},"title":"Landtagswahl Mecklenburg-Vorpommern: Die gro\u00dfe Koalition bleibt","date":"05\/09\/2016","format":false,"excerpt":"Immer wieder sonntags \u2026 am 04.09. fand in\u00a0Mecklenburg-Vorpommern die\u00a0Landtagswahl statt. Die wichtigsten Infos haben wir f\u00fcr Sie in unseren\u00a0#WahlNews noch einmal aufbereitet. Wahlergebnisse in K\u00fcrze: Der bisherige Ministerpr\u00e4sident Erwin Sellering von der SPD bleibt weiterhin im Land Die AfD erreicht aus dem Stand 20,8% der W\u00e4hlerstimmen und ist damit die\u2026","rel":"","context":"In &quot;Wahl News&quot;","img":{"alt_text":"In Spanien und der Schweiz wurde abgestimmt","src":"https:\/\/i0.wp.com\/www.polyas.de\/blog\/wp-content\/uploads\/2016\/03\/Wahl-News.png?resize=350%2C200&ssl=1","width":350,"height":200},"classes":[]},{"id":1987,"url":"https:\/\/www.polyas.de\/blog\/de\/online-wahlen\/wahlnews-uebergang-und-wahlkampsstimmung","url_meta":{"origin":5005,"position":4},"title":"#WahlNews: \u00dcbergangs- und Wahlkampfstimmung","date":"15\/02\/2016","format":false,"excerpt":"\u00a014.02.16: Immer wieder sonntags.\u00a0 Wieder ist ein Sonntag rum und wieder entschied sich am traditionellen Wahltag die politische Aufstellung von L\u00e4ndern und St\u00e4dten weltweit. #Haiti Der Inselstaat hat seit Sonntag ein \u00dcbergangs-Staatsoberhaupt. Der bisher amtierende Senatspr\u00e4sident Jocelene Privert wurde am gestrigen Sonntag nach zwei Wahlg\u00e4ngen vom haitianischen Parlament zum \u00dcbergangspr\u00e4sidenten\u2026","rel":"","context":"In &quot;Wahl News&quot;","img":{"alt_text":"Eine w\u00f6chentliche Zusammenfassung der wichtigsten News aus der Welt der Wahlen. Wahlbeteiligung, Wahlergebnisse und politische Zusammenh\u00e4nge!","src":"https:\/\/i0.wp.com\/www.polyas.de\/blog\/wp-content\/uploads\/2015\/11\/Blogvorlagen_Wahlnews2.png?resize=350%2C200&ssl=1","width":350,"height":200},"classes":[]},{"id":5819,"url":"https:\/\/www.polyas.de\/blog\/de\/online-wahlen\/wahl-oesterreich-niedersachsen","url_meta":{"origin":5005,"position":5},"title":"Wahlen in \u00d6sterreich und Niedersachsen im \u00dcberblick","date":"16\/10\/2017","format":false,"excerpt":"Immer wieder sonntags\u2026 Gestern fanden gleich zwei Wahlen statt: In Niedersachsen wurde ein neuer Landtag, in \u00d6sterreich der Nationalrat gew\u00e4hlt. Beide Urneng\u00e4nge hielten einige \u00dcberraschungen bereit. Alle Infos in unseren #WahlNews. SPD gewinnt in Niedersachsen Die SPD hat die Landtagswahl in Niedersachsen f\u00fcr sich entscheiden k\u00f6nnen. Nach dem vorl\u00e4ufigen Endergebnis\u2026","rel":"","context":"In &quot;Wahl News&quot;","img":{"alt_text":"Erfahren Sie alles Aktuelle \u00fcber die Parlamentswahl in der Ukraine","src":"https:\/\/i0.wp.com\/www.polyas.de\/blog\/wp-content\/uploads\/2016\/12\/Wahl-News-Schmal_810x280.png?resize=350%2C200&ssl=1","width":350,"height":200},"classes":[]}],"_links":{"self":[{"href":"https:\/\/www.polyas.de\/blog\/wp-json\/wp\/v2\/posts\/5005"}],"collection":[{"href":"https:\/\/www.polyas.de\/blog\/wp-json\/wp\/v2\/posts"}],"about":[{"href":"https:\/\/www.polyas.de\/blog\/wp-json\/wp\/v2\/types\/post"}],"author":[{"embeddable":true,"href":"https:\/\/www.polyas.de\/blog\/wp-json\/wp\/v2\/users\/277"}],"replies":[{"embeddable":true,"href":"https:\/\/www.polyas.de\/blog\/wp-json\/wp\/v2\/comments?post=5005"}],"version-history":[{"count":3,"href":"https:\/\/www.polyas.de\/blog\/wp-json\/wp\/v2\/posts\/5005\/revisions"}],"predecessor-version":[{"id":5009,"href":"https:\/\/www.polyas.de\/blog\/wp-json\/wp\/v2\/posts\/5005\/revisions\/5009"}],"wp:featuredmedia":[{"embeddable":true,"href":"https:\/\/www.polyas.de\/blog\/wp-json\/wp\/v2\/media\/4031"}],"wp:attachment":[{"href":"https:\/\/www.polyas.de\/blog\/wp-json\/wp\/v2\/media?parent=5005"}],"wp:term":[{"taxonomy":"category","embeddable":true,"href":"https:\/\/www.polyas.de\/blog\/wp-json\/wp\/v2\/categories?post=5005"},{"taxonomy":"post_tag","embeddable":true,"href":"https:\/\/www.polyas.de\/blog\/wp-json\/wp\/v2\/tags?post=5005"}],"curies":[{"name":"wp","href":"https:\/\/api.w.org\/{rel}","templated":true}]}}