{"id":4273,"date":"2017-02-13T12:32:40","date_gmt":"2017-02-13T11:32:40","guid":{"rendered":"https:\/\/www.polyas.de\/blog\/?p=4273"},"modified":"2017-02-13T13:24:17","modified_gmt":"2017-02-13T12:24:17","slug":"wahlnews-neuer-bundespraesident","status":"publish","type":"post","link":"https:\/\/www.polyas.de\/blog\/de\/online-wahlen\/wahlnews-neuer-bundespraesident","title":{"rendered":"#WahlNews: Steinmeier wird neuer Bundespr\u00e4sident"},"content":{"rendered":"<p><strong>Immer wieder sonntags<\/strong>\u2026Gestern wurde der ehemalige Au\u00dfenminister Frank Walter Steinmeier von der Bundesversammlung zum 12. Bundespr\u00e4sidenten gew\u00e4hlt.\u00a0Das neue Staatsoberhaupt\u00a0wird sich in dieser schwierigen Zeit\u00a0vielen Herausforderungen stellen m\u00fcssen. In unseren <strong>#WahlNews<\/strong>\u00a0berichten wir \u00fcber die Wahl des neuen Bundespr\u00e4sidenten.<!--more--><\/p>\n<h3>Ereignisse im \u00dcberblick<\/h3>\n<ul style=\"list-style-type: disc;\">\n<li>Frank-Walter Steinmeier ist zum 12. Bundespr\u00e4sidenten gew\u00e4hlt worden<\/li>\n<li>Er erhielt 931 von 1239 Stimmen der Delegierten auf der Bundesversammlung und gewann so mit gro\u00dfer Mehrheit<\/li>\n<li>Die erforderliche absolute Mehrheit lag bei 631 Stimmen<\/li>\n<li>Steinmeier erzielte eines der besten Ergebnisse aller bisherigen Bundespr\u00e4sidenten<\/li>\n<li>Seine Amtszeit als neuer Bundespr\u00e4sident beginnt am 19. M\u00e4rz, Die Vereidigung findet am 22.M\u00e4rz statt<\/li>\n<\/ul>\n<p>Zur Wahl standen neben dem ehemaligen Au\u00dfenminister Frank-Walter Steinmeier (SPD): Christoph Butterwegge (Linke), Albrecht Glaser (AfD), Alexander Hold (Freie W\u00e4hler) und Engelbert Sonneborn (Piraten).<\/p>\n<p><a href=\"https:\/\/www.polyas.de\/blog\/de\/online-wahlen\/bundespraesidentenwahl-ablauf\"><u>Erfahren Sie hier mehr zur Wahl zum Bundespr\u00e4sidenten <\/u><\/a><\/p>\n<h3><strong>Neuer Bundespr\u00e4sident in schwierigen Zeiten<\/strong><\/h3>\n<p>Ob innen- oder au\u00dfenpolitisch der scheidende Bundespr\u00e4sident\u00a0Gauck hielt sich w\u00e4hrend seiner Amtszeit nicht zur\u00fcck seine Meinung zu \u00e4u\u00dfern: Sogar bei seinem ersten Staatsbesuch in Israel, relativierte der Bundespr\u00e4sident Merkels Wort, dass das Existenzrecht des Staates Israel deutsche \u201eStaatsr\u00e4son\u201c sei. In der T\u00fcrkei kritisierte er Erdogan und seine demokratischen Defizite und in Indien setzte er sich f\u00fcr Menschenrechte ein.<\/p>\n<p>Jetzt tritt der ehemalige Au\u00dfenminister Frank Walter Steinmeier in seine Fu\u00dfstapfen.<\/p>\n<h3><strong>Mehr Mut in st\u00fcrmischen Zeiten<\/strong><\/h3>\n<p>Kanzlerin Angela Merkel sagte nach der Wahl, dass Steinmeier ein hervorragender Bundespr\u00e4sident &#8220;in schwierigen Zeiten&#8221; sein wird. Pers\u00f6nlich k\u00fcndigte der 61-j\u00e4hrige Sozialdemokrat nach der Wahl an gegen\u00a0Populismus und f\u00fcr Freiheit und Demokratie in Europa zu k\u00e4mpfen. Zudem rief er die Deutschen in \u201ediesen st\u00fcrmischen Zeiten\u201c zu mehr Mut auf.<\/p>\n<h3><strong>Gauck fordert Schutz und Liebe zur Demokratie<\/strong><\/h3>\n<p>In seiner letzten Rede vor dem Amtsaustritt warnte Gauck davor, dass der \u201eDemokratie Gefahren drohen\u201c und \u201egro\u00dfe Anstrengungen\u201c n\u00f6tig sein werden, um sie zu st\u00e4rken und aufrechtzuerhalten. \u00a0Als Gefahren nannte Gauck unter anderem Bewegungen, die die Abkehr von Fremden und Freihandel predigen und sich zum \u201eSprecher des Volkes\u201c erkl\u00e4ren w\u00fcrden.<\/p>\n<p>Von seinem Nachfolger erwartet der scheidende Pr\u00e4sident, dass er der Demokratie etwas von sich selbst mitgibt. Zudem spricht er sich f\u00fcr Entschlossenheit und Empathie im Amt aus.<\/p>\n<p>Entscheidungsschw\u00e4che und Risikoscheu sollten auf keinen Fall in der deutschen Politik vorherrschen. Denn \u201ewer auf halbem Weg stehen bleibt, der muss unter Umst\u00e4nden einen hohen Preis zahlen, finanziell und, wichtiger noch, politisch\u201c.<\/p>\n<p>Die wichtigste Botschaft, die Gauck seinem Nachfolger weitergibt, lautet: \u201eWer die Demokratie liebt, wird sie sch\u00fctzen\u201c.<\/p>\n<p>Seit 30 Jahren ist Steinmeier in der Politik. Jetzt beginnt in seiner Karriere eine neue Epoche. An das frisch gew\u00e4hlte Staatsoberhaupt werden in Zeiten von wachsendem Nationalismus und damit verbundenen Konflikten gro\u00dfe Hoffnungen gekn\u00fcpft. Es ist abzuwarten ob er den hohen Erwartungen in seinem Amt gerecht wird.<\/p>\n","protected":false},"excerpt":{"rendered":"<p>Immer wieder sonntags\u2026Gestern wurde der ehemalige Au\u00dfenminister Frank Walter Steinmeier von der Bundesversammlung zum 12. Bundespr\u00e4sidenten gew\u00e4hlt.\u00a0Das neue Staatsoberhaupt\u00a0wird sich in dieser schwierigen Zeit\u00a0vielen Herausforderungen stellen m\u00fcssen. In unseren #WahlNews\u00a0berichten wir \u00fcber die Wahl des neuen Bundespr\u00e4sidenten.<\/p>\n","protected":false},"author":273,"featured_media":4022,"comment_status":"open","ping_status":"open","sticky":false,"template":"","format":"standard","meta":{"_eb_attr":"","ub_ctt_via":"","spay_email":"","jetpack_publicize_message":"","jetpack_is_tweetstorm":false,"jetpack_publicize_feature_enabled":true},"categories":[8],"tags":[1118,325,614],"featured_image_src":"https:\/\/www.polyas.de\/blog\/wp-content\/uploads\/2017\/01\/Wahl-News-Schmal_810x280.png","author_info":{"display_name":"Ines Tipura","author_link":"https:\/\/www.polyas.de\/blog\/author\/i-tipura"},"yoast_head":"<!-- This site is optimized with the Yoast SEO plugin v19.9 - https:\/\/yoast.com\/wordpress\/plugins\/seo\/ -->\n<title>#WahlNews: Steinmeier wird neuer Bundespr\u00e4sident - POLYAS<\/title>\n<meta name=\"description\" content=\"In Deutschland wurde am Sonntag ein neuer Bundespr\u00e4sident gew\u00e4hlt. Ein bekanntes Gesicht bekleidet den Posten- Steinmeier. Wir berichten \u00fcber die Wahl.\" \/>\n<meta name=\"robots\" content=\"index, follow, max-snippet:-1, max-image-preview:large, max-video-preview:-1\" \/>\n<link rel=\"canonical\" href=\"https:\/\/www.polyas.de\/blog\/de\/online-wahlen\/wahlnews-neuer-bundespraesident\" \/>\n<meta property=\"og:locale\" content=\"de_DE\" \/>\n<meta property=\"og:type\" content=\"article\" \/>\n<meta property=\"og:title\" content=\"#WahlNews: Steinmeier wird neuer Bundespr\u00e4sident - POLYAS\" \/>\n<meta property=\"og:description\" content=\"In Deutschland wurde am Sonntag ein neuer Bundespr\u00e4sident gew\u00e4hlt. Ein bekanntes Gesicht bekleidet den Posten- Steinmeier. Wir berichten \u00fcber die Wahl.\" \/>\n<meta property=\"og:url\" content=\"https:\/\/www.polyas.de\/blog\/de\/online-wahlen\/wahlnews-neuer-bundespraesident\" \/>\n<meta property=\"og:site_name\" content=\"POLYAS\" \/>\n<meta property=\"article:published_time\" content=\"2017-02-13T11:32:40+00:00\" \/>\n<meta property=\"article:modified_time\" content=\"2017-02-13T12:24:17+00:00\" \/>\n<meta property=\"og:image\" content=\"https:\/\/i0.wp.com\/www.polyas.de\/blog\/wp-content\/uploads\/2017\/01\/Wahl-News-Schmal_810x280.png?fit=810%2C280&ssl=1\" \/>\n\t<meta property=\"og:image:width\" content=\"810\" \/>\n\t<meta property=\"og:image:height\" content=\"280\" \/>\n\t<meta property=\"og:image:type\" content=\"image\/png\" \/>\n<meta name=\"author\" content=\"Ines Tipura\" \/>\n<meta name=\"twitter:card\" content=\"summary_large_image\" \/>\n<meta name=\"twitter:label1\" content=\"Verfasst von\" \/>\n\t<meta name=\"twitter:data1\" content=\"Ines Tipura\" \/>\n\t<meta name=\"twitter:label2\" content=\"Gesch\u00e4tzte Lesezeit\" \/>\n\t<meta name=\"twitter:data2\" content=\"2 Minuten\" \/>\n<script type=\"application\/ld+json\" class=\"yoast-schema-graph\">{\"@context\":\"https:\/\/schema.org\",\"@graph\":[{\"@type\":\"WebPage\",\"@id\":\"https:\/\/www.polyas.de\/blog\/de\/online-wahlen\/wahlnews-neuer-bundespraesident\",\"url\":\"https:\/\/www.polyas.de\/blog\/de\/online-wahlen\/wahlnews-neuer-bundespraesident\",\"name\":\"#WahlNews: Steinmeier wird neuer Bundespr\u00e4sident - POLYAS\",\"isPartOf\":{\"@id\":\"https:\/\/www.polyas.de\/blog\/#website\"},\"datePublished\":\"2017-02-13T11:32:40+00:00\",\"dateModified\":\"2017-02-13T12:24:17+00:00\",\"author\":{\"@id\":\"https:\/\/www.polyas.de\/blog\/#\/schema\/person\/7090c5d97b2a9412070107bbd207578a\"},\"description\":\"In Deutschland wurde am Sonntag ein neuer Bundespr\u00e4sident gew\u00e4hlt. Ein bekanntes Gesicht bekleidet den Posten- Steinmeier. Wir berichten \u00fcber die Wahl.\",\"breadcrumb\":{\"@id\":\"https:\/\/www.polyas.de\/blog\/de\/online-wahlen\/wahlnews-neuer-bundespraesident#breadcrumb\"},\"inLanguage\":\"de-DE\",\"potentialAction\":[{\"@type\":\"ReadAction\",\"target\":[\"https:\/\/www.polyas.de\/blog\/de\/online-wahlen\/wahlnews-neuer-bundespraesident\"]}]},{\"@type\":\"BreadcrumbList\",\"@id\":\"https:\/\/www.polyas.de\/blog\/de\/online-wahlen\/wahlnews-neuer-bundespraesident#breadcrumb\",\"itemListElement\":[{\"@type\":\"ListItem\",\"position\":1,\"name\":\"Startseite\",\"item\":\"https:\/\/www.polyas.de\/blog\/de\"},{\"@type\":\"ListItem\",\"position\":2,\"name\":\"#WahlNews: Steinmeier wird neuer Bundespr\u00e4sident\"}]},{\"@type\":\"WebSite\",\"@id\":\"https:\/\/www.polyas.de\/blog\/#website\",\"url\":\"https:\/\/www.polyas.de\/blog\/\",\"name\":\"POLYAS\",\"description\":\"the blog for secure online voting\",\"potentialAction\":[{\"@type\":\"SearchAction\",\"target\":{\"@type\":\"EntryPoint\",\"urlTemplate\":\"https:\/\/www.polyas.de\/blog\/?s={search_term_string}\"},\"query-input\":\"required name=search_term_string\"}],\"inLanguage\":\"de-DE\"},{\"@type\":\"Person\",\"@id\":\"https:\/\/www.polyas.de\/blog\/#\/schema\/person\/7090c5d97b2a9412070107bbd207578a\",\"name\":\"Ines Tipura\",\"image\":{\"@type\":\"ImageObject\",\"inLanguage\":\"de-DE\",\"@id\":\"https:\/\/www.polyas.de\/blog\/#\/schema\/person\/image\/\",\"url\":\"https:\/\/secure.gravatar.com\/avatar\/d7715c2e6261ac2598c302f78367173a?s=96&d=mm&r=g\",\"contentUrl\":\"https:\/\/secure.gravatar.com\/avatar\/d7715c2e6261ac2598c302f78367173a?s=96&d=mm&r=g\",\"caption\":\"Ines Tipura\"},\"sameAs\":[\"http:\/\/www.polyas.de\"],\"url\":\"https:\/\/www.polyas.de\/blog\/author\/i-tipura\"}]}<\/script>\n<!-- \/ Yoast SEO plugin. -->","yoast_head_json":{"title":"#WahlNews: Steinmeier wird neuer Bundespr\u00e4sident - POLYAS","description":"In Deutschland wurde am Sonntag ein neuer Bundespr\u00e4sident gew\u00e4hlt. Ein bekanntes Gesicht bekleidet den Posten- Steinmeier. Wir berichten \u00fcber die Wahl.","robots":{"index":"index","follow":"follow","max-snippet":"max-snippet:-1","max-image-preview":"max-image-preview:large","max-video-preview":"max-video-preview:-1"},"canonical":"https:\/\/www.polyas.de\/blog\/de\/online-wahlen\/wahlnews-neuer-bundespraesident","og_locale":"de_DE","og_type":"article","og_title":"#WahlNews: Steinmeier wird neuer Bundespr\u00e4sident - POLYAS","og_description":"In Deutschland wurde am Sonntag ein neuer Bundespr\u00e4sident gew\u00e4hlt. Ein bekanntes Gesicht bekleidet den Posten- Steinmeier. Wir berichten \u00fcber die Wahl.","og_url":"https:\/\/www.polyas.de\/blog\/de\/online-wahlen\/wahlnews-neuer-bundespraesident","og_site_name":"POLYAS","article_published_time":"2017-02-13T11:32:40+00:00","article_modified_time":"2017-02-13T12:24:17+00:00","og_image":[{"width":810,"height":280,"url":"https:\/\/i0.wp.com\/www.polyas.de\/blog\/wp-content\/uploads\/2017\/01\/Wahl-News-Schmal_810x280.png?fit=810%2C280&ssl=1","type":"image\/png"}],"author":"Ines Tipura","twitter_card":"summary_large_image","twitter_misc":{"Verfasst von":"Ines Tipura","Gesch\u00e4tzte Lesezeit":"2 Minuten"},"schema":{"@context":"https:\/\/schema.org","@graph":[{"@type":"WebPage","@id":"https:\/\/www.polyas.de\/blog\/de\/online-wahlen\/wahlnews-neuer-bundespraesident","url":"https:\/\/www.polyas.de\/blog\/de\/online-wahlen\/wahlnews-neuer-bundespraesident","name":"#WahlNews: Steinmeier wird neuer Bundespr\u00e4sident - POLYAS","isPartOf":{"@id":"https:\/\/www.polyas.de\/blog\/#website"},"datePublished":"2017-02-13T11:32:40+00:00","dateModified":"2017-02-13T12:24:17+00:00","author":{"@id":"https:\/\/www.polyas.de\/blog\/#\/schema\/person\/7090c5d97b2a9412070107bbd207578a"},"description":"In Deutschland wurde am Sonntag ein neuer Bundespr\u00e4sident gew\u00e4hlt. Ein bekanntes Gesicht bekleidet den Posten- Steinmeier. Wir berichten \u00fcber die Wahl.","breadcrumb":{"@id":"https:\/\/www.polyas.de\/blog\/de\/online-wahlen\/wahlnews-neuer-bundespraesident#breadcrumb"},"inLanguage":"de-DE","potentialAction":[{"@type":"ReadAction","target":["https:\/\/www.polyas.de\/blog\/de\/online-wahlen\/wahlnews-neuer-bundespraesident"]}]},{"@type":"BreadcrumbList","@id":"https:\/\/www.polyas.de\/blog\/de\/online-wahlen\/wahlnews-neuer-bundespraesident#breadcrumb","itemListElement":[{"@type":"ListItem","position":1,"name":"Startseite","item":"https:\/\/www.polyas.de\/blog\/de"},{"@type":"ListItem","position":2,"name":"#WahlNews: Steinmeier wird neuer Bundespr\u00e4sident"}]},{"@type":"WebSite","@id":"https:\/\/www.polyas.de\/blog\/#website","url":"https:\/\/www.polyas.de\/blog\/","name":"POLYAS","description":"the blog for secure online voting","potentialAction":[{"@type":"SearchAction","target":{"@type":"EntryPoint","urlTemplate":"https:\/\/www.polyas.de\/blog\/?s={search_term_string}"},"query-input":"required name=search_term_string"}],"inLanguage":"de-DE"},{"@type":"Person","@id":"https:\/\/www.polyas.de\/blog\/#\/schema\/person\/7090c5d97b2a9412070107bbd207578a","name":"Ines Tipura","image":{"@type":"ImageObject","inLanguage":"de-DE","@id":"https:\/\/www.polyas.de\/blog\/#\/schema\/person\/image\/","url":"https:\/\/secure.gravatar.com\/avatar\/d7715c2e6261ac2598c302f78367173a?s=96&d=mm&r=g","contentUrl":"https:\/\/secure.gravatar.com\/avatar\/d7715c2e6261ac2598c302f78367173a?s=96&d=mm&r=g","caption":"Ines Tipura"},"sameAs":["http:\/\/www.polyas.de"],"url":"https:\/\/www.polyas.de\/blog\/author\/i-tipura"}]}},"jetpack_featured_media_url":"https:\/\/www.polyas.de\/blog\/wp-content\/uploads\/2017\/01\/Wahl-News-Schmal_810x280.png","jetpack_publicize_connections":[],"jetpack_shortlink":"https:\/\/wp.me\/p72Pnr-16V","jetpack-related-posts":[{"id":4141,"url":"https:\/\/www.polyas.de\/blog\/de\/online-wahlen\/bundespraesidentenwahl-ablauf","url_meta":{"origin":4273,"position":0},"title":"Bundespr\u00e4sidentenwahl \u2013 So funktionierts","date":"30\/01\/2017","format":false,"excerpt":"Am 12. Februar wird ein neuer Bundespr\u00e4sident in Deutschland gew\u00e4hlt. Er\u00a0geh\u00f6rt zwar zu keiner der Staatsgewalten, verk\u00f6rpert aber als \u201eerster Mann\u201c \u00a0Deutschlands, die \u201eEinheit des Staates\u201c. Seit 1949 wird er alle f\u00fcnf Jahre durch die Bundesversammlung gew\u00e4hlt. Wir erkl\u00e4ren, wie die Bundespr\u00e4sidentenwahl abl\u00e4uft und welche Aufgaben der Bundespr\u00e4sident hat. Kriterien\u2026","rel":"","context":"In &quot;Wahl News&quot;","img":{"alt_text":"","src":"","width":0,"height":0},"classes":[]},{"id":2562,"url":"https:\/\/www.polyas.de\/blog\/de\/online-wahlen\/wahlsystem-zur-bundespraesidentenwahl-in-oesterreich","url_meta":{"origin":4273,"position":1},"title":"Das Wahlsystem zum Bundespr\u00e4sidenten in \u00d6sterreich","date":"01\/04\/2016","format":false,"excerpt":"Am 24. April 2016 wird in \u00d6sterreich der\u00a0neue Bundespr\u00e4sident gew\u00e4hlt. Erfahren Sie mehr \u00fcber\u00a0das Wahlsystem und das Amt des \u00f6sterreichischen Bundespr\u00e4sidenten. Die Bundespr\u00e4sidentenwahl \u00d6sterreichs in K\u00fcrze Der Bundespr\u00e4sident ist das Staatsoberhaupt \u00d6sterreichs. Er wird\u00a0direkt durch das Bundesvolk gew\u00e4hlt. Damit der Gewinner der Wahl sein Amt mit der Angelobung am 8.\u2026","rel":"","context":"In &quot;Wahl News&quot;","img":{"alt_text":"In Spanien und der Schweiz wurde abgestimmt","src":"https:\/\/i0.wp.com\/www.polyas.de\/blog\/wp-content\/uploads\/2016\/03\/Wahl-News.png?resize=350%2C200&ssl=1","width":350,"height":200},"classes":[]},{"id":2861,"url":"https:\/\/www.polyas.de\/blog\/de\/allgemein-de\/die-bundespraesidenten-im-schnellcheck","url_meta":{"origin":4273,"position":2},"title":"Die Bundespr\u00e4sidenten im Schnellcheck","date":"13\/06\/2016","format":false,"excerpt":"Joachim Gauck hat sich entschieden: Er wird 2017 f\u00fcr keine weitere Amtszeit kandidieren. Damit wird n\u00e4chstes Jahr ein neuer Bundespr\u00e4sident gew\u00e4hlt - der zw\u00f6lfte in der Geschichte der Bundesrepublik. Ein kurzer \u00dcberblick \u00fcber die letzten elf Personen, die das h\u00f6chste deutsche Amt innehatten. Theodor Heuss (1949\u20131959) Der erste Bundespr\u00e4sident (1884-1963)\u00a0der\u2026","rel":"","context":"In &quot;\u00dcber POLYAS&quot;","img":{"alt_text":"Bundespr\u00e4sident","src":"https:\/\/i0.wp.com\/www.polyas.de\/blog\/wp-content\/uploads\/2016\/06\/pexels-photo-109629.jpg?resize=350%2C200&ssl=1","width":350,"height":200},"classes":[]},{"id":2731,"url":"https:\/\/www.polyas.de\/blog\/de\/online-wahlen\/oesterreich-ist-ein-gespaltenes-land","url_meta":{"origin":4273,"position":3},"title":"\u00d6sterreich ist ein gespaltenes Land","date":"23\/05\/2016","format":false,"excerpt":"Immer wieder sonntags: Gestern wurde in \u00d6sterreich ein neuer Bundespr\u00e4sident gew\u00e4hlt, aber erst am Montag am sp\u00e4ten Nachmittag war klar: Alexander van der Bellen ist der Bundespr\u00e4sident. Ein realer Polit-Krimi spielte sich in der Alpenrepublik ab. Alle Infos zur Bundespr\u00e4sidentenwahl in unseren #WahlNews. Die Ergebnisse im \u00dcberblick: Zun\u00e4chst kein klares\u2026","rel":"","context":"In &quot;Wahl News&quot;","img":{"alt_text":"In Spanien und der Schweiz wurde abgestimmt","src":"https:\/\/i0.wp.com\/www.polyas.de\/blog\/wp-content\/uploads\/2016\/03\/Wahl-News.png?resize=350%2C200&ssl=1","width":350,"height":200},"classes":[]},{"id":5394,"url":"https:\/\/www.polyas.de\/blog\/de\/online-wahlen\/indien-praesidentschaftswahl","url_meta":{"origin":4273,"position":4},"title":"Indien: Zwei \u201eUnber\u00fchrbare\u201c kandidieren als Pr\u00e4sident","date":"18\/07\/2017","format":false,"excerpt":"Gestern wurde in Indien ein neuer Pr\u00e4sident gew\u00e4hlt. Das Ergebnis steht zwar erst am 20. Juli fest \u2013 doch schon jetzt ist klar, dass das Staatsoberhaupt aus der untersten Kaste des indischen Systems stammen wird. Denn beide Kandidaten sind Dalits, fr\u00fcher \u201eUnber\u00fchrbare\u201c genannt. Zwei Dalits sind Pr\u00e4sidentschaftskandidaten Der Kandidat der\u2026","rel":"","context":"In &quot;Wahl News&quot;","img":{"alt_text":"Erfahren Sie alles Aktuelle \u00fcber die Parlamentswahl in der Ukraine","src":"https:\/\/i0.wp.com\/www.polyas.de\/blog\/wp-content\/uploads\/2016\/12\/Wahl-News-Schmal_810x280.png?resize=350%2C200&ssl=1","width":350,"height":200},"classes":[]},{"id":6088,"url":"https:\/\/www.polyas.de\/blog\/de\/online-wahlen\/superwahljahr-2017-europa","url_meta":{"origin":4273,"position":5},"title":"R\u00fcckblick 2017: So hat das Superwahljahr Europa ver\u00e4ndert","date":"13\/12\/2017","format":false,"excerpt":"Mit dem Jahr 2017 endet f\u00fcr Europa ein Superwahljahr. Neben Gro\u00dfbritannien, Frankreich und Deutschland haben auch weitere EU-L\u00e4nder wie \u00d6sterreich oder die Niederlande neue\u00a0Parlamente gew\u00e4hlt. Doch was\u00a0haben diese Wahlen f\u00fcr Europa bedeutet? Superwahljahr ist seltener Zufall So etwas passiert nicht alle Jahre: Drei der einwohnerst\u00e4rksten EU-Staaten w\u00e4hlen im selben Jahr.\u2026","rel":"","context":"In &quot;Wahl News&quot;","img":{"alt_text":"Das Superwahljahr 2017 hielt f\u00fcr Europa einige \u00dcberraschungen bereit.","src":"https:\/\/i0.wp.com\/www.polyas.de\/blog\/wp-content\/uploads\/2017\/12\/world-1264062_1920.gif?resize=350%2C200&ssl=1","width":350,"height":200},"classes":[]}],"_links":{"self":[{"href":"https:\/\/www.polyas.de\/blog\/wp-json\/wp\/v2\/posts\/4273"}],"collection":[{"href":"https:\/\/www.polyas.de\/blog\/wp-json\/wp\/v2\/posts"}],"about":[{"href":"https:\/\/www.polyas.de\/blog\/wp-json\/wp\/v2\/types\/post"}],"author":[{"embeddable":true,"href":"https:\/\/www.polyas.de\/blog\/wp-json\/wp\/v2\/users\/273"}],"replies":[{"embeddable":true,"href":"https:\/\/www.polyas.de\/blog\/wp-json\/wp\/v2\/comments?post=4273"}],"version-history":[{"count":5,"href":"https:\/\/www.polyas.de\/blog\/wp-json\/wp\/v2\/posts\/4273\/revisions"}],"predecessor-version":[{"id":4278,"href":"https:\/\/www.polyas.de\/blog\/wp-json\/wp\/v2\/posts\/4273\/revisions\/4278"}],"wp:featuredmedia":[{"embeddable":true,"href":"https:\/\/www.polyas.de\/blog\/wp-json\/wp\/v2\/media\/4022"}],"wp:attachment":[{"href":"https:\/\/www.polyas.de\/blog\/wp-json\/wp\/v2\/media?parent=4273"}],"wp:term":[{"taxonomy":"category","embeddable":true,"href":"https:\/\/www.polyas.de\/blog\/wp-json\/wp\/v2\/categories?post=4273"},{"taxonomy":"post_tag","embeddable":true,"href":"https:\/\/www.polyas.de\/blog\/wp-json\/wp\/v2\/tags?post=4273"}],"curies":[{"name":"wp","href":"https:\/\/api.w.org\/{rel}","templated":true}]}}