{"id":4216,"date":"2017-02-06T11:53:56","date_gmt":"2017-02-06T10:53:56","guid":{"rendered":"https:\/\/www.polyas.de\/blog\/?p=4216"},"modified":"2017-02-09T11:38:29","modified_gmt":"2017-02-09T10:38:29","slug":"wahlnews-parlamentswahlen-liechtenstein","status":"publish","type":"post","link":"https:\/\/www.polyas.de\/blog\/de\/online-wahlen\/wahlnews-parlamentswahlen-liechtenstein","title":{"rendered":"#WahlNews: Parlamentswahlen in Liechtenstein"},"content":{"rendered":"<p><strong>Immer wieder sonntags\u2026<\/strong>\u00a0Am 05.02.2017 fanden in\u00a0Liechtenstein Parlamentswahlen statt. 19.806 B\u00fcrger waren aufgerufen einen neuen\u00a0Landtag zu w\u00e4hlen. Die konservative Koalition darf zwar weiter regieren, musste jedoch herbe Verluste einstecken. Die kleineren Oppositionsparteien konnten dagegen Prozentpunkte hinzu gewinnen.\u00a0In unseren #Wahlnews berichten wir \u00fcber die Wahl im nur 160 Quadratkilometer gro\u00dfen F\u00fcrstentum.<\/p>\n<p><!--more--><\/p>\n<h3><strong>Die Ereignisse im \u00dcberblick<\/strong><\/h3>\n<ul style=\"list-style-type: disc;\">\n<li>Die konservative FBP verlor 4,8 Prozentpunkte im Vergleich zur Wahl 2013. Insgesamt erhielt sie 35,2 Prozent der Stimmen<\/li>\n<li>Die Oppositionsparteien konnten Boden gut machen: Die Partei der Unabh\u00e4ngigen (DU) kam auf 18,4 Prozent w\u00e4hrend die Freie Liste (FL) 12,6 Prozent der Stimmen gewann<\/li>\n<li>Trotzdem bleibt die seit Jahrzehnten bestehende Koalition von FBP und VU bestehen<\/li>\n<li>Die Wahlbeteiligung lag bei 77,8 Prozent<\/li>\n<li>95,5% der W\u00e4hler gaben ihre Stimme\u00a0per Brief ab<\/li>\n<\/ul>\n<h3>Alte Regierungskoalition bleibt bestehen<\/h3>\n<p>Insgesamt werden 25 Abgeordnete in den Landtag des F\u00fcrstentums Liechtenstein gew\u00e4hlt. Vier Parteien k\u00e4mpften am Wochenende um die Sitze: die Fortschrittliche B\u00fcrgerpartei (FBP), die Vaterl\u00e4ndische Union (VU) sowie die Oppositionsparteien \u2013\u00a0 die Freie Liste (FL) und die Unabh\u00e4ngigen (DU).<\/p>\n<p>Trotz der Wahlniederlage gilt die Oppositionspartei DU als Sieger der Wahl, da sie einen weiteren\u00a0Sitz im Parlament\u00a0f\u00fcr sich gewinnen konnte.<\/p>\n<p>An der Macht ist seit 2005 die Koalition zwischen christsozialer VU und \u00a0liberal-konservativer FBP. Trotz der Tatsache, dass die FBP von Regierungschef Adrian Hasler deutlich Stimmen eingeb\u00fc\u00dft hat, kommt es zu keinen gro\u00dfen Ver\u00e4nderungen. Konkrete Gespr\u00e4che f\u00fcr eine Koalitionsvereinbarung\u00a0 sollen n\u00e4chste Woche in der Hauptstadt Vaduz stattfinden.<\/p>\n<h3><strong>Politisches System in Liechtenstein<\/strong><\/h3>\n<p>Das zwischen der Schweiz und \u00d6sterreich gelegene F\u00fcrstentum Liechtenstein ist einer der kleinsten Staaten der Welt. Staatsoberhaupt ist der 71-j\u00e4hrige F\u00fcrst Hans-Adam. Allerdings vollzieht seit 2004 sein Sohn Alois die Amtshandlungen. Der F\u00fcrst ist daf\u00fcr zust\u00e4ndig auf Vorschlag des Landtags die Regierung zu ernennen. Weiterhin kann er den Landtag aufl\u00f6sen und\u00a0hat ein Vetorecht bei der\u00a0Gesetzgebung. In erster Linie bestimmt jedoch die Regierung die Politik im Land.<\/p>\n<h3><strong>Das Wahlsystem der Parlamentswahlen<\/strong><\/h3>\n<p>Die Wahl in Liechtenstein erfolgt in zwei Wahlkreisen. F\u00fcr die 25 Sitze stellen sich insgesamt 71 Kandidaten zur Wahl. Das Oberland stellt dabei 15 Abgeordnete w\u00e4hrend das Unterland 10 Abgeordnete entsendet. Eine weitere Besonderheit ist die Sperrklausel von 8 Prozent, die pro Wahlkreis vorhanden ist.<\/p>\n<p>Seit 1939 kam es zu einer Reihe von Ver\u00e4nderungen im Liechtensteiner Wahlsystem. Die Parlamentswahlen in Liechtenstein finden als lose gebundene Listenwahlen nach dem Verh\u00e4ltnisprinzip statt.\u00a0Das Wahlverfahren ist dabei zweistufig, so das zun\u00e4chst die Sitzzverteilung der einzelnen Parteien nach dem Hagenbach-Bischhoff Verfahren errechnet wird. Im zweiten Schritt erhalten dann jene Kandidaten der Parteien, die nach d&#8217;Hondt die meisten Stimmen auf sich vereinen konnten, die den Parteien zustehenden Sitze im Parlament.<\/p>\n<p><a href=\"https:\/\/www.polyas.de\/wahlmanagement\/stimmenauszaehlung\/verhaeltniswahl\" target=\"_blank\"><u>Hier erfahren Sie mehr \u00fcber die Stimmenausz\u00e4hlung nach dem Verh\u00e4ltniswahlrecht<\/u><\/a><\/p>\n","protected":false},"excerpt":{"rendered":"<p>Immer wieder sonntags\u2026\u00a0Am 05.02.2017 fanden in\u00a0Liechtenstein Parlamentswahlen statt. 19.806 B\u00fcrger waren aufgerufen einen neuen\u00a0Landtag zu w\u00e4hlen. Die konservative Koalition darf zwar weiter regieren, musste jedoch herbe Verluste einstecken. Die kleineren Oppositionsparteien konnten dagegen Prozentpunkte hinzu gewinnen.\u00a0In unseren #Wahlnews berichten wir \u00fcber die Wahl im nur 160 Quadratkilometer gro\u00dfen F\u00fcrstentum.<\/p>\n","protected":false},"author":273,"featured_media":4031,"comment_status":"open","ping_status":"open","sticky":false,"template":"","format":"standard","meta":{"_eb_attr":"","ub_ctt_via":"","spay_email":"","jetpack_publicize_message":"","jetpack_is_tweetstorm":false,"jetpack_publicize_feature_enabled":true},"categories":[8],"tags":[325,1095,876,1093],"featured_image_src":"https:\/\/www.polyas.de\/blog\/wp-content\/uploads\/2016\/12\/Wahl-News-Schmal_810x280.png","author_info":{"display_name":"Ines Tipura","author_link":"https:\/\/www.polyas.de\/blog\/author\/i-tipura"},"yoast_head":"<!-- This site is optimized with the Yoast SEO plugin v19.9 - https:\/\/yoast.com\/wordpress\/plugins\/seo\/ -->\n<title>#WahlNews: Parlamentswahlen in Liechtenstein - POLYAS<\/title>\n<meta name=\"description\" content=\"Erfahren Sie in unseren Wahlnews mehr zu den Parlamentswahlen in Liechtenstein. Erhalten Sie einen \u00dcberblick \u00fcber die Wahlen im F\u00fcrstentum.\" \/>\n<meta name=\"robots\" content=\"index, follow, max-snippet:-1, max-image-preview:large, max-video-preview:-1\" \/>\n<link rel=\"canonical\" href=\"https:\/\/www.polyas.de\/blog\/de\/online-wahlen\/wahlnews-parlamentswahlen-liechtenstein\" \/>\n<meta property=\"og:locale\" content=\"de_DE\" \/>\n<meta property=\"og:type\" content=\"article\" \/>\n<meta property=\"og:title\" content=\"#WahlNews: Parlamentswahlen in Liechtenstein - POLYAS\" \/>\n<meta property=\"og:description\" content=\"Erfahren Sie in unseren Wahlnews mehr zu den Parlamentswahlen in Liechtenstein. Erhalten Sie einen \u00dcberblick \u00fcber die Wahlen im F\u00fcrstentum.\" \/>\n<meta property=\"og:url\" content=\"https:\/\/www.polyas.de\/blog\/de\/online-wahlen\/wahlnews-parlamentswahlen-liechtenstein\" \/>\n<meta property=\"og:site_name\" content=\"POLYAS\" \/>\n<meta property=\"article:published_time\" content=\"2017-02-06T10:53:56+00:00\" \/>\n<meta property=\"article:modified_time\" content=\"2017-02-09T10:38:29+00:00\" \/>\n<meta property=\"og:image\" content=\"https:\/\/i0.wp.com\/www.polyas.de\/blog\/wp-content\/uploads\/2016\/12\/Wahl-News-Schmal_810x280.png?fit=810%2C280&ssl=1\" \/>\n\t<meta property=\"og:image:width\" content=\"810\" \/>\n\t<meta property=\"og:image:height\" content=\"280\" \/>\n\t<meta property=\"og:image:type\" content=\"image\/png\" \/>\n<meta name=\"author\" content=\"Ines Tipura\" \/>\n<meta name=\"twitter:card\" content=\"summary_large_image\" \/>\n<meta name=\"twitter:label1\" content=\"Verfasst von\" \/>\n\t<meta name=\"twitter:data1\" content=\"Ines Tipura\" \/>\n\t<meta name=\"twitter:label2\" content=\"Gesch\u00e4tzte Lesezeit\" \/>\n\t<meta name=\"twitter:data2\" content=\"2 Minuten\" \/>\n<script type=\"application\/ld+json\" class=\"yoast-schema-graph\">{\"@context\":\"https:\/\/schema.org\",\"@graph\":[{\"@type\":\"WebPage\",\"@id\":\"https:\/\/www.polyas.de\/blog\/de\/online-wahlen\/wahlnews-parlamentswahlen-liechtenstein\",\"url\":\"https:\/\/www.polyas.de\/blog\/de\/online-wahlen\/wahlnews-parlamentswahlen-liechtenstein\",\"name\":\"#WahlNews: Parlamentswahlen in Liechtenstein - POLYAS\",\"isPartOf\":{\"@id\":\"https:\/\/www.polyas.de\/blog\/#website\"},\"datePublished\":\"2017-02-06T10:53:56+00:00\",\"dateModified\":\"2017-02-09T10:38:29+00:00\",\"author\":{\"@id\":\"https:\/\/www.polyas.de\/blog\/#\/schema\/person\/7090c5d97b2a9412070107bbd207578a\"},\"description\":\"Erfahren Sie in unseren Wahlnews mehr zu den Parlamentswahlen in Liechtenstein. Erhalten Sie einen \u00dcberblick \u00fcber die Wahlen im F\u00fcrstentum.\",\"breadcrumb\":{\"@id\":\"https:\/\/www.polyas.de\/blog\/de\/online-wahlen\/wahlnews-parlamentswahlen-liechtenstein#breadcrumb\"},\"inLanguage\":\"de-DE\",\"potentialAction\":[{\"@type\":\"ReadAction\",\"target\":[\"https:\/\/www.polyas.de\/blog\/de\/online-wahlen\/wahlnews-parlamentswahlen-liechtenstein\"]}]},{\"@type\":\"BreadcrumbList\",\"@id\":\"https:\/\/www.polyas.de\/blog\/de\/online-wahlen\/wahlnews-parlamentswahlen-liechtenstein#breadcrumb\",\"itemListElement\":[{\"@type\":\"ListItem\",\"position\":1,\"name\":\"Startseite\",\"item\":\"https:\/\/www.polyas.de\/blog\/de\"},{\"@type\":\"ListItem\",\"position\":2,\"name\":\"#WahlNews: Parlamentswahlen in Liechtenstein\"}]},{\"@type\":\"WebSite\",\"@id\":\"https:\/\/www.polyas.de\/blog\/#website\",\"url\":\"https:\/\/www.polyas.de\/blog\/\",\"name\":\"POLYAS\",\"description\":\"the blog for secure online voting\",\"potentialAction\":[{\"@type\":\"SearchAction\",\"target\":{\"@type\":\"EntryPoint\",\"urlTemplate\":\"https:\/\/www.polyas.de\/blog\/?s={search_term_string}\"},\"query-input\":\"required name=search_term_string\"}],\"inLanguage\":\"de-DE\"},{\"@type\":\"Person\",\"@id\":\"https:\/\/www.polyas.de\/blog\/#\/schema\/person\/7090c5d97b2a9412070107bbd207578a\",\"name\":\"Ines Tipura\",\"image\":{\"@type\":\"ImageObject\",\"inLanguage\":\"de-DE\",\"@id\":\"https:\/\/www.polyas.de\/blog\/#\/schema\/person\/image\/\",\"url\":\"https:\/\/secure.gravatar.com\/avatar\/d7715c2e6261ac2598c302f78367173a?s=96&d=mm&r=g\",\"contentUrl\":\"https:\/\/secure.gravatar.com\/avatar\/d7715c2e6261ac2598c302f78367173a?s=96&d=mm&r=g\",\"caption\":\"Ines Tipura\"},\"sameAs\":[\"http:\/\/www.polyas.de\"],\"url\":\"https:\/\/www.polyas.de\/blog\/author\/i-tipura\"}]}<\/script>\n<!-- \/ Yoast SEO plugin. -->","yoast_head_json":{"title":"#WahlNews: Parlamentswahlen in Liechtenstein - POLYAS","description":"Erfahren Sie in unseren Wahlnews mehr zu den Parlamentswahlen in Liechtenstein. Erhalten Sie einen \u00dcberblick \u00fcber die Wahlen im F\u00fcrstentum.","robots":{"index":"index","follow":"follow","max-snippet":"max-snippet:-1","max-image-preview":"max-image-preview:large","max-video-preview":"max-video-preview:-1"},"canonical":"https:\/\/www.polyas.de\/blog\/de\/online-wahlen\/wahlnews-parlamentswahlen-liechtenstein","og_locale":"de_DE","og_type":"article","og_title":"#WahlNews: Parlamentswahlen in Liechtenstein - POLYAS","og_description":"Erfahren Sie in unseren Wahlnews mehr zu den Parlamentswahlen in Liechtenstein. Erhalten Sie einen \u00dcberblick \u00fcber die Wahlen im F\u00fcrstentum.","og_url":"https:\/\/www.polyas.de\/blog\/de\/online-wahlen\/wahlnews-parlamentswahlen-liechtenstein","og_site_name":"POLYAS","article_published_time":"2017-02-06T10:53:56+00:00","article_modified_time":"2017-02-09T10:38:29+00:00","og_image":[{"width":810,"height":280,"url":"https:\/\/i0.wp.com\/www.polyas.de\/blog\/wp-content\/uploads\/2016\/12\/Wahl-News-Schmal_810x280.png?fit=810%2C280&ssl=1","type":"image\/png"}],"author":"Ines Tipura","twitter_card":"summary_large_image","twitter_misc":{"Verfasst von":"Ines Tipura","Gesch\u00e4tzte Lesezeit":"2 Minuten"},"schema":{"@context":"https:\/\/schema.org","@graph":[{"@type":"WebPage","@id":"https:\/\/www.polyas.de\/blog\/de\/online-wahlen\/wahlnews-parlamentswahlen-liechtenstein","url":"https:\/\/www.polyas.de\/blog\/de\/online-wahlen\/wahlnews-parlamentswahlen-liechtenstein","name":"#WahlNews: Parlamentswahlen in Liechtenstein - POLYAS","isPartOf":{"@id":"https:\/\/www.polyas.de\/blog\/#website"},"datePublished":"2017-02-06T10:53:56+00:00","dateModified":"2017-02-09T10:38:29+00:00","author":{"@id":"https:\/\/www.polyas.de\/blog\/#\/schema\/person\/7090c5d97b2a9412070107bbd207578a"},"description":"Erfahren Sie in unseren Wahlnews mehr zu den Parlamentswahlen in Liechtenstein. Erhalten Sie einen \u00dcberblick \u00fcber die Wahlen im F\u00fcrstentum.","breadcrumb":{"@id":"https:\/\/www.polyas.de\/blog\/de\/online-wahlen\/wahlnews-parlamentswahlen-liechtenstein#breadcrumb"},"inLanguage":"de-DE","potentialAction":[{"@type":"ReadAction","target":["https:\/\/www.polyas.de\/blog\/de\/online-wahlen\/wahlnews-parlamentswahlen-liechtenstein"]}]},{"@type":"BreadcrumbList","@id":"https:\/\/www.polyas.de\/blog\/de\/online-wahlen\/wahlnews-parlamentswahlen-liechtenstein#breadcrumb","itemListElement":[{"@type":"ListItem","position":1,"name":"Startseite","item":"https:\/\/www.polyas.de\/blog\/de"},{"@type":"ListItem","position":2,"name":"#WahlNews: Parlamentswahlen in Liechtenstein"}]},{"@type":"WebSite","@id":"https:\/\/www.polyas.de\/blog\/#website","url":"https:\/\/www.polyas.de\/blog\/","name":"POLYAS","description":"the blog for secure online voting","potentialAction":[{"@type":"SearchAction","target":{"@type":"EntryPoint","urlTemplate":"https:\/\/www.polyas.de\/blog\/?s={search_term_string}"},"query-input":"required name=search_term_string"}],"inLanguage":"de-DE"},{"@type":"Person","@id":"https:\/\/www.polyas.de\/blog\/#\/schema\/person\/7090c5d97b2a9412070107bbd207578a","name":"Ines Tipura","image":{"@type":"ImageObject","inLanguage":"de-DE","@id":"https:\/\/www.polyas.de\/blog\/#\/schema\/person\/image\/","url":"https:\/\/secure.gravatar.com\/avatar\/d7715c2e6261ac2598c302f78367173a?s=96&d=mm&r=g","contentUrl":"https:\/\/secure.gravatar.com\/avatar\/d7715c2e6261ac2598c302f78367173a?s=96&d=mm&r=g","caption":"Ines Tipura"},"sameAs":["http:\/\/www.polyas.de"],"url":"https:\/\/www.polyas.de\/blog\/author\/i-tipura"}]}},"jetpack_featured_media_url":"https:\/\/www.polyas.de\/blog\/wp-content\/uploads\/2016\/12\/Wahl-News-Schmal_810x280.png","jetpack_publicize_connections":[],"jetpack_shortlink":"https:\/\/wp.me\/p72Pnr-160","jetpack-related-posts":[{"id":6808,"url":"https:\/\/www.polyas.de\/blog\/de\/online-wahlen\/parlamentswahl-lettland","url_meta":{"origin":4216,"position":0},"title":"#WahlNews: Regierungswechsel in Bosnien-Herzegowina und Lettland","date":"08\/10\/2018","format":false,"excerpt":"Dieses Wochenende wurde in gleich zwei europ\u00e4ischen Staaten ein neues Parlament gew\u00e4hlt: In Lettland hat die Partei der russischen Minderheit gewonnen, in Bosnien-Herzegowina machte ein Nationalist das Rennen. Alles Wissenswerte erfahren Sie jetzt in unseren #WahlNews. Pr\u00e4sidium statt Pr\u00e4sident Das politische System Bosnien-Herzegowinas ist anders aufgebaut als das der \u00fcbrigen\u2026","rel":"","context":"In &quot;Wahl News&quot;","img":{"alt_text":"Erfahren Sie alles Aktuelle \u00fcber die Parlamentswahl in der Ukraine","src":"https:\/\/i0.wp.com\/www.polyas.de\/blog\/wp-content\/uploads\/2016\/12\/Wahl-News-Schmal_810x280.png?resize=350%2C200&ssl=1","width":350,"height":200},"classes":[]},{"id":6512,"url":"https:\/\/www.polyas.de\/blog\/de\/online-wahlen\/parlamentswahlen-ungarn","url_meta":{"origin":4216,"position":1},"title":"Parlamentswahlen in Ungarn mit \u00fcberraschend klarem Ergebnis","date":"09\/04\/2018","format":false,"excerpt":"Immer wieder sonntags \u2026 Auch an diesem Sonntag wurde in Europa gew\u00e4hlt: In Ungarn waren knapp acht Millionen Wahlberechtigte zu Parlamentswahlen aufgerufen. Obwohl Meinungsforschungsinstitute noch kurz vor der Wahl ein knappes Wahlergebnis vorausgesagt hatten, war die Entscheidung am Ende sehr deutlich: Viktor Orbans rechtsnationale Partei Fidesz gewann deutlich. Alles Wissenswerte\u2026","rel":"","context":"In &quot;Wahl News&quot;","img":{"alt_text":"Erfahren Sie alles Aktuelle \u00fcber die Parlamentswahl in der Ukraine","src":"https:\/\/i0.wp.com\/www.polyas.de\/blog\/wp-content\/uploads\/2016\/12\/Wahl-News-Schmal_810x280.png?resize=350%2C200&ssl=1","width":350,"height":200},"classes":[]},{"id":5651,"url":"https:\/\/www.polyas.de\/blog\/de\/online-wahlen\/norwegen-parlamentswahl","url_meta":{"origin":4216,"position":2},"title":"Norwegen: Solbergs Regierungsb\u00fcndnis best\u00e4tigt","date":"12\/09\/2017","format":false,"excerpt":"In Norwegen w\u00e4hlt man nicht sonntags, sondern montags. Gestern war es wieder so weit, und die Norweger stimmten \u00fcber ein neues Parlament ab. Gewonnen hat die konservative Partei mit der amtierenden Ministerpr\u00e4sidentin Erna Solberg. Alle Infos zur Wahl in Norwegen jetzt in unseren #WahlNews. Die Gewinnerin hei\u00dft Erna Solberg Auch\u2026","rel":"","context":"In &quot;Wahl News&quot;","img":{"alt_text":"Erfahren Sie alles Aktuelle \u00fcber die Parlamentswahl in der Ukraine","src":"https:\/\/i0.wp.com\/www.polyas.de\/blog\/wp-content\/uploads\/2016\/12\/Wahl-News-Schmal_810x280.png?resize=350%2C200&ssl=1","width":350,"height":200},"classes":[]},{"id":3307,"url":"https:\/\/www.polyas.de\/blog\/de\/online-wahlen\/wahl-niedersachsen-kroatien-weissrussland","url_meta":{"origin":4216,"position":3},"title":"Eine Kommunalwahl, ein Sitz f\u00fcr die Opposition und keine Mehrheit","date":"12\/09\/2016","format":false,"excerpt":"Immer wieder sonntags \u2026\u00a0Die politische Sommerpause ist endg\u00fcltig vorbei. Es war viel los auf dem politischen Parkett und B\u00fcrger verschiedener L\u00e4nder waren aufgerufen ihre Stimme abzugeben. In Niedersachsen wurde eine Kommunalwahl zum Stimmungstest. In Wei\u00dfrussland gab es eine \u00dcberraschung und in Kroatien hat keine Partei die Mehrheit erlangt. Die Geschehnisse\u2026","rel":"","context":"In &quot;Wahl News&quot;","img":{"alt_text":"In Spanien und der Schweiz wurde abgestimmt","src":"https:\/\/i0.wp.com\/www.polyas.de\/blog\/wp-content\/uploads\/2016\/03\/Wahl-News.png?resize=350%2C200&ssl=1","width":350,"height":200},"classes":[]},{"id":3488,"url":"https:\/\/www.polyas.de\/blog\/de\/online-wahlen\/tschechien-montenegro-wahlen","url_meta":{"origin":4216,"position":4},"title":"Tschechien und Montenegro: Wahlsieger mit Verlusten","date":"17\/10\/2016","format":false,"excerpt":"Immer wieder sonntags\u2026. Diesmal haben die Wahl News einen Schwerpunkt auf Osteuropa. In Tschechien wurde am Wochenende in der zweiten Runde der Senat gew\u00e4hlt. \u00a0In Montenegro hat die Partei des Regierungschefs\u00a0Milo Djukanovic die Parlamentswahl gewonnen, aber die absolute Mehrheit verpasst. Die Geschehnisse im \u00dcberblick: Tschechien: Die tschechische Mitte-Links-Regierung bleibt nach\u2026","rel":"","context":"In &quot;Wahl News&quot;","img":{"alt_text":"","src":"","width":0,"height":0},"classes":[]},{"id":7205,"url":"https:\/\/www.polyas.de\/blog\/de\/online-wahlen\/wahlergebnis-europawahl-2019","url_meta":{"origin":4216,"position":5},"title":"Wahlergebnis Europawahl 2019 und Superwahlsonntag f\u00fcr Belgien","date":"27\/05\/2019","format":false,"excerpt":"Am Sonntag, den 26.05.2019 wurden rund 400 Millionen Wahlberechtigte f\u00fcr die Europawahl zur Wahlurne gebeten. Heute liegt das erste amtlich best\u00e4tigte Zwischenergebnis vor. In manchen L\u00e4ndern wurde am Sonntag sogar mehr als eine Stimme abgegeben. Nach mehr als 70 Jahren l\u00f6ste die CDU bei der B\u00fcrgerschaftswahl in Bremen die SPD\u2026","rel":"","context":"In &quot;Wahl News&quot;","img":{"alt_text":"Erfahren Sie alles Aktuelle \u00fcber die Parlamentswahl in der Ukraine","src":"https:\/\/i0.wp.com\/www.polyas.de\/blog\/wp-content\/uploads\/2016\/12\/Wahl-News-Schmal_810x280.png?resize=350%2C200&ssl=1","width":350,"height":200},"classes":[]}],"_links":{"self":[{"href":"https:\/\/www.polyas.de\/blog\/wp-json\/wp\/v2\/posts\/4216"}],"collection":[{"href":"https:\/\/www.polyas.de\/blog\/wp-json\/wp\/v2\/posts"}],"about":[{"href":"https:\/\/www.polyas.de\/blog\/wp-json\/wp\/v2\/types\/post"}],"author":[{"embeddable":true,"href":"https:\/\/www.polyas.de\/blog\/wp-json\/wp\/v2\/users\/273"}],"replies":[{"embeddable":true,"href":"https:\/\/www.polyas.de\/blog\/wp-json\/wp\/v2\/comments?post=4216"}],"version-history":[{"count":9,"href":"https:\/\/www.polyas.de\/blog\/wp-json\/wp\/v2\/posts\/4216\/revisions"}],"predecessor-version":[{"id":4259,"href":"https:\/\/www.polyas.de\/blog\/wp-json\/wp\/v2\/posts\/4216\/revisions\/4259"}],"wp:featuredmedia":[{"embeddable":true,"href":"https:\/\/www.polyas.de\/blog\/wp-json\/wp\/v2\/media\/4031"}],"wp:attachment":[{"href":"https:\/\/www.polyas.de\/blog\/wp-json\/wp\/v2\/media?parent=4216"}],"wp:term":[{"taxonomy":"category","embeddable":true,"href":"https:\/\/www.polyas.de\/blog\/wp-json\/wp\/v2\/categories?post=4216"},{"taxonomy":"post_tag","embeddable":true,"href":"https:\/\/www.polyas.de\/blog\/wp-json\/wp\/v2\/tags?post=4216"}],"curies":[{"name":"wp","href":"https:\/\/api.w.org\/{rel}","templated":true}]}}