{"id":3757,"date":"2016-12-14T15:00:26","date_gmt":"2016-12-14T14:00:26","guid":{"rendered":"https:\/\/www.polyas.de\/blog\/?p=3757"},"modified":"2023-03-02T17:15:52","modified_gmt":"2023-03-02T16:15:52","slug":"wahlpflicht-pro-contra-2","status":"publish","type":"post","link":"https:\/\/www.polyas.de\/blog\/de\/wahlbeteiligung-steigern\/wahlpflicht-pro-contra-2","title":{"rendered":"Wahlpflicht: Pro und Contra"},"content":{"rendered":"<p>Die Schweiz gilt mit den Volksabstimmungen als demokratisches Musterland. Doch die M\u00f6glichkeit direkten Einfluss zu nehmen, beanspruchen relativ wenige B\u00fcrger. So gab es Abstimmungen mit einer Wahlbeteiligung um die 30%.<\/p>\n<p>Deswegen wird dort wie auch in anderen L\u00e4ndern \u00fcber die Einf\u00fchrung einer Wahlpflicht nachgedacht und diskutiert. In diesem Teil unserer Serie \u00fcber die Wahlpflicht, haben wir ihre Vorteile und Nachteile gesammelt und zusammengefasst.<\/p>\n<p><!--more--><\/p>\n<h3>Pro Wahlpflicht: Das spricht\u00a0daf\u00fcr<\/h3>\n<p>Die Vorteile sind auf dem ersten Blick nicht von der Hand zu weisen:<\/p>\n<ul>\n<li>Die Wahlbeteiligung steigt. In allen L\u00e4ndern, in denen die Wahlpflicht herrscht, ist die Wahlbeteiligung gestiegen. In Australien, wo die Nicht-Wahl unter Strafe steht, liegt die Wahlbeteiligung bei um die 90%.<\/li>\n<li>Sie wirkt gegen die Politikverdrossenheit, weil sich alle eine eigene Meinung bilden m\u00fcssen.<\/li>\n<li>Eine Wahlpflicht verhindert den zu starken Einfluss der Wenigen, die sich beteiligen,\u00a0auf das Gesamtwahlergebnis.<\/li>\n<li>Sie tr\u00e4gt zur Stabilit\u00e4t der Regierung bei, weil Politikverdrossenheit und eine niedrige Wahlbeteiligung eine Gefahr f\u00fcr die Demokratie darstellt &#8211; f\u00fcr mehr Informationen dazu, klicken Sie <span style=\"color: #738f9b;\"><a style=\"color: #738f9b;\" href=\"https:\/\/www.polyas.de\/blog\/de\/wahlbeteiligung-steigern\/bedrohen-nichtwaehler-system-demokratie\">hier.<\/a><\/span><\/li>\n<li>Durch eine hohe Wahlbeteiligung wird der finanzielle Aufwand, der f\u00fcr Wahlwerbekampagnen betrieben wird, reduziert. So wird der Einfluss der Spendengeber auf die Parteien und Politiker verringert.<\/li>\n<li>W\u00e4hlen ist eine\u00a0demokratische und moralische Pflicht, warum soll es also nicht direkt gesetzlich so verankert sein?<\/li>\n<\/ul>\n<p><strong><a href=\"https:\/\/www.polyas.de\/blog\/wp-content\/uploads\/2021\/03\/Polyas_Testemonials_1.jpg\"><img data-attachment-id=\"8751\" data-permalink=\"https:\/\/www.polyas.de\/blog\/de\/veranstaltungen\/polyas-online-kurs\/attachment\/polyas_testemonials_1\" data-orig-file=\"https:\/\/www.polyas.de\/blog\/wp-content\/uploads\/2021\/03\/Polyas_Testemonials_1.jpg\" data-orig-size=\"800,640\" data-comments-opened=\"1\" data-image-meta=\"{&quot;aperture&quot;:&quot;0&quot;,&quot;credit&quot;:&quot;&quot;,&quot;camera&quot;:&quot;&quot;,&quot;caption&quot;:&quot;&quot;,&quot;created_timestamp&quot;:&quot;0&quot;,&quot;copyright&quot;:&quot;&quot;,&quot;focal_length&quot;:&quot;0&quot;,&quot;iso&quot;:&quot;0&quot;,&quot;shutter_speed&quot;:&quot;0&quot;,&quot;title&quot;:&quot;&quot;,&quot;orientation&quot;:&quot;0&quot;}\" data-image-title=\"Polyas_Testemonials_1\" data-image-description=\"\" data-image-caption=\"\" data-medium-file=\"https:\/\/www.polyas.de\/blog\/wp-content\/uploads\/2021\/03\/Polyas_Testemonials_1-300x240.jpg\" data-large-file=\"https:\/\/www.polyas.de\/blog\/wp-content\/uploads\/2021\/03\/Polyas_Testemonials_1.jpg\" loading=\"lazy\" class=\"size-medium wp-image-8751 alignleft\" src=\"https:\/\/www.polyas.de\/blog\/wp-content\/uploads\/2021\/03\/Polyas_Testemonials_1-300x240.jpg\" alt=\"\" width=\"300\" height=\"240\" srcset=\"https:\/\/www.polyas.de\/blog\/wp-content\/uploads\/2021\/03\/Polyas_Testemonials_1-300x240.jpg 300w, https:\/\/www.polyas.de\/blog\/wp-content\/uploads\/2021\/03\/Polyas_Testemonials_1-768x614.jpg 768w, https:\/\/www.polyas.de\/blog\/wp-content\/uploads\/2021\/03\/Polyas_Testemonials_1-500x400.jpg 500w, https:\/\/www.polyas.de\/blog\/wp-content\/uploads\/2021\/03\/Polyas_Testemonials_1.jpg 800w\" sizes=\"(max-width: 300px) 100vw, 300px\" \/><\/a>Niedrigschwellige Formen der Stimmabgabe wie die Online-Wahl, f\u00f6rdern die Wahlbeteiligung und st\u00e4rken die demokratische Basis. So hat die CDU 2021 erstmalig ihren Bundesparteitag mit Abstimmungen vollst\u00e4ndig digital durchgef\u00fchrt.<a href=\"https:\/\/www.polyas.de\/parteien\/parteivorstandswahlen\/erfahrungsberichte\/cdu-parteitag\"> Lesen Sie hier den Erfahrungsbericht &gt;<\/a><\/strong><\/p>\n<p>Sie wollen von der digitalen Demokratie profitieren und selbst eine Online-Wahl erstellen?<\/p>\n<p style=\"text-align: center;\"><a href=\"https:\/\/configure.polyas.com\/\" target=\"_blank\" rel=\"noopener\"><img data-attachment-id=\"9361\" data-permalink=\"https:\/\/www.polyas.de\/blog\/de\/digitale-demokratie\/mitgliederversammlung-im-verein-online-durchfuehren\/attachment\/jetzt-starten-2\" data-orig-file=\"https:\/\/www.polyas.de\/blog\/wp-content\/uploads\/2021\/06\/Jetzt-starten.png\" data-orig-size=\"1000,306\" data-comments-opened=\"1\" data-image-meta=\"{&quot;aperture&quot;:&quot;0&quot;,&quot;credit&quot;:&quot;&quot;,&quot;camera&quot;:&quot;&quot;,&quot;caption&quot;:&quot;&quot;,&quot;created_timestamp&quot;:&quot;0&quot;,&quot;copyright&quot;:&quot;&quot;,&quot;focal_length&quot;:&quot;0&quot;,&quot;iso&quot;:&quot;0&quot;,&quot;shutter_speed&quot;:&quot;0&quot;,&quot;title&quot;:&quot;&quot;,&quot;orientation&quot;:&quot;0&quot;}\" data-image-title=\"Jetzt starten\" data-image-description=\"\" data-image-caption=\"\" data-medium-file=\"https:\/\/www.polyas.de\/blog\/wp-content\/uploads\/2021\/06\/Jetzt-starten-300x92.png\" data-large-file=\"https:\/\/www.polyas.de\/blog\/wp-content\/uploads\/2021\/06\/Jetzt-starten.png\" loading=\"lazy\" class=\"alignnone size-medium wp-image-9361\" src=\"https:\/\/www.polyas.de\/blog\/wp-content\/uploads\/2021\/06\/Jetzt-starten-300x92.png\" alt=\"\" width=\"300\" height=\"92\" srcset=\"https:\/\/www.polyas.de\/blog\/wp-content\/uploads\/2021\/06\/Jetzt-starten-300x92.png 300w, https:\/\/www.polyas.de\/blog\/wp-content\/uploads\/2021\/06\/Jetzt-starten-768x235.png 768w, https:\/\/www.polyas.de\/blog\/wp-content\/uploads\/2021\/06\/Jetzt-starten-500x153.png 500w, https:\/\/www.polyas.de\/blog\/wp-content\/uploads\/2021\/06\/Jetzt-starten.png 1000w\" sizes=\"(max-width: 300px) 100vw, 300px\" \/><\/a><\/p>\n<h3>Contra Wahlpflicht: Das spricht\u00a0dagegen<\/h3>\n<p>Doch es gibt auch Gegenargumente:<\/p>\n<ul>\n<li>Die Einf\u00fchrung ist ein Eingriff in den pers\u00f6nlichen Freiheitsbereich und verletzt das Pers\u00f6nlichkeitsrecht des Menschen.<\/li>\n<li>Das Fernbleiben von der\u00a0Wahl kann auch ein politisches Statement sein. Eine Pflicht w\u00fcrde das verhindern.<\/li>\n<li>In innenpolitischen Krisenzeiten ist auch eine Wahlpflicht kein Allheilmittel. Wer mit dem Staat und dem System unzufrieden ist, verzichtet trotz Wahlpflicht auf eine Stimmabgabe.<\/li>\n<li>Nicht-W\u00e4hler m\u00fcssten konsequent sanktioniert werden, damit eine Wahlpflicht Sinn ergibt. Eine symbolische Wahlpflicht ist weniger wirksam. Es stellt sich die Frage der Verh\u00e4ltnism\u00e4\u00dfigkeit, vor allem da die Verfolgung von Nicht-W\u00e4hlern de\u00a0Staat Geld und Zeit kostet.<\/li>\n<\/ul>\n<h3 style=\"text-align: center;\"><span style=\"color: #738f9b;\"><a style=\"color: #738f9b;\" href=\"https:\/\/www.polyas.de\/online-wahlen\/vorteile\" target=\"_blank\" rel=\"noopener\">Erfahren Sie mehr \u00fcber die Vorteile der Online-Wahl!<\/a><\/span><\/h3>\n","protected":false},"excerpt":{"rendered":"<p>Die Schweiz gilt mit den Volksabstimmungen als demokratisches Musterland. Doch die M\u00f6glichkeit direkten Einfluss zu nehmen, beanspruchen relativ wenige B\u00fcrger. So gab es Abstimmungen mit einer Wahlbeteiligung um die 30%. Deswegen wird dort wie auch in anderen L\u00e4ndern \u00fcber die Einf\u00fchrung einer Wahlpflicht nachgedacht und diskutiert. In diesem Teil unserer Serie \u00fcber die Wahlpflicht, haben [&hellip;]<\/p>\n","protected":false},"author":267,"featured_media":7848,"comment_status":"open","ping_status":"open","sticky":false,"template":"","format":"standard","meta":{"_eb_attr":"","ub_ctt_via":"","spay_email":"","jetpack_publicize_message":"","jetpack_is_tweetstorm":false,"jetpack_publicize_feature_enabled":true},"categories":[2,86],"tags":[865,90,708,917],"featured_image_src":"https:\/\/www.polyas.de\/blog\/wp-content\/uploads\/2016\/12\/Wahlpflicht-Pro-und-Contra.jpg","author_info":{"display_name":"Laila Oudray","author_link":"https:\/\/www.polyas.de\/blog\/author\/l-oudray"},"yoast_head":"<!-- This site is optimized with the Yoast SEO plugin v19.9 - https:\/\/yoast.com\/wordpress\/plugins\/seo\/ -->\n<title>Wahlpflicht Pro und Contra: Das sind die Argumente<\/title>\n<meta name=\"description\" content=\"In vielen L\u00e4ndern wird \u00fcber die Wahlpflicht diskutiert. Wir haben alle Vor- und Nachteile einer Wahlpflicht gesammelt und festgehalten.\" \/>\n<meta name=\"robots\" content=\"index, follow, max-snippet:-1, max-image-preview:large, max-video-preview:-1\" \/>\n<link rel=\"canonical\" href=\"https:\/\/www.polyas.de\/blog\/de\/wahlbeteiligung-steigern\/wahlpflicht-pro-contra-2\" \/>\n<meta property=\"og:locale\" content=\"de_DE\" \/>\n<meta property=\"og:type\" content=\"article\" \/>\n<meta property=\"og:title\" content=\"Wahlpflicht Pro und Contra: Das sind die Argumente\" \/>\n<meta property=\"og:description\" content=\"In vielen L\u00e4ndern wird \u00fcber die Wahlpflicht diskutiert. Wir haben alle Vor- und Nachteile einer Wahlpflicht gesammelt und festgehalten.\" \/>\n<meta property=\"og:url\" content=\"https:\/\/www.polyas.de\/blog\/de\/wahlbeteiligung-steigern\/wahlpflicht-pro-contra-2\" \/>\n<meta property=\"og:site_name\" content=\"POLYAS\" \/>\n<meta property=\"article:published_time\" content=\"2016-12-14T14:00:26+00:00\" \/>\n<meta property=\"article:modified_time\" content=\"2023-03-02T16:15:52+00:00\" \/>\n<meta property=\"og:image\" content=\"https:\/\/www.polyas.de\/blog\/wp-content\/uploads\/2016\/12\/Wahlpflicht-Pro-und-Contra.jpg\" \/>\n\t<meta property=\"og:image:width\" content=\"860\" \/>\n\t<meta property=\"og:image:height\" content=\"200\" \/>\n\t<meta property=\"og:image:type\" content=\"image\/jpeg\" \/>\n<meta name=\"author\" content=\"Laila Oudray\" \/>\n<meta name=\"twitter:card\" content=\"summary_large_image\" \/>\n<meta name=\"twitter:label1\" content=\"Verfasst von\" \/>\n\t<meta name=\"twitter:data1\" content=\"Laila Oudray\" \/>\n\t<meta name=\"twitter:label2\" content=\"Gesch\u00e4tzte Lesezeit\" \/>\n\t<meta name=\"twitter:data2\" content=\"3 Minuten\" \/>\n<script type=\"application\/ld+json\" class=\"yoast-schema-graph\">{\"@context\":\"https:\/\/schema.org\",\"@graph\":[{\"@type\":\"WebPage\",\"@id\":\"https:\/\/www.polyas.de\/blog\/de\/wahlbeteiligung-steigern\/wahlpflicht-pro-contra-2\",\"url\":\"https:\/\/www.polyas.de\/blog\/de\/wahlbeteiligung-steigern\/wahlpflicht-pro-contra-2\",\"name\":\"Wahlpflicht Pro und Contra: Das sind die Argumente\",\"isPartOf\":{\"@id\":\"https:\/\/www.polyas.de\/blog\/#website\"},\"datePublished\":\"2016-12-14T14:00:26+00:00\",\"dateModified\":\"2023-03-02T16:15:52+00:00\",\"author\":{\"@id\":\"https:\/\/www.polyas.de\/blog\/#\/schema\/person\/3a108e5248b3998c0219f9ff4406ba8a\"},\"description\":\"In vielen L\u00e4ndern wird \u00fcber die Wahlpflicht diskutiert. Wir haben alle Vor- und Nachteile einer Wahlpflicht gesammelt und festgehalten.\",\"breadcrumb\":{\"@id\":\"https:\/\/www.polyas.de\/blog\/de\/wahlbeteiligung-steigern\/wahlpflicht-pro-contra-2#breadcrumb\"},\"inLanguage\":\"de-DE\",\"potentialAction\":[{\"@type\":\"ReadAction\",\"target\":[\"https:\/\/www.polyas.de\/blog\/de\/wahlbeteiligung-steigern\/wahlpflicht-pro-contra-2\"]}]},{\"@type\":\"BreadcrumbList\",\"@id\":\"https:\/\/www.polyas.de\/blog\/de\/wahlbeteiligung-steigern\/wahlpflicht-pro-contra-2#breadcrumb\",\"itemListElement\":[{\"@type\":\"ListItem\",\"position\":1,\"name\":\"Startseite\",\"item\":\"https:\/\/www.polyas.de\/blog\/de\"},{\"@type\":\"ListItem\",\"position\":2,\"name\":\"Wahlpflicht: Pro und Contra\"}]},{\"@type\":\"WebSite\",\"@id\":\"https:\/\/www.polyas.de\/blog\/#website\",\"url\":\"https:\/\/www.polyas.de\/blog\/\",\"name\":\"POLYAS\",\"description\":\"the blog for secure online voting\",\"potentialAction\":[{\"@type\":\"SearchAction\",\"target\":{\"@type\":\"EntryPoint\",\"urlTemplate\":\"https:\/\/www.polyas.de\/blog\/?s={search_term_string}\"},\"query-input\":\"required name=search_term_string\"}],\"inLanguage\":\"de-DE\"},{\"@type\":\"Person\",\"@id\":\"https:\/\/www.polyas.de\/blog\/#\/schema\/person\/3a108e5248b3998c0219f9ff4406ba8a\",\"name\":\"Laila Oudray\",\"image\":{\"@type\":\"ImageObject\",\"inLanguage\":\"de-DE\",\"@id\":\"https:\/\/www.polyas.de\/blog\/#\/schema\/person\/image\/\",\"url\":\"https:\/\/secure.gravatar.com\/avatar\/494f68c63930bd25d02b8df8a6dbded8?s=96&d=mm&r=g\",\"contentUrl\":\"https:\/\/secure.gravatar.com\/avatar\/494f68c63930bd25d02b8df8a6dbded8?s=96&d=mm&r=g\",\"caption\":\"Laila Oudray\"},\"description\":\"Um die Welt zu gestalten und zu verbessern, ben\u00f6tigt man Informationen. Ich habe es mir zur Aufgabe gemacht, diese Informationen zu recherchieren und hoffentlich unterhaltsam aufzubereiten. Wenn ich nicht gerade das World Wide Web f\u00fcr die interessantesten Themen durchforste, lebe ich meine musikalische Seite aus und singe (wie man mir sagt, auch gar nicht so schlecht). Seit April arbeite ich bei Polyas. Hier bin ich f\u00fcr die Pressearbeit zust\u00e4ndig und schreibe Blogartikel.\",\"sameAs\":[\"http:\/\/www.polyas.de\"],\"url\":\"https:\/\/www.polyas.de\/blog\/author\/l-oudray\"}]}<\/script>\n<!-- \/ Yoast SEO plugin. -->","yoast_head_json":{"title":"Wahlpflicht Pro und Contra: Das sind die Argumente","description":"In vielen L\u00e4ndern wird \u00fcber die Wahlpflicht diskutiert. Wir haben alle Vor- und Nachteile einer Wahlpflicht gesammelt und festgehalten.","robots":{"index":"index","follow":"follow","max-snippet":"max-snippet:-1","max-image-preview":"max-image-preview:large","max-video-preview":"max-video-preview:-1"},"canonical":"https:\/\/www.polyas.de\/blog\/de\/wahlbeteiligung-steigern\/wahlpflicht-pro-contra-2","og_locale":"de_DE","og_type":"article","og_title":"Wahlpflicht Pro und Contra: Das sind die Argumente","og_description":"In vielen L\u00e4ndern wird \u00fcber die Wahlpflicht diskutiert. Wir haben alle Vor- und Nachteile einer Wahlpflicht gesammelt und festgehalten.","og_url":"https:\/\/www.polyas.de\/blog\/de\/wahlbeteiligung-steigern\/wahlpflicht-pro-contra-2","og_site_name":"POLYAS","article_published_time":"2016-12-14T14:00:26+00:00","article_modified_time":"2023-03-02T16:15:52+00:00","og_image":[{"width":860,"height":200,"url":"https:\/\/www.polyas.de\/blog\/wp-content\/uploads\/2016\/12\/Wahlpflicht-Pro-und-Contra.jpg","type":"image\/jpeg"}],"author":"Laila Oudray","twitter_card":"summary_large_image","twitter_misc":{"Verfasst von":"Laila Oudray","Gesch\u00e4tzte Lesezeit":"3 Minuten"},"schema":{"@context":"https:\/\/schema.org","@graph":[{"@type":"WebPage","@id":"https:\/\/www.polyas.de\/blog\/de\/wahlbeteiligung-steigern\/wahlpflicht-pro-contra-2","url":"https:\/\/www.polyas.de\/blog\/de\/wahlbeteiligung-steigern\/wahlpflicht-pro-contra-2","name":"Wahlpflicht Pro und Contra: Das sind die Argumente","isPartOf":{"@id":"https:\/\/www.polyas.de\/blog\/#website"},"datePublished":"2016-12-14T14:00:26+00:00","dateModified":"2023-03-02T16:15:52+00:00","author":{"@id":"https:\/\/www.polyas.de\/blog\/#\/schema\/person\/3a108e5248b3998c0219f9ff4406ba8a"},"description":"In vielen L\u00e4ndern wird \u00fcber die Wahlpflicht diskutiert. Wir haben alle Vor- und Nachteile einer Wahlpflicht gesammelt und festgehalten.","breadcrumb":{"@id":"https:\/\/www.polyas.de\/blog\/de\/wahlbeteiligung-steigern\/wahlpflicht-pro-contra-2#breadcrumb"},"inLanguage":"de-DE","potentialAction":[{"@type":"ReadAction","target":["https:\/\/www.polyas.de\/blog\/de\/wahlbeteiligung-steigern\/wahlpflicht-pro-contra-2"]}]},{"@type":"BreadcrumbList","@id":"https:\/\/www.polyas.de\/blog\/de\/wahlbeteiligung-steigern\/wahlpflicht-pro-contra-2#breadcrumb","itemListElement":[{"@type":"ListItem","position":1,"name":"Startseite","item":"https:\/\/www.polyas.de\/blog\/de"},{"@type":"ListItem","position":2,"name":"Wahlpflicht: Pro und Contra"}]},{"@type":"WebSite","@id":"https:\/\/www.polyas.de\/blog\/#website","url":"https:\/\/www.polyas.de\/blog\/","name":"POLYAS","description":"the blog for secure online voting","potentialAction":[{"@type":"SearchAction","target":{"@type":"EntryPoint","urlTemplate":"https:\/\/www.polyas.de\/blog\/?s={search_term_string}"},"query-input":"required name=search_term_string"}],"inLanguage":"de-DE"},{"@type":"Person","@id":"https:\/\/www.polyas.de\/blog\/#\/schema\/person\/3a108e5248b3998c0219f9ff4406ba8a","name":"Laila Oudray","image":{"@type":"ImageObject","inLanguage":"de-DE","@id":"https:\/\/www.polyas.de\/blog\/#\/schema\/person\/image\/","url":"https:\/\/secure.gravatar.com\/avatar\/494f68c63930bd25d02b8df8a6dbded8?s=96&d=mm&r=g","contentUrl":"https:\/\/secure.gravatar.com\/avatar\/494f68c63930bd25d02b8df8a6dbded8?s=96&d=mm&r=g","caption":"Laila Oudray"},"description":"Um die Welt zu gestalten und zu verbessern, ben\u00f6tigt man Informationen. Ich habe es mir zur Aufgabe gemacht, diese Informationen zu recherchieren und hoffentlich unterhaltsam aufzubereiten. Wenn ich nicht gerade das World Wide Web f\u00fcr die interessantesten Themen durchforste, lebe ich meine musikalische Seite aus und singe (wie man mir sagt, auch gar nicht so schlecht). Seit April arbeite ich bei Polyas. Hier bin ich f\u00fcr die Pressearbeit zust\u00e4ndig und schreibe Blogartikel.","sameAs":["http:\/\/www.polyas.de"],"url":"https:\/\/www.polyas.de\/blog\/author\/l-oudray"}]}},"jetpack_featured_media_url":"https:\/\/www.polyas.de\/blog\/wp-content\/uploads\/2016\/12\/Wahlpflicht-Pro-und-Contra.jpg","jetpack_publicize_connections":[],"jetpack_shortlink":"https:\/\/wp.me\/p72Pnr-YB","jetpack-related-posts":[{"id":3605,"url":"https:\/\/www.polyas.de\/blog\/de\/wahlbeteiligung-steigern\/wahlpflicht-pro-contra","url_meta":{"origin":3757,"position":0},"title":"Wahlpflicht: Der Auftakt zu unserer neuen Serie","date":"04\/11\/2016","format":false,"excerpt":"Viele Jahre haben B\u00fcrger auf der ganzen Welt f\u00fcr das Wahlrecht gek\u00e4mpft - und tun es immer noch. Das Wahlrecht ist eines der h\u00f6chsten G\u00fcter einer Demokratie. Ein Gut, das viele B\u00fcrger als selbstverst\u00e4ndlich ansehen. Deswegen gibt es in einigen L\u00e4ndern eine Wahlpflicht, in anderen wird sie diskutiert. Wie in\u2026","rel":"","context":"In &quot;Wahlbeteiligung&quot;","img":{"alt_text":"","src":"","width":0,"height":0},"classes":[]},{"id":3668,"url":"https:\/\/www.polyas.de\/blog\/de\/wahlbeteiligung-steigern\/wahlpflicht-ausland","url_meta":{"origin":3757,"position":1},"title":"Wahlpflicht im Ausland &#8211; Nur in autorit\u00e4ren Staaten?","date":"23\/11\/2016","format":false,"excerpt":"W\u00e4hrend in Deutschland die Wahl ein Recht ist, das die B\u00fcrger auch verweigern k\u00f6nnen, gibt es einige L\u00e4nder, in denen Wahlpflicht herrscht. In zweitem Teil unserer Serie zu dem Thema, stellen wir diese L\u00e4nder vor und gehen auf die Auswirkungen auf die Gesellschaft ein.\u00a0 Derzeit gibt es weltweit etwa 30\u2026","rel":"","context":"In &quot;Digitale Demokratie&quot;","img":{"alt_text":"Wahlpflicht im Ausland","src":"https:\/\/i0.wp.com\/www.polyas.de\/blog\/wp-content\/uploads\/2016\/11\/Wahlpflicht-im-Ausland.jpg?resize=350%2C200&ssl=1","width":350,"height":200},"classes":[]},{"id":3886,"url":"https:\/\/www.polyas.de\/blog\/de\/wahlbeteiligung-steigern\/wahlpflicht-geschichte-deutschland","url_meta":{"origin":3757,"position":2},"title":"Die Geschichte der Wahlpflicht","date":"28\/12\/2016","format":false,"excerpt":"Die Debatte \u00fcber\u00a0Wahlpflicht ist so alt wie die Demokratie selbst. Wir werfen daher heute einen Blick in die Geschichte der Wahlpflicht. Schwerpunkt wird dabei auf die Begr\u00fcndungen f\u00fcr die Einf\u00fchrung in verschiedenen Staaten gelegt. Australien: Nach dem Krieg kommt die Wahlpflicht F\u00fcr Australien ist die Wahlpflicht eine Erfolgsgeschichte. Die Wahlbeteiligung\u2026","rel":"","context":"In &quot;Wahlbeteiligung&quot;","img":{"alt_text":"","src":"","width":0,"height":0},"classes":[]},{"id":3244,"url":"https:\/\/www.polyas.de\/blog\/de\/wahlbeteiligung-steigern\/nicht-waehler-motivieren","url_meta":{"origin":3757,"position":3},"title":"Nichtw\u00e4hler: Wie kann man sie motivieren?","date":"31\/08\/2016","format":false,"excerpt":"In vielen Studien haben Meinungsinstitute versucht herauszufinden, wer die Nicht-W\u00e4hler sind und was sie antreibt. All diese Informationen werden erhoben, um herauszufinden, wie die Wahlbeteiligung gesteigert werden kann. Es gibt keine ultimative L\u00f6sung f\u00fcr eine hohe Wahlbeteiligung. In Deutschland haben die B\u00fcrger das Recht zu w\u00e4hlen oder eben auf eine\u2026","rel":"","context":"In &quot;Wahlbeteiligung&quot;","img":{"alt_text":"Nicht-W\u00e4hler bei Volksabstimmungen: Was sind ihre Gr\u00fcnde?","src":"https:\/\/i0.wp.com\/www.polyas.de\/blog\/wp-content\/uploads\/2016\/07\/Serie-Tipps-zum-Wahlmanagement.png?resize=350%2C200&ssl=1","width":350,"height":200},"classes":[]},{"id":11418,"url":"https:\/\/www.polyas.de\/blog\/de\/online-wahlen\/wahlalter-16-debatte","url_meta":{"origin":3757,"position":4},"title":"Wahlalter 16: \u00dcber die Debatte in Deutschland und Wahlvoraussetzungen in anderen L\u00e4ndern","date":"03\/02\/2023","format":false,"excerpt":"Kurz vor dem Jahreswechsel 2022\/2023 war es Thema im Deutschen Bundestag: Soll bei Bundestagswahlen das Wahlalter auf 16 Jahre gesenkt werden? Bundestagspr\u00e4sidentin B\u00e4rbel Bas (SPD) findet ja, da auch bei Kommunal- und Landtagswahlen sowie der Europawahl schon mit 16 gew\u00e4hlt werden kann. Unterschiede in Bezug auf das Wahlalter gibt es\u2026","rel":"","context":"In &quot;Digitale Demokratie&quot;","img":{"alt_text":"Wahlalter 16 Deutschland weltweit","src":"https:\/\/i0.wp.com\/www.polyas.de\/blog\/wp-content\/uploads\/2023\/01\/Wahlalter-16-Deutschland-weltweit.png?resize=350%2C200&ssl=1","width":350,"height":200},"classes":[]},{"id":3085,"url":"https:\/\/www.polyas.de\/blog\/de\/wahlbeteiligung-steigern\/neue-serie-nichtwaehler","url_meta":{"origin":3757,"position":5},"title":"Nichtw\u00e4hler: Der Auftakt unserer neuen Serie","date":"19\/07\/2016","format":false,"excerpt":"Um w\u00e4hlen gehen zu k\u00f6nnen,\u00a0haben Menschen Jahrhunderte lang gek\u00e4mpft und in vielen L\u00e4ndern der Erde wird immer noch um die M\u00f6glichkeit der Stimmabgabe gestritten. In Deutschland gibt es\u00a0ein allgemeines Wahlrecht f\u00fcr alle Staatsb\u00fcrger ab 18 beziehungsweise ab 16 Jahren bei Kommunalwahlen.\u00a0Doch es gibt viele B\u00fcrger, die keinen Gebrauch von Ihrem\u2026","rel":"","context":"In &quot;Wahlbeteiligung&quot;","img":{"alt_text":"Nicht-W\u00e4hler bei Volksabstimmungen: Was sind ihre Gr\u00fcnde?","src":"https:\/\/i0.wp.com\/www.polyas.de\/blog\/wp-content\/uploads\/2016\/07\/Serie-Tipps-zum-Wahlmanagement.png?resize=350%2C200&ssl=1","width":350,"height":200},"classes":[]}],"_links":{"self":[{"href":"https:\/\/www.polyas.de\/blog\/wp-json\/wp\/v2\/posts\/3757"}],"collection":[{"href":"https:\/\/www.polyas.de\/blog\/wp-json\/wp\/v2\/posts"}],"about":[{"href":"https:\/\/www.polyas.de\/blog\/wp-json\/wp\/v2\/types\/post"}],"author":[{"embeddable":true,"href":"https:\/\/www.polyas.de\/blog\/wp-json\/wp\/v2\/users\/267"}],"replies":[{"embeddable":true,"href":"https:\/\/www.polyas.de\/blog\/wp-json\/wp\/v2\/comments?post=3757"}],"version-history":[{"count":9,"href":"https:\/\/www.polyas.de\/blog\/wp-json\/wp\/v2\/posts\/3757\/revisions"}],"predecessor-version":[{"id":11560,"href":"https:\/\/www.polyas.de\/blog\/wp-json\/wp\/v2\/posts\/3757\/revisions\/11560"}],"wp:featuredmedia":[{"embeddable":true,"href":"https:\/\/www.polyas.de\/blog\/wp-json\/wp\/v2\/media\/7848"}],"wp:attachment":[{"href":"https:\/\/www.polyas.de\/blog\/wp-json\/wp\/v2\/media?parent=3757"}],"wp:term":[{"taxonomy":"category","embeddable":true,"href":"https:\/\/www.polyas.de\/blog\/wp-json\/wp\/v2\/categories?post=3757"},{"taxonomy":"post_tag","embeddable":true,"href":"https:\/\/www.polyas.de\/blog\/wp-json\/wp\/v2\/tags?post=3757"}],"curies":[{"name":"wp","href":"https:\/\/api.w.org\/{rel}","templated":true}]}}