{"id":3535,"date":"2016-10-27T11:32:55","date_gmt":"2016-10-27T09:32:55","guid":{"rendered":"https:\/\/www.polyas.de\/blog\/?p=3535"},"modified":"2016-10-27T16:20:39","modified_gmt":"2016-10-27T14:20:39","slug":"bundespraesidentenwahl-oesterreich","status":"publish","type":"post","link":"https:\/\/www.polyas.de\/blog\/de\/online-wahlen\/bundespraesidentenwahl-oesterreich","title":{"rendered":"Wahlen in \u00d6sterreich: Pannenschleife ohne Aussicht?"},"content":{"rendered":"<p>Aus \u00d6sterreich kamen in den letzten Wochen und Monaten immer wieder Negativschlagzeilen.\u00a0Der Grund daf\u00fcr waren mehrere Probleme bei der Bundespr\u00e4sidentenwahl.\u00a0Wir haben uns die Wahlpannen in \u00d6sterreich mal genauer angeschaut.<\/p>\n<p><!--more--><\/p>\n<h4><strong>Alles fing ganz harmlos an\u2026<\/strong><\/h4>\n<p>Anders als in Deutschland wird der Bundespr\u00e4sident in \u00d6sterreich direkt von der Bev\u00f6lkerung gew\u00e4hlt.\u00a0Welche Aufgaben der Bundespr\u00e4sident in \u00d6sterreich hat, k\u00f6nnen Sie <a href=\"https:\/\/www.polyas.de\/blog\/de\/online-wahlen\/wahlsystem-zur-bundespraesidentenwahl-in-oesterreich\">hier<\/a> nachlesen.<\/p>\n<p>Aus dem ersten Wahlgang am<strong>\u00a024. April 2016<\/strong>\u00a0mit sechs Kandidaten gingen Norbert Hofer von der FP\u00d6 und der von den Gr\u00fcnen unterst\u00fctzte Alexander Van der Bellen als Kandidaten f\u00fcr die Stichwahl hervor.<\/p>\n<h4><strong>Wann findet die\u00a0Bundespr\u00e4sidentenwahl statt?<\/strong><\/h4>\n<p><strong>22.Mai 2016<\/strong>: Mit 50,3% der Stimmen f\u00fcr Alexander Van der Bellen\u00a0und 49,7% der Stimmen f\u00fcr Norbert Hofer\u00a0fiel das Ergebnis der Stichwahl sehr knapp aus. Bereits am Stichwahltag gab es\u00a0Meldungen zu m\u00f6glichen Wahlmanipulationen und einer verfr\u00fchten \u00d6ffnung von Wahlkuverts. Au\u00dferdem waren viele der eigegangenen\u00a0Wahlkarten-Stimmzettel ung\u00fcltig. Die Ger\u00fcchte um Manipulationen und das knappe Ergebnis sollten eine Pannenserie einleiten, die wohl in die Geschichte der \u00f6sterreichischen Republik eingehen wird.<\/p>\n<p><strong>8.Juni 2016<\/strong>: Die FP\u00d6 ficht die Wahl beim \u00f6sterreichischen Verfassungsgericht an. Die Diskussionen um die Legitimit\u00e4t der Anfechtung in den Medien gehen stark auseinander. Einige halten die Anfechtung f\u00fcr einen verzweifelten Versuch, die Wahl doch zu gewinnen. Andere sind der Ansicht, dass der Einwand, aufgrund der Unstimmigkeiten w\u00e4hrend der Wahl, berechtigt sei.<\/p>\n<p><strong>1.Juli 2016<\/strong>: Der Verfassungsgerichtshof beschlie\u00dft\u00a0die Wiederholung der Stichwahl. Wahlmanipulationen konnten allerdings nicht bewiesen werden. Allerdings kam das VfGH zu dem Schluss, dass das Ergebnis aufgrund verschiedener Pannen bei der Stimmenausz\u00e4hlung verf\u00e4lscht sein k\u00f6nnte. Der Termin zur\u00a0Wiederholung der Wahl wurde f\u00fcr den 2. Oktober angesetzt.<\/p>\n<p><strong>8.September 2016<\/strong>: Das Innenministerium meldet, dass es Probleme mit den bereits\u00a0versandten\u00a0Wahlkuverts gebe. Als Grund f\u00fcr die Schwierigkeiten wird der Klebstoff, mit dem die Kuverts verschlossen werden sollen, angegeben. Dieser klebe\u00a0nicht richtig, so dass sich die Wahlkuverts wieder \u00f6ffnen w\u00fcrden.\u00a0Die Stimmzettel, die in diesen Kuverts bei der Wahlbeh\u00f6rde eingehen, sind ung\u00fcltig, da das Wahlgeheimnis \u00a0nicht mehr gewahrt werden kann.\u00a0Man \u00fcberlegt die Wiederholung der Wahl zu verschieben.<\/p>\n<p><strong>21.September 2016<\/strong>: Der \u00f6sterreichische Nationalrat beschlie\u00dft die\u00a0Verschiebung der Bundespr\u00e4sidentenwahl.<\/p>\n<p>Am<strong> 4.Dezember 2016\u00a0<\/strong>wird \u00d6sterreich ein<strong>\u00a0<\/strong>drittes Mal versuchen, einen Bundespr\u00e4sidenten zu w\u00e4hlen.<\/p>\n<h4><strong>Wahlpannen zeigen die Schwachstellen im Wahlsystem auf<\/strong><\/h4>\n<p>Die Wahlpannen der Bundespr\u00e4sidentenwahl haben aber\u00a0auch etwas Gutes: Sie zeigen grunds\u00e4tzliche Schwachstellen in der Wahlverwaltung in \u00d6sterreich auf und regen zur Diskussion um eine Reform des Wahlsystems an. Die Debatte um die Briefwahl und die Form der Wahlkuverts ist aktueller denn je. Der Blogger <a href=\"http:\/\/www.martinthuer.at\/2016\/05\/weissblaue-geschichten\/\" target=\"_blank\">Martin Th\u00fcr<\/a> spricht zum Beispiel das Problem der veralteten Infrastruktur der Wahlbeh\u00f6rden an. Auch ein zentrales W\u00e4hlerregister wird von den Kritikern gefordert. Denn verantwortlich f\u00fcr die\u00a0vielen Pannen waren Verwaltungsfehler.<\/p>\n<p>Eine L\u00f6sung f\u00fcr einen zuverl\u00e4ssigen und einfachen Wahlprozess k\u00f6nnten <a href=\"http:\/\/www.polyas.de\/features\" target=\"_blank\">Online-Wahlen<\/a> sein. Wir\u00a0hoffen, dass die Wahlen im Dezember endlich durchgef\u00fchrt werden k\u00f6nnen. Aber auch danach wird noch viel zu tun sein.<\/p>\n","protected":false},"excerpt":{"rendered":"<p>Aus \u00d6sterreich kamen in den letzten Wochen und Monaten immer wieder Negativschlagzeilen.\u00a0Der Grund daf\u00fcr waren mehrere Probleme bei der Bundespr\u00e4sidentenwahl.\u00a0Wir haben uns die Wahlpannen in \u00d6sterreich mal genauer angeschaut.<\/p>\n","protected":false},"author":269,"featured_media":3554,"comment_status":"open","ping_status":"open","sticky":false,"template":"","format":"standard","meta":{"_eb_attr":"","ub_ctt_via":"","spay_email":"","jetpack_publicize_message":"","jetpack_is_tweetstorm":false,"jetpack_publicize_feature_enabled":true},"categories":[8],"tags":[658,650,882,319],"featured_image_src":"https:\/\/www.polyas.de\/blog\/wp-content\/uploads\/2016\/10\/Wahlpannen_bpw_O--sterreich.png","author_info":{"display_name":"Anastasia Tomskikh","author_link":"https:\/\/www.polyas.de\/blog\/author\/a-tomskikh"},"yoast_head":"<!-- This site is optimized with the Yoast SEO plugin v19.9 - https:\/\/yoast.com\/wordpress\/plugins\/seo\/ -->\n<title>Bundespr\u00e4sidentenwahl in \u00d6sterreich: Pannen in Dauerschleife?<\/title>\n<meta name=\"description\" content=\"Die Bundespr\u00e4sidentenwahl in \u00d6sterreich sorgte in der letzten Zeit f\u00fcr viele negative Schlagzeilen in den Medien. Was ist da genau passiert?\" \/>\n<meta name=\"robots\" content=\"index, follow, max-snippet:-1, max-image-preview:large, max-video-preview:-1\" \/>\n<link rel=\"canonical\" href=\"https:\/\/www.polyas.de\/blog\/de\/online-wahlen\/bundespraesidentenwahl-oesterreich\" \/>\n<meta property=\"og:locale\" content=\"de_DE\" \/>\n<meta property=\"og:type\" content=\"article\" \/>\n<meta property=\"og:title\" content=\"Bundespr\u00e4sidentenwahl in \u00d6sterreich: Pannen in Dauerschleife?\" \/>\n<meta property=\"og:description\" content=\"Die Bundespr\u00e4sidentenwahl in \u00d6sterreich sorgte in der letzten Zeit f\u00fcr viele negative Schlagzeilen in den Medien. Was ist da genau passiert?\" \/>\n<meta property=\"og:url\" content=\"https:\/\/www.polyas.de\/blog\/de\/online-wahlen\/bundespraesidentenwahl-oesterreich\" \/>\n<meta property=\"og:site_name\" content=\"POLYAS\" \/>\n<meta property=\"article:published_time\" content=\"2016-10-27T09:32:55+00:00\" \/>\n<meta property=\"article:modified_time\" content=\"2016-10-27T14:20:39+00:00\" \/>\n<meta property=\"og:image\" content=\"https:\/\/i0.wp.com\/www.polyas.de\/blog\/wp-content\/uploads\/2016\/10\/Wahlpannen_bpw_O--sterreich.png?fit=800%2C360&ssl=1\" \/>\n\t<meta property=\"og:image:width\" content=\"800\" \/>\n\t<meta property=\"og:image:height\" content=\"360\" \/>\n\t<meta property=\"og:image:type\" content=\"image\/png\" \/>\n<meta name=\"author\" content=\"Anastasia Tomskikh\" \/>\n<meta name=\"twitter:card\" content=\"summary_large_image\" \/>\n<meta name=\"twitter:label1\" content=\"Verfasst von\" \/>\n\t<meta name=\"twitter:data1\" content=\"Anastasia Tomskikh\" \/>\n\t<meta name=\"twitter:label2\" content=\"Gesch\u00e4tzte Lesezeit\" \/>\n\t<meta name=\"twitter:data2\" content=\"3 Minuten\" \/>\n<script type=\"application\/ld+json\" class=\"yoast-schema-graph\">{\"@context\":\"https:\/\/schema.org\",\"@graph\":[{\"@type\":\"WebPage\",\"@id\":\"https:\/\/www.polyas.de\/blog\/de\/online-wahlen\/bundespraesidentenwahl-oesterreich\",\"url\":\"https:\/\/www.polyas.de\/blog\/de\/online-wahlen\/bundespraesidentenwahl-oesterreich\",\"name\":\"Bundespr\u00e4sidentenwahl in \u00d6sterreich: Pannen in Dauerschleife?\",\"isPartOf\":{\"@id\":\"https:\/\/www.polyas.de\/blog\/#website\"},\"datePublished\":\"2016-10-27T09:32:55+00:00\",\"dateModified\":\"2016-10-27T14:20:39+00:00\",\"author\":{\"@id\":\"https:\/\/www.polyas.de\/blog\/#\/schema\/person\/2cead8026c163ad2e647165231c6f9df\"},\"description\":\"Die Bundespr\u00e4sidentenwahl in \u00d6sterreich sorgte in der letzten Zeit f\u00fcr viele negative Schlagzeilen in den Medien. Was ist da genau passiert?\",\"breadcrumb\":{\"@id\":\"https:\/\/www.polyas.de\/blog\/de\/online-wahlen\/bundespraesidentenwahl-oesterreich#breadcrumb\"},\"inLanguage\":\"de-DE\",\"potentialAction\":[{\"@type\":\"ReadAction\",\"target\":[\"https:\/\/www.polyas.de\/blog\/de\/online-wahlen\/bundespraesidentenwahl-oesterreich\"]}]},{\"@type\":\"BreadcrumbList\",\"@id\":\"https:\/\/www.polyas.de\/blog\/de\/online-wahlen\/bundespraesidentenwahl-oesterreich#breadcrumb\",\"itemListElement\":[{\"@type\":\"ListItem\",\"position\":1,\"name\":\"Startseite\",\"item\":\"https:\/\/www.polyas.de\/blog\/de\"},{\"@type\":\"ListItem\",\"position\":2,\"name\":\"Wahlen in \u00d6sterreich: Pannenschleife ohne Aussicht?\"}]},{\"@type\":\"WebSite\",\"@id\":\"https:\/\/www.polyas.de\/blog\/#website\",\"url\":\"https:\/\/www.polyas.de\/blog\/\",\"name\":\"POLYAS\",\"description\":\"the blog for secure online voting\",\"potentialAction\":[{\"@type\":\"SearchAction\",\"target\":{\"@type\":\"EntryPoint\",\"urlTemplate\":\"https:\/\/www.polyas.de\/blog\/?s={search_term_string}\"},\"query-input\":\"required name=search_term_string\"}],\"inLanguage\":\"de-DE\"},{\"@type\":\"Person\",\"@id\":\"https:\/\/www.polyas.de\/blog\/#\/schema\/person\/2cead8026c163ad2e647165231c6f9df\",\"name\":\"Anastasia Tomskikh\",\"image\":{\"@type\":\"ImageObject\",\"inLanguage\":\"de-DE\",\"@id\":\"https:\/\/www.polyas.de\/blog\/#\/schema\/person\/image\/\",\"url\":\"https:\/\/secure.gravatar.com\/avatar\/7e48bd3b7d5d05f370e562d70546c99c?s=96&d=mm&r=g\",\"contentUrl\":\"https:\/\/secure.gravatar.com\/avatar\/7e48bd3b7d5d05f370e562d70546c99c?s=96&d=mm&r=g\",\"caption\":\"Anastasia Tomskikh\"},\"sameAs\":[\"http:\/\/www.polyas.de\"],\"url\":\"https:\/\/www.polyas.de\/blog\/author\/a-tomskikh\"}]}<\/script>\n<!-- \/ Yoast SEO plugin. -->","yoast_head_json":{"title":"Bundespr\u00e4sidentenwahl in \u00d6sterreich: Pannen in Dauerschleife?","description":"Die Bundespr\u00e4sidentenwahl in \u00d6sterreich sorgte in der letzten Zeit f\u00fcr viele negative Schlagzeilen in den Medien. Was ist da genau passiert?","robots":{"index":"index","follow":"follow","max-snippet":"max-snippet:-1","max-image-preview":"max-image-preview:large","max-video-preview":"max-video-preview:-1"},"canonical":"https:\/\/www.polyas.de\/blog\/de\/online-wahlen\/bundespraesidentenwahl-oesterreich","og_locale":"de_DE","og_type":"article","og_title":"Bundespr\u00e4sidentenwahl in \u00d6sterreich: Pannen in Dauerschleife?","og_description":"Die Bundespr\u00e4sidentenwahl in \u00d6sterreich sorgte in der letzten Zeit f\u00fcr viele negative Schlagzeilen in den Medien. Was ist da genau passiert?","og_url":"https:\/\/www.polyas.de\/blog\/de\/online-wahlen\/bundespraesidentenwahl-oesterreich","og_site_name":"POLYAS","article_published_time":"2016-10-27T09:32:55+00:00","article_modified_time":"2016-10-27T14:20:39+00:00","og_image":[{"width":800,"height":360,"url":"https:\/\/i0.wp.com\/www.polyas.de\/blog\/wp-content\/uploads\/2016\/10\/Wahlpannen_bpw_O--sterreich.png?fit=800%2C360&ssl=1","type":"image\/png"}],"author":"Anastasia Tomskikh","twitter_card":"summary_large_image","twitter_misc":{"Verfasst von":"Anastasia Tomskikh","Gesch\u00e4tzte Lesezeit":"3 Minuten"},"schema":{"@context":"https:\/\/schema.org","@graph":[{"@type":"WebPage","@id":"https:\/\/www.polyas.de\/blog\/de\/online-wahlen\/bundespraesidentenwahl-oesterreich","url":"https:\/\/www.polyas.de\/blog\/de\/online-wahlen\/bundespraesidentenwahl-oesterreich","name":"Bundespr\u00e4sidentenwahl in \u00d6sterreich: Pannen in Dauerschleife?","isPartOf":{"@id":"https:\/\/www.polyas.de\/blog\/#website"},"datePublished":"2016-10-27T09:32:55+00:00","dateModified":"2016-10-27T14:20:39+00:00","author":{"@id":"https:\/\/www.polyas.de\/blog\/#\/schema\/person\/2cead8026c163ad2e647165231c6f9df"},"description":"Die Bundespr\u00e4sidentenwahl in \u00d6sterreich sorgte in der letzten Zeit f\u00fcr viele negative Schlagzeilen in den Medien. Was ist da genau passiert?","breadcrumb":{"@id":"https:\/\/www.polyas.de\/blog\/de\/online-wahlen\/bundespraesidentenwahl-oesterreich#breadcrumb"},"inLanguage":"de-DE","potentialAction":[{"@type":"ReadAction","target":["https:\/\/www.polyas.de\/blog\/de\/online-wahlen\/bundespraesidentenwahl-oesterreich"]}]},{"@type":"BreadcrumbList","@id":"https:\/\/www.polyas.de\/blog\/de\/online-wahlen\/bundespraesidentenwahl-oesterreich#breadcrumb","itemListElement":[{"@type":"ListItem","position":1,"name":"Startseite","item":"https:\/\/www.polyas.de\/blog\/de"},{"@type":"ListItem","position":2,"name":"Wahlen in \u00d6sterreich: Pannenschleife ohne Aussicht?"}]},{"@type":"WebSite","@id":"https:\/\/www.polyas.de\/blog\/#website","url":"https:\/\/www.polyas.de\/blog\/","name":"POLYAS","description":"the blog for secure online voting","potentialAction":[{"@type":"SearchAction","target":{"@type":"EntryPoint","urlTemplate":"https:\/\/www.polyas.de\/blog\/?s={search_term_string}"},"query-input":"required name=search_term_string"}],"inLanguage":"de-DE"},{"@type":"Person","@id":"https:\/\/www.polyas.de\/blog\/#\/schema\/person\/2cead8026c163ad2e647165231c6f9df","name":"Anastasia Tomskikh","image":{"@type":"ImageObject","inLanguage":"de-DE","@id":"https:\/\/www.polyas.de\/blog\/#\/schema\/person\/image\/","url":"https:\/\/secure.gravatar.com\/avatar\/7e48bd3b7d5d05f370e562d70546c99c?s=96&d=mm&r=g","contentUrl":"https:\/\/secure.gravatar.com\/avatar\/7e48bd3b7d5d05f370e562d70546c99c?s=96&d=mm&r=g","caption":"Anastasia Tomskikh"},"sameAs":["http:\/\/www.polyas.de"],"url":"https:\/\/www.polyas.de\/blog\/author\/a-tomskikh"}]}},"jetpack_featured_media_url":"https:\/\/www.polyas.de\/blog\/wp-content\/uploads\/2016\/10\/Wahlpannen_bpw_O--sterreich.png","jetpack_publicize_connections":[],"jetpack_shortlink":"https:\/\/wp.me\/p72Pnr-V1","jetpack-related-posts":[{"id":2553,"url":"https:\/\/www.polyas.de\/blog\/de\/online-wahlen\/kandidatencheck-zur-bundespraesidentenwahl-in-oesterreich","url_meta":{"origin":3535,"position":0},"title":"Kandidatencheck zur Bundespr\u00e4sidentenwahl in \u00d6sterreich","date":"20\/04\/2016","format":false,"excerpt":"Zur diesj\u00e4hrigen Bundespr\u00e4sidentenwahl in \u00d6sterreich sind so viele Kandidaten angetreten wie seit 1951 nicht mehr. Insgesamt sechs Anw\u00e4rter k\u00e4mpfen um die Stimmen der W\u00e4hler. Wir haben uns die Kandidaten vorab genauer angesehen. Mit Norbert Hofer (FP\u00d6), Rudolf Hundstorfer (SP\u00d6) und Andreas Khol (\u00d6VP) haben die popul\u00e4rsten Parteien \u00d6sterreichs drei starke\u2026","rel":"","context":"In &quot;Wahl News&quot;","img":{"alt_text":"In Spanien und der Schweiz wurde abgestimmt","src":"https:\/\/i0.wp.com\/www.polyas.de\/blog\/wp-content\/uploads\/2016\/03\/Wahl-News.png?resize=350%2C200&ssl=1","width":350,"height":200},"classes":[]},{"id":2731,"url":"https:\/\/www.polyas.de\/blog\/de\/online-wahlen\/oesterreich-ist-ein-gespaltenes-land","url_meta":{"origin":3535,"position":1},"title":"\u00d6sterreich ist ein gespaltenes Land","date":"23\/05\/2016","format":false,"excerpt":"Immer wieder sonntags: Gestern wurde in \u00d6sterreich ein neuer Bundespr\u00e4sident gew\u00e4hlt, aber erst am Montag am sp\u00e4ten Nachmittag war klar: Alexander van der Bellen ist der Bundespr\u00e4sident. Ein realer Polit-Krimi spielte sich in der Alpenrepublik ab. Alle Infos zur Bundespr\u00e4sidentenwahl in unseren #WahlNews. Die Ergebnisse im \u00dcberblick: Zun\u00e4chst kein klares\u2026","rel":"","context":"In &quot;Wahl News&quot;","img":{"alt_text":"In Spanien und der Schweiz wurde abgestimmt","src":"https:\/\/i0.wp.com\/www.polyas.de\/blog\/wp-content\/uploads\/2016\/03\/Wahl-News.png?resize=350%2C200&ssl=1","width":350,"height":200},"classes":[]},{"id":2577,"url":"https:\/\/www.polyas.de\/blog\/de\/online-wahlen\/bundespraesidentenwahl-in-oesterreich-zaesur-mit-symbolkraft","url_meta":{"origin":3535,"position":2},"title":"Bundespr\u00e4sidentenwahl in \u00d6sterreich: Z\u00e4sur mit Symbolkraft?","date":"25\/04\/2016","format":false,"excerpt":"Immer wieder sonntags: Am 24.04.2016 waren 6,4 Millionen \u00d6sterreicher ab 16 Jahren dazu aufgerufen einen neuen Bundespr\u00e4sidenten zu w\u00e4hlen. Die Wahlbeteiligung war mit 68% \u00fcberraschend hoch. Wir berichten in unseren #WahlNews Die Ergebnisse im \u00dcberblick: FP\u00d6 Kandidat Norbert Hofer erhielt mit 35,3% die meisten Stimmen Alexander Van der Bellen liegt\u2026","rel":"","context":"In &quot;Wahl News&quot;","img":{"alt_text":"In Spanien und der Schweiz wurde abgestimmt","src":"https:\/\/i0.wp.com\/www.polyas.de\/blog\/wp-content\/uploads\/2016\/03\/Wahl-News.png?resize=350%2C200&ssl=1","width":350,"height":200},"classes":[]},{"id":3001,"url":"https:\/\/www.polyas.de\/blog\/de\/online-wahlen\/wahlwiederholung-stichwahl-oesterreich","url_meta":{"origin":3535,"position":3},"title":"Wiederholung der Stichwahl in \u00d6sterreich","date":"01\/07\/2016","format":false,"excerpt":"Es waren doch zu viele Ungereimtheiten bei der Ausz\u00e4hlung der Stichwahl in \u00d6sterreich. Am 1. Juli 2016 entschied der \u00f6sterreichische Verfassungsgerichtshof, dass die Stichwahl zum Bundespr\u00e4sidentenamt vom 22. Mai wiederholt werden muss. Wahlbetrug liegt nicht vor, die Beamten und Wahlhelfer\u00a0haben allerdings gegen Regeln und Formalien der Briefwahlausz\u00e4hlung versto\u00dfen. Das Urteil\u2026","rel":"","context":"In &quot;Wahl News&quot;","img":{"alt_text":"Stichwahl in \u00d6sterreich wird wiederholt","src":"https:\/\/i0.wp.com\/www.polyas.de\/blog\/wp-content\/uploads\/2016\/07\/Wahlwiederholung-Stichwahl-O--sterreich.jpg?resize=350%2C200&ssl=1","width":350,"height":200},"classes":[]},{"id":3753,"url":"https:\/\/www.polyas.de\/blog\/de\/online-wahlen\/wahlen-oesterreich-italien","url_meta":{"origin":3535,"position":4},"title":"Wahlnews: Ein durchwachsener Sonntag f\u00fcr die EU","date":"05\/12\/2016","format":false,"excerpt":"Immer wieder sonntags...\u00a0\u00a0Die Bundespr\u00e4sidentenwahl in \u00d6sterreich und das Verfassungsreferendum in Italien zogen\u00a0internationales\u00a0Interesse auf sich. In der Alpenrepublik hat Alexander Van der Bellen die Bundespr\u00e4sidentenwahl gewonnen und sich gegen den Kandidaten der rechten FP\u00d6, Nobert Hofer, durchgesetzt. In Italien scheiterte\u00a0der sozialdemokratische Ministerpr\u00e4sident Matteo Renzi mit seinem Referendum \u00fcber die Neugestaltung des\u2026","rel":"","context":"In &quot;Wahl News&quot;","img":{"alt_text":"In Spanien und der Schweiz wurde abgestimmt","src":"https:\/\/i0.wp.com\/www.polyas.de\/blog\/wp-content\/uploads\/2016\/03\/Wahl-News.png?resize=350%2C200&ssl=1","width":350,"height":200},"classes":[]},{"id":2562,"url":"https:\/\/www.polyas.de\/blog\/de\/online-wahlen\/wahlsystem-zur-bundespraesidentenwahl-in-oesterreich","url_meta":{"origin":3535,"position":5},"title":"Das Wahlsystem zum Bundespr\u00e4sidenten in \u00d6sterreich","date":"01\/04\/2016","format":false,"excerpt":"Am 24. April 2016 wird in \u00d6sterreich der\u00a0neue Bundespr\u00e4sident gew\u00e4hlt. Erfahren Sie mehr \u00fcber\u00a0das Wahlsystem und das Amt des \u00f6sterreichischen Bundespr\u00e4sidenten. Die Bundespr\u00e4sidentenwahl \u00d6sterreichs in K\u00fcrze Der Bundespr\u00e4sident ist das Staatsoberhaupt \u00d6sterreichs. Er wird\u00a0direkt durch das Bundesvolk gew\u00e4hlt. Damit der Gewinner der Wahl sein Amt mit der Angelobung am 8.\u2026","rel":"","context":"In &quot;Wahl News&quot;","img":{"alt_text":"In Spanien und der Schweiz wurde abgestimmt","src":"https:\/\/i0.wp.com\/www.polyas.de\/blog\/wp-content\/uploads\/2016\/03\/Wahl-News.png?resize=350%2C200&ssl=1","width":350,"height":200},"classes":[]}],"_links":{"self":[{"href":"https:\/\/www.polyas.de\/blog\/wp-json\/wp\/v2\/posts\/3535"}],"collection":[{"href":"https:\/\/www.polyas.de\/blog\/wp-json\/wp\/v2\/posts"}],"about":[{"href":"https:\/\/www.polyas.de\/blog\/wp-json\/wp\/v2\/types\/post"}],"author":[{"embeddable":true,"href":"https:\/\/www.polyas.de\/blog\/wp-json\/wp\/v2\/users\/269"}],"replies":[{"embeddable":true,"href":"https:\/\/www.polyas.de\/blog\/wp-json\/wp\/v2\/comments?post=3535"}],"version-history":[{"count":11,"href":"https:\/\/www.polyas.de\/blog\/wp-json\/wp\/v2\/posts\/3535\/revisions"}],"predecessor-version":[{"id":3567,"href":"https:\/\/www.polyas.de\/blog\/wp-json\/wp\/v2\/posts\/3535\/revisions\/3567"}],"wp:featuredmedia":[{"embeddable":true,"href":"https:\/\/www.polyas.de\/blog\/wp-json\/wp\/v2\/media\/3554"}],"wp:attachment":[{"href":"https:\/\/www.polyas.de\/blog\/wp-json\/wp\/v2\/media?parent=3535"}],"wp:term":[{"taxonomy":"category","embeddable":true,"href":"https:\/\/www.polyas.de\/blog\/wp-json\/wp\/v2\/categories?post=3535"},{"taxonomy":"post_tag","embeddable":true,"href":"https:\/\/www.polyas.de\/blog\/wp-json\/wp\/v2\/tags?post=3535"}],"curies":[{"name":"wp","href":"https:\/\/api.w.org\/{rel}","templated":true}]}}