{"id":3425,"date":"2016-10-03T16:33:30","date_gmt":"2016-10-03T14:33:30","guid":{"rendered":"https:\/\/www.polyas.de\/blog\/?p=3425"},"modified":"2016-10-03T21:47:35","modified_gmt":"2016-10-03T19:47:35","slug":"referendum-ungarn-kolumbien","status":"publish","type":"post","link":"https:\/\/www.polyas.de\/blog\/de\/allgemein-de\/referendum-ungarn-kolumbien","title":{"rendered":"\u00dcberraschende Referenden in Ungarn und Kolumbien"},"content":{"rendered":"<p><strong>Immer wieder sonntags&#8230; <\/strong>Dieser Sonntag war ein Tag der Referenden und der \u00dcberraschungen. So hat Viktor Orb\u00e1n eine unerwartete Schlappe eingefahren. In Kolumbien hat die Bev\u00f6lkerung mit knapper Mehrheit den historischen Friedensvertrag mit der FARC abgelehnt. In Estland ist am Montag ein neuer Staatsoberhaupt gew\u00e4hlt worden.<\/p>\n<p><!--more--><\/p>\n<h3>Die Geschehnisse im \u00dcberblick:<\/h3>\n<p><strong>Ungarn:\u00a0<\/strong>Es gab eine \u00fcberraschende Wende beim Referendum in Ungarn. Viktor Orb\u00e1n wollte die Bev\u00f6lkerung \u00fcber die Fl\u00fcchtlingquoten in der EU abstimmen lassen. Es wurde mit einer \u00fcberw\u00e4tigenden Mehrheit f\u00fcr die Ablehnung dieser Quote gerechnet. Dazu kam es auch. Doch das Referendum hat das notwendige Quorum nicht erreicht und ist damit ung\u00fcltig.<\/p>\n<p><strong>Kolumbien:<\/strong> Unerwartet haben die Kolumbianer gegen den Friedensvertrag der Regierung mit der Farc abgelehnt. Die Mehrheit war denkbar d\u00fcnn. Es gab einen Vorsprung von gerade mal 60 000 Stimmen. Aber das Nein gilt, genau wie der bisherige Waffenstillstand.<\/p>\n<p><strong>Estland:\u00a0<\/strong>Die diesj\u00e4hrige Wahl des Staatspr\u00e4sidenten war ein langwieriger Prozess. Erst im sechsten Wahlgang konnte sich Kersti Kaljulaid durchsetzen. Damit ist sie die erste Staatspr\u00e4sidentin von Estland.<\/p>\n<h3>Ungarn: Eine Schlappe f\u00fcr Orb\u00e1n<\/h3>\n<p>Seit Monaten war sie angek\u00fcndigt. Das Referendum \u00fcber die Verteilungsquoten f\u00fcr Fl\u00fcchtlinge in der EU. Niemand rechnete ernsthaft mit einer Annahme der Quote. 98% der abgegebenen Stimmen lehnten die Quote ab.<\/p>\n<p>Es w\u00e4re ein Sieg f\u00fcr Orb\u00e1n gewesen, wenn das Referendum g\u00fcltig w\u00e4re. Doch das notwendige Quorum wurde nicht erreicht. <a href=\"https:\/\/www.polyas.de\/wahllexikon\/referendum\">Erfahren Sie mehr \u00fcber die gesetzlichen Regelungen von Referenden. <\/a><\/p>\n<p>50% Wahlbeteiligung w\u00e4ren notwendig gewesen, nur etwa 40% der Wahlberechtigten gaben eine g\u00fcltige Stimmen ab. Die Opposition und andere Organisationen hatten im Vorfeld zum Boykott des Referendums aufgerufen. Ob diese Aufrufe der Grund f\u00fcr die geringe Wahlbeteiligung waren, ist unklar.<\/p>\n<p>Es gab bereits erste R\u00fccktrittforderungen an Orb\u00e1n. Dieser will sich nicht verunsichern lassen. Obwohl das Quorum verfehlt wurde, will er dem Parlament eine Verfassungs\u00e4nderung vorlegen.<\/p>\n<h3>Kolumbien: Ja zum Frieden, Nein zum Friedensvertrag<\/h3>\n<p>V\u00f6llig \u00fcberraschend haben die Kolumbianer bei einem Referendum den Friedensvertrag der Regierung mit der Farc abgelehnt. Die Mehrheit war dabei denkbar d\u00fcnn, gerade einmal 60.000 Stimmen. Das zeugt von der tiefen Zerissenheit in der kolumbianischen Gesellschaft. Jene Regionen, die am st\u00e4rksten unter dem Krieg gelitten haben, haben mehrheitlich mit &#8220;Ja&#8221; abgestimmt.<\/p>\n<p>Den &#8220;Nein&#8221;-Fraktionen ging es vor allem um den Inhalt des Friedenvertrags. Viele aus diesem Lager w\u00fcnschen sich zwar auch Frieden, aber auch mehr H\u00e4rte gegen\u00fcber der Farc.<\/p>\n<p>Wie es weiter gehen soll, steht noch nicht fest. Vier Jahre lang haben Vertreter beider Konfliktparteien am Friedensvertrag gearbeitet. Der komlumbianische Pr\u00e4sident Santos hatte im Vorfeld Neuverhandlungen eigentlich abgelehnt.<\/p>\n<p>Zurzeit gilt weiterhin der Waffenstillstand zwischen Farc und der Regierung.<\/p>\n<h3>Eine Frau an der Spitze Estlands<\/h3>\n<p>Nach sechs Wahlg\u00e4ngen war es soweit. Ein Kandidat konnte sich durchsetzen und wurde zum Staatspr\u00e4sidenten von Estland gew\u00e4hlt. Genauer gesagt: zur Staatspr\u00e4sidentin. 81 der 98 beteiligenden Abgeordneten in Tallinn votierten f\u00fcr Kersti Kaljulaid. Die 46-J\u00e4hrige ist bisher estnische Vertreterin beim Europ\u00e4ischen Rechnungshof.<\/p>\n<p class=\"TT11_Grund2\">Somit ist zum ersten Mal in der Geschichte Estlands eine Frau an der Spitze des Landes. Sie l\u00f6st den bisherigen Pr\u00e4sidenten Toomas Hendrik Ilves ab, der nach zwei Amtszeiten nicht wieder kandidieren konnte.<\/p>\n","protected":false},"excerpt":{"rendered":"<p>Immer wieder sonntags&#8230; Dieser Sonntag war ein Tag der Referenden und der \u00dcberraschungen. So hat Viktor Orb\u00e1n eine unerwartete Schlappe eingefahren. In Kolumbien hat die Bev\u00f6lkerung mit knapper Mehrheit den historischen Friedensvertrag mit der FARC abgelehnt. In Estland ist am Montag ein neuer Staatsoberhaupt gew\u00e4hlt worden.<\/p>\n","protected":false},"author":267,"featured_media":2343,"comment_status":"open","ping_status":"open","sticky":false,"template":"","format":"standard","meta":{"_eb_attr":"","ub_ctt_via":"","spay_email":"","jetpack_publicize_message":"","jetpack_is_tweetstorm":false,"jetpack_publicize_feature_enabled":true},"categories":[19],"tags":[779,682,431],"featured_image_src":"https:\/\/www.polyas.de\/blog\/wp-content\/uploads\/2016\/03\/Wahl-News.png","author_info":{"display_name":"Laila Oudray","author_link":"https:\/\/www.polyas.de\/blog\/author\/l-oudray"},"yoast_head":"<!-- This site is optimized with the Yoast SEO plugin v19.9 - https:\/\/yoast.com\/wordpress\/plugins\/seo\/ -->\n<title>\u00dcberraschende Referenden in Ungarn und Kolumbien<\/title>\n<meta name=\"description\" content=\"Es war ein \u00fcberraschender Sonntag. Die Referenden in Kolumbien und in Ungarn haben unerwartete Ergebnisse hervorgebracht.\" \/>\n<meta name=\"robots\" content=\"index, follow, max-snippet:-1, max-image-preview:large, max-video-preview:-1\" \/>\n<link rel=\"canonical\" href=\"https:\/\/www.polyas.de\/blog\/de\/allgemein-de\/referendum-ungarn-kolumbien\" \/>\n<meta property=\"og:locale\" content=\"de_DE\" \/>\n<meta property=\"og:type\" content=\"article\" \/>\n<meta property=\"og:title\" content=\"\u00dcberraschende Referenden in Ungarn und Kolumbien\" \/>\n<meta property=\"og:description\" content=\"Es war ein \u00fcberraschender Sonntag. Die Referenden in Kolumbien und in Ungarn haben unerwartete Ergebnisse hervorgebracht.\" \/>\n<meta property=\"og:url\" content=\"https:\/\/www.polyas.de\/blog\/de\/allgemein-de\/referendum-ungarn-kolumbien\" \/>\n<meta property=\"og:site_name\" content=\"POLYAS\" \/>\n<meta property=\"article:published_time\" content=\"2016-10-03T14:33:30+00:00\" \/>\n<meta property=\"article:modified_time\" content=\"2016-10-03T19:47:35+00:00\" \/>\n<meta property=\"og:image\" content=\"https:\/\/i0.wp.com\/www.polyas.de\/blog\/wp-content\/uploads\/2016\/03\/Wahl-News.png?fit=730%2C410&ssl=1\" \/>\n\t<meta property=\"og:image:width\" content=\"730\" \/>\n\t<meta property=\"og:image:height\" content=\"410\" \/>\n\t<meta property=\"og:image:type\" content=\"image\/png\" \/>\n<meta name=\"author\" content=\"Laila Oudray\" \/>\n<meta name=\"twitter:card\" content=\"summary_large_image\" \/>\n<meta name=\"twitter:label1\" content=\"Verfasst von\" \/>\n\t<meta name=\"twitter:data1\" content=\"Laila Oudray\" \/>\n\t<meta name=\"twitter:label2\" content=\"Gesch\u00e4tzte Lesezeit\" \/>\n\t<meta name=\"twitter:data2\" content=\"3 Minuten\" \/>\n<script type=\"application\/ld+json\" class=\"yoast-schema-graph\">{\"@context\":\"https:\/\/schema.org\",\"@graph\":[{\"@type\":\"WebPage\",\"@id\":\"https:\/\/www.polyas.de\/blog\/de\/allgemein-de\/referendum-ungarn-kolumbien\",\"url\":\"https:\/\/www.polyas.de\/blog\/de\/allgemein-de\/referendum-ungarn-kolumbien\",\"name\":\"\u00dcberraschende Referenden in Ungarn und Kolumbien\",\"isPartOf\":{\"@id\":\"https:\/\/www.polyas.de\/blog\/#website\"},\"datePublished\":\"2016-10-03T14:33:30+00:00\",\"dateModified\":\"2016-10-03T19:47:35+00:00\",\"author\":{\"@id\":\"https:\/\/www.polyas.de\/blog\/#\/schema\/person\/3a108e5248b3998c0219f9ff4406ba8a\"},\"description\":\"Es war ein \u00fcberraschender Sonntag. Die Referenden in Kolumbien und in Ungarn haben unerwartete Ergebnisse hervorgebracht.\",\"breadcrumb\":{\"@id\":\"https:\/\/www.polyas.de\/blog\/de\/allgemein-de\/referendum-ungarn-kolumbien#breadcrumb\"},\"inLanguage\":\"de-DE\",\"potentialAction\":[{\"@type\":\"ReadAction\",\"target\":[\"https:\/\/www.polyas.de\/blog\/de\/allgemein-de\/referendum-ungarn-kolumbien\"]}]},{\"@type\":\"BreadcrumbList\",\"@id\":\"https:\/\/www.polyas.de\/blog\/de\/allgemein-de\/referendum-ungarn-kolumbien#breadcrumb\",\"itemListElement\":[{\"@type\":\"ListItem\",\"position\":1,\"name\":\"Startseite\",\"item\":\"https:\/\/www.polyas.de\/blog\/de\"},{\"@type\":\"ListItem\",\"position\":2,\"name\":\"\u00dcberraschende Referenden in Ungarn und Kolumbien\"}]},{\"@type\":\"WebSite\",\"@id\":\"https:\/\/www.polyas.de\/blog\/#website\",\"url\":\"https:\/\/www.polyas.de\/blog\/\",\"name\":\"POLYAS\",\"description\":\"the blog for secure online voting\",\"potentialAction\":[{\"@type\":\"SearchAction\",\"target\":{\"@type\":\"EntryPoint\",\"urlTemplate\":\"https:\/\/www.polyas.de\/blog\/?s={search_term_string}\"},\"query-input\":\"required name=search_term_string\"}],\"inLanguage\":\"de-DE\"},{\"@type\":\"Person\",\"@id\":\"https:\/\/www.polyas.de\/blog\/#\/schema\/person\/3a108e5248b3998c0219f9ff4406ba8a\",\"name\":\"Laila Oudray\",\"image\":{\"@type\":\"ImageObject\",\"inLanguage\":\"de-DE\",\"@id\":\"https:\/\/www.polyas.de\/blog\/#\/schema\/person\/image\/\",\"url\":\"https:\/\/secure.gravatar.com\/avatar\/494f68c63930bd25d02b8df8a6dbded8?s=96&d=mm&r=g\",\"contentUrl\":\"https:\/\/secure.gravatar.com\/avatar\/494f68c63930bd25d02b8df8a6dbded8?s=96&d=mm&r=g\",\"caption\":\"Laila Oudray\"},\"description\":\"Um die Welt zu gestalten und zu verbessern, ben\u00f6tigt man Informationen. Ich habe es mir zur Aufgabe gemacht, diese Informationen zu recherchieren und hoffentlich unterhaltsam aufzubereiten. Wenn ich nicht gerade das World Wide Web f\u00fcr die interessantesten Themen durchforste, lebe ich meine musikalische Seite aus und singe (wie man mir sagt, auch gar nicht so schlecht). Seit April arbeite ich bei Polyas. Hier bin ich f\u00fcr die Pressearbeit zust\u00e4ndig und schreibe Blogartikel.\",\"sameAs\":[\"http:\/\/www.polyas.de\"],\"url\":\"https:\/\/www.polyas.de\/blog\/author\/l-oudray\"}]}<\/script>\n<!-- \/ Yoast SEO plugin. -->","yoast_head_json":{"title":"\u00dcberraschende Referenden in Ungarn und Kolumbien","description":"Es war ein \u00fcberraschender Sonntag. Die Referenden in Kolumbien und in Ungarn haben unerwartete Ergebnisse hervorgebracht.","robots":{"index":"index","follow":"follow","max-snippet":"max-snippet:-1","max-image-preview":"max-image-preview:large","max-video-preview":"max-video-preview:-1"},"canonical":"https:\/\/www.polyas.de\/blog\/de\/allgemein-de\/referendum-ungarn-kolumbien","og_locale":"de_DE","og_type":"article","og_title":"\u00dcberraschende Referenden in Ungarn und Kolumbien","og_description":"Es war ein \u00fcberraschender Sonntag. Die Referenden in Kolumbien und in Ungarn haben unerwartete Ergebnisse hervorgebracht.","og_url":"https:\/\/www.polyas.de\/blog\/de\/allgemein-de\/referendum-ungarn-kolumbien","og_site_name":"POLYAS","article_published_time":"2016-10-03T14:33:30+00:00","article_modified_time":"2016-10-03T19:47:35+00:00","og_image":[{"width":730,"height":410,"url":"https:\/\/i0.wp.com\/www.polyas.de\/blog\/wp-content\/uploads\/2016\/03\/Wahl-News.png?fit=730%2C410&ssl=1","type":"image\/png"}],"author":"Laila Oudray","twitter_card":"summary_large_image","twitter_misc":{"Verfasst von":"Laila Oudray","Gesch\u00e4tzte Lesezeit":"3 Minuten"},"schema":{"@context":"https:\/\/schema.org","@graph":[{"@type":"WebPage","@id":"https:\/\/www.polyas.de\/blog\/de\/allgemein-de\/referendum-ungarn-kolumbien","url":"https:\/\/www.polyas.de\/blog\/de\/allgemein-de\/referendum-ungarn-kolumbien","name":"\u00dcberraschende Referenden in Ungarn und Kolumbien","isPartOf":{"@id":"https:\/\/www.polyas.de\/blog\/#website"},"datePublished":"2016-10-03T14:33:30+00:00","dateModified":"2016-10-03T19:47:35+00:00","author":{"@id":"https:\/\/www.polyas.de\/blog\/#\/schema\/person\/3a108e5248b3998c0219f9ff4406ba8a"},"description":"Es war ein \u00fcberraschender Sonntag. Die Referenden in Kolumbien und in Ungarn haben unerwartete Ergebnisse hervorgebracht.","breadcrumb":{"@id":"https:\/\/www.polyas.de\/blog\/de\/allgemein-de\/referendum-ungarn-kolumbien#breadcrumb"},"inLanguage":"de-DE","potentialAction":[{"@type":"ReadAction","target":["https:\/\/www.polyas.de\/blog\/de\/allgemein-de\/referendum-ungarn-kolumbien"]}]},{"@type":"BreadcrumbList","@id":"https:\/\/www.polyas.de\/blog\/de\/allgemein-de\/referendum-ungarn-kolumbien#breadcrumb","itemListElement":[{"@type":"ListItem","position":1,"name":"Startseite","item":"https:\/\/www.polyas.de\/blog\/de"},{"@type":"ListItem","position":2,"name":"\u00dcberraschende Referenden in Ungarn und Kolumbien"}]},{"@type":"WebSite","@id":"https:\/\/www.polyas.de\/blog\/#website","url":"https:\/\/www.polyas.de\/blog\/","name":"POLYAS","description":"the blog for secure online voting","potentialAction":[{"@type":"SearchAction","target":{"@type":"EntryPoint","urlTemplate":"https:\/\/www.polyas.de\/blog\/?s={search_term_string}"},"query-input":"required name=search_term_string"}],"inLanguage":"de-DE"},{"@type":"Person","@id":"https:\/\/www.polyas.de\/blog\/#\/schema\/person\/3a108e5248b3998c0219f9ff4406ba8a","name":"Laila Oudray","image":{"@type":"ImageObject","inLanguage":"de-DE","@id":"https:\/\/www.polyas.de\/blog\/#\/schema\/person\/image\/","url":"https:\/\/secure.gravatar.com\/avatar\/494f68c63930bd25d02b8df8a6dbded8?s=96&d=mm&r=g","contentUrl":"https:\/\/secure.gravatar.com\/avatar\/494f68c63930bd25d02b8df8a6dbded8?s=96&d=mm&r=g","caption":"Laila Oudray"},"description":"Um die Welt zu gestalten und zu verbessern, ben\u00f6tigt man Informationen. Ich habe es mir zur Aufgabe gemacht, diese Informationen zu recherchieren und hoffentlich unterhaltsam aufzubereiten. Wenn ich nicht gerade das World Wide Web f\u00fcr die interessantesten Themen durchforste, lebe ich meine musikalische Seite aus und singe (wie man mir sagt, auch gar nicht so schlecht). Seit April arbeite ich bei Polyas. Hier bin ich f\u00fcr die Pressearbeit zust\u00e4ndig und schreibe Blogartikel.","sameAs":["http:\/\/www.polyas.de"],"url":"https:\/\/www.polyas.de\/blog\/author\/l-oudray"}]}},"jetpack_featured_media_url":"https:\/\/www.polyas.de\/blog\/wp-content\/uploads\/2016\/03\/Wahl-News.png","jetpack_publicize_connections":[],"jetpack_shortlink":"https:\/\/wp.me\/p72Pnr-Tf","jetpack-related-posts":[{"id":6512,"url":"https:\/\/www.polyas.de\/blog\/de\/online-wahlen\/parlamentswahlen-ungarn","url_meta":{"origin":3425,"position":0},"title":"Parlamentswahlen in Ungarn mit \u00fcberraschend klarem Ergebnis","date":"09\/04\/2018","format":false,"excerpt":"Immer wieder sonntags \u2026 Auch an diesem Sonntag wurde in Europa gew\u00e4hlt: In Ungarn waren knapp acht Millionen Wahlberechtigte zu Parlamentswahlen aufgerufen. Obwohl Meinungsforschungsinstitute noch kurz vor der Wahl ein knappes Wahlergebnis vorausgesagt hatten, war die Entscheidung am Ende sehr deutlich: Viktor Orbans rechtsnationale Partei Fidesz gewann deutlich. Alles Wissenswerte\u2026","rel":"","context":"In &quot;Wahl News&quot;","img":{"alt_text":"Erfahren Sie alles Aktuelle \u00fcber die Parlamentswahl in der Ukraine","src":"https:\/\/i0.wp.com\/www.polyas.de\/blog\/wp-content\/uploads\/2016\/12\/Wahl-News-Schmal_810x280.png?resize=350%2C200&ssl=1","width":350,"height":200},"classes":[]},{"id":6143,"url":"https:\/\/www.polyas.de\/blog\/de\/online-wahlen\/wahlen-2018","url_meta":{"origin":3425,"position":1},"title":"Wahlen 2018: Diese wichtigen Wahlen finden dieses Jahr statt","date":"02\/01\/2018","format":false,"excerpt":"2017 war ein Superwahljahr, das viele \u00dcberraschungen bereithielt \u2013 ob die Wahlen 2018 da mithalten k\u00f6nnen? POLYAS wirft einen Blick auf die kommenden Wahltermine, die die gr\u00f6\u00dften Ver\u00e4nderungen mit sich bringen k\u00f6nnten. Wer gewinnt die Wahlen 2018 in Italien? In Europa sind wieder viele B\u00fcrger aufgerufen, ihre Stimme abzugeben. Allein\u2026","rel":"","context":"In &quot;Wahl News&quot;","img":{"alt_text":"Die Wahlen 2018 versprechen spannend zu werden.","src":"https:\/\/i0.wp.com\/www.polyas.de\/blog\/wp-content\/uploads\/2017\/12\/Wahlen_2018.gif?resize=350%2C200&ssl=1","width":350,"height":200},"classes":[]},{"id":6678,"url":"https:\/\/www.polyas.de\/blog\/de\/allgemein-de\/kolumbien-praesidentschaftswahl","url_meta":{"origin":3425,"position":2},"title":"Pr\u00e4sidentschaftswahlen in Kolumbien: Ein Land am Scheideweg","date":"28\/05\/2018","format":false,"excerpt":"Bei der Wahl in Kolumbien haben sich die Favoriten durchgesetzt: In die Stichwahl um das Pr\u00e4sidentenamt kommen der rechtskonservative Ivan Duque und der linke Gustavo Petro. Der Sieger entscheidet auch \u00fcber die Zukunft des Friedensvertrags mit der FARC. Kolumbien hat gew\u00e4hlt Der 41-j\u00e4hrige Anwalt Ivan Duque ist der klare Sieger\u2026","rel":"","context":"In &quot;\u00dcber POLYAS&quot;","img":{"alt_text":"Erfahren Sie alles Aktuelle \u00fcber die Parlamentswahl in der Ukraine","src":"https:\/\/i0.wp.com\/www.polyas.de\/blog\/wp-content\/uploads\/2016\/12\/Wahl-News-Schmal_810x280.png?resize=350%2C200&ssl=1","width":350,"height":200},"classes":[]},{"id":7640,"url":"https:\/\/www.polyas.de\/blog\/de\/digitale-demokratie\/illiberale-demokratie","url_meta":{"origin":3425,"position":3},"title":"Wahlen ja, Liberalismus nein? Was ist \u201eilliberale Demokratie\u201c?","date":"21\/11\/2019","format":false,"excerpt":"Seit einigen Jahren geistert der Begriff \u201eilliberale Demokratie\u201c durch die politischen Debatten. Kerngedanke ist die Trennung von Liberalismus und Demokratie. Doch welches politische Ziel verbirgt sich hinter der Nutzung des Begriffs? Ein Schlagwort macht Karriere Den Gro\u00dfteil des Jahres ist die Kleinstadt B\u0103ile Tu\u0219nad (Tusn\u00e1df\u00fcrd\u0151) im rum\u00e4nischen Siebenb\u00fcrgen blo\u00df ein\u2026","rel":"","context":"In &quot;Digitale Demokratie&quot;","img":{"alt_text":"Was ist \"illiberale Demokratie\"?","src":"https:\/\/i0.wp.com\/www.polyas.de\/blog\/wp-content\/uploads\/2019\/11\/equal-justice-under-law.jpg?resize=350%2C200&ssl=1","width":350,"height":200},"classes":[]},{"id":6694,"url":"https:\/\/www.polyas.de\/blog\/de\/online-wahlen\/parlamentswahl-slowenien","url_meta":{"origin":3425,"position":4},"title":"Slowenien: Schwierige Regierungsbildung zwischen Alpen und Adria","date":"04\/06\/2018","format":false,"excerpt":"Bei der Wahl zum Parlament in Slowenien hat die einwanderungsfeindliche Partei SDS von Ex-Ministerpr\u00e4sident Janez Jansa die meisten Stimmen bekommen. Eine Regierungsbildung wird wohl trotzdem schwierig werden, denn das linke Lager h\u00e4tte ebenso die M\u00f6glichkeit zu regieren. #WahlNews Der rechtskonservative Oppositionsf\u00fchrer hat die meisten Stimmen bei der Wahl in Slowenien\u2026","rel":"","context":"In &quot;Wahl News&quot;","img":{"alt_text":"Erfahren Sie alles Aktuelle \u00fcber die Parlamentswahl in der Ukraine","src":"https:\/\/i0.wp.com\/www.polyas.de\/blog\/wp-content\/uploads\/2016\/12\/Wahl-News-Schmal_810x280.png?resize=350%2C200&ssl=1","width":350,"height":200},"classes":[]},{"id":3753,"url":"https:\/\/www.polyas.de\/blog\/de\/online-wahlen\/wahlen-oesterreich-italien","url_meta":{"origin":3425,"position":5},"title":"Wahlnews: Ein durchwachsener Sonntag f\u00fcr die EU","date":"05\/12\/2016","format":false,"excerpt":"Immer wieder sonntags...\u00a0\u00a0Die Bundespr\u00e4sidentenwahl in \u00d6sterreich und das Verfassungsreferendum in Italien zogen\u00a0internationales\u00a0Interesse auf sich. In der Alpenrepublik hat Alexander Van der Bellen die Bundespr\u00e4sidentenwahl gewonnen und sich gegen den Kandidaten der rechten FP\u00d6, Nobert Hofer, durchgesetzt. In Italien scheiterte\u00a0der sozialdemokratische Ministerpr\u00e4sident Matteo Renzi mit seinem Referendum \u00fcber die Neugestaltung des\u2026","rel":"","context":"In &quot;Wahl News&quot;","img":{"alt_text":"In Spanien und der Schweiz wurde abgestimmt","src":"https:\/\/i0.wp.com\/www.polyas.de\/blog\/wp-content\/uploads\/2016\/03\/Wahl-News.png?resize=350%2C200&ssl=1","width":350,"height":200},"classes":[]}],"_links":{"self":[{"href":"https:\/\/www.polyas.de\/blog\/wp-json\/wp\/v2\/posts\/3425"}],"collection":[{"href":"https:\/\/www.polyas.de\/blog\/wp-json\/wp\/v2\/posts"}],"about":[{"href":"https:\/\/www.polyas.de\/blog\/wp-json\/wp\/v2\/types\/post"}],"author":[{"embeddable":true,"href":"https:\/\/www.polyas.de\/blog\/wp-json\/wp\/v2\/users\/267"}],"replies":[{"embeddable":true,"href":"https:\/\/www.polyas.de\/blog\/wp-json\/wp\/v2\/comments?post=3425"}],"version-history":[{"count":3,"href":"https:\/\/www.polyas.de\/blog\/wp-json\/wp\/v2\/posts\/3425\/revisions"}],"predecessor-version":[{"id":3428,"href":"https:\/\/www.polyas.de\/blog\/wp-json\/wp\/v2\/posts\/3425\/revisions\/3428"}],"wp:featuredmedia":[{"embeddable":true,"href":"https:\/\/www.polyas.de\/blog\/wp-json\/wp\/v2\/media\/2343"}],"wp:attachment":[{"href":"https:\/\/www.polyas.de\/blog\/wp-json\/wp\/v2\/media?parent=3425"}],"wp:term":[{"taxonomy":"category","embeddable":true,"href":"https:\/\/www.polyas.de\/blog\/wp-json\/wp\/v2\/categories?post=3425"},{"taxonomy":"post_tag","embeddable":true,"href":"https:\/\/www.polyas.de\/blog\/wp-json\/wp\/v2\/tags?post=3425"}],"curies":[{"name":"wp","href":"https:\/\/api.w.org\/{rel}","templated":true}]}}