{"id":3370,"date":"2016-09-28T15:15:03","date_gmt":"2016-09-28T13:15:03","guid":{"rendered":"https:\/\/www.polyas.de\/blog\/?p=3370"},"modified":"2019-11-21T14:17:01","modified_gmt":"2019-11-21T13:17:01","slug":"kammerwahlen-interview-kammerrecht","status":"publish","type":"post","link":"https:\/\/www.polyas.de\/blog\/de\/digitale-demokratie\/kammerwahlen-interview-kammerrecht","title":{"rendered":"Interview mit dem Institut f\u00fcr Kammerrecht"},"content":{"rendered":"<p><strong>Nachgefragt:<\/strong> Ich spreche heute mit Christina Jesse vom Institut f\u00fcr Kammerrecht \u00fcber Kammerwahlen.<\/p>\n<p><!--more--><\/p>\n<p><a href=\"http:\/\/www.kammerrecht.de\/\">Das Institut f\u00fcr Kammerrecht <\/a>ist eine unabh\u00e4ngige wissenschaftliche Einrichtung, die das Kammerrecht erforscht und dar\u00fcber hinaus Kammern bei rechtlichen Fragen zur Seite steht.<\/p>\n<h3>Interviewerin: Kammern nehmen eine \u00f6ffentliche Funktion wahr. K\u00f6nnen Sie uns die rechtlichen Besonderheiten von Kammern kurz erkl\u00e4ren?<\/h3>\n<p>Frau Jesse: Die Kammern der Wirtschaft und der freien Berufe sind als Personalk\u00f6rperschaften des \u00f6ffentlichen Rechts verfasste Einrichtungen und Tr\u00e4ger sogenannter funktionaler Selbstverwaltung. Sie sind daher in Bezug auf ihre Aufgaben und ihre Funktion Teil des Staates, verf\u00fcgen jedoch \u00fcber eine relative Unabh\u00e4ngigkeit gegen\u00fcber dem Staat und erledigen ihre Aufgaben in eigener Verantwortung. Die Kammern nehmen neben ihren Selbstverwaltungsaufgaben (Interessenvertretung; berufliche Aus- und Weiterbildung; Dienstleistungen f\u00fcr Kammermitglieder) auch vom Staat \u00fcbertragene hoheitliche Aufgaben, insbesondere im Bereich der berufsbezogenen Rechtssetzung und der Berufsaufsicht wahr.<\/p>\n<h3>Interviewerin:\u00a0<strong>Was ist ihr Auftrag und wie unterst\u00fctzen Sie Kammern? <\/strong><\/h3>\n<p>Frau Jesse: Das Institut f\u00fcr Kammerrecht arbeitet als unabh\u00e4ngige wissenschaftliche Einrichtung mit dem Ziel, die Forschung im Bereich des Kammerrechts, sowie die Weiterbildung in diesem Bereich, besonders f\u00fcr Wissenschaftler und Berufst\u00e4tige zu f\u00f6rdern. Neben der Grundlagenforschung, der Vergabe von Doktorarbeiten und der Anfertigung wissenschaftlicher Studien, befasst sich das Institut auch mit der Vertiefung aktueller Fragestellung durch wissenschaftliche Beitr\u00e4ge im Jahrbuch des Kammerrechts, in Fachzeitschriften, aktuellen Stellungnahmen sowie auf Tagungen. Die Kammern unterst\u00fctzen wir auf Anfrage mit der Erstellung von Rechtsgutachten und der Erarbeitung rechtlicher Stellungnahmen zu einzelnen, im Rahmen der Kammerarbeit auftretenden juristischen Fragestellungen sowie Fortbildungsangeboten f\u00fcr die Kammermitarbeiter. Dar\u00fcber hinaus stellen wir \u00fcber das Internet fortlaufend aktualisierte Informationsangebote zur Verf\u00fcgung.<\/p>\n<h3>Interviewerin:\u00a0Was wird bei Kammern gew\u00e4hlt?<\/h3>\n<p>Die Kammermitglieder w\u00e4hlen das Hauptorgan und Beschlussgremium ihrer Kammer, die sogenannte Vertreterversammlung bzw. Vollversammlung. In einigen Kammern gibt es auch eine Mitgliederversammlung. Das oberste Kammerorgan ist f\u00fcr die grundlegenden organisatorischen und inhaltlichen Entscheidungen der Kammer zust\u00e4ndig. Die Versammlung w\u00e4hlt oder bestimmt wiederum ein Leitungsorgan, Pr\u00e4sidium oder Vorstand, sowie in einigen Bereichen den ebenfalls mit einer Vertretungsfunktion ausgestalteten (Haupt-)Gesch\u00e4ftsf\u00fchrer der Kammer.<\/p>\n<h3>Interviewerin:\u00a0Was k\u00f6nnen Sie mir \u00fcber das Wahlverfahren bei Kammern erz\u00e4hlen?<\/h3>\n<p>Frau Jesse: Das Verfahren der Kammerwahlen ist je nach Kammertypus unterschiedlich ausgestaltet. W\u00e4hrend einige Gesetze sehr detaillierte Vorschriften \u00fcber das Wahlverfahren enthalten (z.B. die Handwerksordnung f\u00fcr die Wahl in den Handwerkskammern), \u00fcberlassen andere die entsprechenden Regelungen der autonomen Rechtsetzung der Kammern in ihren Satzungen bzw. Wahlordnungen. In einigen Kammern finden Listenwahlen statt, welche eine Selbstorganisation der Kammermitglieder in konkurrierenden<\/p>\n<div id=\"attachment_3375\" style=\"width: 261px\" class=\"wp-caption alignleft\"><a href=\"https:\/\/www.polyas.de\/blog\/wp-content\/uploads\/2016\/09\/Bild-2-Christina-Jesse-1.jpg\"><img aria-describedby=\"caption-attachment-3375\" data-attachment-id=\"3375\" data-permalink=\"https:\/\/www.polyas.de\/blog\/de\/digitale-demokratie\/kammerwahlen-interview-kammerrecht\/attachment\/bild-2-christina-jesse-2\" data-orig-file=\"https:\/\/www.polyas.de\/blog\/wp-content\/uploads\/2016\/09\/Bild-2-Christina-Jesse-1.jpg\" data-orig-size=\"550,500\" data-comments-opened=\"1\" data-image-meta=\"{&quot;aperture&quot;:&quot;0&quot;,&quot;credit&quot;:&quot;&quot;,&quot;camera&quot;:&quot;&quot;,&quot;caption&quot;:&quot;&quot;,&quot;created_timestamp&quot;:&quot;0&quot;,&quot;copyright&quot;:&quot;&quot;,&quot;focal_length&quot;:&quot;0&quot;,&quot;iso&quot;:&quot;0&quot;,&quot;shutter_speed&quot;:&quot;0&quot;,&quot;title&quot;:&quot;&quot;,&quot;orientation&quot;:&quot;0&quot;}\" data-image-title=\"bild-2-christina-jesse\" data-image-description=\"\" data-image-caption=\"&lt;p&gt;Christina Jesse vom Institut f\u00fcr Kammerrecht &lt;\/p&gt;\n\" data-medium-file=\"https:\/\/www.polyas.de\/blog\/wp-content\/uploads\/2016\/09\/Bild-2-Christina-Jesse-1-300x273.jpg\" data-large-file=\"https:\/\/www.polyas.de\/blog\/wp-content\/uploads\/2016\/09\/Bild-2-Christina-Jesse-1.jpg\" loading=\"lazy\" class=\" wp-image-3375\" src=\"https:\/\/www.polyas.de\/blog\/wp-content\/uploads\/2016\/09\/Bild-2-Christina-Jesse-1-300x273.jpg\" alt=\"Christina Jesse vom Institut f\u00fcr Kammerrecht\" width=\"251\" height=\"228\" srcset=\"https:\/\/www.polyas.de\/blog\/wp-content\/uploads\/2016\/09\/Bild-2-Christina-Jesse-1-300x273.jpg 300w, https:\/\/www.polyas.de\/blog\/wp-content\/uploads\/2016\/09\/Bild-2-Christina-Jesse-1-500x455.jpg 500w, https:\/\/www.polyas.de\/blog\/wp-content\/uploads\/2016\/09\/Bild-2-Christina-Jesse-1.jpg 550w\" sizes=\"(max-width: 251px) 100vw, 251px\" \/><\/a><p id=\"caption-attachment-3375\" class=\"wp-caption-text\">Christina Jesse vom Institut f\u00fcr Kammerrecht<\/p><\/div>\n<p>Gruppen voraussetzen, die jeweils Vorschl\u00e4ge mit mehreren Personen erstellen, zwischen denen ausgew\u00e4hlt wird. Die Listenwahl kann als Mehrheits- oder als Verh\u00e4ltniswahl ausgestaltet sein. In anderen Kammern finden dagegen Personenwahlen statt, wobei alle Kandidaten einzeln antreten, ohne sich zu einem Wahlvorschlag zu gruppieren.<\/p>\n<p>Zu erw\u00e4hnen ist in diesem Zusammenhang noch die in einigen Kammern praktizierte Friedenswahl. Hierbei erfolgt das Wahlverfahren durch einvernehmliche Bestimmung, also ohne direkte Wahlhandlung. Die verfassungsrechtliche Zul\u00e4ssigkeit der Friedenswahlen ist allerdings umstritten.<strong>\u00a0<\/strong><\/p>\n<h3>Interviewerin:\u00a0Welche neueren Entwicklungen gab es in den letzten Jahren bez\u00fcglich des Wahlrechts in den Kammern?<\/h3>\n<p>Frau Jesse: Das Kammerwahlrecht ist immer wieder Gegenstand von verwaltungsgerichtlichen Entscheidungen und wissenschaftlichen Abhandlungen, sodass auch die rechtlichen Rahmenbedingungen und Grenzen dahingehend fortlaufend pr\u00e4zisiert werden. Besondere Beachtung fand k\u00fcrzlich die Entscheidung des Bundesverwaltungsgerichts aus dem Jahr 2015 zur Zul\u00e4ssigkeit der Kooptation (mittelbare Hinzuwahl) von Personen zur Vollversammlung einer Industrie- und Handelskammer (BVerwG, 16.06.2015 \u2013 10 C 14.14). Das Gericht entschied, dass die Wahlordnung einer Industrie- und Handelskammer die Erg\u00e4nzung der unmittelbaren Wahl der Vollversammlung im Wege der Hinzuwahl weiterer Vollversammlungsmitglieder vorsehen darf, die Kammern hierbei aber gewisse Vorgaben beachten m\u00fcssen. Mit dieser Entscheidung wurde wiederum verdeutlicht, dass die Kammerwahlen und deren rechtliche Ausgestaltung zwar den allgemeinen demokratischen Wahlrechtsgrunds\u00e4tzen entsprechen m\u00fcssen, hieran jedoch nicht der gleiche strenge Ma\u00dfstab zu stellen ist, wie an parlamentarische Wahlen auf Bundes- oder Landesebene.<strong>\u00a0<\/strong><\/p>\n<h3>Interviewerin:\u00a0Wie lange gibt es bei Kammerwahlen schon \u00dcberlegungen zur Durchf\u00fchrung von Online-Wahlen?<\/h3>\n<p>Frau Jesse: Hierzu muss zun\u00e4chst gesagt werden, dass die Kammerwahlen, sofern sie nicht im Rahmen einer Sitzung einer Versammlung der Mitglieder einer Kammer stattfinden, regelm\u00e4\u00dfig durch Briefwahl erfolgen. F\u00fcr die Wahlen zu den Vollversammlungen der Handwerkskammern ist dies in der Handwerksordnung sogar ausdr\u00fccklich vorgeschrieben. F\u00fcr die Industrie- und Handelskammern und einen gro\u00dfen Teil der Berufskammern gibt es dagegen keine genauen gesetzlichen Vorgaben, sodass es in diesen Bereichen grunds\u00e4tzlich denkbar ist, die Wahlhandlung (zumindest erg\u00e4nzend) auch online \u00fcber das Internet durchzuf\u00fchren.<\/p>\n<p>Online-Wahlen werden f\u00fcr die Kammern schon l\u00e4nger thematisiert, auch wenn derartigen Reformvorschl\u00e4gen aus Gr\u00fcnden der Sicherheit zu Beginn der 2000er noch mit gro\u00dfer Skepsis begegnet wurde. Das Wahlmodell fand in den Folgejahren schnell Zuspruch, vor allem unter den Kammermitgliedern. Mittlerweile haben einige Kammern bereits Online-Wahlen eingef\u00fchrt. Die Vorteile einer onlinebasierten Wahl liegen in erster Linie in der bequemen Durchf\u00fchrung des Wahlaktes und der erleichterten Stimmausz\u00e4hlung. Auch beobachten die Kammern mit der Einf\u00fchrung von Online-Wahlen einen Anstieg in der Wahlbeteiligung.<\/p>\n<p><a href=\"https:\/\/www.polyas.de\/wahlbeteiligung-steigern\">Wenn auch Sie die Wahlbeteiligung in Ihrer Kammer steigen wollen, informieren Sie sich hier.\u00a0<\/a><\/p>\n<h3>Interviewerin:\u00a0Welche Herausforderungen sehen Sie in der Einf\u00fchrung von Online-Wahlen in Kammern?<\/h3>\n<p>Frau Jesse: In erster Linie m\u00fcssen die Online-Wahlen den an die Kammerwahlen zu stellenden rechtlichen Anforderungen aus den allgemeinen Wahlrechtsgrunds\u00e4tzen gen\u00fcgen. Hierf\u00fcr sind entsprechende Regelungen in den Wahlordnungen der Kammern zu treffen. Mithilfe technischer Vorkehrungen muss vor allem das Wahlgeheimnis und die Vermeidung von Wahlmanipulation sichergestellt werden. Dar\u00fcber hinaus muss mit der technischen Ausgestaltung ein gegen\u00fcber der Briefwahl mindestens gleichwertiges Niveau an \u00d6ffentlichkeit und Transparenz hergestellt werden.<\/p>\n","protected":false},"excerpt":{"rendered":"<p>Nachgefragt: Ich spreche heute mit Christina Jesse vom Institut f\u00fcr Kammerrecht \u00fcber Kammerwahlen.<\/p>\n","protected":false},"author":267,"featured_media":7373,"comment_status":"open","ping_status":"open","sticky":false,"template":"","format":"standard","meta":{"_eb_attr":"","ub_ctt_via":"","spay_email":"","jetpack_publicize_message":"","jetpack_is_tweetstorm":false,"jetpack_publicize_feature_enabled":true},"categories":[2,1244],"tags":[638,844,2296,574,163,90],"featured_image_src":"https:\/\/www.polyas.de\/blog\/wp-content\/uploads\/2019\/08\/wahlbeteiligung.jpg","author_info":{"display_name":"Laila Oudray","author_link":"https:\/\/www.polyas.de\/blog\/author\/l-oudray"},"yoast_head":"<!-- This site is optimized with the Yoast SEO plugin v19.9 - https:\/\/yoast.com\/wordpress\/plugins\/seo\/ -->\n<title>Kammerwahlen: Ein Interview mit dem Institut f\u00fcr Kammerrecht<\/title>\n<meta name=\"description\" content=\"In unserem Interview erkl\u00e4rt uns Christina Jesse vom Institut f\u00fcr Kammerrecht alles \u00fcber Kammerwahlen und die M\u00f6glichkeiten der Online-Wahlen.\" \/>\n<meta name=\"robots\" content=\"index, follow, max-snippet:-1, max-image-preview:large, max-video-preview:-1\" \/>\n<link rel=\"canonical\" href=\"https:\/\/www.polyas.de\/blog\/de\/digitale-demokratie\/kammerwahlen-interview-kammerrecht\" \/>\n<meta property=\"og:locale\" content=\"de_DE\" \/>\n<meta property=\"og:type\" content=\"article\" \/>\n<meta property=\"og:title\" content=\"Kammerwahlen: Ein Interview mit dem Institut f\u00fcr Kammerrecht\" \/>\n<meta property=\"og:description\" content=\"In unserem Interview erkl\u00e4rt uns Christina Jesse vom Institut f\u00fcr Kammerrecht alles \u00fcber Kammerwahlen und die M\u00f6glichkeiten der Online-Wahlen.\" \/>\n<meta property=\"og:url\" content=\"https:\/\/www.polyas.de\/blog\/de\/digitale-demokratie\/kammerwahlen-interview-kammerrecht\" \/>\n<meta property=\"og:site_name\" content=\"POLYAS\" \/>\n<meta property=\"article:published_time\" content=\"2016-09-28T13:15:03+00:00\" \/>\n<meta property=\"article:modified_time\" content=\"2019-11-21T13:17:01+00:00\" \/>\n<meta property=\"og:image\" content=\"https:\/\/i0.wp.com\/www.polyas.de\/blog\/wp-content\/uploads\/2019\/08\/wahlbeteiligung.jpg?fit=800%2C278&ssl=1\" \/>\n\t<meta property=\"og:image:width\" content=\"800\" \/>\n\t<meta property=\"og:image:height\" content=\"278\" \/>\n\t<meta property=\"og:image:type\" content=\"image\/jpeg\" \/>\n<meta name=\"author\" content=\"Laila Oudray\" \/>\n<meta name=\"twitter:card\" content=\"summary_large_image\" \/>\n<meta name=\"twitter:label1\" content=\"Verfasst von\" \/>\n\t<meta name=\"twitter:data1\" content=\"Laila Oudray\" \/>\n\t<meta name=\"twitter:label2\" content=\"Gesch\u00e4tzte Lesezeit\" \/>\n\t<meta name=\"twitter:data2\" content=\"5 Minuten\" \/>\n<script type=\"application\/ld+json\" class=\"yoast-schema-graph\">{\"@context\":\"https:\/\/schema.org\",\"@graph\":[{\"@type\":\"WebPage\",\"@id\":\"https:\/\/www.polyas.de\/blog\/de\/digitale-demokratie\/kammerwahlen-interview-kammerrecht\",\"url\":\"https:\/\/www.polyas.de\/blog\/de\/digitale-demokratie\/kammerwahlen-interview-kammerrecht\",\"name\":\"Kammerwahlen: Ein Interview mit dem Institut f\u00fcr Kammerrecht\",\"isPartOf\":{\"@id\":\"https:\/\/www.polyas.de\/blog\/#website\"},\"datePublished\":\"2016-09-28T13:15:03+00:00\",\"dateModified\":\"2019-11-21T13:17:01+00:00\",\"author\":{\"@id\":\"https:\/\/www.polyas.de\/blog\/#\/schema\/person\/3a108e5248b3998c0219f9ff4406ba8a\"},\"description\":\"In unserem Interview erkl\u00e4rt uns Christina Jesse vom Institut f\u00fcr Kammerrecht alles \u00fcber Kammerwahlen und die M\u00f6glichkeiten der Online-Wahlen.\",\"breadcrumb\":{\"@id\":\"https:\/\/www.polyas.de\/blog\/de\/digitale-demokratie\/kammerwahlen-interview-kammerrecht#breadcrumb\"},\"inLanguage\":\"de-DE\",\"potentialAction\":[{\"@type\":\"ReadAction\",\"target\":[\"https:\/\/www.polyas.de\/blog\/de\/digitale-demokratie\/kammerwahlen-interview-kammerrecht\"]}]},{\"@type\":\"BreadcrumbList\",\"@id\":\"https:\/\/www.polyas.de\/blog\/de\/digitale-demokratie\/kammerwahlen-interview-kammerrecht#breadcrumb\",\"itemListElement\":[{\"@type\":\"ListItem\",\"position\":1,\"name\":\"Startseite\",\"item\":\"https:\/\/www.polyas.de\/blog\/de\"},{\"@type\":\"ListItem\",\"position\":2,\"name\":\"Interview mit dem Institut f\u00fcr Kammerrecht\"}]},{\"@type\":\"WebSite\",\"@id\":\"https:\/\/www.polyas.de\/blog\/#website\",\"url\":\"https:\/\/www.polyas.de\/blog\/\",\"name\":\"POLYAS\",\"description\":\"the blog for secure online voting\",\"potentialAction\":[{\"@type\":\"SearchAction\",\"target\":{\"@type\":\"EntryPoint\",\"urlTemplate\":\"https:\/\/www.polyas.de\/blog\/?s={search_term_string}\"},\"query-input\":\"required name=search_term_string\"}],\"inLanguage\":\"de-DE\"},{\"@type\":\"Person\",\"@id\":\"https:\/\/www.polyas.de\/blog\/#\/schema\/person\/3a108e5248b3998c0219f9ff4406ba8a\",\"name\":\"Laila Oudray\",\"image\":{\"@type\":\"ImageObject\",\"inLanguage\":\"de-DE\",\"@id\":\"https:\/\/www.polyas.de\/blog\/#\/schema\/person\/image\/\",\"url\":\"https:\/\/secure.gravatar.com\/avatar\/494f68c63930bd25d02b8df8a6dbded8?s=96&d=mm&r=g\",\"contentUrl\":\"https:\/\/secure.gravatar.com\/avatar\/494f68c63930bd25d02b8df8a6dbded8?s=96&d=mm&r=g\",\"caption\":\"Laila Oudray\"},\"description\":\"Um die Welt zu gestalten und zu verbessern, ben\u00f6tigt man Informationen. Ich habe es mir zur Aufgabe gemacht, diese Informationen zu recherchieren und hoffentlich unterhaltsam aufzubereiten. Wenn ich nicht gerade das World Wide Web f\u00fcr die interessantesten Themen durchforste, lebe ich meine musikalische Seite aus und singe (wie man mir sagt, auch gar nicht so schlecht). Seit April arbeite ich bei Polyas. Hier bin ich f\u00fcr die Pressearbeit zust\u00e4ndig und schreibe Blogartikel.\",\"sameAs\":[\"http:\/\/www.polyas.de\"],\"url\":\"https:\/\/www.polyas.de\/blog\/author\/l-oudray\"}]}<\/script>\n<!-- \/ Yoast SEO plugin. -->","yoast_head_json":{"title":"Kammerwahlen: Ein Interview mit dem Institut f\u00fcr Kammerrecht","description":"In unserem Interview erkl\u00e4rt uns Christina Jesse vom Institut f\u00fcr Kammerrecht alles \u00fcber Kammerwahlen und die M\u00f6glichkeiten der Online-Wahlen.","robots":{"index":"index","follow":"follow","max-snippet":"max-snippet:-1","max-image-preview":"max-image-preview:large","max-video-preview":"max-video-preview:-1"},"canonical":"https:\/\/www.polyas.de\/blog\/de\/digitale-demokratie\/kammerwahlen-interview-kammerrecht","og_locale":"de_DE","og_type":"article","og_title":"Kammerwahlen: Ein Interview mit dem Institut f\u00fcr Kammerrecht","og_description":"In unserem Interview erkl\u00e4rt uns Christina Jesse vom Institut f\u00fcr Kammerrecht alles \u00fcber Kammerwahlen und die M\u00f6glichkeiten der Online-Wahlen.","og_url":"https:\/\/www.polyas.de\/blog\/de\/digitale-demokratie\/kammerwahlen-interview-kammerrecht","og_site_name":"POLYAS","article_published_time":"2016-09-28T13:15:03+00:00","article_modified_time":"2019-11-21T13:17:01+00:00","og_image":[{"width":800,"height":278,"url":"https:\/\/i0.wp.com\/www.polyas.de\/blog\/wp-content\/uploads\/2019\/08\/wahlbeteiligung.jpg?fit=800%2C278&ssl=1","type":"image\/jpeg"}],"author":"Laila Oudray","twitter_card":"summary_large_image","twitter_misc":{"Verfasst von":"Laila Oudray","Gesch\u00e4tzte Lesezeit":"5 Minuten"},"schema":{"@context":"https:\/\/schema.org","@graph":[{"@type":"WebPage","@id":"https:\/\/www.polyas.de\/blog\/de\/digitale-demokratie\/kammerwahlen-interview-kammerrecht","url":"https:\/\/www.polyas.de\/blog\/de\/digitale-demokratie\/kammerwahlen-interview-kammerrecht","name":"Kammerwahlen: Ein Interview mit dem Institut f\u00fcr Kammerrecht","isPartOf":{"@id":"https:\/\/www.polyas.de\/blog\/#website"},"datePublished":"2016-09-28T13:15:03+00:00","dateModified":"2019-11-21T13:17:01+00:00","author":{"@id":"https:\/\/www.polyas.de\/blog\/#\/schema\/person\/3a108e5248b3998c0219f9ff4406ba8a"},"description":"In unserem Interview erkl\u00e4rt uns Christina Jesse vom Institut f\u00fcr Kammerrecht alles \u00fcber Kammerwahlen und die M\u00f6glichkeiten der Online-Wahlen.","breadcrumb":{"@id":"https:\/\/www.polyas.de\/blog\/de\/digitale-demokratie\/kammerwahlen-interview-kammerrecht#breadcrumb"},"inLanguage":"de-DE","potentialAction":[{"@type":"ReadAction","target":["https:\/\/www.polyas.de\/blog\/de\/digitale-demokratie\/kammerwahlen-interview-kammerrecht"]}]},{"@type":"BreadcrumbList","@id":"https:\/\/www.polyas.de\/blog\/de\/digitale-demokratie\/kammerwahlen-interview-kammerrecht#breadcrumb","itemListElement":[{"@type":"ListItem","position":1,"name":"Startseite","item":"https:\/\/www.polyas.de\/blog\/de"},{"@type":"ListItem","position":2,"name":"Interview mit dem Institut f\u00fcr Kammerrecht"}]},{"@type":"WebSite","@id":"https:\/\/www.polyas.de\/blog\/#website","url":"https:\/\/www.polyas.de\/blog\/","name":"POLYAS","description":"the blog for secure online voting","potentialAction":[{"@type":"SearchAction","target":{"@type":"EntryPoint","urlTemplate":"https:\/\/www.polyas.de\/blog\/?s={search_term_string}"},"query-input":"required name=search_term_string"}],"inLanguage":"de-DE"},{"@type":"Person","@id":"https:\/\/www.polyas.de\/blog\/#\/schema\/person\/3a108e5248b3998c0219f9ff4406ba8a","name":"Laila Oudray","image":{"@type":"ImageObject","inLanguage":"de-DE","@id":"https:\/\/www.polyas.de\/blog\/#\/schema\/person\/image\/","url":"https:\/\/secure.gravatar.com\/avatar\/494f68c63930bd25d02b8df8a6dbded8?s=96&d=mm&r=g","contentUrl":"https:\/\/secure.gravatar.com\/avatar\/494f68c63930bd25d02b8df8a6dbded8?s=96&d=mm&r=g","caption":"Laila Oudray"},"description":"Um die Welt zu gestalten und zu verbessern, ben\u00f6tigt man Informationen. Ich habe es mir zur Aufgabe gemacht, diese Informationen zu recherchieren und hoffentlich unterhaltsam aufzubereiten. Wenn ich nicht gerade das World Wide Web f\u00fcr die interessantesten Themen durchforste, lebe ich meine musikalische Seite aus und singe (wie man mir sagt, auch gar nicht so schlecht). Seit April arbeite ich bei Polyas. Hier bin ich f\u00fcr die Pressearbeit zust\u00e4ndig und schreibe Blogartikel.","sameAs":["http:\/\/www.polyas.de"],"url":"https:\/\/www.polyas.de\/blog\/author\/l-oudray"}]}},"jetpack_featured_media_url":"https:\/\/www.polyas.de\/blog\/wp-content\/uploads\/2019\/08\/wahlbeteiligung.jpg","jetpack_publicize_connections":[],"jetpack_shortlink":"https:\/\/wp.me\/p72Pnr-Sm","jetpack-related-posts":[{"id":7475,"url":"https:\/\/www.polyas.de\/blog\/de\/kundeninterview\/schleswig-holsteinische-rechtsanwaltskammer","url_meta":{"origin":3370,"position":0},"title":"Schleswig-Holsteinische Rechtsanwaltskammer: \u201eDie Wahl ist kinderleicht\u201c","date":"19\/09\/2019","format":false,"excerpt":"Die Schleswig-Holsteinische Rechtsanwaltskammer hat mit POLYAS gleich zwei Wahlen online durchgef\u00fchrt. Die Stimmabgabe der Mitglieder konnte dadurch vereinfacht werden. Frank Klein, Gesch\u00e4ftsf\u00fchrer der Kammer, zeigt sich im #Kundeninterview mit POLYAS vom reibungslosen Verlauf der Wahlen begeistert. Herr Klein, was war der Grund f\u00fcr die Schleswig-Holsteinische Rechtsanwaltskammer, sich f\u00fcr die Online-Wahl\u2026","rel":"","context":"In &quot;Kundeninterview&quot;","img":{"alt_text":"Online-Wahl der Schleswig-Holsteinische Rechtsanwaltskammer","src":"https:\/\/i0.wp.com\/www.polyas.de\/blog\/wp-content\/uploads\/2019\/09\/Schleswig-Holsteinische-Rechtsanwaltskammer.jpg?resize=350%2C200&ssl=1","width":350,"height":200},"classes":[]},{"id":7830,"url":"https:\/\/www.polyas.de\/blog\/de\/kundeninterview\/kammerversammlung-akwl","url_meta":{"origin":3370,"position":1},"title":"AKWL: \u201eDie Online-Wahl ist f\u00fcr uns ein logischer Schritt\u201c","date":"19\/12\/2019","format":false,"excerpt":"Die Apothekerkammer Westfalen-Lippe (AKWL) hat als erste Heilberufskammer Deutschlands eine Online-Wahl durchgef\u00fchrt. Bei ihrer diesj\u00e4hrigen Wahl zur 17. Kammerversammlung erm\u00f6glichte sie ihren Wahlberechtigten neben der \u00fcblichen Stimmabgabe per Brief auch die Online-Stimmabgabe. Mehr \u00fcber die Erwartungen der Kammer und die Ergebnisse der Online-Wahl verr\u00e4t uns S\u00f6ren Cromberg, Leiter der Rechtsabteilung\u2026","rel":"","context":"In &quot;Digitalisierung&quot;","img":{"alt_text":"POLYAS Online-Wahl der AKWL","src":"https:\/\/i0.wp.com\/www.polyas.de\/blog\/wp-content\/uploads\/2019\/12\/POLYAS-Online-Wahl-der-AKWL.jpg?resize=350%2C200&ssl=1","width":350,"height":200},"classes":[]},{"id":7494,"url":"https:\/\/www.polyas.de\/blog\/de\/allgemein-de\/polyas-anwenderforum-2019","url_meta":{"origin":3370,"position":2},"title":"Das POLYAS Anwenderforum 2019 \u2013 Wir sagen Danke!","date":"24\/09\/2019","format":false,"excerpt":"Ob Architekten-, Rechtsanwalts- oder \u00c4rztekammern: Auf dem POLYAS Anwenderforum 2019 im Telef\u00f3nica\u00a0BASECAMP in Berlin fanden sich Vertreter aus verschiedensten Branchen ein. Auch Industrie- und Handelskammern sowie einige Versorgungswerke der Kammern waren vertreten. Eine gro\u00dfe Gelegenheit f\u00fcr POLYAS, die Anforderungen der Wahlveranstalter noch besser kennenzulernen. Durch Workshops und Vortr\u00e4ge boten wir\u2026","rel":"","context":"In &quot;Live Voting&quot;","img":{"alt_text":"Anwenderforum 2019","src":"https:\/\/i0.wp.com\/www.polyas.de\/blog\/wp-content\/uploads\/2019\/09\/POLYAS-Anwenderforum-Online-Wahlen-2019-2.jpg?resize=350%2C200&ssl=1","width":350,"height":200},"classes":[]},{"id":7010,"url":"https:\/\/www.polyas.de\/blog\/de\/kundeninterview\/ihk-hessen-online-vollversammlung","url_meta":{"origin":3370,"position":3},"title":"IHK Wiesbaden: \u201eEin hoher IT-Sicherheitsstandard war uns sehr wichtig\u201c","date":"20\/02\/2019","format":false,"excerpt":"Neun hessische Industrie- und Handelskammern (IHKs) haben ihre Vollversammlungen online gew\u00e4hlt. POLYAS hat mit Friedemann G\u00f6tting gesprochen, stellvertretender Hauptgesch\u00e4ftsf\u00fchrer der IHK Wiesbaden, der die Online-Wahlen f\u00fcr die IHKs koordiniert hat. Wichtigster Grund f\u00fcr die Online-Wahl: Die Mitglieder sollten ihre Stimme m\u00f6glichst einfach abgeben k\u00f6nnen.\u00a0#Kundeninterview Herr G\u00f6tting, Industrie- und Handelskammern sind\u2026","rel":"","context":"In &quot;Kundeninterview&quot;","img":{"alt_text":"Online-Wahl der IHK Wiesbaden","src":"https:\/\/i0.wp.com\/www.polyas.de\/blog\/wp-content\/uploads\/2019\/02\/Online-Wahl-IHK-Wiesbaden-1.jpg?resize=350%2C200&ssl=1","width":350,"height":200},"classes":[]},{"id":10928,"url":"https:\/\/www.polyas.de\/blog\/de\/veranstaltungen\/online-voting-summit-programm","url_meta":{"origin":3370,"position":4},"title":"POLYAS Online Voting Summit 2022: Programm und Speaker:innen","date":"23\/09\/2022","format":false,"excerpt":"Was war das f\u00fcr eine aufregende und erfolgreiche 1. Online Voting Summit! Knapp 210 Anmeldungen, 11 Sessions, \u00fcber 15 Speaker:innen und Expert:innen sowie zahlreiche Mitwirkende hinter den Kulissen sorgten f\u00fcr eine inspirierende und erkenntnisreiche erste POLYAS Online Voting Summit am 10.11.2022. Zu Spitzenzeiten waren 170 Teilnehmer:innen zeitgleich online. Vielen Dank\u2026","rel":"","context":"In &quot;Digitale Demokratie&quot;","img":{"alt_text":"online voting summit programm","src":"https:\/\/i0.wp.com\/www.polyas.de\/blog\/wp-content\/uploads\/2022\/09\/online-voting-summit-programm.png?resize=350%2C200&ssl=1","width":350,"height":200},"classes":[]},{"id":12200,"url":"https:\/\/www.polyas.de\/blog\/de\/allgemein-de\/online-voting-in-oesterreich-warum-das-verbot-ein-mythos-ist-und-die-zukunft-online-liegt","url_meta":{"origin":3370,"position":5},"title":"Online-Voting in \u00d6sterreich: Warum das \u201eVerbot\u201c ein Mythos ist und die Zukunft online liegt\u00a0","date":"12\/03\/2026","format":false,"excerpt":"In der \u00f6sterreichischen Debatte um die Digitalisierung der Demokratie f\u00e4llt immer wieder ein Stichwort: Das VfGH-Urteil von 2011. Seitdem herrscht vielerorts der Glaube, Online-Wahlen seien in \u00d6sterreich rechtlich unm\u00f6glich oder gar verboten. Doch bei genauerer Betrachtung zeigt sich: Das Gegenteil ist der Fall. Es ist Zeit f\u00fcr eine Bestandsaufnahme zum\u2026","rel":"","context":"In &quot;\u00dcber POLYAS&quot;","img":{"alt_text":"","src":"https:\/\/i0.wp.com\/www.polyas.de\/blog\/wp-content\/uploads\/2026\/03\/Oesterreich-.png?resize=350%2C200&ssl=1","width":350,"height":200},"classes":[]}],"_links":{"self":[{"href":"https:\/\/www.polyas.de\/blog\/wp-json\/wp\/v2\/posts\/3370"}],"collection":[{"href":"https:\/\/www.polyas.de\/blog\/wp-json\/wp\/v2\/posts"}],"about":[{"href":"https:\/\/www.polyas.de\/blog\/wp-json\/wp\/v2\/types\/post"}],"author":[{"embeddable":true,"href":"https:\/\/www.polyas.de\/blog\/wp-json\/wp\/v2\/users\/267"}],"replies":[{"embeddable":true,"href":"https:\/\/www.polyas.de\/blog\/wp-json\/wp\/v2\/comments?post=3370"}],"version-history":[{"count":6,"href":"https:\/\/www.polyas.de\/blog\/wp-json\/wp\/v2\/posts\/3370\/revisions"}],"predecessor-version":[{"id":7728,"href":"https:\/\/www.polyas.de\/blog\/wp-json\/wp\/v2\/posts\/3370\/revisions\/7728"}],"wp:featuredmedia":[{"embeddable":true,"href":"https:\/\/www.polyas.de\/blog\/wp-json\/wp\/v2\/media\/7373"}],"wp:attachment":[{"href":"https:\/\/www.polyas.de\/blog\/wp-json\/wp\/v2\/media?parent=3370"}],"wp:term":[{"taxonomy":"category","embeddable":true,"href":"https:\/\/www.polyas.de\/blog\/wp-json\/wp\/v2\/categories?post=3370"},{"taxonomy":"post_tag","embeddable":true,"href":"https:\/\/www.polyas.de\/blog\/wp-json\/wp\/v2\/tags?post=3370"}],"curies":[{"name":"wp","href":"https:\/\/api.w.org\/{rel}","templated":true}]}}