{"id":3177,"date":"2016-08-09T10:56:32","date_gmt":"2016-08-09T08:56:32","guid":{"rendered":"https:\/\/www.polyas.de\/blog\/?p=3177"},"modified":"2019-11-21T14:21:06","modified_gmt":"2019-11-21T13:21:06","slug":"interview-altmeyer-se-betriebsraete","status":"publish","type":"post","link":"https:\/\/www.polyas.de\/blog\/de\/digitale-demokratie\/interview-altmeyer-se-betriebsraete","title":{"rendered":"Interview: Werner Altmeyer \u00fcber SE-Betriebsr\u00e4te"},"content":{"rendered":"<p><strong>Nachgefragt:<\/strong> Ich spreche heute mit Werner Altmeyer von der EWC-Academy \u00fcber SE-Betriebsr\u00e4te und Europa-Betriebsr\u00e4te bei multinationalen Unternehmen.<\/p>\n<p><!--more--><\/p>\n<p>EWC steht f\u00fcr European Work Council. Sie bieten Beratung und Schulungen f\u00fcr europ\u00e4ische Betriebsr\u00e4te und SE-Betriebsr\u00e4te bei den Verhandlungen. Sie\u00a0bieten dar\u00fcber hinaus auch Sprachkurse an.<\/p>\n<h3>Interviewerin: Was ist der Unterschied zwischen Europa-Betriebsrat und SE-Betriebsrat?<\/h3>\n<p>Herr Altmeyer: Es ist eine unterschiedliche gesetzliche Grundlage, es gibt zwei EU-Richtlinien. Aber es ist praktisch in der t\u00e4glichen Arbeit kein gro\u00dfer Unterschied. Also einen europ\u00e4ischen Betriebsrat gibt es in transnationalen Unternehmen, die nicht die Rechtsform SE haben.<\/p>\n<h3>Interviewerin: K\u00f6nnten Sie uns einen gro\u00dfen Unterschied bei der t\u00e4glichen Arbeit nennen?<\/h3>\n<p>Herr Altmeyer: Bei der SE hat man ja nicht nur den SE-Betriebsrat, sondern verhandelt auch \u00fcber den Aufsichtsrat, also die Arbeitnehmervertretung im Aufsichtsrat. Und bei einem normalen Europa-Betriebsrat redet man nur \u00fcber den Betriebsrat und nicht nur \u00fcber einen Aufsichtsrat.<\/p>\n<h3>Interviewerin: Nun hat nicht jede SE auch einen SE-Betriebsrat. Warum gibt es manchmal Betriebsr\u00e4te und manchmal nicht?<\/h3>\n<p>Herr Altmeyer: Es gibt erst einmal eine gro\u00dfe Anzahl von arbeitnehmerlosen SEs. Das sind sogenannte Vorratsgesellschaften, die liegen irgendwo in Anwaltskanzleien in der Schublade und k\u00f6nnen aktiviert werden. Aber auch nicht jede Firma, die aktiviert ist, hat auch Mitarbeiter. Es gibt verschiedene Gr\u00fcnde, warum eine Firma unterhalten wird, nicht um Mitarbeiter zu besch\u00e4ftigen, sondern um Steuern zu sparen oder um irgendwelche Konstruktionen zwischen Holdings zu kreieren. Da gibt es die unterschiedlichsten Gr\u00fcnde, warum man eine Firma gr\u00fcndet. Und die Frage nach einer Arbeitnehmervertretung wird erst ab einer bestimmten Anzahl von besch\u00e4ftigten Arbeitnehmern interessant.<\/p>\n<h3>Interviewerin: Was k\u00f6nnen Sie mir \u00fcber das Wahlverfahren bei SE-Betriebsr\u00e4ten erz\u00e4hlen?<\/h3>\n<p>Herr Altmeyer: Bevor eine SE gegr\u00fcndet wird, muss man ein Verhandlungsverfahren mit den Arbeitnehmern durchf\u00fchren. Sonst wird das Handelsregister die Eintragung nicht vornehmen. Es ist also gesetzlich festgelegt, dass, wenn eine Firma die Absicht hat, sich in eine SE umzuwandeln, dann m\u00fcssen sie ein formales Verfahren durchlaufen. Es wird ein Gremium gegr\u00fcndet, das nennt sich \u201eBesonderes Verhandlungsgremium\u201c. Zun\u00e4chst mal muss der Betrieb der Belegschaft mitteilen, dass eine Umwandlung zu einer SE geplant ist. Dann m\u00fcssen Sie dazu aufrufen, Vertreter f\u00fcr das Verhandlungsgremium zu w\u00e4hlen. Und dann finden in allen beteiligten L\u00e4ndern eine Wahl zum BVG statt \u2013 innerhalb von zehn Wochen. Dann findet eine konstituierende Sitzung statt, meistens dort wo die Firma ihren Hauptsitz hat und dort treffen sich alle gew\u00e4hlten Delegierten und w\u00e4hlen ihren Vorstand und deren Vertreter. Dann treten sie in Verhandlung mit dem Management, wie denn in Zukunft der SE-Betriebsrat aussehen soll. Daf\u00fcr gibt es eine Frist von sechs Monaten. Dann wird ein Vertrag ausgehandelt mit allen Ergebnissen der Verhandlungen.<\/p>\n<h3>Interviewerin: Was sind die gr\u00f6\u00dften Herausforderungen bei den Verhandlungen?<\/h3>\n<p>Herr Altmeyer: Viele kennen sich gar nicht. Sie sprechen verschiedene Sprachen und vielen ist nicht wirklich bewusst, wor\u00fcber sie verhandeln sollen. Dabei ist auch zu bedenken, dass es auch darauf ankommt, ob es in den Betrieben bereits Betriebsr\u00e4te oder andere Formen der Mitbestimmung f\u00fcr Arbeitnehmer gibt. Es gilt n\u00e4mlich das \u201eVoher-Nachher-Prinzip\u201c, das bedeutet, dass bereits vorhandene Rechte nicht mehr eingeschr\u00e4nkt werden d\u00fcrfen. Damit m\u00fcssen auch die einzelnen Betriebe und die Rechtsformen dort miteinander verglichen werden.<\/p>\n<h3>Interviewerin: Gibt es zwischen den einzelnen L\u00e4ndern Unterschiede bei den Wahlverfahren f\u00fcr den SE-Betriebsrat?<\/h3>\n<p>Herr Altmeyer: Ja, jedes Land w\u00e4hlt so, wie es bei ihnen \u00fcblich ist. In Deutschland w\u00e4hlt in der Regel der Betriebsrat die Delegierten. Im Vereinigten K\u00f6nigreich gibt es eine Urwahl. Die Kandidaten pr\u00e4sentieren sich dann vor der gesamten Belegschaft. Es findet dann eine Briefwahl statt, bei der jeder Mitarbeiter eine Stimme hat. In Frankreich geht das Mandat an die st\u00e4rkste Gewerkschaft, die dann entscheiden kann, welches Belegschaftsmitglied dem Gremium angeh\u00f6ren wird.<\/p>\n<h3>Interviewerin: Solche unterschiedliche Wahlverfahren machen das alles etwas komplizierter. Gibt es Pl\u00e4ne das zu standardisieren?<\/h3>\n<p>Herr Altmeyer: Nein, das ist auch etwas, was beispielsweise die EU gar nicht regeln kann. Die Traditionen und das Arbeitsrecht sind so unterschiedlich, da kann man nicht eingreifen von au\u00dfen und vereinheitlichen.<\/p>\n<h3>Interviewerin: W\u00fcrden Sie sagen, dass der Trend zu SE-Betriebsr\u00e4ten und Europa-Betriebsr\u00e4ten geht?<\/h3>\n<p>Herr Altmeyer: Ja, die Tendenz ist steigend.<\/p>\n<h3>Interviewerin: Wie viele gibt es in etwa?<\/h3>\n<p>Herr Altmeyer: Es gibt bei den europ\u00e4ischen Betriebsr\u00e4ten etwa 1100 und bei den SE-Betriebsr\u00e4ten etwa 120.<\/p>\n<h3>Interviewerin: Und wie vielen von ihnen haben Sie geschult und beraten?<\/h3>\n<p>Herr Altmeyer: Ich w\u00fcrde mal sagen 20%.<\/p>\n<p>Danke Herr Altmeyer f\u00fcr das Interview. <a href=\"https:\/\/www.polyas.de\/unternehmenswahlen-online\">Lesen Sie hier, wie\u00a0eine Online-Wahl in Ihrem Unternehmen aussehen k\u00f6nnte.<\/a><\/p>\n","protected":false},"excerpt":{"rendered":"<p>Nachgefragt: Ich spreche heute mit Werner Altmeyer von der EWC-Academy \u00fcber SE-Betriebsr\u00e4te und Europa-Betriebsr\u00e4te bei multinationalen Unternehmen.<\/p>\n","protected":false},"author":267,"featured_media":3181,"comment_status":"open","ping_status":"open","sticky":false,"template":"","format":"standard","meta":{"_eb_attr":"","ub_ctt_via":"","spay_email":"","jetpack_publicize_message":"","jetpack_is_tweetstorm":false,"jetpack_publicize_feature_enabled":true},"categories":[1231,2],"tags":[509,511,2296,68,127],"featured_image_src":"https:\/\/www.polyas.de\/blog\/wp-content\/uploads\/2016\/08\/Altermeyer_Interview_SE_Betriebsrat.jpg","author_info":{"display_name":"Laila Oudray","author_link":"https:\/\/www.polyas.de\/blog\/author\/l-oudray"},"yoast_head":"<!-- This site is optimized with the Yoast SEO plugin v19.9 - https:\/\/yoast.com\/wordpress\/plugins\/seo\/ -->\n<title>Interview: Werner Altmeyer \u00fcber SE-Betriebsr\u00e4te<\/title>\n<meta name=\"description\" content=\"Nachgefragt: In einem Interview mit Werner Altmeyer von der EWC-Academy \u00fcber SE-Betriebsr\u00e4te und Europa-Betriebsr\u00e4te bei multinationalen Unternehmen.\" \/>\n<meta name=\"robots\" content=\"index, follow, max-snippet:-1, max-image-preview:large, max-video-preview:-1\" \/>\n<link rel=\"canonical\" href=\"https:\/\/www.polyas.de\/blog\/de\/digitale-demokratie\/interview-altmeyer-se-betriebsraete\" \/>\n<meta property=\"og:locale\" content=\"de_DE\" \/>\n<meta property=\"og:type\" content=\"article\" \/>\n<meta property=\"og:title\" content=\"Interview: Werner Altmeyer \u00fcber SE-Betriebsr\u00e4te\" \/>\n<meta property=\"og:description\" content=\"Nachgefragt: In einem Interview mit Werner Altmeyer von der EWC-Academy \u00fcber SE-Betriebsr\u00e4te und Europa-Betriebsr\u00e4te bei multinationalen Unternehmen.\" \/>\n<meta property=\"og:url\" content=\"https:\/\/www.polyas.de\/blog\/de\/digitale-demokratie\/interview-altmeyer-se-betriebsraete\" \/>\n<meta property=\"og:site_name\" content=\"POLYAS\" \/>\n<meta property=\"article:published_time\" content=\"2016-08-09T08:56:32+00:00\" \/>\n<meta property=\"article:modified_time\" content=\"2019-11-21T13:21:06+00:00\" \/>\n<meta property=\"og:image\" content=\"https:\/\/i0.wp.com\/www.polyas.de\/blog\/wp-content\/uploads\/2016\/08\/Altermeyer_Interview_SE_Betriebsrat.jpg?fit=860%2C360&ssl=1\" \/>\n\t<meta property=\"og:image:width\" content=\"860\" \/>\n\t<meta property=\"og:image:height\" content=\"360\" \/>\n\t<meta property=\"og:image:type\" content=\"image\/jpeg\" \/>\n<meta name=\"author\" content=\"Laila Oudray\" \/>\n<meta name=\"twitter:card\" content=\"summary_large_image\" \/>\n<meta name=\"twitter:label1\" content=\"Verfasst von\" \/>\n\t<meta name=\"twitter:data1\" content=\"Laila Oudray\" \/>\n\t<meta name=\"twitter:label2\" content=\"Gesch\u00e4tzte Lesezeit\" \/>\n\t<meta name=\"twitter:data2\" content=\"4 Minuten\" \/>\n<script type=\"application\/ld+json\" class=\"yoast-schema-graph\">{\"@context\":\"https:\/\/schema.org\",\"@graph\":[{\"@type\":\"WebPage\",\"@id\":\"https:\/\/www.polyas.de\/blog\/de\/digitale-demokratie\/interview-altmeyer-se-betriebsraete\",\"url\":\"https:\/\/www.polyas.de\/blog\/de\/digitale-demokratie\/interview-altmeyer-se-betriebsraete\",\"name\":\"Interview: Werner Altmeyer \u00fcber SE-Betriebsr\u00e4te\",\"isPartOf\":{\"@id\":\"https:\/\/www.polyas.de\/blog\/#website\"},\"datePublished\":\"2016-08-09T08:56:32+00:00\",\"dateModified\":\"2019-11-21T13:21:06+00:00\",\"author\":{\"@id\":\"https:\/\/www.polyas.de\/blog\/#\/schema\/person\/3a108e5248b3998c0219f9ff4406ba8a\"},\"description\":\"Nachgefragt: In einem Interview mit Werner Altmeyer von der EWC-Academy \u00fcber SE-Betriebsr\u00e4te und Europa-Betriebsr\u00e4te bei multinationalen Unternehmen.\",\"breadcrumb\":{\"@id\":\"https:\/\/www.polyas.de\/blog\/de\/digitale-demokratie\/interview-altmeyer-se-betriebsraete#breadcrumb\"},\"inLanguage\":\"de-DE\",\"potentialAction\":[{\"@type\":\"ReadAction\",\"target\":[\"https:\/\/www.polyas.de\/blog\/de\/digitale-demokratie\/interview-altmeyer-se-betriebsraete\"]}]},{\"@type\":\"BreadcrumbList\",\"@id\":\"https:\/\/www.polyas.de\/blog\/de\/digitale-demokratie\/interview-altmeyer-se-betriebsraete#breadcrumb\",\"itemListElement\":[{\"@type\":\"ListItem\",\"position\":1,\"name\":\"Startseite\",\"item\":\"https:\/\/www.polyas.de\/blog\/de\"},{\"@type\":\"ListItem\",\"position\":2,\"name\":\"Interview: Werner Altmeyer \u00fcber SE-Betriebsr\u00e4te\"}]},{\"@type\":\"WebSite\",\"@id\":\"https:\/\/www.polyas.de\/blog\/#website\",\"url\":\"https:\/\/www.polyas.de\/blog\/\",\"name\":\"POLYAS\",\"description\":\"the blog for secure online voting\",\"potentialAction\":[{\"@type\":\"SearchAction\",\"target\":{\"@type\":\"EntryPoint\",\"urlTemplate\":\"https:\/\/www.polyas.de\/blog\/?s={search_term_string}\"},\"query-input\":\"required name=search_term_string\"}],\"inLanguage\":\"de-DE\"},{\"@type\":\"Person\",\"@id\":\"https:\/\/www.polyas.de\/blog\/#\/schema\/person\/3a108e5248b3998c0219f9ff4406ba8a\",\"name\":\"Laila Oudray\",\"image\":{\"@type\":\"ImageObject\",\"inLanguage\":\"de-DE\",\"@id\":\"https:\/\/www.polyas.de\/blog\/#\/schema\/person\/image\/\",\"url\":\"https:\/\/secure.gravatar.com\/avatar\/494f68c63930bd25d02b8df8a6dbded8?s=96&d=mm&r=g\",\"contentUrl\":\"https:\/\/secure.gravatar.com\/avatar\/494f68c63930bd25d02b8df8a6dbded8?s=96&d=mm&r=g\",\"caption\":\"Laila Oudray\"},\"description\":\"Um die Welt zu gestalten und zu verbessern, ben\u00f6tigt man Informationen. Ich habe es mir zur Aufgabe gemacht, diese Informationen zu recherchieren und hoffentlich unterhaltsam aufzubereiten. Wenn ich nicht gerade das World Wide Web f\u00fcr die interessantesten Themen durchforste, lebe ich meine musikalische Seite aus und singe (wie man mir sagt, auch gar nicht so schlecht). Seit April arbeite ich bei Polyas. Hier bin ich f\u00fcr die Pressearbeit zust\u00e4ndig und schreibe Blogartikel.\",\"sameAs\":[\"http:\/\/www.polyas.de\"],\"url\":\"https:\/\/www.polyas.de\/blog\/author\/l-oudray\"}]}<\/script>\n<!-- \/ Yoast SEO plugin. -->","yoast_head_json":{"title":"Interview: Werner Altmeyer \u00fcber SE-Betriebsr\u00e4te","description":"Nachgefragt: In einem Interview mit Werner Altmeyer von der EWC-Academy \u00fcber SE-Betriebsr\u00e4te und Europa-Betriebsr\u00e4te bei multinationalen Unternehmen.","robots":{"index":"index","follow":"follow","max-snippet":"max-snippet:-1","max-image-preview":"max-image-preview:large","max-video-preview":"max-video-preview:-1"},"canonical":"https:\/\/www.polyas.de\/blog\/de\/digitale-demokratie\/interview-altmeyer-se-betriebsraete","og_locale":"de_DE","og_type":"article","og_title":"Interview: Werner Altmeyer \u00fcber SE-Betriebsr\u00e4te","og_description":"Nachgefragt: In einem Interview mit Werner Altmeyer von der EWC-Academy \u00fcber SE-Betriebsr\u00e4te und Europa-Betriebsr\u00e4te bei multinationalen Unternehmen.","og_url":"https:\/\/www.polyas.de\/blog\/de\/digitale-demokratie\/interview-altmeyer-se-betriebsraete","og_site_name":"POLYAS","article_published_time":"2016-08-09T08:56:32+00:00","article_modified_time":"2019-11-21T13:21:06+00:00","og_image":[{"width":860,"height":360,"url":"https:\/\/i0.wp.com\/www.polyas.de\/blog\/wp-content\/uploads\/2016\/08\/Altermeyer_Interview_SE_Betriebsrat.jpg?fit=860%2C360&ssl=1","type":"image\/jpeg"}],"author":"Laila Oudray","twitter_card":"summary_large_image","twitter_misc":{"Verfasst von":"Laila Oudray","Gesch\u00e4tzte Lesezeit":"4 Minuten"},"schema":{"@context":"https:\/\/schema.org","@graph":[{"@type":"WebPage","@id":"https:\/\/www.polyas.de\/blog\/de\/digitale-demokratie\/interview-altmeyer-se-betriebsraete","url":"https:\/\/www.polyas.de\/blog\/de\/digitale-demokratie\/interview-altmeyer-se-betriebsraete","name":"Interview: Werner Altmeyer \u00fcber SE-Betriebsr\u00e4te","isPartOf":{"@id":"https:\/\/www.polyas.de\/blog\/#website"},"datePublished":"2016-08-09T08:56:32+00:00","dateModified":"2019-11-21T13:21:06+00:00","author":{"@id":"https:\/\/www.polyas.de\/blog\/#\/schema\/person\/3a108e5248b3998c0219f9ff4406ba8a"},"description":"Nachgefragt: In einem Interview mit Werner Altmeyer von der EWC-Academy \u00fcber SE-Betriebsr\u00e4te und Europa-Betriebsr\u00e4te bei multinationalen Unternehmen.","breadcrumb":{"@id":"https:\/\/www.polyas.de\/blog\/de\/digitale-demokratie\/interview-altmeyer-se-betriebsraete#breadcrumb"},"inLanguage":"de-DE","potentialAction":[{"@type":"ReadAction","target":["https:\/\/www.polyas.de\/blog\/de\/digitale-demokratie\/interview-altmeyer-se-betriebsraete"]}]},{"@type":"BreadcrumbList","@id":"https:\/\/www.polyas.de\/blog\/de\/digitale-demokratie\/interview-altmeyer-se-betriebsraete#breadcrumb","itemListElement":[{"@type":"ListItem","position":1,"name":"Startseite","item":"https:\/\/www.polyas.de\/blog\/de"},{"@type":"ListItem","position":2,"name":"Interview: Werner Altmeyer \u00fcber SE-Betriebsr\u00e4te"}]},{"@type":"WebSite","@id":"https:\/\/www.polyas.de\/blog\/#website","url":"https:\/\/www.polyas.de\/blog\/","name":"POLYAS","description":"the blog for secure online voting","potentialAction":[{"@type":"SearchAction","target":{"@type":"EntryPoint","urlTemplate":"https:\/\/www.polyas.de\/blog\/?s={search_term_string}"},"query-input":"required name=search_term_string"}],"inLanguage":"de-DE"},{"@type":"Person","@id":"https:\/\/www.polyas.de\/blog\/#\/schema\/person\/3a108e5248b3998c0219f9ff4406ba8a","name":"Laila Oudray","image":{"@type":"ImageObject","inLanguage":"de-DE","@id":"https:\/\/www.polyas.de\/blog\/#\/schema\/person\/image\/","url":"https:\/\/secure.gravatar.com\/avatar\/494f68c63930bd25d02b8df8a6dbded8?s=96&d=mm&r=g","contentUrl":"https:\/\/secure.gravatar.com\/avatar\/494f68c63930bd25d02b8df8a6dbded8?s=96&d=mm&r=g","caption":"Laila Oudray"},"description":"Um die Welt zu gestalten und zu verbessern, ben\u00f6tigt man Informationen. Ich habe es mir zur Aufgabe gemacht, diese Informationen zu recherchieren und hoffentlich unterhaltsam aufzubereiten. Wenn ich nicht gerade das World Wide Web f\u00fcr die interessantesten Themen durchforste, lebe ich meine musikalische Seite aus und singe (wie man mir sagt, auch gar nicht so schlecht). Seit April arbeite ich bei Polyas. Hier bin ich f\u00fcr die Pressearbeit zust\u00e4ndig und schreibe Blogartikel.","sameAs":["http:\/\/www.polyas.de"],"url":"https:\/\/www.polyas.de\/blog\/author\/l-oudray"}]}},"jetpack_featured_media_url":"https:\/\/www.polyas.de\/blog\/wp-content\/uploads\/2016\/08\/Altermeyer_Interview_SE_Betriebsrat.jpg","jetpack_publicize_connections":[],"jetpack_shortlink":"https:\/\/wp.me\/p72Pnr-Pf","jetpack-related-posts":[{"id":5792,"url":"https:\/\/www.polyas.de\/blog\/de\/wahlmanagement\/betriebsratswahlen\/se-betriebsrat-und-erb","url_meta":{"origin":3177,"position":0},"title":"SE-Betriebsrat: Was ist der Unterschied zum Europ\u00e4ischen BR?","date":"10\/10\/2017","format":false,"excerpt":"Auf europ\u00e4ischer Ebene gibt es zwei unterschiedliche Varianten der Arbeitnehmermitbestimmung: den Europ\u00e4ischen Betriebsrat und den SE-Betriebsrat. Doch wo ist eigentlich der Unterschied? Diese Frage kl\u00e4ren wir im ersten Teil unserer neuen Serie zum SE-Betriebsrat. Gratis Webinar: Digitalisierung von Betriebsratswahlen >> Zwei unterschiedliche Rechtsformen Der gr\u00f6\u00dfte Unterschied bezieht sich auf die\u2026","rel":"","context":"In &quot;Betriebsratswahlen&quot;","img":{"alt_text":"SE-Betriebsrat","src":"https:\/\/i0.wp.com\/www.polyas.de\/blog\/wp-content\/uploads\/2017\/10\/SE_Betriebsrat.jpg?resize=350%2C200&ssl=1","width":350,"height":200},"classes":[]},{"id":5915,"url":"https:\/\/www.polyas.de\/blog\/de\/wahlmanagement\/eu-richtlinie","url_meta":{"origin":3177,"position":1},"title":"SE-Betriebsrat: Welche Inhalte finden sich in der EU-Richtlinie?","date":"07\/11\/2017","format":false,"excerpt":"In der EU haben inzwischen viele SEs (Societas Europaea - Europ\u00e4ische Gesellschaften) Betriebsr\u00e4te gegr\u00fcndet. Das geschieht auf Grundlage einer speziellen EU-Richtlinie. Im dritten Teil unserer Serie zur SE-Betriebsratswahl erfahren Sie, was alles in der Richtlinie steht. >> Gratis Webinar zum Thema \"Digitalisierung von BR-Wahlen\": Jetzt anmelden! Grunds\u00e4tze f\u00fcr SE-Betriebsr\u00e4te Der\u2026","rel":"","context":"In &quot;Wahlmanagement&quot;","img":{"alt_text":"","src":"","width":0,"height":0},"classes":[]},{"id":5190,"url":"https:\/\/www.polyas.de\/blog\/de\/wahlmanagement\/betriebsratswahlen\/interview-pressearbeit-betriebsrat","url_meta":{"origin":3177,"position":2},"title":"Mangelndes Bewusstsein? Pressearbeit im Betriebsrat","date":"20\/06\/2017","format":false,"excerpt":"Nachgefragt\u2026 Wir sprechen heute mit Friedrich Oehlerking. Seit 40 Jahren Journalist und seit etwa vier Jahren als freier redaktioneller Mitarbeiter zust\u00e4ndig f\u00fcr den Newsblog der \u201eThemenwelt Betriebsrat & Personalrat\u201c des Fachverlages WEKA MEDIA.\u00a0Davor lag sein Fokus viele Jahre auf dem Gebiet der Telekommunikation. Oehlerking gibt dar\u00fcber hinaus als Dozent an\u2026","rel":"","context":"In &quot;Betriebsratswahlen&quot;","img":{"alt_text":"Wie funktioniert Pressearbeit im Betriebsrat? Erfahren Sie es im Interview mit Friedrich Oehlerking","src":"https:\/\/i0.wp.com\/www.polyas.de\/blog\/wp-content\/uploads\/2017\/06\/Oehlerking_Betriebsrat_Pressearbeit.jpg?resize=350%2C200&ssl=1","width":350,"height":200},"classes":[]},{"id":5870,"url":"https:\/\/www.polyas.de\/blog\/de\/wahlmanagement\/besonderes-verhandlungsgremium","url_meta":{"origin":3177,"position":3},"title":"Das Besondere Verhandlungsgremium  bei der Gr\u00fcndung einer SE","date":"25\/10\/2017","format":false,"excerpt":"Das besondere Verhandlungsgremium hat keinen besonders originellen Namen, was seiner Bedeutung aber keinen Abbruch tut: Es ist dient bei der Gr\u00fcndung von SEs (Societas Europaea) der Aushandlung von Arbeitnehmerrechten. Welche Strategie dabei die beste ist, erfahren Sie im zweiten Teil unserer Serie zum SE-Betriebsrat. Speziall\u00f6sung f\u00fcr nationale Unterschiede Als die\u2026","rel":"","context":"In &quot;Betriebsratswahlen&quot;","img":{"alt_text":"","src":"","width":0,"height":0},"classes":[]},{"id":2747,"url":"https:\/\/www.polyas.de\/blog\/de\/wahlmanagement\/betriebsraete-in-europa-wie-steht-es-um-die-betriebliche-mitbestimmung","url_meta":{"origin":3177,"position":4},"title":"Betriebsr\u00e4te in Europa &#8211; Wie steht es um die betriebliche Mitbestimmung?","date":"25\/05\/2016","format":false,"excerpt":"In Deutschland werden die Arbeitnehmer in Betrieben von Betriebsr\u00e4ten vertreten. Die Einrichtung von Arbeitnehmervertretungen ist im Betriebsverfassungsgesetz\u00a0verankert. Dieses legt auch die Rechte und Pflichten des Betriebsrats fest. Doch wie sieht die Vertretung der Arbeitnehmer in anderen europ\u00e4ischen L\u00e4ndern aus? Wir haben uns das mal genauer angesehen. \u00d6sterreich Auch in \u00d6sterreich\u2026","rel":"","context":"In &quot;Wahlmanagement&quot;","img":{"alt_text":"","src":"","width":0,"height":0},"classes":[]},{"id":10360,"url":"https:\/\/www.polyas.de\/blog\/de\/wahlmanagement\/betriebsratswahlen\/interview-tipps-digitalisierung-betriebsratswahlen","url_meta":{"origin":3177,"position":5},"title":"Experten-Interview: Digitalisierung von Betriebsratswahlen","date":"04\/02\/2022","format":false,"excerpt":"Die Betriebsratswahlen stehen nach vier Jahren in Deutschland wieder an, einige sind bereits gestartet. Der Wunsch nach der Digitalisierung von Betriebsratsarbeit, insbesondere im Hinblick auf die Durchf\u00fchrung von BR-Wahlen als Online-Wahl, wird immer lauter. Passend zum heutigen Tag der Betrieblichen Mitbestimmung m\u00f6chten wir zum Status Quo und den Trends Bilanz\u2026","rel":"","context":"In &quot;Betriebsratswahlen&quot;","img":{"alt_text":"Digitalisierung von Betriebsratswahlen","src":"https:\/\/i0.wp.com\/www.polyas.de\/blog\/wp-content\/uploads\/2022\/02\/Betriebsratswahlen_Interview_Tipps.png?resize=350%2C200&ssl=1","width":350,"height":200},"classes":[]}],"_links":{"self":[{"href":"https:\/\/www.polyas.de\/blog\/wp-json\/wp\/v2\/posts\/3177"}],"collection":[{"href":"https:\/\/www.polyas.de\/blog\/wp-json\/wp\/v2\/posts"}],"about":[{"href":"https:\/\/www.polyas.de\/blog\/wp-json\/wp\/v2\/types\/post"}],"author":[{"embeddable":true,"href":"https:\/\/www.polyas.de\/blog\/wp-json\/wp\/v2\/users\/267"}],"replies":[{"embeddable":true,"href":"https:\/\/www.polyas.de\/blog\/wp-json\/wp\/v2\/comments?post=3177"}],"version-history":[{"count":11,"href":"https:\/\/www.polyas.de\/blog\/wp-json\/wp\/v2\/posts\/3177\/revisions"}],"predecessor-version":[{"id":7730,"href":"https:\/\/www.polyas.de\/blog\/wp-json\/wp\/v2\/posts\/3177\/revisions\/7730"}],"wp:featuredmedia":[{"embeddable":true,"href":"https:\/\/www.polyas.de\/blog\/wp-json\/wp\/v2\/media\/3181"}],"wp:attachment":[{"href":"https:\/\/www.polyas.de\/blog\/wp-json\/wp\/v2\/media?parent=3177"}],"wp:term":[{"taxonomy":"category","embeddable":true,"href":"https:\/\/www.polyas.de\/blog\/wp-json\/wp\/v2\/categories?post=3177"},{"taxonomy":"post_tag","embeddable":true,"href":"https:\/\/www.polyas.de\/blog\/wp-json\/wp\/v2\/tags?post=3177"}],"curies":[{"name":"wp","href":"https:\/\/api.w.org\/{rel}","templated":true}]}}