{"id":3163,"date":"2016-08-04T16:59:27","date_gmt":"2016-08-04T14:59:27","guid":{"rendered":"https:\/\/www.polyas.de\/blog\/?p=3163"},"modified":"2016-08-04T17:48:37","modified_gmt":"2016-08-04T15:48:37","slug":"nicht-waehler-sozialer-hintergrund","status":"publish","type":"post","link":"https:\/\/www.polyas.de\/blog\/de\/wahlbeteiligung-steigern\/nicht-waehler-sozialer-hintergrund","title":{"rendered":"So sieht der typische Nicht-W\u00e4hler aus"},"content":{"rendered":"<p>Warum Menschen auf ihr Wahlrecht verzichten, besch\u00e4ftigt die Politik und die Medien schon lange. Es wurden immer mehr Statistiken erstellt, die den Nicht-W\u00e4hler erfassen sollen &#8211; wer er ist, wo er herkommt und was ihm wichtig ist.<\/p>\n<p><!--more--><\/p>\n<p>Mehrere Stiftungen und Meinungsinstitute haben sich in Studien der Frage angen\u00e4hert, wer die Nicht-W\u00e4hler sind. Dabei ging es vor allem um den sozialen Hintergrund, den Bildungsgrad und die pers\u00f6nlichen Interessen. Damit soll eine Art &#8220;Nicht-W\u00e4hler-Archetyp&#8221; dargestellt werden, anhand dessen Strategien entwickelt werden k\u00f6nnen, um die Wahlbeteiligung zu steigern.<\/p>\n<p><a href=\"https:\/\/www.polyas.de\/wahlbeteiligung-steigern\">Lesen Sie hier, wie Sie mit Online-Wahlen einfach die Wahlbeteiligung in ihrem Verein oder Unternehmen steigern k\u00f6nnen.\u00a0<\/a><\/p>\n<h3>Ostdeutsche\u00a0sind h\u00e4ufiger Nicht-W\u00e4hler als Westdeutsche<\/h3>\n<p>Unter den Nicht-W\u00e4hlern sind Ostdeutsche \u00fcberproportional h\u00e4ufig vertreten. Das war bereits bei den ersten bundesdeutschen Wahlen so und hat sich bis zur Bundestagswahl 2013 nicht ge\u00e4ndert. Der Anteil der B\u00fcrgern\u00a0aus den neuen Bundesl\u00e4ndern an den Nichtw\u00e4hlern betr\u00e4gt seit Jahren um die 23 %.<a href=\"http:\/\/www.politische-bildung-brandenburg.de\/sites\/default\/files\/downloads\/Studie_W%C3%A4hler_Nichtw%C3%A4hler_2013.pdf\"> Damit sind die Ostdeutschen h\u00e4ufiger Nicht-W\u00e4hler, als es der Verteilung der Wahlberechtigten entsprechen w\u00fcrde.\u00a0<\/a><\/p>\n<p>M\u00e4nner und Frauen geh\u00f6ren gleicherma\u00dfen h\u00e4ufig zu den Nicht-W\u00e4hlern.<\/p>\n<h3>Der Nicht-W\u00e4hler ist jung &#8211; das ist gef\u00e4hrlich<\/h3>\n<p>Die meisten jungen Menschen w\u00e4hlen unregelm\u00e4\u00dfig oder gar nicht. <a href=\"http:\/\/link.springer.com\/article\/10.1007\/s12392-010-0247-7\">Nur 27%<\/a> der 18-24-j\u00e4hrigen sagten aus, dass sie immer w\u00e4hlen. Somit verschiebt sich der politische Einfluss auf die \u00e4lteren Generationen. Vor allem auf diejenigen \u00fcber 65 Jahren, <a href=\"http:\/\/link.springer.com\/article\/10.1007\/s12392-010-0247-7\">74% dieser Altersgruppe<\/a> behauptet von sich, immer w\u00e4hlen zu gehen.<\/p>\n<p>Diese Zahlen bergen ein Risiko, da die Politik sich somit st\u00e4rker auf die \u00e4lteren W\u00e4hlergruppen konzentriert und eher Entscheidungen treffen wird, die ihnen die Stimmen dieser W\u00e4hler bringt. Welche Konsequenzen das haben kann, zeigt der Brexit. Zwar stimmten die W\u00e4hler unter 30 mehrheitlich f\u00fcr den Verbleib Gro\u00dfbritanniens in der EU, da aber nur um die 30% der jungen W\u00e4hler an die Wahlurnen ging, kam es zu einer Mehrheit f\u00fcr den Austritt.<\/p>\n<h3>Wer nicht w\u00e4hlt, engagiert sich grunds\u00e4tzlich weniger<\/h3>\n<p>Wahlen alleine reichen nicht, um eine Demokratie zu beleben und zu gestalten. Allerdings ist dieser Akt die notwendige Bedingung, um eine Demokratie am Leben zu halten.<\/p>\n<p>Es ist erwiesen, dass jene, die ihr Wahlrecht nicht aus\u00fcben, weniger engagiert sind. <a href=\"http:\/\/www.politische-bildung-brandenburg.de\/sites\/default\/files\/downloads\/Studie_W%C3%A4hler_Nichtw%C3%A4hler_2013.pdf\">So beteiligen sie sich seltener an Unterschriftsaktionen, B\u00fcrgerinitiativen oder an Demonstrationen als jene, die immer w\u00e4hlen gehen.\u00a0<\/a><\/p>\n<p>Diese Statistiken stellen erste\u00a0Anhaltspunkt dar, um Nicht-W\u00e4hler zu verstehen. Allerdings ist zu beachten, dass es sich hierbei um keine homogene Gruppe handelt. Jeder Mensch hat individuelle Hintergr\u00fcnde und Motive. Diese kann keine Statistik komplett\u00a0darstellen.<\/p>\n","protected":false},"excerpt":{"rendered":"<p>Warum Menschen auf ihr Wahlrecht verzichten, besch\u00e4ftigt die Politik und die Medien schon lange. Es wurden immer mehr Statistiken erstellt, die den Nicht-W\u00e4hler erfassen sollen &#8211; wer er ist, wo er herkommt und was ihm wichtig ist.<\/p>\n","protected":false},"author":267,"featured_media":3087,"comment_status":"open","ping_status":"open","sticky":false,"template":"","format":"standard","meta":{"_eb_attr":"","ub_ctt_via":"","spay_email":"","jetpack_publicize_message":"","jetpack_is_tweetstorm":false,"jetpack_publicize_feature_enabled":true},"categories":[86],"tags":[487,90,708],"featured_image_src":"https:\/\/www.polyas.de\/blog\/wp-content\/uploads\/2016\/07\/Serie-Tipps-zum-Wahlmanagement.png","author_info":{"display_name":"Laila Oudray","author_link":"https:\/\/www.polyas.de\/blog\/author\/l-oudray"},"yoast_head":"<!-- This site is optimized with the Yoast SEO plugin v19.9 - https:\/\/yoast.com\/wordpress\/plugins\/seo\/ -->\n<title>So sieht der typische Nicht-W\u00e4hler aus<\/title>\n<meta name=\"description\" content=\"Warum nehmen Menschen ihr Wahlrecht nicht wahr? Verschiedene Stiftungen haben versucht herauszufinden, wie der typische Nicht-W\u00e4hler aussieht.\" \/>\n<meta name=\"robots\" content=\"index, follow, max-snippet:-1, max-image-preview:large, max-video-preview:-1\" \/>\n<link rel=\"canonical\" href=\"https:\/\/www.polyas.de\/blog\/de\/wahlbeteiligung-steigern\/nicht-waehler-sozialer-hintergrund\" \/>\n<meta property=\"og:locale\" content=\"de_DE\" \/>\n<meta property=\"og:type\" content=\"article\" \/>\n<meta property=\"og:title\" content=\"So sieht der typische Nicht-W\u00e4hler aus\" \/>\n<meta property=\"og:description\" content=\"Warum nehmen Menschen ihr Wahlrecht nicht wahr? Verschiedene Stiftungen haben versucht herauszufinden, wie der typische Nicht-W\u00e4hler aussieht.\" \/>\n<meta property=\"og:url\" content=\"https:\/\/www.polyas.de\/blog\/de\/wahlbeteiligung-steigern\/nicht-waehler-sozialer-hintergrund\" \/>\n<meta property=\"og:site_name\" content=\"POLYAS\" \/>\n<meta property=\"article:published_time\" content=\"2016-08-04T14:59:27+00:00\" \/>\n<meta property=\"article:modified_time\" content=\"2016-08-04T15:48:37+00:00\" \/>\n<meta property=\"og:image\" content=\"https:\/\/i0.wp.com\/www.polyas.de\/blog\/wp-content\/uploads\/2016\/07\/Serie-Tipps-zum-Wahlmanagement.png?fit=860%2C310&ssl=1\" \/>\n\t<meta property=\"og:image:width\" content=\"860\" \/>\n\t<meta property=\"og:image:height\" content=\"310\" \/>\n\t<meta property=\"og:image:type\" content=\"image\/png\" \/>\n<meta name=\"author\" content=\"Laila Oudray\" \/>\n<meta name=\"twitter:card\" content=\"summary_large_image\" \/>\n<meta name=\"twitter:label1\" content=\"Verfasst von\" \/>\n\t<meta name=\"twitter:data1\" content=\"Laila Oudray\" \/>\n\t<meta name=\"twitter:label2\" content=\"Gesch\u00e4tzte Lesezeit\" \/>\n\t<meta name=\"twitter:data2\" content=\"2 Minuten\" \/>\n<script type=\"application\/ld+json\" class=\"yoast-schema-graph\">{\"@context\":\"https:\/\/schema.org\",\"@graph\":[{\"@type\":\"WebPage\",\"@id\":\"https:\/\/www.polyas.de\/blog\/de\/wahlbeteiligung-steigern\/nicht-waehler-sozialer-hintergrund\",\"url\":\"https:\/\/www.polyas.de\/blog\/de\/wahlbeteiligung-steigern\/nicht-waehler-sozialer-hintergrund\",\"name\":\"So sieht der typische Nicht-W\u00e4hler aus\",\"isPartOf\":{\"@id\":\"https:\/\/www.polyas.de\/blog\/#website\"},\"datePublished\":\"2016-08-04T14:59:27+00:00\",\"dateModified\":\"2016-08-04T15:48:37+00:00\",\"author\":{\"@id\":\"https:\/\/www.polyas.de\/blog\/#\/schema\/person\/3a108e5248b3998c0219f9ff4406ba8a\"},\"description\":\"Warum nehmen Menschen ihr Wahlrecht nicht wahr? Verschiedene Stiftungen haben versucht herauszufinden, wie der typische Nicht-W\u00e4hler aussieht.\",\"breadcrumb\":{\"@id\":\"https:\/\/www.polyas.de\/blog\/de\/wahlbeteiligung-steigern\/nicht-waehler-sozialer-hintergrund#breadcrumb\"},\"inLanguage\":\"de-DE\",\"potentialAction\":[{\"@type\":\"ReadAction\",\"target\":[\"https:\/\/www.polyas.de\/blog\/de\/wahlbeteiligung-steigern\/nicht-waehler-sozialer-hintergrund\"]}]},{\"@type\":\"BreadcrumbList\",\"@id\":\"https:\/\/www.polyas.de\/blog\/de\/wahlbeteiligung-steigern\/nicht-waehler-sozialer-hintergrund#breadcrumb\",\"itemListElement\":[{\"@type\":\"ListItem\",\"position\":1,\"name\":\"Startseite\",\"item\":\"https:\/\/www.polyas.de\/blog\/de\"},{\"@type\":\"ListItem\",\"position\":2,\"name\":\"So sieht der typische Nicht-W\u00e4hler aus\"}]},{\"@type\":\"WebSite\",\"@id\":\"https:\/\/www.polyas.de\/blog\/#website\",\"url\":\"https:\/\/www.polyas.de\/blog\/\",\"name\":\"POLYAS\",\"description\":\"the blog for secure online voting\",\"potentialAction\":[{\"@type\":\"SearchAction\",\"target\":{\"@type\":\"EntryPoint\",\"urlTemplate\":\"https:\/\/www.polyas.de\/blog\/?s={search_term_string}\"},\"query-input\":\"required name=search_term_string\"}],\"inLanguage\":\"de-DE\"},{\"@type\":\"Person\",\"@id\":\"https:\/\/www.polyas.de\/blog\/#\/schema\/person\/3a108e5248b3998c0219f9ff4406ba8a\",\"name\":\"Laila Oudray\",\"image\":{\"@type\":\"ImageObject\",\"inLanguage\":\"de-DE\",\"@id\":\"https:\/\/www.polyas.de\/blog\/#\/schema\/person\/image\/\",\"url\":\"https:\/\/secure.gravatar.com\/avatar\/494f68c63930bd25d02b8df8a6dbded8?s=96&d=mm&r=g\",\"contentUrl\":\"https:\/\/secure.gravatar.com\/avatar\/494f68c63930bd25d02b8df8a6dbded8?s=96&d=mm&r=g\",\"caption\":\"Laila Oudray\"},\"description\":\"Um die Welt zu gestalten und zu verbessern, ben\u00f6tigt man Informationen. Ich habe es mir zur Aufgabe gemacht, diese Informationen zu recherchieren und hoffentlich unterhaltsam aufzubereiten. Wenn ich nicht gerade das World Wide Web f\u00fcr die interessantesten Themen durchforste, lebe ich meine musikalische Seite aus und singe (wie man mir sagt, auch gar nicht so schlecht). Seit April arbeite ich bei Polyas. Hier bin ich f\u00fcr die Pressearbeit zust\u00e4ndig und schreibe Blogartikel.\",\"sameAs\":[\"http:\/\/www.polyas.de\"],\"url\":\"https:\/\/www.polyas.de\/blog\/author\/l-oudray\"}]}<\/script>\n<!-- \/ Yoast SEO plugin. -->","yoast_head_json":{"title":"So sieht der typische Nicht-W\u00e4hler aus","description":"Warum nehmen Menschen ihr Wahlrecht nicht wahr? Verschiedene Stiftungen haben versucht herauszufinden, wie der typische Nicht-W\u00e4hler aussieht.","robots":{"index":"index","follow":"follow","max-snippet":"max-snippet:-1","max-image-preview":"max-image-preview:large","max-video-preview":"max-video-preview:-1"},"canonical":"https:\/\/www.polyas.de\/blog\/de\/wahlbeteiligung-steigern\/nicht-waehler-sozialer-hintergrund","og_locale":"de_DE","og_type":"article","og_title":"So sieht der typische Nicht-W\u00e4hler aus","og_description":"Warum nehmen Menschen ihr Wahlrecht nicht wahr? Verschiedene Stiftungen haben versucht herauszufinden, wie der typische Nicht-W\u00e4hler aussieht.","og_url":"https:\/\/www.polyas.de\/blog\/de\/wahlbeteiligung-steigern\/nicht-waehler-sozialer-hintergrund","og_site_name":"POLYAS","article_published_time":"2016-08-04T14:59:27+00:00","article_modified_time":"2016-08-04T15:48:37+00:00","og_image":[{"width":860,"height":310,"url":"https:\/\/i0.wp.com\/www.polyas.de\/blog\/wp-content\/uploads\/2016\/07\/Serie-Tipps-zum-Wahlmanagement.png?fit=860%2C310&ssl=1","type":"image\/png"}],"author":"Laila Oudray","twitter_card":"summary_large_image","twitter_misc":{"Verfasst von":"Laila Oudray","Gesch\u00e4tzte Lesezeit":"2 Minuten"},"schema":{"@context":"https:\/\/schema.org","@graph":[{"@type":"WebPage","@id":"https:\/\/www.polyas.de\/blog\/de\/wahlbeteiligung-steigern\/nicht-waehler-sozialer-hintergrund","url":"https:\/\/www.polyas.de\/blog\/de\/wahlbeteiligung-steigern\/nicht-waehler-sozialer-hintergrund","name":"So sieht der typische Nicht-W\u00e4hler aus","isPartOf":{"@id":"https:\/\/www.polyas.de\/blog\/#website"},"datePublished":"2016-08-04T14:59:27+00:00","dateModified":"2016-08-04T15:48:37+00:00","author":{"@id":"https:\/\/www.polyas.de\/blog\/#\/schema\/person\/3a108e5248b3998c0219f9ff4406ba8a"},"description":"Warum nehmen Menschen ihr Wahlrecht nicht wahr? Verschiedene Stiftungen haben versucht herauszufinden, wie der typische Nicht-W\u00e4hler aussieht.","breadcrumb":{"@id":"https:\/\/www.polyas.de\/blog\/de\/wahlbeteiligung-steigern\/nicht-waehler-sozialer-hintergrund#breadcrumb"},"inLanguage":"de-DE","potentialAction":[{"@type":"ReadAction","target":["https:\/\/www.polyas.de\/blog\/de\/wahlbeteiligung-steigern\/nicht-waehler-sozialer-hintergrund"]}]},{"@type":"BreadcrumbList","@id":"https:\/\/www.polyas.de\/blog\/de\/wahlbeteiligung-steigern\/nicht-waehler-sozialer-hintergrund#breadcrumb","itemListElement":[{"@type":"ListItem","position":1,"name":"Startseite","item":"https:\/\/www.polyas.de\/blog\/de"},{"@type":"ListItem","position":2,"name":"So sieht der typische Nicht-W\u00e4hler aus"}]},{"@type":"WebSite","@id":"https:\/\/www.polyas.de\/blog\/#website","url":"https:\/\/www.polyas.de\/blog\/","name":"POLYAS","description":"the blog for secure online voting","potentialAction":[{"@type":"SearchAction","target":{"@type":"EntryPoint","urlTemplate":"https:\/\/www.polyas.de\/blog\/?s={search_term_string}"},"query-input":"required name=search_term_string"}],"inLanguage":"de-DE"},{"@type":"Person","@id":"https:\/\/www.polyas.de\/blog\/#\/schema\/person\/3a108e5248b3998c0219f9ff4406ba8a","name":"Laila Oudray","image":{"@type":"ImageObject","inLanguage":"de-DE","@id":"https:\/\/www.polyas.de\/blog\/#\/schema\/person\/image\/","url":"https:\/\/secure.gravatar.com\/avatar\/494f68c63930bd25d02b8df8a6dbded8?s=96&d=mm&r=g","contentUrl":"https:\/\/secure.gravatar.com\/avatar\/494f68c63930bd25d02b8df8a6dbded8?s=96&d=mm&r=g","caption":"Laila Oudray"},"description":"Um die Welt zu gestalten und zu verbessern, ben\u00f6tigt man Informationen. Ich habe es mir zur Aufgabe gemacht, diese Informationen zu recherchieren und hoffentlich unterhaltsam aufzubereiten. Wenn ich nicht gerade das World Wide Web f\u00fcr die interessantesten Themen durchforste, lebe ich meine musikalische Seite aus und singe (wie man mir sagt, auch gar nicht so schlecht). Seit April arbeite ich bei Polyas. Hier bin ich f\u00fcr die Pressearbeit zust\u00e4ndig und schreibe Blogartikel.","sameAs":["http:\/\/www.polyas.de"],"url":"https:\/\/www.polyas.de\/blog\/author\/l-oudray"}]}},"jetpack_featured_media_url":"https:\/\/www.polyas.de\/blog\/wp-content\/uploads\/2016\/07\/Serie-Tipps-zum-Wahlmanagement.png","jetpack_publicize_connections":[],"jetpack_shortlink":"https:\/\/wp.me\/p72Pnr-P1","jetpack-related-posts":[{"id":341,"url":"https:\/\/www.polyas.de\/blog\/de\/wahlbeteiligung-steigern\/10-tipps-zur-steigerung-der-wahlbeteiligung-3-zugehoerigkeitsgefuehl-schaffen","url_meta":{"origin":3163,"position":0},"title":"10 Tipps zur Steigerung der Wahlbeteiligung: #3 Zugeh\u00f6rigkeitsgef\u00fchl schaffen","date":"05\/06\/2015","format":false,"excerpt":"Zuletzt sah man es an der Bundestagswahl 2013, dass die Ungleichheit der Wahlbeteiligung immer deutlicher wird. Laut der Studie \u201eGespaltene Demokratie \u2013 Politische Partizipation und Demokratiezufriedenheit vor der Bundestagswahl 2013\u201c der Bertelsmann Stiftung war das Wahlergebnis \u201esozial nicht mehr repr\u00e4sentativ\u201c. Deutlich wurde, dass die Grundlage dieser Ungleichheit vor allem auf\u2026","rel":"","context":"In &quot;Wahlbeteiligung&quot;","img":{"alt_text":"Zugeh\u00f6rigkeitsgef\u00fchl schaffen Wahlbeteiligung","src":"https:\/\/i0.wp.com\/www.polyas.de\/blog\/wp-content\/uploads\/2015\/06\/Wahlbeteiligung_Zugehoerigkeit.jpg?resize=350%2C200&ssl=1","width":350,"height":200},"classes":[]},{"id":3668,"url":"https:\/\/www.polyas.de\/blog\/de\/wahlbeteiligung-steigern\/wahlpflicht-ausland","url_meta":{"origin":3163,"position":1},"title":"Wahlpflicht im Ausland &#8211; Nur in autorit\u00e4ren Staaten?","date":"23\/11\/2016","format":false,"excerpt":"W\u00e4hrend in Deutschland die Wahl ein Recht ist, das die B\u00fcrger auch verweigern k\u00f6nnen, gibt es einige L\u00e4nder, in denen Wahlpflicht herrscht. In zweitem Teil unserer Serie zu dem Thema, stellen wir diese L\u00e4nder vor und gehen auf die Auswirkungen auf die Gesellschaft ein.\u00a0 Derzeit gibt es weltweit etwa 30\u2026","rel":"","context":"In &quot;Digitale Demokratie&quot;","img":{"alt_text":"Wahlpflicht im Ausland","src":"https:\/\/i0.wp.com\/www.polyas.de\/blog\/wp-content\/uploads\/2016\/11\/Wahlpflicht-im-Ausland.jpg?resize=350%2C200&ssl=1","width":350,"height":200},"classes":[]},{"id":3303,"url":"https:\/\/www.polyas.de\/blog\/de\/wahlbeteiligung-steigern\/bedrohen-nichtwaehler-system-demokratie","url_meta":{"origin":3163,"position":2},"title":"Bedrohen Nichtw\u00e4hler die Demokratie?","date":"08\/09\/2016","format":false,"excerpt":"Es herrscht keine Wahlpflicht in Deutschland. Ob jemand das Recht zur Stimmabgabe wahrnimmt, ist ihm selbst \u00fcberlassen. Und doch wird auf Nichtw\u00e4hler ein medialer Fokus gelegt. Bei Wahlen berichten Zeitungen noch w\u00e4hrend des Wahltages \u00fcber die Wahlbeteiligung. Tage vorher finden sich in den sozialen Medien die Aufforderungen zur Wahl zu\u2026","rel":"","context":"In &quot;Wahlbeteiligung&quot;","img":{"alt_text":"Nicht-W\u00e4hler bei Volksabstimmungen: Was sind ihre Gr\u00fcnde?","src":"https:\/\/i0.wp.com\/www.polyas.de\/blog\/wp-content\/uploads\/2016\/07\/Serie-Tipps-zum-Wahlmanagement.png?resize=350%2C200&ssl=1","width":350,"height":200},"classes":[]},{"id":3244,"url":"https:\/\/www.polyas.de\/blog\/de\/wahlbeteiligung-steigern\/nicht-waehler-motivieren","url_meta":{"origin":3163,"position":3},"title":"Nichtw\u00e4hler: Wie kann man sie motivieren?","date":"31\/08\/2016","format":false,"excerpt":"In vielen Studien haben Meinungsinstitute versucht herauszufinden, wer die Nicht-W\u00e4hler sind und was sie antreibt. All diese Informationen werden erhoben, um herauszufinden, wie die Wahlbeteiligung gesteigert werden kann. Es gibt keine ultimative L\u00f6sung f\u00fcr eine hohe Wahlbeteiligung. In Deutschland haben die B\u00fcrger das Recht zu w\u00e4hlen oder eben auf eine\u2026","rel":"","context":"In &quot;Wahlbeteiligung&quot;","img":{"alt_text":"Nicht-W\u00e4hler bei Volksabstimmungen: Was sind ihre Gr\u00fcnde?","src":"https:\/\/i0.wp.com\/www.polyas.de\/blog\/wp-content\/uploads\/2016\/07\/Serie-Tipps-zum-Wahlmanagement.png?resize=350%2C200&ssl=1","width":350,"height":200},"classes":[]},{"id":4305,"url":"https:\/\/www.polyas.de\/blog\/de\/wahlbeteiligung-steigern\/wahlbeteiligung-steigern-der-8-punkte-plan","url_meta":{"origin":3163,"position":4},"title":"Wahlbeteiligung steigern: Der 8-Punkte-Plan","date":"23\/02\/2017","format":false,"excerpt":"Die sinkende Wahlbeteiligung ist ein gro\u00dfes Problem bei Wahlen. Doch trotz der niedrigen demokratischen Partizipation bleibt die Mehrheit der Nichtw\u00e4hler:innen ansprechbar und mobilisierbar. Eine aktuelle Studie der Bertelsmann Stiftung bietet L\u00f6sungsans\u00e4tze, mit denen man die Wahlbeteiligung langfristig steigern kann. Wir werfen einen Blick in die Studie: \"Zeitgem\u00e4\u00df W\u00e4hlen\" \u2013 8-Punkte-Plan\u2026","rel":"","context":"In &quot;B\u00fcrgerbeteiligung&quot;","img":{"alt_text":"Wahlbeteiligung steigern","src":"https:\/\/i0.wp.com\/www.polyas.de\/blog\/wp-content\/uploads\/2017\/02\/Wahlbeteiligung-steigern.png?resize=350%2C200&ssl=1","width":350,"height":200},"classes":[]},{"id":318,"url":"https:\/\/www.polyas.de\/blog\/de\/wahlbeteiligung-steigern\/10-tipps-zur-steigerung-der-wahlbeteiligung-2-die-personalisierte-ansprache","url_meta":{"origin":3163,"position":5},"title":"10 Tipps zur Steigerung der Wahlbeteiligung: #2 Die personalisierte Ansprache","date":"29\/05\/2015","format":false,"excerpt":"Gerade nach der Landtagswahl in Bremen wurde das Thema sinkende Wahlbeteiligung wieder vor aller Augen gef\u00fchrt. Immer weniger Menschen w\u00e4hlen, u. a. weil immer weniger Menschen denken, dass sie selbst etwas bewirken k\u00f6nnen. Der Schl\u00fcssel zur Wahlbeteiligung hei\u00dft Motivation \u2013 dazu, zugeh\u00f6rig zu sein, etwas bewirken oder mitbestimmen zu k\u00f6nnen.\u2026","rel":"","context":"In &quot;Wahlbeteiligung&quot;","img":{"alt_text":"","src":"","width":0,"height":0},"classes":[]}],"_links":{"self":[{"href":"https:\/\/www.polyas.de\/blog\/wp-json\/wp\/v2\/posts\/3163"}],"collection":[{"href":"https:\/\/www.polyas.de\/blog\/wp-json\/wp\/v2\/posts"}],"about":[{"href":"https:\/\/www.polyas.de\/blog\/wp-json\/wp\/v2\/types\/post"}],"author":[{"embeddable":true,"href":"https:\/\/www.polyas.de\/blog\/wp-json\/wp\/v2\/users\/267"}],"replies":[{"embeddable":true,"href":"https:\/\/www.polyas.de\/blog\/wp-json\/wp\/v2\/comments?post=3163"}],"version-history":[{"count":5,"href":"https:\/\/www.polyas.de\/blog\/wp-json\/wp\/v2\/posts\/3163\/revisions"}],"predecessor-version":[{"id":3168,"href":"https:\/\/www.polyas.de\/blog\/wp-json\/wp\/v2\/posts\/3163\/revisions\/3168"}],"wp:featuredmedia":[{"embeddable":true,"href":"https:\/\/www.polyas.de\/blog\/wp-json\/wp\/v2\/media\/3087"}],"wp:attachment":[{"href":"https:\/\/www.polyas.de\/blog\/wp-json\/wp\/v2\/media?parent=3163"}],"wp:term":[{"taxonomy":"category","embeddable":true,"href":"https:\/\/www.polyas.de\/blog\/wp-json\/wp\/v2\/categories?post=3163"},{"taxonomy":"post_tag","embeddable":true,"href":"https:\/\/www.polyas.de\/blog\/wp-json\/wp\/v2\/tags?post=3163"}],"curies":[{"name":"wp","href":"https:\/\/api.w.org\/{rel}","templated":true}]}}