{"id":2794,"date":"2016-06-07T10:30:21","date_gmt":"2016-06-07T08:30:21","guid":{"rendered":"https:\/\/www.polyas.de\/blog\/?p=2794"},"modified":"2016-06-07T15:12:21","modified_gmt":"2016-06-07T13:12:21","slug":"interview-mit-andreas-dewes-ueber-die-digitale-souveraenitaet","status":"publish","type":"post","link":"https:\/\/www.polyas.de\/blog\/de\/digitale-demokratie\/interview-mit-andreas-dewes-ueber-die-digitale-souveraenitaet","title":{"rendered":"Andreas Dewes \u00fcber digitale Souver\u00e4nit\u00e4t"},"content":{"rendered":"<p><strong>Heute nachgefragt<\/strong>: Der Physiker und Datenwissenschaftler Dr. Andreas Dewes \u00fcber die digitale Souver\u00e4nit\u00e4t &#8211; und warum sich der Kampf darum lohnt.<\/p>\n<p><!--more--><\/p>\n<p>Andreas Dewes besch\u00e4ftigt sich seit Jahren mit wissenschaftlicher und angewandter Datenanalyse. Er hat das das Start-up 7scientists in Berlin gegr\u00fcndet und arbeitet an der Analyse von Computercodes.<\/p>\n<h5><span style=\"font-size: 12pt;\">Guten Tag, Herr Dewes. Vielen Dank, dass Sie sich Zeit f\u00fcr dieses Interview genommen haben. Beginnen wir doch sofort. Digitale Souver\u00e4nit\u00e4t ist das neue Schlagwort. Es bedeutet, dass ein Internetnutzer frei dar\u00fcber entscheiden kann, welche Daten von ihm erhoben, weitergegeben, verarbeitet und gespeichert werden d\u00fcrfen. Die Freiheit \u00fcber die eigenen Daten entscheiden zu k\u00f6nnen gilt als hohes Gut und wird von einer Mehrheit der B\u00fcrger gefordert. Dabei stellt sich die Frage: Sind wir digital nicht souver\u00e4n und woran liegt das?<\/span><\/h5>\n<p>Es kommt darauf an, wie man souver\u00e4n definiert. Man kann in der Hinsicht souver\u00e4n sein, dass man bestimmte Dienste nicht nutzt oder einfach komplett auf das Internet verzichtet. Das wird aber nat\u00fcrlich immer schwieriger, weil die Nutzung der Dienste nicht mehr allein auf privater Ebene stattfindet, sondern auch in der Arbeitswelt von gro\u00dfer Wichtigkeit ist. Da kann man nicht mehr einfach sagen: \u201eDas nutze ich nicht\u201c. Weil man sich damit selbst ein St\u00fcck weit die M\u00f6glichkeit der Partizipation an Prozessen verwehrt. In dem Sinne ist es ein Problem, dass Dienste wie Facebook, Google etc. von Vielen genutzt werden und man sich dem nicht ohne Weiteres entziehen kann, auch wenn man das vielleicht m\u00f6chte.<\/p>\n<h5><span style=\"font-size: 12pt;\">Man wird also in seiner Souver\u00e4nit\u00e4t eingeschr\u00e4nkt, weil man eben nicht auf Dienste verzichten kann, ohne sich selbst einzuschr\u00e4nken oder gar Nachteile zu erfahren \u2013 sei es im privaten oder beruflichen Bereich?<\/span><\/h5>\n<p>Ja und diese Einschr\u00e4nkungen werden immer gr\u00f6\u00dfer. Momentan befinden wir uns vielleicht eher im Grenzbereich, aber in 10 bis 15 Jahren wird das immer weiter voranschreiten. Es wird eigentlich selbstverst\u00e4ndlich sein, dass man bestimmte Dienste im Internet nutzt \u2013 genau so wie man Elektrizit\u00e4t und flie\u00dfend Wasser nutzt.<\/p>\n<h5><span style=\"font-size: 12pt;\">Also wir haben noch Zeit, um etwas f\u00fcr die digitale Souver\u00e4nit\u00e4t zu tun?<\/span><\/h5>\n<p>F\u00fcr den Nutzer gibt es einige M\u00f6glichkeiten seine Privatsph\u00e4re zu sch\u00fctzen. Man muss sich wirklich dar\u00fcber im Klaren sein, welche Daten man von sich preisgeben m\u00f6chte. Bei Diensten, die eine Alternative zulassen, sollte man diese auch nutzen. Man kann auch Plugins nutzen im Browser, die das eigene Surfverhalten verschleiern. Das ist sehr wichtig, weil heutzutage sehr viele Tracker den Weg der User \u00fcber verschiedene Ger\u00e4te und Seiten verfolgen. So kommen viele Daten zusammen und es ist m\u00f6glich, sich ein ziemlich genaues Bild vom einzelnen User zu machen. Sich vor diesen Programmen zu sch\u00fctzen, ist in jedem Fall sinnvoll. Es gibt noch weitere Tools, mit denen die eigene IP-Adresse verschleiert werden kann, um die eigene Privatsph\u00e4re zu sch\u00fctzen.<\/p>\n<h5><span style=\"font-size: 12pt;\">Ist das legal?<\/span><\/h5>\n<p>Das ist absolut legal f\u00fcr den User. Es kann f\u00fcr den Betreiber ein Problem sein, wenn der User beispielsweise etwas herunterl\u00e4dt, das urheberrechtlich gesch\u00fctzt ist. Aber da gibt es seit Kurzem eine Neuerung: die Abschaffung der St\u00f6rerhaftung in Deutschland, zumindest f\u00fcr Betreiber von \u00f6ffentlichen WLANs. Da \u00e4ndert sich gerade die politische Sichtweise. Es wurde lange debattiert, ob man jemandem die Nutzung des Internets gestatten darf, auch wenn nicht r\u00fcckverfolgt werden kann, welche Dienste genutzt und welche Daten heruntergeladen werden. Ich glaube heute, auch wenn die Gesetzgebung das anders sieht, ist klar, dass der Nutzer unbedingt das Recht haben sollte, anonym im Netz zu sein.<\/p>\n<div id=\"attachment_2795\" style=\"width: 780px\" class=\"wp-caption alignright\"><a href=\"https:\/\/www.polyas.de\/blog\/wp-content\/uploads\/2016\/06\/IMG_6877.jpg\"><img aria-describedby=\"caption-attachment-2795\" data-attachment-id=\"2795\" data-permalink=\"https:\/\/www.polyas.de\/blog\/de\/digitale-demokratie\/interview-mit-andreas-dewes-ueber-die-digitale-souveraenitaet\/attachment\/img_6877\" data-orig-file=\"https:\/\/www.polyas.de\/blog\/wp-content\/uploads\/2016\/06\/IMG_6877.jpg\" data-orig-size=\"5616,3744\" data-comments-opened=\"1\" data-image-meta=\"{&quot;aperture&quot;:&quot;4&quot;,&quot;credit&quot;:&quot;&quot;,&quot;camera&quot;:&quot;Canon EOS 5D Mark II&quot;,&quot;caption&quot;:&quot;&quot;,&quot;created_timestamp&quot;:&quot;1431452860&quot;,&quot;copyright&quot;:&quot;&quot;,&quot;focal_length&quot;:&quot;131&quot;,&quot;iso&quot;:&quot;640&quot;,&quot;shutter_speed&quot;:&quot;0.008&quot;,&quot;title&quot;:&quot;&quot;,&quot;orientation&quot;:&quot;1&quot;}\" data-image-title=\"IMG_6877\" data-image-description=\"\" data-image-caption=\"&lt;p&gt;Interview mit Andreas Dewes&lt;\/p&gt;\n\" data-medium-file=\"https:\/\/www.polyas.de\/blog\/wp-content\/uploads\/2016\/06\/IMG_6877-300x200.jpg\" data-large-file=\"https:\/\/www.polyas.de\/blog\/wp-content\/uploads\/2016\/06\/IMG_6877-1024x683.jpg\" loading=\"lazy\" class=\"wp-image-2795 size-large\" src=\"https:\/\/www.polyas.de\/blog\/wp-content\/uploads\/2016\/06\/IMG_6877-1024x683.jpg\" width=\"770\" height=\"514\" srcset=\"https:\/\/www.polyas.de\/blog\/wp-content\/uploads\/2016\/06\/IMG_6877-1024x683.jpg 1024w, https:\/\/www.polyas.de\/blog\/wp-content\/uploads\/2016\/06\/IMG_6877-300x200.jpg 300w, https:\/\/www.polyas.de\/blog\/wp-content\/uploads\/2016\/06\/IMG_6877-768x512.jpg 768w, https:\/\/www.polyas.de\/blog\/wp-content\/uploads\/2016\/06\/IMG_6877-500x333.jpg 500w\" sizes=\"(max-width: 770px) 100vw, 770px\" \/><\/a><p id=\"caption-attachment-2795\" class=\"wp-caption-text\">Physiker, Datenwissenschaftler und 7Scientists-Gr\u00fcnder: Andreas Dewes<\/p><\/div>\n<h5><span style=\"font-size: 12pt;\"><strong>Der Nutzer kann sich also verschleiern, aber im besten Fall w\u00e4re das nicht n\u00f6tig. Was m\u00fcssen Gesetzgeber und Betreiber tun, um die digitale Souver\u00e4nit\u00e4t zu wahren?<\/strong><\/span><\/h5>\n<p>Von der Gesetzgebung sind wir, glaub ich, ganz gut aufgestellt. Wir haben ja das Bundesdatenschutzgesetz, das nat\u00fcrlich ein bisschen \u00e4lter ist, das aber in seinem Kernanwendungsbereich, meiner Meinung nach, immer noch relativ gut die aktuellen Probleme beschreibt. Da ist fundamental nichts Neues in den letzten 10 Jahren geschehen, das man damit nicht abdecken k\u00f6nnte. Was man \u00e4ndern m\u00fcsste, w\u00e4re die Anwendung des Gesetzes. Weil heute die Methoden der Datensammler und die M\u00f6glichkeiten, die man hat, um sensible Daten \u00fcber einen User zu speichern, einfach sehr viel besser sind, als noch vor 10 Jahren. Die Menge der Daten hat sich ver\u00e4ndert, es gibt viel mehr Daten und es gibt auch viel mehr Datenquellen, die man miteinander kombinieren kann. Kombiniert man sie miteinander, sind sie viel auskunftsreicher als isoliert. Das ist gerade ein gro\u00dfes Problem bei Anbietern, wie Facebook und Google, die auf sehr vielen Ger\u00e4ten und durch viele Apps Daten sammeln. Google verfolgt den User ja durch den eigenen Browser und das eigene Betriebssystem \u2013 aber auch \u00fcber andere Internetdienste. Der Konzern hat also ein sehr detailliertes Bild \u00fcber alle Lebensbereiche des Users und kann daraus sehr viele Informationen ableiten, die selbst zwar nicht in den Daten enthalten sind, aber mit hoher Wahrscheinlichkeit hergeleitet werden k\u00f6nnen. Das ist die gro\u00dfe Problematik. Da muss der Gesetzgeber entgegensteuern. Er muss die Zentralisierung der Daten einschr\u00e4nken und ihre Verarbeitung f\u00fcr den User transparent machen.<\/p>\n<h5><span style=\"font-size: 12pt;\">Wie k\u00f6nnte so ein Entgegensteuern aussehen?<\/span><\/h5>\n<p>Wie gesagt, ich glaube die Gesetzesgrundlage ist ausreichend, die Gesetze m\u00fcssten nur anders angewendet werden, beispielsweise indem man, wie Heiko Maas gefordert hat, einen Algorithmen-T\u00dcV einf\u00fchrt, der sich genauer ansieht, wie Unternehmen Daten verarbeiten. Ich glaube, wir m\u00fcssen zu einem neuen Verst\u00e4ndnis von Datenverarbeitung kommen. Die Konzepte, die in den entsprechenden Beh\u00f6rden vorliegen, sind schon etwas angestaubt, die m\u00fcssten angepasst werden.<\/p>\n<h5><span style=\"font-size: 12pt;\">Inwieweit sind sie angestaubt?<\/span><\/h5>\n<p>Viele der Verfahren, die fr\u00fcher eingesetzt wurden, basieren auf relativ einfacher Statistik, wie bei Versicherungen. Man schaut sich an, wie viele Unf\u00e4lle die Mitglieder hatten, welche Eigenschaften h\u00e4ngen mit diesen Unf\u00e4llen zusammen. Daraus kann man eine Grundgesamtheit ableiten. Kommt ein neuer Kunde, schaut man sich einfach an, zu welcher Kategorie er geh\u00f6rt und sch\u00e4tzt so die Wahrscheinlichkeit beispielsweise eines Autounfalls ab. Auf diese Weise werden normalerweise Versicherungspr\u00e4mien berechnet. Durch Big Data, kommen seit 10 Jahren Verfahren zum Einsatz, die auf maschinellem Lernen basieren. Vorne kippt man die Daten rein \u2013 Daten aus sehr vielen Quellen \u2013 und erh\u00e4lt am Ende ein Ergebnis. Dieses kann zwar besser ausfallen, aber es ist nicht nachvollziehbar. Auch wenn man den Algorithmus selbst programmiert hat, wei\u00df man nicht, wie er das Ergebnis berechnet hat.<\/p>\n<h5><span style=\"font-size: 12pt;\">Warum sollten wir f\u00fcr die digitale Souver\u00e4nit\u00e4t k\u00e4mpfen?<\/span><\/h5>\n<p>F\u00fcr mich ist wichtig, dass wir das Recht haben, uns unbeobachtet zu informieren und auch das Recht unsere \u00f6ffentliche Identit\u00e4t so weit es geht zu kontrollieren. Wenn ich jetzt aus dem Internet einen Raum mache, in dem alle Nutzer durch Konzerne oder staatliche Organisationen rund um die Uhr \u00fcberwacht werden und man das Gef\u00fchl haben muss, dass alles was man tut, in irgendeiner Form gespeichert und verarbeitet wird und vielleicht in der Zukunft Schaden anrichten k\u00f6nnte, dann verhalte ich mich als Nutzer ganz anders. Dann habe ich nicht mehr die Freiheit mir bestimmte kritische Inhalte anzuschauen oder meine Meinung so zu \u00e4u\u00dfern, wie ich es tun w\u00fcrde, wenn ich die Sicherheit h\u00e4tte, nicht verfolgt zu werden. Das ist f\u00fcr mich sehr wichtig.<\/p>\n<h5><span style=\"font-size: 12pt;\">Aber w\u00fcrde die Anonymisierung des Netzes nicht daf\u00fcr sorgen, dass das Internet zu einem gesetzlosen Raum wird?<\/span><\/h5>\n<p>Das ist die andere Sache, klar. Das ist das starke Argument der Bef\u00fcrworter st\u00e4rkerer \u00dcberwachung. Man muss diese beiden Dinge gegeneinander abw\u00e4gen. Meiner Meinung nach, ist es aber der falsche Ansatz, Sicherheit und Kontrolle immer \u00fcber Bewegungsfreiheit zu stellen. Da muss man vorsichtig sein, in welche Richtung man diese Entscheidung trifft.<\/p>\n<h5><span style=\"font-size: 12pt;\">Was w\u00e4re denn ein Kompromiss? Wie kann man Gesetzes\u00fcbertretungen im Internet ahnden, ohne die Unschuldsvermutung quasi aufzul\u00f6sen?<\/span><\/h5>\n<p>Das ist eine schwierige Frage, die selbst gro\u00dfen Konzernen &#8211; wie Facebook &#8211; viele Probleme bereitet. Selbst sie schaffen es nicht, ihre Nutzer zu kontrollieren, einfach, weil es zu viele sind. Ich glaube, man braucht verschiedene Ans\u00e4tze. Einerseits \u00fcber die Nutzer, die sich und auch andere User ein St\u00fcck weit kontrollieren, wenn beispielsweise Hasskommentare geschrieben werden. In bestimmten Bereichen braucht man eine gewisse Nachvollziehbarkeit und es gibt Bereiche, in denen man die Anonymit\u00e4t nicht garantieren muss und sie einschr\u00e4nken kann. Welche das sind, muss eben im gesellschaftlichen Kontext erarbeitet werden.<\/p>\n<h5><span style=\"font-size: 12pt;\"><strong>Vielen Dank f\u00fcr das Interview, Herr Dewes<\/strong><\/span><\/h5>\n","protected":false},"excerpt":{"rendered":"<p>Heute nachgefragt: Der Physiker und Datenwissenschaftler Dr. Andreas Dewes \u00fcber die digitale Souver\u00e4nit\u00e4t &#8211; und warum sich der Kampf darum lohnt.<\/p>\n","protected":false},"author":267,"featured_media":2828,"comment_status":"open","ping_status":"open","sticky":false,"template":"","format":"standard","meta":{"_eb_attr":"","ub_ctt_via":"","spay_email":"","jetpack_publicize_message":"","jetpack_is_tweetstorm":false,"jetpack_publicize_feature_enabled":true},"categories":[2],"tags":[686,690,427,349],"featured_image_src":"https:\/\/www.polyas.de\/blog\/wp-content\/uploads\/2016\/06\/Andreas-Dewes_digitale_Souvera--nita--t.jpg","author_info":{"display_name":"Laila Oudray","author_link":"https:\/\/www.polyas.de\/blog\/author\/l-oudray"},"yoast_head":"<!-- This site is optimized with the Yoast SEO plugin v19.9 - https:\/\/yoast.com\/wordpress\/plugins\/seo\/ -->\n<title>Andreas Dewes \u00fcber digitale Souver\u00e4nit\u00e4t<\/title>\n<meta name=\"description\" content=\"Der Physiker und Datenwissenschaftler Dr. Andreas Dewes spricht mit Polyas \u00fcber die M\u00f6glichkeiten der Digitalen Souver\u00e4nit\u00e4t und \u00fcber Kontrolle im Internet.\" \/>\n<meta name=\"robots\" content=\"index, follow, max-snippet:-1, max-image-preview:large, max-video-preview:-1\" \/>\n<link rel=\"canonical\" href=\"https:\/\/www.polyas.de\/blog\/de\/digitale-demokratie\/interview-mit-andreas-dewes-ueber-die-digitale-souveraenitaet\" \/>\n<meta property=\"og:locale\" content=\"de_DE\" \/>\n<meta property=\"og:type\" content=\"article\" \/>\n<meta property=\"og:title\" content=\"Andreas Dewes \u00fcber digitale Souver\u00e4nit\u00e4t\" \/>\n<meta property=\"og:description\" content=\"Der Physiker und Datenwissenschaftler Dr. Andreas Dewes spricht mit Polyas \u00fcber die M\u00f6glichkeiten der Digitalen Souver\u00e4nit\u00e4t und \u00fcber Kontrolle im Internet.\" \/>\n<meta property=\"og:url\" content=\"https:\/\/www.polyas.de\/blog\/de\/digitale-demokratie\/interview-mit-andreas-dewes-ueber-die-digitale-souveraenitaet\" \/>\n<meta property=\"og:site_name\" content=\"POLYAS\" \/>\n<meta property=\"article:published_time\" content=\"2016-06-07T08:30:21+00:00\" \/>\n<meta property=\"article:modified_time\" content=\"2016-06-07T13:12:21+00:00\" \/>\n<meta property=\"og:image\" content=\"https:\/\/i0.wp.com\/www.polyas.de\/blog\/wp-content\/uploads\/2016\/06\/Andreas-Dewes_digitale_Souvera--nita--t.jpg?fit=1616%2C1077&ssl=1\" \/>\n\t<meta property=\"og:image:width\" content=\"1616\" \/>\n\t<meta property=\"og:image:height\" content=\"1077\" \/>\n\t<meta property=\"og:image:type\" content=\"image\/jpeg\" \/>\n<meta name=\"author\" content=\"Laila Oudray\" \/>\n<meta name=\"twitter:card\" content=\"summary_large_image\" \/>\n<meta name=\"twitter:label1\" content=\"Verfasst von\" \/>\n\t<meta name=\"twitter:data1\" content=\"Laila Oudray\" \/>\n\t<meta name=\"twitter:label2\" content=\"Gesch\u00e4tzte Lesezeit\" \/>\n\t<meta name=\"twitter:data2\" content=\"7 Minuten\" \/>\n<script type=\"application\/ld+json\" class=\"yoast-schema-graph\">{\"@context\":\"https:\/\/schema.org\",\"@graph\":[{\"@type\":\"WebPage\",\"@id\":\"https:\/\/www.polyas.de\/blog\/de\/digitale-demokratie\/interview-mit-andreas-dewes-ueber-die-digitale-souveraenitaet\",\"url\":\"https:\/\/www.polyas.de\/blog\/de\/digitale-demokratie\/interview-mit-andreas-dewes-ueber-die-digitale-souveraenitaet\",\"name\":\"Andreas Dewes \u00fcber digitale Souver\u00e4nit\u00e4t\",\"isPartOf\":{\"@id\":\"https:\/\/www.polyas.de\/blog\/#website\"},\"datePublished\":\"2016-06-07T08:30:21+00:00\",\"dateModified\":\"2016-06-07T13:12:21+00:00\",\"author\":{\"@id\":\"https:\/\/www.polyas.de\/blog\/#\/schema\/person\/3a108e5248b3998c0219f9ff4406ba8a\"},\"description\":\"Der Physiker und Datenwissenschaftler Dr. Andreas Dewes spricht mit Polyas \u00fcber die M\u00f6glichkeiten der Digitalen Souver\u00e4nit\u00e4t und \u00fcber Kontrolle im Internet.\",\"breadcrumb\":{\"@id\":\"https:\/\/www.polyas.de\/blog\/de\/digitale-demokratie\/interview-mit-andreas-dewes-ueber-die-digitale-souveraenitaet#breadcrumb\"},\"inLanguage\":\"de-DE\",\"potentialAction\":[{\"@type\":\"ReadAction\",\"target\":[\"https:\/\/www.polyas.de\/blog\/de\/digitale-demokratie\/interview-mit-andreas-dewes-ueber-die-digitale-souveraenitaet\"]}]},{\"@type\":\"BreadcrumbList\",\"@id\":\"https:\/\/www.polyas.de\/blog\/de\/digitale-demokratie\/interview-mit-andreas-dewes-ueber-die-digitale-souveraenitaet#breadcrumb\",\"itemListElement\":[{\"@type\":\"ListItem\",\"position\":1,\"name\":\"Startseite\",\"item\":\"https:\/\/www.polyas.de\/blog\/de\"},{\"@type\":\"ListItem\",\"position\":2,\"name\":\"Andreas Dewes \u00fcber digitale Souver\u00e4nit\u00e4t\"}]},{\"@type\":\"WebSite\",\"@id\":\"https:\/\/www.polyas.de\/blog\/#website\",\"url\":\"https:\/\/www.polyas.de\/blog\/\",\"name\":\"POLYAS\",\"description\":\"the blog for secure online voting\",\"potentialAction\":[{\"@type\":\"SearchAction\",\"target\":{\"@type\":\"EntryPoint\",\"urlTemplate\":\"https:\/\/www.polyas.de\/blog\/?s={search_term_string}\"},\"query-input\":\"required name=search_term_string\"}],\"inLanguage\":\"de-DE\"},{\"@type\":\"Person\",\"@id\":\"https:\/\/www.polyas.de\/blog\/#\/schema\/person\/3a108e5248b3998c0219f9ff4406ba8a\",\"name\":\"Laila Oudray\",\"image\":{\"@type\":\"ImageObject\",\"inLanguage\":\"de-DE\",\"@id\":\"https:\/\/www.polyas.de\/blog\/#\/schema\/person\/image\/\",\"url\":\"https:\/\/secure.gravatar.com\/avatar\/494f68c63930bd25d02b8df8a6dbded8?s=96&d=mm&r=g\",\"contentUrl\":\"https:\/\/secure.gravatar.com\/avatar\/494f68c63930bd25d02b8df8a6dbded8?s=96&d=mm&r=g\",\"caption\":\"Laila Oudray\"},\"description\":\"Um die Welt zu gestalten und zu verbessern, ben\u00f6tigt man Informationen. Ich habe es mir zur Aufgabe gemacht, diese Informationen zu recherchieren und hoffentlich unterhaltsam aufzubereiten. Wenn ich nicht gerade das World Wide Web f\u00fcr die interessantesten Themen durchforste, lebe ich meine musikalische Seite aus und singe (wie man mir sagt, auch gar nicht so schlecht). Seit April arbeite ich bei Polyas. Hier bin ich f\u00fcr die Pressearbeit zust\u00e4ndig und schreibe Blogartikel.\",\"sameAs\":[\"http:\/\/www.polyas.de\"],\"url\":\"https:\/\/www.polyas.de\/blog\/author\/l-oudray\"}]}<\/script>\n<!-- \/ Yoast SEO plugin. -->","yoast_head_json":{"title":"Andreas Dewes \u00fcber digitale Souver\u00e4nit\u00e4t","description":"Der Physiker und Datenwissenschaftler Dr. Andreas Dewes spricht mit Polyas \u00fcber die M\u00f6glichkeiten der Digitalen Souver\u00e4nit\u00e4t und \u00fcber Kontrolle im Internet.","robots":{"index":"index","follow":"follow","max-snippet":"max-snippet:-1","max-image-preview":"max-image-preview:large","max-video-preview":"max-video-preview:-1"},"canonical":"https:\/\/www.polyas.de\/blog\/de\/digitale-demokratie\/interview-mit-andreas-dewes-ueber-die-digitale-souveraenitaet","og_locale":"de_DE","og_type":"article","og_title":"Andreas Dewes \u00fcber digitale Souver\u00e4nit\u00e4t","og_description":"Der Physiker und Datenwissenschaftler Dr. Andreas Dewes spricht mit Polyas \u00fcber die M\u00f6glichkeiten der Digitalen Souver\u00e4nit\u00e4t und \u00fcber Kontrolle im Internet.","og_url":"https:\/\/www.polyas.de\/blog\/de\/digitale-demokratie\/interview-mit-andreas-dewes-ueber-die-digitale-souveraenitaet","og_site_name":"POLYAS","article_published_time":"2016-06-07T08:30:21+00:00","article_modified_time":"2016-06-07T13:12:21+00:00","og_image":[{"width":1616,"height":1077,"url":"https:\/\/i0.wp.com\/www.polyas.de\/blog\/wp-content\/uploads\/2016\/06\/Andreas-Dewes_digitale_Souvera--nita--t.jpg?fit=1616%2C1077&ssl=1","type":"image\/jpeg"}],"author":"Laila Oudray","twitter_card":"summary_large_image","twitter_misc":{"Verfasst von":"Laila Oudray","Gesch\u00e4tzte Lesezeit":"7 Minuten"},"schema":{"@context":"https:\/\/schema.org","@graph":[{"@type":"WebPage","@id":"https:\/\/www.polyas.de\/blog\/de\/digitale-demokratie\/interview-mit-andreas-dewes-ueber-die-digitale-souveraenitaet","url":"https:\/\/www.polyas.de\/blog\/de\/digitale-demokratie\/interview-mit-andreas-dewes-ueber-die-digitale-souveraenitaet","name":"Andreas Dewes \u00fcber digitale Souver\u00e4nit\u00e4t","isPartOf":{"@id":"https:\/\/www.polyas.de\/blog\/#website"},"datePublished":"2016-06-07T08:30:21+00:00","dateModified":"2016-06-07T13:12:21+00:00","author":{"@id":"https:\/\/www.polyas.de\/blog\/#\/schema\/person\/3a108e5248b3998c0219f9ff4406ba8a"},"description":"Der Physiker und Datenwissenschaftler Dr. Andreas Dewes spricht mit Polyas \u00fcber die M\u00f6glichkeiten der Digitalen Souver\u00e4nit\u00e4t und \u00fcber Kontrolle im Internet.","breadcrumb":{"@id":"https:\/\/www.polyas.de\/blog\/de\/digitale-demokratie\/interview-mit-andreas-dewes-ueber-die-digitale-souveraenitaet#breadcrumb"},"inLanguage":"de-DE","potentialAction":[{"@type":"ReadAction","target":["https:\/\/www.polyas.de\/blog\/de\/digitale-demokratie\/interview-mit-andreas-dewes-ueber-die-digitale-souveraenitaet"]}]},{"@type":"BreadcrumbList","@id":"https:\/\/www.polyas.de\/blog\/de\/digitale-demokratie\/interview-mit-andreas-dewes-ueber-die-digitale-souveraenitaet#breadcrumb","itemListElement":[{"@type":"ListItem","position":1,"name":"Startseite","item":"https:\/\/www.polyas.de\/blog\/de"},{"@type":"ListItem","position":2,"name":"Andreas Dewes \u00fcber digitale Souver\u00e4nit\u00e4t"}]},{"@type":"WebSite","@id":"https:\/\/www.polyas.de\/blog\/#website","url":"https:\/\/www.polyas.de\/blog\/","name":"POLYAS","description":"the blog for secure online voting","potentialAction":[{"@type":"SearchAction","target":{"@type":"EntryPoint","urlTemplate":"https:\/\/www.polyas.de\/blog\/?s={search_term_string}"},"query-input":"required name=search_term_string"}],"inLanguage":"de-DE"},{"@type":"Person","@id":"https:\/\/www.polyas.de\/blog\/#\/schema\/person\/3a108e5248b3998c0219f9ff4406ba8a","name":"Laila Oudray","image":{"@type":"ImageObject","inLanguage":"de-DE","@id":"https:\/\/www.polyas.de\/blog\/#\/schema\/person\/image\/","url":"https:\/\/secure.gravatar.com\/avatar\/494f68c63930bd25d02b8df8a6dbded8?s=96&d=mm&r=g","contentUrl":"https:\/\/secure.gravatar.com\/avatar\/494f68c63930bd25d02b8df8a6dbded8?s=96&d=mm&r=g","caption":"Laila Oudray"},"description":"Um die Welt zu gestalten und zu verbessern, ben\u00f6tigt man Informationen. Ich habe es mir zur Aufgabe gemacht, diese Informationen zu recherchieren und hoffentlich unterhaltsam aufzubereiten. Wenn ich nicht gerade das World Wide Web f\u00fcr die interessantesten Themen durchforste, lebe ich meine musikalische Seite aus und singe (wie man mir sagt, auch gar nicht so schlecht). Seit April arbeite ich bei Polyas. Hier bin ich f\u00fcr die Pressearbeit zust\u00e4ndig und schreibe Blogartikel.","sameAs":["http:\/\/www.polyas.de"],"url":"https:\/\/www.polyas.de\/blog\/author\/l-oudray"}]}},"jetpack_featured_media_url":"https:\/\/www.polyas.de\/blog\/wp-content\/uploads\/2016\/06\/Andreas-Dewes_digitale_Souvera--nita--t.jpg","jetpack_publicize_connections":[],"jetpack_shortlink":"https:\/\/wp.me\/p72Pnr-J4","jetpack-related-posts":[{"id":2713,"url":"https:\/\/www.polyas.de\/blog\/de\/digital-news\/digitale-souveraenitaet-eine-bestandaufnahme","url_meta":{"origin":2794,"position":0},"title":"Digitale Souver\u00e4nit\u00e4t \u2013 Eine Bestandsaufnahme","date":"17\/05\/2016","format":false,"excerpt":"Nach der Debatte um die Vorratsdatenspeicherung sind viele Leute f\u00fcr das Thema IT-Sicherheit sensibilisiert. Der Ruf nach einem Gesetz zur digitalen Souver\u00e4nit\u00e4t ist laut. Doch wie viel digitale Souver\u00e4nit\u00e4t ist machbar, was ist sinnvoll?\u00a0Welche Chancen ergeben sich aus einer gesetzlichen Grundlage f\u00fcr digitale Souver\u00e4nit\u00e4t? Was bedeutet Digitale Souver\u00e4nit\u00e4t Digitale Souver\u00e4nit\u00e4t\u2026","rel":"","context":"In &quot;Digital News&quot;","img":{"alt_text":"","src":"https:\/\/i0.wp.com\/www.polyas.de\/blog\/wp-content\/uploads\/2016\/03\/Digital-News-2.png?resize=350%2C200&ssl=1","width":350,"height":200},"classes":[]},{"id":2031,"url":"https:\/\/www.polyas.de\/blog\/de\/allgemein-de\/wie-werden-daten-im-internet-genutzt","url_meta":{"origin":2794,"position":1},"title":"Wie werden Daten im Internet genutzt?","date":"02\/03\/2016","format":false,"excerpt":"\u201eDie wollen nur an deine Daten!\u201d Diesen Satz haben Sie sicher schon mal geh\u00f6rt. Doch was passiert eigentlich mit den Daten, die im Netz so gesammelt werden? Was machen \u201edie\u201c damit \u2013 und wer sind \u201edie\u201c \u00fcberhaupt? Richtig ist: Wenn man f\u00fcr einen Online-Dienst nichts zahlen muss, bezahlt man in\u2026","rel":"","context":"In &quot;Digitalisierung&quot;","img":{"alt_text":"","src":"https:\/\/i0.wp.com\/www.polyas.de\/blog\/wp-content\/uploads\/2015\/12\/Blogvorlagen_serie.png?resize=350%2C200&ssl=1","width":350,"height":200},"classes":[]},{"id":6162,"url":"https:\/\/www.polyas.de\/blog\/de\/digital-news\/eu-datenschutz-buerger","url_meta":{"origin":2794,"position":2},"title":"EU-Datenschutz: Das \u00e4ndert die Grundverordnung 2018 f\u00fcr B\u00fcrger","date":"04\/01\/2018","format":false,"excerpt":"Weniger als ein halbes Jahr bleibt, dann tritt die EU-Datenschutz-Grundverordnung am 25. Mai in Kraft. Dadurch ergeben sich f\u00fcr EU-B\u00fcrger einige \u00c4nderungen: Sie sollen mehr Kontrolle \u00fcber die eigenen Daten bekommen. Grundverordnung beinhaltet \u201eRecht auf Vergessen\u201c F\u00fcr Unternehmen, Beh\u00f6rden und andere Organisationen, die personenbezogene Daten speichern, ist die neue Grundverordnung\u2026","rel":"","context":"In &quot;Digital News&quot;","img":{"alt_text":"Die EU-Datenschutz-Grundverordnung bringt einige Datenschutz\u00e4nderung f\u00fcr Nutzer und Unternehmen","src":"https:\/\/i0.wp.com\/www.polyas.de\/blog\/wp-content\/uploads\/2017\/11\/Datenschutzgrundverordnung-Bild.jpg?resize=350%2C200&ssl=1","width":350,"height":200},"classes":[]},{"id":2025,"url":"https:\/\/www.polyas.de\/blog\/de\/allgemein-de\/2025","url_meta":{"origin":2794,"position":3},"title":"\"Ich bin \u00fcberzeugt, dass wir\u2026","date":"18\/02\/2016","format":"quote","excerpt":"\"Ich bin \u00fcberzeugt, dass wir unsere digitale Zukunft selbst definieren wollen und k\u00f6nnen.\" Sigmar Gabriel, Bundesminister f\u00fcr Wirtschaft und Energie","rel":"","context":"In &quot;\u00dcber POLYAS&quot;","img":{"alt_text":"","src":"","width":0,"height":0},"classes":[]},{"id":7627,"url":"https:\/\/www.polyas.de\/blog\/de\/allgemein-de\/datenschutz-an-hochschulen","url_meta":{"origin":2794,"position":4},"title":"So gew\u00e4hrleistet POLYAS den Datenschutz an Hochschulen","date":"14\/11\/2019","format":false,"excerpt":"Der Umgang mit personenbezogenen Daten an Hochschulen hat in Zeiten der Digitalisierung seine ganz eigenen Herausforderungen. Ein besonders sensibles Thema sind Hochschulwahlen, egal ob analog oder online. Wie POLYAS den Datenschutz an Hochschulen bei Online-Wahlen gew\u00e4hrleistet, erfahren Sie in diesem Beitrag. EU-Datenschutzgrundverordnung \u2013 auch f\u00fcr Unis Hochschulen sind Wissenschafts- und\u2026","rel":"","context":"In &quot;Digitale Demokratie&quot;","img":{"alt_text":"Online-Wahlen: Datenschutz an Hochschulen","src":"https:\/\/i0.wp.com\/www.polyas.de\/blog\/wp-content\/uploads\/2019\/11\/Datenschutz-an-Hochschulen.jpg?resize=350%2C200&ssl=1","width":350,"height":200},"classes":[]},{"id":6520,"url":"https:\/\/www.polyas.de\/blog\/de\/allgemein-de\/personenbezogene-daten-schuetzen","url_meta":{"origin":2794,"position":5},"title":"Personenbezogene Daten und DSGVO: Mit POLYAS w\u00e4hlen Sie anonym","date":"11\/04\/2018","format":false,"excerpt":"Personenbezogene Daten zu sch\u00fctzen - das ist das Ziel der neuen EU-Datenschutzgrundverordnung (DSGVO). Am 25. Mai tritt sie in Kraft, und viele Unternehmen arbeiten immer noch an der Umsetzung. POLYAS ist jedoch vorbereitet \u2013 dank anonymisierter W\u00e4hlerverzeichnisse. Personenbezogene Daten: Weitergabe vermeiden Zwei Jahre hatte die EU Unternehmen, Vereinen und anderen\u2026","rel":"","context":"In &quot;\u00dcber POLYAS&quot;","img":{"alt_text":"POLYAS behandelt personenbezogene Daten gem\u00e4\u00df der DSGVO","src":"https:\/\/i0.wp.com\/www.polyas.de\/blog\/wp-content\/uploads\/2018\/04\/DSGVO-Polyas.jpg?resize=350%2C200&ssl=1","width":350,"height":200},"classes":[]}],"_links":{"self":[{"href":"https:\/\/www.polyas.de\/blog\/wp-json\/wp\/v2\/posts\/2794"}],"collection":[{"href":"https:\/\/www.polyas.de\/blog\/wp-json\/wp\/v2\/posts"}],"about":[{"href":"https:\/\/www.polyas.de\/blog\/wp-json\/wp\/v2\/types\/post"}],"author":[{"embeddable":true,"href":"https:\/\/www.polyas.de\/blog\/wp-json\/wp\/v2\/users\/267"}],"replies":[{"embeddable":true,"href":"https:\/\/www.polyas.de\/blog\/wp-json\/wp\/v2\/comments?post=2794"}],"version-history":[{"count":6,"href":"https:\/\/www.polyas.de\/blog\/wp-json\/wp\/v2\/posts\/2794\/revisions"}],"predecessor-version":[{"id":2833,"href":"https:\/\/www.polyas.de\/blog\/wp-json\/wp\/v2\/posts\/2794\/revisions\/2833"}],"wp:featuredmedia":[{"embeddable":true,"href":"https:\/\/www.polyas.de\/blog\/wp-json\/wp\/v2\/media\/2828"}],"wp:attachment":[{"href":"https:\/\/www.polyas.de\/blog\/wp-json\/wp\/v2\/media?parent=2794"}],"wp:term":[{"taxonomy":"category","embeddable":true,"href":"https:\/\/www.polyas.de\/blog\/wp-json\/wp\/v2\/categories?post=2794"},{"taxonomy":"post_tag","embeddable":true,"href":"https:\/\/www.polyas.de\/blog\/wp-json\/wp\/v2\/tags?post=2794"}],"curies":[{"name":"wp","href":"https:\/\/api.w.org\/{rel}","templated":true}]}}