{"id":2656,"date":"2016-05-11T10:04:44","date_gmt":"2016-05-11T08:04:44","guid":{"rendered":"https:\/\/www.polyas.de\/blog\/?p=2656"},"modified":"2016-09-16T15:23:47","modified_gmt":"2016-09-16T13:23:47","slug":"kandidatencheck-die-demokraten","status":"publish","type":"post","link":"https:\/\/www.polyas.de\/blog\/de\/online-wahlen\/kandidatencheck-die-demokraten","title":{"rendered":"Kandidatencheck &#8211; Die Demokraten"},"content":{"rendered":"<p>Im Kampf um den Sitz im Wei\u00dfen Haus sind derzeit noch f\u00fcnf\u00a0Kandidaten. Zwei von ihnen k\u00e4mpfen um die Nominierung der Demokratischen Partei. Welcher Kandidat\u00a0will was und warum? Wir verraten es Ihnen!<!--more--><\/p>\n<p>Die aktuelle Spitzenreiterin in den Vorwahlen ist Hillary Clinton, sie hat bereits Erfahrung mit dem Leben im Wei\u00dfen Haus. Doch auch Bernie Sanders ist ein gewiefter Stratege und wei\u00df die Medien gekonnt einzusetzen.<\/p>\n<h3>Die Demokraten<\/h3>\n<p>Die Demokratische Partei gr\u00fcndete sich 1828 in den USA. Sie ist heute eher links orientiert, war fr\u00fcher aber die konservative Partei der Vereinigten Staaten von Amerika. Die Demokratische Partei ist die \u00e4lteste noch bestehende Partei der Welt. Die Umorientierung nach links erfolgte nach einem Parteitag im Jahr 1948, in dessen Folge viele S\u00fcdstaatler, die f\u00fcr die Rassentrennung waren, die Partei verlie\u00dfen. Das Wappentier der Demokraten ist ein Esel, die Parteifarbe ist blau.<\/p>\n<p><strong>Bernie Sanders \u2013 Der Hoffnungsvolle<\/strong><\/p>\n<p>Ist seit 2007 der Senator von Vermont und wurde schon zum besten B\u00fcrgermeister gek\u00fcrt. Au\u00dferdem war er bis 2007 ein unabh\u00e4ngiges Mitglied des Repr\u00e4sentantenhauses. Obwohl er bereits im April seine Kandidatur f\u00fcr das Amt des Pr\u00e4sidenten bekanntgegeben hatte, trat er erst im November 2015 der demokratischen Partei bei.<br \/>\nEr bef\u00fcrwortet die von Obama eingef\u00fchrte Krankenversicherung, fordert sogar eine B\u00fcrgerversicherung, kritisiert den Partiot ACT als menschenrechtsverletzend und will die Studiengeb\u00fchren abschaffen. Bernie Sanders fordert au\u00dferdem die Erh\u00f6hung der Renten, eine Verbesserung der Kinderbetreuung und spricht sich gegen TTIP aus.<br \/>\nAllgemein gesprochen steht der Senator f\u00fcr eine St\u00e4rkung der Mittelschicht. Mit seinen Zielen spricht Sanders vor allem junge Akademiker an. Deshalb betreibt er seinen Wahlkampf vor allem in den Sozialen Medien. Das ist geschickt, denn mit dieser Strategie erreicht er viele W\u00e4hler.<br \/>\nInteressant ist, dass Sanders zwar eigentlich im sozialdemokratischen Spektrum anzusiedeln ist, aber f\u00fcr eine Lockerung der Waffengesetze steht.<br \/>\nSanders finanziert seinen Wahlkampf zu einem gro\u00dfen Teil durch private Spenden. Er wird aber auch von einigen bekannten Stars, wie Macklemore, Susan Sarandon, David Lynch und Michael Moore unterst\u00fctzt.<br \/>\nSanders w\u00fcrde momentan die Stimmen von 1365 Delegierten und 39 Superdelegierten erhalten. Doch obwohl es momentan so aussieht als k\u00f6nnte Sanders Hillary Clinton nicht mehr einholen, glaubt der selbsternannte Sozialist an seine Chance. So sagte er der Nachrichtenagentur AP im Interview: \u201eWir sind in den letzten elf Monaten einen weiten Weg gegangen, und wir werden das durchziehen bis zum Ende des Prozesses.\u201c<\/p>\n<p><a href=\"https:\/\/www.polyas.de\/blog\/wp-content\/uploads\/2016\/05\/6262191224_0a9be866cf_o.jpg\"><img data-attachment-id=\"2657\" data-permalink=\"https:\/\/www.polyas.de\/blog\/de\/online-wahlen\/kandidatencheck-die-demokraten\/attachment\/6262191224_0a9be866cf_o\" data-orig-file=\"https:\/\/www.polyas.de\/blog\/wp-content\/uploads\/2016\/05\/6262191224_0a9be866cf_o.jpg\" data-orig-size=\"1650,1650\" data-comments-opened=\"1\" data-image-meta=\"{&quot;aperture&quot;:&quot;0&quot;,&quot;credit&quot;:&quot;&quot;,&quot;camera&quot;:&quot;&quot;,&quot;caption&quot;:&quot;&quot;,&quot;created_timestamp&quot;:&quot;0&quot;,&quot;copyright&quot;:&quot;&quot;,&quot;focal_length&quot;:&quot;0&quot;,&quot;iso&quot;:&quot;0&quot;,&quot;shutter_speed&quot;:&quot;0&quot;,&quot;title&quot;:&quot;&quot;,&quot;orientation&quot;:&quot;0&quot;}\" data-image-title=\"Demokraten Logo\" data-image-description=\"\" data-image-caption=\"&lt;p&gt;Das Logo der US-Demokraten&lt;\/p&gt;\n\" data-medium-file=\"https:\/\/www.polyas.de\/blog\/wp-content\/uploads\/2016\/05\/6262191224_0a9be866cf_o-300x300.jpg\" data-large-file=\"https:\/\/www.polyas.de\/blog\/wp-content\/uploads\/2016\/05\/6262191224_0a9be866cf_o-1024x1024.jpg\" loading=\"lazy\" class=\"alignleft wp-image-2657 size-medium\" src=\"https:\/\/www.polyas.de\/blog\/wp-content\/uploads\/2016\/05\/6262191224_0a9be866cf_o-300x300.jpg\" alt=\"Ein Esel, das Logo der Demokraten in den USA\" width=\"300\" height=\"300\" srcset=\"https:\/\/www.polyas.de\/blog\/wp-content\/uploads\/2016\/05\/6262191224_0a9be866cf_o-300x300.jpg 300w, https:\/\/www.polyas.de\/blog\/wp-content\/uploads\/2016\/05\/6262191224_0a9be866cf_o-150x150.jpg 150w, https:\/\/www.polyas.de\/blog\/wp-content\/uploads\/2016\/05\/6262191224_0a9be866cf_o-768x768.jpg 768w, https:\/\/www.polyas.de\/blog\/wp-content\/uploads\/2016\/05\/6262191224_0a9be866cf_o-1024x1024.jpg 1024w, https:\/\/www.polyas.de\/blog\/wp-content\/uploads\/2016\/05\/6262191224_0a9be866cf_o-500x500.jpg 500w, https:\/\/www.polyas.de\/blog\/wp-content\/uploads\/2016\/05\/6262191224_0a9be866cf_o.jpg 1650w\" sizes=\"(max-width: 300px) 100vw, 300px\" \/><\/a><\/p>\n<p><strong>Hillary Clinton \u2013 Der\u00a0Pitbull<\/strong><\/p>\n<p>Im Rennen um die Nominierung ihrer Partei zur Pr\u00e4sidentschaftskandidatin liegt die ehemalige First Lady weit vor dem Senator aus Vermont. Die Gattin von Bill Clinton war schon Au\u00dfenministerin unter Barack Obama und sa\u00df f\u00fcr New York im US-Senat. Die diesj\u00e4hrige Kandidatur ist aber nicht ihr erster Versuch. Bereits 2008 kandidierte die stets distanziert wirkende Clinton und unterlag Obama in den Vorwahlen. Hillary Clinton w\u00e4re die erste Frau, die in den West Wing des Wei\u00dfen Hauses einziehen w\u00fcrde.<br \/>\nSie selbst sagte einmal \u00fcber sich sie sei \u201edem Verstand nach konservativ, aber im Herzen linksliberal\u201c. Diese Erkenntnis gab den Ausschlag ihres Wechsels von den Republikanern zu den Demokraten.<br \/>\nIhren Wahlkampf konzentriert die 68j\u00e4hrige vor allem auf die Abgrenzung zu den Republikanern. Sie setzt sich f\u00fcr die Rechte von Minderheiten, vor allem auch Frauen ein. So lie\u00df sie zum Beispiel k\u00fcrzlich verlautbaren, dass sie die H\u00e4lfte ihres Kabinetts mit Frauen besetzen wolle, wenn sie\u00a0die Wahl gewinnt. Denn Clinton will ein Kabinett, das Amerika widerspiegelt und 50% der Amerikaner seien weiblich. Die studierte Rechtsanw\u00e4ltin setzt sich in ihrem Wahlprogramm auch f\u00fcr strengere Waffengesetze, eine umfassende staatliche Krankenversicherung, mehr Diplomatie in der Au\u00dfenpolitk, Steuererh\u00f6hungen f\u00fcr Gutverdienende, bessere Bildungschancen, den Klimaschutz und eine automatisierte W\u00e4hlerregistrierung ein. Laut Umfragen w\u00fcrden die Deutschen \u00fcbrigens Hillary Clinton w\u00e4hlen, wenn sie am 8. November zur Wahl aufgerufen w\u00e4ren.<br \/>\nEine Unterst\u00fctzerin Clintons sagte \u00fcber sie:<br \/>\n\u201eHillary ist diese Art von Politikerin, die man vorsichtig formuliert einen Pitbull nennen k\u00f6nnte \u2013 sie tut und macht, bis etwas erledigt ist.\u201c \u2013 Trisha Bolton<br \/>\nClinton darf derzeit auf die Unterst\u00fctzung von 1662 Delegierten plus 520 Superdelegierten hoffen.<br \/>\nMomentan sieht es so aus, als w\u00fcrde Hillary Clinton die Nominierung bereits im ersten Wahlgang f\u00fcr sich verbuchen, aber auch Bernie Sanders kann noch aufholen. Er wechselte erst k\u00fcrzlich seine Wahlkampfstrategie, um sich vor allem auf die gro\u00dfen Bundesstaaten konzentrieren zu k\u00f6nnen.\u00a0Wer wohl im Juli ins\u00a0Rennen um das Oval Office zieht?<\/p>\n<p>Auch die Republikaner bieten im Kampf um die Nominierung eine gute Show. <a href=\"https:\/\/www.polyas.de\/blog\/de\/online-wahlen\/der-kandidatencheck-die-republikaner\">Lesen Sie hier, welche Kandidaten noch hoffen d\u00fcrfen!<\/a><\/p>\n","protected":false},"excerpt":{"rendered":"<p>Im Kampf um den Sitz im Wei\u00dfen Haus sind derzeit noch f\u00fcnf\u00a0Kandidaten. Zwei von ihnen k\u00e4mpfen um die Nominierung der Demokratischen Partei. Welcher Kandidat\u00a0will was und warum? Wir verraten es Ihnen!<\/p>\n","protected":false},"author":266,"featured_media":2634,"comment_status":"open","ping_status":"open","sticky":false,"template":"","format":"standard","meta":{"_eb_attr":"","ub_ctt_via":"","spay_email":"","jetpack_publicize_message":"","jetpack_is_tweetstorm":false,"jetpack_publicize_feature_enabled":true},"categories":[8],"tags":[614,660,373],"featured_image_src":"https:\/\/www.polyas.de\/blog\/wp-content\/uploads\/2016\/04\/Pra--sidentschaftswahl_USA.png","author_info":{"display_name":"Elisa Utterodt","author_link":"https:\/\/www.polyas.de\/blog\/author\/e-utterodt"},"yoast_head":"<!-- This site is optimized with the Yoast SEO plugin v19.9 - https:\/\/yoast.com\/wordpress\/plugins\/seo\/ -->\n<title>Kandidatencheck - Die Demokraten - POLYAS<\/title>\n<meta name=\"description\" content=\"Zwei Kandidaten k\u00e4mpfen um die Nominierung zum Pr\u00e4sidentschaftskandidaten der Demokratischen Partei. Wir stellen Sie hier vor.\" \/>\n<meta name=\"robots\" content=\"index, follow, max-snippet:-1, max-image-preview:large, max-video-preview:-1\" \/>\n<link rel=\"canonical\" href=\"https:\/\/www.polyas.de\/blog\/de\/online-wahlen\/kandidatencheck-die-demokraten\" \/>\n<meta property=\"og:locale\" content=\"de_DE\" \/>\n<meta property=\"og:type\" content=\"article\" \/>\n<meta property=\"og:title\" content=\"Kandidatencheck - Die Demokraten - POLYAS\" \/>\n<meta property=\"og:description\" content=\"Zwei Kandidaten k\u00e4mpfen um die Nominierung zum Pr\u00e4sidentschaftskandidaten der Demokratischen Partei. Wir stellen Sie hier vor.\" \/>\n<meta property=\"og:url\" content=\"https:\/\/www.polyas.de\/blog\/de\/online-wahlen\/kandidatencheck-die-demokraten\" \/>\n<meta property=\"og:site_name\" content=\"POLYAS\" \/>\n<meta property=\"article:published_time\" content=\"2016-05-11T08:04:44+00:00\" \/>\n<meta property=\"article:modified_time\" content=\"2016-09-16T13:23:47+00:00\" \/>\n<meta property=\"og:image\" content=\"https:\/\/i0.wp.com\/www.polyas.de\/blog\/wp-content\/uploads\/2016\/04\/Pra--sidentschaftswahl_USA.png?fit=889%2C413&ssl=1\" \/>\n\t<meta property=\"og:image:width\" content=\"889\" \/>\n\t<meta property=\"og:image:height\" content=\"413\" \/>\n\t<meta property=\"og:image:type\" content=\"image\/png\" \/>\n<meta name=\"author\" content=\"Elisa Utterodt\" \/>\n<meta name=\"twitter:card\" content=\"summary_large_image\" \/>\n<meta name=\"twitter:label1\" content=\"Verfasst von\" \/>\n\t<meta name=\"twitter:data1\" content=\"Elisa Utterodt\" \/>\n\t<meta name=\"twitter:label2\" content=\"Gesch\u00e4tzte Lesezeit\" \/>\n\t<meta name=\"twitter:data2\" content=\"4 Minuten\" \/>\n<script type=\"application\/ld+json\" class=\"yoast-schema-graph\">{\"@context\":\"https:\/\/schema.org\",\"@graph\":[{\"@type\":\"WebPage\",\"@id\":\"https:\/\/www.polyas.de\/blog\/de\/online-wahlen\/kandidatencheck-die-demokraten\",\"url\":\"https:\/\/www.polyas.de\/blog\/de\/online-wahlen\/kandidatencheck-die-demokraten\",\"name\":\"Kandidatencheck - Die Demokraten - POLYAS\",\"isPartOf\":{\"@id\":\"https:\/\/www.polyas.de\/blog\/#website\"},\"datePublished\":\"2016-05-11T08:04:44+00:00\",\"dateModified\":\"2016-09-16T13:23:47+00:00\",\"author\":{\"@id\":\"https:\/\/www.polyas.de\/blog\/#\/schema\/person\/d3b137ca4a3ac64e5529b95494ecdfb7\"},\"description\":\"Zwei Kandidaten k\u00e4mpfen um die Nominierung zum Pr\u00e4sidentschaftskandidaten der Demokratischen Partei. Wir stellen Sie hier vor.\",\"breadcrumb\":{\"@id\":\"https:\/\/www.polyas.de\/blog\/de\/online-wahlen\/kandidatencheck-die-demokraten#breadcrumb\"},\"inLanguage\":\"de-DE\",\"potentialAction\":[{\"@type\":\"ReadAction\",\"target\":[\"https:\/\/www.polyas.de\/blog\/de\/online-wahlen\/kandidatencheck-die-demokraten\"]}]},{\"@type\":\"BreadcrumbList\",\"@id\":\"https:\/\/www.polyas.de\/blog\/de\/online-wahlen\/kandidatencheck-die-demokraten#breadcrumb\",\"itemListElement\":[{\"@type\":\"ListItem\",\"position\":1,\"name\":\"Startseite\",\"item\":\"https:\/\/www.polyas.de\/blog\/de\"},{\"@type\":\"ListItem\",\"position\":2,\"name\":\"Kandidatencheck &#8211; Die Demokraten\"}]},{\"@type\":\"WebSite\",\"@id\":\"https:\/\/www.polyas.de\/blog\/#website\",\"url\":\"https:\/\/www.polyas.de\/blog\/\",\"name\":\"POLYAS\",\"description\":\"the blog for secure online voting\",\"potentialAction\":[{\"@type\":\"SearchAction\",\"target\":{\"@type\":\"EntryPoint\",\"urlTemplate\":\"https:\/\/www.polyas.de\/blog\/?s={search_term_string}\"},\"query-input\":\"required name=search_term_string\"}],\"inLanguage\":\"de-DE\"},{\"@type\":\"Person\",\"@id\":\"https:\/\/www.polyas.de\/blog\/#\/schema\/person\/d3b137ca4a3ac64e5529b95494ecdfb7\",\"name\":\"Elisa Utterodt\",\"image\":{\"@type\":\"ImageObject\",\"inLanguage\":\"de-DE\",\"@id\":\"https:\/\/www.polyas.de\/blog\/#\/schema\/person\/image\/\",\"url\":\"https:\/\/secure.gravatar.com\/avatar\/cf7a59b9c85a71b6e6a938c051dd6eec?s=96&d=mm&r=g\",\"contentUrl\":\"https:\/\/secure.gravatar.com\/avatar\/cf7a59b9c85a71b6e6a938c051dd6eec?s=96&d=mm&r=g\",\"caption\":\"Elisa Utterodt\"},\"description\":\"Egal ob in \u00d6sterreich, Syrien oder den USA, politische Entscheidungen und Demokratie sind f\u00fcr mich nicht nur in Deutschland von Belang. Vor allem der Einfluss der Digitalisierung auf Kultur und Gesellschaft ist f\u00fcr mich ein spannendes wie aktuelles Thema, \u00fcber das ich gerne berichte. Wenn ich nicht gerade Zeitung lese oder meine Twittertimeline checke, schaue ich mir zur Entspannung Bundestagsdebatten im Fernsehen an. Seit M\u00e4rz dieses Jahres bin ich bei Polyas f\u00fcr die Pflege der Social Media Kan\u00e4le zust\u00e4ndig, schreibe Blogartikel und unterst\u00fctze das Online-Marketing-Team.\",\"sameAs\":[\"http:\/\/www.polyas.de\"],\"url\":\"https:\/\/www.polyas.de\/blog\/author\/e-utterodt\"}]}<\/script>\n<!-- \/ Yoast SEO plugin. -->","yoast_head_json":{"title":"Kandidatencheck - Die Demokraten - POLYAS","description":"Zwei Kandidaten k\u00e4mpfen um die Nominierung zum Pr\u00e4sidentschaftskandidaten der Demokratischen Partei. Wir stellen Sie hier vor.","robots":{"index":"index","follow":"follow","max-snippet":"max-snippet:-1","max-image-preview":"max-image-preview:large","max-video-preview":"max-video-preview:-1"},"canonical":"https:\/\/www.polyas.de\/blog\/de\/online-wahlen\/kandidatencheck-die-demokraten","og_locale":"de_DE","og_type":"article","og_title":"Kandidatencheck - Die Demokraten - POLYAS","og_description":"Zwei Kandidaten k\u00e4mpfen um die Nominierung zum Pr\u00e4sidentschaftskandidaten der Demokratischen Partei. Wir stellen Sie hier vor.","og_url":"https:\/\/www.polyas.de\/blog\/de\/online-wahlen\/kandidatencheck-die-demokraten","og_site_name":"POLYAS","article_published_time":"2016-05-11T08:04:44+00:00","article_modified_time":"2016-09-16T13:23:47+00:00","og_image":[{"width":889,"height":413,"url":"https:\/\/i0.wp.com\/www.polyas.de\/blog\/wp-content\/uploads\/2016\/04\/Pra--sidentschaftswahl_USA.png?fit=889%2C413&ssl=1","type":"image\/png"}],"author":"Elisa Utterodt","twitter_card":"summary_large_image","twitter_misc":{"Verfasst von":"Elisa Utterodt","Gesch\u00e4tzte Lesezeit":"4 Minuten"},"schema":{"@context":"https:\/\/schema.org","@graph":[{"@type":"WebPage","@id":"https:\/\/www.polyas.de\/blog\/de\/online-wahlen\/kandidatencheck-die-demokraten","url":"https:\/\/www.polyas.de\/blog\/de\/online-wahlen\/kandidatencheck-die-demokraten","name":"Kandidatencheck - Die Demokraten - POLYAS","isPartOf":{"@id":"https:\/\/www.polyas.de\/blog\/#website"},"datePublished":"2016-05-11T08:04:44+00:00","dateModified":"2016-09-16T13:23:47+00:00","author":{"@id":"https:\/\/www.polyas.de\/blog\/#\/schema\/person\/d3b137ca4a3ac64e5529b95494ecdfb7"},"description":"Zwei Kandidaten k\u00e4mpfen um die Nominierung zum Pr\u00e4sidentschaftskandidaten der Demokratischen Partei. Wir stellen Sie hier vor.","breadcrumb":{"@id":"https:\/\/www.polyas.de\/blog\/de\/online-wahlen\/kandidatencheck-die-demokraten#breadcrumb"},"inLanguage":"de-DE","potentialAction":[{"@type":"ReadAction","target":["https:\/\/www.polyas.de\/blog\/de\/online-wahlen\/kandidatencheck-die-demokraten"]}]},{"@type":"BreadcrumbList","@id":"https:\/\/www.polyas.de\/blog\/de\/online-wahlen\/kandidatencheck-die-demokraten#breadcrumb","itemListElement":[{"@type":"ListItem","position":1,"name":"Startseite","item":"https:\/\/www.polyas.de\/blog\/de"},{"@type":"ListItem","position":2,"name":"Kandidatencheck &#8211; Die Demokraten"}]},{"@type":"WebSite","@id":"https:\/\/www.polyas.de\/blog\/#website","url":"https:\/\/www.polyas.de\/blog\/","name":"POLYAS","description":"the blog for secure online voting","potentialAction":[{"@type":"SearchAction","target":{"@type":"EntryPoint","urlTemplate":"https:\/\/www.polyas.de\/blog\/?s={search_term_string}"},"query-input":"required name=search_term_string"}],"inLanguage":"de-DE"},{"@type":"Person","@id":"https:\/\/www.polyas.de\/blog\/#\/schema\/person\/d3b137ca4a3ac64e5529b95494ecdfb7","name":"Elisa Utterodt","image":{"@type":"ImageObject","inLanguage":"de-DE","@id":"https:\/\/www.polyas.de\/blog\/#\/schema\/person\/image\/","url":"https:\/\/secure.gravatar.com\/avatar\/cf7a59b9c85a71b6e6a938c051dd6eec?s=96&d=mm&r=g","contentUrl":"https:\/\/secure.gravatar.com\/avatar\/cf7a59b9c85a71b6e6a938c051dd6eec?s=96&d=mm&r=g","caption":"Elisa Utterodt"},"description":"Egal ob in \u00d6sterreich, Syrien oder den USA, politische Entscheidungen und Demokratie sind f\u00fcr mich nicht nur in Deutschland von Belang. Vor allem der Einfluss der Digitalisierung auf Kultur und Gesellschaft ist f\u00fcr mich ein spannendes wie aktuelles Thema, \u00fcber das ich gerne berichte. Wenn ich nicht gerade Zeitung lese oder meine Twittertimeline checke, schaue ich mir zur Entspannung Bundestagsdebatten im Fernsehen an. Seit M\u00e4rz dieses Jahres bin ich bei Polyas f\u00fcr die Pflege der Social Media Kan\u00e4le zust\u00e4ndig, schreibe Blogartikel und unterst\u00fctze das Online-Marketing-Team.","sameAs":["http:\/\/www.polyas.de"],"url":"https:\/\/www.polyas.de\/blog\/author\/e-utterodt"}]}},"jetpack_featured_media_url":"https:\/\/www.polyas.de\/blog\/wp-content\/uploads\/2016\/04\/Pra--sidentschaftswahl_USA.png","jetpack_publicize_connections":[],"jetpack_shortlink":"https:\/\/wp.me\/p72Pnr-GQ","jetpack-related-posts":[{"id":2609,"url":"https:\/\/www.polyas.de\/blog\/de\/online-wahlen\/das-wahlsystem-der-usa-oder-so-werden-sie-us-praesident","url_meta":{"origin":2656,"position":0},"title":"Das Wahlsystem der USA oder: So werden Sie US-Pr\u00e4sident","date":"27\/04\/2016","format":false,"excerpt":"Er gilt als der m\u00e4chtigste Mann der Welt: Der Pr\u00e4sident der USA.\u00a0Wer hat nicht schon mal davon getr\u00e4umt, so viel Macht zu besitzen und durch sein Handeln die Welt zu ver\u00e4ndern? Vielleicht wird Ihr Traum ja bald Wirklichkeit! So werden\u00a0Sie der neue amerikanische Pr\u00e4sident in 10 einfachen Schritten. 1. Werden\u2026","rel":"","context":"In &quot;Wahl News&quot;","img":{"alt_text":"Trump hat gewonnen. Warum?","src":"https:\/\/i0.wp.com\/www.polyas.de\/blog\/wp-content\/uploads\/2016\/04\/Pra--sidentschaftswahl_USA.png?resize=350%2C200&ssl=1","width":350,"height":200},"classes":[]},{"id":1939,"url":"https:\/\/www.polyas.de\/blog\/de\/online-wahlen\/wahlnews-ein-wahl-vor-der-wahl","url_meta":{"origin":2656,"position":1},"title":"#WahlNews: Ein Wahl vor der Wahl","date":"01\/02\/2016","format":false,"excerpt":"01.02.16: Heute mal montags. Wieder ist ein Sonntag rum, doch diesmal entscheidet sich am nicht so traditionellen Wahl-Montag die politische Aufstellung in der Pr\u00e4sidentschaftswahl bei den Nachbarn \u00fcber dem gro\u00dfen Teich. #CaucusDay #Iowa #USElections2016 Die Pr\u00e4sidentschaftswahl in die Vereinigten Staaten ist ein Wahl-Monstrum, was seinesgleichen sucht. Schon Monate bevor die\u2026","rel":"","context":"In &quot;Wahl News&quot;","img":{"alt_text":"Eine w\u00f6chentliche Zusammenfassung der wichtigsten News aus der Welt der Wahlen. Wahlbeteiligung, Wahlergebnisse und politische Zusammenh\u00e4nge!","src":"https:\/\/i0.wp.com\/www.polyas.de\/blog\/wp-content\/uploads\/2015\/11\/Blogvorlagen_Wahlnews2.png?resize=350%2C200&ssl=1","width":350,"height":200},"classes":[]},{"id":3528,"url":"https:\/\/www.polyas.de\/blog\/de\/online-wahlen\/wahlnews-parlamentswahlen-litauen","url_meta":{"origin":2656,"position":2},"title":"Politischer Neustart nach den Parlamentswahlen in Litauen","date":"24\/10\/2016","format":false,"excerpt":"#WahlNews am 24.10.2016: In Litauen wurde am gestrigen Sonntag ein neues Parlament gew\u00e4hlt. Der Wahlausgang \u00fcberrascht, denn Sieger ist eine Kleinpartei, die 2012 noch an der F\u00fcnfprozenth\u00fcrde scheiterte. Ergebnisse der Parlamentswahlen im \u00dcberblick 2,5 Millionen Wahlberechtigte waren am 23.10. zur Wahl des neuen Parlaments aufgerufen Die Wahlbeteiligung lag bei 37,9%\u2026","rel":"","context":"In &quot;Wahl News&quot;","img":{"alt_text":"In Spanien und der Schweiz wurde abgestimmt","src":"https:\/\/i0.wp.com\/www.polyas.de\/blog\/wp-content\/uploads\/2016\/03\/Wahl-News.png?resize=350%2C200&ssl=1","width":350,"height":200},"classes":[]},{"id":6823,"url":"https:\/\/www.polyas.de\/blog\/de\/online-wahlen\/usa-midterm-elections","url_meta":{"origin":2656,"position":3},"title":"Midterm Elections in den USA: Darum geht es bei der Wahl","date":"25\/10\/2018","format":false,"excerpt":"Bei den Midterm Elections am 6. November w\u00e4hlen die USA einen neuen Kongress. Verlieren die Republikaner eine der beiden Kammern, wird Donald Trump es schwer haben, neue Gesetze zu verabschieden. Lesen Sie jetzt, was genau gew\u00e4hlt wird und wie die Chancen der zwei Parteien stehen. Dank Kongress konnte Trump durchregieren\u2026","rel":"","context":"In &quot;Wahl News&quot;","img":{"alt_text":"Bei den Midterm Elections wird ein neuer Kongress gew\u00e4hlt","src":"https:\/\/i0.wp.com\/www.polyas.de\/blog\/wp-content\/uploads\/2018\/10\/capitol-Kapitol-USA-Kongress.jpg?resize=350%2C200&ssl=1","width":350,"height":200},"classes":[]},{"id":7136,"url":"https:\/\/www.polyas.de\/blog\/de\/online-wahlen\/europawahl-2019","url_meta":{"origin":2656,"position":4},"title":"Europawahl 2019: So gehen die deutschen Parteien in den Wahlkampf","date":"25\/04\/2019","format":false,"excerpt":"Vom 23. bis zum 26. Mai findet die Wahl zum 9. Europ\u00e4ischen Parlament statt. Wie 2014 haben die Fraktionen eigene Spitzenkandidaten gek\u00fcrt. Auch Gro\u00dfbritannien wird wahrscheinlich an der Europawahl teilnehmen. Erfahren Sie hier, welche Kandidaten in Deutschland antreten und mit welchen Themen die Parteien in den Wahlkampf gehen. Wie funktioniert\u2019s?\u2026","rel":"","context":"In &quot;Wahl News&quot;","img":{"alt_text":"Europawahl 2019","src":"https:\/\/i0.wp.com\/www.polyas.de\/blog\/wp-content\/uploads\/2019\/04\/Europawahl-2019.jpg?resize=350%2C200&ssl=1","width":350,"height":200},"classes":[]},{"id":6844,"url":"https:\/\/www.polyas.de\/blog\/de\/online-wahlen\/kongresswahlen","url_meta":{"origin":2656,"position":5},"title":"Kongresswahlen in den USA: Republikaner verlieren Mehrheit","date":"07\/11\/2018","format":false,"excerpt":"Nach den Kongresswahlen in den USA wird das Repr\u00e4sentantenhaus an die Demokraten gehen, der Senat bleibt in republikanischer Hand. Damit haben sich die Prognosen best\u00e4tigt. Die wichtigsten Informationen zur Wahl haben wir wie immer in unseren #WahlNews zusammengefasst. Mehrheiten stehen fest Die Demokraten werden im k\u00fcnftigen Repr\u00e4sentantenhaus mindestens 218 Sitze\u2026","rel":"","context":"In &quot;Wahl News&quot;","img":{"alt_text":"Erfahren Sie alles Aktuelle \u00fcber die Parlamentswahl in der Ukraine","src":"https:\/\/i0.wp.com\/www.polyas.de\/blog\/wp-content\/uploads\/2016\/12\/Wahl-News-Schmal_810x280.png?resize=350%2C200&ssl=1","width":350,"height":200},"classes":[]}],"_links":{"self":[{"href":"https:\/\/www.polyas.de\/blog\/wp-json\/wp\/v2\/posts\/2656"}],"collection":[{"href":"https:\/\/www.polyas.de\/blog\/wp-json\/wp\/v2\/posts"}],"about":[{"href":"https:\/\/www.polyas.de\/blog\/wp-json\/wp\/v2\/types\/post"}],"author":[{"embeddable":true,"href":"https:\/\/www.polyas.de\/blog\/wp-json\/wp\/v2\/users\/266"}],"replies":[{"embeddable":true,"href":"https:\/\/www.polyas.de\/blog\/wp-json\/wp\/v2\/comments?post=2656"}],"version-history":[{"count":10,"href":"https:\/\/www.polyas.de\/blog\/wp-json\/wp\/v2\/posts\/2656\/revisions"}],"predecessor-version":[{"id":2687,"href":"https:\/\/www.polyas.de\/blog\/wp-json\/wp\/v2\/posts\/2656\/revisions\/2687"}],"wp:featuredmedia":[{"embeddable":true,"href":"https:\/\/www.polyas.de\/blog\/wp-json\/wp\/v2\/media\/2634"}],"wp:attachment":[{"href":"https:\/\/www.polyas.de\/blog\/wp-json\/wp\/v2\/media?parent=2656"}],"wp:term":[{"taxonomy":"category","embeddable":true,"href":"https:\/\/www.polyas.de\/blog\/wp-json\/wp\/v2\/categories?post=2656"},{"taxonomy":"post_tag","embeddable":true,"href":"https:\/\/www.polyas.de\/blog\/wp-json\/wp\/v2\/tags?post=2656"}],"curies":[{"name":"wp","href":"https:\/\/api.w.org\/{rel}","templated":true}]}}