{"id":2651,"date":"2016-05-06T10:00:17","date_gmt":"2016-05-06T08:00:17","guid":{"rendered":"https:\/\/www.polyas.de\/blog\/?p=2651"},"modified":"2018-01-26T15:58:58","modified_gmt":"2018-01-26T14:58:58","slug":"2651","status":"publish","type":"post","link":"https:\/\/www.polyas.de\/blog\/de\/digitale-demokratie\/2651","title":{"rendered":""},"content":{"rendered":"<p>Der Digitalisierung geh\u00f6rt nicht nur die Zukunft, sie ist schon mitten in der Gesellschaft angekommen<\/p>\n<p>&nbsp;<\/p>\n<h5><span style=\"color: #ffffff;\">Malu Dreyer(SPD), Ministerpr\u00e4sidentin Rheinland-Pfalz auf der re:publica 2016<\/span><\/h5>\n","protected":false},"excerpt":{"rendered":"<p>Der Digitalisierung geh\u00f6rt nicht nur die Zukunft, sie ist schon mitten in der Gesellschaft angekommen &nbsp; Malu Dreyer(SPD), Ministerpr\u00e4sidentin Rheinland-Pfalz auf der re:publica 2016<\/p>\n","protected":false},"author":266,"featured_media":0,"comment_status":"open","ping_status":"open","sticky":false,"template":"","format":"quote","meta":{"_eb_attr":"","ub_ctt_via":"","spay_email":"","jetpack_publicize_message":"","jetpack_is_tweetstorm":false,"jetpack_publicize_feature_enabled":true},"categories":[2],"tags":[672,668,670],"featured_image_src":null,"author_info":{"display_name":"Elisa Utterodt","author_link":"https:\/\/www.polyas.de\/blog\/author\/e-utterodt"},"yoast_head":"<!-- This site is optimized with the Yoast SEO plugin v19.9 - https:\/\/yoast.com\/wordpress\/plugins\/seo\/ -->\n<title>Das Polyas-Zitat der Woche: Malu Dreyer<\/title>\n<meta name=\"description\" content=\"Aktuelle Zitate zu den Themen Wahlen, Politik, Demokratie, Digitalisierung und Technologie. Jetzt alle Zitate der Woche auf dem Blog lesen!\" \/>\n<meta name=\"robots\" content=\"index, follow, max-snippet:-1, max-image-preview:large, max-video-preview:-1\" \/>\n<link rel=\"canonical\" href=\"https:\/\/www.polyas.de\/blog\/de\/digitale-demokratie\/2651\" \/>\n<meta property=\"og:locale\" content=\"de_DE\" \/>\n<meta property=\"og:type\" content=\"article\" \/>\n<meta property=\"og:title\" content=\"Das Polyas-Zitat der Woche: Malu Dreyer\" \/>\n<meta property=\"og:description\" content=\"Aktuelle Zitate zu den Themen Wahlen, Politik, Demokratie, Digitalisierung und Technologie. Jetzt alle Zitate der Woche auf dem Blog lesen!\" \/>\n<meta property=\"og:url\" content=\"https:\/\/www.polyas.de\/blog\/de\/digitale-demokratie\/2651\" \/>\n<meta property=\"og:site_name\" content=\"POLYAS\" \/>\n<meta property=\"article:published_time\" content=\"2016-05-06T08:00:17+00:00\" \/>\n<meta property=\"article:modified_time\" content=\"2018-01-26T14:58:58+00:00\" \/>\n<meta name=\"author\" content=\"Elisa Utterodt\" \/>\n<meta name=\"twitter:card\" content=\"summary_large_image\" \/>\n<meta name=\"twitter:label1\" content=\"Verfasst von\" \/>\n\t<meta name=\"twitter:data1\" content=\"Elisa Utterodt\" \/>\n<script type=\"application\/ld+json\" class=\"yoast-schema-graph\">{\"@context\":\"https:\/\/schema.org\",\"@graph\":[{\"@type\":\"WebPage\",\"@id\":\"https:\/\/www.polyas.de\/blog\/de\/digitale-demokratie\/2651\",\"url\":\"https:\/\/www.polyas.de\/blog\/de\/digitale-demokratie\/2651\",\"name\":\"Das Polyas-Zitat der Woche: Malu Dreyer\",\"isPartOf\":{\"@id\":\"https:\/\/www.polyas.de\/blog\/#website\"},\"datePublished\":\"2016-05-06T08:00:17+00:00\",\"dateModified\":\"2018-01-26T14:58:58+00:00\",\"author\":{\"@id\":\"https:\/\/www.polyas.de\/blog\/#\/schema\/person\/d3b137ca4a3ac64e5529b95494ecdfb7\"},\"description\":\"Aktuelle Zitate zu den Themen Wahlen, Politik, Demokratie, Digitalisierung und Technologie. Jetzt alle Zitate der Woche auf dem Blog lesen!\",\"inLanguage\":\"de-DE\",\"potentialAction\":[{\"@type\":\"ReadAction\",\"target\":[\"https:\/\/www.polyas.de\/blog\/de\/digitale-demokratie\/2651\"]}]},{\"@type\":\"WebSite\",\"@id\":\"https:\/\/www.polyas.de\/blog\/#website\",\"url\":\"https:\/\/www.polyas.de\/blog\/\",\"name\":\"POLYAS\",\"description\":\"the blog for secure online voting\",\"potentialAction\":[{\"@type\":\"SearchAction\",\"target\":{\"@type\":\"EntryPoint\",\"urlTemplate\":\"https:\/\/www.polyas.de\/blog\/?s={search_term_string}\"},\"query-input\":\"required name=search_term_string\"}],\"inLanguage\":\"de-DE\"},{\"@type\":\"Person\",\"@id\":\"https:\/\/www.polyas.de\/blog\/#\/schema\/person\/d3b137ca4a3ac64e5529b95494ecdfb7\",\"name\":\"Elisa Utterodt\",\"image\":{\"@type\":\"ImageObject\",\"inLanguage\":\"de-DE\",\"@id\":\"https:\/\/www.polyas.de\/blog\/#\/schema\/person\/image\/\",\"url\":\"https:\/\/secure.gravatar.com\/avatar\/cf7a59b9c85a71b6e6a938c051dd6eec?s=96&d=mm&r=g\",\"contentUrl\":\"https:\/\/secure.gravatar.com\/avatar\/cf7a59b9c85a71b6e6a938c051dd6eec?s=96&d=mm&r=g\",\"caption\":\"Elisa Utterodt\"},\"description\":\"Egal ob in \u00d6sterreich, Syrien oder den USA, politische Entscheidungen und Demokratie sind f\u00fcr mich nicht nur in Deutschland von Belang. Vor allem der Einfluss der Digitalisierung auf Kultur und Gesellschaft ist f\u00fcr mich ein spannendes wie aktuelles Thema, \u00fcber das ich gerne berichte. Wenn ich nicht gerade Zeitung lese oder meine Twittertimeline checke, schaue ich mir zur Entspannung Bundestagsdebatten im Fernsehen an. Seit M\u00e4rz dieses Jahres bin ich bei Polyas f\u00fcr die Pflege der Social Media Kan\u00e4le zust\u00e4ndig, schreibe Blogartikel und unterst\u00fctze das Online-Marketing-Team.\",\"sameAs\":[\"http:\/\/www.polyas.de\"],\"url\":\"https:\/\/www.polyas.de\/blog\/author\/e-utterodt\"}]}<\/script>\n<!-- \/ Yoast SEO plugin. -->","yoast_head_json":{"title":"Das Polyas-Zitat der Woche: Malu Dreyer","description":"Aktuelle Zitate zu den Themen Wahlen, Politik, Demokratie, Digitalisierung und Technologie. Jetzt alle Zitate der Woche auf dem Blog lesen!","robots":{"index":"index","follow":"follow","max-snippet":"max-snippet:-1","max-image-preview":"max-image-preview:large","max-video-preview":"max-video-preview:-1"},"canonical":"https:\/\/www.polyas.de\/blog\/de\/digitale-demokratie\/2651","og_locale":"de_DE","og_type":"article","og_title":"Das Polyas-Zitat der Woche: Malu Dreyer","og_description":"Aktuelle Zitate zu den Themen Wahlen, Politik, Demokratie, Digitalisierung und Technologie. Jetzt alle Zitate der Woche auf dem Blog lesen!","og_url":"https:\/\/www.polyas.de\/blog\/de\/digitale-demokratie\/2651","og_site_name":"POLYAS","article_published_time":"2016-05-06T08:00:17+00:00","article_modified_time":"2018-01-26T14:58:58+00:00","author":"Elisa Utterodt","twitter_card":"summary_large_image","twitter_misc":{"Verfasst von":"Elisa Utterodt"},"schema":{"@context":"https:\/\/schema.org","@graph":[{"@type":"WebPage","@id":"https:\/\/www.polyas.de\/blog\/de\/digitale-demokratie\/2651","url":"https:\/\/www.polyas.de\/blog\/de\/digitale-demokratie\/2651","name":"Das Polyas-Zitat der Woche: Malu Dreyer","isPartOf":{"@id":"https:\/\/www.polyas.de\/blog\/#website"},"datePublished":"2016-05-06T08:00:17+00:00","dateModified":"2018-01-26T14:58:58+00:00","author":{"@id":"https:\/\/www.polyas.de\/blog\/#\/schema\/person\/d3b137ca4a3ac64e5529b95494ecdfb7"},"description":"Aktuelle Zitate zu den Themen Wahlen, Politik, Demokratie, Digitalisierung und Technologie. Jetzt alle Zitate der Woche auf dem Blog lesen!","inLanguage":"de-DE","potentialAction":[{"@type":"ReadAction","target":["https:\/\/www.polyas.de\/blog\/de\/digitale-demokratie\/2651"]}]},{"@type":"WebSite","@id":"https:\/\/www.polyas.de\/blog\/#website","url":"https:\/\/www.polyas.de\/blog\/","name":"POLYAS","description":"the blog for secure online voting","potentialAction":[{"@type":"SearchAction","target":{"@type":"EntryPoint","urlTemplate":"https:\/\/www.polyas.de\/blog\/?s={search_term_string}"},"query-input":"required name=search_term_string"}],"inLanguage":"de-DE"},{"@type":"Person","@id":"https:\/\/www.polyas.de\/blog\/#\/schema\/person\/d3b137ca4a3ac64e5529b95494ecdfb7","name":"Elisa Utterodt","image":{"@type":"ImageObject","inLanguage":"de-DE","@id":"https:\/\/www.polyas.de\/blog\/#\/schema\/person\/image\/","url":"https:\/\/secure.gravatar.com\/avatar\/cf7a59b9c85a71b6e6a938c051dd6eec?s=96&d=mm&r=g","contentUrl":"https:\/\/secure.gravatar.com\/avatar\/cf7a59b9c85a71b6e6a938c051dd6eec?s=96&d=mm&r=g","caption":"Elisa Utterodt"},"description":"Egal ob in \u00d6sterreich, Syrien oder den USA, politische Entscheidungen und Demokratie sind f\u00fcr mich nicht nur in Deutschland von Belang. Vor allem der Einfluss der Digitalisierung auf Kultur und Gesellschaft ist f\u00fcr mich ein spannendes wie aktuelles Thema, \u00fcber das ich gerne berichte. Wenn ich nicht gerade Zeitung lese oder meine Twittertimeline checke, schaue ich mir zur Entspannung Bundestagsdebatten im Fernsehen an. Seit M\u00e4rz dieses Jahres bin ich bei Polyas f\u00fcr die Pflege der Social Media Kan\u00e4le zust\u00e4ndig, schreibe Blogartikel und unterst\u00fctze das Online-Marketing-Team.","sameAs":["http:\/\/www.polyas.de"],"url":"https:\/\/www.polyas.de\/blog\/author\/e-utterodt"}]}},"jetpack_featured_media_url":"","jetpack_publicize_connections":[],"jetpack_shortlink":"https:\/\/wp.me\/s72Pnr-2651","jetpack-related-posts":[{"id":1266,"url":"https:\/\/www.polyas.de\/blog\/de\/allgemein-de\/hello-to-the-digital-era-marty","url_meta":{"origin":2651,"position":0},"title":"Hello to the digital era, Marty!","date":"21\/10\/2015","format":false,"excerpt":"Heute landet Marty McFly in der Zukunft: Bei uns, am 21.Oktober 2015. Der Zeitreisende aus der Filmkult-Reihe \u201eZur\u00fcck in die Zukunft\u201c macht sich in Teil II auf in das Jahr 2015, um seine Zukunfts-Kinder auf den rechten Weg zu bringen. Die Zeitreisenden treffen auf eine Welt mit Hoverboards, selbst-schn\u00fcrenden Schuhen\u2026","rel":"","context":"In &quot;\u00dcber POLYAS&quot;","img":{"alt_text":"Digital Democracy und E-Voting ","src":"https:\/\/i0.wp.com\/www.polyas.de\/blog\/wp-content\/uploads\/2015\/10\/Teaser_DigitalDemcoracy-1024x576.jpg?resize=350%2C200&ssl=1","width":350,"height":200},"classes":[]},{"id":6372,"url":"https:\/\/www.polyas.de\/blog\/de\/digital-news\/digitalisierung-vergleich-bundeslaender","url_meta":{"origin":2651,"position":1},"title":"Digitalisierung: 16 Wege in die Zukunft &#8211; Digitalvergleich der Bundesl\u00e4nder","date":"28\/02\/2018","format":false,"excerpt":"Ob Bundestag, Landtag, Senat oder B\u00fcrgermeister: Alle reden von der Digitalisierung, wie wichtig sie sei und dass man sie \u201evorantreiben\u201c m\u00fcsse. Aber was hei\u00dft das eigentlich genau? Wir haben uns die Digitalagenda der einzelnen Bundesl\u00e4nder mal genauer angesehen. Digitalisierung hat viele Gesichter Eines haben alle Bundesl\u00e4nder, bis auf die Stadtstaaten,\u2026","rel":"","context":"In &quot;Digital News&quot;","img":{"alt_text":"","src":"https:\/\/i0.wp.com\/www.polyas.de\/blog\/wp-content\/uploads\/2018\/02\/Digitalisierung-in-den-Bundeslaendern.jpg?resize=350%2C200&ssl=1","width":350,"height":200},"classes":[]},{"id":12224,"url":"https:\/\/www.polyas.de\/blog\/de\/allgemein-de\/u18-wahlen-bayern-2026","url_meta":{"origin":2651,"position":2},"title":"Digitale U18-Wahlen in Bayern: POLYAS treibt die demokratische Teilhabe der Zukunft voran","date":"09\/04\/2026","format":false,"excerpt":"Demokratie erlebbar machen \u2013 dieses Ziel verfolgt der Bayerische Jugendring (BJR) bereits seit 2009 mit seinen U18-Wahlen. Im Vorfeld der Kommunalwahl am 8. M\u00e4rz 2026 geht das Projekt nun einen entscheidenden Schritt weiter: In ausgew\u00e4hlten Pilotkommunen stimmen Jugendliche erstmals vollst\u00e4ndig digital ab. Damit entsteht ein bundesweit einzigartiges Modellprojekt f\u00fcr sicheres\u2026","rel":"","context":"In &quot;Digitale Demokratie&quot;","img":{"alt_text":"","src":"https:\/\/i0.wp.com\/www.polyas.de\/blog\/wp-content\/uploads\/2026\/04\/Blog-Mailingbanner-860x200-alle.png?resize=350%2C200&ssl=1","width":350,"height":200},"classes":[]},{"id":2939,"url":"https:\/\/www.polyas.de\/blog\/de\/digital-news\/digital-zitat-david-edelman","url_meta":{"origin":2651,"position":3},"title":"Digital isn't just this added\u2026","date":"17\/06\/2016","format":"quote","excerpt":"Digital isn't just this added thing! \u00a0 David Edelman, McKinsey & Company","rel":"","context":"In &quot;Digital News&quot;","img":{"alt_text":"","src":"","width":0,"height":0},"classes":[]},{"id":5692,"url":"https:\/\/www.polyas.de\/blog\/de\/digital-news\/digitalprogramm-industrie-4-0","url_meta":{"origin":2651,"position":4},"title":"Digitalprogramm der Parteien zur Bundestagswahl: Industrie 4.0","date":"21\/09\/2017","format":false,"excerpt":"Industrie 4.0 ist das Schlagwort der Stunde, wenn es um die Zukunft der Arbeitswelt geht. Die Parteien sind bei diesem Thema gespalten: Die einen sehen vor allem die digitalen M\u00f6glichkeiten, die anderen bef\u00fcrchten, dass uns Roboter und Algorithmen die Arbeit wegnehmen. Welche Pl\u00e4ne haben die Parteien f\u00fcr die Zukunft? Keine\u2026","rel":"","context":"In &quot;Digital News&quot;","img":{"alt_text":"Digitale Schwerpunkte in Bundestagswahlprogrammen","src":"https:\/\/i0.wp.com\/www.polyas.de\/blog\/wp-content\/uploads\/2017\/08\/Digitale-Schwerpunkt-Bundestagswahl-Programm.jpg?resize=350%2C200&ssl=1","width":350,"height":200},"classes":[]},{"id":11940,"url":"https:\/\/www.polyas.de\/blog\/de\/veranstaltungen\/online-voting-summit-tickets","url_meta":{"origin":2651,"position":5},"title":"Online Voting Summit: Jetzt Tickets sichern!","date":"12\/10\/2023","format":false,"excerpt":"Am 15. November 2023 erwartet Sie ein branchenf\u00fchrendes Online-Event, das Sie nicht verpassen sollten! Das Online Voting Summit 2023 (OVS) bietet Ihnen eine einzigartige Gelegenheit, sich \u00fcber die neuesten Entwicklungen im Bereich Online-Wahlen, Live Votings und digitale Transformation zu informieren - und das sogar kostenfrei. Sichern Sie sich jetzt einen\u2026","rel":"","context":"In &quot;Digitale Demokratie&quot;","img":{"alt_text":"Online-Voting-Summit_Blogpost_Banner","src":"https:\/\/i0.wp.com\/www.polyas.de\/blog\/wp-content\/uploads\/2023\/10\/Online-Voting-Summit_Blogpost_Banner.png?resize=350%2C200&ssl=1","width":350,"height":200},"classes":[]}],"_links":{"self":[{"href":"https:\/\/www.polyas.de\/blog\/wp-json\/wp\/v2\/posts\/2651"}],"collection":[{"href":"https:\/\/www.polyas.de\/blog\/wp-json\/wp\/v2\/posts"}],"about":[{"href":"https:\/\/www.polyas.de\/blog\/wp-json\/wp\/v2\/types\/post"}],"author":[{"embeddable":true,"href":"https:\/\/www.polyas.de\/blog\/wp-json\/wp\/v2\/users\/266"}],"replies":[{"embeddable":true,"href":"https:\/\/www.polyas.de\/blog\/wp-json\/wp\/v2\/comments?post=2651"}],"version-history":[{"count":2,"href":"https:\/\/www.polyas.de\/blog\/wp-json\/wp\/v2\/posts\/2651\/revisions"}],"predecessor-version":[{"id":2654,"href":"https:\/\/www.polyas.de\/blog\/wp-json\/wp\/v2\/posts\/2651\/revisions\/2654"}],"wp:attachment":[{"href":"https:\/\/www.polyas.de\/blog\/wp-json\/wp\/v2\/media?parent=2651"}],"wp:term":[{"taxonomy":"category","embeddable":true,"href":"https:\/\/www.polyas.de\/blog\/wp-json\/wp\/v2\/categories?post=2651"},{"taxonomy":"post_tag","embeddable":true,"href":"https:\/\/www.polyas.de\/blog\/wp-json\/wp\/v2\/tags?post=2651"}],"curies":[{"name":"wp","href":"https:\/\/api.w.org\/{rel}","templated":true}]}}