{"id":2553,"date":"2016-04-20T14:10:40","date_gmt":"2016-04-20T12:10:40","guid":{"rendered":"https:\/\/www.polyas.de\/blog\/?p=2553"},"modified":"2016-05-12T10:38:39","modified_gmt":"2016-05-12T08:38:39","slug":"kandidatencheck-zur-bundespraesidentenwahl-in-oesterreich","status":"publish","type":"post","link":"https:\/\/www.polyas.de\/blog\/de\/online-wahlen\/kandidatencheck-zur-bundespraesidentenwahl-in-oesterreich","title":{"rendered":"Kandidatencheck zur Bundespr\u00e4sidentenwahl in \u00d6sterreich"},"content":{"rendered":"<p><!--more-->Zur diesj\u00e4hrigen Bundespr\u00e4sidentenwahl in \u00d6sterreich sind so viele Kandidaten angetreten wie seit 1951 nicht mehr. Insgesamt sechs Anw\u00e4rter k\u00e4mpfen um die Stimmen der W\u00e4hler. Wir haben uns die Kandidaten vorab genauer angesehen.<\/p>\n<p>Mit Norbert Hofer (FP\u00d6), Rudolf Hundstorfer (SP\u00d6) und Andreas Khol (\u00d6VP) haben die popul\u00e4rsten Parteien \u00d6sterreichs drei starke Kandidaten f\u00fcr das Amt des Bundespr\u00e4sidenten zur Wahl aufgestellt. In den Umfragen allerdings liegt derzeit ein unabh\u00e4ngiger vorne: Alexander van der Bellen. Ebenfalls stark in den Umfragen ist die einzige Frau im Rennen: Irmgard Griss, die beratend von den NEOS unterst\u00fctzt wird.\u00a0Doch nicht nur Politiker und Juristen bewerben sich um das Amt des Bundespr\u00e4sidenten, auch der Ex-Bauunternehmer Richard \u201eM\u00f6rtel\u201c Lugner tritt zur Wahl an.<\/p>\n<p>Die \u00d6sterreicher w\u00e4hlen ihren Bundespr\u00e4sidenten \u00fcbrigens in einer direkten Personenwahl. <a href=\"https:\/\/www.polyas.de\/wahllexikon\/pers%C3%B6nlichkeitswahl\" target=\"_blank\">Erfahren Sie hier mehr zur Pers\u00f6nlichkeitswahl.<\/a><\/p>\n<h3>Irmgard Griss &#8211; Die familienorientierte Karrierefrau<\/h3>\n<p>Die Juristin liegt im Wahlkampf derzeit mit 22% auf dem dritten Platz. Sie zieht nicht f\u00fcr eine Partei ins Rennen, wird aber von den NEOS unterst\u00fctzt.<br \/>\n<a href=\"https:\/\/www.griss16.at\/\" target=\"_blank\">Irmgard Griss<\/a> war bis 2011 Pr\u00e4sidentin des Obersten Gerichtshofs in \u00d6stereich. Bis 2013 war sie Mitglied des Obersten Patent- und Markensenates, seit 2010 sogar dessen Pr\u00e4sidentin. Im J\u00e4nner 2015 wurde sie als internationale Richterin an den neuerrichteten Singapore International Commercial Court berufen. Griss leitete au\u00dferdem die Untersuchungskommission zur Causa Hypo Alpe Adria im Jahr 2014.<br \/>\nIhre Kandidatur gab die Grazerin am 17. Dezember 2015 via Facebook und Youtube bekannt. In ihrem Wahlprogramm spricht sich Irmgard Griss f\u00fcr eine Erbschaftssteuer und die Abschaffung des Amtsgeheimnisses aus. Au\u00dferdem will sie sich f\u00fcr den Ausbau der Ganztagsschulen einsetzen. Die Politologen Peter Hajek und Wolfgang Bachmayer sehen Griss in ihrer politischen Ausrichtung eher rechts der Mitte.<\/p>\n<h3><strong>Norbert Hofer &#8211; Der\u00a0eingefleischte \u00d6sterreicher<\/strong><\/h3>\n<p><a href=\"http:\/\/www.norberthofer.at\/\" target=\"_blank\">Norbert Hofer<\/a> tritt f\u00fcr die rechtspopulistische FP\u00d6 zur Wahl des Bundespr\u00e4sidenten an. Laut Umfragen liegt er mit 24% auf dem zweiten Platz. Seit Oktober 2013 ist er Nationalratspr\u00e4sident. Den Weg in die Politik beschritt Hofer im Jahr 1994 als Wahlkampfleiter der FP\u00d6-Burgenland. Bis 2007 war er auch deren Landesparteisekret\u00e4r. Der seit einem Paragliding Unfall im Jahr 2003 auf einen Gehstock angewiesene Hofer gab seine Kandidatur f\u00fcr das Amt des Bundespr\u00e4sidenten am 28. J\u00e4nner 2016 bekannt. Politisch l\u00e4sst er sich im rechten Feld verorten, der Burgenl\u00e4nder steht f\u00fcr Heimatverbundenheit, st\u00e4rkere Grenzkontrollen, eine geringere Aufnahme von Fl\u00fcchtlingen in \u00d6sterreich und ist EU-Kritiker.<\/p>\n<h3>Rudolf Hundstorfer &#8211; Kandidat der Wirtschaft<\/h3>\n<p>Der Kandidat der SP\u00d6 liegt derzeit auf dem vierten Platz im Kampf um die W\u00e4hlerstimmen. Nur 15% des Bundesvolkes w\u00fcrden ihn w\u00e4hlen. <a href=\"https:\/\/www.rudolfhundstorfer.at\/\" target=\"_blank\">Hundstorfer<\/a> gab seine Kandidatur am 15. J\u00e4nner 2016 bekannt. Bis dahin war er Bundesminister f\u00fcr Arbeit, Soziales und Konsumentenschutz der Regierung Faymann. Bis 2008 war er au\u00dferdem Pr\u00e4sident des \u00f6sterreichischen Gewerkschaftsbundes. Im Zuge der BAWAG Aff\u00e4re \u00fcbernahm Hundstorfer im M\u00e4rz 2006 die Pr\u00e4sidentschaft des \u00d6GB. In die Kritik geriet er, weil er am 8. September 2005 die \u00dcbertragung von Verbindlichkeiten der BAWAG auf die \u00d6GB in H\u00f6he von 1,53 Milliarden Euro in Vertretung aller drei BAWAG-Aktion\u00e4re unterschrieb und dies bis Juni 2006 geheim hielt.<br \/>\nPolitisch ist Hundstorfer links der Mitte zu verorten, er geh\u00f6rt der sozialdemokratischen Partei \u00d6sterreichs an. In der Fl\u00fcchtlingsfrage steht er f\u00fcr eine europ\u00e4ische L\u00f6sung ein.<\/p>\n<h3>Andreas Khol &#8211; Der Kopfmensch<\/h3>\n<p>Khol kandidiert f\u00fcr die \u00d6VP f\u00fcr das Amt des Bundespr\u00e4sidenten. Umfragen zufolge w\u00fcrden ihn 11% der Wahlberechtigten w\u00e4hlen. Damit liegt er momentan auf dem 5. Platz. Der S\u00fcdtiroler gab seine Kandidatur am 10. J\u00e4nner 2016 im Anschluss an eine Sitzung des Parteivorstands der \u00d6VP bekannt.<br \/>\nDer studierte Jurist war 23 Jahre lang abgeordneter im Nationalrat und hatte \u00fcber vier Jahre die Pr\u00e4sidentschaft des Nationalrats inne. Seit 2005 ist <a href=\"https:\/\/www.andreaskhol.at\/Startseite.psp\" target=\"_blank\">Andreas Khol<\/a> Obmann des Seniorenbundes der \u00d6VP und sitzt im Parteivorstand der \u00d6VP.<br \/>\nKhol vertritt politisch gesehen die Werte der konservativen Mitte. So vertritt er eine strenge Fl\u00fcchtlingspolitik.<\/p>\n<h3>Alexander van der Bellen &#8211; Der \u00f6sterreichische Winfried Kretschmann?<\/h3>\n<p><a href=\"https:\/\/www.vanderbellen.at\/\" target=\"_blank\">Alexander van der Bellen<\/a> tritt als unabh\u00e4ngiger Kandidat zur Bundespr\u00e4sidentschaftswahl 2016 an. Er wird unterst\u00fctzt von den Gr\u00fcnen und kann in Umfragen derzeit 25% der W\u00e4hlerstimmen f\u00fcr sich verbuchen. Damit liegt er im Wahlkampf knapp vorn. Van der Bellen gab seine Kandidatur am 8. J\u00e4nner 2016 via Youtube bekannt. Er war bis 2016 Abgeordneter im Wiener Landtag und Mitglied des Wiener Gemeinderats f\u00fcr die Gr\u00fcnen. Bis 2012 war er au\u00dferdem Abgeordneter im Nationalrat.<br \/>\nPolitisch gesehen ist Van der Bellen als Gr\u00fcner eher links der Mitte anzusiedeln, durch seine ruhige, kompetente Art und seine Verbundenheit zu \u00d6sterreich d\u00fcrfte er jedoch auch klassische SP\u00d6- und \u00d6VP-W\u00e4hler von sich \u00fcberzeugen k\u00f6nnen.<\/p>\n<h3>Richard Lugner &#8211; Der Unentschlossene<\/h3>\n<p>Der Stammgast des Wiener Opernballs und ehemalige Bauingenieur, der in den letzten Jahren eher durch seine vielen Frauen als durch sein Gesp\u00fcr f\u00fcr Politik und Wirtschaft auffiel, kandidierte bereits 1998 als Bundespr\u00e4sident. Der unabh\u00e4ngige Kandidat, liegt in Umfragen zurzeit bei 3% und damit weitabgeschlagen auf dem letzten Platz.<br \/>\n<a href=\"http:\/\/lugner.at\/lugner_for_president.html\">Richard Lugners <\/a>Kandidatur wird dabei von der \u00d6ffentlichkeit nicht besonders ernstgenommen. Man wirft ihm vor, er mache den Wahlkampf mit seinen Wahlkampfvideos zu einer Witzvorstellung und wolle nur sein Einkaufszentrum, die \u201eLugner City\u201c, bewerben.<br \/>\nWie Lugner das Amt des Bundespr\u00e4sidenten wahrnimmt, ist weitestgehend unklar. Er machte zwar deutlich,\u00a0dass er gegen das Transatlantische Freihandelsabkommen TTIP sei und gerne die Regierung absetzen w\u00fcrde, doch zu einer klaren politischen Richtung will er sich nicht bekennen.<\/p>\n<p>Wir d\u00fcrfen gespannt bleiben, bei wem die W\u00e4hler am Sonntag ihr Kreuzerl machen und ob es zu einer Stichwahl im Mai kommt. Nat\u00fcrlich informieren wir Sie am Montag \u00fcber die Wahlergebnisse.<\/p>\n<p><a href=\"https:\/\/www.polyas.de\/blog\/de\/online-wahlen\/wahlsystem-zur-bundespraesidentenwahl-in-oesterreich\" target=\"_blank\">Weitere Informationen zum Amt des Bundespr\u00e4sidenten in \u00d6sterreich.<\/a><\/p>\n","protected":false},"excerpt":{"rendered":"","protected":false},"author":266,"featured_media":2343,"comment_status":"open","ping_status":"open","sticky":false,"template":"","format":"standard","meta":{"_eb_attr":"","ub_ctt_via":"","spay_email":"","jetpack_publicize_message":"","jetpack_is_tweetstorm":false,"jetpack_publicize_feature_enabled":true},"categories":[8],"tags":[644,650,319,646,648],"featured_image_src":"https:\/\/www.polyas.de\/blog\/wp-content\/uploads\/2016\/03\/Wahl-News.png","author_info":{"display_name":"Elisa Utterodt","author_link":"https:\/\/www.polyas.de\/blog\/author\/e-utterodt"},"yoast_head":"<!-- This site is optimized with the Yoast SEO plugin v19.9 - https:\/\/yoast.com\/wordpress\/plugins\/seo\/ -->\n<title>Bundespr\u00e4sidentenwahl AT: Der Kandidatencheck<\/title>\n<meta name=\"description\" content=\"Am 24.04. wird in \u00d6sterreich ein neuer Bundespr\u00e4sident gew\u00e4hlt. Erfahren Sie alles zu den Kandidaten in unserem Kandidatencheck!\" \/>\n<meta name=\"robots\" content=\"index, follow, max-snippet:-1, max-image-preview:large, max-video-preview:-1\" \/>\n<link rel=\"canonical\" href=\"https:\/\/www.polyas.de\/blog\/de\/online-wahlen\/kandidatencheck-zur-bundespraesidentenwahl-in-oesterreich\" \/>\n<meta property=\"og:locale\" content=\"de_DE\" \/>\n<meta property=\"og:type\" content=\"article\" \/>\n<meta property=\"og:title\" content=\"Bundespr\u00e4sidentenwahl AT: Der Kandidatencheck\" \/>\n<meta property=\"og:description\" content=\"Am 24.04. wird in \u00d6sterreich ein neuer Bundespr\u00e4sident gew\u00e4hlt. Erfahren Sie alles zu den Kandidaten in unserem Kandidatencheck!\" \/>\n<meta property=\"og:url\" content=\"https:\/\/www.polyas.de\/blog\/de\/online-wahlen\/kandidatencheck-zur-bundespraesidentenwahl-in-oesterreich\" \/>\n<meta property=\"og:site_name\" content=\"POLYAS\" \/>\n<meta property=\"article:published_time\" content=\"2016-04-20T12:10:40+00:00\" \/>\n<meta property=\"article:modified_time\" content=\"2016-05-12T08:38:39+00:00\" \/>\n<meta property=\"og:image\" content=\"https:\/\/i0.wp.com\/www.polyas.de\/blog\/wp-content\/uploads\/2016\/03\/Wahl-News.png?fit=730%2C410&ssl=1\" \/>\n\t<meta property=\"og:image:width\" content=\"730\" \/>\n\t<meta property=\"og:image:height\" content=\"410\" \/>\n\t<meta property=\"og:image:type\" content=\"image\/png\" \/>\n<meta name=\"author\" content=\"Elisa Utterodt\" \/>\n<meta name=\"twitter:card\" content=\"summary_large_image\" \/>\n<meta name=\"twitter:label1\" content=\"Verfasst von\" \/>\n\t<meta name=\"twitter:data1\" content=\"Elisa Utterodt\" \/>\n\t<meta name=\"twitter:label2\" content=\"Gesch\u00e4tzte Lesezeit\" \/>\n\t<meta name=\"twitter:data2\" content=\"5 Minuten\" \/>\n<script type=\"application\/ld+json\" class=\"yoast-schema-graph\">{\"@context\":\"https:\/\/schema.org\",\"@graph\":[{\"@type\":\"WebPage\",\"@id\":\"https:\/\/www.polyas.de\/blog\/de\/online-wahlen\/kandidatencheck-zur-bundespraesidentenwahl-in-oesterreich\",\"url\":\"https:\/\/www.polyas.de\/blog\/de\/online-wahlen\/kandidatencheck-zur-bundespraesidentenwahl-in-oesterreich\",\"name\":\"Bundespr\u00e4sidentenwahl AT: Der Kandidatencheck\",\"isPartOf\":{\"@id\":\"https:\/\/www.polyas.de\/blog\/#website\"},\"datePublished\":\"2016-04-20T12:10:40+00:00\",\"dateModified\":\"2016-05-12T08:38:39+00:00\",\"author\":{\"@id\":\"https:\/\/www.polyas.de\/blog\/#\/schema\/person\/d3b137ca4a3ac64e5529b95494ecdfb7\"},\"description\":\"Am 24.04. wird in \u00d6sterreich ein neuer Bundespr\u00e4sident gew\u00e4hlt. Erfahren Sie alles zu den Kandidaten in unserem Kandidatencheck!\",\"breadcrumb\":{\"@id\":\"https:\/\/www.polyas.de\/blog\/de\/online-wahlen\/kandidatencheck-zur-bundespraesidentenwahl-in-oesterreich#breadcrumb\"},\"inLanguage\":\"de-DE\",\"potentialAction\":[{\"@type\":\"ReadAction\",\"target\":[\"https:\/\/www.polyas.de\/blog\/de\/online-wahlen\/kandidatencheck-zur-bundespraesidentenwahl-in-oesterreich\"]}]},{\"@type\":\"BreadcrumbList\",\"@id\":\"https:\/\/www.polyas.de\/blog\/de\/online-wahlen\/kandidatencheck-zur-bundespraesidentenwahl-in-oesterreich#breadcrumb\",\"itemListElement\":[{\"@type\":\"ListItem\",\"position\":1,\"name\":\"Startseite\",\"item\":\"https:\/\/www.polyas.de\/blog\/de\"},{\"@type\":\"ListItem\",\"position\":2,\"name\":\"Kandidatencheck zur Bundespr\u00e4sidentenwahl in \u00d6sterreich\"}]},{\"@type\":\"WebSite\",\"@id\":\"https:\/\/www.polyas.de\/blog\/#website\",\"url\":\"https:\/\/www.polyas.de\/blog\/\",\"name\":\"POLYAS\",\"description\":\"the blog for secure online voting\",\"potentialAction\":[{\"@type\":\"SearchAction\",\"target\":{\"@type\":\"EntryPoint\",\"urlTemplate\":\"https:\/\/www.polyas.de\/blog\/?s={search_term_string}\"},\"query-input\":\"required name=search_term_string\"}],\"inLanguage\":\"de-DE\"},{\"@type\":\"Person\",\"@id\":\"https:\/\/www.polyas.de\/blog\/#\/schema\/person\/d3b137ca4a3ac64e5529b95494ecdfb7\",\"name\":\"Elisa Utterodt\",\"image\":{\"@type\":\"ImageObject\",\"inLanguage\":\"de-DE\",\"@id\":\"https:\/\/www.polyas.de\/blog\/#\/schema\/person\/image\/\",\"url\":\"https:\/\/secure.gravatar.com\/avatar\/cf7a59b9c85a71b6e6a938c051dd6eec?s=96&d=mm&r=g\",\"contentUrl\":\"https:\/\/secure.gravatar.com\/avatar\/cf7a59b9c85a71b6e6a938c051dd6eec?s=96&d=mm&r=g\",\"caption\":\"Elisa Utterodt\"},\"description\":\"Egal ob in \u00d6sterreich, Syrien oder den USA, politische Entscheidungen und Demokratie sind f\u00fcr mich nicht nur in Deutschland von Belang. Vor allem der Einfluss der Digitalisierung auf Kultur und Gesellschaft ist f\u00fcr mich ein spannendes wie aktuelles Thema, \u00fcber das ich gerne berichte. Wenn ich nicht gerade Zeitung lese oder meine Twittertimeline checke, schaue ich mir zur Entspannung Bundestagsdebatten im Fernsehen an. Seit M\u00e4rz dieses Jahres bin ich bei Polyas f\u00fcr die Pflege der Social Media Kan\u00e4le zust\u00e4ndig, schreibe Blogartikel und unterst\u00fctze das Online-Marketing-Team.\",\"sameAs\":[\"http:\/\/www.polyas.de\"],\"url\":\"https:\/\/www.polyas.de\/blog\/author\/e-utterodt\"}]}<\/script>\n<!-- \/ Yoast SEO plugin. -->","yoast_head_json":{"title":"Bundespr\u00e4sidentenwahl AT: Der Kandidatencheck","description":"Am 24.04. wird in \u00d6sterreich ein neuer Bundespr\u00e4sident gew\u00e4hlt. Erfahren Sie alles zu den Kandidaten in unserem Kandidatencheck!","robots":{"index":"index","follow":"follow","max-snippet":"max-snippet:-1","max-image-preview":"max-image-preview:large","max-video-preview":"max-video-preview:-1"},"canonical":"https:\/\/www.polyas.de\/blog\/de\/online-wahlen\/kandidatencheck-zur-bundespraesidentenwahl-in-oesterreich","og_locale":"de_DE","og_type":"article","og_title":"Bundespr\u00e4sidentenwahl AT: Der Kandidatencheck","og_description":"Am 24.04. wird in \u00d6sterreich ein neuer Bundespr\u00e4sident gew\u00e4hlt. Erfahren Sie alles zu den Kandidaten in unserem Kandidatencheck!","og_url":"https:\/\/www.polyas.de\/blog\/de\/online-wahlen\/kandidatencheck-zur-bundespraesidentenwahl-in-oesterreich","og_site_name":"POLYAS","article_published_time":"2016-04-20T12:10:40+00:00","article_modified_time":"2016-05-12T08:38:39+00:00","og_image":[{"width":730,"height":410,"url":"https:\/\/i0.wp.com\/www.polyas.de\/blog\/wp-content\/uploads\/2016\/03\/Wahl-News.png?fit=730%2C410&ssl=1","type":"image\/png"}],"author":"Elisa Utterodt","twitter_card":"summary_large_image","twitter_misc":{"Verfasst von":"Elisa Utterodt","Gesch\u00e4tzte Lesezeit":"5 Minuten"},"schema":{"@context":"https:\/\/schema.org","@graph":[{"@type":"WebPage","@id":"https:\/\/www.polyas.de\/blog\/de\/online-wahlen\/kandidatencheck-zur-bundespraesidentenwahl-in-oesterreich","url":"https:\/\/www.polyas.de\/blog\/de\/online-wahlen\/kandidatencheck-zur-bundespraesidentenwahl-in-oesterreich","name":"Bundespr\u00e4sidentenwahl AT: Der Kandidatencheck","isPartOf":{"@id":"https:\/\/www.polyas.de\/blog\/#website"},"datePublished":"2016-04-20T12:10:40+00:00","dateModified":"2016-05-12T08:38:39+00:00","author":{"@id":"https:\/\/www.polyas.de\/blog\/#\/schema\/person\/d3b137ca4a3ac64e5529b95494ecdfb7"},"description":"Am 24.04. wird in \u00d6sterreich ein neuer Bundespr\u00e4sident gew\u00e4hlt. Erfahren Sie alles zu den Kandidaten in unserem Kandidatencheck!","breadcrumb":{"@id":"https:\/\/www.polyas.de\/blog\/de\/online-wahlen\/kandidatencheck-zur-bundespraesidentenwahl-in-oesterreich#breadcrumb"},"inLanguage":"de-DE","potentialAction":[{"@type":"ReadAction","target":["https:\/\/www.polyas.de\/blog\/de\/online-wahlen\/kandidatencheck-zur-bundespraesidentenwahl-in-oesterreich"]}]},{"@type":"BreadcrumbList","@id":"https:\/\/www.polyas.de\/blog\/de\/online-wahlen\/kandidatencheck-zur-bundespraesidentenwahl-in-oesterreich#breadcrumb","itemListElement":[{"@type":"ListItem","position":1,"name":"Startseite","item":"https:\/\/www.polyas.de\/blog\/de"},{"@type":"ListItem","position":2,"name":"Kandidatencheck zur Bundespr\u00e4sidentenwahl in \u00d6sterreich"}]},{"@type":"WebSite","@id":"https:\/\/www.polyas.de\/blog\/#website","url":"https:\/\/www.polyas.de\/blog\/","name":"POLYAS","description":"the blog for secure online voting","potentialAction":[{"@type":"SearchAction","target":{"@type":"EntryPoint","urlTemplate":"https:\/\/www.polyas.de\/blog\/?s={search_term_string}"},"query-input":"required name=search_term_string"}],"inLanguage":"de-DE"},{"@type":"Person","@id":"https:\/\/www.polyas.de\/blog\/#\/schema\/person\/d3b137ca4a3ac64e5529b95494ecdfb7","name":"Elisa Utterodt","image":{"@type":"ImageObject","inLanguage":"de-DE","@id":"https:\/\/www.polyas.de\/blog\/#\/schema\/person\/image\/","url":"https:\/\/secure.gravatar.com\/avatar\/cf7a59b9c85a71b6e6a938c051dd6eec?s=96&d=mm&r=g","contentUrl":"https:\/\/secure.gravatar.com\/avatar\/cf7a59b9c85a71b6e6a938c051dd6eec?s=96&d=mm&r=g","caption":"Elisa Utterodt"},"description":"Egal ob in \u00d6sterreich, Syrien oder den USA, politische Entscheidungen und Demokratie sind f\u00fcr mich nicht nur in Deutschland von Belang. Vor allem der Einfluss der Digitalisierung auf Kultur und Gesellschaft ist f\u00fcr mich ein spannendes wie aktuelles Thema, \u00fcber das ich gerne berichte. Wenn ich nicht gerade Zeitung lese oder meine Twittertimeline checke, schaue ich mir zur Entspannung Bundestagsdebatten im Fernsehen an. Seit M\u00e4rz dieses Jahres bin ich bei Polyas f\u00fcr die Pflege der Social Media Kan\u00e4le zust\u00e4ndig, schreibe Blogartikel und unterst\u00fctze das Online-Marketing-Team.","sameAs":["http:\/\/www.polyas.de"],"url":"https:\/\/www.polyas.de\/blog\/author\/e-utterodt"}]}},"jetpack_featured_media_url":"https:\/\/www.polyas.de\/blog\/wp-content\/uploads\/2016\/03\/Wahl-News.png","jetpack_publicize_connections":[],"jetpack_shortlink":"https:\/\/wp.me\/p72Pnr-Fb","jetpack-related-posts":[{"id":2562,"url":"https:\/\/www.polyas.de\/blog\/de\/online-wahlen\/wahlsystem-zur-bundespraesidentenwahl-in-oesterreich","url_meta":{"origin":2553,"position":0},"title":"Das Wahlsystem zum Bundespr\u00e4sidenten in \u00d6sterreich","date":"01\/04\/2016","format":false,"excerpt":"Am 24. April 2016 wird in \u00d6sterreich der\u00a0neue Bundespr\u00e4sident gew\u00e4hlt. Erfahren Sie mehr \u00fcber\u00a0das Wahlsystem und das Amt des \u00f6sterreichischen Bundespr\u00e4sidenten. Die Bundespr\u00e4sidentenwahl \u00d6sterreichs in K\u00fcrze Der Bundespr\u00e4sident ist das Staatsoberhaupt \u00d6sterreichs. Er wird\u00a0direkt durch das Bundesvolk gew\u00e4hlt. Damit der Gewinner der Wahl sein Amt mit der Angelobung am 8.\u2026","rel":"","context":"In &quot;Wahl News&quot;","img":{"alt_text":"In Spanien und der Schweiz wurde abgestimmt","src":"https:\/\/i0.wp.com\/www.polyas.de\/blog\/wp-content\/uploads\/2016\/03\/Wahl-News.png?resize=350%2C200&ssl=1","width":350,"height":200},"classes":[]},{"id":3535,"url":"https:\/\/www.polyas.de\/blog\/de\/online-wahlen\/bundespraesidentenwahl-oesterreich","url_meta":{"origin":2553,"position":1},"title":"Wahlen in \u00d6sterreich: Pannenschleife ohne Aussicht?","date":"27\/10\/2016","format":false,"excerpt":"Aus \u00d6sterreich kamen in den letzten Wochen und Monaten immer wieder Negativschlagzeilen.\u00a0Der Grund daf\u00fcr waren mehrere Probleme bei der Bundespr\u00e4sidentenwahl.\u00a0Wir haben uns die Wahlpannen in \u00d6sterreich mal genauer angeschaut. Alles fing ganz harmlos an\u2026 Anders als in Deutschland wird der Bundespr\u00e4sident in \u00d6sterreich direkt von der Bev\u00f6lkerung gew\u00e4hlt.\u00a0Welche Aufgaben der\u2026","rel":"","context":"In &quot;Wahl News&quot;","img":{"alt_text":"Die Bundespr\u00e4sidentenwahl in \u00d6sterreich steht unter keinem guten Stern","src":"https:\/\/i0.wp.com\/www.polyas.de\/blog\/wp-content\/uploads\/2016\/10\/Wahlpannen_bpw_O--sterreich.png?resize=350%2C200&ssl=1","width":350,"height":200},"classes":[]},{"id":3753,"url":"https:\/\/www.polyas.de\/blog\/de\/online-wahlen\/wahlen-oesterreich-italien","url_meta":{"origin":2553,"position":2},"title":"Wahlnews: Ein durchwachsener Sonntag f\u00fcr die EU","date":"05\/12\/2016","format":false,"excerpt":"Immer wieder sonntags...\u00a0\u00a0Die Bundespr\u00e4sidentenwahl in \u00d6sterreich und das Verfassungsreferendum in Italien zogen\u00a0internationales\u00a0Interesse auf sich. In der Alpenrepublik hat Alexander Van der Bellen die Bundespr\u00e4sidentenwahl gewonnen und sich gegen den Kandidaten der rechten FP\u00d6, Nobert Hofer, durchgesetzt. In Italien scheiterte\u00a0der sozialdemokratische Ministerpr\u00e4sident Matteo Renzi mit seinem Referendum \u00fcber die Neugestaltung des\u2026","rel":"","context":"In &quot;Wahl News&quot;","img":{"alt_text":"In Spanien und der Schweiz wurde abgestimmt","src":"https:\/\/i0.wp.com\/www.polyas.de\/blog\/wp-content\/uploads\/2016\/03\/Wahl-News.png?resize=350%2C200&ssl=1","width":350,"height":200},"classes":[]},{"id":2577,"url":"https:\/\/www.polyas.de\/blog\/de\/online-wahlen\/bundespraesidentenwahl-in-oesterreich-zaesur-mit-symbolkraft","url_meta":{"origin":2553,"position":3},"title":"Bundespr\u00e4sidentenwahl in \u00d6sterreich: Z\u00e4sur mit Symbolkraft?","date":"25\/04\/2016","format":false,"excerpt":"Immer wieder sonntags: Am 24.04.2016 waren 6,4 Millionen \u00d6sterreicher ab 16 Jahren dazu aufgerufen einen neuen Bundespr\u00e4sidenten zu w\u00e4hlen. Die Wahlbeteiligung war mit 68% \u00fcberraschend hoch. Wir berichten in unseren #WahlNews Die Ergebnisse im \u00dcberblick: FP\u00d6 Kandidat Norbert Hofer erhielt mit 35,3% die meisten Stimmen Alexander Van der Bellen liegt\u2026","rel":"","context":"In &quot;Wahl News&quot;","img":{"alt_text":"In Spanien und der Schweiz wurde abgestimmt","src":"https:\/\/i0.wp.com\/www.polyas.de\/blog\/wp-content\/uploads\/2016\/03\/Wahl-News.png?resize=350%2C200&ssl=1","width":350,"height":200},"classes":[]},{"id":2731,"url":"https:\/\/www.polyas.de\/blog\/de\/online-wahlen\/oesterreich-ist-ein-gespaltenes-land","url_meta":{"origin":2553,"position":4},"title":"\u00d6sterreich ist ein gespaltenes Land","date":"23\/05\/2016","format":false,"excerpt":"Immer wieder sonntags: Gestern wurde in \u00d6sterreich ein neuer Bundespr\u00e4sident gew\u00e4hlt, aber erst am Montag am sp\u00e4ten Nachmittag war klar: Alexander van der Bellen ist der Bundespr\u00e4sident. Ein realer Polit-Krimi spielte sich in der Alpenrepublik ab. Alle Infos zur Bundespr\u00e4sidentenwahl in unseren #WahlNews. Die Ergebnisse im \u00dcberblick: Zun\u00e4chst kein klares\u2026","rel":"","context":"In &quot;Wahl News&quot;","img":{"alt_text":"In Spanien und der Schweiz wurde abgestimmt","src":"https:\/\/i0.wp.com\/www.polyas.de\/blog\/wp-content\/uploads\/2016\/03\/Wahl-News.png?resize=350%2C200&ssl=1","width":350,"height":200},"classes":[]},{"id":4141,"url":"https:\/\/www.polyas.de\/blog\/de\/online-wahlen\/bundespraesidentenwahl-ablauf","url_meta":{"origin":2553,"position":5},"title":"Bundespr\u00e4sidentenwahl \u2013 So funktionierts","date":"30\/01\/2017","format":false,"excerpt":"Am 12. Februar wird ein neuer Bundespr\u00e4sident in Deutschland gew\u00e4hlt. Er\u00a0geh\u00f6rt zwar zu keiner der Staatsgewalten, verk\u00f6rpert aber als \u201eerster Mann\u201c \u00a0Deutschlands, die \u201eEinheit des Staates\u201c. Seit 1949 wird er alle f\u00fcnf Jahre durch die Bundesversammlung gew\u00e4hlt. Wir erkl\u00e4ren, wie die Bundespr\u00e4sidentenwahl abl\u00e4uft und welche Aufgaben der Bundespr\u00e4sident hat. Kriterien\u2026","rel":"","context":"In &quot;Wahl News&quot;","img":{"alt_text":"","src":"","width":0,"height":0},"classes":[]}],"_links":{"self":[{"href":"https:\/\/www.polyas.de\/blog\/wp-json\/wp\/v2\/posts\/2553"}],"collection":[{"href":"https:\/\/www.polyas.de\/blog\/wp-json\/wp\/v2\/posts"}],"about":[{"href":"https:\/\/www.polyas.de\/blog\/wp-json\/wp\/v2\/types\/post"}],"author":[{"embeddable":true,"href":"https:\/\/www.polyas.de\/blog\/wp-json\/wp\/v2\/users\/266"}],"replies":[{"embeddable":true,"href":"https:\/\/www.polyas.de\/blog\/wp-json\/wp\/v2\/comments?post=2553"}],"version-history":[{"count":8,"href":"https:\/\/www.polyas.de\/blog\/wp-json\/wp\/v2\/posts\/2553\/revisions"}],"predecessor-version":[{"id":2705,"href":"https:\/\/www.polyas.de\/blog\/wp-json\/wp\/v2\/posts\/2553\/revisions\/2705"}],"wp:featuredmedia":[{"embeddable":true,"href":"https:\/\/www.polyas.de\/blog\/wp-json\/wp\/v2\/media\/2343"}],"wp:attachment":[{"href":"https:\/\/www.polyas.de\/blog\/wp-json\/wp\/v2\/media?parent=2553"}],"wp:term":[{"taxonomy":"category","embeddable":true,"href":"https:\/\/www.polyas.de\/blog\/wp-json\/wp\/v2\/categories?post=2553"},{"taxonomy":"post_tag","embeddable":true,"href":"https:\/\/www.polyas.de\/blog\/wp-json\/wp\/v2\/tags?post=2553"}],"curies":[{"name":"wp","href":"https:\/\/api.w.org\/{rel}","templated":true}]}}