{"id":2487,"date":"2016-04-10T16:18:11","date_gmt":"2016-04-10T14:18:11","guid":{"rendered":"https:\/\/www.polyas.de\/blog\/?p=2487"},"modified":"2016-04-25T21:26:50","modified_gmt":"2016-04-25T19:26:50","slug":"haben-die-peruaner-einen-elektrakomplex","status":"publish","type":"post","link":"https:\/\/www.polyas.de\/blog\/de\/online-wahlen\/haben-die-peruaner-einen-elektrakomplex","title":{"rendered":"Haben die Peruaner einen Elektrakomplex?"},"content":{"rendered":"<p><!--more-->Seit der R\u00fcckkehr zur Demokratie im Jahr 2000 haben die Peruaner am 10. April 2016 zum vierten Mal einen Pr\u00e4sidenten, zwei Vizepr\u00e4sidenten, 130 Kongressabgeordnete und 5 Abgeordnete f\u00fcr das Andenparlament gew\u00e4hlt. Insgesamt 23 Millionen Peruaner waren zum Urnengang aufgerufen.<\/p>\n<h3>Keine absolute Mehrheit f\u00fcr Keiko Sof\u00eda Fujimori<\/h3>\n<p>Die Tochter des ehemaligen Staatschefs Alberto Fujimori erzielte 39,2 % der Stimmen und zieht am 5. Juni gegen Pedro Pablo Kuczynski, der 24,3 % der Stimmen holte, in die Stichwahl.<\/p>\n<h3>Turbulenter Wahlkampf<\/h3>\n<p>Viel hat man im Vorfeld \u00fcber den Wahlkampf und die verschiedenen Kandidaten und Kandidatinnen geh\u00f6rt.<br \/>\nDiskussionen regte vor allem die Favoritin f\u00fcr das Pr\u00e4sidentenamt Keiko Sof\u00eda Fujimori an. Sie\u00a0ist die Tochter des ehemaligen peruanischen Potentaten Alberto Fujimori, der am 05. April 1992 den Kongress aufl\u00f6ste und das Land bis zum Jahr 2000 allein regierte. Alberto Fujimori ist verantwortlich f\u00fcr die Zwangssterilisierung von etwa 375.000 Frauen und M\u00e4nnern im ganzen Land. Unter dem Deckmantel der Familienplanung und Armutsbek\u00e4mpfung wurden zwischen 1996 und 2001 M\u00e4nner und Frauen oft ohne Narkose unfruchtbar gemacht. Amnestie International spricht von einem der schlimmsten Verbrechen gegen die Menschenrechte Amerikas. Wegen des Einsatzes von Todesschwadronen wurde Fujimori im Jahr 2009 schlie\u00dflich zu 25 Jahren Haft verurteilt.<br \/>\nZum zweiten Mal trat nun seine Tochter Keiko bei der Pr\u00e4sidentschaftswahl in Peru an.<\/p>\n<h3>Wie weit f\u00e4llt der Apfel vom Stamm?<\/h3>\n<p>Lange leugnete Keiko Fujimori, die Vergehen ihres Vaters. So sprach sie einmal von insgesamt 30 von der Zwangssterilisierung betroffenen Frauen in ganz Peru. Zu bef\u00fcrchten steht, dass Fujimori das Land zur\u00fcck in die Diktatur f\u00fchrt und zudem ihren Vater begnadigen l\u00e4sst.<br \/>\nViele Peruaner unterst\u00fctzen Keiko Fujimori trotzdem, weil sie der Meinung sind, dass das Land ihrem Vater viel verdankt, so bek\u00e4mpfte er beispielsweise den linken Terror und verschaffte dem Land einen kleinen wirtschaftlichen Aufschwung.<br \/>\nWirtschaftlichen Aufschwung und eine bessere Infrastruktur versprechen sich die Anh\u00e4nger auch von Keiko Sof\u00eda Fujimori, die den \u201ePlan Peru\u201c angek\u00fcndigt hat. Mehr Geld f\u00fcr Bildung, Transport und Gesundheit und eine h\u00e4rtere Hand gegen Verbrecher, mit Hilfe des Milit\u00e4rs. Diese Politik erinnert stark an den korrupten Vater. Zwar gelobte Fujimori im Vorfeld die Werte der Demokratie zu wahren, doch einige\u00a0Peruaner hegen Zweifel an der Politik der 40-j\u00e4hrigen.<\/p>\n<div id=\"attachment_2490\" style=\"width: 780px\" class=\"wp-caption aligncenter\"><a href=\"https:\/\/www.polyas.de\/blog\/wp-content\/uploads\/2016\/04\/Keiko_Fujimori.jpg\" rel=\"attachment wp-att-2490\"><img aria-describedby=\"caption-attachment-2490\" loading=\"lazy\" class=\"wp-image-2490 size-large\" src=\"https:\/\/www.polyas.de\/blog\/wp-content\/uploads\/2016\/04\/Keiko_Fujimori-1024x681.jpg\" alt=\"Keiko_Fujimori\" width=\"770\" height=\"512\" \/><\/a><p id=\"caption-attachment-2490\" class=\"wp-caption-text\">Pr\u00e4sidentschaftskandidatin Keiko Sof\u00eda Fujimori<\/p><\/div>\n<h3>Die H\u00e4lfte der Kandidaten trat im Vorfeld zur\u00fcck<\/h3>\n<p>Insgesamt traten 19 Kandidaten zur Pr\u00e4sidentschaftswahl an, doch fast die H\u00e4lfte zog die\u00a0Kandidatur zur\u00fcck oder wurde wegen formaler Fehler und Stimmenkauf ausgeschlossen.<br \/>\nAuch Keiko Fujimori stand unter dem Verdacht des Stimmenkaufs, aber die Wahlkommission entschied sich, sie nicht auszuschlie\u00dfen. In die Kritik geriet Fujimori au\u00dferdem, weil einer ihrer wichtigsten Wahlkampf-Financiers an einer Briefkastenfirma der Kanzlei Mossack Fonseca beteiligt sein soll. Diese l\u00f6ste in der vorletzten und letzten Woche mit den \u201ePanama Papers\u201c einen Skandal aus. Informanten, die Daten der Kanzlei weitergaben, beweisen, dass verschiedene Staatschefs mit Hilfe von Mossack Fonseca Steuern hinterzogen haben.<\/p>\n<h3>Proteste gegen Fujimori und die Wahlkommission<\/h3>\n<p>Nicht alle Peruaner sind mit der Wahlkommission zur Pr\u00e4sidentschaftswahl 2016 einverstanden. Sie werfen ihr Korruption und parteiisches Handeln vor. Aufgrund der Korruptionsvorw\u00fcrfe gegen Keiko Fujimori und die Wahlkommission gab es im Vorfeld der Wahl starke Proteste. Zuletzt starben am Samstag sieben Menschen bei zwei Angriffen, die der kommunistischen Guerilla &#8220;Leuchtender Pfad&#8221; zugeschrieben werden.<\/p>\n<h3>Eine Pr\u00e4sidentin in Peru?<\/h3>\n<p>Zehn Kandidaten stellten sich am gestrigen Sonntag zur Wahl, nur zwei von ihnen konnten Keiko Fujimori ernsthafte Konkurrenz machen. Die Linke Ver\u00f3nika Mendoza und der 77-j\u00e4hrige Pedro Pablo Kuczynski.<br \/>\nNachdem Mandoza gestern 16,6 % der Stimmen erzielen konnte, sieht es so aus, als w\u00fcrde Fujimori in der Stichwahl gegen den 77-j\u00e4hrigen Pedro Pablo Kuczynski antreten, der ebenso wie sie ein neoliberales Wirtschaftssystem vertritt und als Kandidat der Unternehmer gilt. In der Stichwahl am 5. Juni wird sich entscheiden, welcher Kandidat die absolute Mehrheit der Stimmen erzielt und Pr\u00e4sident oder Pr\u00e4sidentin wird.<\/p>\n","protected":false},"excerpt":{"rendered":"","protected":false},"author":266,"featured_media":2343,"comment_status":"open","ping_status":"open","sticky":false,"template":"","format":"standard","meta":{"_eb_attr":"","ub_ctt_via":"","spay_email":"","jetpack_publicize_message":"","jetpack_is_tweetstorm":false,"jetpack_publicize_feature_enabled":true},"categories":[8],"tags":[612,501,618,616,610,614,499,536],"featured_image_src":"https:\/\/www.polyas.de\/blog\/wp-content\/uploads\/2016\/03\/Wahl-News.png","author_info":{"display_name":"Elisa Utterodt","author_link":"https:\/\/www.polyas.de\/blog\/author\/e-utterodt"},"yoast_head":"<!-- This site is optimized with the Yoast SEO plugin v19.9 - https:\/\/yoast.com\/wordpress\/plugins\/seo\/ -->\n<title>Peru: Keiko Sof\u00eda Fujimori erh\u00e4lt 40% der Stimmen<\/title>\n<meta name=\"description\" content=\"Die Tochter von Alberto Fujimori erzielt in der ersten Wahlrunde knapp 40% der Stimmen und tritt im Juni zur Stichwahl an.\" \/>\n<meta name=\"robots\" content=\"index, follow, max-snippet:-1, max-image-preview:large, max-video-preview:-1\" \/>\n<link rel=\"canonical\" href=\"https:\/\/www.polyas.de\/blog\/de\/online-wahlen\/haben-die-peruaner-einen-elektrakomplex\" \/>\n<meta property=\"og:locale\" content=\"de_DE\" \/>\n<meta property=\"og:type\" content=\"article\" \/>\n<meta property=\"og:title\" content=\"Peru: Keiko Sof\u00eda Fujimori erh\u00e4lt 40% der Stimmen\" \/>\n<meta property=\"og:description\" content=\"Die Tochter von Alberto Fujimori erzielt in der ersten Wahlrunde knapp 40% der Stimmen und tritt im Juni zur Stichwahl an.\" \/>\n<meta property=\"og:url\" content=\"https:\/\/www.polyas.de\/blog\/de\/online-wahlen\/haben-die-peruaner-einen-elektrakomplex\" \/>\n<meta property=\"og:site_name\" content=\"POLYAS\" \/>\n<meta property=\"article:published_time\" content=\"2016-04-10T14:18:11+00:00\" \/>\n<meta property=\"article:modified_time\" content=\"2016-04-25T19:26:50+00:00\" \/>\n<meta property=\"og:image\" content=\"https:\/\/i0.wp.com\/www.polyas.de\/blog\/wp-content\/uploads\/2016\/03\/Wahl-News.png?fit=730%2C410&ssl=1\" \/>\n\t<meta property=\"og:image:width\" content=\"730\" \/>\n\t<meta property=\"og:image:height\" content=\"410\" \/>\n\t<meta property=\"og:image:type\" content=\"image\/png\" \/>\n<meta name=\"author\" content=\"Elisa Utterodt\" \/>\n<meta name=\"twitter:card\" content=\"summary_large_image\" \/>\n<meta name=\"twitter:label1\" content=\"Verfasst von\" \/>\n\t<meta name=\"twitter:data1\" content=\"Elisa Utterodt\" \/>\n\t<meta name=\"twitter:label2\" content=\"Gesch\u00e4tzte Lesezeit\" \/>\n\t<meta name=\"twitter:data2\" content=\"3 Minuten\" \/>\n<script type=\"application\/ld+json\" class=\"yoast-schema-graph\">{\"@context\":\"https:\/\/schema.org\",\"@graph\":[{\"@type\":\"WebPage\",\"@id\":\"https:\/\/www.polyas.de\/blog\/de\/online-wahlen\/haben-die-peruaner-einen-elektrakomplex\",\"url\":\"https:\/\/www.polyas.de\/blog\/de\/online-wahlen\/haben-die-peruaner-einen-elektrakomplex\",\"name\":\"Peru: Keiko Sof\u00eda Fujimori erh\u00e4lt 40% der Stimmen\",\"isPartOf\":{\"@id\":\"https:\/\/www.polyas.de\/blog\/#website\"},\"datePublished\":\"2016-04-10T14:18:11+00:00\",\"dateModified\":\"2016-04-25T19:26:50+00:00\",\"author\":{\"@id\":\"https:\/\/www.polyas.de\/blog\/#\/schema\/person\/d3b137ca4a3ac64e5529b95494ecdfb7\"},\"description\":\"Die Tochter von Alberto Fujimori erzielt in der ersten Wahlrunde knapp 40% der Stimmen und tritt im Juni zur Stichwahl an.\",\"breadcrumb\":{\"@id\":\"https:\/\/www.polyas.de\/blog\/de\/online-wahlen\/haben-die-peruaner-einen-elektrakomplex#breadcrumb\"},\"inLanguage\":\"de-DE\",\"potentialAction\":[{\"@type\":\"ReadAction\",\"target\":[\"https:\/\/www.polyas.de\/blog\/de\/online-wahlen\/haben-die-peruaner-einen-elektrakomplex\"]}]},{\"@type\":\"BreadcrumbList\",\"@id\":\"https:\/\/www.polyas.de\/blog\/de\/online-wahlen\/haben-die-peruaner-einen-elektrakomplex#breadcrumb\",\"itemListElement\":[{\"@type\":\"ListItem\",\"position\":1,\"name\":\"Startseite\",\"item\":\"https:\/\/www.polyas.de\/blog\/de\"},{\"@type\":\"ListItem\",\"position\":2,\"name\":\"Haben die Peruaner einen Elektrakomplex?\"}]},{\"@type\":\"WebSite\",\"@id\":\"https:\/\/www.polyas.de\/blog\/#website\",\"url\":\"https:\/\/www.polyas.de\/blog\/\",\"name\":\"POLYAS\",\"description\":\"the blog for secure online voting\",\"potentialAction\":[{\"@type\":\"SearchAction\",\"target\":{\"@type\":\"EntryPoint\",\"urlTemplate\":\"https:\/\/www.polyas.de\/blog\/?s={search_term_string}\"},\"query-input\":\"required name=search_term_string\"}],\"inLanguage\":\"de-DE\"},{\"@type\":\"Person\",\"@id\":\"https:\/\/www.polyas.de\/blog\/#\/schema\/person\/d3b137ca4a3ac64e5529b95494ecdfb7\",\"name\":\"Elisa Utterodt\",\"image\":{\"@type\":\"ImageObject\",\"inLanguage\":\"de-DE\",\"@id\":\"https:\/\/www.polyas.de\/blog\/#\/schema\/person\/image\/\",\"url\":\"https:\/\/secure.gravatar.com\/avatar\/cf7a59b9c85a71b6e6a938c051dd6eec?s=96&d=mm&r=g\",\"contentUrl\":\"https:\/\/secure.gravatar.com\/avatar\/cf7a59b9c85a71b6e6a938c051dd6eec?s=96&d=mm&r=g\",\"caption\":\"Elisa Utterodt\"},\"description\":\"Egal ob in \u00d6sterreich, Syrien oder den USA, politische Entscheidungen und Demokratie sind f\u00fcr mich nicht nur in Deutschland von Belang. Vor allem der Einfluss der Digitalisierung auf Kultur und Gesellschaft ist f\u00fcr mich ein spannendes wie aktuelles Thema, \u00fcber das ich gerne berichte. Wenn ich nicht gerade Zeitung lese oder meine Twittertimeline checke, schaue ich mir zur Entspannung Bundestagsdebatten im Fernsehen an. Seit M\u00e4rz dieses Jahres bin ich bei Polyas f\u00fcr die Pflege der Social Media Kan\u00e4le zust\u00e4ndig, schreibe Blogartikel und unterst\u00fctze das Online-Marketing-Team.\",\"sameAs\":[\"http:\/\/www.polyas.de\"],\"url\":\"https:\/\/www.polyas.de\/blog\/author\/e-utterodt\"}]}<\/script>\n<!-- \/ Yoast SEO plugin. -->","yoast_head_json":{"title":"Peru: Keiko Sof\u00eda Fujimori erh\u00e4lt 40% der Stimmen","description":"Die Tochter von Alberto Fujimori erzielt in der ersten Wahlrunde knapp 40% der Stimmen und tritt im Juni zur Stichwahl an.","robots":{"index":"index","follow":"follow","max-snippet":"max-snippet:-1","max-image-preview":"max-image-preview:large","max-video-preview":"max-video-preview:-1"},"canonical":"https:\/\/www.polyas.de\/blog\/de\/online-wahlen\/haben-die-peruaner-einen-elektrakomplex","og_locale":"de_DE","og_type":"article","og_title":"Peru: Keiko Sof\u00eda Fujimori erh\u00e4lt 40% der Stimmen","og_description":"Die Tochter von Alberto Fujimori erzielt in der ersten Wahlrunde knapp 40% der Stimmen und tritt im Juni zur Stichwahl an.","og_url":"https:\/\/www.polyas.de\/blog\/de\/online-wahlen\/haben-die-peruaner-einen-elektrakomplex","og_site_name":"POLYAS","article_published_time":"2016-04-10T14:18:11+00:00","article_modified_time":"2016-04-25T19:26:50+00:00","og_image":[{"width":730,"height":410,"url":"https:\/\/i0.wp.com\/www.polyas.de\/blog\/wp-content\/uploads\/2016\/03\/Wahl-News.png?fit=730%2C410&ssl=1","type":"image\/png"}],"author":"Elisa Utterodt","twitter_card":"summary_large_image","twitter_misc":{"Verfasst von":"Elisa Utterodt","Gesch\u00e4tzte Lesezeit":"3 Minuten"},"schema":{"@context":"https:\/\/schema.org","@graph":[{"@type":"WebPage","@id":"https:\/\/www.polyas.de\/blog\/de\/online-wahlen\/haben-die-peruaner-einen-elektrakomplex","url":"https:\/\/www.polyas.de\/blog\/de\/online-wahlen\/haben-die-peruaner-einen-elektrakomplex","name":"Peru: Keiko Sof\u00eda Fujimori erh\u00e4lt 40% der Stimmen","isPartOf":{"@id":"https:\/\/www.polyas.de\/blog\/#website"},"datePublished":"2016-04-10T14:18:11+00:00","dateModified":"2016-04-25T19:26:50+00:00","author":{"@id":"https:\/\/www.polyas.de\/blog\/#\/schema\/person\/d3b137ca4a3ac64e5529b95494ecdfb7"},"description":"Die Tochter von Alberto Fujimori erzielt in der ersten Wahlrunde knapp 40% der Stimmen und tritt im Juni zur Stichwahl an.","breadcrumb":{"@id":"https:\/\/www.polyas.de\/blog\/de\/online-wahlen\/haben-die-peruaner-einen-elektrakomplex#breadcrumb"},"inLanguage":"de-DE","potentialAction":[{"@type":"ReadAction","target":["https:\/\/www.polyas.de\/blog\/de\/online-wahlen\/haben-die-peruaner-einen-elektrakomplex"]}]},{"@type":"BreadcrumbList","@id":"https:\/\/www.polyas.de\/blog\/de\/online-wahlen\/haben-die-peruaner-einen-elektrakomplex#breadcrumb","itemListElement":[{"@type":"ListItem","position":1,"name":"Startseite","item":"https:\/\/www.polyas.de\/blog\/de"},{"@type":"ListItem","position":2,"name":"Haben die Peruaner einen Elektrakomplex?"}]},{"@type":"WebSite","@id":"https:\/\/www.polyas.de\/blog\/#website","url":"https:\/\/www.polyas.de\/blog\/","name":"POLYAS","description":"the blog for secure online voting","potentialAction":[{"@type":"SearchAction","target":{"@type":"EntryPoint","urlTemplate":"https:\/\/www.polyas.de\/blog\/?s={search_term_string}"},"query-input":"required name=search_term_string"}],"inLanguage":"de-DE"},{"@type":"Person","@id":"https:\/\/www.polyas.de\/blog\/#\/schema\/person\/d3b137ca4a3ac64e5529b95494ecdfb7","name":"Elisa Utterodt","image":{"@type":"ImageObject","inLanguage":"de-DE","@id":"https:\/\/www.polyas.de\/blog\/#\/schema\/person\/image\/","url":"https:\/\/secure.gravatar.com\/avatar\/cf7a59b9c85a71b6e6a938c051dd6eec?s=96&d=mm&r=g","contentUrl":"https:\/\/secure.gravatar.com\/avatar\/cf7a59b9c85a71b6e6a938c051dd6eec?s=96&d=mm&r=g","caption":"Elisa Utterodt"},"description":"Egal ob in \u00d6sterreich, Syrien oder den USA, politische Entscheidungen und Demokratie sind f\u00fcr mich nicht nur in Deutschland von Belang. Vor allem der Einfluss der Digitalisierung auf Kultur und Gesellschaft ist f\u00fcr mich ein spannendes wie aktuelles Thema, \u00fcber das ich gerne berichte. Wenn ich nicht gerade Zeitung lese oder meine Twittertimeline checke, schaue ich mir zur Entspannung Bundestagsdebatten im Fernsehen an. Seit M\u00e4rz dieses Jahres bin ich bei Polyas f\u00fcr die Pflege der Social Media Kan\u00e4le zust\u00e4ndig, schreibe Blogartikel und unterst\u00fctze das Online-Marketing-Team.","sameAs":["http:\/\/www.polyas.de"],"url":"https:\/\/www.polyas.de\/blog\/author\/e-utterodt"}]}},"jetpack_featured_media_url":"https:\/\/www.polyas.de\/blog\/wp-content\/uploads\/2016\/03\/Wahl-News.png","jetpack_publicize_connections":[],"jetpack_shortlink":"https:\/\/wp.me\/p72Pnr-E7","jetpack-related-posts":[{"id":2820,"url":"https:\/\/www.polyas.de\/blog\/de\/online-wahlen\/kein-grundeinkommen-in-der-schweiz-knapper-ausgang-der-stichwahl-in-peru-und-eine-populistin-als-buergermeisterin-von-rom","url_meta":{"origin":2487,"position":0},"title":"Kein Grundeinkommen, eine knappe Stichwahl und Kommunalwahlen","date":"06\/06\/2016","format":false,"excerpt":"Immer wieder sonntags: In unseren #WahlNews ist diese Woche kurz vor dem Sommerloch nochmal einiges los.Die Schweizer stimmen gegen das bedingungslose Grundeinkommen. Die Peruaner haben auch nach der Stichwahl kein neues Staatsoberhaupt. In Rom zieht die Kandidatin der populistischen 5-Sterne-Bewegung (M5S) in die Stichwahl um das B\u00fcrgermeisteramt ein. Die Geschehnisse\u2026","rel":"","context":"In &quot;Wahl News&quot;","img":{"alt_text":"In Spanien und der Schweiz wurde abgestimmt","src":"https:\/\/i0.wp.com\/www.polyas.de\/blog\/wp-content\/uploads\/2016\/03\/Wahl-News.png?resize=350%2C200&ssl=1","width":350,"height":200},"classes":[]},{"id":6320,"url":"https:\/\/www.polyas.de\/blog\/de\/online-wahlen\/praesidentschaftswahl-zypern-costa-rica","url_meta":{"origin":2487,"position":1},"title":"Ein neuer Pr\u00e4sident in Zypern und eine Stichwahl in Costa Rica","date":"05\/02\/2018","format":false,"excerpt":"Am vergangenen Wochenende fanden zwei Pr\u00e4sidentschaftswahlen statt. In Zypern konnte sich Amtsinhaber Nikos Anastasiades durchsetzen w\u00e4hrend es in Costa Rica in rund zwei Monaten eine Stichwahl geben wird. Alle weiteren Infos gibts wie immer in unseren #WahlNews. Amtsinhaber bleibt Pr\u00e4sident in Zypern Die erste Runde der Pr\u00e4sidentschaftswahl Ende Januar hatte\u2026","rel":"","context":"In &quot;Wahl News&quot;","img":{"alt_text":"Alle Infos zu Parlamentswahlen, Pr\u00e4sidentschaftswahlen und sonstigen Wahlen rund um die Welt: in unseren #WahlNews","src":"https:\/\/i0.wp.com\/www.polyas.de\/blog\/wp-content\/uploads\/2017\/01\/Wahl-News-Schmal_810x280.png?resize=350%2C200&ssl=1","width":350,"height":200},"classes":[]},{"id":3693,"url":"https:\/\/www.polyas.de\/blog\/de\/online-wahlen\/francois-fillon-sitchwahl-frankreich","url_meta":{"origin":2487,"position":2},"title":"Konkurrenz f\u00fcr Marine Le Pen: Fillon wird Pr\u00e4sidentschaftskandidat","date":"28\/11\/2016","format":false,"excerpt":"In einer Stichwahl hat die konservative Partei gestern \u00fcber ihren Pr\u00e4sidentschaftskandidaten 2017 abgestimmt. Gewonnen hat der urspr\u00fcnglich als Au\u00dfenseiter gehandelte Fran\u00e7ois Fillon. Der ehemalige Premierminister steht f\u00fcr einen wirtschaftsliberalen Kurs und eine konservative Gesellschaftspolitik. Ergebnisse der Stichwahl in K\u00fcrze Fran\u00e7ois Fillon siegte mit 66,5% der Stimmen Er setzte sich gegen\u2026","rel":"","context":"In &quot;Wahl News&quot;","img":{"alt_text":"In Spanien und der Schweiz wurde abgestimmt","src":"https:\/\/i0.wp.com\/www.polyas.de\/blog\/wp-content\/uploads\/2016\/03\/Wahl-News.png?resize=350%2C200&ssl=1","width":350,"height":200},"classes":[]},{"id":6678,"url":"https:\/\/www.polyas.de\/blog\/de\/allgemein-de\/kolumbien-praesidentschaftswahl","url_meta":{"origin":2487,"position":3},"title":"Pr\u00e4sidentschaftswahlen in Kolumbien: Ein Land am Scheideweg","date":"28\/05\/2018","format":false,"excerpt":"Bei der Wahl in Kolumbien haben sich die Favoriten durchgesetzt: In die Stichwahl um das Pr\u00e4sidentenamt kommen der rechtskonservative Ivan Duque und der linke Gustavo Petro. Der Sieger entscheidet auch \u00fcber die Zukunft des Friedensvertrags mit der FARC. Kolumbien hat gew\u00e4hlt Der 41-j\u00e4hrige Anwalt Ivan Duque ist der klare Sieger\u2026","rel":"","context":"In &quot;\u00dcber POLYAS&quot;","img":{"alt_text":"Erfahren Sie alles Aktuelle \u00fcber die Parlamentswahl in der Ukraine","src":"https:\/\/i0.wp.com\/www.polyas.de\/blog\/wp-content\/uploads\/2016\/12\/Wahl-News-Schmal_810x280.png?resize=350%2C200&ssl=1","width":350,"height":200},"classes":[]},{"id":4328,"url":"https:\/\/www.polyas.de\/blog\/de\/online-wahlen\/wahlnews-praesidenschaftswahl-in-ecuador","url_meta":{"origin":2487,"position":4},"title":"#WahlNews: Pr\u00e4sidenschaftswahl In Ecuador","date":"20\/02\/2017","format":false,"excerpt":"Immer wieder sonntags... Am 19. Februar w\u00e4hlten 12,8 Millionen Wahlberechtigte den Nachfolger von Pr\u00e4sident Rafael Correa. Seit 2007 gelang es Correa als Staatsoberhaupt die extreme Armut im Land deutlich zu reduzieren. Jetzt wurde ein neuer Mann an die Spitze gew\u00e4hlt. In unseren #WahlNews berichten wir \u00fcber die Wahl im Anden-Land.\u2026","rel":"","context":"In &quot;Wahl News&quot;","img":{"alt_text":"Erfahren Sie alles Aktuelle \u00fcber die Parlamentswahl in der Ukraine","src":"https:\/\/i0.wp.com\/www.polyas.de\/blog\/wp-content\/uploads\/2016\/12\/Wahl-News-Schmal_810x280.png?resize=350%2C200&ssl=1","width":350,"height":200},"classes":[]},{"id":2577,"url":"https:\/\/www.polyas.de\/blog\/de\/online-wahlen\/bundespraesidentenwahl-in-oesterreich-zaesur-mit-symbolkraft","url_meta":{"origin":2487,"position":5},"title":"Bundespr\u00e4sidentenwahl in \u00d6sterreich: Z\u00e4sur mit Symbolkraft?","date":"25\/04\/2016","format":false,"excerpt":"Immer wieder sonntags: Am 24.04.2016 waren 6,4 Millionen \u00d6sterreicher ab 16 Jahren dazu aufgerufen einen neuen Bundespr\u00e4sidenten zu w\u00e4hlen. Die Wahlbeteiligung war mit 68% \u00fcberraschend hoch. Wir berichten in unseren #WahlNews Die Ergebnisse im \u00dcberblick: FP\u00d6 Kandidat Norbert Hofer erhielt mit 35,3% die meisten Stimmen Alexander Van der Bellen liegt\u2026","rel":"","context":"In &quot;Wahl News&quot;","img":{"alt_text":"In Spanien und der Schweiz wurde abgestimmt","src":"https:\/\/i0.wp.com\/www.polyas.de\/blog\/wp-content\/uploads\/2016\/03\/Wahl-News.png?resize=350%2C200&ssl=1","width":350,"height":200},"classes":[]}],"_links":{"self":[{"href":"https:\/\/www.polyas.de\/blog\/wp-json\/wp\/v2\/posts\/2487"}],"collection":[{"href":"https:\/\/www.polyas.de\/blog\/wp-json\/wp\/v2\/posts"}],"about":[{"href":"https:\/\/www.polyas.de\/blog\/wp-json\/wp\/v2\/types\/post"}],"author":[{"embeddable":true,"href":"https:\/\/www.polyas.de\/blog\/wp-json\/wp\/v2\/users\/266"}],"replies":[{"embeddable":true,"href":"https:\/\/www.polyas.de\/blog\/wp-json\/wp\/v2\/comments?post=2487"}],"version-history":[{"count":7,"href":"https:\/\/www.polyas.de\/blog\/wp-json\/wp\/v2\/posts\/2487\/revisions"}],"predecessor-version":[{"id":2598,"href":"https:\/\/www.polyas.de\/blog\/wp-json\/wp\/v2\/posts\/2487\/revisions\/2598"}],"wp:featuredmedia":[{"embeddable":true,"href":"https:\/\/www.polyas.de\/blog\/wp-json\/wp\/v2\/media\/2343"}],"wp:attachment":[{"href":"https:\/\/www.polyas.de\/blog\/wp-json\/wp\/v2\/media?parent=2487"}],"wp:term":[{"taxonomy":"category","embeddable":true,"href":"https:\/\/www.polyas.de\/blog\/wp-json\/wp\/v2\/categories?post=2487"},{"taxonomy":"post_tag","embeddable":true,"href":"https:\/\/www.polyas.de\/blog\/wp-json\/wp\/v2\/tags?post=2487"}],"curies":[{"name":"wp","href":"https:\/\/api.w.org\/{rel}","templated":true}]}}