{"id":2324,"date":"2016-03-23T09:26:12","date_gmt":"2016-03-23T08:26:12","guid":{"rendered":"https:\/\/www.polyas.de\/blog\/?p=2324"},"modified":"2016-03-23T09:53:10","modified_gmt":"2016-03-23T08:53:10","slug":"der-digitale-fruehjahsputz","status":"publish","type":"post","link":"https:\/\/www.polyas.de\/blog\/de\/digital-news\/der-digitale-fruehjahsputz","title":{"rendered":"Der digitale Fr\u00fchjahsputz"},"content":{"rendered":"<p>Der Fr\u00fchling hat uns endlich gepackt! Da kribbelt es uns doch in den Fingern,\u00a0endlich Fr\u00fchjahrsputz zu machen. Haben Sie gerade Ihren Kleiderschrank ausgemistet und den Keller aufger\u00e4umt? Sehr vorbildlich! Aber wie sieht es mit Ihrem PC und Ihren Daten aus?<\/p>\n<p><!--more--><\/p>\n<p>Viele vergessen, dass sich auch auf dem Computer und auf anderen Ger\u00e4ten Informationen und Inhalte h\u00e4ufen, die unn\u00f6tig Speicherkapazit\u00e4t ben\u00f6tigen und den Computer unsicherer machen.\u00a0Aber keine Bange, wir helfen Ihnen beim Aufr\u00e4umen und verraten Ihnen, was Sie beim digitalen Fr\u00fchjahrsputz beachten sollten.<\/p>\n<h3><strong>1. L\u00f6schen Sie unn\u00fctze Inhalte<\/strong><\/h3>\n<p>Sicher befinden sich auf Ihrem Computer, dem Smartphone oder Tablet Apps und Programme, die sie nicht mehr ben\u00f6tigen und l\u00f6schen k\u00f6nnen.<br \/>\nAber Achtung: Oft reicht es nicht, diese in den Papierkorb zu verschieben, denn das l\u00f6scht nur Verkn\u00fcpfungen und Verweise.<br \/>\nGehen Sie in die Systemeinstellungen ihres PCs, rufen Sie den Reiter Programme auf, w\u00e4hlen Sie das Programm aus, das Sie l\u00f6schen wollen und klicken Sie auf deinstallieren.\u00a0Nachdem Sie alles gel\u00f6scht haben, sollten Sie den Papierkorb leeren.<br \/>\n<strong>Tipp:<\/strong> Wenn Sie alte Ger\u00e4te entsorgen oder diese weitergeben, sollten Sie die Festplatte komplett \u00fcberschreiben und alle Ihre Daten l\u00f6schen.<\/p>\n<h3><strong>2. Entfernen Sie \u00fcberfl\u00fcssige\u00a0Online-Konten<\/strong><\/h3>\n<p>Sicher haben Sie sich auch schon auf verschiedenen Plattformen und Netzwerken angemeldet und am Ende festgestellt, dass sie diese gar nicht nutzen.\u00a0L\u00f6schen oder deaktivieren Sie diese.<br \/>\nUnn\u00f6tiger Aufwand, m\u00f6gen Sie jetzt vielleicht denken, aber das Vorhandensein ungenutzter Onlinekonten macht es Internetkriminellen leichter an Ihre Daten zu kommen.<br \/>\n<strong>Tipp:<\/strong> Sollten Sie die Funktion zum L\u00f6schen nicht direkt finden, hilft oftmals eine Suchmaschinenanfrage mit dem Inhalt \u201eL\u00f6schen Profil Name des Dienstes\u201c<\/p>\n<h3><strong>3. Erstellen Sie Backups und sichern Sie Ihre Daten<\/strong><\/h3>\n<p>Wenn Ihnen Ihr Ger\u00e4t geklaut wird oder es kaputt geht, sind auch Ihre Daten weg. Deshalb sollten Sie mit Hilfe von Backups vorsorgen. F\u00fchren Sie Backups am besten regelm\u00e4\u00dfig durch und \u00fcberpr\u00fcfen Sie im Nachhinein, ob die Daten wirklich wieder herstellbar sind.<br \/>\n<strong>Tipp:<\/strong> Um Daten zu sichern und Backups zu erstellen, bieten sich externe Speichermedien, wie Festplatten, an.<\/p>\n<div id=\"attachment_2337\" style=\"width: 780px\" class=\"wp-caption aligncenter\"><a href=\"https:\/\/www.polyas.de\/blog\/wp-content\/uploads\/2016\/03\/Computerschrott-e1458664044192.jpg\" rel=\"attachment wp-att-2337\"><img aria-describedby=\"caption-attachment-2337\" data-attachment-id=\"2337\" data-permalink=\"https:\/\/www.polyas.de\/blog\/de\/digital-news\/der-digitale-fruehjahsputz\/attachment\/computerschrott\" data-orig-file=\"https:\/\/www.polyas.de\/blog\/wp-content\/uploads\/2016\/03\/Computerschrott-e1458664044192.jpg\" data-orig-size=\"1539,827\" data-comments-opened=\"1\" data-image-meta=\"{&quot;aperture&quot;:&quot;7.5&quot;,&quot;credit&quot;:&quot;&quot;,&quot;camera&quot;:&quot;E995&quot;,&quot;caption&quot;:&quot;&quot;,&quot;created_timestamp&quot;:&quot;1090853658&quot;,&quot;copyright&quot;:&quot;&quot;,&quot;focal_length&quot;:&quot;8.2&quot;,&quot;iso&quot;:&quot;200&quot;,&quot;shutter_speed&quot;:&quot;0.008&quot;,&quot;title&quot;:&quot;&quot;,&quot;orientation&quot;:&quot;1&quot;}\" data-image-title=\"Computerschrott\" data-image-description=\"\" data-image-caption=\"\" data-medium-file=\"https:\/\/www.polyas.de\/blog\/wp-content\/uploads\/2016\/03\/Computerschrott-e1458664044192-300x161.jpg\" data-large-file=\"https:\/\/www.polyas.de\/blog\/wp-content\/uploads\/2016\/03\/Computerschrott-e1458664044192-1024x550.jpg\" loading=\"lazy\" class=\"wp-image-2337 size-large\" src=\"https:\/\/www.polyas.de\/blog\/wp-content\/uploads\/2016\/03\/Computerschrott-e1458664044192-1024x550.jpg\" alt=\"Computerchaos\" width=\"770\" height=\"414\" srcset=\"https:\/\/www.polyas.de\/blog\/wp-content\/uploads\/2016\/03\/Computerschrott-e1458664044192-1024x550.jpg 1024w, https:\/\/www.polyas.de\/blog\/wp-content\/uploads\/2016\/03\/Computerschrott-e1458664044192-300x161.jpg 300w, https:\/\/www.polyas.de\/blog\/wp-content\/uploads\/2016\/03\/Computerschrott-e1458664044192-768x413.jpg 768w, https:\/\/www.polyas.de\/blog\/wp-content\/uploads\/2016\/03\/Computerschrott-e1458664044192-500x269.jpg 500w, https:\/\/www.polyas.de\/blog\/wp-content\/uploads\/2016\/03\/Computerschrott-e1458664044192.jpg 1539w\" sizes=\"(max-width: 770px) 100vw, 770px\" \/><\/a><p id=\"caption-attachment-2337\" class=\"wp-caption-text\">Daten sichern und unn\u00fctze Programme l\u00f6schen, damit es bei Ihnen nicht so aussieht.<\/p><\/div>\n<p>&nbsp;<\/p>\n<h3>4. Unterziehen Sie\u00a0Ihre Passw\u00f6rter\u00a0einem neuen Test<\/h3>\n<p>Ja, es ist bequem und einfach f\u00fcr viele Konten und Onlineangebote und Ger\u00e4te die gleichen Passw\u00f6rter zu verwenden, aber sind wir mal ehrlich: wirklich sicher ist das nicht.<br \/>\nVerwenden Sie also m\u00f6glichst verschiedene Passw\u00f6rter (damit ist nicht gemeint, dass Sie an das regul\u00e4re Passwort ein Sonderzeichen oder eine Zahl anh\u00e4ngen) f\u00fcr unterschiedliche Dienste und Ger\u00e4te und \u00e4ndern Sie die Passw\u00f6rter regelm\u00e4\u00dfig. So machen Sie es Kriminellen schwer an Ihre Daten zu kommen und wenn doch mal was passiert, m\u00fcssen Sie nicht alle Konten und Ger\u00e4te sperren lassen.<br \/>\n<strong>Tipp:<\/strong> Ein wirklich sicheres Passwort besteht immer aus mehreren Zeichen, Zahlen und Sonderzeichen.<\/p>\n<h3><strong>5. Bleiben Sie up to date<\/strong><\/h3>\n<p>Sind alle Programme und die Software, die Sie nutzen, auf dem neuesten Stand? Ja? Sind Sie sich da sicher? Viele Programme f\u00fchren zwar automatisch Updates durch, aber pr\u00fcfen Sie lieber noch einmal nach, ob in den Einstellungen auch wirklich automatische Updates aktiviert sind, falls nicht: Aktivieren Sie diese.<br \/>\n<strong>Tipp:<\/strong> Auch wenn Sie automatische Updates aktiviert haben, \u00fcberpr\u00fcfen Sie diese nochmal, indem Sie manuell nach Updates suchen.<\/p>\n<h3><strong>6. Pr\u00fcfen Sie die\u00a0Zugriffsrechte<\/strong><\/h3>\n<p>Wissen Sie, wer welche Benutzer- und Zugriffsrechte auf Ihre Software und Ger\u00e4te hat? \u00dcberpr\u00fcfen Sie die Rechte. Denn je mehr Menschen (z.B. Gastnutzer oder Kinder) umfassenden Zugriff haben, desto schneller k\u00f6nnen sich auch Trojaner und Malware auf Ihrem Ger\u00e4t ausbreiten.<br \/>\n<strong>Tipp:<\/strong> \u00dcberpr\u00fcfen Sie auch, welche Berechtigungen Sie den Apps, die Sie verwenden, erteilt haben. \u00dcberlegen Sie sich, ob diese wirklich wichtig und sinnvoll sind.<\/p>\n","protected":false},"excerpt":{"rendered":"<p>Der Fr\u00fchling hat uns endlich gepackt! Da kribbelt es uns doch in den Fingern,\u00a0endlich Fr\u00fchjahrsputz zu machen. Haben Sie gerade Ihren Kleiderschrank ausgemistet und den Keller aufger\u00e4umt? Sehr vorbildlich! Aber wie sieht es mit Ihrem PC und Ihren Daten aus?<\/p>\n","protected":false},"author":266,"featured_media":2353,"comment_status":"open","ping_status":"open","sticky":false,"template":"","format":"standard","meta":{"_eb_attr":"","ub_ctt_via":"","spay_email":"","jetpack_publicize_message":"","jetpack_is_tweetstorm":false,"jetpack_publicize_feature_enabled":true},"categories":[522],"tags":[526,337,335,530,532,524,528,534],"featured_image_src":"https:\/\/www.polyas.de\/blog\/wp-content\/uploads\/2016\/03\/Digital-News-2.png","author_info":{"display_name":"Elisa Utterodt","author_link":"https:\/\/www.polyas.de\/blog\/author\/e-utterodt"},"yoast_head":"<!-- This site is optimized with the Yoast SEO plugin v19.9 - https:\/\/yoast.com\/wordpress\/plugins\/seo\/ -->\n<title>Der digitale Fr\u00fchjahsputz - POLYAS<\/title>\n<meta name=\"robots\" content=\"index, follow, max-snippet:-1, max-image-preview:large, max-video-preview:-1\" \/>\n<link rel=\"canonical\" href=\"https:\/\/www.polyas.de\/blog\/de\/digital-news\/der-digitale-fruehjahsputz\" \/>\n<meta property=\"og:locale\" content=\"de_DE\" \/>\n<meta property=\"og:type\" content=\"article\" \/>\n<meta property=\"og:title\" content=\"Der digitale Fr\u00fchjahsputz - POLYAS\" \/>\n<meta property=\"og:description\" content=\"Der Fr\u00fchling hat uns endlich gepackt! Da kribbelt es uns doch in den Fingern,\u00a0endlich Fr\u00fchjahrsputz zu machen. Haben Sie gerade Ihren Kleiderschrank ausgemistet und den Keller aufger\u00e4umt? Sehr vorbildlich! Aber wie sieht es mit Ihrem PC und Ihren Daten aus?\" \/>\n<meta property=\"og:url\" content=\"https:\/\/www.polyas.de\/blog\/de\/digital-news\/der-digitale-fruehjahsputz\" \/>\n<meta property=\"og:site_name\" content=\"POLYAS\" \/>\n<meta property=\"article:published_time\" content=\"2016-03-23T08:26:12+00:00\" \/>\n<meta property=\"article:modified_time\" content=\"2016-03-23T08:53:10+00:00\" \/>\n<meta property=\"og:image\" content=\"https:\/\/i0.wp.com\/www.polyas.de\/blog\/wp-content\/uploads\/2016\/03\/Digital-News-2.png?fit=890%2C278&ssl=1\" \/>\n\t<meta property=\"og:image:width\" content=\"890\" \/>\n\t<meta property=\"og:image:height\" content=\"278\" \/>\n\t<meta property=\"og:image:type\" content=\"image\/png\" \/>\n<meta name=\"author\" content=\"Elisa Utterodt\" \/>\n<meta name=\"twitter:card\" content=\"summary_large_image\" \/>\n<meta name=\"twitter:label1\" content=\"Verfasst von\" \/>\n\t<meta name=\"twitter:data1\" content=\"Elisa Utterodt\" \/>\n\t<meta name=\"twitter:label2\" content=\"Gesch\u00e4tzte Lesezeit\" \/>\n\t<meta name=\"twitter:data2\" content=\"3 Minuten\" \/>\n<script type=\"application\/ld+json\" class=\"yoast-schema-graph\">{\"@context\":\"https:\/\/schema.org\",\"@graph\":[{\"@type\":\"WebPage\",\"@id\":\"https:\/\/www.polyas.de\/blog\/de\/digital-news\/der-digitale-fruehjahsputz\",\"url\":\"https:\/\/www.polyas.de\/blog\/de\/digital-news\/der-digitale-fruehjahsputz\",\"name\":\"Der digitale Fr\u00fchjahsputz - POLYAS\",\"isPartOf\":{\"@id\":\"https:\/\/www.polyas.de\/blog\/#website\"},\"datePublished\":\"2016-03-23T08:26:12+00:00\",\"dateModified\":\"2016-03-23T08:53:10+00:00\",\"author\":{\"@id\":\"https:\/\/www.polyas.de\/blog\/#\/schema\/person\/d3b137ca4a3ac64e5529b95494ecdfb7\"},\"breadcrumb\":{\"@id\":\"https:\/\/www.polyas.de\/blog\/de\/digital-news\/der-digitale-fruehjahsputz#breadcrumb\"},\"inLanguage\":\"de-DE\",\"potentialAction\":[{\"@type\":\"ReadAction\",\"target\":[\"https:\/\/www.polyas.de\/blog\/de\/digital-news\/der-digitale-fruehjahsputz\"]}]},{\"@type\":\"BreadcrumbList\",\"@id\":\"https:\/\/www.polyas.de\/blog\/de\/digital-news\/der-digitale-fruehjahsputz#breadcrumb\",\"itemListElement\":[{\"@type\":\"ListItem\",\"position\":1,\"name\":\"Startseite\",\"item\":\"https:\/\/www.polyas.de\/blog\/de\"},{\"@type\":\"ListItem\",\"position\":2,\"name\":\"Der digitale Fr\u00fchjahsputz\"}]},{\"@type\":\"WebSite\",\"@id\":\"https:\/\/www.polyas.de\/blog\/#website\",\"url\":\"https:\/\/www.polyas.de\/blog\/\",\"name\":\"POLYAS\",\"description\":\"the blog for secure online voting\",\"potentialAction\":[{\"@type\":\"SearchAction\",\"target\":{\"@type\":\"EntryPoint\",\"urlTemplate\":\"https:\/\/www.polyas.de\/blog\/?s={search_term_string}\"},\"query-input\":\"required name=search_term_string\"}],\"inLanguage\":\"de-DE\"},{\"@type\":\"Person\",\"@id\":\"https:\/\/www.polyas.de\/blog\/#\/schema\/person\/d3b137ca4a3ac64e5529b95494ecdfb7\",\"name\":\"Elisa Utterodt\",\"image\":{\"@type\":\"ImageObject\",\"inLanguage\":\"de-DE\",\"@id\":\"https:\/\/www.polyas.de\/blog\/#\/schema\/person\/image\/\",\"url\":\"https:\/\/secure.gravatar.com\/avatar\/cf7a59b9c85a71b6e6a938c051dd6eec?s=96&d=mm&r=g\",\"contentUrl\":\"https:\/\/secure.gravatar.com\/avatar\/cf7a59b9c85a71b6e6a938c051dd6eec?s=96&d=mm&r=g\",\"caption\":\"Elisa Utterodt\"},\"description\":\"Egal ob in \u00d6sterreich, Syrien oder den USA, politische Entscheidungen und Demokratie sind f\u00fcr mich nicht nur in Deutschland von Belang. Vor allem der Einfluss der Digitalisierung auf Kultur und Gesellschaft ist f\u00fcr mich ein spannendes wie aktuelles Thema, \u00fcber das ich gerne berichte. Wenn ich nicht gerade Zeitung lese oder meine Twittertimeline checke, schaue ich mir zur Entspannung Bundestagsdebatten im Fernsehen an. Seit M\u00e4rz dieses Jahres bin ich bei Polyas f\u00fcr die Pflege der Social Media Kan\u00e4le zust\u00e4ndig, schreibe Blogartikel und unterst\u00fctze das Online-Marketing-Team.\",\"sameAs\":[\"http:\/\/www.polyas.de\"],\"url\":\"https:\/\/www.polyas.de\/blog\/author\/e-utterodt\"}]}<\/script>\n<!-- \/ Yoast SEO plugin. -->","yoast_head_json":{"title":"Der digitale Fr\u00fchjahsputz - POLYAS","robots":{"index":"index","follow":"follow","max-snippet":"max-snippet:-1","max-image-preview":"max-image-preview:large","max-video-preview":"max-video-preview:-1"},"canonical":"https:\/\/www.polyas.de\/blog\/de\/digital-news\/der-digitale-fruehjahsputz","og_locale":"de_DE","og_type":"article","og_title":"Der digitale Fr\u00fchjahsputz - POLYAS","og_description":"Der Fr\u00fchling hat uns endlich gepackt! Da kribbelt es uns doch in den Fingern,\u00a0endlich Fr\u00fchjahrsputz zu machen. Haben Sie gerade Ihren Kleiderschrank ausgemistet und den Keller aufger\u00e4umt? Sehr vorbildlich! Aber wie sieht es mit Ihrem PC und Ihren Daten aus?","og_url":"https:\/\/www.polyas.de\/blog\/de\/digital-news\/der-digitale-fruehjahsputz","og_site_name":"POLYAS","article_published_time":"2016-03-23T08:26:12+00:00","article_modified_time":"2016-03-23T08:53:10+00:00","og_image":[{"width":890,"height":278,"url":"https:\/\/i0.wp.com\/www.polyas.de\/blog\/wp-content\/uploads\/2016\/03\/Digital-News-2.png?fit=890%2C278&ssl=1","type":"image\/png"}],"author":"Elisa Utterodt","twitter_card":"summary_large_image","twitter_misc":{"Verfasst von":"Elisa Utterodt","Gesch\u00e4tzte Lesezeit":"3 Minuten"},"schema":{"@context":"https:\/\/schema.org","@graph":[{"@type":"WebPage","@id":"https:\/\/www.polyas.de\/blog\/de\/digital-news\/der-digitale-fruehjahsputz","url":"https:\/\/www.polyas.de\/blog\/de\/digital-news\/der-digitale-fruehjahsputz","name":"Der digitale Fr\u00fchjahsputz - POLYAS","isPartOf":{"@id":"https:\/\/www.polyas.de\/blog\/#website"},"datePublished":"2016-03-23T08:26:12+00:00","dateModified":"2016-03-23T08:53:10+00:00","author":{"@id":"https:\/\/www.polyas.de\/blog\/#\/schema\/person\/d3b137ca4a3ac64e5529b95494ecdfb7"},"breadcrumb":{"@id":"https:\/\/www.polyas.de\/blog\/de\/digital-news\/der-digitale-fruehjahsputz#breadcrumb"},"inLanguage":"de-DE","potentialAction":[{"@type":"ReadAction","target":["https:\/\/www.polyas.de\/blog\/de\/digital-news\/der-digitale-fruehjahsputz"]}]},{"@type":"BreadcrumbList","@id":"https:\/\/www.polyas.de\/blog\/de\/digital-news\/der-digitale-fruehjahsputz#breadcrumb","itemListElement":[{"@type":"ListItem","position":1,"name":"Startseite","item":"https:\/\/www.polyas.de\/blog\/de"},{"@type":"ListItem","position":2,"name":"Der digitale Fr\u00fchjahsputz"}]},{"@type":"WebSite","@id":"https:\/\/www.polyas.de\/blog\/#website","url":"https:\/\/www.polyas.de\/blog\/","name":"POLYAS","description":"the blog for secure online voting","potentialAction":[{"@type":"SearchAction","target":{"@type":"EntryPoint","urlTemplate":"https:\/\/www.polyas.de\/blog\/?s={search_term_string}"},"query-input":"required name=search_term_string"}],"inLanguage":"de-DE"},{"@type":"Person","@id":"https:\/\/www.polyas.de\/blog\/#\/schema\/person\/d3b137ca4a3ac64e5529b95494ecdfb7","name":"Elisa Utterodt","image":{"@type":"ImageObject","inLanguage":"de-DE","@id":"https:\/\/www.polyas.de\/blog\/#\/schema\/person\/image\/","url":"https:\/\/secure.gravatar.com\/avatar\/cf7a59b9c85a71b6e6a938c051dd6eec?s=96&d=mm&r=g","contentUrl":"https:\/\/secure.gravatar.com\/avatar\/cf7a59b9c85a71b6e6a938c051dd6eec?s=96&d=mm&r=g","caption":"Elisa Utterodt"},"description":"Egal ob in \u00d6sterreich, Syrien oder den USA, politische Entscheidungen und Demokratie sind f\u00fcr mich nicht nur in Deutschland von Belang. Vor allem der Einfluss der Digitalisierung auf Kultur und Gesellschaft ist f\u00fcr mich ein spannendes wie aktuelles Thema, \u00fcber das ich gerne berichte. Wenn ich nicht gerade Zeitung lese oder meine Twittertimeline checke, schaue ich mir zur Entspannung Bundestagsdebatten im Fernsehen an. Seit M\u00e4rz dieses Jahres bin ich bei Polyas f\u00fcr die Pflege der Social Media Kan\u00e4le zust\u00e4ndig, schreibe Blogartikel und unterst\u00fctze das Online-Marketing-Team.","sameAs":["http:\/\/www.polyas.de"],"url":"https:\/\/www.polyas.de\/blog\/author\/e-utterodt"}]}},"jetpack_featured_media_url":"https:\/\/www.polyas.de\/blog\/wp-content\/uploads\/2016\/03\/Digital-News-2.png","jetpack_publicize_connections":[],"jetpack_shortlink":"https:\/\/wp.me\/p72Pnr-Bu","jetpack-related-posts":[{"id":2794,"url":"https:\/\/www.polyas.de\/blog\/de\/digitale-demokratie\/interview-mit-andreas-dewes-ueber-die-digitale-souveraenitaet","url_meta":{"origin":2324,"position":0},"title":"Andreas Dewes \u00fcber digitale Souver\u00e4nit\u00e4t","date":"07\/06\/2016","format":false,"excerpt":"Heute nachgefragt: Der Physiker und Datenwissenschaftler Dr. Andreas Dewes \u00fcber die digitale Souver\u00e4nit\u00e4t - und warum sich der Kampf darum lohnt. Andreas Dewes besch\u00e4ftigt sich seit Jahren mit wissenschaftlicher und angewandter Datenanalyse. Er hat das das Start-up 7scientists in Berlin gegr\u00fcndet und arbeitet an der Analyse von Computercodes. Guten Tag,\u2026","rel":"","context":"In &quot;Digitale Demokratie&quot;","img":{"alt_text":"","src":"https:\/\/i0.wp.com\/www.polyas.de\/blog\/wp-content\/uploads\/2016\/06\/Andreas-Dewes_digitale_Souvera--nita--t.jpg?resize=350%2C200&ssl=1","width":350,"height":200},"classes":[]},{"id":6162,"url":"https:\/\/www.polyas.de\/blog\/de\/digital-news\/eu-datenschutz-buerger","url_meta":{"origin":2324,"position":1},"title":"EU-Datenschutz: Das \u00e4ndert die Grundverordnung 2018 f\u00fcr B\u00fcrger","date":"04\/01\/2018","format":false,"excerpt":"Weniger als ein halbes Jahr bleibt, dann tritt die EU-Datenschutz-Grundverordnung am 25. Mai in Kraft. Dadurch ergeben sich f\u00fcr EU-B\u00fcrger einige \u00c4nderungen: Sie sollen mehr Kontrolle \u00fcber die eigenen Daten bekommen. Grundverordnung beinhaltet \u201eRecht auf Vergessen\u201c F\u00fcr Unternehmen, Beh\u00f6rden und andere Organisationen, die personenbezogene Daten speichern, ist die neue Grundverordnung\u2026","rel":"","context":"In &quot;Digital News&quot;","img":{"alt_text":"Die EU-Datenschutz-Grundverordnung bringt einige Datenschutz\u00e4nderung f\u00fcr Nutzer und Unternehmen","src":"https:\/\/i0.wp.com\/www.polyas.de\/blog\/wp-content\/uploads\/2017\/11\/Datenschutzgrundverordnung-Bild.jpg?resize=350%2C200&ssl=1","width":350,"height":200},"classes":[]},{"id":5947,"url":"https:\/\/www.polyas.de\/blog\/de\/digital-news\/eu-datenschutz-grundverordnung","url_meta":{"origin":2324,"position":2},"title":"Das \u00e4ndert sich 2018 mit der EU-Datenschutz-Grundverordnung","date":"15\/11\/2017","format":false,"excerpt":"Es dauert nur noch ein halbes Jahr, dann tritt die neue EU-Datenschutz-Grundverordnung am 25. Mai 2018 in Kraft. Sie soll den Nutzern digitaler Angebote mehr Kontrolle \u00fcber ihre Daten erm\u00f6glichen. F\u00fcr Unternehmen und andere Organisationen bringt das einige \u00c4nderungen mit sich. Mehr Kontrolle \u00fcber Personendaten Vier Jahre hatte die EU\u2026","rel":"","context":"In &quot;Digital News&quot;","img":{"alt_text":"Die EU-Datenschutz-Grundverordnung bringt einige Datenschutz\u00e4nderung f\u00fcr Nutzer und Unternehmen","src":"https:\/\/i0.wp.com\/www.polyas.de\/blog\/wp-content\/uploads\/2017\/11\/Datenschutzgrundverordnung-Bild.jpg?resize=350%2C200&ssl=1","width":350,"height":200},"classes":[]},{"id":10733,"url":"https:\/\/www.polyas.de\/blog\/de\/digitale-demokratie\/sichere-passwoerter","url_meta":{"origin":2324,"position":3},"title":"Sichere Passw\u00f6rter: Mythen und Fakten zur Sicherheit von Online-Wahlen \u2013 Teil 5","date":"31\/05\/2022","format":false,"excerpt":"POLYAS sorgt f\u00fcr sichere Passw\u00f6rter im Online-Wahlmanager, indem beim Erstellen des Passworts automatisch bestimmte Kriterien \u00fcberpr\u00fcft werden. Welche das sind, erfahren Sie im f\u00fcnften und letzten Teil unserer Blogpost-Serie \u201eMythen und Fakten zur Sicherheit von Online-Wahlen\u201c. Dass sichere Passw\u00f6rter eine gewisse L\u00e4nge haben sollten, um Schutz zu gew\u00e4hren, ist den\u2026","rel":"","context":"In &quot;Digitale Demokratie&quot;","img":{"alt_text":"sichere passwoerter bei online-wahlen","src":"https:\/\/i0.wp.com\/www.polyas.de\/blog\/wp-content\/uploads\/2022\/05\/Sichere_Passwo\u0308rter.png?resize=350%2C200&ssl=1","width":350,"height":200},"classes":[]},{"id":5659,"url":"https:\/\/www.polyas.de\/blog\/de\/digital-news\/datenschutz","url_meta":{"origin":2324,"position":4},"title":"Digitalprogramm der Parteien zur Bundestagswahl: Datenschutz","date":"13\/09\/2017","format":false,"excerpt":"Datenschutz ist immer ein hei\u00df diskutiertes Thema: Derzeit werfen viele Medien die Frage auf, wie der Staat sich vor ausl\u00e4ndischen Hackern sch\u00fctzen kann. Doch wie sch\u00fctzt man die Privatsph\u00e4re der B\u00fcrger vor Staat und Konzernen? So sehen die Pl\u00e4ne der Parteien zur Bundestagswahl aus\u2026 Datenschutz vs. Datennutzung F\u00fcr CDU und\u2026","rel":"","context":"In &quot;Digital News&quot;","img":{"alt_text":"Digitale Schwerpunkte in Bundestagswahlprogrammen","src":"https:\/\/i0.wp.com\/www.polyas.de\/blog\/wp-content\/uploads\/2017\/08\/Digitale-Schwerpunkt-Bundestagswahl-Programm.jpg?resize=350%2C200&ssl=1","width":350,"height":200},"classes":[]},{"id":6902,"url":"https:\/\/www.polyas.de\/blog\/de\/allgemein-de\/polyas-jahresrueckblick-2018-2","url_meta":{"origin":2324,"position":5},"title":"Neue W\u00e4hler, neue Server, neuer Datenschutz: So war 2018 f\u00fcr POLYAS","date":"12\/12\/2018","format":false,"excerpt":"2018 ist fast vor\u00fcber und POLYAS blickt auf ein ereignisreiches Jahr zur\u00fcck, in dem auch einige Erfolge verzeichnet werden konnten. Immer mehr Institutionen erkennen die Vorteile der Online-Wahl. Und die technischen Neuerungen, die f\u00fcr 2019 geplant sind, stehen schon in den Startl\u00f6chern. POLYAS Online-Wahl wird jetzt auf der OTC gehostet\u2026","rel":"","context":"In &quot;\u00dcber POLYAS&quot;","img":{"alt_text":"Der POLYAS Jahresr\u00fcckblick 2018","src":"https:\/\/i0.wp.com\/www.polyas.de\/blog\/wp-content\/uploads\/2018\/12\/2018-art-calendar-775779.jpg?resize=350%2C200&ssl=1","width":350,"height":200},"classes":[]}],"_links":{"self":[{"href":"https:\/\/www.polyas.de\/blog\/wp-json\/wp\/v2\/posts\/2324"}],"collection":[{"href":"https:\/\/www.polyas.de\/blog\/wp-json\/wp\/v2\/posts"}],"about":[{"href":"https:\/\/www.polyas.de\/blog\/wp-json\/wp\/v2\/types\/post"}],"author":[{"embeddable":true,"href":"https:\/\/www.polyas.de\/blog\/wp-json\/wp\/v2\/users\/266"}],"replies":[{"embeddable":true,"href":"https:\/\/www.polyas.de\/blog\/wp-json\/wp\/v2\/comments?post=2324"}],"version-history":[{"count":22,"href":"https:\/\/www.polyas.de\/blog\/wp-json\/wp\/v2\/posts\/2324\/revisions"}],"predecessor-version":[{"id":2354,"href":"https:\/\/www.polyas.de\/blog\/wp-json\/wp\/v2\/posts\/2324\/revisions\/2354"}],"wp:featuredmedia":[{"embeddable":true,"href":"https:\/\/www.polyas.de\/blog\/wp-json\/wp\/v2\/media\/2353"}],"wp:attachment":[{"href":"https:\/\/www.polyas.de\/blog\/wp-json\/wp\/v2\/media?parent=2324"}],"wp:term":[{"taxonomy":"category","embeddable":true,"href":"https:\/\/www.polyas.de\/blog\/wp-json\/wp\/v2\/categories?post=2324"},{"taxonomy":"post_tag","embeddable":true,"href":"https:\/\/www.polyas.de\/blog\/wp-json\/wp\/v2\/tags?post=2324"}],"curies":[{"name":"wp","href":"https:\/\/api.w.org\/{rel}","templated":true}]}}