{"id":2230,"date":"2016-03-17T15:12:30","date_gmt":"2016-03-17T14:12:30","guid":{"rendered":"https:\/\/www.polyas.de\/blog\/?p=2230"},"modified":"2018-01-26T15:19:07","modified_gmt":"2018-01-26T14:19:07","slug":"urheberrecht-und-mitbestimmung-im-digitalen-zeitalter","status":"publish","type":"post","link":"https:\/\/www.polyas.de\/blog\/de\/digitale-demokratie\/urheberrecht-und-mitbestimmung-im-digitalen-zeitalter","title":{"rendered":"Urheberrecht und Mitbestimmung im digitalen Zeitalter"},"content":{"rendered":"<p><!--more-->Die EU-Kommission strebt unter der Leitung von G\u00fcnther Oettinger bis zum Jahr 2019 die Schaffung eines <a href=\"https:\/\/www.polyas.de\/blog\/de\/digitale-demokratie\/was-ist-der-arbeitskreis-digitaler-binnenmarkt\" target=\"_blank\">einheitlichen digitalen Binnenmarktes<\/a> an. Die Initiative Digital Single Market ist bereits schrittweise realisiert und hat ehrgeizige Ziele f\u00fcr das digitale Europa.<\/p>\n<p><strong>Die Ziele des Digital Single Markets<\/strong><\/p>\n<ol>\n<li>Besserer Zugang f\u00fcr Kunden und Unternehmen zu digitalen G\u00fctern und Services in Europa.<\/li>\n<li>Ein produktives Rechtsumfeld f\u00fcr digitale Netzwerke und Services<\/li>\n<li>Wachstumspotential der Digitalen Wirtschaft st\u00fctzen.<\/li>\n<\/ol>\n<p>Einer der Punkte, die bereits im Jahr 2015 auf der Roadmap erreicht\u00a0wurden, sind \u201elegislative proposals for a reform of a copyright regime\u201c: Europaweit einheitliche Regelungen zur\u00a0kollektiven Wahrnehmung von Urheber- und verwandten\u00a0Schutzrechten. Durch die\u00a0neue\u00a0EU-Direktive\u00a0(<a href=\"http:\/\/eur-lex.europa.eu\/legal-content\/EN\/TXT\/PDF\/?uri=CELEX:32014L0026&amp;from=DE\" target=\"_blank\">Richtlinie 2014\/26\/EU<\/a>) soll\u00a0u.a.\u00a0die Vergabe von Mehrgebietslizenzen f\u00fcr digitale Streaming-Dienste, wie spotify und youtube, vereinfacht werden. Bis zum\u00a010. April 2016 ist diese EU-Richtlinie in nationales\u00a0Recht umzusetzen.<\/p>\n<h2>Nach 50 Jahren: Neue\u00a0Regeln f\u00fcr Verwertungsgesellschaften<\/h2>\n<p>Im November 2015 hat das Bundeskabinett einen Gesetzentwurf vorgelegt (<a href=\"http:\/\/www.bmjv.de\/SharedDocs\/Gesetzgebungsverfahren\/Dokumente\/RegE_VG_Richtlinie_Umsetzungsgesetz.pdf?__blob=publicationFile&amp;v=1\" target=\"_blank\">Drucksache 18\/7223<\/a>), der am 15. Januar 2016 in erster Lesung im Deutschen Bundestag behandelt wurde. Mit diesem Gesetzesentwurf soll das bisherige UrhWahrnG, das f\u00fcnf Jahrzehnte lang die Spielregeln f\u00fcr Verwertungsgesellschaften wie die GEMA und die VG Wort bestimmt hat, durch ein neues Verwertungsgesellschaftsgesetz (VGG) ersetzt werden.<\/p>\n<p>Heiko Maas, Bundesminister f\u00fcr Justiz und Verbraucherschutz, betonte besonders die im neuen VGG gest\u00e4rkte\u00a0 Stellung der Rechteinhaber in seinem <a href=\"http:\/\/dipbt.bundestag.de\/doc\/btp\/18\/18150.pdf\" target=\"_blank\">Redebeitrag vor dem Deutschen Bundestag<\/a>:<\/p>\n<div id=\"attachment_2235\" style=\"width: 740px\" class=\"wp-caption aligncenter\"><a href=\"https:\/\/www.polyas.de\/blog\/wp-content\/uploads\/2016\/03\/vgg_maas_polyas.png\" rel=\"attachment wp-att-2235\"><img aria-describedby=\"caption-attachment-2235\" data-attachment-id=\"2235\" data-permalink=\"https:\/\/www.polyas.de\/blog\/de\/digitale-demokratie\/urheberrecht-und-mitbestimmung-im-digitalen-zeitalter\/attachment\/vgg_maas_polyas\" data-orig-file=\"https:\/\/www.polyas.de\/blog\/wp-content\/uploads\/2016\/03\/vgg_maas_polyas.png\" data-orig-size=\"730,410\" data-comments-opened=\"1\" data-image-meta=\"{&quot;aperture&quot;:&quot;0&quot;,&quot;credit&quot;:&quot;&quot;,&quot;camera&quot;:&quot;&quot;,&quot;caption&quot;:&quot;&quot;,&quot;created_timestamp&quot;:&quot;0&quot;,&quot;copyright&quot;:&quot;&quot;,&quot;focal_length&quot;:&quot;0&quot;,&quot;iso&quot;:&quot;0&quot;,&quot;shutter_speed&quot;:&quot;0&quot;,&quot;title&quot;:&quot;&quot;,&quot;orientation&quot;:&quot;0&quot;}\" data-image-title=\"vgg_maas_polyas\" data-image-description=\"\" data-image-caption=\"\" data-medium-file=\"https:\/\/www.polyas.de\/blog\/wp-content\/uploads\/2016\/03\/vgg_maas_polyas-300x168.png\" data-large-file=\"https:\/\/www.polyas.de\/blog\/wp-content\/uploads\/2016\/03\/vgg_maas_polyas.png\" loading=\"lazy\" class=\"wp-image-2235 size-full\" src=\"https:\/\/www.polyas.de\/blog\/wp-content\/uploads\/2016\/03\/vgg_maas_polyas.png\" alt=\"vgg_maas_polyas\" width=\"730\" height=\"410\" srcset=\"https:\/\/www.polyas.de\/blog\/wp-content\/uploads\/2016\/03\/vgg_maas_polyas.png 730w, https:\/\/www.polyas.de\/blog\/wp-content\/uploads\/2016\/03\/vgg_maas_polyas-300x168.png 300w, https:\/\/www.polyas.de\/blog\/wp-content\/uploads\/2016\/03\/vgg_maas_polyas-500x281.png 500w\" sizes=\"(max-width: 730px) 100vw, 730px\" \/><\/a><p id=\"caption-attachment-2235\" class=\"wp-caption-text\">Heiko Maas, Bundesminister f\u00fcr Justiz und Verbraucherschutz am 15.01.2016 im Bundestag<\/p><\/div>\n<h2><strong>Digitale Versammlungen und elektronische Abstimmungen<br \/>\n<\/strong><\/h2>\n<p>Mit dem neuen Gesetz wird also nicht nur das Urheberrecht selbst, sondern auch die Mitbestimmung innerhalb der Verwertungsgesellschaften in das digitale Zeitalter \u00fcberf\u00fchrt. In \u00a7 19 (3) werden die Verwertungsgesellschaften k\u00fcnftig dazu verpflichtet, in ihren Statuten bzw. Satzungen die Voraussetzung daf\u00fcr zu schaffen, dass die Mitglieder auch ohne Anwesenheit vor Ort an den Mitgliederversammlungen und den Beschlussfassungen teilnehmen k\u00f6nnen.<\/p>\n<blockquote><p>\u201eDie Verwertungsgesellschaft regelt in dem Statut die Voraussetzungen, unter denen die Mitglieder an der Mitgliederhauptversammlung auch ohne Anwesenheit vor Ort und ohne einen Vertreter teilnehmen k\u00f6nnen und ihr Stimmrecht im Wege elektronischer Kommunikation aus\u00fcben k\u00f6nnen. Die Verwertungsgesellschaft kann die elektronische Aus\u00fcbung weiterer Mitgliedschaftsrechte zulassen\u201c<\/p><\/blockquote>\n<p>Damit sind virtuelle Mitgliederversammlungen und Online-Abstimmungen und -Wahlen in den Verwertungsgesellschaften in Zukunft verpflichtend vorgeschrieben.<\/p>\n<h2>Die Digitalisierung\u00a0kennt keine Landesgrenzen mehr<\/h2>\n<p>Die zugrunde liegende EU-Richtlinie 2014\/26\/EU\u00a0und das deutsche Umsetzungsgesetz sind gute Beispiele f\u00fcr die fortschreitende Vereinheitlichung rechtlicher Rahmenbedingungen im digitalen Zeitalter. So wird es auch von den Nutzern gefordert. Dank digitaler Medien und Services verschwinden nationale Grenzen, sogar Barrieren\u00a0zur Partizipation und Mitbestimmung schrumpfen. Die Roadmap des Digital Single Market ist jedoch noch lange nicht zu Ende und wir freuen uns auf weitere Neuerungen hin zum\u00a0digitalen Binnenmarkt in Europa.<\/p>\n","protected":false},"excerpt":{"rendered":"","protected":false},"author":2,"featured_media":2236,"comment_status":"open","ping_status":"open","sticky":false,"template":"","format":"standard","meta":{"_eb_attr":"","ub_ctt_via":"","spay_email":"","jetpack_publicize_message":"","jetpack_is_tweetstorm":false,"jetpack_publicize_feature_enabled":true},"categories":[2],"tags":[72,349,262,70,68],"featured_image_src":"https:\/\/www.polyas.de\/blog\/wp-content\/uploads\/2016\/03\/Polyas-Serie_Digitalisierung.png","author_info":{"display_name":"Matthias Schubert","author_link":"https:\/\/www.polyas.de\/blog\/author\/m-schubert"},"yoast_head":"<!-- This site is optimized with the Yoast SEO plugin v19.9 - https:\/\/yoast.com\/wordpress\/plugins\/seo\/ -->\n<title>Urheberrecht und Mitbestimmung im digitalen Zeitalter<\/title>\n<meta name=\"description\" content=\"Wie funktioniert Mitbestimmung im digitalen Zeitalter und worauf gilt es beim Urheberrecht zu achten? Erfahren Sie jetzt mehr auf dem Polyas Blog!\" \/>\n<meta name=\"robots\" content=\"index, follow, max-snippet:-1, max-image-preview:large, max-video-preview:-1\" \/>\n<link rel=\"canonical\" href=\"https:\/\/www.polyas.de\/blog\/de\/digitale-demokratie\/urheberrecht-und-mitbestimmung-im-digitalen-zeitalter\" \/>\n<meta property=\"og:locale\" content=\"de_DE\" \/>\n<meta property=\"og:type\" content=\"article\" \/>\n<meta property=\"og:title\" content=\"Urheberrecht und Mitbestimmung im digitalen Zeitalter\" \/>\n<meta property=\"og:description\" content=\"Wie funktioniert Mitbestimmung im digitalen Zeitalter und worauf gilt es beim Urheberrecht zu achten? Erfahren Sie jetzt mehr auf dem Polyas Blog!\" \/>\n<meta property=\"og:url\" content=\"https:\/\/www.polyas.de\/blog\/de\/digitale-demokratie\/urheberrecht-und-mitbestimmung-im-digitalen-zeitalter\" \/>\n<meta property=\"og:site_name\" content=\"POLYAS\" \/>\n<meta property=\"article:published_time\" content=\"2016-03-17T14:12:30+00:00\" \/>\n<meta property=\"article:modified_time\" content=\"2018-01-26T14:19:07+00:00\" \/>\n<meta property=\"og:image\" content=\"https:\/\/i0.wp.com\/www.polyas.de\/blog\/wp-content\/uploads\/2016\/03\/Polyas-Serie_Digitalisierung.png?fit=730%2C312&ssl=1\" \/>\n\t<meta property=\"og:image:width\" content=\"730\" \/>\n\t<meta property=\"og:image:height\" content=\"312\" \/>\n\t<meta property=\"og:image:type\" content=\"image\/png\" \/>\n<meta name=\"author\" content=\"Matthias Schubert\" \/>\n<meta name=\"twitter:card\" content=\"summary_large_image\" \/>\n<meta name=\"twitter:label1\" content=\"Verfasst von\" \/>\n\t<meta name=\"twitter:data1\" content=\"Matthias Schubert\" \/>\n\t<meta name=\"twitter:label2\" content=\"Gesch\u00e4tzte Lesezeit\" \/>\n\t<meta name=\"twitter:data2\" content=\"2 Minuten\" \/>\n<script type=\"application\/ld+json\" class=\"yoast-schema-graph\">{\"@context\":\"https:\/\/schema.org\",\"@graph\":[{\"@type\":\"WebPage\",\"@id\":\"https:\/\/www.polyas.de\/blog\/de\/digitale-demokratie\/urheberrecht-und-mitbestimmung-im-digitalen-zeitalter\",\"url\":\"https:\/\/www.polyas.de\/blog\/de\/digitale-demokratie\/urheberrecht-und-mitbestimmung-im-digitalen-zeitalter\",\"name\":\"Urheberrecht und Mitbestimmung im digitalen Zeitalter\",\"isPartOf\":{\"@id\":\"https:\/\/www.polyas.de\/blog\/#website\"},\"datePublished\":\"2016-03-17T14:12:30+00:00\",\"dateModified\":\"2018-01-26T14:19:07+00:00\",\"author\":{\"@id\":\"https:\/\/www.polyas.de\/blog\/#\/schema\/person\/98104228cf095df07868c881c84b9a4a\"},\"description\":\"Wie funktioniert Mitbestimmung im digitalen Zeitalter und worauf gilt es beim Urheberrecht zu achten? Erfahren Sie jetzt mehr auf dem Polyas Blog!\",\"breadcrumb\":{\"@id\":\"https:\/\/www.polyas.de\/blog\/de\/digitale-demokratie\/urheberrecht-und-mitbestimmung-im-digitalen-zeitalter#breadcrumb\"},\"inLanguage\":\"de-DE\",\"potentialAction\":[{\"@type\":\"ReadAction\",\"target\":[\"https:\/\/www.polyas.de\/blog\/de\/digitale-demokratie\/urheberrecht-und-mitbestimmung-im-digitalen-zeitalter\"]}]},{\"@type\":\"BreadcrumbList\",\"@id\":\"https:\/\/www.polyas.de\/blog\/de\/digitale-demokratie\/urheberrecht-und-mitbestimmung-im-digitalen-zeitalter#breadcrumb\",\"itemListElement\":[{\"@type\":\"ListItem\",\"position\":1,\"name\":\"Startseite\",\"item\":\"https:\/\/www.polyas.de\/blog\/de\"},{\"@type\":\"ListItem\",\"position\":2,\"name\":\"Urheberrecht und Mitbestimmung im digitalen Zeitalter\"}]},{\"@type\":\"WebSite\",\"@id\":\"https:\/\/www.polyas.de\/blog\/#website\",\"url\":\"https:\/\/www.polyas.de\/blog\/\",\"name\":\"POLYAS\",\"description\":\"the blog for secure online voting\",\"potentialAction\":[{\"@type\":\"SearchAction\",\"target\":{\"@type\":\"EntryPoint\",\"urlTemplate\":\"https:\/\/www.polyas.de\/blog\/?s={search_term_string}\"},\"query-input\":\"required name=search_term_string\"}],\"inLanguage\":\"de-DE\"},{\"@type\":\"Person\",\"@id\":\"https:\/\/www.polyas.de\/blog\/#\/schema\/person\/98104228cf095df07868c881c84b9a4a\",\"name\":\"Matthias Schubert\",\"image\":{\"@type\":\"ImageObject\",\"inLanguage\":\"de-DE\",\"@id\":\"https:\/\/www.polyas.de\/blog\/#\/schema\/person\/image\/\",\"url\":\"https:\/\/secure.gravatar.com\/avatar\/ee26d952ed0c4fc696181da71daeeab5?s=96&d=mm&r=g\",\"contentUrl\":\"https:\/\/secure.gravatar.com\/avatar\/ee26d952ed0c4fc696181da71daeeab5?s=96&d=mm&r=g\",\"caption\":\"Matthias Schubert\"},\"url\":\"https:\/\/www.polyas.de\/blog\/author\/m-schubert\"}]}<\/script>\n<!-- \/ Yoast SEO plugin. -->","yoast_head_json":{"title":"Urheberrecht und Mitbestimmung im digitalen Zeitalter","description":"Wie funktioniert Mitbestimmung im digitalen Zeitalter und worauf gilt es beim Urheberrecht zu achten? Erfahren Sie jetzt mehr auf dem Polyas Blog!","robots":{"index":"index","follow":"follow","max-snippet":"max-snippet:-1","max-image-preview":"max-image-preview:large","max-video-preview":"max-video-preview:-1"},"canonical":"https:\/\/www.polyas.de\/blog\/de\/digitale-demokratie\/urheberrecht-und-mitbestimmung-im-digitalen-zeitalter","og_locale":"de_DE","og_type":"article","og_title":"Urheberrecht und Mitbestimmung im digitalen Zeitalter","og_description":"Wie funktioniert Mitbestimmung im digitalen Zeitalter und worauf gilt es beim Urheberrecht zu achten? Erfahren Sie jetzt mehr auf dem Polyas Blog!","og_url":"https:\/\/www.polyas.de\/blog\/de\/digitale-demokratie\/urheberrecht-und-mitbestimmung-im-digitalen-zeitalter","og_site_name":"POLYAS","article_published_time":"2016-03-17T14:12:30+00:00","article_modified_time":"2018-01-26T14:19:07+00:00","og_image":[{"width":730,"height":312,"url":"https:\/\/i0.wp.com\/www.polyas.de\/blog\/wp-content\/uploads\/2016\/03\/Polyas-Serie_Digitalisierung.png?fit=730%2C312&ssl=1","type":"image\/png"}],"author":"Matthias Schubert","twitter_card":"summary_large_image","twitter_misc":{"Verfasst von":"Matthias Schubert","Gesch\u00e4tzte Lesezeit":"2 Minuten"},"schema":{"@context":"https:\/\/schema.org","@graph":[{"@type":"WebPage","@id":"https:\/\/www.polyas.de\/blog\/de\/digitale-demokratie\/urheberrecht-und-mitbestimmung-im-digitalen-zeitalter","url":"https:\/\/www.polyas.de\/blog\/de\/digitale-demokratie\/urheberrecht-und-mitbestimmung-im-digitalen-zeitalter","name":"Urheberrecht und Mitbestimmung im digitalen Zeitalter","isPartOf":{"@id":"https:\/\/www.polyas.de\/blog\/#website"},"datePublished":"2016-03-17T14:12:30+00:00","dateModified":"2018-01-26T14:19:07+00:00","author":{"@id":"https:\/\/www.polyas.de\/blog\/#\/schema\/person\/98104228cf095df07868c881c84b9a4a"},"description":"Wie funktioniert Mitbestimmung im digitalen Zeitalter und worauf gilt es beim Urheberrecht zu achten? Erfahren Sie jetzt mehr auf dem Polyas Blog!","breadcrumb":{"@id":"https:\/\/www.polyas.de\/blog\/de\/digitale-demokratie\/urheberrecht-und-mitbestimmung-im-digitalen-zeitalter#breadcrumb"},"inLanguage":"de-DE","potentialAction":[{"@type":"ReadAction","target":["https:\/\/www.polyas.de\/blog\/de\/digitale-demokratie\/urheberrecht-und-mitbestimmung-im-digitalen-zeitalter"]}]},{"@type":"BreadcrumbList","@id":"https:\/\/www.polyas.de\/blog\/de\/digitale-demokratie\/urheberrecht-und-mitbestimmung-im-digitalen-zeitalter#breadcrumb","itemListElement":[{"@type":"ListItem","position":1,"name":"Startseite","item":"https:\/\/www.polyas.de\/blog\/de"},{"@type":"ListItem","position":2,"name":"Urheberrecht und Mitbestimmung im digitalen Zeitalter"}]},{"@type":"WebSite","@id":"https:\/\/www.polyas.de\/blog\/#website","url":"https:\/\/www.polyas.de\/blog\/","name":"POLYAS","description":"the blog for secure online voting","potentialAction":[{"@type":"SearchAction","target":{"@type":"EntryPoint","urlTemplate":"https:\/\/www.polyas.de\/blog\/?s={search_term_string}"},"query-input":"required name=search_term_string"}],"inLanguage":"de-DE"},{"@type":"Person","@id":"https:\/\/www.polyas.de\/blog\/#\/schema\/person\/98104228cf095df07868c881c84b9a4a","name":"Matthias Schubert","image":{"@type":"ImageObject","inLanguage":"de-DE","@id":"https:\/\/www.polyas.de\/blog\/#\/schema\/person\/image\/","url":"https:\/\/secure.gravatar.com\/avatar\/ee26d952ed0c4fc696181da71daeeab5?s=96&d=mm&r=g","contentUrl":"https:\/\/secure.gravatar.com\/avatar\/ee26d952ed0c4fc696181da71daeeab5?s=96&d=mm&r=g","caption":"Matthias Schubert"},"url":"https:\/\/www.polyas.de\/blog\/author\/m-schubert"}]}},"jetpack_featured_media_url":"https:\/\/www.polyas.de\/blog\/wp-content\/uploads\/2016\/03\/Polyas-Serie_Digitalisierung.png","jetpack_publicize_connections":[],"jetpack_shortlink":"https:\/\/wp.me\/p72Pnr-zY","jetpack-related-posts":[{"id":231,"url":"https:\/\/www.polyas.de\/blog\/de\/digitale-demokratie\/vom-digitalen-binnenmarkt-zur-digitalen-demokratie","url_meta":{"origin":2230,"position":0},"title":"Vom digitalen Binnenmarkt zur digitalen Demokratie","date":"06\/05\/2015","format":false,"excerpt":"Heute hat die EU-Kommission ihre Strategie zur Schaffung eines einheitlichen digitalen Binnenmarktes ver\u00f6ffentlicht. Die Digitalisierung der Gesellschaft erfordert auch eine weitere Digitalisierung der demokratischen Prozesse. Ein wichtiger Schritt auf diesem Weg ist die europaweite Vereinheitlichung der Schutzprofile f\u00fcr Online-Wahlsysteme. Mit der heute vom Leiter des Projektes \"EU Single Market\" Andrus\u2026","rel":"","context":"In &quot;Digitale Demokratie&quot;","img":{"alt_text":"","src":"","width":0,"height":0},"classes":[]},{"id":1960,"url":"https:\/\/www.polyas.de\/blog\/de\/digitale-demokratie\/was-ist-der-arbeitskreis-digitaler-binnenmarkt","url_meta":{"origin":2230,"position":1},"title":"Was ist der Arbeitskreis \u201eDigitaler Binnenmarkt\u201c?","date":"17\/02\/2016","format":false,"excerpt":"Die EU-Kommission hat ein umfangreiches Projekt gestartet, das den Titel \u201eDigitaler Binnenmarkt\u201c tr\u00e4gt. Und der Name ist hier Programm \u2013 denn genau das ist das erkl\u00e4rte Ziel der ganzen Sache: Es soll ein digitaler Wirtschaftsraum innerhalb der 28 EU-Mitgliedsstaaten entstehen. Roaming-Geb\u00fchren innerhalb der EU, hohe Lieferkosten, blockierte Netzinhalte, kein ausreichender\u2026","rel":"","context":"In &quot;Digitale Demokratie&quot;","img":{"alt_text":"","src":"https:\/\/i0.wp.com\/www.polyas.de\/blog\/wp-content\/uploads\/2015\/12\/Blogvorlagen_serie.png?resize=350%2C200&ssl=1","width":350,"height":200},"classes":[]},{"id":2689,"url":"https:\/\/www.polyas.de\/blog\/de\/digitale-demokratie\/digitale-grundrechte-wieso-wir-sie-brauchen","url_meta":{"origin":2230,"position":2},"title":"Digitale Grundrechte &#8211; wieso wir sie brauchen","date":"19\/05\/2016","format":false,"excerpt":"Die Digitalisierung ist nicht mehr aufzuhalten. Noch nie war es uns m\u00f6glich so schnell und einfach an Informationen zu gelangen. Auch Einkaufen und Kommunikation funktionieren mittlerweile online. Deshalb ist es wichtig, die Frage zu diskutieren, welche Rechte und Pflichten wir haben, wenn wir uns im Internet bewegen. Martin Schulz fordert\u2026","rel":"","context":"In &quot;Digitale Demokratie&quot;","img":{"alt_text":"Digitale Grundrechte dienen der Demokratie","src":"https:\/\/i0.wp.com\/www.polyas.de\/blog\/wp-content\/uploads\/2016\/05\/Digitale_Grundrechte_Freiheit.jpg?resize=350%2C200&ssl=1","width":350,"height":200},"classes":[]},{"id":8111,"url":"https:\/\/www.polyas.de\/blog\/de\/allgemein-de\/pandemie-und-digitalisierung-in-europa","url_meta":{"origin":2230,"position":3},"title":"Wie die Pandemie die digitale Arbeitswelt vorantreibt","date":"08\/04\/2020","format":false,"excerpt":"Die Covid-19-Pandemie stellt die Arbeitswelt auf den Kopf. Wie Arbeit in Unternehmen, Vereinen, Gewerkschaften und anderen Institutionen gedacht und organisiert wird, hat sich in den vergangenen Wochen radikal ver\u00e4ndert. Was zuvor undenkbar war, geh\u00f6rt nun zum digitalen Arbeitsalltag: virtuelle Meetings, Homeoffice, digitale Konferenzen und Online-Abstimmungen. Wie sich die radikale Ver\u00e4nderung\u2026","rel":"","context":"In &quot;Digital News&quot;","img":{"alt_text":"Digitalisierung in Europa - Wie die Pandemie die digitale Arbeitswelt vorantreibt","src":"https:\/\/i0.wp.com\/www.polyas.de\/blog\/wp-content\/uploads\/2020\/04\/Pandemie-und-Digitalisierung.jpg?resize=350%2C200&ssl=1","width":350,"height":200},"classes":[]},{"id":6247,"url":"https:\/\/www.polyas.de\/blog\/de\/digitale-demokratie\/sondierungspapier-digitales","url_meta":{"origin":2230,"position":4},"title":"GroKo-Sondierungspapier: Das ist im Bereich Digitales geplant","date":"24\/01\/2018","format":false,"excerpt":"Die SPD-Delegierten stimmten am vergangenen Wochenende f\u00fcr die Aufnahme von Koalitionsverhandlungen mit der CDU\/CSU, Grundlage war das Sondierungspapier. Die drei Parteien hatten sich in der vergangenen Woche auf das gemeinsames Papier im Rahmen geeinigt. Wir haben die 28\u00a0Seiten nach netzpolitischen Vorhaben durchsucht und diese aufgelistet. Sondierungspapier enth\u00e4lt wenig Konkretes Am\u2026","rel":"","context":"In &quot;Digitale Demokratie&quot;","img":{"alt_text":"Wird das Sondierungspapier zu einer Neuauflage der GroKo f\u00fchren?","src":"https:\/\/i0.wp.com\/www.polyas.de\/blog\/wp-content\/uploads\/2018\/01\/Kanzlermodell.jpg?resize=350%2C200&ssl=1","width":350,"height":200},"classes":[]},{"id":5513,"url":"https:\/\/www.polyas.de\/blog\/de\/digitale-demokratie\/se-societas-europaea","url_meta":{"origin":2230,"position":5},"title":"Was ist eine SE? Gr\u00fcnde f\u00fcr die Umwandlung","date":"11\/08\/2017","format":false,"excerpt":"Die Rechtsform der SE soll Unternehmen in ganz Europa einheitliche Strukturen bieten. Aber welche anderen Gr\u00fcnde gibt es f\u00fcr eine SE? Und wie sieht es mit der Arbeitnehmermitbestimmung aus? SE als einheitliche Rechtsform SE steht f\u00fcr Societas Europaea, lateinisch f\u00fcr europ\u00e4ische Gesellschaft. Es handelt sich um eine besondere Rechtsform f\u00fcr\u2026","rel":"","context":"In &quot;Digitale Demokratie&quot;","img":{"alt_text":"Die Gr\u00fcnde gibt es f\u00fcr die Gr\u00fcndung einer SE","src":"https:\/\/i0.wp.com\/www.polyas.de\/blog\/wp-content\/uploads\/2017\/08\/Mann_glas_fassade.jpg?resize=350%2C200&ssl=1","width":350,"height":200},"classes":[]}],"_links":{"self":[{"href":"https:\/\/www.polyas.de\/blog\/wp-json\/wp\/v2\/posts\/2230"}],"collection":[{"href":"https:\/\/www.polyas.de\/blog\/wp-json\/wp\/v2\/posts"}],"about":[{"href":"https:\/\/www.polyas.de\/blog\/wp-json\/wp\/v2\/types\/post"}],"author":[{"embeddable":true,"href":"https:\/\/www.polyas.de\/blog\/wp-json\/wp\/v2\/users\/2"}],"replies":[{"embeddable":true,"href":"https:\/\/www.polyas.de\/blog\/wp-json\/wp\/v2\/comments?post=2230"}],"version-history":[{"count":11,"href":"https:\/\/www.polyas.de\/blog\/wp-json\/wp\/v2\/posts\/2230\/revisions"}],"predecessor-version":[{"id":6276,"href":"https:\/\/www.polyas.de\/blog\/wp-json\/wp\/v2\/posts\/2230\/revisions\/6276"}],"wp:featuredmedia":[{"embeddable":true,"href":"https:\/\/www.polyas.de\/blog\/wp-json\/wp\/v2\/media\/2236"}],"wp:attachment":[{"href":"https:\/\/www.polyas.de\/blog\/wp-json\/wp\/v2\/media?parent=2230"}],"wp:term":[{"taxonomy":"category","embeddable":true,"href":"https:\/\/www.polyas.de\/blog\/wp-json\/wp\/v2\/categories?post=2230"},{"taxonomy":"post_tag","embeddable":true,"href":"https:\/\/www.polyas.de\/blog\/wp-json\/wp\/v2\/tags?post=2230"}],"curies":[{"name":"wp","href":"https:\/\/api.w.org\/{rel}","templated":true}]}}