{"id":2190,"date":"2016-03-15T09:22:24","date_gmt":"2016-03-15T08:22:24","guid":{"rendered":"https:\/\/www.polyas.de\/blog\/?p=2190"},"modified":"2018-12-10T16:36:13","modified_gmt":"2018-12-10T15:36:13","slug":"radio-interview-mit-ralf-mueller-zur-wahlbeteiligung","status":"publish","type":"post","link":"https:\/\/www.polyas.de\/blog\/de\/wahlbeteiligung-steigern\/radio-interview-mit-ralf-mueller-zur-wahlbeteiligung","title":{"rendered":"Radio-Interview mit Ralf M\u00fcller zur Wahlbeteiligung"},"content":{"rendered":"<p><strong>Heute nachgeh\u00f6rt:<\/strong> Der SWR2 interviewte unseren\u00a0POLYAS-Gesch\u00e4ftsf\u00fchrer zur\u00a0Landtagswahl in Baden-W\u00fcrttemberg und welchen Beitrag\u00a0Online-Wahlen f\u00fcr die Gesellschaft leisten k\u00f6nnen.\u00a0<!--more--><\/p>\n<p>In der SWR2 Matinee \u201eDie Qual der Wahl&#8221; fragte die\u00a0Moderatorin Manuela Reichart unseren Gesch\u00e4ftsf\u00fchrer, Ralf M\u00fcller, nach dem\u00a0logistischen Aufwand politischer Wahlen und ob diese durch\u00a0Online-Wahlen einfacher und effizienter gestaltet werden k\u00f6nnten.<\/p>\n<h2>Online-Wahlen im Ausland schon st\u00e4rker verbreitet<\/h2>\n<p>In dem Gespr\u00e4ch berichtet M\u00fcller, dass in anderen europ\u00e4ischen L\u00e4ndern bereits eine deutlich st\u00e4rkere Verbreitung und Nutzung von Online-Wahlsystemen zu beobachten ist. So zeigen auch\u00a0Studien, dass Online-Wahlen in Fl\u00e4chenstaaten, wie Gro\u00dfbritannien, insbesondere von Wechselw\u00e4hlern und auch von politisch gering\u00a0motivierten Personen genutzt werden, weil sie die Wahlbarrieren deutlich reduzieren. Auch in der Schweiz, in der Briefwahlen traditionell weitaus st\u00e4rker genutzt werden, wurde in der Vergangenheit bereits in der H\u00e4lfte aller Kantone online gew\u00e4hlt.<\/p>\n<h2>Deutliches Interesse auch in Deutschland<\/h2>\n<p>F\u00fcr den nicht-politischen Bereich verzeichnet POLYAS aber auch in Deutschland bereits ein immer st\u00e4rkeres Interesse an Online-Wahlen. T\u00e4glich kommen hierzu Anfragen. \u00dcberall dort, wo Gremien gew\u00e4hlt werden, wie z.B. in Vereinen, IHKs, Verwertungsgesellschaften oder Hochschulen, bietet es sich an, Online-Wahlen durchzuf\u00fchren. Dadurch k\u00f6nnen erhebliche Kosten und Aufw\u00e4nde gespart werden. Allein f\u00fcr die Wahl in Baden-W\u00fcrttemberg mussten 7 Millionen Stimmzettel gedruckt und alle abgegebenen Stimmen manuell ausgez\u00e4hlt werden. Bei Online-Wahlen entf\u00e4llt dieser Aufwand.<\/p>\n<p>Au\u00dferdem ist bei Online-Wahlen aber auch regelm\u00e4\u00dfig eine Steigerung der Wahlbeteiligung zu beobachten. So konnten bei Universit\u00e4tswahlen schon Steigerungen bis zu 30 Prozent erreicht werden. Gefragt, ob die Online-Stimmabgabe nicht st\u00e4rker junge als \u00e4ltere W\u00e4hler ansprechen w\u00fcrde, berichtet M\u00fcller, dass die \u00e4lteste Online-W\u00e4hlerin bei der Kirchengemeinderatswahl von Kurhessen-Waldeck bereits 95 Jahre alt war.<\/p>\n<h2>Online-Wahlen als Wahlsystem der Zukunft<\/h2>\n<p>Angesprochen wurde auch, dass f\u00fcr das Online-Wahlsystem private E-Mail-Adressen der W\u00e4hler verwendet w\u00fcrden. M\u00fcller erkl\u00e4rte, dass bei der Online-Wahl die W\u00e4hlerdaten technisch von den Stimmzetteln getrennt werden. Dadurch liegt der digitale Stimmzettel anonymisiert in der digitalen Wahlurne. Auch der Betreiber des Wahlsystems selbst wei\u00df nicht, welcher W\u00e4hler welchen elektronischen Stimmzettel ausgef\u00fcllt hat.<\/p>\n<p>Diese Trennung, sowie weitere Sicherheitsmerkmale, sind auch ein Teil der Online-Wahl von POLYAS. Unsere Online-Wahlsoftware in der Version CORE 2.2.3. ist zentraler Bestandteil der Zertifizierung durch das Bundesamt f\u00fcr Sicherheit in der Informationstechnik (BSI) nach Common Criteria Standards. Bei Einhaltung aller Abl\u00e4ufe, ist eine zertifizierte Online-Wahl mit POLYAS CORE 2.2.3. m\u00f6glich.<\/p>\n<p>Zeitersparnis, Kostenersparnis und gesteigerte Wahlbeteiligungen machen Online-Wahlen nach Auffassung von POLYAS zum Wahlsystem der Zukunft. Wie\u00a0auch bereits in anderen Lebensbereichen Ver\u00e4nderungen durch die digitale Transformation zu beobachten sind, wird sich in den n\u00e4chsten zehn Jahren auch auf dem Gebiet der Wahlen einiges bewegen und damit auch das demokratische Gut wieder st\u00e4rker in den Mittelpunkt der Gesellschaft r\u00fccken, so M\u00fcller.<\/p>\n","protected":false},"excerpt":{"rendered":"<p>Heute nachgeh\u00f6rt: Der SWR2 interviewte unseren\u00a0POLYAS-Gesch\u00e4ftsf\u00fchrer zur\u00a0Landtagswahl in Baden-W\u00fcrttemberg und welchen Beitrag\u00a0Online-Wahlen f\u00fcr die Gesellschaft leisten k\u00f6nnen.\u00a0<\/p>\n","protected":false},"author":2,"featured_media":2093,"comment_status":"open","ping_status":"open","sticky":false,"template":"","format":"standard","meta":{"_eb_attr":"","ub_ctt_via":"","spay_email":"","jetpack_publicize_message":"","jetpack_is_tweetstorm":false,"jetpack_publicize_feature_enabled":true},"categories":[86],"tags":[483,495,497,90,493],"featured_image_src":"https:\/\/www.polyas.de\/blog\/wp-content\/uploads\/2016\/03\/Blogvorlagen_wahlbeteiligung.png","author_info":{"display_name":"Matthias Schubert","author_link":"https:\/\/www.polyas.de\/blog\/author\/m-schubert"},"yoast_head":"<!-- This site is optimized with the Yoast SEO plugin v19.9 - https:\/\/yoast.com\/wordpress\/plugins\/seo\/ -->\n<title>Radio-Interview mit Ralf M\u00fcller zur Wahlbeteiligung - POLYAS<\/title>\n<meta name=\"description\" content=\"Polyas-Gesch\u00e4ftsf\u00fchrer Ralf M\u00fcller im interview mit SWR2 zur Wahlbeteiligung bei der Landtagswahl in Baden-W\u00fcrttemberg und den Chancen der Online-Wahl.\" \/>\n<meta name=\"robots\" content=\"index, follow, max-snippet:-1, max-image-preview:large, max-video-preview:-1\" \/>\n<link rel=\"canonical\" href=\"https:\/\/www.polyas.de\/blog\/de\/wahlbeteiligung-steigern\/radio-interview-mit-ralf-mueller-zur-wahlbeteiligung\" \/>\n<meta property=\"og:locale\" content=\"de_DE\" \/>\n<meta property=\"og:type\" content=\"article\" \/>\n<meta property=\"og:title\" content=\"Radio-Interview mit Ralf M\u00fcller zur Wahlbeteiligung - POLYAS\" \/>\n<meta property=\"og:description\" content=\"Polyas-Gesch\u00e4ftsf\u00fchrer Ralf M\u00fcller im interview mit SWR2 zur Wahlbeteiligung bei der Landtagswahl in Baden-W\u00fcrttemberg und den Chancen der Online-Wahl.\" \/>\n<meta property=\"og:url\" content=\"https:\/\/www.polyas.de\/blog\/de\/wahlbeteiligung-steigern\/radio-interview-mit-ralf-mueller-zur-wahlbeteiligung\" \/>\n<meta property=\"og:site_name\" content=\"POLYAS\" \/>\n<meta property=\"article:published_time\" content=\"2016-03-15T08:22:24+00:00\" \/>\n<meta property=\"article:modified_time\" content=\"2018-12-10T15:36:13+00:00\" \/>\n<meta property=\"og:image\" content=\"https:\/\/i0.wp.com\/www.polyas.de\/blog\/wp-content\/uploads\/2016\/03\/Blogvorlagen_wahlbeteiligung.png?fit=890%2C224&ssl=1\" \/>\n\t<meta property=\"og:image:width\" content=\"890\" \/>\n\t<meta property=\"og:image:height\" content=\"224\" \/>\n\t<meta property=\"og:image:type\" content=\"image\/png\" \/>\n<meta name=\"author\" content=\"Matthias Schubert\" \/>\n<meta name=\"twitter:card\" content=\"summary_large_image\" \/>\n<meta name=\"twitter:label1\" content=\"Verfasst von\" \/>\n\t<meta name=\"twitter:data1\" content=\"Matthias Schubert\" \/>\n\t<meta name=\"twitter:label2\" content=\"Gesch\u00e4tzte Lesezeit\" \/>\n\t<meta name=\"twitter:data2\" content=\"2 Minuten\" \/>\n<script type=\"application\/ld+json\" class=\"yoast-schema-graph\">{\"@context\":\"https:\/\/schema.org\",\"@graph\":[{\"@type\":\"WebPage\",\"@id\":\"https:\/\/www.polyas.de\/blog\/de\/wahlbeteiligung-steigern\/radio-interview-mit-ralf-mueller-zur-wahlbeteiligung\",\"url\":\"https:\/\/www.polyas.de\/blog\/de\/wahlbeteiligung-steigern\/radio-interview-mit-ralf-mueller-zur-wahlbeteiligung\",\"name\":\"Radio-Interview mit Ralf M\u00fcller zur Wahlbeteiligung - POLYAS\",\"isPartOf\":{\"@id\":\"https:\/\/www.polyas.de\/blog\/#website\"},\"datePublished\":\"2016-03-15T08:22:24+00:00\",\"dateModified\":\"2018-12-10T15:36:13+00:00\",\"author\":{\"@id\":\"https:\/\/www.polyas.de\/blog\/#\/schema\/person\/98104228cf095df07868c881c84b9a4a\"},\"description\":\"Polyas-Gesch\u00e4ftsf\u00fchrer Ralf M\u00fcller im interview mit SWR2 zur Wahlbeteiligung bei der Landtagswahl in Baden-W\u00fcrttemberg und den Chancen der Online-Wahl.\",\"breadcrumb\":{\"@id\":\"https:\/\/www.polyas.de\/blog\/de\/wahlbeteiligung-steigern\/radio-interview-mit-ralf-mueller-zur-wahlbeteiligung#breadcrumb\"},\"inLanguage\":\"de-DE\",\"potentialAction\":[{\"@type\":\"ReadAction\",\"target\":[\"https:\/\/www.polyas.de\/blog\/de\/wahlbeteiligung-steigern\/radio-interview-mit-ralf-mueller-zur-wahlbeteiligung\"]}]},{\"@type\":\"BreadcrumbList\",\"@id\":\"https:\/\/www.polyas.de\/blog\/de\/wahlbeteiligung-steigern\/radio-interview-mit-ralf-mueller-zur-wahlbeteiligung#breadcrumb\",\"itemListElement\":[{\"@type\":\"ListItem\",\"position\":1,\"name\":\"Startseite\",\"item\":\"https:\/\/www.polyas.de\/blog\/de\"},{\"@type\":\"ListItem\",\"position\":2,\"name\":\"Radio-Interview mit Ralf M\u00fcller zur Wahlbeteiligung\"}]},{\"@type\":\"WebSite\",\"@id\":\"https:\/\/www.polyas.de\/blog\/#website\",\"url\":\"https:\/\/www.polyas.de\/blog\/\",\"name\":\"POLYAS\",\"description\":\"the blog for secure online voting\",\"potentialAction\":[{\"@type\":\"SearchAction\",\"target\":{\"@type\":\"EntryPoint\",\"urlTemplate\":\"https:\/\/www.polyas.de\/blog\/?s={search_term_string}\"},\"query-input\":\"required name=search_term_string\"}],\"inLanguage\":\"de-DE\"},{\"@type\":\"Person\",\"@id\":\"https:\/\/www.polyas.de\/blog\/#\/schema\/person\/98104228cf095df07868c881c84b9a4a\",\"name\":\"Matthias Schubert\",\"image\":{\"@type\":\"ImageObject\",\"inLanguage\":\"de-DE\",\"@id\":\"https:\/\/www.polyas.de\/blog\/#\/schema\/person\/image\/\",\"url\":\"https:\/\/secure.gravatar.com\/avatar\/ee26d952ed0c4fc696181da71daeeab5?s=96&d=mm&r=g\",\"contentUrl\":\"https:\/\/secure.gravatar.com\/avatar\/ee26d952ed0c4fc696181da71daeeab5?s=96&d=mm&r=g\",\"caption\":\"Matthias Schubert\"},\"url\":\"https:\/\/www.polyas.de\/blog\/author\/m-schubert\"}]}<\/script>\n<!-- \/ Yoast SEO plugin. -->","yoast_head_json":{"title":"Radio-Interview mit Ralf M\u00fcller zur Wahlbeteiligung - POLYAS","description":"Polyas-Gesch\u00e4ftsf\u00fchrer Ralf M\u00fcller im interview mit SWR2 zur Wahlbeteiligung bei der Landtagswahl in Baden-W\u00fcrttemberg und den Chancen der Online-Wahl.","robots":{"index":"index","follow":"follow","max-snippet":"max-snippet:-1","max-image-preview":"max-image-preview:large","max-video-preview":"max-video-preview:-1"},"canonical":"https:\/\/www.polyas.de\/blog\/de\/wahlbeteiligung-steigern\/radio-interview-mit-ralf-mueller-zur-wahlbeteiligung","og_locale":"de_DE","og_type":"article","og_title":"Radio-Interview mit Ralf M\u00fcller zur Wahlbeteiligung - POLYAS","og_description":"Polyas-Gesch\u00e4ftsf\u00fchrer Ralf M\u00fcller im interview mit SWR2 zur Wahlbeteiligung bei der Landtagswahl in Baden-W\u00fcrttemberg und den Chancen der Online-Wahl.","og_url":"https:\/\/www.polyas.de\/blog\/de\/wahlbeteiligung-steigern\/radio-interview-mit-ralf-mueller-zur-wahlbeteiligung","og_site_name":"POLYAS","article_published_time":"2016-03-15T08:22:24+00:00","article_modified_time":"2018-12-10T15:36:13+00:00","og_image":[{"width":890,"height":224,"url":"https:\/\/i0.wp.com\/www.polyas.de\/blog\/wp-content\/uploads\/2016\/03\/Blogvorlagen_wahlbeteiligung.png?fit=890%2C224&ssl=1","type":"image\/png"}],"author":"Matthias Schubert","twitter_card":"summary_large_image","twitter_misc":{"Verfasst von":"Matthias Schubert","Gesch\u00e4tzte Lesezeit":"2 Minuten"},"schema":{"@context":"https:\/\/schema.org","@graph":[{"@type":"WebPage","@id":"https:\/\/www.polyas.de\/blog\/de\/wahlbeteiligung-steigern\/radio-interview-mit-ralf-mueller-zur-wahlbeteiligung","url":"https:\/\/www.polyas.de\/blog\/de\/wahlbeteiligung-steigern\/radio-interview-mit-ralf-mueller-zur-wahlbeteiligung","name":"Radio-Interview mit Ralf M\u00fcller zur Wahlbeteiligung - POLYAS","isPartOf":{"@id":"https:\/\/www.polyas.de\/blog\/#website"},"datePublished":"2016-03-15T08:22:24+00:00","dateModified":"2018-12-10T15:36:13+00:00","author":{"@id":"https:\/\/www.polyas.de\/blog\/#\/schema\/person\/98104228cf095df07868c881c84b9a4a"},"description":"Polyas-Gesch\u00e4ftsf\u00fchrer Ralf M\u00fcller im interview mit SWR2 zur Wahlbeteiligung bei der Landtagswahl in Baden-W\u00fcrttemberg und den Chancen der Online-Wahl.","breadcrumb":{"@id":"https:\/\/www.polyas.de\/blog\/de\/wahlbeteiligung-steigern\/radio-interview-mit-ralf-mueller-zur-wahlbeteiligung#breadcrumb"},"inLanguage":"de-DE","potentialAction":[{"@type":"ReadAction","target":["https:\/\/www.polyas.de\/blog\/de\/wahlbeteiligung-steigern\/radio-interview-mit-ralf-mueller-zur-wahlbeteiligung"]}]},{"@type":"BreadcrumbList","@id":"https:\/\/www.polyas.de\/blog\/de\/wahlbeteiligung-steigern\/radio-interview-mit-ralf-mueller-zur-wahlbeteiligung#breadcrumb","itemListElement":[{"@type":"ListItem","position":1,"name":"Startseite","item":"https:\/\/www.polyas.de\/blog\/de"},{"@type":"ListItem","position":2,"name":"Radio-Interview mit Ralf M\u00fcller zur Wahlbeteiligung"}]},{"@type":"WebSite","@id":"https:\/\/www.polyas.de\/blog\/#website","url":"https:\/\/www.polyas.de\/blog\/","name":"POLYAS","description":"the blog for secure online voting","potentialAction":[{"@type":"SearchAction","target":{"@type":"EntryPoint","urlTemplate":"https:\/\/www.polyas.de\/blog\/?s={search_term_string}"},"query-input":"required name=search_term_string"}],"inLanguage":"de-DE"},{"@type":"Person","@id":"https:\/\/www.polyas.de\/blog\/#\/schema\/person\/98104228cf095df07868c881c84b9a4a","name":"Matthias Schubert","image":{"@type":"ImageObject","inLanguage":"de-DE","@id":"https:\/\/www.polyas.de\/blog\/#\/schema\/person\/image\/","url":"https:\/\/secure.gravatar.com\/avatar\/ee26d952ed0c4fc696181da71daeeab5?s=96&d=mm&r=g","contentUrl":"https:\/\/secure.gravatar.com\/avatar\/ee26d952ed0c4fc696181da71daeeab5?s=96&d=mm&r=g","caption":"Matthias Schubert"},"url":"https:\/\/www.polyas.de\/blog\/author\/m-schubert"}]}},"jetpack_featured_media_url":"https:\/\/www.polyas.de\/blog\/wp-content\/uploads\/2016\/03\/Blogvorlagen_wahlbeteiligung.png","jetpack_publicize_connections":[],"jetpack_shortlink":"https:\/\/wp.me\/p72Pnr-zk","jetpack-related-posts":[{"id":2107,"url":"https:\/\/www.polyas.de\/blog\/de\/online-wahlen\/landtagswahlen-ein-ueberblick-ueber-die-wahlportale-der-bundeslaender","url_meta":{"origin":2190,"position":0},"title":"Landtagswahlen \u2013 ein \u00dcberblick \u00fcber die Wahlportale der Bundesl\u00e4nder","date":"10\/03\/2016","format":false,"excerpt":"Am kommenden Sonntag finden gleich in drei Bundesl\u00e4ndern Landtagswahlen statt.Jedes dieser Bundesl\u00e4nder stellt seinen B\u00fcrgerinnen und B\u00fcrgern nat\u00fcrlich auch online Informationen zum Wahl zu Verf\u00fcgung. Wir haben uns einmal umgeschaut, wie sich interessierte W\u00e4hlerinnen und W\u00e4hler in Baden-W\u00fcrttemberg, Rheinland-Pfalz und Sachsen-Anhalt auf den offiziellen Wahl-Portalen ihres Landes informieren k\u00f6nnen. Landtagswahl\u2026","rel":"","context":"In &quot;Wahl News&quot;","img":{"alt_text":"","src":"https:\/\/i0.wp.com\/www.polyas.de\/blog\/wp-content\/uploads\/2016\/03\/wahlportale_Landtagswahlen2016.jpg?resize=350%2C200&ssl=1","width":350,"height":200},"classes":[]},{"id":6863,"url":"https:\/\/www.polyas.de\/blog\/de\/wahlbeteiligung-steigern\/i-voting","url_meta":{"origin":2190,"position":1},"title":"Studien zum Wahlverhalten: Wahlbeteiligung durch I-Voting steigern","date":"22\/11\/2018","format":false,"excerpt":"Auch wenn die Wahlbeteiligung bei Landtagswahlen zuletzt gestiegen ist: Noch immer geht fast ein Viertel aller Menschen in Deutschland nicht zur Wahl. Doch dagegen l\u00e4sst sich etwas unternehmen: In einer neuen Blogserie beleuchtet POLYAS Studien zum Wahlverhalten und darauf basierende Vorschl\u00e4ge zur Steigerung der Wahlbeteiligung. Im ersten Teil geht es\u2026","rel":"","context":"In &quot;Wahlbeteiligung&quot;","img":{"alt_text":"I-Voting ist eine der M\u00f6glichkeiten, um die Wahlbeteiligung zu steigern.","src":"https:\/\/i0.wp.com\/www.polyas.de\/blog\/wp-content\/uploads\/2018\/11\/analytics-3265840_1920.jpg?resize=350%2C200&ssl=1","width":350,"height":200},"classes":[]},{"id":2077,"url":"https:\/\/www.polyas.de\/blog\/de\/wahlbeteiligung-steigern\/rekord-briefwahl-bei-den-landtagswahlen-am-13-maerz-2016","url_meta":{"origin":2190,"position":2},"title":"Rekord-Briefwahl bei den Landtagswahlen am 13. M\u00e4rz 2016","date":"03\/03\/2016","format":false,"excerpt":"Der Anteil der Briefw\u00e4hler steigt bei jeder politischen Wahl. Dieser seit langem zu beobachtende\u00a0Trend setzt sich bei den Landtagswahlen in Baden-W\u00fcrttemberg, Rheinland-Pfalz und Sachsen-Anhalt am 13. M\u00e4rz 2016 fort. In diesem Beitrag zeigen wir, dass die Briefwahl\u00a0nicht nur immer h\u00f6here Kosten verursacht, sondern sich auch sch\u00e4dlich auf die Umwelt auswirkt.\u2026","rel":"","context":"In &quot;Wahlbeteiligung&quot;","img":{"alt_text":"","src":"https:\/\/i0.wp.com\/www.polyas.de\/blog\/wp-content\/uploads\/2016\/03\/Blogvorlagen_wahlbeteiligung.png?resize=350%2C200&ssl=1","width":350,"height":200},"classes":[]},{"id":2185,"url":"https:\/\/www.polyas.de\/blog\/de\/online-wahlen\/wahlnews-nichtwaehler-steigern-wahlbeteiligung-bei-landtagswahlen","url_meta":{"origin":2190,"position":3},"title":"Nichtw\u00e4hler steigern Wahlbeteiligung bei Landtagswahlen","date":"14\/03\/2016","format":false,"excerpt":"\u00a013.03.16: Immer wieder sonntags. Wieder ist ein Sonntag rum und wieder entschied sich am traditionellen Wahltag die politische Aufstellung von L\u00e4ndern und St\u00e4dten weltweit. Der Super-Wahl-Sonntag war die Wahl der Nichtw\u00e4hler. Mit historischen Ergebnissen verzeichnete dieser ein Hoch der Wahlbeteiligung und den erfolgreichsten Ersteinstieg einer Partei in ein Parlament der\u2026","rel":"","context":"In &quot;Wahl News&quot;","img":{"alt_text":"In Spanien und der Schweiz wurde abgestimmt","src":"https:\/\/i0.wp.com\/www.polyas.de\/blog\/wp-content\/uploads\/2016\/03\/Wahl-News.png?resize=350%2C200&ssl=1","width":350,"height":200},"classes":[]},{"id":5236,"url":"https:\/\/www.polyas.de\/blog\/de\/allgemein-de\/5236","url_meta":{"origin":2190,"position":4},"title":"FDP und Gr\u00fcne: Pionierarbeit mit dem Online-Mitgliederentscheid","date":"26\/06\/2017","format":false,"excerpt":"Sowohl die FDP in NRW und Schleswig-Holstein, als auch B\u00fcndnis 90\/ Die Gr\u00fcnen im K\u00fcstenland haben ihre Mitglieder in einem Online-Mitgliederentscheid \u00fcber den Koalitionsvertrag f\u00fcr ihre Beteiligung an den kommenden Landesregierungen abstimmen lassen. Durchgef\u00fchrt wurde die Online-Befragung mit POLYAS. Damit sind die Landesverb\u00e4nde Pioniere auf dem Gebiet der innerparteilichen Demokratie\u2026","rel":"","context":"In &quot;\u00dcber POLYAS&quot;","img":{"alt_text":"Online-Mitgliederentscheid der FDP NRW und Schleswig Holstein und der Gr\u00fcnen Schleswig Holstein mit Polyas","src":"https:\/\/i0.wp.com\/www.polyas.de\/blog\/wp-content\/uploads\/2017\/06\/Online-Mitgliederentscheid.jpg?resize=350%2C200&ssl=1","width":350,"height":200},"classes":[]},{"id":6813,"url":"https:\/\/www.polyas.de\/blog\/de\/online-wahlen\/landtagswahl-bayern","url_meta":{"origin":2190,"position":5},"title":"Bayern: Koalition aus CSU und Freien W\u00e4hlern wahrscheinlich","date":"15\/10\/2018","format":false,"excerpt":"Nach der Landtagswahl in Bayern steht fest, was Prognosen lange vorhergesagt hatten: Die CSU hat die absolute Mehrheit verloren. Allerdings kann auch keine Regierung gegen die Bayern-Partei gebildet werden. Am wahrscheinlichsten ist eine Koalition der CSU mit den Freien W\u00e4hlern. #WahlNews Hohe Verluste f\u00fcr CSU und SPD Die CSU holte\u2026","rel":"","context":"In &quot;Wahl News&quot;","img":{"alt_text":"Erfahren Sie alles Aktuelle \u00fcber die Parlamentswahl in der Ukraine","src":"https:\/\/i0.wp.com\/www.polyas.de\/blog\/wp-content\/uploads\/2016\/12\/Wahl-News-Schmal_810x280.png?resize=350%2C200&ssl=1","width":350,"height":200},"classes":[]}],"_links":{"self":[{"href":"https:\/\/www.polyas.de\/blog\/wp-json\/wp\/v2\/posts\/2190"}],"collection":[{"href":"https:\/\/www.polyas.de\/blog\/wp-json\/wp\/v2\/posts"}],"about":[{"href":"https:\/\/www.polyas.de\/blog\/wp-json\/wp\/v2\/types\/post"}],"author":[{"embeddable":true,"href":"https:\/\/www.polyas.de\/blog\/wp-json\/wp\/v2\/users\/2"}],"replies":[{"embeddable":true,"href":"https:\/\/www.polyas.de\/blog\/wp-json\/wp\/v2\/comments?post=2190"}],"version-history":[{"count":24,"href":"https:\/\/www.polyas.de\/blog\/wp-json\/wp\/v2\/posts\/2190\/revisions"}],"predecessor-version":[{"id":6890,"href":"https:\/\/www.polyas.de\/blog\/wp-json\/wp\/v2\/posts\/2190\/revisions\/6890"}],"wp:featuredmedia":[{"embeddable":true,"href":"https:\/\/www.polyas.de\/blog\/wp-json\/wp\/v2\/media\/2093"}],"wp:attachment":[{"href":"https:\/\/www.polyas.de\/blog\/wp-json\/wp\/v2\/media?parent=2190"}],"wp:term":[{"taxonomy":"category","embeddable":true,"href":"https:\/\/www.polyas.de\/blog\/wp-json\/wp\/v2\/categories?post=2190"},{"taxonomy":"post_tag","embeddable":true,"href":"https:\/\/www.polyas.de\/blog\/wp-json\/wp\/v2\/tags?post=2190"}],"curies":[{"name":"wp","href":"https:\/\/api.w.org\/{rel}","templated":true}]}}