{"id":2045,"date":"2016-02-22T17:31:31","date_gmt":"2016-02-22T16:31:31","guid":{"rendered":"https:\/\/www.polyas.de\/blog\/?p=2045"},"modified":"2016-03-02T11:26:57","modified_gmt":"2016-03-02T10:26:57","slug":"wahlnews-no-fuer-morales-und-hausarrest-in-uganda","status":"publish","type":"post","link":"https:\/\/www.polyas.de\/blog\/de\/online-wahlen\/wahlnews-no-fuer-morales-und-hausarrest-in-uganda","title":{"rendered":"#WahlNews: No! f\u00fcr Morales und Hausarrest in Uganda"},"content":{"rendered":"<p><strong>\u00a014.02.16: Immer wieder sonntags.\u00a0<\/strong><\/p>\n<p><strong>Wieder ist ein Sonntag rum und wieder entschied sich am traditionellen Wahltag die politische Aufstellung von L\u00e4ndern und St\u00e4dten weltweit.<\/strong><\/p>\n<p><!--more--><\/p>\n<h2>#Bolivien<\/h2>\n<p>Und der Morales von der bolivianischen Geschicht\u2019? Eine vierte Amtszeit die gibt es nicht. Der amtierende Pr\u00e4sident Evo Morales h\u00e4tte gerne bis 2025 den Andenstaat gelenkt, doch die Bolivianer machten ihm am Sonntag h\u00f6chstwahrscheinlich einen Strich durch die Rechnung. Bei einem Referendum entschieden die B\u00fcrger nach den neusten Hochrechnungen gegen die vierte Amtszeit des sozialistischen Pr\u00e4sidenten.<\/p>\n<p>Laut des Senders ATB entschieden 52,3 Prozent gegen die \u00c4nderung in der Verfassung und 47,7 Prozent stimmten f\u00fcr die Anpassung zu Gunsten Morales. Eine knappe Entscheidung und dennoch eine deutliche Niederlage f\u00fcr das Staatsoberhaupt, dem mittlerweile Tendenzen eines autorit\u00e4ren Regierungsstils nachgesagt werden (<a href=\"http:\/\/www.faz.net\/aktuell\/politik\/ausland\/amerika\/boliviens-praesident-evo-morales-verliert-offenbar-referendum-14083543.html\" target=\"_blank\">FAZ<\/a>) . Obwohl die Wirtschaft seit Morales Amtsantritt 2006 ein Wachstum von 4,9 Prozent erlebte, sind die Proteste gegen ihn in letzter Zeit lauter geworden.<\/p>\n<h2>#Uganda<\/h2>\n<p>Schon am Donnerstag waren die Wahlurnen f\u00fcr die Pr\u00e4sidentschaftswahl in Uganda ge\u00f6ffnet. Doch seit heute ist der Oppositionskandidat Kizza Besigye unter Hausarrest gestellt. Er wollte am Montag Einblicke in die Wahlprotokolle nehmen und so einen Wahlskandal entlarven. Doch sein Gegner und Wahlsieger Pr\u00e4sident Yoweri Museveni\u00a0m\u00f6chte davon nichts h\u00f6ren. Mit 60 Prozent wurde er in seinem Amt best\u00e4tigt.<\/p>\n<p>Nur 35 Prozent erhielt dagegen der nun unter Hausarrest stehende Besigye. Genau diese Ergebnisse m\u00f6chte der Oppsitionskandidat\u00a0nun nicht akzeptieren und prangert die Zust\u00e4nde und den Ablauf der Wahl an. Angeblich versp\u00e4teten sich die Lieferungen von Wahlunterlagen, Stimmzettel wurden zum Vorteil f\u00fcr Museveni manipuliert und andere Irregularit\u00e4ten in den Hochburgen von Pr\u00e4sidentschaftskandidat Besigye schienen am Wahltag an der Tagesordnung. Internationale Beobachter der EU kritisierten die Wahl mit Hinweis auf die fehlende Transparenz und Unabh\u00e4ngigkeit.<\/p>\n<p>&nbsp;<\/p>\n<p>Quelle: <a href=\"http:\/\/www.theguardian.com\/global-development\/2016\/feb\/22\/ugandan-elections-polls-fraud-yoweri-museveni\" target=\"_blank\">The Guardian<\/a> und <a href=\"http:\/\/www.ibtimes.com\/ugandas-opposition-leader-kizza-besigye-arrested-after-alleging-fraud-elections-2316966\" target=\"_blank\">International Business Time<\/a><\/p>\n<p>&nbsp;<\/p>\n<p>&nbsp;<\/p>\n","protected":false},"excerpt":{"rendered":"<p>\u00a014.02.16: Immer wieder sonntags.\u00a0 Wieder ist ein Sonntag rum und wieder entschied sich am traditionellen Wahltag die politische Aufstellung von L\u00e4ndern und St\u00e4dten weltweit.<\/p>\n","protected":false},"author":119,"featured_media":1626,"comment_status":"open","ping_status":"open","sticky":false,"template":"","format":"standard","meta":{"_eb_attr":"","ub_ctt_via":"","spay_email":"","jetpack_publicize_message":"","jetpack_is_tweetstorm":false,"jetpack_publicize_feature_enabled":true},"categories":[8],"tags":[433,343,431,435],"featured_image_src":"https:\/\/www.polyas.de\/blog\/wp-content\/uploads\/2015\/11\/Blogvorlagen_Wahlnews2.png","author_info":{"display_name":"Marlene L\u00f6sken","author_link":"https:\/\/www.polyas.de\/blog\/author\/m-loesken"},"yoast_head":"<!-- This site is optimized with the Yoast SEO plugin v19.9 - https:\/\/yoast.com\/wordpress\/plugins\/seo\/ -->\n<title>Wahlen: Referendum in Bolivien und Hausarrest in Uganda<\/title>\n<meta name=\"description\" content=\"Entt\u00e4uschung f\u00fcr den Bolivianischen Pr\u00e4sidenten und Hausarrest f\u00fcr den Oppositionskandidaten der Pr\u00e4sidentschaftswahl in Uganda: Hintergr\u00fcnde zum Nachlesen &gt;\" \/>\n<meta name=\"robots\" content=\"index, follow, max-snippet:-1, max-image-preview:large, max-video-preview:-1\" \/>\n<link rel=\"canonical\" href=\"https:\/\/www.polyas.de\/blog\/de\/online-wahlen\/wahlnews-no-fuer-morales-und-hausarrest-in-uganda\" \/>\n<meta property=\"og:locale\" content=\"de_DE\" \/>\n<meta property=\"og:type\" content=\"article\" \/>\n<meta property=\"og:title\" content=\"Wahlen: Referendum in Bolivien und Hausarrest in Uganda\" \/>\n<meta property=\"og:description\" content=\"Entt\u00e4uschung f\u00fcr den Bolivianischen Pr\u00e4sidenten und Hausarrest f\u00fcr den Oppositionskandidaten der Pr\u00e4sidentschaftswahl in Uganda: Hintergr\u00fcnde zum Nachlesen &gt;\" \/>\n<meta property=\"og:url\" content=\"https:\/\/www.polyas.de\/blog\/de\/online-wahlen\/wahlnews-no-fuer-morales-und-hausarrest-in-uganda\" \/>\n<meta property=\"og:site_name\" content=\"POLYAS\" \/>\n<meta property=\"article:published_time\" content=\"2016-02-22T16:31:31+00:00\" \/>\n<meta property=\"article:modified_time\" content=\"2016-03-02T10:26:57+00:00\" \/>\n<meta property=\"og:image\" content=\"https:\/\/i0.wp.com\/www.polyas.de\/blog\/wp-content\/uploads\/2015\/11\/Blogvorlagen_Wahlnews2.png?fit=890%2C332&ssl=1\" \/>\n\t<meta property=\"og:image:width\" content=\"890\" \/>\n\t<meta property=\"og:image:height\" content=\"332\" \/>\n\t<meta property=\"og:image:type\" content=\"image\/png\" \/>\n<meta name=\"author\" content=\"Marlene L\u00f6sken\" \/>\n<meta name=\"twitter:card\" content=\"summary_large_image\" \/>\n<meta name=\"twitter:label1\" content=\"Verfasst von\" \/>\n\t<meta name=\"twitter:data1\" content=\"Marlene L\u00f6sken\" \/>\n\t<meta name=\"twitter:label2\" content=\"Gesch\u00e4tzte Lesezeit\" \/>\n\t<meta name=\"twitter:data2\" content=\"2 Minuten\" \/>\n<script type=\"application\/ld+json\" class=\"yoast-schema-graph\">{\"@context\":\"https:\/\/schema.org\",\"@graph\":[{\"@type\":\"WebPage\",\"@id\":\"https:\/\/www.polyas.de\/blog\/de\/online-wahlen\/wahlnews-no-fuer-morales-und-hausarrest-in-uganda\",\"url\":\"https:\/\/www.polyas.de\/blog\/de\/online-wahlen\/wahlnews-no-fuer-morales-und-hausarrest-in-uganda\",\"name\":\"Wahlen: Referendum in Bolivien und Hausarrest in Uganda\",\"isPartOf\":{\"@id\":\"https:\/\/www.polyas.de\/blog\/#website\"},\"datePublished\":\"2016-02-22T16:31:31+00:00\",\"dateModified\":\"2016-03-02T10:26:57+00:00\",\"author\":{\"@id\":\"https:\/\/www.polyas.de\/blog\/#\/schema\/person\/ae76dfcf985d7e754ebdf8eeff7b4a84\"},\"description\":\"Entt\u00e4uschung f\u00fcr den Bolivianischen Pr\u00e4sidenten und Hausarrest f\u00fcr den Oppositionskandidaten der Pr\u00e4sidentschaftswahl in Uganda: Hintergr\u00fcnde zum Nachlesen >\",\"breadcrumb\":{\"@id\":\"https:\/\/www.polyas.de\/blog\/de\/online-wahlen\/wahlnews-no-fuer-morales-und-hausarrest-in-uganda#breadcrumb\"},\"inLanguage\":\"de-DE\",\"potentialAction\":[{\"@type\":\"ReadAction\",\"target\":[\"https:\/\/www.polyas.de\/blog\/de\/online-wahlen\/wahlnews-no-fuer-morales-und-hausarrest-in-uganda\"]}]},{\"@type\":\"BreadcrumbList\",\"@id\":\"https:\/\/www.polyas.de\/blog\/de\/online-wahlen\/wahlnews-no-fuer-morales-und-hausarrest-in-uganda#breadcrumb\",\"itemListElement\":[{\"@type\":\"ListItem\",\"position\":1,\"name\":\"Startseite\",\"item\":\"https:\/\/www.polyas.de\/blog\/de\"},{\"@type\":\"ListItem\",\"position\":2,\"name\":\"#WahlNews: No! f\u00fcr Morales und Hausarrest in Uganda\"}]},{\"@type\":\"WebSite\",\"@id\":\"https:\/\/www.polyas.de\/blog\/#website\",\"url\":\"https:\/\/www.polyas.de\/blog\/\",\"name\":\"POLYAS\",\"description\":\"the blog for secure online voting\",\"potentialAction\":[{\"@type\":\"SearchAction\",\"target\":{\"@type\":\"EntryPoint\",\"urlTemplate\":\"https:\/\/www.polyas.de\/blog\/?s={search_term_string}\"},\"query-input\":\"required name=search_term_string\"}],\"inLanguage\":\"de-DE\"},{\"@type\":\"Person\",\"@id\":\"https:\/\/www.polyas.de\/blog\/#\/schema\/person\/ae76dfcf985d7e754ebdf8eeff7b4a84\",\"name\":\"Marlene L\u00f6sken\",\"image\":{\"@type\":\"ImageObject\",\"inLanguage\":\"de-DE\",\"@id\":\"https:\/\/www.polyas.de\/blog\/#\/schema\/person\/image\/\",\"url\":\"https:\/\/secure.gravatar.com\/avatar\/df922c84b8af59ca3473fb2eb3240c22?s=96&d=mm&r=g\",\"contentUrl\":\"https:\/\/secure.gravatar.com\/avatar\/df922c84b8af59ca3473fb2eb3240c22?s=96&d=mm&r=g\",\"caption\":\"Marlene L\u00f6sken\"},\"sameAs\":[\"http:\/\/www.polyas.de\"],\"url\":\"https:\/\/www.polyas.de\/blog\/author\/m-loesken\"}]}<\/script>\n<!-- \/ Yoast SEO plugin. -->","yoast_head_json":{"title":"Wahlen: Referendum in Bolivien und Hausarrest in Uganda","description":"Entt\u00e4uschung f\u00fcr den Bolivianischen Pr\u00e4sidenten und Hausarrest f\u00fcr den Oppositionskandidaten der Pr\u00e4sidentschaftswahl in Uganda: Hintergr\u00fcnde zum Nachlesen >","robots":{"index":"index","follow":"follow","max-snippet":"max-snippet:-1","max-image-preview":"max-image-preview:large","max-video-preview":"max-video-preview:-1"},"canonical":"https:\/\/www.polyas.de\/blog\/de\/online-wahlen\/wahlnews-no-fuer-morales-und-hausarrest-in-uganda","og_locale":"de_DE","og_type":"article","og_title":"Wahlen: Referendum in Bolivien und Hausarrest in Uganda","og_description":"Entt\u00e4uschung f\u00fcr den Bolivianischen Pr\u00e4sidenten und Hausarrest f\u00fcr den Oppositionskandidaten der Pr\u00e4sidentschaftswahl in Uganda: Hintergr\u00fcnde zum Nachlesen >","og_url":"https:\/\/www.polyas.de\/blog\/de\/online-wahlen\/wahlnews-no-fuer-morales-und-hausarrest-in-uganda","og_site_name":"POLYAS","article_published_time":"2016-02-22T16:31:31+00:00","article_modified_time":"2016-03-02T10:26:57+00:00","og_image":[{"width":890,"height":332,"url":"https:\/\/i0.wp.com\/www.polyas.de\/blog\/wp-content\/uploads\/2015\/11\/Blogvorlagen_Wahlnews2.png?fit=890%2C332&ssl=1","type":"image\/png"}],"author":"Marlene L\u00f6sken","twitter_card":"summary_large_image","twitter_misc":{"Verfasst von":"Marlene L\u00f6sken","Gesch\u00e4tzte Lesezeit":"2 Minuten"},"schema":{"@context":"https:\/\/schema.org","@graph":[{"@type":"WebPage","@id":"https:\/\/www.polyas.de\/blog\/de\/online-wahlen\/wahlnews-no-fuer-morales-und-hausarrest-in-uganda","url":"https:\/\/www.polyas.de\/blog\/de\/online-wahlen\/wahlnews-no-fuer-morales-und-hausarrest-in-uganda","name":"Wahlen: Referendum in Bolivien und Hausarrest in Uganda","isPartOf":{"@id":"https:\/\/www.polyas.de\/blog\/#website"},"datePublished":"2016-02-22T16:31:31+00:00","dateModified":"2016-03-02T10:26:57+00:00","author":{"@id":"https:\/\/www.polyas.de\/blog\/#\/schema\/person\/ae76dfcf985d7e754ebdf8eeff7b4a84"},"description":"Entt\u00e4uschung f\u00fcr den Bolivianischen Pr\u00e4sidenten und Hausarrest f\u00fcr den Oppositionskandidaten der Pr\u00e4sidentschaftswahl in Uganda: Hintergr\u00fcnde zum Nachlesen >","breadcrumb":{"@id":"https:\/\/www.polyas.de\/blog\/de\/online-wahlen\/wahlnews-no-fuer-morales-und-hausarrest-in-uganda#breadcrumb"},"inLanguage":"de-DE","potentialAction":[{"@type":"ReadAction","target":["https:\/\/www.polyas.de\/blog\/de\/online-wahlen\/wahlnews-no-fuer-morales-und-hausarrest-in-uganda"]}]},{"@type":"BreadcrumbList","@id":"https:\/\/www.polyas.de\/blog\/de\/online-wahlen\/wahlnews-no-fuer-morales-und-hausarrest-in-uganda#breadcrumb","itemListElement":[{"@type":"ListItem","position":1,"name":"Startseite","item":"https:\/\/www.polyas.de\/blog\/de"},{"@type":"ListItem","position":2,"name":"#WahlNews: No! f\u00fcr Morales und Hausarrest in Uganda"}]},{"@type":"WebSite","@id":"https:\/\/www.polyas.de\/blog\/#website","url":"https:\/\/www.polyas.de\/blog\/","name":"POLYAS","description":"the blog for secure online voting","potentialAction":[{"@type":"SearchAction","target":{"@type":"EntryPoint","urlTemplate":"https:\/\/www.polyas.de\/blog\/?s={search_term_string}"},"query-input":"required name=search_term_string"}],"inLanguage":"de-DE"},{"@type":"Person","@id":"https:\/\/www.polyas.de\/blog\/#\/schema\/person\/ae76dfcf985d7e754ebdf8eeff7b4a84","name":"Marlene L\u00f6sken","image":{"@type":"ImageObject","inLanguage":"de-DE","@id":"https:\/\/www.polyas.de\/blog\/#\/schema\/person\/image\/","url":"https:\/\/secure.gravatar.com\/avatar\/df922c84b8af59ca3473fb2eb3240c22?s=96&d=mm&r=g","contentUrl":"https:\/\/secure.gravatar.com\/avatar\/df922c84b8af59ca3473fb2eb3240c22?s=96&d=mm&r=g","caption":"Marlene L\u00f6sken"},"sameAs":["http:\/\/www.polyas.de"],"url":"https:\/\/www.polyas.de\/blog\/author\/m-loesken"}]}},"jetpack_featured_media_url":"https:\/\/www.polyas.de\/blog\/wp-content\/uploads\/2015\/11\/Blogvorlagen_Wahlnews2.png","jetpack_publicize_connections":[],"jetpack_shortlink":"https:\/\/wp.me\/p72Pnr-wZ","jetpack-related-posts":[{"id":1314,"url":"https:\/\/www.polyas.de\/blog\/de\/online-wahlen\/wahlnews-rechtsruckreferendumkomiker","url_meta":{"origin":2045,"position":0},"title":"#WahlNews: Rechtsruck, Referendum, Komiker","date":"26\/10\/2015","format":false,"excerpt":"25.10.2015: Immer wieder sonntags. Wieder ist ein Sonntag rum und wieder entschied sich am traditionellen Wahltag die politische Aufstellung von L\u00e4ndern und\u00a0St\u00e4dten weltweit. #Polen Die ZEIT\u00a0nennt es einen \u201eTriumph der Euroskeptiker\u201c, die Financial Times erwartet zuk\u00fcnftig Spannungen zwischen der EU und Polen. Grund ist der voraussichtliche Sieg der nationalkonservativen Oppositionspartei\u2026","rel":"","context":"In &quot;Wahl News&quot;","img":{"alt_text":"","src":"","width":0,"height":0},"classes":[]},{"id":7018,"url":"https:\/\/www.polyas.de\/blog\/de\/online-wahlen\/wahlnews-parlamentswahl-februar","url_meta":{"origin":2045,"position":1},"title":"#WahlNews: Unruhen bei Pr\u00e4sidentschaftswahl in Nigeria","date":"26\/02\/2019","format":false,"excerpt":"Am Sonntag wurde in Nigeria, der Republik Moldau und im Senegal zur Parlamentswahl aufgerufen, w\u00e4hrend die Parlamentswahl in Thailand erneut verschoben wurde. In Kuba wurde in einem Referendum \u00fcber das Recht auf privaten Besitz abgestimmt. Nach einem spannenden Kopf-an-Kopf-Rennen des Pr\u00e4sidenten von Nigeria und seinem Herausforderer werden nach den umfangreichsten\u2026","rel":"","context":"In &quot;Wahl News&quot;","img":{"alt_text":"Erfahren Sie alles Aktuelle \u00fcber die Parlamentswahl in der Ukraine","src":"https:\/\/i0.wp.com\/www.polyas.de\/blog\/wp-content\/uploads\/2016\/12\/Wahl-News-Schmal_810x280.png?resize=350%2C200&ssl=1","width":350,"height":200},"classes":[]},{"id":1987,"url":"https:\/\/www.polyas.de\/blog\/de\/online-wahlen\/wahlnews-uebergang-und-wahlkampsstimmung","url_meta":{"origin":2045,"position":2},"title":"#WahlNews: \u00dcbergangs- und Wahlkampfstimmung","date":"15\/02\/2016","format":false,"excerpt":"\u00a014.02.16: Immer wieder sonntags.\u00a0 Wieder ist ein Sonntag rum und wieder entschied sich am traditionellen Wahltag die politische Aufstellung von L\u00e4ndern und St\u00e4dten weltweit. #Haiti Der Inselstaat hat seit Sonntag ein \u00dcbergangs-Staatsoberhaupt. Der bisher amtierende Senatspr\u00e4sident Jocelene Privert wurde am gestrigen Sonntag nach zwei Wahlg\u00e4ngen vom haitianischen Parlament zum \u00dcbergangspr\u00e4sidenten\u2026","rel":"","context":"In &quot;Wahl News&quot;","img":{"alt_text":"Eine w\u00f6chentliche Zusammenfassung der wichtigsten News aus der Welt der Wahlen. Wahlbeteiligung, Wahlergebnisse und politische Zusammenh\u00e4nge!","src":"https:\/\/i0.wp.com\/www.polyas.de\/blog\/wp-content\/uploads\/2015\/11\/Blogvorlagen_Wahlnews2.png?resize=350%2C200&ssl=1","width":350,"height":200},"classes":[]},{"id":2247,"url":"https:\/\/www.polyas.de\/blog\/de\/online-wahlen\/wahlnews-neuanfang-in-benin-und-tradition-in-kasachstan","url_meta":{"origin":2045,"position":3},"title":"Neuanfang in Benin und Tradition in Kasachstan","date":"21\/03\/2016","format":false,"excerpt":"\u00a020.03.16: Immer wieder sonntags.\u00a0 Wieder ist ein Sonntag rum und wieder entschied sich am traditionellen Wahltag die politische Aufstellung von L\u00e4ndern und St\u00e4dten weltweit. Heute: Benin und Kasachstan Benin: Favorit Patrice Talon ist der eindeutige Gewinner der Stichwahl und neuer Pr\u00e4sident. Er setzte sich gegen den Konkurrenten Lionel Zinsou durch.\u2026","rel":"","context":"In &quot;Wahl News&quot;","img":{"alt_text":"In Spanien und der Schweiz wurde abgestimmt","src":"https:\/\/i0.wp.com\/www.polyas.de\/blog\/wp-content\/uploads\/2016\/03\/Wahl-News.png?resize=350%2C200&ssl=1","width":350,"height":200},"classes":[]},{"id":3611,"url":"https:\/\/www.polyas.de\/blog\/de\/online-wahlen\/wahlnews-bulgarien-nicaragua","url_meta":{"origin":2045,"position":4},"title":"Eine \u00dcberraschung und ein Ehepaar an der Macht","date":"07\/11\/2016","format":false,"excerpt":"Immer wieder sonntags... \u00a0Auch an diesem Wochenende wurde gew\u00e4hlt\u00a0und zwar in Bulgarien und Nicaragua. Im \u00e4rmsten EU-Land gab es eine \u00fcberraschende Wendung bei der ersten Runde der Pr\u00e4sidentschaftswahl. Dieses Ergebnis gef\u00e4hrdet sogar die Regierung. In Nicaragua bleibt Daniel Ortega an der Macht - gemeinsam mit seiner Frau, die Vizepr\u00e4sidentin geworden\u2026","rel":"","context":"In &quot;Wahl News&quot;","img":{"alt_text":"In Spanien und der Schweiz wurde abgestimmt","src":"https:\/\/i0.wp.com\/www.polyas.de\/blog\/wp-content\/uploads\/2016\/03\/Wahl-News.png?resize=350%2C200&ssl=1","width":350,"height":200},"classes":[]},{"id":6294,"url":"https:\/\/www.polyas.de\/blog\/de\/online-wahlen\/finnland-tschechien-praesidenten-wahl","url_meta":{"origin":2045,"position":5},"title":"Wahlnews: Finnland und Tschechien haben neue alte Pr\u00e4sidenten","date":"29\/01\/2018","format":false,"excerpt":"In gleich zwei EU-L\u00e4ndern wurde am Wochenende der Pr\u00e4sident gew\u00e4hlt - in beiden F\u00e4llen\u00a0hat der Amtsinhaber gewonnen. Doch einen Unterschied gibt es: W\u00e4hrend Sauli Niinist\u00f6 in Finnland direkt im ersten Wahlgang die absolute Mehrheit erreichte, siegte Milo\u0161 Zeman in Tschechien nur knapp. Mehr Informationen zu beiden Wahlen in unseren Wahlnews.\u2026","rel":"","context":"In &quot;Wahl News&quot;","img":{"alt_text":"Erfahren Sie alles Aktuelle \u00fcber die Parlamentswahl in der Ukraine","src":"https:\/\/i0.wp.com\/www.polyas.de\/blog\/wp-content\/uploads\/2016\/12\/Wahl-News-Schmal_810x280.png?resize=350%2C200&ssl=1","width":350,"height":200},"classes":[]}],"_links":{"self":[{"href":"https:\/\/www.polyas.de\/blog\/wp-json\/wp\/v2\/posts\/2045"}],"collection":[{"href":"https:\/\/www.polyas.de\/blog\/wp-json\/wp\/v2\/posts"}],"about":[{"href":"https:\/\/www.polyas.de\/blog\/wp-json\/wp\/v2\/types\/post"}],"author":[{"embeddable":true,"href":"https:\/\/www.polyas.de\/blog\/wp-json\/wp\/v2\/users\/119"}],"replies":[{"embeddable":true,"href":"https:\/\/www.polyas.de\/blog\/wp-json\/wp\/v2\/comments?post=2045"}],"version-history":[{"count":3,"href":"https:\/\/www.polyas.de\/blog\/wp-json\/wp\/v2\/posts\/2045\/revisions"}],"predecessor-version":[{"id":2100,"href":"https:\/\/www.polyas.de\/blog\/wp-json\/wp\/v2\/posts\/2045\/revisions\/2100"}],"wp:featuredmedia":[{"embeddable":true,"href":"https:\/\/www.polyas.de\/blog\/wp-json\/wp\/v2\/media\/1626"}],"wp:attachment":[{"href":"https:\/\/www.polyas.de\/blog\/wp-json\/wp\/v2\/media?parent=2045"}],"wp:term":[{"taxonomy":"category","embeddable":true,"href":"https:\/\/www.polyas.de\/blog\/wp-json\/wp\/v2\/categories?post=2045"},{"taxonomy":"post_tag","embeddable":true,"href":"https:\/\/www.polyas.de\/blog\/wp-json\/wp\/v2\/tags?post=2045"}],"curies":[{"name":"wp","href":"https:\/\/api.w.org\/{rel}","templated":true}]}}