{"id":1747,"date":"2016-01-04T19:28:33","date_gmt":"2016-01-04T18:28:33","guid":{"rendered":"https:\/\/www.polyas.de\/blog\/?p=1747"},"modified":"2016-01-11T15:19:53","modified_gmt":"2016-01-11T14:19:53","slug":"wahlnews-wahlen-gegen-den-buergerkrieg","status":"publish","type":"post","link":"https:\/\/www.polyas.de\/blog\/de\/online-wahlen\/wahlnews-wahlen-gegen-den-buergerkrieg","title":{"rendered":"#WahlNews: Wahlen gegen den B\u00fcrgerkrieg"},"content":{"rendered":"<p><strong>3.1.16: Immer wieder sonntags.<\/strong><\/p>\n<p><strong>Wieder ist ein Sonntag rum und wieder entschied sich am traditionellen Wahltag die politische Aufstellung von L\u00e4ndern und\u00a0St\u00e4dten weltweit.<\/strong><!--more--><\/p>\n<h2><strong>#ZentralafrikanischeRepublik<\/strong><\/h2>\n<p>Das vom B\u00fcrgerkrieg gebeutelte Land w\u00e4hlt einen neuen Pr\u00e4sidenten. Ob dies in einem oder zwei Wahlg\u00e4ngen geschieht, h\u00e4ngt von der Stimmausz\u00e4hlung des ersten Wahlgangs ab. Erreicht einer der Kandidaten die absolute Mehrheit, er\u00fcbrigt sich der zweite Gang zur Wahlurne. Schon Montagmorgen kristallisierte sich jedoch ein Trend heraus. \u00dcberraschend setzte sich der ehemalige Regierungschef und unabh\u00e4ngige Kandidat Faustin Archange Touad\u00e9ra an die Spitze.<\/p>\n<p>&nbsp;<\/p>\n<h3>B\u00fcrgerkrieg und Unruhen<\/h3>\n<p>Im Vorfeld der Wahl hatte Catherine Samba-Panza als \u00dcbergangspr\u00e4sidentin die Geschicke des Landes verwaltet, nachdem Pr\u00e4sident Fran\u00e7ois Boziz\u00e9 von der muslimischen Rebellenbewegung S\u00e9l\u00e9ka gest\u00fcrzt wurde. Nach dem Umsturz fiel die Zentralafrikanische Republik in einen B\u00fcrgerkrieg, in dem sich christliche und muslimische Gruppierungen bek\u00e4mpften. Die Friedensmission MINUSCA setzte deswegen Neuwahlen an, um Ruhe in die Aufst\u00e4nde zu bringen. Die muslimische Rebellenkoalition S\u00e9l\u00e9ka rief am 14. Dezember 2015 im Nordosten der Zentralafrikanischen Republik die <a href=\"https:\/\/de.wikipedia.org\/wiki\/Dar_El_Kuti\" target=\"_blank\">Republik Dar El Kuti<\/a> aus. Diese ist jedoch nach internationalem Recht nicht anerkannt.<\/p>\n<p>Mit 23 Prozent der Stimmen k\u00f6nnte Touad\u00e9ra nun als Au\u00dfenseiter die Wahl f\u00fcr sich entscheiden\u00a0<a href=\"http:\/\/www.tagesspiegel.de\/politik\/wahlen-in-zentralafrika-ex-regierungschef-liegt-ueberraschend-vorn\/12786256.html\" target=\"_blank\">(taz)<\/a>. Ob es zu einem zweiten Wahlgang kommt, ist zu diesem Zeitpunkt noch nicht bekannt. Dass es zwischen den Kandidaten jedoch ein knappes Rennen auf das Pr\u00e4sidentenamt geben wird, best\u00e4tigen die ersten Hochrechnungen deutlich.<\/p>\n","protected":false},"excerpt":{"rendered":"<p>3.1.16: Immer wieder sonntags. Wieder ist ein Sonntag rum und wieder entschied sich am traditionellen Wahltag die politische Aufstellung von L\u00e4ndern und\u00a0St\u00e4dten weltweit.<\/p>\n","protected":false},"author":119,"featured_media":1626,"comment_status":"open","ping_status":"open","sticky":false,"template":"","format":"standard","meta":{"_eb_attr":"","ub_ctt_via":"","spay_email":"","jetpack_publicize_message":"","jetpack_is_tweetstorm":false,"jetpack_publicize_feature_enabled":true},"categories":[8],"tags":[],"featured_image_src":"https:\/\/www.polyas.de\/blog\/wp-content\/uploads\/2015\/11\/Blogvorlagen_Wahlnews2.png","author_info":{"display_name":"Marlene L\u00f6sken","author_link":"https:\/\/www.polyas.de\/blog\/author\/m-loesken"},"yoast_head":"<!-- This site is optimized with the Yoast SEO plugin v19.9 - https:\/\/yoast.com\/wordpress\/plugins\/seo\/ -->\n<title>Im B\u00fcrgerkrieg: Zentralafrikanische Republik w\u00e4hlt Pr\u00e4sidenten<\/title>\n<meta name=\"description\" content=\"Die Wahl des Pr\u00e4sidenten in der zentralafrikanischen Republik kann Ruhe ins Land bringen. Die Hintergr\u00fcnde erfahren Sie hier!\" \/>\n<meta name=\"robots\" content=\"index, follow, max-snippet:-1, max-image-preview:large, max-video-preview:-1\" \/>\n<link rel=\"canonical\" href=\"https:\/\/www.polyas.de\/blog\/de\/online-wahlen\/wahlnews-wahlen-gegen-den-buergerkrieg\" \/>\n<meta property=\"og:locale\" content=\"de_DE\" \/>\n<meta property=\"og:type\" content=\"article\" \/>\n<meta property=\"og:title\" content=\"Im B\u00fcrgerkrieg: Zentralafrikanische Republik w\u00e4hlt Pr\u00e4sidenten\" \/>\n<meta property=\"og:description\" content=\"Die Wahl des Pr\u00e4sidenten in der zentralafrikanischen Republik kann Ruhe ins Land bringen. Die Hintergr\u00fcnde erfahren Sie hier!\" \/>\n<meta property=\"og:url\" content=\"https:\/\/www.polyas.de\/blog\/de\/online-wahlen\/wahlnews-wahlen-gegen-den-buergerkrieg\" \/>\n<meta property=\"og:site_name\" content=\"POLYAS\" \/>\n<meta property=\"article:published_time\" content=\"2016-01-04T18:28:33+00:00\" \/>\n<meta property=\"article:modified_time\" content=\"2016-01-11T14:19:53+00:00\" \/>\n<meta property=\"og:image\" content=\"https:\/\/i0.wp.com\/www.polyas.de\/blog\/wp-content\/uploads\/2015\/11\/Blogvorlagen_Wahlnews2.png?fit=890%2C332&ssl=1\" \/>\n\t<meta property=\"og:image:width\" content=\"890\" \/>\n\t<meta property=\"og:image:height\" content=\"332\" \/>\n\t<meta property=\"og:image:type\" content=\"image\/png\" \/>\n<meta name=\"author\" content=\"Marlene L\u00f6sken\" \/>\n<meta name=\"twitter:card\" content=\"summary_large_image\" \/>\n<meta name=\"twitter:label1\" content=\"Verfasst von\" \/>\n\t<meta name=\"twitter:data1\" content=\"Marlene L\u00f6sken\" \/>\n\t<meta name=\"twitter:label2\" content=\"Gesch\u00e4tzte Lesezeit\" \/>\n\t<meta name=\"twitter:data2\" content=\"1 Minute\" \/>\n<script type=\"application\/ld+json\" class=\"yoast-schema-graph\">{\"@context\":\"https:\/\/schema.org\",\"@graph\":[{\"@type\":\"WebPage\",\"@id\":\"https:\/\/www.polyas.de\/blog\/de\/online-wahlen\/wahlnews-wahlen-gegen-den-buergerkrieg\",\"url\":\"https:\/\/www.polyas.de\/blog\/de\/online-wahlen\/wahlnews-wahlen-gegen-den-buergerkrieg\",\"name\":\"Im B\u00fcrgerkrieg: Zentralafrikanische Republik w\u00e4hlt Pr\u00e4sidenten\",\"isPartOf\":{\"@id\":\"https:\/\/www.polyas.de\/blog\/#website\"},\"datePublished\":\"2016-01-04T18:28:33+00:00\",\"dateModified\":\"2016-01-11T14:19:53+00:00\",\"author\":{\"@id\":\"https:\/\/www.polyas.de\/blog\/#\/schema\/person\/ae76dfcf985d7e754ebdf8eeff7b4a84\"},\"description\":\"Die Wahl des Pr\u00e4sidenten in der zentralafrikanischen Republik kann Ruhe ins Land bringen. Die Hintergr\u00fcnde erfahren Sie hier!\",\"breadcrumb\":{\"@id\":\"https:\/\/www.polyas.de\/blog\/de\/online-wahlen\/wahlnews-wahlen-gegen-den-buergerkrieg#breadcrumb\"},\"inLanguage\":\"de-DE\",\"potentialAction\":[{\"@type\":\"ReadAction\",\"target\":[\"https:\/\/www.polyas.de\/blog\/de\/online-wahlen\/wahlnews-wahlen-gegen-den-buergerkrieg\"]}]},{\"@type\":\"BreadcrumbList\",\"@id\":\"https:\/\/www.polyas.de\/blog\/de\/online-wahlen\/wahlnews-wahlen-gegen-den-buergerkrieg#breadcrumb\",\"itemListElement\":[{\"@type\":\"ListItem\",\"position\":1,\"name\":\"Startseite\",\"item\":\"https:\/\/www.polyas.de\/blog\/de\"},{\"@type\":\"ListItem\",\"position\":2,\"name\":\"#WahlNews: Wahlen gegen den B\u00fcrgerkrieg\"}]},{\"@type\":\"WebSite\",\"@id\":\"https:\/\/www.polyas.de\/blog\/#website\",\"url\":\"https:\/\/www.polyas.de\/blog\/\",\"name\":\"POLYAS\",\"description\":\"the blog for secure online voting\",\"potentialAction\":[{\"@type\":\"SearchAction\",\"target\":{\"@type\":\"EntryPoint\",\"urlTemplate\":\"https:\/\/www.polyas.de\/blog\/?s={search_term_string}\"},\"query-input\":\"required name=search_term_string\"}],\"inLanguage\":\"de-DE\"},{\"@type\":\"Person\",\"@id\":\"https:\/\/www.polyas.de\/blog\/#\/schema\/person\/ae76dfcf985d7e754ebdf8eeff7b4a84\",\"name\":\"Marlene L\u00f6sken\",\"image\":{\"@type\":\"ImageObject\",\"inLanguage\":\"de-DE\",\"@id\":\"https:\/\/www.polyas.de\/blog\/#\/schema\/person\/image\/\",\"url\":\"https:\/\/secure.gravatar.com\/avatar\/df922c84b8af59ca3473fb2eb3240c22?s=96&d=mm&r=g\",\"contentUrl\":\"https:\/\/secure.gravatar.com\/avatar\/df922c84b8af59ca3473fb2eb3240c22?s=96&d=mm&r=g\",\"caption\":\"Marlene L\u00f6sken\"},\"sameAs\":[\"http:\/\/www.polyas.de\"],\"url\":\"https:\/\/www.polyas.de\/blog\/author\/m-loesken\"}]}<\/script>\n<!-- \/ Yoast SEO plugin. -->","yoast_head_json":{"title":"Im B\u00fcrgerkrieg: Zentralafrikanische Republik w\u00e4hlt Pr\u00e4sidenten","description":"Die Wahl des Pr\u00e4sidenten in der zentralafrikanischen Republik kann Ruhe ins Land bringen. Die Hintergr\u00fcnde erfahren Sie hier!","robots":{"index":"index","follow":"follow","max-snippet":"max-snippet:-1","max-image-preview":"max-image-preview:large","max-video-preview":"max-video-preview:-1"},"canonical":"https:\/\/www.polyas.de\/blog\/de\/online-wahlen\/wahlnews-wahlen-gegen-den-buergerkrieg","og_locale":"de_DE","og_type":"article","og_title":"Im B\u00fcrgerkrieg: Zentralafrikanische Republik w\u00e4hlt Pr\u00e4sidenten","og_description":"Die Wahl des Pr\u00e4sidenten in der zentralafrikanischen Republik kann Ruhe ins Land bringen. Die Hintergr\u00fcnde erfahren Sie hier!","og_url":"https:\/\/www.polyas.de\/blog\/de\/online-wahlen\/wahlnews-wahlen-gegen-den-buergerkrieg","og_site_name":"POLYAS","article_published_time":"2016-01-04T18:28:33+00:00","article_modified_time":"2016-01-11T14:19:53+00:00","og_image":[{"width":890,"height":332,"url":"https:\/\/i0.wp.com\/www.polyas.de\/blog\/wp-content\/uploads\/2015\/11\/Blogvorlagen_Wahlnews2.png?fit=890%2C332&ssl=1","type":"image\/png"}],"author":"Marlene L\u00f6sken","twitter_card":"summary_large_image","twitter_misc":{"Verfasst von":"Marlene L\u00f6sken","Gesch\u00e4tzte Lesezeit":"1 Minute"},"schema":{"@context":"https:\/\/schema.org","@graph":[{"@type":"WebPage","@id":"https:\/\/www.polyas.de\/blog\/de\/online-wahlen\/wahlnews-wahlen-gegen-den-buergerkrieg","url":"https:\/\/www.polyas.de\/blog\/de\/online-wahlen\/wahlnews-wahlen-gegen-den-buergerkrieg","name":"Im B\u00fcrgerkrieg: Zentralafrikanische Republik w\u00e4hlt Pr\u00e4sidenten","isPartOf":{"@id":"https:\/\/www.polyas.de\/blog\/#website"},"datePublished":"2016-01-04T18:28:33+00:00","dateModified":"2016-01-11T14:19:53+00:00","author":{"@id":"https:\/\/www.polyas.de\/blog\/#\/schema\/person\/ae76dfcf985d7e754ebdf8eeff7b4a84"},"description":"Die Wahl des Pr\u00e4sidenten in der zentralafrikanischen Republik kann Ruhe ins Land bringen. Die Hintergr\u00fcnde erfahren Sie hier!","breadcrumb":{"@id":"https:\/\/www.polyas.de\/blog\/de\/online-wahlen\/wahlnews-wahlen-gegen-den-buergerkrieg#breadcrumb"},"inLanguage":"de-DE","potentialAction":[{"@type":"ReadAction","target":["https:\/\/www.polyas.de\/blog\/de\/online-wahlen\/wahlnews-wahlen-gegen-den-buergerkrieg"]}]},{"@type":"BreadcrumbList","@id":"https:\/\/www.polyas.de\/blog\/de\/online-wahlen\/wahlnews-wahlen-gegen-den-buergerkrieg#breadcrumb","itemListElement":[{"@type":"ListItem","position":1,"name":"Startseite","item":"https:\/\/www.polyas.de\/blog\/de"},{"@type":"ListItem","position":2,"name":"#WahlNews: Wahlen gegen den B\u00fcrgerkrieg"}]},{"@type":"WebSite","@id":"https:\/\/www.polyas.de\/blog\/#website","url":"https:\/\/www.polyas.de\/blog\/","name":"POLYAS","description":"the blog for secure online voting","potentialAction":[{"@type":"SearchAction","target":{"@type":"EntryPoint","urlTemplate":"https:\/\/www.polyas.de\/blog\/?s={search_term_string}"},"query-input":"required name=search_term_string"}],"inLanguage":"de-DE"},{"@type":"Person","@id":"https:\/\/www.polyas.de\/blog\/#\/schema\/person\/ae76dfcf985d7e754ebdf8eeff7b4a84","name":"Marlene L\u00f6sken","image":{"@type":"ImageObject","inLanguage":"de-DE","@id":"https:\/\/www.polyas.de\/blog\/#\/schema\/person\/image\/","url":"https:\/\/secure.gravatar.com\/avatar\/df922c84b8af59ca3473fb2eb3240c22?s=96&d=mm&r=g","contentUrl":"https:\/\/secure.gravatar.com\/avatar\/df922c84b8af59ca3473fb2eb3240c22?s=96&d=mm&r=g","caption":"Marlene L\u00f6sken"},"sameAs":["http:\/\/www.polyas.de"],"url":"https:\/\/www.polyas.de\/blog\/author\/m-loesken"}]}},"jetpack_featured_media_url":"https:\/\/www.polyas.de\/blog\/wp-content\/uploads\/2015\/11\/Blogvorlagen_Wahlnews2.png","jetpack_publicize_connections":[],"jetpack_shortlink":"https:\/\/wp.me\/p72Pnr-sb","jetpack-related-posts":[{"id":4246,"url":"https:\/\/www.polyas.de\/blog\/de\/online-wahlen\/wahlnews-somalia-waehlt-praesidenten","url_meta":{"origin":1747,"position":0},"title":"#WahlNews: Pr\u00e4sidentschaftswahlen in Somalia","date":"09\/02\/2017","format":false,"excerpt":"Immer wieder sonntags...Oder auch mittwochs...Gestern wurde in Somalia\u00a0unter versch\u00e4rften Sicherheitsma\u00dfnahmen ein neuer Pr\u00e4sident gew\u00e4hlt. 21 Kandidaten standen neben dem amtierenden Pr\u00e4sidenten Hassan Sheikh Mohamud zur Wahl. Da es in Somalia schon mehr als zwei Jahrzehnte keine funktionierende Zentralregierung gab, wird diesen Wahlen gro\u00dfer symbolischer Wert zugeschrieben. Wir berichten \u00fcber den\u2026","rel":"","context":"In &quot;Wahl News&quot;","img":{"alt_text":"Erfahren Sie alles Aktuelle \u00fcber die Parlamentswahl in der Ukraine","src":"https:\/\/i0.wp.com\/www.polyas.de\/blog\/wp-content\/uploads\/2016\/12\/Wahl-News-Schmal_810x280.png?resize=350%2C200&ssl=1","width":350,"height":200},"classes":[]},{"id":6294,"url":"https:\/\/www.polyas.de\/blog\/de\/online-wahlen\/finnland-tschechien-praesidenten-wahl","url_meta":{"origin":1747,"position":1},"title":"Wahlnews: Finnland und Tschechien haben neue alte Pr\u00e4sidenten","date":"29\/01\/2018","format":false,"excerpt":"In gleich zwei EU-L\u00e4ndern wurde am Wochenende der Pr\u00e4sident gew\u00e4hlt - in beiden F\u00e4llen\u00a0hat der Amtsinhaber gewonnen. Doch einen Unterschied gibt es: W\u00e4hrend Sauli Niinist\u00f6 in Finnland direkt im ersten Wahlgang die absolute Mehrheit erreichte, siegte Milo\u0161 Zeman in Tschechien nur knapp. Mehr Informationen zu beiden Wahlen in unseren Wahlnews.\u2026","rel":"","context":"In &quot;Wahl News&quot;","img":{"alt_text":"Erfahren Sie alles Aktuelle \u00fcber die Parlamentswahl in der Ukraine","src":"https:\/\/i0.wp.com\/www.polyas.de\/blog\/wp-content\/uploads\/2016\/12\/Wahl-News-Schmal_810x280.png?resize=350%2C200&ssl=1","width":350,"height":200},"classes":[]},{"id":3651,"url":"https:\/\/www.polyas.de\/blog\/de\/online-wahlen\/wahlen-moldau-bulgarien","url_meta":{"origin":1747,"position":2},"title":"Europa oder Russland? &#8211; Pr\u00e4sidentschaftswahlen in Moldau und Bulgarien","date":"14\/11\/2016","format":false,"excerpt":"Immer wieder sonntags\u2026. In zwei osteurop\u00e4ischen L\u00e4ndern fanden an diesem Wochenende Pr\u00e4sidentschaftswahlen statt. Die Bev\u00f6lkerungen in der Republik Moldau und in Bulgarien haben ihre neuen Pr\u00e4sidenten gew\u00e4hlt. Obwohl die j\u00fcngste US-Wahl die Medienlandschaft \u00fcberschattet, sind die Wahlen in Moldau und Bulgarien f\u00fcr die Zukunft Europas genauso wichtig. Die Ergebnisse im\u2026","rel":"","context":"In &quot;Wahl News&quot;","img":{"alt_text":"In Spanien und der Schweiz wurde abgestimmt","src":"https:\/\/i0.wp.com\/www.polyas.de\/blog\/wp-content\/uploads\/2016\/03\/Wahl-News.png?resize=350%2C200&ssl=1","width":350,"height":200},"classes":[]},{"id":5169,"url":"https:\/\/www.polyas.de\/blog\/de\/online-wahlen\/wahlnews-parlamentswahlen-frankreich","url_meta":{"origin":1747,"position":3},"title":"Parlamentswahlen in Frankreich \u2013 Klarer Sieg f\u00fcr Macron","date":"12\/06\/2017","format":false,"excerpt":"Immer wieder sonntags \u2026 Gestern fand in Frankreich der erste Wahlgang der Parlamentswahlen in Frankreich statt. Viel wurde vorher dar\u00fcber spekuliert, ob die Bewegung des neuen Pr\u00e4sidenten Emmanuel Macron auch diese Wahl f\u00fcr sich gewinnen k\u00f6nnte \u2013 und schon jetzt kann man sagen: Ja, sie kann. La R\u00e9publique En Marche\u2026","rel":"","context":"In &quot;Wahl News&quot;","img":{"alt_text":"Alle Infos zu Parlamentswahlen, Pr\u00e4sidentschaftswahlen und sonstigen Wahlen rund um die Welt: in unseren #WahlNews","src":"https:\/\/i0.wp.com\/www.polyas.de\/blog\/wp-content\/uploads\/2017\/01\/Wahl-News-Schmal_810x280.png?resize=350%2C200&ssl=1","width":350,"height":200},"classes":[]},{"id":1475,"url":"https:\/\/www.polyas.de\/blog\/de\/online-wahlen\/wahlnews-eine-neue-aera-mit-bekannten-gesichtern","url_meta":{"origin":1747,"position":4},"title":"WahlNews: Eine neue \u00c4ra mit bekannten Gesichtern","date":"23\/11\/2015","format":false,"excerpt":"22.11.2015: Immer wieder sonntags. Wieder ist ein Sonntag rum und wieder entschied sich am traditionellen Wahltag die politische Aufstellung von L\u00e4ndern und\u00a0St\u00e4dten weltweit. \u00a0 #Argentinien Der amtierende B\u00fcrgermeister von Buenos Aires, Mauricio Macri, wurde in einer Stichwahl zu Argentiniens neuem Pr\u00e4sidenten gew\u00e4hlt. Damit beendet Macri, seit der Einf\u00fchrung demokratischer Wahlen\u2026","rel":"","context":"In &quot;Wahl News&quot;","img":{"alt_text":"","src":"","width":0,"height":0},"classes":[]},{"id":4830,"url":"https:\/\/www.polyas.de\/blog\/de\/online-wahlen\/praesidentschaftswahl-frankreich-wahlsystem","url_meta":{"origin":1747,"position":5},"title":"Pr\u00e4sidentschaftswahlen Frankreich \u2013 Das Wahlsystem einfach erkl\u00e4rt","date":"19\/04\/2017","format":false,"excerpt":"Am Sonntag - dem 23.04. - werden alle Augen in Europa auf Frankreich gerichtet sein. Denn dort findet die erste Runde der diesj\u00e4hrigen Pr\u00e4sidentschaftswahl statt. Und diese entscheidet wer gemeinsam mit dem die Umfragen anf\u00fchrenden Emanuel Macron in die Stichwahl ziehen wird. Doch wie funktioniert eigentlich das franz\u00f6sische Wahlsystem zur\u2026","rel":"","context":"In &quot;Digitale Demokratie&quot;","img":{"alt_text":"Das Wahlsystem zur Pr\u00e4sidentschaftswahl in Frankreich - einfach erkl\u00e4rt","src":"https:\/\/i0.wp.com\/www.polyas.de\/blog\/wp-content\/uploads\/2017\/04\/Wahlsystem-Frankreich.jpg?resize=350%2C200&ssl=1","width":350,"height":200},"classes":[]}],"_links":{"self":[{"href":"https:\/\/www.polyas.de\/blog\/wp-json\/wp\/v2\/posts\/1747"}],"collection":[{"href":"https:\/\/www.polyas.de\/blog\/wp-json\/wp\/v2\/posts"}],"about":[{"href":"https:\/\/www.polyas.de\/blog\/wp-json\/wp\/v2\/types\/post"}],"author":[{"embeddable":true,"href":"https:\/\/www.polyas.de\/blog\/wp-json\/wp\/v2\/users\/119"}],"replies":[{"embeddable":true,"href":"https:\/\/www.polyas.de\/blog\/wp-json\/wp\/v2\/comments?post=1747"}],"version-history":[{"count":3,"href":"https:\/\/www.polyas.de\/blog\/wp-json\/wp\/v2\/posts\/1747\/revisions"}],"predecessor-version":[{"id":1750,"href":"https:\/\/www.polyas.de\/blog\/wp-json\/wp\/v2\/posts\/1747\/revisions\/1750"}],"wp:featuredmedia":[{"embeddable":true,"href":"https:\/\/www.polyas.de\/blog\/wp-json\/wp\/v2\/media\/1626"}],"wp:attachment":[{"href":"https:\/\/www.polyas.de\/blog\/wp-json\/wp\/v2\/media?parent=1747"}],"wp:term":[{"taxonomy":"category","embeddable":true,"href":"https:\/\/www.polyas.de\/blog\/wp-json\/wp\/v2\/categories?post=1747"},{"taxonomy":"post_tag","embeddable":true,"href":"https:\/\/www.polyas.de\/blog\/wp-json\/wp\/v2\/tags?post=1747"}],"curies":[{"name":"wp","href":"https:\/\/api.w.org\/{rel}","templated":true}]}}