{"id":1512,"date":"2015-11-21T17:21:49","date_gmt":"2015-11-21T16:21:49","guid":{"rendered":"https:\/\/www.polyas.de\/blog\/?p=1512"},"modified":"2015-12-09T10:03:52","modified_gmt":"2015-12-09T09:03:52","slug":"bericht-polyas-auf-dem-8-forum-vereins-und-verbandsrecht","status":"publish","type":"post","link":"https:\/\/www.polyas.de\/blog\/de\/veranstaltungen\/bericht-polyas-auf-dem-8-forum-vereins-und-verbandsrecht","title":{"rendered":"Bericht: POLYAS auf dem 8. Forum Vereins &#8211; und Verbandsrecht"},"content":{"rendered":"<p>Vereine und Verb\u00e4nde w\u00e4hlen regelm\u00e4\u00dfig ihre Vorst\u00e4nde und berufen daf\u00fcr die Mitgliederversammlung ein.<!--more--> In unserem digitalen Jahrhundert er\u00f6ffnen sich indes ganz neue M\u00f6glichkeiten, die besonders f\u00fcr Vereine und Verb\u00e4nde von Interesse sein k\u00f6nnen.<\/p>\n<p>Deswegen hielt POLYAS einen Vortrag \u00fcber \u201eDie virtuelle Mitgliederversammlung und Online-Wahlen\u201c auf dem <a href=\"http:\/\/winheller.com\/fileadmin\/redaktion\/Kanzlei\/Downloadbereich\/8-forum-vereinsrecht-verbandsrecht-winheller.pdf\" target=\"_blank\">8.Forum Vereins- und Verbandsrecht<\/a> in Berlin.<\/p>\n<p>&nbsp;<\/p>\n<div id=\"attachment_1523\" style=\"width: 740px\" class=\"wp-caption alignnone\"><a href=\"https:\/\/www.polyas.de\/blog\/wp-content\/uploads\/2015\/11\/Verbandsforum.png\"><img aria-describedby=\"caption-attachment-1523\" data-attachment-id=\"1523\" data-permalink=\"https:\/\/www.polyas.de\/blog\/de\/veranstaltungen\/bericht-polyas-auf-dem-8-forum-vereins-und-verbandsrecht\/attachment\/verbandsforum\" data-orig-file=\"https:\/\/www.polyas.de\/blog\/wp-content\/uploads\/2015\/11\/Verbandsforum.png\" data-orig-size=\"730,410\" data-comments-opened=\"1\" data-image-meta=\"{&quot;aperture&quot;:&quot;0&quot;,&quot;credit&quot;:&quot;&quot;,&quot;camera&quot;:&quot;&quot;,&quot;caption&quot;:&quot;&quot;,&quot;created_timestamp&quot;:&quot;0&quot;,&quot;copyright&quot;:&quot;&quot;,&quot;focal_length&quot;:&quot;0&quot;,&quot;iso&quot;:&quot;0&quot;,&quot;shutter_speed&quot;:&quot;0&quot;,&quot;title&quot;:&quot;&quot;,&quot;orientation&quot;:&quot;0&quot;}\" data-image-title=\"POLYAS auf dem 8. Forum Vereins &#8211; Verbandsrecht\" data-image-description=\"&lt;p&gt;POLYAS auf dem 8. Forum Vereins &#8211; Verbandsrecht: \u00dcber virtuelle Mitgliederversammlungen und Online-Wahlen in Vereinen und Verb\u00e4nden&lt;\/p&gt;\n\" data-image-caption=\"&lt;p&gt;POLYAS auf dem 8. Forum Vereins &#8211; Verbandsrecht: \u00dcber virtuelle Mitgliederversammlungen und Online-Wahlen in Vereinen und Verb\u00e4nden&lt;\/p&gt;\n\" data-medium-file=\"https:\/\/www.polyas.de\/blog\/wp-content\/uploads\/2015\/11\/Verbandsforum-300x168.png\" data-large-file=\"https:\/\/www.polyas.de\/blog\/wp-content\/uploads\/2015\/11\/Verbandsforum.png\" loading=\"lazy\" class=\"size-full wp-image-1523\" src=\"https:\/\/www.polyas.de\/blog\/wp-content\/uploads\/2015\/11\/Verbandsforum.png\" alt=\"POLYAS auf dem 8. Forum Vereins - Verbandsrecht: \u00dcber virtuelle Mitgliederversammlungen und Online-Wahlen in Vereinen und Verb\u00e4nden\" width=\"730\" height=\"410\" srcset=\"https:\/\/www.polyas.de\/blog\/wp-content\/uploads\/2015\/11\/Verbandsforum.png 730w, https:\/\/www.polyas.de\/blog\/wp-content\/uploads\/2015\/11\/Verbandsforum-300x168.png 300w\" sizes=\"(max-width: 730px) 100vw, 730px\" \/><\/a><p id=\"caption-attachment-1523\" class=\"wp-caption-text\">POLYAS auf dem 8. Forum Vereins &#8211; Verbandsrecht: \u00dcber virtuelle Mitgliederversammlungen und Online-Wahlen in Vereinen und Verb\u00e4nden<\/p><\/div>\n<p>&nbsp;<\/p>\n<p>Die Megatrends in der Gesellschaft geben den Takt an. Mit Langstrecken-Mobilit\u00e4t und hoher Mediennutzung, sowie Medienkompetenz, ver\u00e4ndert sich auch der Alltag der Vereins-\/ Verbandsmitglieder. Sei es die berufliche Flexibilit\u00e4t und Mobilit\u00e4t, als auch der t\u00e4gliche Gebrauch von internetf\u00e4higen Endger\u00e4ten \u2013 das Mitglied ist zunehmend im digitalen Alltag angekommen.<\/p>\n<p>&nbsp;<\/p>\n<p>Dementsprechend sp\u00fcren Vereine und Verb\u00e4nde den gesellschaftlichen Wandel und erw\u00e4gen zus\u00e4tzliche, virtuelle Mitgliederversammlungen. Damit eben diese virtuelle Mitgliederversammlung beschlussf\u00e4hig ist, sind Online-Abstimmungen und Online-Wahlen das Salz in der Suppe.<\/p>\n<p>&nbsp;<\/p>\n<p>&nbsp;<\/p>\n<div id=\"attachment_1513\" style=\"width: 740px\" class=\"wp-caption alignnone\"><a href=\"https:\/\/www.polyas.de\/blog\/wp-content\/uploads\/2015\/11\/Tipp_Verbandsforum.png\"><img aria-describedby=\"caption-attachment-1513\" data-attachment-id=\"1513\" data-permalink=\"https:\/\/www.polyas.de\/blog\/de\/veranstaltungen\/bericht-polyas-auf-dem-8-forum-vereins-und-verbandsrecht\/attachment\/tipp_verbandsforum\" data-orig-file=\"https:\/\/www.polyas.de\/blog\/wp-content\/uploads\/2015\/11\/Tipp_Verbandsforum.png\" data-orig-size=\"730,410\" data-comments-opened=\"1\" data-image-meta=\"{&quot;aperture&quot;:&quot;0&quot;,&quot;credit&quot;:&quot;&quot;,&quot;camera&quot;:&quot;&quot;,&quot;caption&quot;:&quot;&quot;,&quot;created_timestamp&quot;:&quot;0&quot;,&quot;copyright&quot;:&quot;&quot;,&quot;focal_length&quot;:&quot;0&quot;,&quot;iso&quot;:&quot;0&quot;,&quot;shutter_speed&quot;:&quot;0&quot;,&quot;title&quot;:&quot;&quot;,&quot;orientation&quot;:&quot;0&quot;}\" data-image-title=\"Satzung_Wahlordung_\u00e4ndern\" data-image-description=\"\" data-image-caption=\"&lt;p&gt;Online-Wahlen in Vereinen und Verb\u00e4nden- das ist der erste Schritt: Satzung oder Wahlordnung \u00e4ndern!&lt;\/p&gt;\n\" data-medium-file=\"https:\/\/www.polyas.de\/blog\/wp-content\/uploads\/2015\/11\/Tipp_Verbandsforum-300x168.png\" data-large-file=\"https:\/\/www.polyas.de\/blog\/wp-content\/uploads\/2015\/11\/Tipp_Verbandsforum.png\" loading=\"lazy\" class=\"size-full wp-image-1513\" src=\"https:\/\/www.polyas.de\/blog\/wp-content\/uploads\/2015\/11\/Tipp_Verbandsforum.png\" alt=\"Online-Wahlen in Vereinen und Verb\u00e4nden- das ist der erste Schritt: Satzung oder Wahlordnung \u00e4ndern!\" width=\"730\" height=\"410\" srcset=\"https:\/\/www.polyas.de\/blog\/wp-content\/uploads\/2015\/11\/Tipp_Verbandsforum.png 730w, https:\/\/www.polyas.de\/blog\/wp-content\/uploads\/2015\/11\/Tipp_Verbandsforum-300x168.png 300w\" sizes=\"(max-width: 730px) 100vw, 730px\" \/><\/a><p id=\"caption-attachment-1513\" class=\"wp-caption-text\">Online-Wahlen in Vereinen und Verb\u00e4nden- das ist der erste Schritt: Satzung oder Wahlordnung \u00e4ndern!<\/p><\/div>\n<p>&nbsp;<\/p>\n<p>&nbsp;<\/p>\n<p>Das Forum war f\u00fcr POLYAS eine willkommene M\u00f6glichkeit sich direkt mit den Vereinen und Verb\u00e4nden \u00fcber das Thema Online-Wahlen auszutauschen.<\/p>\n<p>Das sehr positive Feedback hat uns gezeigt, dass der digitale Wandel schon l\u00e4ngst die Vereine und Verb\u00e4nde erreicht hat. So berichteten uns viele Teilnehmer des Forums, dass sie schon \u00fcber Online-Wahlen nachgedacht h\u00e4tten.<\/p>\n<p>&nbsp;<\/p>\n<p><strong>Die Zukunft kann kommen!<\/strong><\/p>\n<p><a href=\"https:\/\/www.polyas.de\/vereinswahlen-online\" target=\"_blank\">Informieren Sie sich jetzt \u00fcber Online-Vereinswahlen<\/a><\/p>\n","protected":false},"excerpt":{"rendered":"<p>Vereine und Verb\u00e4nde w\u00e4hlen regelm\u00e4\u00dfig ihre Vorst\u00e4nde und berufen daf\u00fcr die Mitgliederversammlung ein.<\/p>\n","protected":false},"author":119,"featured_media":1650,"comment_status":"open","ping_status":"open","sticky":false,"template":"","format":"standard","meta":{"_eb_attr":"","ub_ctt_via":"","spay_email":"","jetpack_publicize_message":"","jetpack_is_tweetstorm":false,"jetpack_publicize_feature_enabled":true},"categories":[19,7],"tags":[],"featured_image_src":"https:\/\/www.polyas.de\/blog\/wp-content\/uploads\/2015\/11\/Veranstaltung_Verbandsforum.png","author_info":{"display_name":"Marlene L\u00f6sken","author_link":"https:\/\/www.polyas.de\/blog\/author\/m-loesken"},"yoast_head":"<!-- This site is optimized with the Yoast SEO plugin v19.9 - https:\/\/yoast.com\/wordpress\/plugins\/seo\/ -->\n<title>Virtuelle Mitgliederversammlung und Online-Wahlen in Vereinen und Verb\u00e4nden<\/title>\n<meta name=\"description\" content=\"Auf dem 8. Forum Vereins und Verbandsrecht war Online-Wahlen in Vereinen und Verb\u00e4nden ein Thema!\" \/>\n<meta name=\"robots\" content=\"index, follow, max-snippet:-1, max-image-preview:large, max-video-preview:-1\" \/>\n<link rel=\"canonical\" href=\"https:\/\/www.polyas.de\/blog\/de\/veranstaltungen\/bericht-polyas-auf-dem-8-forum-vereins-und-verbandsrecht\" \/>\n<meta property=\"og:locale\" content=\"de_DE\" \/>\n<meta property=\"og:type\" content=\"article\" \/>\n<meta property=\"og:title\" content=\"Virtuelle Mitgliederversammlung und Online-Wahlen in Vereinen und Verb\u00e4nden\" \/>\n<meta property=\"og:description\" content=\"Auf dem 8. Forum Vereins und Verbandsrecht war Online-Wahlen in Vereinen und Verb\u00e4nden ein Thema!\" \/>\n<meta property=\"og:url\" content=\"https:\/\/www.polyas.de\/blog\/de\/veranstaltungen\/bericht-polyas-auf-dem-8-forum-vereins-und-verbandsrecht\" \/>\n<meta property=\"og:site_name\" content=\"POLYAS\" \/>\n<meta property=\"article:published_time\" content=\"2015-11-21T16:21:49+00:00\" \/>\n<meta property=\"article:modified_time\" content=\"2015-12-09T09:03:52+00:00\" \/>\n<meta property=\"og:image\" content=\"https:\/\/i0.wp.com\/www.polyas.de\/blog\/wp-content\/uploads\/2015\/11\/Veranstaltung_Verbandsforum.png?fit=730%2C410&ssl=1\" \/>\n\t<meta property=\"og:image:width\" content=\"730\" \/>\n\t<meta property=\"og:image:height\" content=\"410\" \/>\n\t<meta property=\"og:image:type\" content=\"image\/png\" \/>\n<meta name=\"author\" content=\"Marlene L\u00f6sken\" \/>\n<meta name=\"twitter:card\" content=\"summary_large_image\" \/>\n<meta name=\"twitter:label1\" content=\"Verfasst von\" \/>\n\t<meta name=\"twitter:data1\" content=\"Marlene L\u00f6sken\" \/>\n\t<meta name=\"twitter:label2\" content=\"Gesch\u00e4tzte Lesezeit\" \/>\n\t<meta name=\"twitter:data2\" content=\"1 Minute\" \/>\n<script type=\"application\/ld+json\" class=\"yoast-schema-graph\">{\"@context\":\"https:\/\/schema.org\",\"@graph\":[{\"@type\":\"WebPage\",\"@id\":\"https:\/\/www.polyas.de\/blog\/de\/veranstaltungen\/bericht-polyas-auf-dem-8-forum-vereins-und-verbandsrecht\",\"url\":\"https:\/\/www.polyas.de\/blog\/de\/veranstaltungen\/bericht-polyas-auf-dem-8-forum-vereins-und-verbandsrecht\",\"name\":\"Virtuelle Mitgliederversammlung und Online-Wahlen in Vereinen und Verb\u00e4nden\",\"isPartOf\":{\"@id\":\"https:\/\/www.polyas.de\/blog\/#website\"},\"datePublished\":\"2015-11-21T16:21:49+00:00\",\"dateModified\":\"2015-12-09T09:03:52+00:00\",\"author\":{\"@id\":\"https:\/\/www.polyas.de\/blog\/#\/schema\/person\/ae76dfcf985d7e754ebdf8eeff7b4a84\"},\"description\":\"Auf dem 8. Forum Vereins und Verbandsrecht war Online-Wahlen in Vereinen und Verb\u00e4nden ein Thema!\",\"breadcrumb\":{\"@id\":\"https:\/\/www.polyas.de\/blog\/de\/veranstaltungen\/bericht-polyas-auf-dem-8-forum-vereins-und-verbandsrecht#breadcrumb\"},\"inLanguage\":\"de-DE\",\"potentialAction\":[{\"@type\":\"ReadAction\",\"target\":[\"https:\/\/www.polyas.de\/blog\/de\/veranstaltungen\/bericht-polyas-auf-dem-8-forum-vereins-und-verbandsrecht\"]}]},{\"@type\":\"BreadcrumbList\",\"@id\":\"https:\/\/www.polyas.de\/blog\/de\/veranstaltungen\/bericht-polyas-auf-dem-8-forum-vereins-und-verbandsrecht#breadcrumb\",\"itemListElement\":[{\"@type\":\"ListItem\",\"position\":1,\"name\":\"Startseite\",\"item\":\"https:\/\/www.polyas.de\/blog\/de\"},{\"@type\":\"ListItem\",\"position\":2,\"name\":\"Bericht: POLYAS auf dem 8. Forum Vereins &#8211; und Verbandsrecht\"}]},{\"@type\":\"WebSite\",\"@id\":\"https:\/\/www.polyas.de\/blog\/#website\",\"url\":\"https:\/\/www.polyas.de\/blog\/\",\"name\":\"POLYAS\",\"description\":\"the blog for secure online voting\",\"potentialAction\":[{\"@type\":\"SearchAction\",\"target\":{\"@type\":\"EntryPoint\",\"urlTemplate\":\"https:\/\/www.polyas.de\/blog\/?s={search_term_string}\"},\"query-input\":\"required name=search_term_string\"}],\"inLanguage\":\"de-DE\"},{\"@type\":\"Person\",\"@id\":\"https:\/\/www.polyas.de\/blog\/#\/schema\/person\/ae76dfcf985d7e754ebdf8eeff7b4a84\",\"name\":\"Marlene L\u00f6sken\",\"image\":{\"@type\":\"ImageObject\",\"inLanguage\":\"de-DE\",\"@id\":\"https:\/\/www.polyas.de\/blog\/#\/schema\/person\/image\/\",\"url\":\"https:\/\/secure.gravatar.com\/avatar\/df922c84b8af59ca3473fb2eb3240c22?s=96&d=mm&r=g\",\"contentUrl\":\"https:\/\/secure.gravatar.com\/avatar\/df922c84b8af59ca3473fb2eb3240c22?s=96&d=mm&r=g\",\"caption\":\"Marlene L\u00f6sken\"},\"sameAs\":[\"http:\/\/www.polyas.de\"],\"url\":\"https:\/\/www.polyas.de\/blog\/author\/m-loesken\"}]}<\/script>\n<!-- \/ Yoast SEO plugin. -->","yoast_head_json":{"title":"Virtuelle Mitgliederversammlung und Online-Wahlen in Vereinen und Verb\u00e4nden","description":"Auf dem 8. Forum Vereins und Verbandsrecht war Online-Wahlen in Vereinen und Verb\u00e4nden ein Thema!","robots":{"index":"index","follow":"follow","max-snippet":"max-snippet:-1","max-image-preview":"max-image-preview:large","max-video-preview":"max-video-preview:-1"},"canonical":"https:\/\/www.polyas.de\/blog\/de\/veranstaltungen\/bericht-polyas-auf-dem-8-forum-vereins-und-verbandsrecht","og_locale":"de_DE","og_type":"article","og_title":"Virtuelle Mitgliederversammlung und Online-Wahlen in Vereinen und Verb\u00e4nden","og_description":"Auf dem 8. Forum Vereins und Verbandsrecht war Online-Wahlen in Vereinen und Verb\u00e4nden ein Thema!","og_url":"https:\/\/www.polyas.de\/blog\/de\/veranstaltungen\/bericht-polyas-auf-dem-8-forum-vereins-und-verbandsrecht","og_site_name":"POLYAS","article_published_time":"2015-11-21T16:21:49+00:00","article_modified_time":"2015-12-09T09:03:52+00:00","og_image":[{"width":730,"height":410,"url":"https:\/\/i0.wp.com\/www.polyas.de\/blog\/wp-content\/uploads\/2015\/11\/Veranstaltung_Verbandsforum.png?fit=730%2C410&ssl=1","type":"image\/png"}],"author":"Marlene L\u00f6sken","twitter_card":"summary_large_image","twitter_misc":{"Verfasst von":"Marlene L\u00f6sken","Gesch\u00e4tzte Lesezeit":"1 Minute"},"schema":{"@context":"https:\/\/schema.org","@graph":[{"@type":"WebPage","@id":"https:\/\/www.polyas.de\/blog\/de\/veranstaltungen\/bericht-polyas-auf-dem-8-forum-vereins-und-verbandsrecht","url":"https:\/\/www.polyas.de\/blog\/de\/veranstaltungen\/bericht-polyas-auf-dem-8-forum-vereins-und-verbandsrecht","name":"Virtuelle Mitgliederversammlung und Online-Wahlen in Vereinen und Verb\u00e4nden","isPartOf":{"@id":"https:\/\/www.polyas.de\/blog\/#website"},"datePublished":"2015-11-21T16:21:49+00:00","dateModified":"2015-12-09T09:03:52+00:00","author":{"@id":"https:\/\/www.polyas.de\/blog\/#\/schema\/person\/ae76dfcf985d7e754ebdf8eeff7b4a84"},"description":"Auf dem 8. Forum Vereins und Verbandsrecht war Online-Wahlen in Vereinen und Verb\u00e4nden ein Thema!","breadcrumb":{"@id":"https:\/\/www.polyas.de\/blog\/de\/veranstaltungen\/bericht-polyas-auf-dem-8-forum-vereins-und-verbandsrecht#breadcrumb"},"inLanguage":"de-DE","potentialAction":[{"@type":"ReadAction","target":["https:\/\/www.polyas.de\/blog\/de\/veranstaltungen\/bericht-polyas-auf-dem-8-forum-vereins-und-verbandsrecht"]}]},{"@type":"BreadcrumbList","@id":"https:\/\/www.polyas.de\/blog\/de\/veranstaltungen\/bericht-polyas-auf-dem-8-forum-vereins-und-verbandsrecht#breadcrumb","itemListElement":[{"@type":"ListItem","position":1,"name":"Startseite","item":"https:\/\/www.polyas.de\/blog\/de"},{"@type":"ListItem","position":2,"name":"Bericht: POLYAS auf dem 8. Forum Vereins &#8211; und Verbandsrecht"}]},{"@type":"WebSite","@id":"https:\/\/www.polyas.de\/blog\/#website","url":"https:\/\/www.polyas.de\/blog\/","name":"POLYAS","description":"the blog for secure online voting","potentialAction":[{"@type":"SearchAction","target":{"@type":"EntryPoint","urlTemplate":"https:\/\/www.polyas.de\/blog\/?s={search_term_string}"},"query-input":"required name=search_term_string"}],"inLanguage":"de-DE"},{"@type":"Person","@id":"https:\/\/www.polyas.de\/blog\/#\/schema\/person\/ae76dfcf985d7e754ebdf8eeff7b4a84","name":"Marlene L\u00f6sken","image":{"@type":"ImageObject","inLanguage":"de-DE","@id":"https:\/\/www.polyas.de\/blog\/#\/schema\/person\/image\/","url":"https:\/\/secure.gravatar.com\/avatar\/df922c84b8af59ca3473fb2eb3240c22?s=96&d=mm&r=g","contentUrl":"https:\/\/secure.gravatar.com\/avatar\/df922c84b8af59ca3473fb2eb3240c22?s=96&d=mm&r=g","caption":"Marlene L\u00f6sken"},"sameAs":["http:\/\/www.polyas.de"],"url":"https:\/\/www.polyas.de\/blog\/author\/m-loesken"}]}},"jetpack_featured_media_url":"https:\/\/www.polyas.de\/blog\/wp-content\/uploads\/2015\/11\/Veranstaltung_Verbandsforum.png","jetpack_publicize_connections":[],"jetpack_shortlink":"https:\/\/wp.me\/p72Pnr-oo","jetpack-related-posts":[{"id":1791,"url":"https:\/\/www.polyas.de\/blog\/de\/digitale-demokratie\/virtuelle-mitgliederversammlung","url_meta":{"origin":1512,"position":0},"title":"Virtuelle Mitgliederversammlung: Rechtliche Grundlagen","date":"18\/01\/2016","format":false,"excerpt":"Nachgefragt: Wir haben uns mit einem Experten \u00fcber die rechtlichen Grundlagen der virtuellen Mitgliederversammlung unterhalten. Er hat uns verraten, worauf man achten muss, wenn man die digitale Mitgliederversammlung im Verein einf\u00fchren m\u00f6chte. Ein Gastbeitrag von Dr. Thomas Dehesselles, Rechtsanwalt und u.a. Fachexperte f\u00fcr Vereins- und Verbandsrecht \/\/ Partner bei Sonntag\u2026","rel":"","context":"In &quot;Digitale Demokratie&quot;","img":{"alt_text":"Virtuelle Mitgliederversammlung","src":"https:\/\/i0.wp.com\/www.polyas.de\/blog\/wp-content\/uploads\/2016\/01\/Virtuelle-Mitgliederversammlung.jpg?resize=350%2C200&ssl=1","width":350,"height":200},"classes":[]},{"id":10814,"url":"https:\/\/www.polyas.de\/blog\/de\/digitale-demokratie\/online-mitgliederversammlung-verein","url_meta":{"origin":1512,"position":1},"title":"Online-Mitgliederversammlung im Verein nur noch mit Satzungs\u00e4nderung","date":"29\/08\/2022","format":false,"excerpt":"Online-Mitgliederversammlungen im Verein hat der Bundestag im M\u00e4rz 2020 mit dem Gesetz zur Abmilderung der Folgen der Corona-Pandemie erm\u00f6glicht. Was als Vorsichtsma\u00dfnahme begann, hat sich mittlerweile zur g\u00e4ngigen Praxis entwickelt. Viele Vereine setzen auf digitale oder hybride Versammlungsformate. Mit diesen sparen sie nicht nur Kosten und verbessern ihren CO2-Fu\u00dfabdruck, sie\u2026","rel":"","context":"In &quot;Digitale Demokratie&quot;","img":{"alt_text":"Mitgliederversammlung Verein Satzungsaenderung","src":"https:\/\/i0.wp.com\/www.polyas.de\/blog\/wp-content\/uploads\/2022\/08\/mitgliederversammlung-verein-satzungsaenderung.png?resize=350%2C200&ssl=1","width":350,"height":200},"classes":[]},{"id":5970,"url":"https:\/\/www.polyas.de\/blog\/de\/wahlmanagement\/vorstandswahl-berufsverbaende","url_meta":{"origin":1512,"position":2},"title":"Vorstandswahl in Berufsverb\u00e4nden &#8211; So funktioniert&#8217;s","date":"21\/11\/2017","format":false,"excerpt":"Berufsverb\u00e4nde sind demokratisch organisiert: Jedes Mitglied ist berechtigt, sich an der Wahl des Verbandvorstands zu beteiligen. Der Vorstand kann mit sehr unterschiedlichen Verfahren gew\u00e4hlt werden. In diesem Teil unserer Serie zu Berufsverb\u00e4nden\u00a0erkl\u00e4ren wir, wie die Vorstandswahl funktioniert.\u00a0 Vorstand wird durch Mitglieder gew\u00e4hlt Bei Berufsverb\u00e4nden handelt es sich in aller Regel\u2026","rel":"","context":"In &quot;Wahlmanagement&quot;","img":{"alt_text":"Vorstandswahl in Berufsverb\u00e4nden - So funktioniert's","src":"https:\/\/i0.wp.com\/www.polyas.de\/blog\/wp-content\/uploads\/2017\/11\/Berufsverbaende-1.jpg?resize=350%2C200&ssl=1","width":350,"height":200},"classes":[]},{"id":8082,"url":"https:\/\/www.polyas.de\/blog\/de\/allgemein-de\/virtuelle-meetings","url_meta":{"origin":1512,"position":3},"title":"Virtuelle Meetings: Abstimmungen und Beschl\u00fcsse online durchf\u00fchren","date":"19\/03\/2020","format":false,"excerpt":"F\u00fcr viele Unternehmen, Verb\u00e4nde, Genossenschaften und andere Institutionen geh\u00f6ren virtuelle Meetings und Webkonferenzen bereits zum Tagesgesch\u00e4ft. Doch gerade jetzt, wo durch die Verbreitung des Coronavirus die Mobilit\u00e4t stark eingeschr\u00e4nkt ist, steigt der Bedarf an Software-L\u00f6sungen f\u00fcr die t\u00e4gliche Arbeit, wie auch f\u00fcr demokratische Abstimmungen. Wie Versammlungen mit Abstimmungen online durchgef\u00fchrt\u2026","rel":"","context":"In &quot;Digitale Demokratie&quot;","img":{"alt_text":"Virtuelle-Meetings-Online-Beschlussfassungen-und-Abstimmungen","src":"https:\/\/i0.wp.com\/www.polyas.de\/blog\/wp-content\/uploads\/2020\/03\/Virtuelle-Meetings-Online-Beschlussfassungen-und-Abstimmungen-1.jpg?resize=350%2C200&ssl=1","width":350,"height":200},"classes":[]},{"id":6069,"url":"https:\/\/www.polyas.de\/blog\/de\/wahlmanagement\/berufsverbaende-deutschland","url_meta":{"origin":1512,"position":4},"title":"Serie Berufsverb\u00e4nde: Welche Verb\u00e4nde gibt es in Deutschland?","date":"11\/12\/2017","format":false,"excerpt":"Im dritten Teil unserer Serie \u00fcber Berufsverb\u00e4nde wollen wir uns anschauen, welche Verb\u00e4nde es \u00fcberhaupt in Deutschland gibt, welche von ihnen die gr\u00f6\u00dften sind und den meisten Einfluss haben. Berufsverb\u00e4nde in allen Branchen Zun\u00e4chst l\u00e4sst sich sagen, dass so gut wie jede berufliche Branche in Deutschland \u00fcber eine Vereinigung verf\u00fcgt,\u2026","rel":"","context":"In &quot;Wahlmanagement&quot;","img":{"alt_text":"Berufsverb\u00e4nde","src":"https:\/\/i0.wp.com\/www.polyas.de\/blog\/wp-content\/uploads\/2017\/12\/Berufsverbaende.jpg?resize=350%2C200&ssl=1","width":350,"height":200},"classes":[]},{"id":9449,"url":"https:\/\/www.polyas.de\/blog\/de\/kundeninterview\/bundesverband-regie-polyas-erfahrungen","url_meta":{"origin":1512,"position":5},"title":"Der Bundesverband Regie e.V. \u00fcber seine Erfahrungen mit POLYAS","date":"28\/09\/2021","format":false,"excerpt":"Der Bundesverband Regie e.V., kurz BVR, hat in diesem Jahr zum ersten Mal mit POLYAS im Self-Service online gew\u00e4hlt und konnte so die Stimmabgabe der Mitglieder vereinfachen. Wir haben mit der Mitgliederbetreuerin Evelyn Pei\u00dfker \u00fcber ihre Erfahrungen mit POLYAS gesprochen. Aus welchen Gr\u00fcnden haben Sie sich f\u00fcr eine digitale Wahl\u2026","rel":"","context":"In &quot;Digitale Demokratie&quot;","img":{"alt_text":"","src":"https:\/\/i0.wp.com\/www.polyas.de\/blog\/wp-content\/uploads\/2021\/07\/Kundeninterview_Bundesverband-Regie.png?resize=350%2C200&ssl=1","width":350,"height":200},"classes":[]}],"_links":{"self":[{"href":"https:\/\/www.polyas.de\/blog\/wp-json\/wp\/v2\/posts\/1512"}],"collection":[{"href":"https:\/\/www.polyas.de\/blog\/wp-json\/wp\/v2\/posts"}],"about":[{"href":"https:\/\/www.polyas.de\/blog\/wp-json\/wp\/v2\/types\/post"}],"author":[{"embeddable":true,"href":"https:\/\/www.polyas.de\/blog\/wp-json\/wp\/v2\/users\/119"}],"replies":[{"embeddable":true,"href":"https:\/\/www.polyas.de\/blog\/wp-json\/wp\/v2\/comments?post=1512"}],"version-history":[{"count":9,"href":"https:\/\/www.polyas.de\/blog\/wp-json\/wp\/v2\/posts\/1512\/revisions"}],"predecessor-version":[{"id":1542,"href":"https:\/\/www.polyas.de\/blog\/wp-json\/wp\/v2\/posts\/1512\/revisions\/1542"}],"wp:featuredmedia":[{"embeddable":true,"href":"https:\/\/www.polyas.de\/blog\/wp-json\/wp\/v2\/media\/1650"}],"wp:attachment":[{"href":"https:\/\/www.polyas.de\/blog\/wp-json\/wp\/v2\/media?parent=1512"}],"wp:term":[{"taxonomy":"category","embeddable":true,"href":"https:\/\/www.polyas.de\/blog\/wp-json\/wp\/v2\/categories?post=1512"},{"taxonomy":"post_tag","embeddable":true,"href":"https:\/\/www.polyas.de\/blog\/wp-json\/wp\/v2\/tags?post=1512"}],"curies":[{"name":"wp","href":"https:\/\/api.w.org\/{rel}","templated":true}]}}