{"id":1493,"date":"2015-11-30T14:32:47","date_gmt":"2015-11-30T13:32:47","guid":{"rendered":"https:\/\/www.polyas.de\/blog\/?p=1493"},"modified":"2016-06-03T12:00:30","modified_gmt":"2016-06-03T10:00:30","slug":"wahlnews-schlange-stehen-fuer-die-demokratie","status":"publish","type":"post","link":"https:\/\/www.polyas.de\/blog\/de\/online-wahlen\/wahlnews-schlange-stehen-fuer-die-demokratie","title":{"rendered":"#WahlNews: Schlange stehen f\u00fcr die Demokratie"},"content":{"rendered":"<p style=\"text-align: center;\"><strong>29.11.2015: Immer wieder sonntags.<\/strong><!--more--><\/p>\n<p style=\"text-align: center;\"><strong>Wieder ist ein Sonntag rum und wieder entschied sich am traditionellen Wahltag die politische Aufstellung von L\u00e4ndern und\u00a0St\u00e4dten weltweit.<\/strong><\/p>\n<h2>#BurkinaFaso<\/h2>\n<p>Nach 27 Jahren im Amt wurde Pr\u00e4sident Blaise Compaor\u00e9 durch Proteste 2014 zum R\u00fccktritt gezwungen.<br \/>\nDaraufhin unternahm die Pr\u00e4sidentengarde, eine elit\u00e4re Gruppierung aus dem Lager des ehemaligen Pr\u00e4sidenten, einen Putschversuch gegen die \u00dcbergangsregierung, der nach wenigen Wochen scheiterte\u00a0<a href=\"http:\/\/www.faz.net\/aktuell\/politik\/ausland\/afrika\/militaerputsch-krisenloesung-in-burkina-faso-in-sicht-13815290.html\" target=\"_blank\">(FAZ)<\/a>.\u00a0Die Putschisten baten um Straffreiheit, verz\u00f6gerten jedoch die Neuwahlen von Oktober auf Ende November.<\/p>\n<p>Nun standen die Burkinabe f\u00fcr die demokratischsten Wahlen in der Landesgeschichte Schlange. Seit der Unabh\u00e4ngigkeit von der Kolonialmacht Frankreich 1960, gab es in einem der \u00e4rmsten L\u00e4nder der Welt <a href=\"https:\/\/www.giz.de\/de\/weltweit\/329.html\" target=\"_blank\">(GIZ)<\/a>\u00a0insgesamt sechs Putsche. Gerade die jungen Burkinabe fordern dementsprechend eine solide Demokratie. Der Wunsch k\u00f6nnte in Erf\u00fcllung gehen, denn mit zwei nicht-amtierenden Kandidaten und einer aufgel\u00f6sten Pr\u00e4sidentengarde, stehen die Wahl im demokratischen Licht, so der <a href=\"http:\/\/www.theguardian.com\/world\/2015\/nov\/30\/burkina-faso-election-millions-vote-in-first-poll-since-coup\" target=\"_blank\">The\u00a0Guardian<\/a>.<\/p>\n<p>Erst Montagabend wird sich entscheiden, ob der ehemalige Ministerpr\u00e4sident Marc Christian Kabor\u00e9 oder der ehemalige Finanzminister Z\u00e9phirin Diabr\u00e9 die Pr\u00e4sidentschaft \u00fcbernimmt.<\/p>\n","protected":false},"excerpt":{"rendered":"<p>29.11.2015: Immer wieder sonntags.<\/p>\n","protected":false},"author":119,"featured_media":1628,"comment_status":"open","ping_status":"open","sticky":false,"template":"","format":"standard","meta":{"_eb_attr":"","ub_ctt_via":"","spay_email":"","jetpack_publicize_message":"","jetpack_is_tweetstorm":false,"jetpack_publicize_feature_enabled":true},"categories":[8],"tags":[],"featured_image_src":"https:\/\/www.polyas.de\/blog\/wp-content\/uploads\/2015\/11\/Blogvorlagen_Wahlnews21.png","author_info":{"display_name":"Marlene L\u00f6sken","author_link":"https:\/\/www.polyas.de\/blog\/author\/m-loesken"},"yoast_head":"<!-- This site is optimized with the Yoast SEO plugin v19.9 - https:\/\/yoast.com\/wordpress\/plugins\/seo\/ -->\n<title>WahlNews: Wahlen in Burkina Faso<\/title>\n<meta name=\"description\" content=\"Deswegen ist die Wahl des Pr\u00e4sidenten und des Parlaments die demokratischsten Wahlen in der Landesgeschichte!\" \/>\n<meta name=\"robots\" content=\"index, follow, max-snippet:-1, max-image-preview:large, max-video-preview:-1\" \/>\n<link rel=\"canonical\" href=\"https:\/\/www.polyas.de\/blog\/de\/online-wahlen\/wahlnews-schlange-stehen-fuer-die-demokratie\" \/>\n<meta property=\"og:locale\" content=\"de_DE\" \/>\n<meta property=\"og:type\" content=\"article\" \/>\n<meta property=\"og:title\" content=\"WahlNews: Wahlen in Burkina Faso\" \/>\n<meta property=\"og:description\" content=\"Deswegen ist die Wahl des Pr\u00e4sidenten und des Parlaments die demokratischsten Wahlen in der Landesgeschichte!\" \/>\n<meta property=\"og:url\" content=\"https:\/\/www.polyas.de\/blog\/de\/online-wahlen\/wahlnews-schlange-stehen-fuer-die-demokratie\" \/>\n<meta property=\"og:site_name\" content=\"POLYAS\" \/>\n<meta property=\"article:published_time\" content=\"2015-11-30T13:32:47+00:00\" \/>\n<meta property=\"article:modified_time\" content=\"2016-06-03T10:00:30+00:00\" \/>\n<meta property=\"og:image\" content=\"https:\/\/i0.wp.com\/www.polyas.de\/blog\/wp-content\/uploads\/2015\/11\/Blogvorlagen_Wahlnews21.png?fit=890%2C384&ssl=1\" \/>\n\t<meta property=\"og:image:width\" content=\"890\" \/>\n\t<meta property=\"og:image:height\" content=\"384\" \/>\n\t<meta property=\"og:image:type\" content=\"image\/png\" \/>\n<meta name=\"author\" content=\"Marlene L\u00f6sken\" \/>\n<meta name=\"twitter:card\" content=\"summary_large_image\" \/>\n<meta name=\"twitter:label1\" content=\"Verfasst von\" \/>\n\t<meta name=\"twitter:data1\" content=\"Marlene L\u00f6sken\" \/>\n\t<meta name=\"twitter:label2\" content=\"Gesch\u00e4tzte Lesezeit\" \/>\n\t<meta name=\"twitter:data2\" content=\"1 Minute\" \/>\n<script type=\"application\/ld+json\" class=\"yoast-schema-graph\">{\"@context\":\"https:\/\/schema.org\",\"@graph\":[{\"@type\":\"WebPage\",\"@id\":\"https:\/\/www.polyas.de\/blog\/de\/online-wahlen\/wahlnews-schlange-stehen-fuer-die-demokratie\",\"url\":\"https:\/\/www.polyas.de\/blog\/de\/online-wahlen\/wahlnews-schlange-stehen-fuer-die-demokratie\",\"name\":\"WahlNews: Wahlen in Burkina Faso\",\"isPartOf\":{\"@id\":\"https:\/\/www.polyas.de\/blog\/#website\"},\"datePublished\":\"2015-11-30T13:32:47+00:00\",\"dateModified\":\"2016-06-03T10:00:30+00:00\",\"author\":{\"@id\":\"https:\/\/www.polyas.de\/blog\/#\/schema\/person\/ae76dfcf985d7e754ebdf8eeff7b4a84\"},\"description\":\"Deswegen ist die Wahl des Pr\u00e4sidenten und des Parlaments die demokratischsten Wahlen in der Landesgeschichte!\",\"breadcrumb\":{\"@id\":\"https:\/\/www.polyas.de\/blog\/de\/online-wahlen\/wahlnews-schlange-stehen-fuer-die-demokratie#breadcrumb\"},\"inLanguage\":\"de-DE\",\"potentialAction\":[{\"@type\":\"ReadAction\",\"target\":[\"https:\/\/www.polyas.de\/blog\/de\/online-wahlen\/wahlnews-schlange-stehen-fuer-die-demokratie\"]}]},{\"@type\":\"BreadcrumbList\",\"@id\":\"https:\/\/www.polyas.de\/blog\/de\/online-wahlen\/wahlnews-schlange-stehen-fuer-die-demokratie#breadcrumb\",\"itemListElement\":[{\"@type\":\"ListItem\",\"position\":1,\"name\":\"Startseite\",\"item\":\"https:\/\/www.polyas.de\/blog\/de\"},{\"@type\":\"ListItem\",\"position\":2,\"name\":\"#WahlNews: Schlange stehen f\u00fcr die Demokratie\"}]},{\"@type\":\"WebSite\",\"@id\":\"https:\/\/www.polyas.de\/blog\/#website\",\"url\":\"https:\/\/www.polyas.de\/blog\/\",\"name\":\"POLYAS\",\"description\":\"the blog for secure online voting\",\"potentialAction\":[{\"@type\":\"SearchAction\",\"target\":{\"@type\":\"EntryPoint\",\"urlTemplate\":\"https:\/\/www.polyas.de\/blog\/?s={search_term_string}\"},\"query-input\":\"required name=search_term_string\"}],\"inLanguage\":\"de-DE\"},{\"@type\":\"Person\",\"@id\":\"https:\/\/www.polyas.de\/blog\/#\/schema\/person\/ae76dfcf985d7e754ebdf8eeff7b4a84\",\"name\":\"Marlene L\u00f6sken\",\"image\":{\"@type\":\"ImageObject\",\"inLanguage\":\"de-DE\",\"@id\":\"https:\/\/www.polyas.de\/blog\/#\/schema\/person\/image\/\",\"url\":\"https:\/\/secure.gravatar.com\/avatar\/df922c84b8af59ca3473fb2eb3240c22?s=96&d=mm&r=g\",\"contentUrl\":\"https:\/\/secure.gravatar.com\/avatar\/df922c84b8af59ca3473fb2eb3240c22?s=96&d=mm&r=g\",\"caption\":\"Marlene L\u00f6sken\"},\"sameAs\":[\"http:\/\/www.polyas.de\"],\"url\":\"https:\/\/www.polyas.de\/blog\/author\/m-loesken\"}]}<\/script>\n<!-- \/ Yoast SEO plugin. -->","yoast_head_json":{"title":"WahlNews: Wahlen in Burkina Faso","description":"Deswegen ist die Wahl des Pr\u00e4sidenten und des Parlaments die demokratischsten Wahlen in der Landesgeschichte!","robots":{"index":"index","follow":"follow","max-snippet":"max-snippet:-1","max-image-preview":"max-image-preview:large","max-video-preview":"max-video-preview:-1"},"canonical":"https:\/\/www.polyas.de\/blog\/de\/online-wahlen\/wahlnews-schlange-stehen-fuer-die-demokratie","og_locale":"de_DE","og_type":"article","og_title":"WahlNews: Wahlen in Burkina Faso","og_description":"Deswegen ist die Wahl des Pr\u00e4sidenten und des Parlaments die demokratischsten Wahlen in der Landesgeschichte!","og_url":"https:\/\/www.polyas.de\/blog\/de\/online-wahlen\/wahlnews-schlange-stehen-fuer-die-demokratie","og_site_name":"POLYAS","article_published_time":"2015-11-30T13:32:47+00:00","article_modified_time":"2016-06-03T10:00:30+00:00","og_image":[{"width":890,"height":384,"url":"https:\/\/i0.wp.com\/www.polyas.de\/blog\/wp-content\/uploads\/2015\/11\/Blogvorlagen_Wahlnews21.png?fit=890%2C384&ssl=1","type":"image\/png"}],"author":"Marlene L\u00f6sken","twitter_card":"summary_large_image","twitter_misc":{"Verfasst von":"Marlene L\u00f6sken","Gesch\u00e4tzte Lesezeit":"1 Minute"},"schema":{"@context":"https:\/\/schema.org","@graph":[{"@type":"WebPage","@id":"https:\/\/www.polyas.de\/blog\/de\/online-wahlen\/wahlnews-schlange-stehen-fuer-die-demokratie","url":"https:\/\/www.polyas.de\/blog\/de\/online-wahlen\/wahlnews-schlange-stehen-fuer-die-demokratie","name":"WahlNews: Wahlen in Burkina Faso","isPartOf":{"@id":"https:\/\/www.polyas.de\/blog\/#website"},"datePublished":"2015-11-30T13:32:47+00:00","dateModified":"2016-06-03T10:00:30+00:00","author":{"@id":"https:\/\/www.polyas.de\/blog\/#\/schema\/person\/ae76dfcf985d7e754ebdf8eeff7b4a84"},"description":"Deswegen ist die Wahl des Pr\u00e4sidenten und des Parlaments die demokratischsten Wahlen in der Landesgeschichte!","breadcrumb":{"@id":"https:\/\/www.polyas.de\/blog\/de\/online-wahlen\/wahlnews-schlange-stehen-fuer-die-demokratie#breadcrumb"},"inLanguage":"de-DE","potentialAction":[{"@type":"ReadAction","target":["https:\/\/www.polyas.de\/blog\/de\/online-wahlen\/wahlnews-schlange-stehen-fuer-die-demokratie"]}]},{"@type":"BreadcrumbList","@id":"https:\/\/www.polyas.de\/blog\/de\/online-wahlen\/wahlnews-schlange-stehen-fuer-die-demokratie#breadcrumb","itemListElement":[{"@type":"ListItem","position":1,"name":"Startseite","item":"https:\/\/www.polyas.de\/blog\/de"},{"@type":"ListItem","position":2,"name":"#WahlNews: Schlange stehen f\u00fcr die Demokratie"}]},{"@type":"WebSite","@id":"https:\/\/www.polyas.de\/blog\/#website","url":"https:\/\/www.polyas.de\/blog\/","name":"POLYAS","description":"the blog for secure online voting","potentialAction":[{"@type":"SearchAction","target":{"@type":"EntryPoint","urlTemplate":"https:\/\/www.polyas.de\/blog\/?s={search_term_string}"},"query-input":"required name=search_term_string"}],"inLanguage":"de-DE"},{"@type":"Person","@id":"https:\/\/www.polyas.de\/blog\/#\/schema\/person\/ae76dfcf985d7e754ebdf8eeff7b4a84","name":"Marlene L\u00f6sken","image":{"@type":"ImageObject","inLanguage":"de-DE","@id":"https:\/\/www.polyas.de\/blog\/#\/schema\/person\/image\/","url":"https:\/\/secure.gravatar.com\/avatar\/df922c84b8af59ca3473fb2eb3240c22?s=96&d=mm&r=g","contentUrl":"https:\/\/secure.gravatar.com\/avatar\/df922c84b8af59ca3473fb2eb3240c22?s=96&d=mm&r=g","caption":"Marlene L\u00f6sken"},"sameAs":["http:\/\/www.polyas.de"],"url":"https:\/\/www.polyas.de\/blog\/author\/m-loesken"}]}},"jetpack_featured_media_url":"https:\/\/www.polyas.de\/blog\/wp-content\/uploads\/2015\/11\/Blogvorlagen_Wahlnews21.png","jetpack_publicize_connections":[],"jetpack_shortlink":"https:\/\/wp.me\/p72Pnr-o5","jetpack-related-posts":[{"id":2247,"url":"https:\/\/www.polyas.de\/blog\/de\/online-wahlen\/wahlnews-neuanfang-in-benin-und-tradition-in-kasachstan","url_meta":{"origin":1493,"position":0},"title":"Neuanfang in Benin und Tradition in Kasachstan","date":"21\/03\/2016","format":false,"excerpt":"\u00a020.03.16: Immer wieder sonntags.\u00a0 Wieder ist ein Sonntag rum und wieder entschied sich am traditionellen Wahltag die politische Aufstellung von L\u00e4ndern und St\u00e4dten weltweit. Heute: Benin und Kasachstan Benin: Favorit Patrice Talon ist der eindeutige Gewinner der Stichwahl und neuer Pr\u00e4sident. Er setzte sich gegen den Konkurrenten Lionel Zinsou durch.\u2026","rel":"","context":"In &quot;Wahl News&quot;","img":{"alt_text":"In Spanien und der Schweiz wurde abgestimmt","src":"https:\/\/i0.wp.com\/www.polyas.de\/blog\/wp-content\/uploads\/2016\/03\/Wahl-News.png?resize=350%2C200&ssl=1","width":350,"height":200},"classes":[]},{"id":1669,"url":"https:\/\/www.polyas.de\/blog\/de\/online-wahlen\/wahlnews-last-minute-politik","url_meta":{"origin":1493,"position":1},"title":"WahlNews: Last-Minute-Politik","date":"14\/12\/2015","format":false,"excerpt":"13.12.2015: Immer wieder sonntags. Wieder ist ein Sonntag rum und wieder entschied sich am traditionellen Wahltag die politische Aufstellung von L\u00e4ndern und\u00a0St\u00e4dten weltweit. #Frankreich Die Franzosen k\u00f6nnen aufatmen. In einer Last-minute-Rettungsaktion verdr\u00e4ngten Sarkozys Republikaner und Pr\u00e4sident Hollands Sozialisten den rechtspopulistischen Front National vom Thron der Regionalparlamente. In der zweiten Runde\u2026","rel":"","context":"In &quot;Wahl News&quot;","img":{"alt_text":"Eine w\u00f6chentliche Zusammenfassung der wichtigsten News aus der Welt der Wahlen. Wahlbeteiligung, Wahlergebnisse und politische Zusammenh\u00e4nge!","src":"https:\/\/i0.wp.com\/www.polyas.de\/blog\/wp-content\/uploads\/2015\/11\/Blogvorlagen_Wahlnews2.png?resize=350%2C200&ssl=1","width":350,"height":200},"classes":[]},{"id":1314,"url":"https:\/\/www.polyas.de\/blog\/de\/online-wahlen\/wahlnews-rechtsruckreferendumkomiker","url_meta":{"origin":1493,"position":2},"title":"#WahlNews: Rechtsruck, Referendum, Komiker","date":"26\/10\/2015","format":false,"excerpt":"25.10.2015: Immer wieder sonntags. Wieder ist ein Sonntag rum und wieder entschied sich am traditionellen Wahltag die politische Aufstellung von L\u00e4ndern und\u00a0St\u00e4dten weltweit. #Polen Die ZEIT\u00a0nennt es einen \u201eTriumph der Euroskeptiker\u201c, die Financial Times erwartet zuk\u00fcnftig Spannungen zwischen der EU und Polen. Grund ist der voraussichtliche Sieg der nationalkonservativen Oppositionspartei\u2026","rel":"","context":"In &quot;Wahl News&quot;","img":{"alt_text":"","src":"","width":0,"height":0},"classes":[]},{"id":1987,"url":"https:\/\/www.polyas.de\/blog\/de\/online-wahlen\/wahlnews-uebergang-und-wahlkampsstimmung","url_meta":{"origin":1493,"position":3},"title":"#WahlNews: \u00dcbergangs- und Wahlkampfstimmung","date":"15\/02\/2016","format":false,"excerpt":"\u00a014.02.16: Immer wieder sonntags.\u00a0 Wieder ist ein Sonntag rum und wieder entschied sich am traditionellen Wahltag die politische Aufstellung von L\u00e4ndern und St\u00e4dten weltweit. #Haiti Der Inselstaat hat seit Sonntag ein \u00dcbergangs-Staatsoberhaupt. Der bisher amtierende Senatspr\u00e4sident Jocelene Privert wurde am gestrigen Sonntag nach zwei Wahlg\u00e4ngen vom haitianischen Parlament zum \u00dcbergangspr\u00e4sidenten\u2026","rel":"","context":"In &quot;Wahl News&quot;","img":{"alt_text":"Eine w\u00f6chentliche Zusammenfassung der wichtigsten News aus der Welt der Wahlen. Wahlbeteiligung, Wahlergebnisse und politische Zusammenh\u00e4nge!","src":"https:\/\/i0.wp.com\/www.polyas.de\/blog\/wp-content\/uploads\/2015\/11\/Blogvorlagen_Wahlnews2.png?resize=350%2C200&ssl=1","width":350,"height":200},"classes":[]},{"id":1747,"url":"https:\/\/www.polyas.de\/blog\/de\/online-wahlen\/wahlnews-wahlen-gegen-den-buergerkrieg","url_meta":{"origin":1493,"position":4},"title":"#WahlNews: Wahlen gegen den B\u00fcrgerkrieg","date":"04\/01\/2016","format":false,"excerpt":"3.1.16: Immer wieder sonntags. Wieder ist ein Sonntag rum und wieder entschied sich am traditionellen Wahltag die politische Aufstellung von L\u00e4ndern und\u00a0St\u00e4dten weltweit. #ZentralafrikanischeRepublik Das vom B\u00fcrgerkrieg gebeutelte Land w\u00e4hlt einen neuen Pr\u00e4sidenten. Ob dies in einem oder zwei Wahlg\u00e4ngen geschieht, h\u00e4ngt von der Stimmausz\u00e4hlung des ersten Wahlgangs ab. Erreicht\u2026","rel":"","context":"In &quot;Wahl News&quot;","img":{"alt_text":"Eine w\u00f6chentliche Zusammenfassung der wichtigsten News aus der Welt der Wahlen. Wahlbeteiligung, Wahlergebnisse und politische Zusammenh\u00e4nge!","src":"https:\/\/i0.wp.com\/www.polyas.de\/blog\/wp-content\/uploads\/2015\/11\/Blogvorlagen_Wahlnews2.png?resize=350%2C200&ssl=1","width":350,"height":200},"classes":[]},{"id":2045,"url":"https:\/\/www.polyas.de\/blog\/de\/online-wahlen\/wahlnews-no-fuer-morales-und-hausarrest-in-uganda","url_meta":{"origin":1493,"position":5},"title":"#WahlNews: No! f\u00fcr Morales und Hausarrest in Uganda","date":"22\/02\/2016","format":false,"excerpt":"\u00a014.02.16: Immer wieder sonntags.\u00a0 Wieder ist ein Sonntag rum und wieder entschied sich am traditionellen Wahltag die politische Aufstellung von L\u00e4ndern und St\u00e4dten weltweit. #Bolivien Und der Morales von der bolivianischen Geschicht\u2019? Eine vierte Amtszeit die gibt es nicht. Der amtierende Pr\u00e4sident Evo Morales h\u00e4tte gerne bis 2025 den Andenstaat\u2026","rel":"","context":"In &quot;Wahl News&quot;","img":{"alt_text":"Eine w\u00f6chentliche Zusammenfassung der wichtigsten News aus der Welt der Wahlen. Wahlbeteiligung, Wahlergebnisse und politische Zusammenh\u00e4nge!","src":"https:\/\/i0.wp.com\/www.polyas.de\/blog\/wp-content\/uploads\/2015\/11\/Blogvorlagen_Wahlnews2.png?resize=350%2C200&ssl=1","width":350,"height":200},"classes":[]}],"_links":{"self":[{"href":"https:\/\/www.polyas.de\/blog\/wp-json\/wp\/v2\/posts\/1493"}],"collection":[{"href":"https:\/\/www.polyas.de\/blog\/wp-json\/wp\/v2\/posts"}],"about":[{"href":"https:\/\/www.polyas.de\/blog\/wp-json\/wp\/v2\/types\/post"}],"author":[{"embeddable":true,"href":"https:\/\/www.polyas.de\/blog\/wp-json\/wp\/v2\/users\/119"}],"replies":[{"embeddable":true,"href":"https:\/\/www.polyas.de\/blog\/wp-json\/wp\/v2\/comments?post=1493"}],"version-history":[{"count":13,"href":"https:\/\/www.polyas.de\/blog\/wp-json\/wp\/v2\/posts\/1493\/revisions"}],"predecessor-version":[{"id":2810,"href":"https:\/\/www.polyas.de\/blog\/wp-json\/wp\/v2\/posts\/1493\/revisions\/2810"}],"wp:featuredmedia":[{"embeddable":true,"href":"https:\/\/www.polyas.de\/blog\/wp-json\/wp\/v2\/media\/1628"}],"wp:attachment":[{"href":"https:\/\/www.polyas.de\/blog\/wp-json\/wp\/v2\/media?parent=1493"}],"wp:term":[{"taxonomy":"category","embeddable":true,"href":"https:\/\/www.polyas.de\/blog\/wp-json\/wp\/v2\/categories?post=1493"},{"taxonomy":"post_tag","embeddable":true,"href":"https:\/\/www.polyas.de\/blog\/wp-json\/wp\/v2\/tags?post=1493"}],"curies":[{"name":"wp","href":"https:\/\/api.w.org\/{rel}","templated":true}]}}