{"id":1314,"date":"2015-10-26T12:17:48","date_gmt":"2015-10-26T11:17:48","guid":{"rendered":"https:\/\/www.polyas.de\/blog\/?p=1314"},"modified":"2016-01-08T03:00:21","modified_gmt":"2016-01-08T02:00:21","slug":"wahlnews-rechtsruckreferendumkomiker","status":"publish","type":"post","link":"https:\/\/www.polyas.de\/blog\/de\/online-wahlen\/wahlnews-rechtsruckreferendumkomiker","title":{"rendered":"#WahlNews: Rechtsruck, Referendum, Komiker"},"content":{"rendered":"<p style=\"text-align: center;\"><strong>25.10.2015: Immer wieder sonntags.<\/strong><!--more--><\/p>\n<p style=\"text-align: center;\"><strong>Wieder ist ein Sonntag rum und wieder entschied sich am traditionellen Wahltag die politische Aufstellung von L\u00e4ndern und\u00a0St\u00e4dten weltweit.<\/strong><\/p>\n<h2>#Polen<\/h2>\n<p>Die ZEIT\u00a0nennt es einen <a href=\"http:\/\/www.zeit.de\/politik\/ausland\/2015-10\/wahl-polen-machtwechsel-nationalkonservative\">\u201eTriumph der Euroskeptiker\u201c<\/a>, die Financial Times erwartet zuk\u00fcnftig <a href=\"http:\/\/www.ft.com\/intl\/cms\/s\/0\/df00492c-7b02-11e5-98fb-5a6d4728f74e.html#axzz3pfcEPZIv\">Spannungen zwischen der EU und Polen<\/a>. Grund ist der voraussichtliche Sieg der nationalkonservativen Oppositionspartei Recht und Gerechtigkeit (PiS). Bereits im Mai konnte die EU-skeptische Partei die Wahl des Pr\u00e4sidenten mit Spitzenkandidat <a href=\"https:\/\/de.wikipedia.org\/wiki\/Andrzej_Duda\">Andrzej Duda<\/a> f\u00fcr sich gewinnen und zieht laut Prognosen mit einer Mehrheit von 37,7 Prozent ins polnische Parlament ein. Die neue Regierungschefin <a href=\"http:\/\/www.nzz.ch\/international\/braves-bondgirl-und-handwerkerin-der-macht-1.18635822\">Beata Szydlo <\/a>verdr\u00e4ngt damit <a href=\"https:\/\/de.wikipedia.org\/wiki\/Ewa_Kopacz\">Ewa Kopacz<\/a> nach acht Jahren aus ihrem Amt der Ministerpr\u00e4sidentin. Doch der eigentliche Strippenzieher bleibt PiS-Parteigr\u00fcnder Kaczynski, der im Wahlkampf gegen die Aufnahme von Fl\u00fcchtlingen und das Br\u00fcsseler Diktat wetterte. Der Zwillingsbruder des 2010 verungl\u00fcckten Pr\u00e4sidenten Lech Kaczynski, der bei einem Flugzeugabsturz bei Smolensk mit vielen Regierungsmitgliedern umkam, vermasselte seiner PiS im Folgejahr 2011 den Wahlsieg. Kaczynski hat seine Strategie ge\u00e4ndert und agiert nun im Hintergrund erfolgreich f\u00fcr eine rechtskonservative und katholisch gepr\u00e4gte Politik.<\/p>\n<p><em>Die End-Ergebnisse der Parlamentswahl werden im Laufe des Tages erwartet.<\/em><\/p>\n<p>&nbsp;<\/p>\n<h2>#Bulgarien<\/h2>\n<p>Neben der Wahl der B\u00fcrgermeister und Gemeinder\u00e4te war es wohl der ausdr\u00fcckliche Wunsch von Pr\u00e4sident Rosen Plevneliv, ein Referendum \u00fcber die Einf\u00fchrung von Online-Wahlen abzuhalten. Doch so leicht gestaltet sich diese Volksabstimmung nicht und es gelten folgende Regeln: \u00a0Mehr als 3,5 Millionen B\u00fcrger m\u00fcssen an der Wahl teilnehmen und mehr als die H\u00e4lfte m\u00fcsste mit \u201aJa\u2019 abstimmen, um das Referendum einfach \u00fcber die Wahl-B\u00fchne zu katapultieren. Sollte dieser Fall nicht eintreten und die Wahlbeteiligung unter den Erwartungen bleiben, trotz eines \u201aJa-Anteils von mehr als 20 Prozent, wird das Parlament \u00fcber die Einf\u00fchrung von e-Voting entscheiden, so die<a href=\"http:\/\/www.novinite.com\/articles\/171488\/What+Should+One+Know+about+Bulgaria's+Referendum+on+Remote+Electronic+Voting%3F\"> Sofia News Agency<\/a>.\u00a0Dieser Fall ist am Sonntag nach Stimmzettel-Chaos, Wahlgeheimnis-Verletzungen und fragw\u00fcrdigen Stimmzettel-Verteilungen, eingetreten. Laut der <a href=\"http:\/\/www.sueddeutsche.de\/news\/politik\/wahlen-referendum-ueber-e-voting-in-bulgarien-wohl-gescheitert-dpa.urn-newsml-dpa-com-20090101-151025-99-08446\">dpa<\/a> ist das Referendum mit 39 Prozent Wahlbeteiligung gescheitert. Trotzdem stimmten unter den W\u00e4hlern mehrheitlich 72 Prozent f\u00fcr die Einf\u00fchrung von e-Voting. Nun muss das Parlament \u00fcber die Einf\u00fchrung von Online-Wahlen entscheiden.<\/p>\n<p>&nbsp;<\/p>\n<h2>#Guatemala<\/h2>\n<p><a href=\"http:\/\/www.foxnews.com\/world\/2015\/10\/26\/no-joke-comedian-wins-guatemala-presidential-election\/\">Kein Witz!<\/a>\u00a0 Diese \u00dcberschrift bot sich heute f\u00fcr viele Zeitungen an und sogar die <a href=\"http:\/\/www.bild.de\/bildlive\/2015\/09-wahlen-guatemala-43140844.bild.html\">BILD<\/a>\u00a0 griff die Pr\u00e4sidentschaftswahl in Guatemala auf. Warum? Ein Schauspieler und Komiker wurde am Wahlsonntag zum neuen Pr\u00e4sidenten Guatemalas gew\u00e4hlt. Jimmy Morales gewann deutlich mit 72 Prozent der Stimmen gegen seine Rivalin Sandra Torres. Der<a href=\"http:\/\/www.bbc.com\/news\/world-latin-america-34632485\"> guatemaltekische Donald Trump <\/a>\u00fcberzeugte die W\u00e4hler mit Witz und dem Versprechen gegen die Korruption im Land vorzugehen. Demgegen\u00fcber stand Torres aus der verhassten Politelite und konnte das verdrossene Volk mit ihrer politische Herkunft nicht \u00fcberzeugen. Der Nachfolger von Pr\u00e4sident Otto Perez Molina versprach laut <a href=\"http:\/\/www.bbc.com\/news\/world-latin-america-34632485\">BBC<\/a>, ein iPhone f\u00fcr jedes guatemaltekische Kind, sowie die GPS-Verfolgung von Lehrern, um sicherzustellen, dass sie in ihrem Unterricht anwesend sind. Ob es weiterhin so lustig zugeht, bleibt wohl abzuwarten!<\/p>\n<p>&nbsp;<\/p>\n","protected":false},"excerpt":{"rendered":"<p>25.10.2015: Immer wieder sonntags.<\/p>\n","protected":false},"author":119,"featured_media":0,"comment_status":"open","ping_status":"open","sticky":false,"template":"","format":"standard","meta":{"_eb_attr":"","ub_ctt_via":"","spay_email":"","jetpack_publicize_message":"","jetpack_is_tweetstorm":false,"jetpack_publicize_feature_enabled":true},"categories":[8],"tags":[],"featured_image_src":null,"author_info":{"display_name":"Marlene L\u00f6sken","author_link":"https:\/\/www.polyas.de\/blog\/author\/m-loesken"},"yoast_head":"<!-- This site is optimized with the Yoast SEO plugin v19.9 - https:\/\/yoast.com\/wordpress\/plugins\/seo\/ -->\n<title>#WahlNews: Wahlen in Polen, Guatemala und Referendum in Bulgarien<\/title>\n<meta name=\"description\" content=\"News zu Wahlen weltweit jeden Montag frisch getippt: Keine Wahl mehr verpassen!\" \/>\n<meta name=\"robots\" content=\"index, follow, max-snippet:-1, max-image-preview:large, max-video-preview:-1\" \/>\n<link rel=\"canonical\" href=\"https:\/\/www.polyas.de\/blog\/de\/online-wahlen\/wahlnews-rechtsruckreferendumkomiker\" \/>\n<meta property=\"og:locale\" content=\"de_DE\" \/>\n<meta property=\"og:type\" content=\"article\" \/>\n<meta property=\"og:title\" content=\"#WahlNews: Wahlen in Polen, Guatemala und Referendum in Bulgarien\" \/>\n<meta property=\"og:description\" content=\"News zu Wahlen weltweit jeden Montag frisch getippt: Keine Wahl mehr verpassen!\" \/>\n<meta property=\"og:url\" content=\"https:\/\/www.polyas.de\/blog\/de\/online-wahlen\/wahlnews-rechtsruckreferendumkomiker\" \/>\n<meta property=\"og:site_name\" content=\"POLYAS\" \/>\n<meta property=\"article:published_time\" content=\"2015-10-26T11:17:48+00:00\" \/>\n<meta property=\"article:modified_time\" content=\"2016-01-08T02:00:21+00:00\" \/>\n<meta name=\"author\" content=\"Marlene L\u00f6sken\" \/>\n<meta name=\"twitter:card\" content=\"summary_large_image\" \/>\n<meta name=\"twitter:label1\" content=\"Verfasst von\" \/>\n\t<meta name=\"twitter:data1\" content=\"Marlene L\u00f6sken\" \/>\n\t<meta name=\"twitter:label2\" content=\"Gesch\u00e4tzte Lesezeit\" \/>\n\t<meta name=\"twitter:data2\" content=\"2 Minuten\" \/>\n<script type=\"application\/ld+json\" class=\"yoast-schema-graph\">{\"@context\":\"https:\/\/schema.org\",\"@graph\":[{\"@type\":\"WebPage\",\"@id\":\"https:\/\/www.polyas.de\/blog\/de\/online-wahlen\/wahlnews-rechtsruckreferendumkomiker\",\"url\":\"https:\/\/www.polyas.de\/blog\/de\/online-wahlen\/wahlnews-rechtsruckreferendumkomiker\",\"name\":\"#WahlNews: Wahlen in Polen, Guatemala und Referendum in Bulgarien\",\"isPartOf\":{\"@id\":\"https:\/\/www.polyas.de\/blog\/#website\"},\"datePublished\":\"2015-10-26T11:17:48+00:00\",\"dateModified\":\"2016-01-08T02:00:21+00:00\",\"author\":{\"@id\":\"https:\/\/www.polyas.de\/blog\/#\/schema\/person\/ae76dfcf985d7e754ebdf8eeff7b4a84\"},\"description\":\"News zu Wahlen weltweit jeden Montag frisch getippt: Keine Wahl mehr verpassen!\",\"breadcrumb\":{\"@id\":\"https:\/\/www.polyas.de\/blog\/de\/online-wahlen\/wahlnews-rechtsruckreferendumkomiker#breadcrumb\"},\"inLanguage\":\"de-DE\",\"potentialAction\":[{\"@type\":\"ReadAction\",\"target\":[\"https:\/\/www.polyas.de\/blog\/de\/online-wahlen\/wahlnews-rechtsruckreferendumkomiker\"]}]},{\"@type\":\"BreadcrumbList\",\"@id\":\"https:\/\/www.polyas.de\/blog\/de\/online-wahlen\/wahlnews-rechtsruckreferendumkomiker#breadcrumb\",\"itemListElement\":[{\"@type\":\"ListItem\",\"position\":1,\"name\":\"Startseite\",\"item\":\"https:\/\/www.polyas.de\/blog\/de\"},{\"@type\":\"ListItem\",\"position\":2,\"name\":\"#WahlNews: Rechtsruck, Referendum, Komiker\"}]},{\"@type\":\"WebSite\",\"@id\":\"https:\/\/www.polyas.de\/blog\/#website\",\"url\":\"https:\/\/www.polyas.de\/blog\/\",\"name\":\"POLYAS\",\"description\":\"the blog for secure online voting\",\"potentialAction\":[{\"@type\":\"SearchAction\",\"target\":{\"@type\":\"EntryPoint\",\"urlTemplate\":\"https:\/\/www.polyas.de\/blog\/?s={search_term_string}\"},\"query-input\":\"required name=search_term_string\"}],\"inLanguage\":\"de-DE\"},{\"@type\":\"Person\",\"@id\":\"https:\/\/www.polyas.de\/blog\/#\/schema\/person\/ae76dfcf985d7e754ebdf8eeff7b4a84\",\"name\":\"Marlene L\u00f6sken\",\"image\":{\"@type\":\"ImageObject\",\"inLanguage\":\"de-DE\",\"@id\":\"https:\/\/www.polyas.de\/blog\/#\/schema\/person\/image\/\",\"url\":\"https:\/\/secure.gravatar.com\/avatar\/df922c84b8af59ca3473fb2eb3240c22?s=96&d=mm&r=g\",\"contentUrl\":\"https:\/\/secure.gravatar.com\/avatar\/df922c84b8af59ca3473fb2eb3240c22?s=96&d=mm&r=g\",\"caption\":\"Marlene L\u00f6sken\"},\"sameAs\":[\"http:\/\/www.polyas.de\"],\"url\":\"https:\/\/www.polyas.de\/blog\/author\/m-loesken\"}]}<\/script>\n<!-- \/ Yoast SEO plugin. -->","yoast_head_json":{"title":"#WahlNews: Wahlen in Polen, Guatemala und Referendum in Bulgarien","description":"News zu Wahlen weltweit jeden Montag frisch getippt: Keine Wahl mehr verpassen!","robots":{"index":"index","follow":"follow","max-snippet":"max-snippet:-1","max-image-preview":"max-image-preview:large","max-video-preview":"max-video-preview:-1"},"canonical":"https:\/\/www.polyas.de\/blog\/de\/online-wahlen\/wahlnews-rechtsruckreferendumkomiker","og_locale":"de_DE","og_type":"article","og_title":"#WahlNews: Wahlen in Polen, Guatemala und Referendum in Bulgarien","og_description":"News zu Wahlen weltweit jeden Montag frisch getippt: Keine Wahl mehr verpassen!","og_url":"https:\/\/www.polyas.de\/blog\/de\/online-wahlen\/wahlnews-rechtsruckreferendumkomiker","og_site_name":"POLYAS","article_published_time":"2015-10-26T11:17:48+00:00","article_modified_time":"2016-01-08T02:00:21+00:00","author":"Marlene L\u00f6sken","twitter_card":"summary_large_image","twitter_misc":{"Verfasst von":"Marlene L\u00f6sken","Gesch\u00e4tzte Lesezeit":"2 Minuten"},"schema":{"@context":"https:\/\/schema.org","@graph":[{"@type":"WebPage","@id":"https:\/\/www.polyas.de\/blog\/de\/online-wahlen\/wahlnews-rechtsruckreferendumkomiker","url":"https:\/\/www.polyas.de\/blog\/de\/online-wahlen\/wahlnews-rechtsruckreferendumkomiker","name":"#WahlNews: Wahlen in Polen, Guatemala und Referendum in Bulgarien","isPartOf":{"@id":"https:\/\/www.polyas.de\/blog\/#website"},"datePublished":"2015-10-26T11:17:48+00:00","dateModified":"2016-01-08T02:00:21+00:00","author":{"@id":"https:\/\/www.polyas.de\/blog\/#\/schema\/person\/ae76dfcf985d7e754ebdf8eeff7b4a84"},"description":"News zu Wahlen weltweit jeden Montag frisch getippt: Keine Wahl mehr verpassen!","breadcrumb":{"@id":"https:\/\/www.polyas.de\/blog\/de\/online-wahlen\/wahlnews-rechtsruckreferendumkomiker#breadcrumb"},"inLanguage":"de-DE","potentialAction":[{"@type":"ReadAction","target":["https:\/\/www.polyas.de\/blog\/de\/online-wahlen\/wahlnews-rechtsruckreferendumkomiker"]}]},{"@type":"BreadcrumbList","@id":"https:\/\/www.polyas.de\/blog\/de\/online-wahlen\/wahlnews-rechtsruckreferendumkomiker#breadcrumb","itemListElement":[{"@type":"ListItem","position":1,"name":"Startseite","item":"https:\/\/www.polyas.de\/blog\/de"},{"@type":"ListItem","position":2,"name":"#WahlNews: Rechtsruck, Referendum, Komiker"}]},{"@type":"WebSite","@id":"https:\/\/www.polyas.de\/blog\/#website","url":"https:\/\/www.polyas.de\/blog\/","name":"POLYAS","description":"the blog for secure online voting","potentialAction":[{"@type":"SearchAction","target":{"@type":"EntryPoint","urlTemplate":"https:\/\/www.polyas.de\/blog\/?s={search_term_string}"},"query-input":"required name=search_term_string"}],"inLanguage":"de-DE"},{"@type":"Person","@id":"https:\/\/www.polyas.de\/blog\/#\/schema\/person\/ae76dfcf985d7e754ebdf8eeff7b4a84","name":"Marlene L\u00f6sken","image":{"@type":"ImageObject","inLanguage":"de-DE","@id":"https:\/\/www.polyas.de\/blog\/#\/schema\/person\/image\/","url":"https:\/\/secure.gravatar.com\/avatar\/df922c84b8af59ca3473fb2eb3240c22?s=96&d=mm&r=g","contentUrl":"https:\/\/secure.gravatar.com\/avatar\/df922c84b8af59ca3473fb2eb3240c22?s=96&d=mm&r=g","caption":"Marlene L\u00f6sken"},"sameAs":["http:\/\/www.polyas.de"],"url":"https:\/\/www.polyas.de\/blog\/author\/m-loesken"}]}},"jetpack_featured_media_url":"","jetpack_publicize_connections":[],"jetpack_shortlink":"https:\/\/wp.me\/p72Pnr-lc","jetpack-related-posts":[{"id":6512,"url":"https:\/\/www.polyas.de\/blog\/de\/online-wahlen\/parlamentswahlen-ungarn","url_meta":{"origin":1314,"position":0},"title":"Parlamentswahlen in Ungarn mit \u00fcberraschend klarem Ergebnis","date":"09\/04\/2018","format":false,"excerpt":"Immer wieder sonntags \u2026 Auch an diesem Sonntag wurde in Europa gew\u00e4hlt: In Ungarn waren knapp acht Millionen Wahlberechtigte zu Parlamentswahlen aufgerufen. Obwohl Meinungsforschungsinstitute noch kurz vor der Wahl ein knappes Wahlergebnis vorausgesagt hatten, war die Entscheidung am Ende sehr deutlich: Viktor Orbans rechtsnationale Partei Fidesz gewann deutlich. Alles Wissenswerte\u2026","rel":"","context":"In &quot;Wahl News&quot;","img":{"alt_text":"Erfahren Sie alles Aktuelle \u00fcber die Parlamentswahl in der Ukraine","src":"https:\/\/i0.wp.com\/www.polyas.de\/blog\/wp-content\/uploads\/2016\/12\/Wahl-News-Schmal_810x280.png?resize=350%2C200&ssl=1","width":350,"height":200},"classes":[]},{"id":1554,"url":"https:\/\/www.polyas.de\/blog\/de\/online-wahlen\/wahlnews-rechts-herzlich-willkommen","url_meta":{"origin":1314,"position":1},"title":"WahlNews: RECHTs ger\u00fcckt","date":"07\/12\/2015","format":false,"excerpt":"07.12.15: Immer wieder sonntags. Wieder ist ein Sonntag rum und wieder entschied sich am traditionellen Wahltag die politische Aufstellung von L\u00e4ndern und\u00a0St\u00e4dten weltweit. \u00a0 #Venezuela Latein-Amerika beobachtete\u00a0am Wochenende mit Spannung die Parlamentswahlen in Venezuela. Denn seit 16 Jahren bestimmt der sozialistische Chavinismus die politische Landschaft des Landes. Pr\u00e4sident Nicol\u00e0s Maduro,\u2026","rel":"","context":"In &quot;Wahl News&quot;","img":{"alt_text":"","src":"","width":0,"height":0},"classes":[]},{"id":1430,"url":"https:\/\/www.polyas.de\/blog\/de\/online-wahlen\/wahlnews-wahlsieg-und-kopf-an-kopf-rennen","url_meta":{"origin":1314,"position":2},"title":"WahlNews: Wahlsieg und Kopf-an-Kopf-Rennen","date":"09\/11\/2015","format":false,"excerpt":"8.11.2015: Immer wieder sonntags. Wieder ist ein Sonntag rum und wieder entschied sich am traditionellen Wahltag die politische Aufstellung von L\u00e4ndern und\u00a0St\u00e4dten weltweit. \u00a0 #Myanmar Bis Sonntagabend rechnete die Nationale Liga f\u00fcr Demokratie noch mit 70 Prozent der Sitze in den ersten freien Wahlen seit 25 Jahren in Myanmar. Angef\u00fchrt\u2026","rel":"","context":"In &quot;Wahl News&quot;","img":{"alt_text":"","src":"https:\/\/i0.wp.com\/www.polyas.de\/blog\/wp-content\/uploads\/2015\/11\/Blogvorlagen_Wahlnews21.png?resize=350%2C200&ssl=1","width":350,"height":200},"classes":[]},{"id":6917,"url":"https:\/\/www.polyas.de\/blog\/de\/online-wahlen\/wahlen-2019","url_meta":{"origin":1314,"position":3},"title":"Wahlen 2019 &#8211; Ein Ausblick auf das kommende Wahljahr","date":"02\/01\/2019","format":false,"excerpt":"Welche Wahlen werden im kommenden Jahr besonders spannend und richtungsweisend? Das Wahljahr 2018 stand in Sachen \u00dcberraschungen dem Superwahljahr 2017 in Nichts nach. POLYAS blickt gespannt auf den Wahlkalender f\u00fcr 2019. Parlamentswahlen 2019 Der 26. Mai 2018 wird ein Superwahlsonntag Mit besonderer Spannung k\u00f6nnen die EU-Staaten im kommenden Wahljahr wohl\u2026","rel":"","context":"In &quot;Wahl News&quot;","img":{"alt_text":"","src":"https:\/\/i0.wp.com\/www.polyas.de\/blog\/wp-content\/uploads\/2018\/12\/Wahlen_2019-1.gif?resize=350%2C200&ssl=1","width":350,"height":200},"classes":[]},{"id":3753,"url":"https:\/\/www.polyas.de\/blog\/de\/online-wahlen\/wahlen-oesterreich-italien","url_meta":{"origin":1314,"position":4},"title":"Wahlnews: Ein durchwachsener Sonntag f\u00fcr die EU","date":"05\/12\/2016","format":false,"excerpt":"Immer wieder sonntags...\u00a0\u00a0Die Bundespr\u00e4sidentenwahl in \u00d6sterreich und das Verfassungsreferendum in Italien zogen\u00a0internationales\u00a0Interesse auf sich. In der Alpenrepublik hat Alexander Van der Bellen die Bundespr\u00e4sidentenwahl gewonnen und sich gegen den Kandidaten der rechten FP\u00d6, Nobert Hofer, durchgesetzt. In Italien scheiterte\u00a0der sozialdemokratische Ministerpr\u00e4sident Matteo Renzi mit seinem Referendum \u00fcber die Neugestaltung des\u2026","rel":"","context":"In &quot;Wahl News&quot;","img":{"alt_text":"In Spanien und der Schweiz wurde abgestimmt","src":"https:\/\/i0.wp.com\/www.polyas.de\/blog\/wp-content\/uploads\/2016\/03\/Wahl-News.png?resize=350%2C200&ssl=1","width":350,"height":200},"classes":[]},{"id":5855,"url":"https:\/\/www.polyas.de\/blog\/de\/online-wahlen\/parlamentswahl-tschechien","url_meta":{"origin":1314,"position":5},"title":"Tschechien: Milliard\u00e4r Andrej Babis gewinnt Parlamentswahl","date":"23\/10\/2017","format":false,"excerpt":"Immer wieder sonntags\u2026 Am Wochenende wurde in gleich zwei osteurop\u00e4ischen L\u00e4ndern gew\u00e4hlt: In Tschechien ging es um eine neue Regierung, in Slowenien um die Pr\u00e4sidentschaftswahl. Wer gewonnen hat erfahren Sie in unseren #WahlNews. Gro\u00dfe Ver\u00e4nderungen in Tschechien Bei der Parlamentswahl in Tschechien gewann die rechtspopulistische ANO. Ihr Anf\u00fchrer, der Milliard\u00e4r\u2026","rel":"","context":"In &quot;Wahl News&quot;","img":{"alt_text":"Erfahren Sie alles Aktuelle \u00fcber die Parlamentswahl in der Ukraine","src":"https:\/\/i0.wp.com\/www.polyas.de\/blog\/wp-content\/uploads\/2016\/12\/Wahl-News-Schmal_810x280.png?resize=350%2C200&ssl=1","width":350,"height":200},"classes":[]}],"_links":{"self":[{"href":"https:\/\/www.polyas.de\/blog\/wp-json\/wp\/v2\/posts\/1314"}],"collection":[{"href":"https:\/\/www.polyas.de\/blog\/wp-json\/wp\/v2\/posts"}],"about":[{"href":"https:\/\/www.polyas.de\/blog\/wp-json\/wp\/v2\/types\/post"}],"author":[{"embeddable":true,"href":"https:\/\/www.polyas.de\/blog\/wp-json\/wp\/v2\/users\/119"}],"replies":[{"embeddable":true,"href":"https:\/\/www.polyas.de\/blog\/wp-json\/wp\/v2\/comments?post=1314"}],"version-history":[{"count":10,"href":"https:\/\/www.polyas.de\/blog\/wp-json\/wp\/v2\/posts\/1314\/revisions"}],"predecessor-version":[{"id":1783,"href":"https:\/\/www.polyas.de\/blog\/wp-json\/wp\/v2\/posts\/1314\/revisions\/1783"}],"wp:attachment":[{"href":"https:\/\/www.polyas.de\/blog\/wp-json\/wp\/v2\/media?parent=1314"}],"wp:term":[{"taxonomy":"category","embeddable":true,"href":"https:\/\/www.polyas.de\/blog\/wp-json\/wp\/v2\/categories?post=1314"},{"taxonomy":"post_tag","embeddable":true,"href":"https:\/\/www.polyas.de\/blog\/wp-json\/wp\/v2\/tags?post=1314"}],"curies":[{"name":"wp","href":"https:\/\/api.w.org\/{rel}","templated":true}]}}