{"id":11418,"date":"2023-02-03T15:11:35","date_gmt":"2023-02-03T14:11:35","guid":{"rendered":"https:\/\/www.polyas.de\/blog\/?p=11418"},"modified":"2023-02-28T16:37:11","modified_gmt":"2023-02-28T15:37:11","slug":"wahlalter-16-debatte","status":"publish","type":"post","link":"https:\/\/www.polyas.de\/blog\/de\/online-wahlen\/wahlalter-16-debatte","title":{"rendered":"Wahlalter 16: \u00dcber die Debatte in Deutschland und Wahlvoraussetzungen in anderen L\u00e4ndern"},"content":{"rendered":"<p>Kurz vor dem Jahreswechsel 2022\/2023 war es Thema im Deutschen Bundestag: Soll bei Bundestagswahlen das Wahlalter auf 16 Jahre gesenkt werden? Bundestagspr\u00e4sidentin B\u00e4rbel Bas (SPD) findet ja, da auch bei Kommunal- und Landtagswahlen sowie der Europawahl schon mit 16 gew\u00e4hlt werden kann.<\/p>\n<p>Unterschiede in Bezug auf das Wahlalter gibt es jedoch weltweit. Lesen Sie hier, welche anderen Kriterien f\u00fcr das Wahlrecht im Ausland bestehen und wo es sogar eine Wahlpflicht gibt.<\/p>\n<p><!--more--><\/p>\n<h2><strong>Debatte in Deutschland: Wahlalter 16<\/strong><\/h2>\n<p>Personen, die bereits im jungen Alter w\u00e4hlen d\u00fcrften, gingen sp\u00e4ter in ihrem Leben eher zur Wahl als jene, die dies nicht d\u00fcrften \u2013 <span style=\"color: #43b494;\"><a style=\"color: #43b494;\" href=\"https:\/\/www.spiegel.de\/politik\/deutschland\/bundestag-baerbel-bas-spricht-sich-fuer-laengere-legislaturperiode-aus-a-a0572fba-5598-4875-af9c-fb8fd6b1b45a\">diese Meinung vertritt jedenfalls Bundestagspr\u00e4sidentin B\u00e4rbel Bas.<\/a><\/span> Die Unterschiede beim Wahlalter auf kommunaler, Landes- und Bundesebene in Deutschland und auch Europa seien f\u00fcr B\u00fcrger:innen nicht nachvollziehbar, so die Politikerin. Deshalb sprach sie sich am Jahresende 2022 daf\u00fcr aus, das Wahlalter 16 bei Bundestagswahlen einzuf\u00fchren.<\/p>\n<p><a href=\"https:\/\/www.polyas.de\/blog\/wp-content\/uploads\/2023\/01\/Wahlalter_16_Deutschland-1.png\"><img data-attachment-id=\"11421\" data-permalink=\"https:\/\/www.polyas.de\/blog\/de\/online-wahlen\/wahlalter-16-debatte\/attachment\/wahlalter_16_deutschland-2\" data-orig-file=\"https:\/\/www.polyas.de\/blog\/wp-content\/uploads\/2023\/01\/Wahlalter_16_Deutschland-1.png\" data-orig-size=\"540,540\" data-comments-opened=\"1\" data-image-meta=\"{&quot;aperture&quot;:&quot;0&quot;,&quot;credit&quot;:&quot;&quot;,&quot;camera&quot;:&quot;&quot;,&quot;caption&quot;:&quot;&quot;,&quot;created_timestamp&quot;:&quot;0&quot;,&quot;copyright&quot;:&quot;&quot;,&quot;focal_length&quot;:&quot;0&quot;,&quot;iso&quot;:&quot;0&quot;,&quot;shutter_speed&quot;:&quot;0&quot;,&quot;title&quot;:&quot;&quot;,&quot;orientation&quot;:&quot;0&quot;}\" data-image-title=\"Wahlalter_16_Deutschland\" data-image-description=\"&lt;p&gt;Wahlalter 16 in Deutschland&lt;\/p&gt;\n\" data-image-caption=\"\" data-medium-file=\"https:\/\/www.polyas.de\/blog\/wp-content\/uploads\/2023\/01\/Wahlalter_16_Deutschland-1-300x300.png\" data-large-file=\"https:\/\/www.polyas.de\/blog\/wp-content\/uploads\/2023\/01\/Wahlalter_16_Deutschland-1.png\" loading=\"lazy\" class=\"size-medium wp-image-11421 alignright\" src=\"https:\/\/www.polyas.de\/blog\/wp-content\/uploads\/2023\/01\/Wahlalter_16_Deutschland-1-300x300.png\" alt=\"Wahlalter 16 in Deutschland\" width=\"300\" height=\"300\" srcset=\"https:\/\/www.polyas.de\/blog\/wp-content\/uploads\/2023\/01\/Wahlalter_16_Deutschland-1-300x300.png 300w, https:\/\/www.polyas.de\/blog\/wp-content\/uploads\/2023\/01\/Wahlalter_16_Deutschland-1-150x150.png 150w, https:\/\/www.polyas.de\/blog\/wp-content\/uploads\/2023\/01\/Wahlalter_16_Deutschland-1-500x500.png 500w, https:\/\/www.polyas.de\/blog\/wp-content\/uploads\/2023\/01\/Wahlalter_16_Deutschland-1.png 540w\" sizes=\"(max-width: 300px) 100vw, 300px\" \/><\/a><\/p>\n<p><span style=\"color: #43b494;\"><a style=\"color: #43b494;\" href=\"https:\/\/www.bundestag.de\/dokumente\/textarchiv\/2022\/kw45-de-europawahlgesetz-917458\">Erst im November 2022 wurde das Wahlrecht bei Wahlen zum Europ\u00e4ischen Parlament auf 16 Jahre abgesenkt.<\/a><\/span> Diese Entscheidung und die schon lange w\u00e4hrende Debatte d\u00fcrften Anlass daf\u00fcr sein, die Unterschiede in Deutschland langfristig anzugleichen.<\/p>\n<p>Auf kommunaler Ebene d\u00fcrfen junge Deutsche nur im Saarland, in Rheinland-Pfalz, Hessen, Bayern und Sachsen nicht mit 16 Jahren w\u00e4hlen. Auf Landesebene sind es hingegen nur Brandenburg, Bremen, Hamburg und Schleswig-Holstein, die dies \u00fcberhaupt erm\u00f6glichen.<\/p>\n<h3><span style=\"color: #43b494;\"><a style=\"color: #43b494;\" href=\"https:\/\/www.polyas.de\/blog\/de\/wahlbeteiligung-steigern\/wahlalter-senken-pro-contra\">Auch wir haben uns bereits mit den Vor- und Nachteilen des Wahlalters 16 auseinandergesetzt &gt;<\/a><\/span><\/h3>\n<p><\/p>\n<h2><strong>Wahlalter international<\/strong><\/h2>\n<p>Weltweit liegt das Wahlalter meist zwischen 18 und 20 Jahren. Das wohl niedrigste Wahlalter hatte bis ins Jahr 2007 der Iran: W\u00e4hlen mit nur 15 Jahren war dort m\u00f6glich. <span style=\"color: #43b494;\"><a style=\"color: #43b494;\" href=\"https:\/\/www.derstandard.at\/story\/2713159\/parlament-setzt-wahlalter-von-15-auf-18-jahre-herauf\">Vor den Parlamentswahlen 2008 entschied man in Teheran, das Wahlalter auf 18 hochzusetzen<\/a><\/span>, da j\u00fcngere Jugendliche noch nicht reif genug f\u00fcr die politische Meinungsbildung seien.<\/p>\n<p><a href=\"https:\/\/www.kommunalwahl-bw.de\/wahlalter\"><span style=\"color: #43b494;\">In vielen lateinamerikanischen Staaten wie Brasilien, Ecuador, Nicaragua, Argentinien und Kuba ist das Wahlalter 16 jedoch Standard<\/span><\/a>. Einige afrikanische Staaten wie der Sudan oder die Seychellen sowie das asiatische Osttimor gehen den weniger konventionellen Weg und erm\u00f6glichen das W\u00e4hlen ab 17.<\/p>\n<p>In \u00d6sterreich ist das W\u00e4hlen sogar auf Bundes-, Landes- und kommunaler Ebene ab 16 erlaubt. <span style=\"color: #43b494;\"><a style=\"color: #43b494;\" href=\"https:\/\/www.kommunalwahl-bw.de\/wahlalter\">Das Land hat hiermit \u00fcberwiegend positive Erfahrungen gemacht<\/a><\/span>, merkt aber auch, dass gerade bei jungen W\u00e4hler:innen die politische Bildung und Aufkl\u00e4rung insbesondere in Schulen entscheidend ist.<\/p>\n<p>Im Vatikan ist das Wahlalter nach oben hin begrenzt, <span style=\"color: #43b494;\"><a style=\"color: #43b494;\" href=\"https:\/\/www.bpb.de\/kurz-knapp\/lexika\/kosmos-weltalmanach\/65828\/vatikanstadt\/\">hier d\u00fcrfen Kardin\u00e4le bei Papstwahlen nur bis sie 80 sind w\u00e4hlen.<\/a><\/span> Besonders hoch liegt das Wahlalter auf den Fidschis, in Gabun, Malaysia oder den Malediven mit 21 Jahren sowie bei Senatswahlen in Italien, wo man erst mit 25 Jahren abstimmen darf.<\/p>\n<p><\/p>\n<h2><strong>Wahlrecht weltweit: Soziale Einfl\u00fcsse<\/strong><strong>&nbsp;<\/strong><\/h2>\n<p>In vielen L\u00e4ndern der Erde ist jedoch nicht ausschlie\u00dflich das Alter ausschlaggebend daf\u00fcr, ob man das Recht hat, zu w\u00e4hlen. Hier z\u00e4hlt vielmehr der soziale Status oder die eigene Bildung:<\/p>\n<h3><strong>Verheiratete w\u00e4hlen fr\u00fcher<\/strong><\/h3>\n<p>Wer in Mexiko oder Indonesien jung verheiratet ist, darf fr\u00fcher w\u00e4hlen. So d\u00fcrfen Verm\u00e4hlte in Mexiko <span style=\"color: #43b494;\"><a style=\"color: #43b494;\" href=\"https:\/\/www.bpb.de\/themen\/mittel-suedamerika\/lateinamerika\/44804\/zahlen-und-fakten\/\">bereits mit 16 statt erst mit 18 w\u00e4hlen gehen. <\/a><\/span><\/p>\n<p><a href=\"https:\/\/www.polyas.de\/blog\/wp-content\/uploads\/2023\/01\/Wahlrecht_weltweit.png\"><img data-attachment-id=\"11422\" data-permalink=\"https:\/\/www.polyas.de\/blog\/de\/online-wahlen\/wahlalter-16-debatte\/attachment\/wahlrecht_weltweit\" data-orig-file=\"https:\/\/www.polyas.de\/blog\/wp-content\/uploads\/2023\/01\/Wahlrecht_weltweit.png\" data-orig-size=\"540,540\" data-comments-opened=\"1\" data-image-meta=\"{&quot;aperture&quot;:&quot;0&quot;,&quot;credit&quot;:&quot;&quot;,&quot;camera&quot;:&quot;&quot;,&quot;caption&quot;:&quot;&quot;,&quot;created_timestamp&quot;:&quot;0&quot;,&quot;copyright&quot;:&quot;&quot;,&quot;focal_length&quot;:&quot;0&quot;,&quot;iso&quot;:&quot;0&quot;,&quot;shutter_speed&quot;:&quot;0&quot;,&quot;title&quot;:&quot;&quot;,&quot;orientation&quot;:&quot;0&quot;}\" data-image-title=\"Wahlrecht_weltweit\" data-image-description=\"&lt;p&gt;Wahlrecht weltweit&lt;\/p&gt;\n\" data-image-caption=\"\" data-medium-file=\"https:\/\/www.polyas.de\/blog\/wp-content\/uploads\/2023\/01\/Wahlrecht_weltweit-300x300.png\" data-large-file=\"https:\/\/www.polyas.de\/blog\/wp-content\/uploads\/2023\/01\/Wahlrecht_weltweit.png\" loading=\"lazy\" class=\"wp-image-11422 alignleft\" src=\"https:\/\/www.polyas.de\/blog\/wp-content\/uploads\/2023\/01\/Wahlrecht_weltweit-300x300.png\" alt=\"Wahlrecht weltweit\" width=\"290\" height=\"290\" srcset=\"https:\/\/www.polyas.de\/blog\/wp-content\/uploads\/2023\/01\/Wahlrecht_weltweit-300x300.png 300w, https:\/\/www.polyas.de\/blog\/wp-content\/uploads\/2023\/01\/Wahlrecht_weltweit-150x150.png 150w, https:\/\/www.polyas.de\/blog\/wp-content\/uploads\/2023\/01\/Wahlrecht_weltweit-500x500.png 500w, https:\/\/www.polyas.de\/blog\/wp-content\/uploads\/2023\/01\/Wahlrecht_weltweit.png 540w\" sizes=\"(max-width: 290px) 100vw, 290px\" \/><\/a><\/p>\n<p><\/p>\n<p><a href=\"https:\/\/www.lexas.de\/suedostasien\/Indonesien\/index.aspx\"><span style=\"color: #43b494;\">In Indonesien d\u00fcrfen Verheiratete jeden Alters w\u00e4hlen<\/span><\/a>, egal wie jung sie sind. Das allgemeine Wahlalter liegt hier bei 17. <span style=\"color: #43b494;\"><a style=\"color: #43b494;\" href=\"https:\/\/www.rnd.de\/panorama\/in-indonesien-durfen-frauen-jetzt-erst-ab-19-jahren-heiraten-VJRHAZHV73BSRZ6EYUQWKJAMEM.html#:~:text=Im%20Kampf%20gegen%20Kinderehen%20hat,mit%2019%20Jahren%20als%20ehem%C3%BCndig.\">Da das Mindestalter f\u00fcrs Heiraten in Indonesien 2019 allerdings auf 19 Jahre heraufgesetzt wurde<\/a><\/span>, greift die Regelung des W\u00e4hlens unter 17 bei Verheirateten nicht mehr.<\/p>\n<p><\/p>\n<h3><strong>Bildung als Voraussetzung<\/strong><\/h3>\n<p>Im Libanon ist das Recht zu w\u00e4hlen zumindest beim weiblichen Teil der Bev\u00f6lkerung an den Bildungsstand gekn\u00fcpft. <span style=\"color: #43b494;\"><a style=\"color: #43b494;\" href=\"https:\/\/de.wikipedia.org\/wiki\/Libanon#Politik\">Frauen ab 21 Jahren m\u00fcssen nachweisen, dass sie die Grundschulbildung besitzen<\/a><\/span>. M\u00e4nner hingegen m\u00fcssen dies nicht tun, sie haben sogar die Pflicht, w\u00e4hlen zu gehen.<\/p>\n<h3><strong>Beruf entscheidet \u00fcber Wahlrecht<\/strong><\/h3>\n<p><a href=\"https:\/\/www.laenderdaten.de\/staat\/wahlrecht.aspx\"><span style=\"color: #43b494;\">Armeeangeh\u00f6rige in Guatemala sowie Milit\u00e4r- oder Sicherheitskr\u00e4fte im Oman haben aufgrund ihrer Berufswahl kein Recht zu w\u00e4hlen<\/span><\/a>. Dies ist auch in anderen L\u00e4ndern wie Kuwait oder dem Libanon Praxis.<\/p>\n<p>Auf dem Balkan, in Kroatien, Bosnien und Herzegowina oder Slowenien, ist ein fr\u00fcher Weg in die Berufst\u00e4tigkeit von Vorteil. Hier d\u00fcrfen junge Berufst\u00e4tige bereits mit 16 Jahren statt wie \u00fcblich erst mit 18 ihre Stimme abgeben.<\/p>\n<p><\/p>\n<h2><strong>Strafen f\u00fcrs Nicht-W\u00e4hlen: Wahlpflicht weltweit<\/strong><\/h2>\n<p>Neben dem Recht aufs W\u00e4hlen gibt es in vielen L\u00e4ndern der Erde auch eine Wahlpflicht. <span style=\"color: #43b494;\"><a style=\"color: #43b494;\" href=\"https:\/\/de.wikipedia.org\/wiki\/Wahlpflicht\">Diese steht in L\u00e4ndern wie Argentinien, Italien oder Belgien im Gesetz, es wird aber in der Regel keine Strafe bei Nichtteilnahme verh\u00e4ngt.<\/a><\/span> Anders ist das in L\u00e4ndern wie Uruguay, Ecuador oder Peru. Hier m\u00fcssen B\u00fcrger:innen, die nicht gew\u00e4hlt haben, eine Geldstrafe zahlen. In Brasilien wird, wenn man keine konkrete Begr\u00fcndung hat, warum man der Wahl fernbleibt, ebenfalls eine Geldstrafe f\u00e4llig. Diese Geldstrafe muss zwingend entrichtet werden, um den eigenen Wahlstatus wiederherzustellen. Zahlt man nicht, kann man wichtige Dokumente, die f\u00fcr die Arbeitssuche, das Er\u00f6ffnen eines Kontos oder das Reisen notwendig sind, nicht mehr beantragen. Wer dreimalig nicht w\u00e4hlt, bekommt das Wahlrecht entzogen.<\/p>\n<p><a href=\"https:\/\/www.polyas.de\/blog\/wp-content\/uploads\/2023\/01\/Wahlpflicht_Ausland.png\"><img data-attachment-id=\"11423\" data-permalink=\"https:\/\/www.polyas.de\/blog\/de\/online-wahlen\/wahlalter-16-debatte\/attachment\/wahlpflicht_ausland\" data-orig-file=\"https:\/\/www.polyas.de\/blog\/wp-content\/uploads\/2023\/01\/Wahlpflicht_Ausland.png\" data-orig-size=\"540,540\" data-comments-opened=\"1\" data-image-meta=\"{&quot;aperture&quot;:&quot;0&quot;,&quot;credit&quot;:&quot;&quot;,&quot;camera&quot;:&quot;&quot;,&quot;caption&quot;:&quot;&quot;,&quot;created_timestamp&quot;:&quot;0&quot;,&quot;copyright&quot;:&quot;&quot;,&quot;focal_length&quot;:&quot;0&quot;,&quot;iso&quot;:&quot;0&quot;,&quot;shutter_speed&quot;:&quot;0&quot;,&quot;title&quot;:&quot;&quot;,&quot;orientation&quot;:&quot;0&quot;}\" data-image-title=\"Wahlpflicht_Ausland\" data-image-description=\"&lt;p&gt;Wahlpflicht im Ausland&lt;\/p&gt;\n\" data-image-caption=\"\" data-medium-file=\"https:\/\/www.polyas.de\/blog\/wp-content\/uploads\/2023\/01\/Wahlpflicht_Ausland-300x300.png\" data-large-file=\"https:\/\/www.polyas.de\/blog\/wp-content\/uploads\/2023\/01\/Wahlpflicht_Ausland.png\" loading=\"lazy\" class=\"size-medium wp-image-11423 alignright\" src=\"https:\/\/www.polyas.de\/blog\/wp-content\/uploads\/2023\/01\/Wahlpflicht_Ausland-300x300.png\" alt=\"Wahlpflicht im Ausland\" width=\"300\" height=\"300\" srcset=\"https:\/\/www.polyas.de\/blog\/wp-content\/uploads\/2023\/01\/Wahlpflicht_Ausland-300x300.png 300w, https:\/\/www.polyas.de\/blog\/wp-content\/uploads\/2023\/01\/Wahlpflicht_Ausland-150x150.png 150w, https:\/\/www.polyas.de\/blog\/wp-content\/uploads\/2023\/01\/Wahlpflicht_Ausland-500x500.png 500w, https:\/\/www.polyas.de\/blog\/wp-content\/uploads\/2023\/01\/Wahlpflicht_Ausland.png 540w\" sizes=\"(max-width: 300px) 100vw, 300px\" \/><\/a><\/p>\n<p>Auch in Bolivien werden Nicht-W\u00e4hler:innen hart bestraft: Neben einer Geldbu\u00dfe von 150 Bolivianos, was etwa 20,50 \u20ac entspricht, kann der Personalausweis eingezogen oder das Bankkonto gesperrt werden.<\/p>\n<p>In \u00c4gypten, Australien oder auf den Fidschi-Inseln kann man Wahlverdrossenheit sogar mit einer Nacht hinter Gittern s\u00fchnen. In Australien geht die Wahlpflicht unter anderem auf den Ersten Weltkrieg und die hohe Anzahl an gefallenen Australier:innen zur\u00fcck. Seit der Einf\u00fchrung ist die Wahlbeteiligung hier sehr hoch.<\/p>\n<h3><span style=\"color: #43b494;\"><a style=\"color: #43b494;\" href=\"https:\/\/www.polyas.de\/blog\/de\/wahlbeteiligung-steigern\/wahlpflicht-ausland\">Mehr zur Wahlpflicht im Ausland lesen Sie hier &gt;<\/a><\/span><\/h3>\n<p><\/p>\n<h2><strong>Wahlpflicht in Deutschland?<\/strong><\/h2>\n<p><span style=\"color: #43b494;\"><a style=\"color: #43b494;\" href=\"https:\/\/rp-online.de\/politik\/deutschland\/wahlpflicht-warum-eigentlich-nicht_aid-16511495\">Auch in Deutschland wurde \u00fcber eine Wahlpflicht und ein damit verbundenes m\u00f6gliches Bu\u00dfgeld diskutiert<\/a><\/span>. SPD-Abgeordneter J\u00f6rn Thie\u00dfen schlug nach den f\u00fcr seine Partei schlechten Ergebnissen bei der Europawahl 2009 die Einf\u00fchrung einer solchen Regelung vor. Er erhoffte sich hiermit, wie dies auch in anderen L\u00e4ndern der Erde mit Wahlpflicht der Fall ist, eine hohe Wahlbeteiligung. Auch Politiker:innen seien verpflichtet, im Parlament abzustimmen, so Thie\u00dfen und dies k\u00f6nne man ebenso von W\u00e4hler:innen verlangen. 50 \u20ac solle jede:r Bundesb\u00fcrger:in zahlen, der:die nicht w\u00e4hlen geht. Der Vorschlag stie\u00df allgemein auf wenig Begeisterung und wurde schlussendlich nicht in die Tat umgesetzt.<\/p>\n<h3><span style=\"color: #43b494;\"><a style=\"color: #43b494;\" href=\"https:\/\/www.polyas.de\/blog\/de\/wahlbeteiligung-steigern\/wahlpflicht-pro-contra-2\">Welche Vorteile aber auch Nachteile die Wahlpflicht mit sich bringt, erfahren Sie hier &gt;<\/a><\/span><\/h3>\n<p><\/p>\n\n","protected":false},"excerpt":{"rendered":"<p>Kurz vor dem Jahreswechsel 2022\/2023 war es Thema im Deutschen Bundestag: Soll bei Bundestagswahlen das Wahlalter auf 16 Jahre gesenkt werden? Bundestagspr\u00e4sidentin B\u00e4rbel Bas (SPD) findet ja, da auch bei Kommunal- und Landtagswahlen sowie der Europawahl schon mit 16 gew\u00e4hlt werden kann. Unterschiede in Bezug auf das Wahlalter gibt es jedoch weltweit. Lesen Sie hier, [&hellip;]<\/p>\n","protected":false},"author":282,"featured_media":11434,"comment_status":"open","ping_status":"open","sticky":false,"template":"","format":"standard","meta":{"_eb_attr":"","ub_ctt_via":"","spay_email":"","jetpack_publicize_message":"","jetpack_is_tweetstorm":false,"jetpack_publicize_feature_enabled":true},"categories":[2,8],"tags":[319,917,315],"featured_image_src":"https:\/\/www.polyas.de\/blog\/wp-content\/uploads\/2023\/01\/Wahlalter-16-Deutschland-weltweit.png","author_info":{"display_name":"Laura Rogler","author_link":"https:\/\/www.polyas.de\/blog\/author\/laura-henning"},"yoast_head":"<!-- This site is optimized with the Yoast SEO plugin v19.9 - https:\/\/yoast.com\/wordpress\/plugins\/seo\/ -->\n<title>Wahlalter 16: \u00dcber die Debatte in Deutschland und Wahlvoraussetzungen in anderen L\u00e4ndern - POLYAS<\/title>\n<meta name=\"description\" content=\"Sollte das Wahlalter in Deutschland auf 16 gesenkt werden? Und wie ist das Wahlrecht in anderen L\u00e4ndern geregelt? Informieren Sie sich jetzt!\" \/>\n<meta name=\"robots\" content=\"index, follow, max-snippet:-1, max-image-preview:large, max-video-preview:-1\" \/>\n<link rel=\"canonical\" href=\"https:\/\/www.polyas.de\/blog\/de\/online-wahlen\/wahlalter-16-debatte\" \/>\n<meta property=\"og:locale\" content=\"de_DE\" \/>\n<meta property=\"og:type\" content=\"article\" \/>\n<meta property=\"og:title\" content=\"Wahlalter 16: \u00dcber die Debatte in Deutschland und Wahlvoraussetzungen in anderen L\u00e4ndern - POLYAS\" \/>\n<meta property=\"og:description\" content=\"Sollte das Wahlalter in Deutschland auf 16 gesenkt werden? Und wie ist das Wahlrecht in anderen L\u00e4ndern geregelt? Informieren Sie sich jetzt!\" \/>\n<meta property=\"og:url\" content=\"https:\/\/www.polyas.de\/blog\/de\/online-wahlen\/wahlalter-16-debatte\" \/>\n<meta property=\"og:site_name\" content=\"POLYAS\" \/>\n<meta property=\"article:published_time\" content=\"2023-02-03T14:11:35+00:00\" \/>\n<meta property=\"article:modified_time\" content=\"2023-02-28T15:37:11+00:00\" \/>\n<meta property=\"og:image\" content=\"https:\/\/www.polyas.de\/blog\/wp-content\/uploads\/2023\/01\/Wahlalter-16-Deutschland-weltweit.png\" \/>\n\t<meta property=\"og:image:width\" content=\"860\" \/>\n\t<meta property=\"og:image:height\" content=\"200\" \/>\n\t<meta property=\"og:image:type\" content=\"image\/png\" \/>\n<meta name=\"author\" content=\"Laura Rogler\" \/>\n<meta name=\"twitter:card\" content=\"summary_large_image\" \/>\n<meta name=\"twitter:label1\" content=\"Verfasst von\" \/>\n\t<meta name=\"twitter:data1\" content=\"Laura Rogler\" \/>\n\t<meta name=\"twitter:label2\" content=\"Gesch\u00e4tzte Lesezeit\" \/>\n\t<meta name=\"twitter:data2\" content=\"6 Minuten\" \/>\n<script type=\"application\/ld+json\" class=\"yoast-schema-graph\">{\"@context\":\"https:\/\/schema.org\",\"@graph\":[{\"@type\":\"WebPage\",\"@id\":\"https:\/\/www.polyas.de\/blog\/de\/online-wahlen\/wahlalter-16-debatte\",\"url\":\"https:\/\/www.polyas.de\/blog\/de\/online-wahlen\/wahlalter-16-debatte\",\"name\":\"Wahlalter 16: \u00dcber die Debatte in Deutschland und Wahlvoraussetzungen in anderen L\u00e4ndern - POLYAS\",\"isPartOf\":{\"@id\":\"https:\/\/www.polyas.de\/blog\/#website\"},\"datePublished\":\"2023-02-03T14:11:35+00:00\",\"dateModified\":\"2023-02-28T15:37:11+00:00\",\"author\":{\"@id\":\"https:\/\/www.polyas.de\/blog\/#\/schema\/person\/09a2bee8bba77711e8ddef4b3f0f283f\"},\"description\":\"Sollte das Wahlalter in Deutschland auf 16 gesenkt werden? Und wie ist das Wahlrecht in anderen L\u00e4ndern geregelt? Informieren Sie sich jetzt!\",\"breadcrumb\":{\"@id\":\"https:\/\/www.polyas.de\/blog\/de\/online-wahlen\/wahlalter-16-debatte#breadcrumb\"},\"inLanguage\":\"de-DE\",\"potentialAction\":[{\"@type\":\"ReadAction\",\"target\":[\"https:\/\/www.polyas.de\/blog\/de\/online-wahlen\/wahlalter-16-debatte\"]}]},{\"@type\":\"BreadcrumbList\",\"@id\":\"https:\/\/www.polyas.de\/blog\/de\/online-wahlen\/wahlalter-16-debatte#breadcrumb\",\"itemListElement\":[{\"@type\":\"ListItem\",\"position\":1,\"name\":\"Startseite\",\"item\":\"https:\/\/www.polyas.de\/blog\/de\"},{\"@type\":\"ListItem\",\"position\":2,\"name\":\"Wahlalter 16: \u00dcber die Debatte in Deutschland und Wahlvoraussetzungen in anderen L\u00e4ndern\"}]},{\"@type\":\"WebSite\",\"@id\":\"https:\/\/www.polyas.de\/blog\/#website\",\"url\":\"https:\/\/www.polyas.de\/blog\/\",\"name\":\"POLYAS\",\"description\":\"the blog for secure online voting\",\"potentialAction\":[{\"@type\":\"SearchAction\",\"target\":{\"@type\":\"EntryPoint\",\"urlTemplate\":\"https:\/\/www.polyas.de\/blog\/?s={search_term_string}\"},\"query-input\":\"required name=search_term_string\"}],\"inLanguage\":\"de-DE\"},{\"@type\":\"Person\",\"@id\":\"https:\/\/www.polyas.de\/blog\/#\/schema\/person\/09a2bee8bba77711e8ddef4b3f0f283f\",\"name\":\"Laura Rogler\",\"image\":{\"@type\":\"ImageObject\",\"inLanguage\":\"de-DE\",\"@id\":\"https:\/\/www.polyas.de\/blog\/#\/schema\/person\/image\/\",\"url\":\"https:\/\/www.polyas.de\/blog\/wp-content\/uploads\/2021\/04\/Laura_Henning--96x96.jpeg\",\"contentUrl\":\"https:\/\/www.polyas.de\/blog\/wp-content\/uploads\/2021\/04\/Laura_Henning--96x96.jpeg\",\"caption\":\"Laura Rogler\"},\"sameAs\":[\"https:\/\/www.polyas.de\/blog\"],\"url\":\"https:\/\/www.polyas.de\/blog\/author\/laura-henning\"}]}<\/script>\n<!-- \/ Yoast SEO plugin. -->","yoast_head_json":{"title":"Wahlalter 16: \u00dcber die Debatte in Deutschland und Wahlvoraussetzungen in anderen L\u00e4ndern - POLYAS","description":"Sollte das Wahlalter in Deutschland auf 16 gesenkt werden? Und wie ist das Wahlrecht in anderen L\u00e4ndern geregelt? Informieren Sie sich jetzt!","robots":{"index":"index","follow":"follow","max-snippet":"max-snippet:-1","max-image-preview":"max-image-preview:large","max-video-preview":"max-video-preview:-1"},"canonical":"https:\/\/www.polyas.de\/blog\/de\/online-wahlen\/wahlalter-16-debatte","og_locale":"de_DE","og_type":"article","og_title":"Wahlalter 16: \u00dcber die Debatte in Deutschland und Wahlvoraussetzungen in anderen L\u00e4ndern - POLYAS","og_description":"Sollte das Wahlalter in Deutschland auf 16 gesenkt werden? Und wie ist das Wahlrecht in anderen L\u00e4ndern geregelt? Informieren Sie sich jetzt!","og_url":"https:\/\/www.polyas.de\/blog\/de\/online-wahlen\/wahlalter-16-debatte","og_site_name":"POLYAS","article_published_time":"2023-02-03T14:11:35+00:00","article_modified_time":"2023-02-28T15:37:11+00:00","og_image":[{"width":860,"height":200,"url":"https:\/\/www.polyas.de\/blog\/wp-content\/uploads\/2023\/01\/Wahlalter-16-Deutschland-weltweit.png","type":"image\/png"}],"author":"Laura Rogler","twitter_card":"summary_large_image","twitter_misc":{"Verfasst von":"Laura Rogler","Gesch\u00e4tzte Lesezeit":"6 Minuten"},"schema":{"@context":"https:\/\/schema.org","@graph":[{"@type":"WebPage","@id":"https:\/\/www.polyas.de\/blog\/de\/online-wahlen\/wahlalter-16-debatte","url":"https:\/\/www.polyas.de\/blog\/de\/online-wahlen\/wahlalter-16-debatte","name":"Wahlalter 16: \u00dcber die Debatte in Deutschland und Wahlvoraussetzungen in anderen L\u00e4ndern - POLYAS","isPartOf":{"@id":"https:\/\/www.polyas.de\/blog\/#website"},"datePublished":"2023-02-03T14:11:35+00:00","dateModified":"2023-02-28T15:37:11+00:00","author":{"@id":"https:\/\/www.polyas.de\/blog\/#\/schema\/person\/09a2bee8bba77711e8ddef4b3f0f283f"},"description":"Sollte das Wahlalter in Deutschland auf 16 gesenkt werden? Und wie ist das Wahlrecht in anderen L\u00e4ndern geregelt? Informieren Sie sich jetzt!","breadcrumb":{"@id":"https:\/\/www.polyas.de\/blog\/de\/online-wahlen\/wahlalter-16-debatte#breadcrumb"},"inLanguage":"de-DE","potentialAction":[{"@type":"ReadAction","target":["https:\/\/www.polyas.de\/blog\/de\/online-wahlen\/wahlalter-16-debatte"]}]},{"@type":"BreadcrumbList","@id":"https:\/\/www.polyas.de\/blog\/de\/online-wahlen\/wahlalter-16-debatte#breadcrumb","itemListElement":[{"@type":"ListItem","position":1,"name":"Startseite","item":"https:\/\/www.polyas.de\/blog\/de"},{"@type":"ListItem","position":2,"name":"Wahlalter 16: \u00dcber die Debatte in Deutschland und Wahlvoraussetzungen in anderen L\u00e4ndern"}]},{"@type":"WebSite","@id":"https:\/\/www.polyas.de\/blog\/#website","url":"https:\/\/www.polyas.de\/blog\/","name":"POLYAS","description":"the blog for secure online voting","potentialAction":[{"@type":"SearchAction","target":{"@type":"EntryPoint","urlTemplate":"https:\/\/www.polyas.de\/blog\/?s={search_term_string}"},"query-input":"required name=search_term_string"}],"inLanguage":"de-DE"},{"@type":"Person","@id":"https:\/\/www.polyas.de\/blog\/#\/schema\/person\/09a2bee8bba77711e8ddef4b3f0f283f","name":"Laura Rogler","image":{"@type":"ImageObject","inLanguage":"de-DE","@id":"https:\/\/www.polyas.de\/blog\/#\/schema\/person\/image\/","url":"https:\/\/www.polyas.de\/blog\/wp-content\/uploads\/2021\/04\/Laura_Henning--96x96.jpeg","contentUrl":"https:\/\/www.polyas.de\/blog\/wp-content\/uploads\/2021\/04\/Laura_Henning--96x96.jpeg","caption":"Laura Rogler"},"sameAs":["https:\/\/www.polyas.de\/blog"],"url":"https:\/\/www.polyas.de\/blog\/author\/laura-henning"}]}},"jetpack_featured_media_url":"https:\/\/www.polyas.de\/blog\/wp-content\/uploads\/2023\/01\/Wahlalter-16-Deutschland-weltweit.png","jetpack_publicize_connections":[],"jetpack_shortlink":"https:\/\/wp.me\/p72Pnr-2Ya","jetpack-related-posts":[{"id":8192,"url":"https:\/\/www.polyas.de\/blog\/de\/wahlbeteiligung-steigern\/wahlalter-senken-pro-contra","url_meta":{"origin":11418,"position":0},"title":"Wahlalter senken? Diese Pro- und Contra-Argumente gibt es","date":"04\/06\/2020","format":false,"excerpt":"Wahlalter senken! -\u00a0 diese Forderung kommt im politischen Alltag immer wieder auf, zuletzt erhoben von Gr\u00fcnen und FDP. Der Anlass ist in diesem Fall die durch Corona entstandenen Schuldenlasten, die nach Auffassung der Parteien einst von der jungen Generation getragen w\u00fcrden. Wie hoch das Wahlalter fr\u00fcher war und welche Pro-\u2026","rel":"","context":"In &quot;Digitale Demokratie&quot;","img":{"alt_text":"Wahlalter senken - Pro und Contra","src":"https:\/\/i0.wp.com\/www.polyas.de\/blog\/wp-content\/uploads\/2020\/06\/Wahlalter-senken.jpg?resize=350%2C200&ssl=1","width":350,"height":200},"classes":[]},{"id":4305,"url":"https:\/\/www.polyas.de\/blog\/de\/wahlbeteiligung-steigern\/wahlbeteiligung-steigern-der-8-punkte-plan","url_meta":{"origin":11418,"position":1},"title":"Wahlbeteiligung steigern: Der 8-Punkte-Plan","date":"23\/02\/2017","format":false,"excerpt":"Die sinkende Wahlbeteiligung ist ein gro\u00dfes Problem bei Wahlen. Doch trotz der niedrigen demokratischen Partizipation bleibt die Mehrheit der Nichtw\u00e4hler:innen ansprechbar und mobilisierbar. Eine aktuelle Studie der Bertelsmann Stiftung bietet L\u00f6sungsans\u00e4tze, mit denen man die Wahlbeteiligung langfristig steigern kann. Wir werfen einen Blick in die Studie: \"Zeitgem\u00e4\u00df W\u00e4hlen\" \u2013 8-Punkte-Plan\u2026","rel":"","context":"In &quot;B\u00fcrgerbeteiligung&quot;","img":{"alt_text":"Wahlbeteiligung steigern","src":"https:\/\/i0.wp.com\/www.polyas.de\/blog\/wp-content\/uploads\/2017\/02\/Wahlbeteiligung-steigern.png?resize=350%2C200&ssl=1","width":350,"height":200},"classes":[]},{"id":3085,"url":"https:\/\/www.polyas.de\/blog\/de\/wahlbeteiligung-steigern\/neue-serie-nichtwaehler","url_meta":{"origin":11418,"position":2},"title":"Nichtw\u00e4hler: Der Auftakt unserer neuen Serie","date":"19\/07\/2016","format":false,"excerpt":"Um w\u00e4hlen gehen zu k\u00f6nnen,\u00a0haben Menschen Jahrhunderte lang gek\u00e4mpft und in vielen L\u00e4ndern der Erde wird immer noch um die M\u00f6glichkeit der Stimmabgabe gestritten. In Deutschland gibt es\u00a0ein allgemeines Wahlrecht f\u00fcr alle Staatsb\u00fcrger ab 18 beziehungsweise ab 16 Jahren bei Kommunalwahlen.\u00a0Doch es gibt viele B\u00fcrger, die keinen Gebrauch von Ihrem\u2026","rel":"","context":"In &quot;Wahlbeteiligung&quot;","img":{"alt_text":"Nicht-W\u00e4hler bei Volksabstimmungen: Was sind ihre Gr\u00fcnde?","src":"https:\/\/i0.wp.com\/www.polyas.de\/blog\/wp-content\/uploads\/2016\/07\/Serie-Tipps-zum-Wahlmanagement.png?resize=350%2C200&ssl=1","width":350,"height":200},"classes":[]},{"id":1332,"url":"https:\/\/www.polyas.de\/blog\/de\/online-wahlen\/pimp-my-eu-wahl","url_meta":{"origin":11418,"position":3},"title":"Pimp my EU-Wahl!","date":"27\/10\/2015","format":false,"excerpt":"Das europ\u00e4ische Wahlrecht soll reformiert werden: Elektronische Stimmabgabe, Wahlfristen, Wahlalter, Wahlablauf, Gleichbehandlung\u00a0und noch vieles mehr soll in das moderne Wahl-Zeitalter verhelfen. So will man in Br\u00fcssel sinkender Wahlbeteiligung und politischem Desinteresse entgegenwirken.\u00a0 Das Europawahlrecht entw\u00e4chst nur sehr gem\u00e4chlich seinen Kinderschuhen. So wurde erst 1976, nach langem Prozedere, ein Rechtsakt zur\u2026","rel":"","context":"In &quot;Wahl News&quot;","img":{"alt_text":"EU-Wahlen","src":"https:\/\/i0.wp.com\/www.polyas.de\/blog\/wp-content\/uploads\/2015\/10\/Pimp_My_EU-Wahl.jpg?resize=350%2C200&ssl=1","width":350,"height":200},"classes":[]},{"id":3244,"url":"https:\/\/www.polyas.de\/blog\/de\/wahlbeteiligung-steigern\/nicht-waehler-motivieren","url_meta":{"origin":11418,"position":4},"title":"Nichtw\u00e4hler: Wie kann man sie motivieren?","date":"31\/08\/2016","format":false,"excerpt":"In vielen Studien haben Meinungsinstitute versucht herauszufinden, wer die Nicht-W\u00e4hler sind und was sie antreibt. All diese Informationen werden erhoben, um herauszufinden, wie die Wahlbeteiligung gesteigert werden kann. Es gibt keine ultimative L\u00f6sung f\u00fcr eine hohe Wahlbeteiligung. In Deutschland haben die B\u00fcrger das Recht zu w\u00e4hlen oder eben auf eine\u2026","rel":"","context":"In &quot;Wahlbeteiligung&quot;","img":{"alt_text":"Nicht-W\u00e4hler bei Volksabstimmungen: Was sind ihre Gr\u00fcnde?","src":"https:\/\/i0.wp.com\/www.polyas.de\/blog\/wp-content\/uploads\/2016\/07\/Serie-Tipps-zum-Wahlmanagement.png?resize=350%2C200&ssl=1","width":350,"height":200},"classes":[]},{"id":3605,"url":"https:\/\/www.polyas.de\/blog\/de\/wahlbeteiligung-steigern\/wahlpflicht-pro-contra","url_meta":{"origin":11418,"position":5},"title":"Wahlpflicht: Der Auftakt zu unserer neuen Serie","date":"04\/11\/2016","format":false,"excerpt":"Viele Jahre haben B\u00fcrger auf der ganzen Welt f\u00fcr das Wahlrecht gek\u00e4mpft - und tun es immer noch. Das Wahlrecht ist eines der h\u00f6chsten G\u00fcter einer Demokratie. Ein Gut, das viele B\u00fcrger als selbstverst\u00e4ndlich ansehen. Deswegen gibt es in einigen L\u00e4ndern eine Wahlpflicht, in anderen wird sie diskutiert. Wie in\u2026","rel":"","context":"In &quot;Wahlbeteiligung&quot;","img":{"alt_text":"","src":"","width":0,"height":0},"classes":[]}],"_links":{"self":[{"href":"https:\/\/www.polyas.de\/blog\/wp-json\/wp\/v2\/posts\/11418"}],"collection":[{"href":"https:\/\/www.polyas.de\/blog\/wp-json\/wp\/v2\/posts"}],"about":[{"href":"https:\/\/www.polyas.de\/blog\/wp-json\/wp\/v2\/types\/post"}],"author":[{"embeddable":true,"href":"https:\/\/www.polyas.de\/blog\/wp-json\/wp\/v2\/users\/282"}],"replies":[{"embeddable":true,"href":"https:\/\/www.polyas.de\/blog\/wp-json\/wp\/v2\/comments?post=11418"}],"version-history":[{"count":15,"href":"https:\/\/www.polyas.de\/blog\/wp-json\/wp\/v2\/posts\/11418\/revisions"}],"predecessor-version":[{"id":11497,"href":"https:\/\/www.polyas.de\/blog\/wp-json\/wp\/v2\/posts\/11418\/revisions\/11497"}],"wp:featuredmedia":[{"embeddable":true,"href":"https:\/\/www.polyas.de\/blog\/wp-json\/wp\/v2\/media\/11434"}],"wp:attachment":[{"href":"https:\/\/www.polyas.de\/blog\/wp-json\/wp\/v2\/media?parent=11418"}],"wp:term":[{"taxonomy":"category","embeddable":true,"href":"https:\/\/www.polyas.de\/blog\/wp-json\/wp\/v2\/categories?post=11418"},{"taxonomy":"post_tag","embeddable":true,"href":"https:\/\/www.polyas.de\/blog\/wp-json\/wp\/v2\/tags?post=11418"}],"curies":[{"name":"wp","href":"https:\/\/api.w.org\/{rel}","templated":true}]}}