{"id":11008,"date":"2022-10-06T08:00:00","date_gmt":"2022-10-06T06:00:00","guid":{"rendered":"https:\/\/www.polyas.de\/blog\/?p=11008"},"modified":"2023-02-28T16:41:20","modified_gmt":"2023-02-28T15:41:20","slug":"waldkindergarten-inzell-ev-kundeninterview","status":"publish","type":"post","link":"https:\/\/www.polyas.de\/blog\/de\/kundeninterview\/waldkindergarten-inzell-ev-kundeninterview","title":{"rendered":"Waldkindergarten Inzell e.V.: \u201eDie Einrichtung einer POLYAS Online-Wahl ist selbsterkl\u00e4rend\u201c"},"content":{"rendered":"<p>Der <span style=\"color: #2bb2b8;\"><a style=\"color: #2bb2b8;\" href=\"https:\/\/www.waldkindergarten-inzell.de\/\" target=\"_blank\" rel=\"noopener\">Verein Waldkindergarten Inzell e.V.<\/a><\/span> hat bereits zum zweiten Mal mit POLYAS online gew\u00e4hlt, \u2013 in diesem Jahr profitierte er von unserem <span style=\"color: #333333;\">Angebot der kostenlosen Online-Wahl f\u00fcr bis zu 25 Wahlberechtigte. POLYAS baut dieses Angebot nun f\u00fcr Sie aus.<\/span> Ab sofort k\u00f6nnen Sie <span style=\"color: #2bb2b8;\"><a style=\"color: #2bb2b8;\" href=\"https:\/\/www.polyas.de\/online-wahl\/kostenlose-online-abstimmung\">Online-Wahlen mit bis zu 50 Wahlberechtigten kostenlos<\/a><\/span> durchf\u00fchren!&nbsp;<\/p>\n<p>Marvie Schuler, ehrenamtliche Mitarbeiterin f\u00fcr Presse- und \u00d6ffentlichkeitsarbeit und damals zweite Vorstandsvorsitzende des Vereins Waldkindergarten Inzell e.V., berichtet im <strong>#Kundeninterview<\/strong> von Ihren Erfahrungen mit der kostenlosen Online-Wahl und den Vorteilen, die digitale Abstimmungen gerade in l\u00e4ndlicheren Gegenden mit sich bringen.<\/p>\n<p><!--more--><\/p>\n<p><strong>Frau Schuler, wie sind Sie im Waldkindergarten Inzell e.V. auf POLYAS und unser Angebot der kostenlosen Online-Abstimmung aufmerksam geworden?<\/strong><\/p>\n<p>Lustigerweise hab ich das Angebot der <span style=\"color: #2bb2b8;\"><a style=\"color: #2bb2b8;\" href=\"https:\/\/www.polyas.de\/online-wahl\/kostenlose-online-abstimmung\" target=\"_blank\" rel=\"noopener\">kostenlosen Abstimmung<\/a><\/span> zun\u00e4chst gar nicht entdeckt. Wir hatten letztes Jahr schon \u00fcber POLYAS eine kostenpflichtige Wahl vorgenommen. Da die gut geklappt hat und ich bereits wusste, wie der Online-Wahlmanager funktioniert, haben wir uns wieder f\u00fcr Sie entschieden. Damals habe ich POLYAS \u00fcber die Google-Suche gefunden.<\/p>\n<p>In diesem Jahr habe ich die Vorstandswahl dann wieder bei POLYAS angelegt und festgestellt, dass es kostenlos ist. Wir haben 25 Kindergartenkinder im Waldkindergarten Inzell e.V. und somit auch 25 Wahlberechtigte bei den Eltern &#8211; so hat es f\u00fcr uns genau gepasst.<\/p>\n<p><strong>F\u00fcr welche Abstimmung haben Sie die <\/strong><span style=\"color: #2bb2b8;\"><a style=\"color: #2bb2b8;\" href=\"https:\/\/www.polyas.de\/online-wahlen\"><strong>POLYAS Online-Wahl<\/strong><\/a><\/span><strong> genutzt?<\/strong><\/p>\n<p>Wir haben mit der Online-Wahl einen neuen Vereinsvorstand gew\u00e4hlt.<\/p>\n<p><strong>Sie haben die Wahl wie auch in 2021 eigenst\u00e4ndig angelegt und durchgef\u00fchrt. Ist Ihnen die Einrichtung leichtgefallen? Wie bewerten Sie unsere Hilfsmaterialien?<\/strong><\/p>\n<p>Ich fand es super einfach. Auch im Programm selbst waren die Beschreibungen, wo ich was eintragen muss, f\u00fcr mich selbsterkl\u00e4rend. Anleitungen oder Hilfsmaterialen von POLYAS brauchte ich deshalb nicht. Ich bin allerdings auch sehr technikaffin, ich habe die Homepage von unserem Verein selbst erstellt und betreue diese auch.<\/p>\n<div id=\"attachment_11028\" style=\"width: 360px\" class=\"wp-caption alignright\"><a href=\"https:\/\/www.polyas.de\/blog\/wp-content\/uploads\/2022\/09\/marvie-schuler.png\"><img aria-describedby=\"caption-attachment-11028\" data-attachment-id=\"11028\" data-permalink=\"https:\/\/www.polyas.de\/blog\/de\/kundeninterview\/waldkindergarten-inzell-ev-kundeninterview\/attachment\/marvie-schuler\" data-orig-file=\"https:\/\/www.polyas.de\/blog\/wp-content\/uploads\/2022\/09\/marvie-schuler.png\" data-orig-size=\"500,500\" data-comments-opened=\"1\" data-image-meta=\"{&quot;aperture&quot;:&quot;0&quot;,&quot;credit&quot;:&quot;&quot;,&quot;camera&quot;:&quot;&quot;,&quot;caption&quot;:&quot;&quot;,&quot;created_timestamp&quot;:&quot;0&quot;,&quot;copyright&quot;:&quot;&quot;,&quot;focal_length&quot;:&quot;0&quot;,&quot;iso&quot;:&quot;0&quot;,&quot;shutter_speed&quot;:&quot;0&quot;,&quot;title&quot;:&quot;&quot;,&quot;orientation&quot;:&quot;0&quot;}\" data-image-title=\"marvie schuler\" data-image-description=\"\" data-image-caption=\"\" data-medium-file=\"https:\/\/www.polyas.de\/blog\/wp-content\/uploads\/2022\/09\/marvie-schuler-300x300.png\" data-large-file=\"https:\/\/www.polyas.de\/blog\/wp-content\/uploads\/2022\/09\/marvie-schuler.png\" loading=\"lazy\" class=\"wp-image-11028\" src=\"https:\/\/www.polyas.de\/blog\/wp-content\/uploads\/2022\/09\/marvie-schuler.png\" alt=\"Marvie Schuler\" width=\"350\" height=\"350\" srcset=\"https:\/\/www.polyas.de\/blog\/wp-content\/uploads\/2022\/09\/marvie-schuler.png 500w, https:\/\/www.polyas.de\/blog\/wp-content\/uploads\/2022\/09\/marvie-schuler-300x300.png 300w, https:\/\/www.polyas.de\/blog\/wp-content\/uploads\/2022\/09\/marvie-schuler-150x150.png 150w\" sizes=\"(max-width: 350px) 100vw, 350px\" \/><\/a><p id=\"caption-attachment-11028\" class=\"wp-caption-text\">Marvie Schuler, ehrenamtliche Mitarbeiterin f\u00fcr Presse- und \u00d6ffentlichkeitsarbeit und ehem. zweite Vorstandsvorsitzende<\/p><\/div>\n<p><strong>Warum haben Sie sich im Waldkindergarten Inzell e.V. erneut f\u00fcr eine Online-Wahl und nicht f\u00fcr eine analoge Wahl entschieden?<\/strong><\/p>\n<p>Wir konnten unsere Mitgliederversammlung wegen Corona nicht in persona abhalten. Weil wir den Vorstand entlasten und das Vereinsjahr abschlie\u00dfen mussten, haben wir uns daf\u00fcr entschieden, die Abstimmung online durchzuf\u00fchren.<\/p>\n<p><strong>Wie kam die digitale Wahl bei Ihren W\u00e4hler:innen an? Haben alle Wahlberechtigten teilgenommen?<\/strong><\/p>\n<p>Die R\u00fcckmeldung war durchweg, dass es ganz einfach war. Ich habe die Wahl aber auch sehr simpel gestaltet. Es gab zwei Punkte, \u00fcber die abgestimmt werden sollte und als Auswahlm\u00f6glichkeit gab es nur \u201eIch stimme daf\u00fcr\u201c, \u201eIch stimme dagegen\u201c oder \u201eEnthaltung\u201c. Dass die Wahl oder Stimme ung\u00fcltig abgegeben werden kann, hatte ich nicht zugelassen. Wir haben unseren W\u00e4hler:innen alles auch noch mal vorher in einer E-Mail erkl\u00e4rt, deswegen gab es f\u00fcr niemanden Probleme. Einzig bei der Wahleinladung, die von POLYAS versandt wurde, haben wir darauf hingewiesen, dass alle Ihre Spam-Ordner checken sollen, damit nichts untergeht.<\/p>\n<p>Alle 25 Personen haben teilgenommen &#8211; wir waren auch sehr hinterher, dass alle teilnehmen.<\/p>\n<p><strong>Das <\/strong><span style=\"color: #2bb2b8;\"><a style=\"color: #2bb2b8;\" href=\"https:\/\/www.polyas.de\/live-voting\"><strong>POLYAS Live Voting<\/strong><\/a><\/span><strong> bieten wir explizit f\u00fcr digitale Veranstaltungen z. B. in Kombination mit einer Video-Konferenz an. Wie haben Sie Ihre Versammlung durchgef\u00fchrt? W\u00e4re ein Live Voting auch eine Alternative f\u00fcr Ihre n\u00e4chste Wahl? <\/strong><\/p>\n<p>Wir haben alles schriftlich per E-Mail gemacht, den Link zur Online-Wahl geteilt und dann wurde abgestimmt.<\/p>\n<p>Ein Live Voting und eine Video-Konferenz w\u00e4ren f\u00fcr unseren Fall nicht praktikabel. Wir wohnen in einer sehr l\u00e4ndlichen Gegend im tiefsten Oberbayern und hier ist die Digitalisierung noch nicht sehr weit fortgeschritten und gibt auch noch etwas Widerstand dagegen. Viele im Erwachsenenalter haben hier sogar kein Handy und eine Online-Veranstaltung w\u00e4re da sicher schwierig geworden.<\/p>\n<p><strong><a href=\"https:\/\/www.polyas.de\/blog\/wp-content\/uploads\/2022\/09\/waldkindergarten-inzell-logo.jpg\"><img data-attachment-id=\"11029\" data-permalink=\"https:\/\/www.polyas.de\/blog\/de\/kundeninterview\/waldkindergarten-inzell-ev-kundeninterview\/attachment\/waldkindergarten-inzell-logo\" data-orig-file=\"https:\/\/www.polyas.de\/blog\/wp-content\/uploads\/2022\/09\/waldkindergarten-inzell-logo.jpg\" data-orig-size=\"343,332\" data-comments-opened=\"1\" data-image-meta=\"{&quot;aperture&quot;:&quot;0&quot;,&quot;credit&quot;:&quot;Picasa&quot;,&quot;camera&quot;:&quot;&quot;,&quot;caption&quot;:&quot;&quot;,&quot;created_timestamp&quot;:&quot;79870662000&quot;,&quot;copyright&quot;:&quot;&quot;,&quot;focal_length&quot;:&quot;0&quot;,&quot;iso&quot;:&quot;0&quot;,&quot;shutter_speed&quot;:&quot;0&quot;,&quot;title&quot;:&quot;&quot;,&quot;orientation&quot;:&quot;0&quot;}\" data-image-title=\"waldkindergarten inzell logo\" data-image-description=\"&lt;p&gt;Waldkindergarten Inzell Logo&lt;\/p&gt;\n\" data-image-caption=\"\" data-medium-file=\"https:\/\/www.polyas.de\/blog\/wp-content\/uploads\/2022\/09\/waldkindergarten-inzell-logo-300x290.jpg\" data-large-file=\"https:\/\/www.polyas.de\/blog\/wp-content\/uploads\/2022\/09\/waldkindergarten-inzell-logo.jpg\" loading=\"lazy\" class=\"alignleft wp-image-11029 size-medium\" src=\"https:\/\/www.polyas.de\/blog\/wp-content\/uploads\/2022\/09\/waldkindergarten-inzell-logo-300x290.jpg\" alt=\"Waldkindergarten Inzell Logo\" width=\"300\" height=\"290\" srcset=\"https:\/\/www.polyas.de\/blog\/wp-content\/uploads\/2022\/09\/waldkindergarten-inzell-logo-300x290.jpg 300w, https:\/\/www.polyas.de\/blog\/wp-content\/uploads\/2022\/09\/waldkindergarten-inzell-logo.jpg 343w\" sizes=\"(max-width: 300px) 100vw, 300px\" \/><\/a>W\u00fcrden Sie das n\u00e4chste Mal wieder online w\u00e4hlen und k\u00f6nnten Sie dies auch ohne ein kostenloses Angebot?<\/strong><\/p>\n<p>Wir hatten tats\u00e4chlich das Problem, dass wir dieses Jahr eine Vor-Ort-Versammlung veranstaltet und w\u00e4hrenddessen auch abgestimmt hatten und der Notar im Nachhinein nicht zufrieden war. Aus diesem Grund haben wir dann noch mal eine Online-Abstimmung durchgef\u00fchrt.<\/p>\n<p>Das Tolle an POLYAS ist, dass man direkt nach der Abstimmung alle Unterlagen f\u00fcr den Notar wasserdicht vorliegen hat. Auch die Wahlbeteiligung ist deutlich h\u00f6her als bei einer pers\u00f6nlichen Wahl. Deshalb gehe ich davon aus, dass wir POLYAS noch h\u00e4ufiger nutzen werden.<\/p>\n<p>Der Waldkindergarten Inzell e.V. ist ein gemeinn\u00fctziger Verein und wir generieren alle Gelder, die wir ausgeben, \u00fcber Spendengelder. Die Wahl ist etwas Wichtiges und dann nehmen wir das Geld daf\u00fcr auch in die Hand.<\/p>\n<p><strong>Sollten Ihrer Meinung nach mehr Prozesse innerhalb von Bildungs- und Erziehungseinrichtungen wie Ihrer digitalisiert werden?<\/strong><\/p>\n<p>Ja, ich f\u00e4nde es gut, wenn mehr Prozesse in Bildungseinrichtungen digitalisiert w\u00fcrden. Wann immer das so einfach gemacht werden kann &#8211; warum nicht. Es ist doch ein Riesenaufwand, wenn ich pers\u00f6nlich irgendwo hingehen muss. Das ist alles mit Zeitaufwand und Kosten verbunden. Da wir sparen und unn\u00f6tige Wege verringern m\u00f6chten, ist es eine super M\u00f6glichkeit, Dinge ins Digitale verlagern zu k\u00f6nnen.<\/p>\n<p><a href=\"https:\/\/www.polyas.de\/online-wahl\/kostenlose-online-abstimmung\" target=\"_blank\" rel=\"noopener\"><img data-attachment-id=\"11082\" data-permalink=\"https:\/\/www.polyas.de\/blog\/de\/kundeninterview\/waldkindergarten-inzell-ev-kundeninterview\/attachment\/blog_banner-1-2\" data-orig-file=\"https:\/\/www.polyas.de\/blog\/wp-content\/uploads\/2022\/09\/Blog_Banner-1-1.png\" data-orig-size=\"2860,300\" data-comments-opened=\"1\" data-image-meta=\"{&quot;aperture&quot;:&quot;0&quot;,&quot;credit&quot;:&quot;&quot;,&quot;camera&quot;:&quot;&quot;,&quot;caption&quot;:&quot;&quot;,&quot;created_timestamp&quot;:&quot;0&quot;,&quot;copyright&quot;:&quot;&quot;,&quot;focal_length&quot;:&quot;0&quot;,&quot;iso&quot;:&quot;0&quot;,&quot;shutter_speed&quot;:&quot;0&quot;,&quot;title&quot;:&quot;&quot;,&quot;orientation&quot;:&quot;0&quot;}\" data-image-title=\"Kostenlose Online Wahl\" data-image-description=\"&lt;p&gt;Kostenlose Online Wahl&lt;\/p&gt;\n\" data-image-caption=\"\" data-medium-file=\"https:\/\/www.polyas.de\/blog\/wp-content\/uploads\/2022\/09\/Blog_Banner-1-1-300x31.png\" data-large-file=\"https:\/\/www.polyas.de\/blog\/wp-content\/uploads\/2022\/09\/Blog_Banner-1-1-1024x107.png\" loading=\"lazy\" class=\"alignnone wp-image-11082 size-large\" src=\"https:\/\/www.polyas.de\/blog\/wp-content\/uploads\/2022\/09\/Blog_Banner-1-1-1024x107.png\" alt=\"Kostenlose Online Wahl\" width=\"770\" height=\"80\" srcset=\"https:\/\/www.polyas.de\/blog\/wp-content\/uploads\/2022\/09\/Blog_Banner-1-1-1024x107.png 1024w, https:\/\/www.polyas.de\/blog\/wp-content\/uploads\/2022\/09\/Blog_Banner-1-1-300x31.png 300w, https:\/\/www.polyas.de\/blog\/wp-content\/uploads\/2022\/09\/Blog_Banner-1-1-768x81.png 768w, https:\/\/www.polyas.de\/blog\/wp-content\/uploads\/2022\/09\/Blog_Banner-1-1-1536x161.png 1536w, https:\/\/www.polyas.de\/blog\/wp-content\/uploads\/2022\/09\/Blog_Banner-1-1-2048x215.png 2048w, https:\/\/www.polyas.de\/blog\/wp-content\/uploads\/2022\/09\/Blog_Banner-1-1-500x52.png 500w\" sizes=\"(max-width: 770px) 100vw, 770px\" \/><\/a><\/p>\n<p><\/p>\n\n","protected":false},"excerpt":{"rendered":"<p>Der Verein Waldkindergarten Inzell e.V. hat bereits zum zweiten Mal mit POLYAS online gew\u00e4hlt, \u2013 in diesem Jahr profitierte er von unserem Angebot der kostenlosen Online-Wahl f\u00fcr bis zu 25 Wahlberechtigte. POLYAS baut dieses Angebot nun f\u00fcr Sie aus. Ab sofort k\u00f6nnen Sie Online-Wahlen mit bis zu 50 Wahlberechtigten kostenlos durchf\u00fchren!&nbsp; Marvie Schuler, ehrenamtliche Mitarbeiterin [&hellip;]<\/p>\n","protected":false},"author":282,"featured_media":11022,"comment_status":"open","ping_status":"open","sticky":false,"template":"","format":"standard","meta":{"_eb_attr":"","ub_ctt_via":"","spay_email":"","jetpack_publicize_message":"","jetpack_is_tweetstorm":false,"jetpack_publicize_feature_enabled":true},"categories":[2,2920,2294,2741,86],"tags":[349,2296,1585,867,548,68,163],"featured_image_src":"https:\/\/www.polyas.de\/blog\/wp-content\/uploads\/2022\/09\/Interview-waldkindergarten-inzell.png","author_info":{"display_name":"Laura Rogler","author_link":"https:\/\/www.polyas.de\/blog\/author\/laura-henning"},"yoast_head":"<!-- This site is optimized with the Yoast SEO plugin v19.9 - https:\/\/yoast.com\/wordpress\/plugins\/seo\/ -->\n<title>Waldkindergarten Inzell e.V.: \u201eDie Einrichtung einer POLYAS Online-Wahl ist selbsterkl\u00e4rend\u201c - POLYAS<\/title>\n<meta name=\"description\" content=\"Der Waldkindergarten Inzell e.V. hat zum zweiten Mal online mit POLYAS im Self Service gew\u00e4hlt \u2013 diesmal sogar kostenlos. Interview lesen!\" \/>\n<meta name=\"robots\" content=\"index, follow, max-snippet:-1, max-image-preview:large, max-video-preview:-1\" \/>\n<link rel=\"canonical\" href=\"https:\/\/www.polyas.de\/blog\/de\/kundeninterview\/waldkindergarten-inzell-ev-kundeninterview\" \/>\n<meta property=\"og:locale\" content=\"de_DE\" \/>\n<meta property=\"og:type\" content=\"article\" \/>\n<meta property=\"og:title\" content=\"Waldkindergarten Inzell e.V.: \u201eDie Einrichtung einer POLYAS Online-Wahl ist selbsterkl\u00e4rend\u201c - POLYAS\" \/>\n<meta property=\"og:description\" content=\"Der Waldkindergarten Inzell e.V. hat zum zweiten Mal online mit POLYAS im Self Service gew\u00e4hlt \u2013 diesmal sogar kostenlos. Interview lesen!\" \/>\n<meta property=\"og:url\" content=\"https:\/\/www.polyas.de\/blog\/de\/kundeninterview\/waldkindergarten-inzell-ev-kundeninterview\" \/>\n<meta property=\"og:site_name\" content=\"POLYAS\" \/>\n<meta property=\"article:published_time\" content=\"2022-10-06T06:00:00+00:00\" \/>\n<meta property=\"article:modified_time\" content=\"2023-02-28T15:41:20+00:00\" \/>\n<meta property=\"og:image\" content=\"https:\/\/www.polyas.de\/blog\/wp-content\/uploads\/2022\/09\/Interview-waldkindergarten-inzell.png\" \/>\n\t<meta property=\"og:image:width\" content=\"860\" \/>\n\t<meta property=\"og:image:height\" content=\"200\" \/>\n\t<meta property=\"og:image:type\" content=\"image\/png\" \/>\n<meta name=\"author\" content=\"Laura Rogler\" \/>\n<meta name=\"twitter:card\" content=\"summary_large_image\" \/>\n<meta name=\"twitter:label1\" content=\"Verfasst von\" \/>\n\t<meta name=\"twitter:data1\" content=\"Laura Rogler\" \/>\n\t<meta name=\"twitter:label2\" content=\"Gesch\u00e4tzte Lesezeit\" \/>\n\t<meta name=\"twitter:data2\" content=\"5 Minuten\" \/>\n<script type=\"application\/ld+json\" class=\"yoast-schema-graph\">{\"@context\":\"https:\/\/schema.org\",\"@graph\":[{\"@type\":\"WebPage\",\"@id\":\"https:\/\/www.polyas.de\/blog\/de\/kundeninterview\/waldkindergarten-inzell-ev-kundeninterview\",\"url\":\"https:\/\/www.polyas.de\/blog\/de\/kundeninterview\/waldkindergarten-inzell-ev-kundeninterview\",\"name\":\"Waldkindergarten Inzell e.V.: \u201eDie Einrichtung einer POLYAS Online-Wahl ist selbsterkl\u00e4rend\u201c - POLYAS\",\"isPartOf\":{\"@id\":\"https:\/\/www.polyas.de\/blog\/#website\"},\"datePublished\":\"2022-10-06T06:00:00+00:00\",\"dateModified\":\"2023-02-28T15:41:20+00:00\",\"author\":{\"@id\":\"https:\/\/www.polyas.de\/blog\/#\/schema\/person\/09a2bee8bba77711e8ddef4b3f0f283f\"},\"description\":\"Der Waldkindergarten Inzell e.V. hat zum zweiten Mal online mit POLYAS im Self Service gew\u00e4hlt \u2013 diesmal sogar kostenlos. Interview lesen!\",\"breadcrumb\":{\"@id\":\"https:\/\/www.polyas.de\/blog\/de\/kundeninterview\/waldkindergarten-inzell-ev-kundeninterview#breadcrumb\"},\"inLanguage\":\"de-DE\",\"potentialAction\":[{\"@type\":\"ReadAction\",\"target\":[\"https:\/\/www.polyas.de\/blog\/de\/kundeninterview\/waldkindergarten-inzell-ev-kundeninterview\"]}]},{\"@type\":\"BreadcrumbList\",\"@id\":\"https:\/\/www.polyas.de\/blog\/de\/kundeninterview\/waldkindergarten-inzell-ev-kundeninterview#breadcrumb\",\"itemListElement\":[{\"@type\":\"ListItem\",\"position\":1,\"name\":\"Startseite\",\"item\":\"https:\/\/www.polyas.de\/blog\/de\"},{\"@type\":\"ListItem\",\"position\":2,\"name\":\"Waldkindergarten Inzell e.V.: \u201eDie Einrichtung einer POLYAS Online-Wahl ist selbsterkl\u00e4rend\u201c\"}]},{\"@type\":\"WebSite\",\"@id\":\"https:\/\/www.polyas.de\/blog\/#website\",\"url\":\"https:\/\/www.polyas.de\/blog\/\",\"name\":\"POLYAS\",\"description\":\"the blog for secure online voting\",\"potentialAction\":[{\"@type\":\"SearchAction\",\"target\":{\"@type\":\"EntryPoint\",\"urlTemplate\":\"https:\/\/www.polyas.de\/blog\/?s={search_term_string}\"},\"query-input\":\"required name=search_term_string\"}],\"inLanguage\":\"de-DE\"},{\"@type\":\"Person\",\"@id\":\"https:\/\/www.polyas.de\/blog\/#\/schema\/person\/09a2bee8bba77711e8ddef4b3f0f283f\",\"name\":\"Laura Rogler\",\"image\":{\"@type\":\"ImageObject\",\"inLanguage\":\"de-DE\",\"@id\":\"https:\/\/www.polyas.de\/blog\/#\/schema\/person\/image\/\",\"url\":\"https:\/\/www.polyas.de\/blog\/wp-content\/uploads\/2021\/04\/Laura_Henning--96x96.jpeg\",\"contentUrl\":\"https:\/\/www.polyas.de\/blog\/wp-content\/uploads\/2021\/04\/Laura_Henning--96x96.jpeg\",\"caption\":\"Laura Rogler\"},\"sameAs\":[\"https:\/\/www.polyas.de\/blog\"],\"url\":\"https:\/\/www.polyas.de\/blog\/author\/laura-henning\"}]}<\/script>\n<!-- \/ Yoast SEO plugin. -->","yoast_head_json":{"title":"Waldkindergarten Inzell e.V.: \u201eDie Einrichtung einer POLYAS Online-Wahl ist selbsterkl\u00e4rend\u201c - POLYAS","description":"Der Waldkindergarten Inzell e.V. hat zum zweiten Mal online mit POLYAS im Self Service gew\u00e4hlt \u2013 diesmal sogar kostenlos. Interview lesen!","robots":{"index":"index","follow":"follow","max-snippet":"max-snippet:-1","max-image-preview":"max-image-preview:large","max-video-preview":"max-video-preview:-1"},"canonical":"https:\/\/www.polyas.de\/blog\/de\/kundeninterview\/waldkindergarten-inzell-ev-kundeninterview","og_locale":"de_DE","og_type":"article","og_title":"Waldkindergarten Inzell e.V.: \u201eDie Einrichtung einer POLYAS Online-Wahl ist selbsterkl\u00e4rend\u201c - POLYAS","og_description":"Der Waldkindergarten Inzell e.V. hat zum zweiten Mal online mit POLYAS im Self Service gew\u00e4hlt \u2013 diesmal sogar kostenlos. Interview lesen!","og_url":"https:\/\/www.polyas.de\/blog\/de\/kundeninterview\/waldkindergarten-inzell-ev-kundeninterview","og_site_name":"POLYAS","article_published_time":"2022-10-06T06:00:00+00:00","article_modified_time":"2023-02-28T15:41:20+00:00","og_image":[{"width":860,"height":200,"url":"https:\/\/www.polyas.de\/blog\/wp-content\/uploads\/2022\/09\/Interview-waldkindergarten-inzell.png","type":"image\/png"}],"author":"Laura Rogler","twitter_card":"summary_large_image","twitter_misc":{"Verfasst von":"Laura Rogler","Gesch\u00e4tzte Lesezeit":"5 Minuten"},"schema":{"@context":"https:\/\/schema.org","@graph":[{"@type":"WebPage","@id":"https:\/\/www.polyas.de\/blog\/de\/kundeninterview\/waldkindergarten-inzell-ev-kundeninterview","url":"https:\/\/www.polyas.de\/blog\/de\/kundeninterview\/waldkindergarten-inzell-ev-kundeninterview","name":"Waldkindergarten Inzell e.V.: \u201eDie Einrichtung einer POLYAS Online-Wahl ist selbsterkl\u00e4rend\u201c - POLYAS","isPartOf":{"@id":"https:\/\/www.polyas.de\/blog\/#website"},"datePublished":"2022-10-06T06:00:00+00:00","dateModified":"2023-02-28T15:41:20+00:00","author":{"@id":"https:\/\/www.polyas.de\/blog\/#\/schema\/person\/09a2bee8bba77711e8ddef4b3f0f283f"},"description":"Der Waldkindergarten Inzell e.V. hat zum zweiten Mal online mit POLYAS im Self Service gew\u00e4hlt \u2013 diesmal sogar kostenlos. Interview lesen!","breadcrumb":{"@id":"https:\/\/www.polyas.de\/blog\/de\/kundeninterview\/waldkindergarten-inzell-ev-kundeninterview#breadcrumb"},"inLanguage":"de-DE","potentialAction":[{"@type":"ReadAction","target":["https:\/\/www.polyas.de\/blog\/de\/kundeninterview\/waldkindergarten-inzell-ev-kundeninterview"]}]},{"@type":"BreadcrumbList","@id":"https:\/\/www.polyas.de\/blog\/de\/kundeninterview\/waldkindergarten-inzell-ev-kundeninterview#breadcrumb","itemListElement":[{"@type":"ListItem","position":1,"name":"Startseite","item":"https:\/\/www.polyas.de\/blog\/de"},{"@type":"ListItem","position":2,"name":"Waldkindergarten Inzell e.V.: \u201eDie Einrichtung einer POLYAS Online-Wahl ist selbsterkl\u00e4rend\u201c"}]},{"@type":"WebSite","@id":"https:\/\/www.polyas.de\/blog\/#website","url":"https:\/\/www.polyas.de\/blog\/","name":"POLYAS","description":"the blog for secure online voting","potentialAction":[{"@type":"SearchAction","target":{"@type":"EntryPoint","urlTemplate":"https:\/\/www.polyas.de\/blog\/?s={search_term_string}"},"query-input":"required name=search_term_string"}],"inLanguage":"de-DE"},{"@type":"Person","@id":"https:\/\/www.polyas.de\/blog\/#\/schema\/person\/09a2bee8bba77711e8ddef4b3f0f283f","name":"Laura Rogler","image":{"@type":"ImageObject","inLanguage":"de-DE","@id":"https:\/\/www.polyas.de\/blog\/#\/schema\/person\/image\/","url":"https:\/\/www.polyas.de\/blog\/wp-content\/uploads\/2021\/04\/Laura_Henning--96x96.jpeg","contentUrl":"https:\/\/www.polyas.de\/blog\/wp-content\/uploads\/2021\/04\/Laura_Henning--96x96.jpeg","caption":"Laura Rogler"},"sameAs":["https:\/\/www.polyas.de\/blog"],"url":"https:\/\/www.polyas.de\/blog\/author\/laura-henning"}]}},"jetpack_featured_media_url":"https:\/\/www.polyas.de\/blog\/wp-content\/uploads\/2022\/09\/Interview-waldkindergarten-inzell.png","jetpack_publicize_connections":[],"jetpack_shortlink":"https:\/\/wp.me\/p72Pnr-2Ry","jetpack-related-posts":[{"id":3105,"url":"https:\/\/www.polyas.de\/blog\/de\/kundeninterview\/interview-vorstandswahl-pmi-southern","url_meta":{"origin":11008,"position":0},"title":"Interview: Vorstandswahl PMI Southern Chapter e.V.","date":"25\/07\/2016","format":false,"excerpt":"Nachgefragt: Ich spreche heute mit Oliver F. Lehmann, dem Pr\u00e4sidenten der PMI Southern Germany Chapter e.V. \u00fcber seine Erfahrungen mit Online-Wahlen.\u00a0#Kundeninterview #Berufsverb\u00e4ndeDer Berufsverband PMI Southern Germany Chapter e.V. betreut insgesamt 1.300 Mitglieder, die am 29. M\u00e4rz 2016\u00a0zur Wahl eines neuen Vorstands und zur Abstimmung \u00fcber eine Namens\u00e4nderung aufgerufen waren. Guten\u2026","rel":"","context":"In &quot;Kundeninterview&quot;","img":{"alt_text":"Online-Wahl PMI Southern Chapter e.V.","src":"https:\/\/i0.wp.com\/www.polyas.de\/blog\/wp-content\/uploads\/2016\/07\/Online-Wahl-PMI-Southern-Chapter-e.V.jpg?resize=350%2C200&ssl=1","width":350,"height":200},"classes":[]},{"id":7357,"url":"https:\/\/www.polyas.de\/blog\/de\/kundeninterview\/tote-hunde-e-v-online-vorstandswahl","url_meta":{"origin":11008,"position":1},"title":"Tote Hunde e.V.: \u201eF\u00fcr uns m\u00fcssen Wahlen online stattfinden\u201c","date":"06\/08\/2019","format":false,"excerpt":"Der Verein Tote Hunde e.V. sorgt daf\u00fcr, dass meist auf Stra\u00dfen zu Tode gekommene Hunde geborgen und ihre Besitzer \u00fcber den Verlust informiert werden. Die Mitglieder des Vereins haben in diesem Jahr bereits zum zweiten Mal ihren Vereinsvorstand mit POLYAS online gew\u00e4hlt. Ina-Doreen Hofmeister, Vorstandsvorsitzende und Wahlleiterin, erkl\u00e4rt im #Kundeninterview,\u2026","rel":"","context":"In &quot;Kundeninterview&quot;","img":{"alt_text":"Online-Wahl von Tote Hunde e. V.","src":"https:\/\/i0.wp.com\/www.polyas.de\/blog\/wp-content\/uploads\/2019\/08\/Online-Wahl-Tote-Hunde-e.V-2.jpg?resize=350%2C200&ssl=1","width":350,"height":200},"classes":[]},{"id":9449,"url":"https:\/\/www.polyas.de\/blog\/de\/kundeninterview\/bundesverband-regie-polyas-erfahrungen","url_meta":{"origin":11008,"position":2},"title":"Der Bundesverband Regie e.V. \u00fcber seine Erfahrungen mit POLYAS","date":"28\/09\/2021","format":false,"excerpt":"Der Bundesverband Regie e.V., kurz BVR, hat in diesem Jahr zum ersten Mal mit POLYAS im Self-Service online gew\u00e4hlt und konnte so die Stimmabgabe der Mitglieder vereinfachen. Wir haben mit der Mitgliederbetreuerin Evelyn Pei\u00dfker \u00fcber ihre Erfahrungen mit POLYAS gesprochen. Aus welchen Gr\u00fcnden haben Sie sich f\u00fcr eine digitale Wahl\u2026","rel":"","context":"In &quot;Digitale Demokratie&quot;","img":{"alt_text":"","src":"https:\/\/i0.wp.com\/www.polyas.de\/blog\/wp-content\/uploads\/2021\/07\/Kundeninterview_Bundesverband-Regie.png?resize=350%2C200&ssl=1","width":350,"height":200},"classes":[]},{"id":6661,"url":"https:\/\/www.polyas.de\/blog\/de\/kundeninterview\/online-wahl-pilzfreunde","url_meta":{"origin":11008,"position":3},"title":"Erfahrungsbericht Pilzfreunde e.V.:  &#8220;Ohne die Online-Wahl w\u00e4ren es nur rund 3% gewesen&#8221;","date":"24\/05\/2018","format":false,"excerpt":"Pilzfreunde e.V. ist ein gemeinn\u00fctziger Verein, der sich an Sammler von Speisepilzen in ganz Europa richtet. Mit POLYAS haben die Pilzfreunde eine Satzungs\u00e4nderung und ihre Vorstandswahl online durchgef\u00fchrt. Frank Prior, erster Vorsitzender des noch jungen Vereins, hat mit uns \u00fcber die Online-Wahl gesprochen.\u00a0#Kundeninterview Hallo Herr Prior, vielen Dank, dass Sie\u2026","rel":"","context":"In &quot;Kundeninterview&quot;","img":{"alt_text":"Online-Wahl der Pilzfreunde e.V.","src":"https:\/\/i0.wp.com\/www.polyas.de\/blog\/wp-content\/uploads\/2018\/05\/Online-Wahl-der-Pilzfreunde-e.V..jpg?resize=350%2C200&ssl=1","width":350,"height":200},"classes":[]},{"id":11834,"url":"https:\/\/www.polyas.de\/blog\/de\/digitale-demokratie\/elternbeiratswahlen-2023","url_meta":{"origin":11008,"position":4},"title":"Elternbeiratswahlen 2023: endlich digital w\u00e4hlen!","date":"02\/08\/2023","format":false,"excerpt":"W\u00e4hrend Familien die sonnigen Sommertage an Badeseen, in Schwimmb\u00e4dern oder auf Spielpl\u00e4tzen genie\u00dfen, steht das neue Jahr der Kinderbetreuung schon kurz bevor - und damit auch die Elternbeiratswahlen f\u00fcr 2023 in Schulen, Kinderg\u00e4rten, Krippen, Horten und H\u00e4usern f\u00fcr Kinder. Viele POLYAS-Mitarbeiter:innen sind selbst Eltern und in diversen Elternbeir\u00e4ten engagiert. Wir\u2026","rel":"","context":"In &quot;Digital News&quot;","img":{"alt_text":"Elternbeiratswahl digital durchf\u00fchren mit POLYAS","src":"https:\/\/i0.wp.com\/www.polyas.de\/blog\/wp-content\/uploads\/2023\/07\/Elternbeiratswahl_digital_POLYAS.png?resize=350%2C200&ssl=1","width":350,"height":200},"classes":[]},{"id":3503,"url":"https:\/\/www.polyas.de\/blog\/de\/kundeninterview\/interview-german-stemcell-network","url_meta":{"origin":11008,"position":5},"title":"Interview zur Online-Wahl des German Stemcell Network","date":"21\/10\/2016","format":false,"excerpt":"Nachgefragt:\u00a0Ich spreche heute mit Ulrike Papra, der Wahlbeauftragten des German Stemcell Network (GSCN). Das GSCN hat sich schon vor einiger Zeit daf\u00fcr entschieden seinen Vorstand online zu w\u00e4hlen.\u00a0#KundeninterviewDas German Stemcell Network ist eine Institution, deren Ziel es ist den Austausch sowie die\u00a0Kooperation\u00a0zwischen den verschiedenen Bereichen der angewandten Stammzellforschung auf nationaler\u2026","rel":"","context":"In &quot;Kundeninterview&quot;","img":{"alt_text":"POLYAS Online-Wahl German Stemcell Network","src":"https:\/\/i0.wp.com\/www.polyas.de\/blog\/wp-content\/uploads\/2016\/10\/Online-Wahl-German-Stemcell-Network.jpg?resize=350%2C200&ssl=1","width":350,"height":200},"classes":[]}],"_links":{"self":[{"href":"https:\/\/www.polyas.de\/blog\/wp-json\/wp\/v2\/posts\/11008"}],"collection":[{"href":"https:\/\/www.polyas.de\/blog\/wp-json\/wp\/v2\/posts"}],"about":[{"href":"https:\/\/www.polyas.de\/blog\/wp-json\/wp\/v2\/types\/post"}],"author":[{"embeddable":true,"href":"https:\/\/www.polyas.de\/blog\/wp-json\/wp\/v2\/users\/282"}],"replies":[{"embeddable":true,"href":"https:\/\/www.polyas.de\/blog\/wp-json\/wp\/v2\/comments?post=11008"}],"version-history":[{"count":10,"href":"https:\/\/www.polyas.de\/blog\/wp-json\/wp\/v2\/posts\/11008\/revisions"}],"predecessor-version":[{"id":11095,"href":"https:\/\/www.polyas.de\/blog\/wp-json\/wp\/v2\/posts\/11008\/revisions\/11095"}],"wp:featuredmedia":[{"embeddable":true,"href":"https:\/\/www.polyas.de\/blog\/wp-json\/wp\/v2\/media\/11022"}],"wp:attachment":[{"href":"https:\/\/www.polyas.de\/blog\/wp-json\/wp\/v2\/media?parent=11008"}],"wp:term":[{"taxonomy":"category","embeddable":true,"href":"https:\/\/www.polyas.de\/blog\/wp-json\/wp\/v2\/categories?post=11008"},{"taxonomy":"post_tag","embeddable":true,"href":"https:\/\/www.polyas.de\/blog\/wp-json\/wp\/v2\/tags?post=11008"}],"curies":[{"name":"wp","href":"https:\/\/api.w.org\/{rel}","templated":true}]}}