{"id":10928,"date":"2022-09-23T09:00:49","date_gmt":"2022-09-23T07:00:49","guid":{"rendered":"https:\/\/www.polyas.de\/blog\/?p=10928"},"modified":"2023-07-20T14:30:21","modified_gmt":"2023-07-20T12:30:21","slug":"online-voting-summit-programm","status":"publish","type":"post","link":"https:\/\/www.polyas.de\/blog\/de\/veranstaltungen\/online-voting-summit-programm","title":{"rendered":"POLYAS Online Voting Summit 2022: Programm und Speaker:innen"},"content":{"rendered":"<p>Was war das f\u00fcr eine aufregende und erfolgreiche 1. Online Voting Summit! Knapp 210 Anmeldungen, 11 Sessions, \u00fcber 15 Speaker:innen und Expert:innen sowie zahlreiche Mitwirkende hinter den Kulissen sorgten f\u00fcr eine inspirierende und erkenntnisreiche erste <span style=\"background-color: #ffffff; color: #2bb2b8;\"><a style=\"background-color: #ffffff; color: #2bb2b8;\" href=\"https:\/\/www.polyas.de\/events\/online-voting-summit\" target=\"_blank\" rel=\"noopener\">POLYAS Online Voting Summit<\/a> <\/span><span style=\"color: #2bb2b8;\"><span style=\"color: #000000;\">am 10.11.2022<\/span><\/span><span style=\"color: #000000;\">. <\/span>Zu Spitzenzeiten waren 170 Teilnehmer:innen zeitgleich online. Vielen Dank an alle Beteiligten f\u00fcr ihre Unterst\u00fctzung!<\/p>\n<p><strong>Am 15.11.2023 geht es in die n\u00e4chste Runde &#8211; Jetzt kostenlos <a href=\"https:\/\/online-voting-summit.de\/anmeldung\/\">anmelden zum 2. Online Voting Summit<\/a>.\u00a0<\/strong><\/p>\n<p>Die Programminhalte des Summit 2022 mit unterschiedlichen Vortr\u00e4gen, Workshops und Diskussionen aus den verschiedensten Bereichen und zu unterschiedlichsten Themenfeldern sehen Sie hier auf einen Blick:<\/p>\n<p><!--more--><\/p>\n\n\n<p>\u00a0<\/p>\n<table style=\"border-collapse: collapse; width: 100%; height: 237px;\">\n<tbody>\n<tr style=\"height: 26px;\">\n<td style=\"width: 29.7618%; height: 26px;\"><span style=\"color: #2e435e;\"><strong>10:15 &#8211; 10:45 Uhr<\/strong><\/span><\/td>\n<td style=\"width: 70.2382%; height: 26px;\">\n<p><strong><a href=\"#vertrauen\"><span style=\"color: #2bb2b8;\">Vertrauen als Erfolgsfaktor &#8211; welchen Einfluss gesellschaftliche Faktoren beim Gelingen von Online-Wahlen haben<\/span><\/a><\/strong><\/p>\n<\/td>\n<\/tr>\n<tr style=\"height: 26px;\">\n<td style=\"width: 29.7618%; height: 26px;\"><span style=\"color: #2e435e;\"><strong>10:45 &#8211; 11:15 Uhr<\/strong><\/span><\/td>\n<td style=\"width: 70.2382%; height: 26px;\">\n<p><strong><a href=\"#forensik\"><span style=\"color: #2bb2b8;\">Online-Wahlen &#8211; Wie sich mit Kryptografie die Quadratur des Kreises l\u00f6sen l\u00e4sst<\/span><\/a><\/strong><\/p>\n<\/td>\n<\/tr>\n<tr style=\"height: 26px;\">\n<td style=\"width: 29.7618%; height: 26px;\"><span style=\"color: #2e435e;\"><strong>11:15 &#8211; 11:45 Uhr<\/strong><\/span><\/td>\n<td style=\"width: 70.2382%; height: 26px;\">\n<p><strong><a href=\"#studie\"><span style=\"color: #2bb2b8;\">Wie stehen die Deutschen in 2022 zu Online-Wahlen? Die Ergebnisse einer repr\u00e4sentativen Umfrage<\/span><\/a><\/strong><\/p>\n<\/td>\n<\/tr>\n<tr style=\"height: 26px;\">\n<td style=\"width: 29.7618%; height: 26px;\"><span style=\"color: #2e435e;\"><strong>11:45 &#8211; 12:15 Uhr<\/strong><\/span><\/td>\n<td style=\"width: 70.2382%; height: 26px;\">\n<p><strong><a href=\"#digitalisierung\"><span style=\"color: #2bb2b8;\">Tipps und Tricks: Guidelines f\u00fcr Digitalisierungsprozesse und ihre Fallstricke<\/span><\/a><\/strong><\/p>\n<\/td>\n<\/tr>\n<tr style=\"height: 71px;\">\n<td style=\"width: 29.7618%; height: 71px;\"><span style=\"color: #2e435e;\"><strong>12:15 &#8211; 12:45 Uhr<\/strong><\/span><\/td>\n<td style=\"width: 70.2382%; height: 71px;\">\n<p><span style=\"color: #2bb2b8;\"><strong>Mittagspause<\/strong><\/span><\/p>\n<\/td>\n<\/tr>\n<tr style=\"height: 26px;\">\n<td style=\"width: 29.7618%; height: 10px;\"><span style=\"color: #2e435e;\"><strong>12:45 &#8211; 13:30 Uhr<\/strong><\/span><\/td>\n<td style=\"width: 70.2382%; height: 10px;\">\n<p><strong><a href=\"#standards\"><span style=\"color: #2bb2b8;\">Technische Richtlinien in der Praxis &#8211; Der Weg zu einen pragmatischen Umgang mit Richtlinien und Standards<\/span><\/a><\/strong><\/p>\n<\/td>\n<\/tr>\n<tr style=\"height: 26px;\">\n<td style=\"width: 29.7618%; height: 26px;\"><span style=\"color: #2e435e;\"><strong>13:30 &#8211; 14:30 Uhr<\/strong><\/span><\/td>\n<td style=\"width: 70.2382%; height: 26px;\">\n<ul style=\"list-style-type: circle;\">\n<li><span style=\"color: #2bb2b8;\"><a style=\"color: #2bb2b8;\" href=\"#sicherheit\"><strong>Sicherheit jetzt und in Zukunft: Separation of Duty als Sicherheitsfeature von morgen<\/strong><\/a><\/span><\/li>\n<li><span style=\"color: #108b91;\"><strong><a style=\"color: #108b91;\" href=\"#genos\">Genossenschaftliche Werte digital \u00fcbersetzen<\/a><\/strong><\/span><\/li>\n<li><span style=\"color: #2bb2b8;\"><strong><a style=\"color: #2bb2b8;\" href=\"#vereine\">Berichte aus der Praxis: So richten Sie Ihre Online-Wahl oder Ihr Live Voting einfach selbst ein<\/a><\/strong><\/span><\/li>\n<li><span style=\"color: #108b91;\"><strong><a style=\"color: #108b91;\" href=\"#unis\">Tipps und Tricks: Rechtssichere und innovative Online-Wahlen an Hochschulen<\/a><\/strong><\/span><\/li>\n<li><span style=\"color: #2bb2b8;\"><strong><a style=\"color: #2bb2b8;\" href=\"#kirchen\">Umstrukturierung als Chance f\u00fcr mehr Partizipation. Wie l\u00e4sst sich mithilfe digitaler Tools mehr Partizipation in Kirchen f\u00f6rdern?<\/a><\/strong><\/span><\/li>\n<li><span style=\"color: #2bb2b8;\"><strong><a style=\"color: #2bb2b8;\" href=\"#kammern\"><span style=\"color: #108b91;\"><strong style=\"font-size: revert; font-family: inherit;\">Online-Wahlen bei Kammern <\/strong><\/span><span style=\"font-size: revert; font-weight: revert; font-family: inherit;\"><span style=\"color: #108b91;\">&#8211; Sind Briefwahlen nicht mehr zeitgem\u00e4\u00df?<\/span><\/span><\/a><\/strong><\/span><\/li>\n<\/ul>\n<\/td>\n<\/tr>\n<tr style=\"height: 26px;\">\n<td style=\"width: 29.7618%; height: 26px;\"><span style=\"color: #2e435e;\"><strong>14:30 &#8211; 14:40 Uhr<\/strong><\/span><\/td>\n<td style=\"width: 70.2382%; height: 26px;\"><span style=\"color: #2bb2b8;\"><strong>Abschlussrunde und Next Steps<\/strong><\/span><\/td>\n<\/tr>\n<\/tbody>\n<\/table>\n<h2><span style=\"color: #2e435e;\">Unsere Keynotes<\/span><\/h2>\n<h3 id=\"vertrauen\"><a href=\"https:\/\/www.youtube.com\/watch?v=4xwnt4iOo68\"><span style=\"color: #2bb2b8;\">Vertrauen als Erfolgsfaktor &#8211; welchen Einfluss gesellschaftliche Faktoren beim Gelingen von Online-Wahlen haben (auf Englisch)<\/span><\/a><\/h3>\n<p class=\"p1\"><em>Sprecher: Jan Willemson, Senior Researcher,\u00a0<span style=\"color: #2bb2b8;\"><a style=\"color: #2bb2b8;\" href=\"https:\/\/cyber.ee\/\"><span class=\"s1\">Cybernetica<\/span><\/a><\/span>, Estland<\/em><\/p>\n<p class=\"p1\"><em>Moderation: Patricia Schwan, Gesch\u00e4ftsf\u00fchrung &amp; Head of Sales, POLYAS<\/em><\/p>\n<div id=\"attachment_10998\" style=\"width: 260px\" class=\"wp-caption alignleft\"><a href=\"https:\/\/www.polyas.de\/blog\/wp-content\/uploads\/2022\/09\/Fu\u0308r-Mailings-nicht-fu\u0308r-Teamseite-runde-Portra\u0308ts-7.png\"><img aria-describedby=\"caption-attachment-10998\" data-attachment-id=\"10998\" data-permalink=\"https:\/\/www.polyas.de\/blog\/de\/veranstaltungen\/online-voting-summit-programm\/attachment\/fu%cc%88r-mailings-nicht-fu%cc%88r-teamseite-runde-portra%cc%88ts-7\" data-orig-file=\"https:\/\/www.polyas.de\/blog\/wp-content\/uploads\/2022\/09\/Fu\u0308r-Mailings-nicht-fu\u0308r-Teamseite-runde-Portra\u0308ts-7.png\" data-orig-size=\"500,500\" data-comments-opened=\"1\" data-image-meta=\"{&quot;aperture&quot;:&quot;0&quot;,&quot;credit&quot;:&quot;&quot;,&quot;camera&quot;:&quot;&quot;,&quot;caption&quot;:&quot;&quot;,&quot;created_timestamp&quot;:&quot;0&quot;,&quot;copyright&quot;:&quot;&quot;,&quot;focal_length&quot;:&quot;0&quot;,&quot;iso&quot;:&quot;0&quot;,&quot;shutter_speed&quot;:&quot;0&quot;,&quot;title&quot;:&quot;&quot;,&quot;orientation&quot;:&quot;0&quot;}\" data-image-title=\"Jan Willemson\" data-image-description=\"&lt;p&gt;Jan Willemson&lt;\/p&gt;\n\" data-image-caption=\"&lt;p&gt;Jan Willemson, Senior Researcher, Cybernetica, Estland&lt;\/p&gt;\n\" data-medium-file=\"https:\/\/www.polyas.de\/blog\/wp-content\/uploads\/2022\/09\/Fu\u0308r-Mailings-nicht-fu\u0308r-Teamseite-runde-Portra\u0308ts-7-300x300.png\" data-large-file=\"https:\/\/www.polyas.de\/blog\/wp-content\/uploads\/2022\/09\/Fu\u0308r-Mailings-nicht-fu\u0308r-Teamseite-runde-Portra\u0308ts-7.png\" loading=\"lazy\" class=\"wp-image-10998\" src=\"https:\/\/www.polyas.de\/blog\/wp-content\/uploads\/2022\/09\/Fu\u0308r-Mailings-nicht-fu\u0308r-Teamseite-runde-Portra\u0308ts-7.png\" alt=\"Jan Willemson\" width=\"250\" height=\"250\" srcset=\"https:\/\/www.polyas.de\/blog\/wp-content\/uploads\/2022\/09\/Fu\u0308r-Mailings-nicht-fu\u0308r-Teamseite-runde-Portra\u0308ts-7.png 500w, https:\/\/www.polyas.de\/blog\/wp-content\/uploads\/2022\/09\/Fu\u0308r-Mailings-nicht-fu\u0308r-Teamseite-runde-Portra\u0308ts-7-300x300.png 300w, https:\/\/www.polyas.de\/blog\/wp-content\/uploads\/2022\/09\/Fu\u0308r-Mailings-nicht-fu\u0308r-Teamseite-runde-Portra\u0308ts-7-150x150.png 150w\" sizes=\"(max-width: 250px) 100vw, 250px\" \/><\/a><p id=\"caption-attachment-10998\" class=\"wp-caption-text\">Jan Willemson, Senior Researcher, <span style=\"color: #2bb2b8;\"><a style=\"color: #2bb2b8;\" href=\"https:\/\/cyber.ee\/\" target=\"_blank\" rel=\"noopener\">Cybernetica<\/a><\/span>, Estland<\/p><\/div>\n<p>Wenn es um Online-Wahlen geht und deren Perspektive f\u00fcr parlamentarische Wahlen, steht die technische Umsetzung und Sicherheit oft im Fokus. Jan Willemson zieht diese Diskussion mal von einer anderen Seite auf: Laut seiner These besteht die eigentliche Herausforderung bei Wahlen eher darin, die \u00d6ffentlichkeit und besonders die\u00a0Verlierer der Wahl\u00a0von der Korrektheit der Ergebnisse zu \u00fcberzeugen. Denn soziale Faktoren \u2013 wie das\u00a0<strong>Vertrauen einer Gesellschaft\u00a0in\u00a0die\u00a0Integrit\u00e4t\u00a0einer Wahl<\/strong>\u00a0\u2013 beeinflussen ihr Gelingen weit mehr als der technisch korrekte und sichere Ablauf. Welche Faktoren nehmen auf dieses Vertrauen Einfluss? Und wie wird sich die Sicht der Gesellschaft auf Online-Wahlen in Zukunft ver\u00e4ndern?<\/p>\n<p>In Estland ist das E-Voting auch bei politischen Wahlen bereits Realit\u00e4t. Cybernetica ist ein estnisches Forschungs- und IT-Unternehmen mit einer Schl\u00fcsselrolle bei der Entwicklung mehrerer estnischer E-Government-L\u00f6sungen.<\/p>\n<p>Jan Willemson, Senior Researcher von Cybernetica, arbeitet seit 1998 als leitender Forscher bei Cybernetica u.a. an der Risikobewertung heterogener Systeme und erforscht Online-Wahlen.<\/p>\n<h3><span style=\"background-color: #2e435e; color: #2e435e;\"><em><span style=\"background-color: #ffffff;\"><span style=\"background-color: #ffffff;\">English Description &#8211; <\/span><\/span><\/em><\/span><span style=\"color: #2bb2b8;\"><a style=\"color: #2bb2b8;\" href=\"https:\/\/www.youtube.com\/watch?v=4xwnt4iOo68\">Trust as a factor for success &#8211; which influence do social factors have in the success of online elections?<\/a><\/span><\/h3>\n<p class=\"p1\"><em>Speaker: Jan Willemson, Senior Researcher, <span style=\"color: #2bb2b8;\"><a style=\"color: #2bb2b8;\" href=\"https:\/\/cyber.ee\/\"><span class=\"s1\">Cybernetica<\/span><\/a><\/span>, Estland<\/em><\/p>\n<p class=\"p1\"><em>Moderation: Patricia Schwan, Managing Director &amp; Head of Sales, POLYAS<\/em><\/p>\n<p>When it comes to online elections and their potential for parliamentary elections, the focus is often on technical implementation and security. Jan Willemson takes a different approach to this discussion: He argues that the real challenge in elections is to convince the public, and especially the losers of the election, that the results are correct. After all, social factors &#8211; such as a society&#8217;s trust in the integrity of an election &#8211; influence its success far more than a technically correct and secure process. So which factors have an impact on this trust? And how will society&#8217;s view of online elections change in the future?<\/p>\n<p>In Estonia, e-voting is already a reality, even in political elections. Cybernetica is an Estonian research and IT company with a key role in the development of several Estonian e-government systems.<\/p>\n<p>Jan Willemson, Senior Researcher at Cybernetica, has worked as a senior researcher at Cybernetica since 1998 on, among other things, risk assessment of heterogeneous systems and research of online elections.<\/p>\n<p>\u00a0<\/p>\n<h3 id=\"forensik\"><span style=\"color: #2bb2b8;\"><strong>Online-Wahlen &#8211; <span style=\"color: #2bb2b8;\"><a style=\"color: #2bb2b8;\" href=\"https:\/\/www.youtube.com\/watch?v=R04AGjOnlmA\">Wie sich mit Kryptografie die Quadratur des Kreises l\u00f6sen l\u00e4sst <\/a><\/span><\/strong>(auf Englisch)<\/span><\/h3>\n<p class=\"p1\"><em>Sprecher: Prof. Dr. Ing. Reto E. Koenig, <span style=\"color: #2bb2b8;\"><a style=\"color: #2bb2b8;\" href=\"https:\/\/www.bfh.ch\/de\/\" target=\"_blank\" rel=\"noopener\">Berner Fachhochschule<\/a><\/span>, School of Engineering and Computer Science und Dr. Tomasz Truderung, Head of Research, POLYAS<\/em><\/p>\n<p class=\"p1\"><em>Moderation: Patricia Schwan, Managing Director &amp; Head of Sales, <span style=\"color: #2bb2b8;\"><a style=\"color: #2bb2b8;\" href=\"http:\/\/www.polyas.de\" target=\"_blank\" rel=\"noopener\">POLYAS<\/a><\/span><\/em><\/p>\n<p style=\"background: white; vertical-align: baseline; margin: 0cm 0cm 13.35pt 0cm;\"><span style=\"font-size: 13.0pt; font-family: Helvetica; color: #4c4c4c;\">Wer Online-Wahlen auf dem Weg in ihre Forschungsst\u00e4tten folgt, begegnet dort oft den raffiniertesten technischen L\u00f6sungen zur Gew\u00e4hrleistung der Sicherheit und Geheimheit von Wahlen. Auf Fragen, die Nicht-Eingeweihten wie die Quadratur des Kreises vorkommen, finden sich hier Antworten, die komplexe kryptographische Systeme bieten. Wie etwa kann ich die Geheimheit der Online-Wahl sicherstellen und gleichzeitig dem Grundsatz der \u00d6ffentlichkeit \u2013 die Ergebnisse m\u00fcssen einfach nachvollziehbar sein \u2013 unter einen Hut bringen? Das ist doch eigentlich verr\u00fcckt, oder?<\/span><\/p>\n<p style=\"background: white; vertical-align: baseline; margin: 0cm 0cm 13.35pt 0cm;\"><span style=\"font-size: 13.0pt; font-family: Helvetica; color: #4c4c4c;\">Im Gespr\u00e4ch mit Tomasz Truderung, Head of Research &amp; Development bei POLYAS, wird Herr K\u00f6nig einige Themen aus den Laboren der Kryptografie und der Forensik beleuchten und anschaulich darstellen, mit welche L\u00f6sungen Online-Wahlen in Zukunft abgesichert werden k\u00f6nnen. <\/span><\/p>\n<div id=\"attachment_11242\" style=\"width: 260px\" class=\"wp-caption alignleft\"><a href=\"https:\/\/www.polyas.de\/blog\/wp-content\/uploads\/2022\/09\/Reto-Ko\u0308nig.png\"><img aria-describedby=\"caption-attachment-11242\" data-attachment-id=\"11242\" data-permalink=\"https:\/\/www.polyas.de\/blog\/de\/veranstaltungen\/online-voting-summit-programm\/attachment\/reto-ko%cc%88nig\" data-orig-file=\"https:\/\/www.polyas.de\/blog\/wp-content\/uploads\/2022\/09\/Reto-Ko\u0308nig.png\" data-orig-size=\"500,500\" data-comments-opened=\"1\" data-image-meta=\"{&quot;aperture&quot;:&quot;0&quot;,&quot;credit&quot;:&quot;&quot;,&quot;camera&quot;:&quot;&quot;,&quot;caption&quot;:&quot;&quot;,&quot;created_timestamp&quot;:&quot;0&quot;,&quot;copyright&quot;:&quot;&quot;,&quot;focal_length&quot;:&quot;0&quot;,&quot;iso&quot;:&quot;0&quot;,&quot;shutter_speed&quot;:&quot;0&quot;,&quot;title&quot;:&quot;&quot;,&quot;orientation&quot;:&quot;0&quot;}\" data-image-title=\"Reto Ko\u0308nig\" data-image-description=\"\" data-image-caption=\"&lt;p&gt;Prof. Dr. Ing. Reto E. Koenig, Berner Fachhochschule, School of Engineering and Computer Science&lt;\/p&gt;\n\" data-medium-file=\"https:\/\/www.polyas.de\/blog\/wp-content\/uploads\/2022\/09\/Reto-Ko\u0308nig-300x300.png\" data-large-file=\"https:\/\/www.polyas.de\/blog\/wp-content\/uploads\/2022\/09\/Reto-Ko\u0308nig.png\" loading=\"lazy\" class=\"wp-image-11242\" src=\"https:\/\/www.polyas.de\/blog\/wp-content\/uploads\/2022\/09\/Reto-Ko\u0308nig-300x300.png\" alt=\"Prof. Dr. Ing. Reto E. Koenig, Berner Fachhochschule, School of Engineering and Computer Science\" width=\"250\" height=\"250\" srcset=\"https:\/\/www.polyas.de\/blog\/wp-content\/uploads\/2022\/09\/Reto-Ko\u0308nig-300x300.png 300w, https:\/\/www.polyas.de\/blog\/wp-content\/uploads\/2022\/09\/Reto-Ko\u0308nig-150x150.png 150w, https:\/\/www.polyas.de\/blog\/wp-content\/uploads\/2022\/09\/Reto-Ko\u0308nig.png 500w\" sizes=\"(max-width: 250px) 100vw, 250px\" \/><\/a><p id=\"caption-attachment-11242\" class=\"wp-caption-text\">Prof. Dr. Ing. Reto E. Koenig, <span style=\"color: #2bb2b8;\"><a style=\"color: #2bb2b8;\" href=\"https:\/\/www.bfh.ch\/de\/\" target=\"_blank\" rel=\"noopener\">Berner Fachhochschule<\/a><\/span>, School of Engineering and Computer Science<\/p><\/div>\n<p style=\"background: white; vertical-align: baseline; margin: 0cm 0cm 13.35pt 0cm;\"><span style=\"font-size: 13.0pt; font-family: Helvetica; color: #4c4c4c;\">Die Fachgruppe, dessen Teil Reto E. K\u00f6nig ist, begann bereits 2007 mit ersten Studien zu sogenannten E-Voting-Protokollen. Derzeit entwickeln sie verifizierbare E-Voting-Systeme \u2013 also genau solche Systeme, die es den W\u00e4hlenden erm\u00f6glichen, die korrekte Erfassung und Ausz\u00e4hlung ihres Stimmzettelns zu \u00fcberpf\u00fcren. Um ein tieferes Verst\u00e4ndnis f\u00fcr die vielf\u00e4ltigen Aspekte des demokratischen Prozesses in der Informationsgesellschaft zu erlangen, arbeiten sie auf internationaler Ebene eng mit anderen Universit\u00e4ten zusammen.<\/span><\/p>\n<p style=\"background: white; vertical-align: baseline; margin: 0cm 0cm 13.35pt 0cm;\"><span style=\"font-size: 13.0pt; font-family: Helvetica; color: #4c4c4c;\">Seit 2016 sind sie Teil des internationalen Auditorenteams, das die Schweizerische Bundeskanzlei bei der Validierung eines potenziellen E-Voting-Systems f\u00fcr politische Wahlen und Referenden unterst\u00fctzt.<\/span><\/p>\n<h3><span style=\"background-color: #2e435e; color: #2e435e;\"><em><span style=\"background-color: #ffffff;\">English Description &#8211; <\/span><\/em><\/span><span style=\"color: #2bb2b8;\"><a style=\"color: #2bb2b8;\" href=\"https:\/\/www.youtube.com\/watch?v=R04AGjOnlmA\">Online elections &#8211; How cryptography can solve the squaring of the circle.<\/a><\/span><\/h3>\n<p><em>Speaker: Prof. Dr. Ing. Reto E. Koenig, Expert Group for E-Voting at the Institute for Cybersecurity and Engineering (ICE) at the <span style=\"color: #2bb2b8;\"><a style=\"color: #2bb2b8;\" href=\"https:\/\/www.bfh.ch\/de\/\" target=\"_blank\" rel=\"noopener\">Bern University of Applied Sciences (BFH)<\/a><\/span>.<\/em><\/p>\n<p class=\"p1\"><em>Moderation: Patricia Schwan, Gesch\u00e4ftsf\u00fchrung &amp; Head of Sales, <span style=\"color: #2bb2b8;\"><a style=\"color: #2bb2b8;\" href=\"http:\/\/www.polyas.de\" target=\"_blank\" rel=\"noopener\">POLYAS<\/a><\/span><\/em><\/p>\n<p>Those who closely follow online elections in their research centers often encounter the most sophisticated technical solutions to ensure the security and secrecy of elections. Questions that seem like squaring the circle to the uninitiated are answered by complex cryptographic systems. How, for example, can I ensure the secrecy of online voting and at the same time satisfy the principle of transparency because the results must be easily verifiable? That&#8217;s pretty crazy, isn&#8217;t it?<\/p>\n<div id=\"attachment_11243\" style=\"width: 260px\" class=\"wp-caption alignright\"><a href=\"https:\/\/www.polyas.de\/blog\/wp-content\/uploads\/2022\/09\/Tomasz.png\"><img aria-describedby=\"caption-attachment-11243\" data-attachment-id=\"11243\" data-permalink=\"https:\/\/www.polyas.de\/blog\/de\/veranstaltungen\/online-voting-summit-programm\/attachment\/tomasz\" data-orig-file=\"https:\/\/www.polyas.de\/blog\/wp-content\/uploads\/2022\/09\/Tomasz.png\" data-orig-size=\"500,500\" data-comments-opened=\"1\" data-image-meta=\"{&quot;aperture&quot;:&quot;0&quot;,&quot;credit&quot;:&quot;&quot;,&quot;camera&quot;:&quot;&quot;,&quot;caption&quot;:&quot;&quot;,&quot;created_timestamp&quot;:&quot;0&quot;,&quot;copyright&quot;:&quot;&quot;,&quot;focal_length&quot;:&quot;0&quot;,&quot;iso&quot;:&quot;0&quot;,&quot;shutter_speed&quot;:&quot;0&quot;,&quot;title&quot;:&quot;&quot;,&quot;orientation&quot;:&quot;0&quot;}\" data-image-title=\"Tomasz\" data-image-description=\"\" data-image-caption=\"&lt;p&gt;Dr. Tomasz Truderung, Head of Research, POLYAS&lt;\/p&gt;\n\" data-medium-file=\"https:\/\/www.polyas.de\/blog\/wp-content\/uploads\/2022\/09\/Tomasz-300x300.png\" data-large-file=\"https:\/\/www.polyas.de\/blog\/wp-content\/uploads\/2022\/09\/Tomasz.png\" loading=\"lazy\" class=\"wp-image-11243\" src=\"https:\/\/www.polyas.de\/blog\/wp-content\/uploads\/2022\/09\/Tomasz-300x300.png\" alt=\"Dr. Tomasz Truderung, Head of Research, POLYAS\" width=\"250\" height=\"250\" srcset=\"https:\/\/www.polyas.de\/blog\/wp-content\/uploads\/2022\/09\/Tomasz-300x300.png 300w, https:\/\/www.polyas.de\/blog\/wp-content\/uploads\/2022\/09\/Tomasz-150x150.png 150w, https:\/\/www.polyas.de\/blog\/wp-content\/uploads\/2022\/09\/Tomasz.png 500w\" sizes=\"(max-width: 250px) 100vw, 250px\" \/><\/a><p id=\"caption-attachment-11243\" class=\"wp-caption-text\">Dr. Tomasz Truderung, Head of Research, <span style=\"color: #2bb2b8;\"><a style=\"color: #2bb2b8;\" href=\"http:\/\/www.polyas.de\" target=\"_blank\" rel=\"noopener\">POLYAS<\/a><\/span><\/p><\/div>\n<p>In a discussion with Tomasz Truderung, Head of Research &amp; Development at POLYAS, Prof. Reto Koenig will shed light on several topics from the cryptographic and forensics laboratories and provide a vivid illustration of the solutions that can be used to safeguard online elections in the future.<\/p>\n<p>The group of experts, of which Reto E. Koenig is a member, started their first studies on so-called e-voting protocols back in 2007. They are currently developing verifiable e-voting systems &#8211; systems that allow voters to verify that their ballot has been correctly recorded and counted. They work closely with other international universities to gain a deeper understanding of the many aspects of democratic processes in today&#8217;s information society.<\/p>\n<p>Since 2016, they have been part of the international team of auditors supporting the Government of Switzerland in its quest to validate a potential e-voting system for political elections and referendums.<\/p>\n<p>\u00a0<\/p>\n<h3 id=\"studie\"><a href=\"https:\/\/vimeo.com\/770669058\"><span style=\"color: #2bb2b8;\">Wie stehen die Deutschen in 2022 zu Online-Wahlen? Die Ergebnisse einer repr\u00e4sentativen Umfrage\u00a0<\/span><\/a><\/h3>\n<div id=\"attachment_11197\" style=\"width: 260px\" class=\"wp-caption alignright\"><a href=\"https:\/\/www.polyas.de\/blog\/wp-content\/uploads\/2022\/09\/Christopher-Dahl.png\"><img aria-describedby=\"caption-attachment-11197\" data-attachment-id=\"11197\" data-permalink=\"https:\/\/www.polyas.de\/blog\/de\/veranstaltungen\/online-voting-summit-programm\/attachment\/christopher-dahl\" data-orig-file=\"https:\/\/www.polyas.de\/blog\/wp-content\/uploads\/2022\/09\/Christopher-Dahl.png\" data-orig-size=\"500,500\" data-comments-opened=\"1\" data-image-meta=\"{&quot;aperture&quot;:&quot;0&quot;,&quot;credit&quot;:&quot;&quot;,&quot;camera&quot;:&quot;&quot;,&quot;caption&quot;:&quot;&quot;,&quot;created_timestamp&quot;:&quot;0&quot;,&quot;copyright&quot;:&quot;&quot;,&quot;focal_length&quot;:&quot;0&quot;,&quot;iso&quot;:&quot;0&quot;,&quot;shutter_speed&quot;:&quot;0&quot;,&quot;title&quot;:&quot;&quot;,&quot;orientation&quot;:&quot;0&quot;}\" data-image-title=\"Christopher Dahl\" data-image-description=\"\" data-image-caption=\"&lt;p&gt;Christopher Dahl&lt;br \/&gt;\nHead of Research Consulting &#038; Operations, Appinio GmbH&lt;\/p&gt;\n\" data-medium-file=\"https:\/\/www.polyas.de\/blog\/wp-content\/uploads\/2022\/09\/Christopher-Dahl-300x300.png\" data-large-file=\"https:\/\/www.polyas.de\/blog\/wp-content\/uploads\/2022\/09\/Christopher-Dahl.png\" loading=\"lazy\" class=\"wp-image-11197\" src=\"https:\/\/www.polyas.de\/blog\/wp-content\/uploads\/2022\/09\/Christopher-Dahl-300x300.png\" alt=\"Christopher Dahl Head of Research Consulting &amp; Operations\" width=\"250\" height=\"250\" srcset=\"https:\/\/www.polyas.de\/blog\/wp-content\/uploads\/2022\/09\/Christopher-Dahl-300x300.png 300w, https:\/\/www.polyas.de\/blog\/wp-content\/uploads\/2022\/09\/Christopher-Dahl-150x150.png 150w, https:\/\/www.polyas.de\/blog\/wp-content\/uploads\/2022\/09\/Christopher-Dahl.png 500w\" sizes=\"(max-width: 250px) 100vw, 250px\" \/><\/a><p id=\"caption-attachment-11197\" class=\"wp-caption-text\">Christopher Dahl,<br \/>Head of Research Consulting &amp; Operations, <span style=\"color: #2bb2b8;\"><a style=\"color: #2bb2b8;\" href=\"https:\/\/www.appinio.com\/de\/\" target=\"_blank\" rel=\"noopener\">Appinio GmbH<\/a><\/span><\/p><\/div>\n<p class=\"p1\"><em>Sprecher: Christopher Dahl, Head of Research Consulting &amp; Operations,<span style=\"color: #2bb2b8;\"><a style=\"color: #2bb2b8;\" href=\"https:\/\/www.appinio.com\/de\/\" target=\"_blank\" rel=\"noopener\"> APPINIO <span style=\"color: #2bb2b8;\">GmbH<\/span><\/a><\/span><\/em><\/p>\n<p class=\"p1\"><em>Moderation: Patricia Schwan, Gesch\u00e4ftsf\u00fchrung &amp; Head of Sales, <span style=\"color: #2bb2b8;\"><a style=\"color: #2bb2b8;\" href=\"http:\/\/www.polyas.de\" target=\"_blank\" rel=\"noopener\">POLYAS<\/a><\/span><\/em><\/p>\n<p>Wie denken die 1000 befragten Deutschen \u00fcber Digitalisierung und wie viele versuchen, ihre Angelegenheiten bereits haupts\u00e4chlich digital zu erledigen? Wie viele w\u00fcrden bei einer Bundestagswahl online abstimmen und welche Vorteile sehen die Befragten in einer Online-Wahl?<\/p>\n<p>Zusammen mit <span style=\"color: #2bb2b8;\"><a style=\"color: #2bb2b8;\" href=\"https:\/\/www.appinio.com\/\" target=\"_blank\" rel=\"noopener\">Appinio<\/a><\/span>, einem Marktforschungsunternehmen aus Hamburg, untersuchte POLYAS in einer <a href=\"https:\/\/www.polyas.de\/whitepaper\/online-wahlen-studie-2022\"><strong><span style=\"color: #2bb2b8;\">repr\u00e4sentativen Umfrage<\/span><\/strong><\/a>, wie die Deutschen zu Online-Wahlen stehen.<\/p>\n<p>\u00a0<\/p>\n<h2><span style=\"color: #2e435e;\">POLYAS Online Voting Summit: Branchenspezifische Vortr\u00e4ge und Q&amp;A<\/span><\/h2>\n<h3 id=\"digitalisierung\"><span style=\"color: #2bb2b8;\">Tipps und Tricks: Guidelines f\u00fcr Digitalisierungsprozesse und ihre Fallstricke<\/span><\/h3>\n<p class=\"p1\"><em>Sprecher: Stefan Marx, CoFounder, <span style=\"color: #2bb2b8;\"><a style=\"color: #2bb2b8;\" href=\"https:\/\/particibyte.com\/\" target=\"_blank\" rel=\"noopener\">particibyte<\/a><\/span>, Digitaler Beteiligungsexperte und<\/em><em> J\u00f6rg Sommer, Direktor, <span style=\"color: #2bb2b8;\"><a style=\"color: #2bb2b8;\" href=\"https:\/\/www.bipar.de\/\" target=\"_blank\" rel=\"noopener\">Berlin Institut f\u00fcr Partizipation (bipar)<\/a><\/span><\/em><\/p>\n<p class=\"p1\"><em>Moderation: Patricia Schwan, Gesch\u00e4ftsf\u00fchrung &amp; Head of Sales, <span style=\"color: #2bb2b8;\"><a style=\"color: #2bb2b8;\" href=\"http:\/\/www.polyas.de\">POLYAS<\/a><\/span><\/em><\/p>\n<p>Alle gl\u00fccklichen\u00a0<strong>Digitalisierungsprozesse<\/strong>\u00a0gleichen einander, jeder ungl\u00fcckliche Digitalisierungsprozess ist auf seine eigene Weise ungl\u00fccklich \u2013 so h\u00e4tte es Tolstoi vermutlich gesagt. Fakt ist: F\u00fcr eine gelungene Digitalisierung eines jeglichen Prozesses bedarf es einer guten Vorbereitung und einiger Grund\u00fcberlegungen. Ist der Prozess selbst vielleicht erneuerungsbed\u00fcrftig? Lassen sich alle Elemente eines analogen Verfahrens in die digitale Welt \u00fcbertragen? Und selbst wenn ja, ist das sinnvoll? Diese Fragestellungen stehen allen erfolgreichen Digitalisierungsprozessen voran und brauchen gute Antworten. Das gilt auch bei Beteiligungsprozessen in Organisationen, Kommunen und Einrichtungen, f\u00fcr die die Digitalisierung viele Chancen bereith\u00e4lt. Daf\u00fcr muss aber oft erstmal ein Umdenken erreicht werden, das die Gegebenheiten der digitalen Partizipation mit in Betracht zieht.<\/p>\n<p>Wir diskutieren Guidelines, die bei allen Digitalisierungsprozessen beachtet werden sollten und \u201e\u00fcbersetzen\u201c diese f\u00fcr die Online-Wahlen.<\/p>\n<p>J\u00f6rg Sommer (*1963) ist Politikwissenschaftler und Soziologe. Er besch\u00e4ftigt sich seit \u00fcber 30 Jahren mit Fragen des gesellschaftlichen Engagements und Zusammenhaltes. Als Direktor des Berlin Institut f\u00fcr Partizipation arbeitet er auch als Gutachter und Berater f\u00fcr Parlamente, Ministerien, Stiftungen und Verb\u00e4nde.<\/p>\n<p>particibytes Ziel ist es, die Demoktatie zu retten. Wer Gro\u00dfes vorhat, muss im Kleinen anfangen: Deshalb begleitet und unterst\u00fctzt particibyte Unternehmen, Organisationen und NGOs bei Ver\u00e4nderungsprozessen. Ihr Ansatz: Nur wer Menschen beteiligt, bleibt erfolgreich.<\/p>\n<div id=\"attachment_10936\" style=\"width: 260px\" class=\"wp-caption alignleft\"><a href=\"https:\/\/www.polyas.de\/blog\/wp-content\/uploads\/2022\/09\/Stefan-Marx-CoFounder-particibyte-Digitaler-Beteiligungsexperte.png\"><img aria-describedby=\"caption-attachment-10936\" data-attachment-id=\"10936\" data-permalink=\"https:\/\/www.polyas.de\/blog\/de\/veranstaltungen\/online-voting-summit-programm\/attachment\/stefan-marx-cofounder-particibyte-digitaler-beteiligungsexperte\" data-orig-file=\"https:\/\/www.polyas.de\/blog\/wp-content\/uploads\/2022\/09\/Stefan-Marx-CoFounder-particibyte-Digitaler-Beteiligungsexperte.png\" data-orig-size=\"500,500\" data-comments-opened=\"1\" data-image-meta=\"{&quot;aperture&quot;:&quot;0&quot;,&quot;credit&quot;:&quot;&quot;,&quot;camera&quot;:&quot;&quot;,&quot;caption&quot;:&quot;&quot;,&quot;created_timestamp&quot;:&quot;0&quot;,&quot;copyright&quot;:&quot;&quot;,&quot;focal_length&quot;:&quot;0&quot;,&quot;iso&quot;:&quot;0&quot;,&quot;shutter_speed&quot;:&quot;0&quot;,&quot;title&quot;:&quot;&quot;,&quot;orientation&quot;:&quot;0&quot;}\" data-image-title=\"Stefan Marx, CoFounder, particibyte, Digitaler Beteiligungsexperte\" data-image-description=\"&lt;p&gt;Stefan Marx, CoFounder, particibyte, Digitaler Beteiligungsexperte&lt;\/p&gt;\n\" data-image-caption=\"&lt;p&gt;Stefan Marx, CoFounder, particibyte, Digitaler Beteiligungsexperte&lt;\/p&gt;\n\" data-medium-file=\"https:\/\/www.polyas.de\/blog\/wp-content\/uploads\/2022\/09\/Stefan-Marx-CoFounder-particibyte-Digitaler-Beteiligungsexperte-300x300.png\" data-large-file=\"https:\/\/www.polyas.de\/blog\/wp-content\/uploads\/2022\/09\/Stefan-Marx-CoFounder-particibyte-Digitaler-Beteiligungsexperte.png\" loading=\"lazy\" class=\"wp-image-10936\" src=\"https:\/\/www.polyas.de\/blog\/wp-content\/uploads\/2022\/09\/Stefan-Marx-CoFounder-particibyte-Digitaler-Beteiligungsexperte.png\" alt=\"Stefan Marx, CoFounder, particibyte, Digitaler Beteiligungsexperte\" width=\"250\" height=\"250\" srcset=\"https:\/\/www.polyas.de\/blog\/wp-content\/uploads\/2022\/09\/Stefan-Marx-CoFounder-particibyte-Digitaler-Beteiligungsexperte.png 500w, https:\/\/www.polyas.de\/blog\/wp-content\/uploads\/2022\/09\/Stefan-Marx-CoFounder-particibyte-Digitaler-Beteiligungsexperte-300x300.png 300w, https:\/\/www.polyas.de\/blog\/wp-content\/uploads\/2022\/09\/Stefan-Marx-CoFounder-particibyte-Digitaler-Beteiligungsexperte-150x150.png 150w\" sizes=\"(max-width: 250px) 100vw, 250px\" \/><\/a><p id=\"caption-attachment-10936\" class=\"wp-caption-text\">Stefan Marx, CoFounder, <span style=\"color: #2bb2b8;\"><a style=\"color: #2bb2b8;\" href=\"https:\/\/particibyte.com\/\" target=\"_blank\" rel=\"noopener\">particibyte<\/a><\/span>, Digitaler Beteiligungsexperte<\/p><\/div>\n<div id=\"attachment_11035\" style=\"width: 260px\" class=\"wp-caption alignright\"><a href=\"https:\/\/www.polyas.de\/blog\/wp-content\/uploads\/2022\/09\/jo\u0308rg-sommer.png\"><img aria-describedby=\"caption-attachment-11035\" data-attachment-id=\"11035\" data-permalink=\"https:\/\/www.polyas.de\/blog\/de\/veranstaltungen\/online-voting-summit-programm\/attachment\/jo%cc%88rg-sommer\" data-orig-file=\"https:\/\/www.polyas.de\/blog\/wp-content\/uploads\/2022\/09\/jo\u0308rg-sommer.png\" data-orig-size=\"500,500\" data-comments-opened=\"1\" data-image-meta=\"{&quot;aperture&quot;:&quot;0&quot;,&quot;credit&quot;:&quot;&quot;,&quot;camera&quot;:&quot;&quot;,&quot;caption&quot;:&quot;&quot;,&quot;created_timestamp&quot;:&quot;0&quot;,&quot;copyright&quot;:&quot;&quot;,&quot;focal_length&quot;:&quot;0&quot;,&quot;iso&quot;:&quot;0&quot;,&quot;shutter_speed&quot;:&quot;0&quot;,&quot;title&quot;:&quot;&quot;,&quot;orientation&quot;:&quot;0&quot;}\" data-image-title=\"jo\u0308rg-sommer\" data-image-description=\"&lt;p&gt;J\u00f6rg Sommer&lt;\/p&gt;\n\" data-image-caption=\"&lt;p&gt;J\u00f6rg Sommer, Direktor des Berlin Institut f\u00fcr Partizipation (bipar)&lt;\/p&gt;\n\" data-medium-file=\"https:\/\/www.polyas.de\/blog\/wp-content\/uploads\/2022\/09\/jo\u0308rg-sommer-300x300.png\" data-large-file=\"https:\/\/www.polyas.de\/blog\/wp-content\/uploads\/2022\/09\/jo\u0308rg-sommer.png\" loading=\"lazy\" class=\"wp-image-11035\" src=\"https:\/\/www.polyas.de\/blog\/wp-content\/uploads\/2022\/09\/jo\u0308rg-sommer.png\" alt=\"J\u00f6rg Sommer\" width=\"250\" height=\"250\" srcset=\"https:\/\/www.polyas.de\/blog\/wp-content\/uploads\/2022\/09\/jo\u0308rg-sommer.png 500w, https:\/\/www.polyas.de\/blog\/wp-content\/uploads\/2022\/09\/jo\u0308rg-sommer-300x300.png 300w, https:\/\/www.polyas.de\/blog\/wp-content\/uploads\/2022\/09\/jo\u0308rg-sommer-150x150.png 150w\" sizes=\"(max-width: 250px) 100vw, 250px\" \/><\/a><p id=\"caption-attachment-11035\" class=\"wp-caption-text\">J\u00f6rg Sommer, Direktor des <span style=\"color: #2bb2b8;\"><a style=\"color: #2bb2b8;\" href=\"https:\/\/www.bipar.de\/\" target=\"_blank\" rel=\"noopener\">Berlin Institut f\u00fcr Partizipation (bipar)<\/a><\/span><\/p><\/div>\n<h3 id=\"standards\"><span style=\"color: #2bb2b8;\">Technische Richtlinien in der Praxis &#8211; Der Weg zu einen pragmatischen Umgang mit Richtlinien und Standards<\/span><\/h3>\n<div id=\"attachment_11168\" style=\"width: 260px\" class=\"wp-caption alignright\"><a href=\"https:\/\/www.polyas.de\/blog\/wp-content\/uploads\/2022\/09\/peter-weiss-bundeswahlbeauftragter.png\"><img aria-describedby=\"caption-attachment-11168\" data-attachment-id=\"11168\" data-permalink=\"https:\/\/www.polyas.de\/blog\/de\/veranstaltungen\/online-voting-summit-programm\/attachment\/peter-weiss-bundeswahlbeauftragter\" data-orig-file=\"https:\/\/www.polyas.de\/blog\/wp-content\/uploads\/2022\/09\/peter-weiss-bundeswahlbeauftragter.png\" data-orig-size=\"500,500\" data-comments-opened=\"1\" data-image-meta=\"{&quot;aperture&quot;:&quot;0&quot;,&quot;credit&quot;:&quot;&quot;,&quot;camera&quot;:&quot;&quot;,&quot;caption&quot;:&quot;&quot;,&quot;created_timestamp&quot;:&quot;0&quot;,&quot;copyright&quot;:&quot;&quot;,&quot;focal_length&quot;:&quot;0&quot;,&quot;iso&quot;:&quot;0&quot;,&quot;shutter_speed&quot;:&quot;0&quot;,&quot;title&quot;:&quot;&quot;,&quot;orientation&quot;:&quot;0&quot;}\" data-image-title=\"peter wei\u00df bundeswahlbeauftragter\" data-image-description=\"&lt;p&gt;Peter Wei\u00df, Bundeswahlbeauftragter, Bundesministerium f\u00fcr Arbeit und Soziales (BMAS)&lt;\/p&gt;\n\" data-image-caption=\"&lt;p&gt;Peter Wei\u00df, Bundeswahlbeauftragter, Bundesministerium f\u00fcr Arbeit und Soziales (BMAS)&lt;\/p&gt;\n\" data-medium-file=\"https:\/\/www.polyas.de\/blog\/wp-content\/uploads\/2022\/09\/peter-weiss-bundeswahlbeauftragter-300x300.png\" data-large-file=\"https:\/\/www.polyas.de\/blog\/wp-content\/uploads\/2022\/09\/peter-weiss-bundeswahlbeauftragter.png\" loading=\"lazy\" class=\"wp-image-11168\" src=\"https:\/\/www.polyas.de\/blog\/wp-content\/uploads\/2022\/09\/peter-weiss-bundeswahlbeauftragter-300x300.png\" alt=\"Peter Wei\u00df, Bundeswahlbeauftragter, Bundesministerium f\u00fcr Arbeit und Soziales (BMAS)\" width=\"250\" height=\"250\" srcset=\"https:\/\/www.polyas.de\/blog\/wp-content\/uploads\/2022\/09\/peter-weiss-bundeswahlbeauftragter-300x300.png 300w, https:\/\/www.polyas.de\/blog\/wp-content\/uploads\/2022\/09\/peter-weiss-bundeswahlbeauftragter-150x150.png 150w, https:\/\/www.polyas.de\/blog\/wp-content\/uploads\/2022\/09\/peter-weiss-bundeswahlbeauftragter.png 500w\" sizes=\"(max-width: 250px) 100vw, 250px\" \/><\/a><p id=\"caption-attachment-11168\" class=\"wp-caption-text\">Peter Wei\u00df, Bundeswahlbeauftragter, <span style=\"color: #2bb2b8;\"><a style=\"color: #2bb2b8;\" href=\"https:\/\/www.bmas.de\/DE\/Startseite\/start.html\" target=\"_blank\" rel=\"noopener\">Bundesministerium f\u00fcr Arbeit und Soziales (BMAS)<\/a><\/span><\/p><\/div>\n<p class=\"p1\"><em>Sprecher: Peter Wei\u00df, Bundeswahlbeauftragter, <span style=\"color: #2bb2b8;\"><a style=\"color: #2bb2b8;\" href=\"https:\/\/www.bmas.de\/DE\/Startseite\/start.html\" target=\"_blank\" rel=\"noopener\">Bundesministerium f\u00fcr Arbeit und Soziales (BMAS)<\/a><\/span> und Roland Vogt, Leiter des Labors f\u00fcr Zertifizierung und Digitale Souver\u00e4nit\u00e4t, <span style=\"color: #2bb2b8;\"><a style=\"color: #2bb2b8;\" href=\"https:\/\/www.dfki.de\/web\" target=\"_blank\" rel=\"noopener\">Deutsches Forschungszentrum f\u00fcr K\u00fcnstliche Intelligenz (DFKI)<\/a><\/span><\/em><\/p>\n<p class=\"p1\"><em>Moderation: Jan Wegner, Gesch\u00e4ftsf\u00fchrung &amp; Head of Product, <span style=\"color: #2bb2b8;\"><a style=\"color: #2bb2b8;\" href=\"http:\/\/www.polyas.de\" target=\"_blank\" rel=\"noopener\">POLYAS<\/a><\/span><\/em><\/p>\n<p>Technische Richtlinien und Standards fungieren als Leitplanken f\u00fcr alle Organisationen und Unternehmen, die ihrer F\u00fcrsorgeplicht nachkommen und bei IT-Systemen auf Sicherheit setzen wollen. Eine sich immer schneller ver\u00e4ndernde Welt stellt die Verfassenden solcher Richtlinien jedoch vor Herausforderungen, denn neueste Erkenntnisse \u2013 etwa aus der Wissenschaft \u2013 lassen die Standards von heute oft morgen schon alt aussehen. Und f\u00fcr die Nutzerinnen und Nutzer, die neue Richtlinien ber\u00fccksichtigen wollen, ist dann oft nicht klar, wie sie zu lesen und umzusetzen sind. Wir holen uns die Perspektive des Bundeswahlbeauftragten, der sich mit den sehr hohen technischen Anforderungen an die Sozialwahl auseinandersetzen muss, sowie die Sicht eines Auditors, der die Umsetzung von Standards \u00fcberpr\u00fcft und ggf. zertifiziert.<\/p>\n<p>Herr Peter Wei\u00df ist seit 1. Oktober 2021 das Amt des Bundeswahlbeauftragten angetreten. Seine Hauptaufgabe ist die Vorbereitung und Durchf\u00fchrung der n\u00e4chsten Sozialversicherungswahlen im Jahr 2023.<\/p>\n<p>Er diskutiert gemeinsam mit Roland Vogt, Datenschutzbeauftragter im\u00a0<span style=\"color: #2bb2b8;\"><a style=\"color: #2bb2b8;\" href=\"https:\/\/www.dfki.de\/web\">Deutschen Forschungszentrum f\u00fcr K\u00fcnstliche Intelligenz (DFKI)<\/a><\/span>\u00a0zum Thema technische Richtlinien in der Praxis.<\/p>\n<h3 id=\"sicherheit\"><span style=\"color: #2bb2b8;\">Sicherheit jetzt und in Zukunft: Separation of Duty als Sicherheitsfeature von morgen<\/span><\/h3>\n<p class=\"p1\"><em>Sprecher:innen: Dr. Yvonne Haas, Manager Strategy &amp; New Ventures, <span style=\"color: #2bb2b8;\"><a style=\"color: #2bb2b8;\" href=\"https:\/\/www.bundesdruckerei.de\/de\" target=\"_blank\" rel=\"noopener\">Bundesdruckerei GmbH<\/a><\/span>, Roland Vogt, Leiter des Labors f\u00fcr Zertifizierung und Digitale Souver\u00e4nit\u00e4t, <span style=\"color: #2bb2b8;\"><a style=\"color: #2bb2b8;\" href=\"https:\/\/www.dfki.de\/web\" target=\"_blank\" rel=\"noopener\">Deutsches Forschungszentrum f\u00fcr K\u00fcnstliche Intelligenz (DFKI)<\/a><\/span> und Prof. Dr. Ing. Reto E. Koenig, <span style=\"color: #2bb2b8;\"><a style=\"color: #2bb2b8;\" href=\"https:\/\/www.bfh.ch\/de\/\" target=\"_blank\" rel=\"noopener\">Berner Fachhochschule<\/a><span style=\"color: #333333;\">, <\/span><\/span>School of Engineering and Computer Science<\/em><\/p>\n<p class=\"p1\"><em>Moderation: Jan Wegner, Gesch\u00e4ftsf\u00fchrung &amp; Head of Product, <span style=\"color: #2bb2b8;\"><a style=\"color: #2bb2b8;\" href=\"http:\/\/www.polyas.de\/\" target=\"_blank\" rel=\"noopener\">POLYAS<\/a><\/span><\/em><\/p>\n<p>Bei der Sicherung des Wahlgeheimnisses wird es in Zukunft nicht nur darum gehen, welche kryptographischen Verfahren zum Einsatz kommen. Zur umfassenden Absicherung von Online-Wahlen m\u00fcssen auch technisch-organisatorische Vorkehrungen getroffen werden.<\/p>\n<p>Die Stichworte sind hier: \u201e<strong>Separation of Duty<\/strong>\u201c oder auch \u201eSeparation of Trust\u201c.\u00a0Die Idee dahinter: Kein Anbieter allein sollte alle Informationen haben, die dazu geeignet w\u00e4ren, die Wahl \u2013 zum Beispiel durch Erpressung des Anbieters \u2013 zu manipulieren.\u00a0Deshalb werden die n\u00f6tigen Informationen\u00a0auf verschiedenen Parteien verteilt.<\/p>\n<p>Wie das geht und welche Technologien und Ma\u00dfnahmen die Zukunft von Online-Wahlen pr\u00e4gen werden, veranschaulichen wir in diesem Panel.<\/p>\n<div id=\"attachment_10940\" style=\"width: 260px\" class=\"wp-caption alignleft\"><a href=\"https:\/\/www.polyas.de\/blog\/wp-content\/uploads\/2022\/09\/Dr.-Yvonne-Haas-Manager-Strategy-New-Ventures-Bundesdruckerei-GmbH.png\"><img aria-describedby=\"caption-attachment-10940\" data-attachment-id=\"10940\" data-permalink=\"https:\/\/www.polyas.de\/blog\/de\/veranstaltungen\/online-voting-summit-programm\/attachment\/dr-yvonne-haas-manager-strategy-new-ventures-bundesdruckerei-gmbh\" data-orig-file=\"https:\/\/www.polyas.de\/blog\/wp-content\/uploads\/2022\/09\/Dr.-Yvonne-Haas-Manager-Strategy-New-Ventures-Bundesdruckerei-GmbH.png\" data-orig-size=\"500,500\" data-comments-opened=\"1\" data-image-meta=\"{&quot;aperture&quot;:&quot;0&quot;,&quot;credit&quot;:&quot;&quot;,&quot;camera&quot;:&quot;&quot;,&quot;caption&quot;:&quot;&quot;,&quot;created_timestamp&quot;:&quot;0&quot;,&quot;copyright&quot;:&quot;&quot;,&quot;focal_length&quot;:&quot;0&quot;,&quot;iso&quot;:&quot;0&quot;,&quot;shutter_speed&quot;:&quot;0&quot;,&quot;title&quot;:&quot;&quot;,&quot;orientation&quot;:&quot;0&quot;}\" data-image-title=\"Dr. Yvonne Haas, Manager Strategy &#038; New Ventures, Bundesdruckerei GmbH\" data-image-description=\"&lt;p&gt;Dr. Yvonne Haas, Manager Strategy &#038; New Ventures, Bundesdruckerei GmbH&lt;\/p&gt;\n\" data-image-caption=\"&lt;p&gt;Dr. Yvonne Haas, Manager Strategy &#038; New Ventures, Bundesdruckerei GmbH&lt;\/p&gt;\n\" data-medium-file=\"https:\/\/www.polyas.de\/blog\/wp-content\/uploads\/2022\/09\/Dr.-Yvonne-Haas-Manager-Strategy-New-Ventures-Bundesdruckerei-GmbH-300x300.png\" data-large-file=\"https:\/\/www.polyas.de\/blog\/wp-content\/uploads\/2022\/09\/Dr.-Yvonne-Haas-Manager-Strategy-New-Ventures-Bundesdruckerei-GmbH.png\" loading=\"lazy\" class=\"wp-image-10940\" src=\"https:\/\/www.polyas.de\/blog\/wp-content\/uploads\/2022\/09\/Dr.-Yvonne-Haas-Manager-Strategy-New-Ventures-Bundesdruckerei-GmbH-300x300.png\" alt=\"Dr. Yvonne Haas, Manager Strategy &amp; New Ventures, Bundesdruckerei GmbH\" width=\"250\" height=\"250\" srcset=\"https:\/\/www.polyas.de\/blog\/wp-content\/uploads\/2022\/09\/Dr.-Yvonne-Haas-Manager-Strategy-New-Ventures-Bundesdruckerei-GmbH-300x300.png 300w, https:\/\/www.polyas.de\/blog\/wp-content\/uploads\/2022\/09\/Dr.-Yvonne-Haas-Manager-Strategy-New-Ventures-Bundesdruckerei-GmbH-150x150.png 150w, https:\/\/www.polyas.de\/blog\/wp-content\/uploads\/2022\/09\/Dr.-Yvonne-Haas-Manager-Strategy-New-Ventures-Bundesdruckerei-GmbH.png 500w\" sizes=\"(max-width: 250px) 100vw, 250px\" \/><\/a><p id=\"caption-attachment-10940\" class=\"wp-caption-text\">Dr. Yvonne Haas, Manager Strategy &amp; New Ventures, <span style=\"color: #2bb2b8;\"><a style=\"color: #2bb2b8;\" href=\"https:\/\/www.bundesdruckerei.de\/de\" target=\"_blank\" rel=\"noopener\">Bundesdruckerei GmbH<\/a><\/span><\/p><\/div>\n<div id=\"attachment_11242\" style=\"width: 260px\" class=\"wp-caption alignright\"><a href=\"https:\/\/www.polyas.de\/blog\/wp-content\/uploads\/2022\/09\/Reto-Ko\u0308nig.png\"><img aria-describedby=\"caption-attachment-11242\" data-attachment-id=\"11242\" data-permalink=\"https:\/\/www.polyas.de\/blog\/de\/veranstaltungen\/online-voting-summit-programm\/attachment\/reto-ko%cc%88nig\" data-orig-file=\"https:\/\/www.polyas.de\/blog\/wp-content\/uploads\/2022\/09\/Reto-Ko\u0308nig.png\" data-orig-size=\"500,500\" data-comments-opened=\"1\" data-image-meta=\"{&quot;aperture&quot;:&quot;0&quot;,&quot;credit&quot;:&quot;&quot;,&quot;camera&quot;:&quot;&quot;,&quot;caption&quot;:&quot;&quot;,&quot;created_timestamp&quot;:&quot;0&quot;,&quot;copyright&quot;:&quot;&quot;,&quot;focal_length&quot;:&quot;0&quot;,&quot;iso&quot;:&quot;0&quot;,&quot;shutter_speed&quot;:&quot;0&quot;,&quot;title&quot;:&quot;&quot;,&quot;orientation&quot;:&quot;0&quot;}\" data-image-title=\"Reto Ko\u0308nig\" data-image-description=\"\" data-image-caption=\"&lt;p&gt;Prof. Dr. Ing. Reto E. Koenig, Berner Fachhochschule, School of Engineering and Computer Science&lt;\/p&gt;\n\" data-medium-file=\"https:\/\/www.polyas.de\/blog\/wp-content\/uploads\/2022\/09\/Reto-Ko\u0308nig-300x300.png\" data-large-file=\"https:\/\/www.polyas.de\/blog\/wp-content\/uploads\/2022\/09\/Reto-Ko\u0308nig.png\" loading=\"lazy\" class=\"wp-image-11242\" src=\"https:\/\/www.polyas.de\/blog\/wp-content\/uploads\/2022\/09\/Reto-Ko\u0308nig-300x300.png\" alt=\"Prof. Dr. Ing. Reto E. Koenig, Berner Fachhochschule, School of Engineering and Computer Science\" width=\"250\" height=\"250\" srcset=\"https:\/\/www.polyas.de\/blog\/wp-content\/uploads\/2022\/09\/Reto-Ko\u0308nig-300x300.png 300w, https:\/\/www.polyas.de\/blog\/wp-content\/uploads\/2022\/09\/Reto-Ko\u0308nig-150x150.png 150w, https:\/\/www.polyas.de\/blog\/wp-content\/uploads\/2022\/09\/Reto-Ko\u0308nig.png 500w\" sizes=\"(max-width: 250px) 100vw, 250px\" \/><\/a><p id=\"caption-attachment-11242\" class=\"wp-caption-text\">Prof. Dr. Ing. Reto E. Koenig, <span style=\"color: #2bb2b8;\"><a style=\"color: #2bb2b8;\" href=\"https:\/\/www.bfh.ch\/de\/\" target=\"_blank\" rel=\"noopener\">Berner Fachhochschule<\/a><\/span>, School of Engineering and Computer Science<\/p><\/div>\n<p>\u00a0<\/p>\n<p>\u00a0<\/p>\n<p>\u00a0<\/p>\n<p>\u00a0<\/p>\n<p>\u00a0<\/p>\n<p>\u00a0<\/p>\n<p>\u00a0<\/p>\n<p>\u00a0<\/p>\n<h3 id=\"genos\" class=\"p1\"><a href=\"https:\/\/vimeo.com\/770618043\"><span style=\"color: #2bb2b8;\">Genossenschaftliche Werte digital \u00fcbersetzen <\/span><\/a><\/h3>\n<div id=\"attachment_11258\" style=\"width: 260px\" class=\"wp-caption alignright\"><a href=\"https:\/\/www.polyas.de\/blog\/wp-content\/uploads\/2022\/09\/Christian-Poll.png\"><img aria-describedby=\"caption-attachment-11258\" data-attachment-id=\"11258\" data-permalink=\"https:\/\/www.polyas.de\/blog\/de\/veranstaltungen\/online-voting-summit-programm\/attachment\/christian-poll\" data-orig-file=\"https:\/\/www.polyas.de\/blog\/wp-content\/uploads\/2022\/09\/Christian-Poll.png\" data-orig-size=\"500,500\" data-comments-opened=\"1\" data-image-meta=\"{&quot;aperture&quot;:&quot;0&quot;,&quot;credit&quot;:&quot;&quot;,&quot;camera&quot;:&quot;&quot;,&quot;caption&quot;:&quot;&quot;,&quot;created_timestamp&quot;:&quot;0&quot;,&quot;copyright&quot;:&quot;&quot;,&quot;focal_length&quot;:&quot;0&quot;,&quot;iso&quot;:&quot;0&quot;,&quot;shutter_speed&quot;:&quot;0&quot;,&quot;title&quot;:&quot;&quot;,&quot;orientation&quot;:&quot;0&quot;}\" data-image-title=\"Christian Poll\" data-image-description=\"&lt;p&gt;Christian Poll&lt;\/p&gt;\n\" data-image-caption=\"&lt;p&gt;Christian Poll&lt;br \/&gt;\nSenior Berater,&lt;br \/&gt;\nVR-NetWorld GmbH&lt;\/p&gt;\n\" data-medium-file=\"https:\/\/www.polyas.de\/blog\/wp-content\/uploads\/2022\/09\/Christian-Poll-300x300.png\" data-large-file=\"https:\/\/www.polyas.de\/blog\/wp-content\/uploads\/2022\/09\/Christian-Poll.png\" loading=\"lazy\" class=\"wp-image-11258\" title=\"Online_Voting_Summit_Tobias_Brand\" src=\"https:\/\/www.polyas.de\/blog\/wp-content\/uploads\/2022\/09\/Christian-Poll-300x300.png\" alt=\"Christian Poll\" width=\"250\" height=\"250\" srcset=\"https:\/\/www.polyas.de\/blog\/wp-content\/uploads\/2022\/09\/Christian-Poll-300x300.png 300w, https:\/\/www.polyas.de\/blog\/wp-content\/uploads\/2022\/09\/Christian-Poll-150x150.png 150w, https:\/\/www.polyas.de\/blog\/wp-content\/uploads\/2022\/09\/Christian-Poll.png 500w\" sizes=\"(max-width: 250px) 100vw, 250px\" \/><\/a><p id=\"caption-attachment-11258\" class=\"wp-caption-text\">Christian Poll, Senior Berater, <span style=\"color: #2bb2b8;\"><a style=\"color: #2bb2b8;\" href=\"https:\/\/vr-networld.de\/\" target=\"_blank\" rel=\"noopener\">VR-NetWorld GmbH<\/a><\/span><\/p><\/div>\n<p class=\"p1\"><em>Sprecher: Christian Poll, Senior Berater,\u00a0<span style=\"color: #2bb2b8;\"><a style=\"color: #2bb2b8;\" href=\"https:\/\/vr-networld.de\/\"><span class=\"s1\">VR-NetWorld GmbH<\/span><\/a><\/span><\/em><\/p>\n<p class=\"p1\"><em>Moderation: Sophia B\u00f6ttcher, Partner Managerin, <span style=\"color: #2bb2b8;\"><a style=\"color: #2bb2b8;\" href=\"http:\/\/www.polyas.de\/\" target=\"_blank\" rel=\"noopener\">POLYAS<\/a><\/span><\/em><\/p>\n<p>Wie k\u00f6nnen Genossenschaftsbanken \u00fcber digitale Abstimmungsformate ihre Mitglieder st\u00e4rker und zeitgem\u00e4\u00dfer an Ihren Gestaltungsprozessen beteiligen? Die Durchf\u00fchrung effizienter und rechtssicherer virtueller General- und Vertreterversammlungen wird dabei eine gewichtige Rolle spielen. Wir schauen in die Zukunft von digitalen Abstimmungen in Genossenschaftsbanken und diskutieren dar\u00fcber, welchen Beitrag Online-Wahlen zu modernen, digitalisierten <strong>Genossenschaften<\/strong> leisten k\u00f6nnen.\u00a0<\/p>\n<p>Die Besch\u00e4ftigung mit dem Thema \u201eOnline-Wahlen\u201c lohnt sich: Das zentrale Anliegen von Genossenschaften ist es, partizipative Mitgliederwerte zu bieten, um gemeinsam wirtschaftliche Ziele zu erreichen. Regelm\u00e4\u00dfige Beteiligungsformate geh\u00f6ren daher zum Kern des genossenschaftlichen Gedankens.<\/p>\n<p>Die VR-NetWorld GmbH ist der zentrale digitale Dienstleister der Genossenschaftlichen FinanzGruppe Volksbanken Raiffeisenbanken. Das Unternehmen konzipiert und erstellt Inhalte f\u00fcr die digitalen Kan\u00e4le von \u00fcber 780 Banken deutschlandweit und unterst\u00fctzt seine Kundinnen und Kunden auch lokal bei Online-Marketing, Social Media und innovativen L\u00f6sungen wie Voice-Assistenten und Chatbots.<\/p>\n<p>\u00a0<\/p>\n<h3 id=\"vereine\"><a href=\"https:\/\/vimeo.com\/770642133\"><span style=\"color: #2bb2b8;\">Berichte aus der Praxis: So richten Sie Ihre Online-Wahl oder Ihr Live Voting einfach selbst ein<\/span><\/a><\/h3>\n<p class=\"p1\"><em>Sprecher:innen: Monika Karski, <span style=\"color: #2bb2b8;\"><a style=\"color: #2bb2b8;\" href=\"https:\/\/digitalmediawomen.de\/\" target=\"_blank\" rel=\"noopener\">Digital Media Women e.V.<\/a><\/span> und Armida Di Lorenzo, Leitung Community Management, <span style=\"color: #2bb2b8;\"><a style=\"color: #2bb2b8;\" href=\"https:\/\/www.send-ev.de\/\" target=\"_blank\" rel=\"noopener\">Send e.V.<\/a><\/span><\/em><\/p>\n<p class=\"p1\"><em>Moderation: Peter Schraeder, Senior Content Marketing Manager &amp; Team-Koordinator, <span style=\"color: #2bb2b8;\"><a style=\"color: #2bb2b8;\" href=\"http:\/\/www.polyas.de\" target=\"_blank\" rel=\"noopener\">POLYAS<\/a><\/span><\/em><\/p>\n<p style=\"text-align: left;\">Wahlen und Abstimmungen k\u00f6nnen kosteng\u00fcnstig mit dem <span style=\"color: #2bb2b8;\"><a style=\"color: #2bb2b8;\" href=\"https:\/\/configure.polyas.com\/\" target=\"_blank\" rel=\"noopener\">POLYAS Online-Wahlmanager<\/a><\/span> ganz einfach selbst erstellt werden. Doch wie funktioniert das genau? <strong>Vereine<\/strong> und andere Organisationen berichten in dieser Panel-Diskussion aus der Praxis.<\/p>\n<p style=\"text-align: left;\">Wie klappt es, selbst ein Live Voting einzurichten? Welche Herausforderungen gibt es und wie k\u00f6nnen diese gel\u00f6st werden? Welche Form der Unterst\u00fctzung stellt POLYAS bereit und welche Features sind n\u00fctzlich? Das POLYAS Support-Team steht ebenfalls Rede und Antwort.<\/p>\n<p>Das Social Entrepreneurship Netzwerk Deutschlands (kurz SEND) ist angetreten, um Sozialunternehmen zu vernetzen, zu st\u00e4rken und ihnen eine gemeinsame Stimme zu geben. SEND baut wichtige Br\u00fccken zur Politik, Zivilgesellschaft, Wohlfahrt und klassischen Wirtschaft, um positiven Wandel in unserer Gesellschaft voranzutreiben und die Rahmenbedingungen f\u00fcr soziale Innovationen zu verbessern. Armida Di Lorenzo ist studierte Kommunikationswissenschaftleri<wbr \/>n und leitet seit 2021 das Community Management bei SEND.<\/p>\n<div id=\"attachment_11000\" style=\"width: 260px\" class=\"wp-caption alignleft\"><a href=\"https:\/\/www.polyas.de\/blog\/wp-content\/uploads\/2022\/09\/monika-karski.png\"><img aria-describedby=\"caption-attachment-11000\" data-attachment-id=\"11000\" data-permalink=\"https:\/\/www.polyas.de\/blog\/de\/veranstaltungen\/online-voting-summit-programm\/attachment\/monika-karski\" data-orig-file=\"https:\/\/www.polyas.de\/blog\/wp-content\/uploads\/2022\/09\/monika-karski.png\" data-orig-size=\"500,500\" data-comments-opened=\"1\" data-image-meta=\"{&quot;aperture&quot;:&quot;0&quot;,&quot;credit&quot;:&quot;&quot;,&quot;camera&quot;:&quot;&quot;,&quot;caption&quot;:&quot;&quot;,&quot;created_timestamp&quot;:&quot;0&quot;,&quot;copyright&quot;:&quot;&quot;,&quot;focal_length&quot;:&quot;0&quot;,&quot;iso&quot;:&quot;0&quot;,&quot;shutter_speed&quot;:&quot;0&quot;,&quot;title&quot;:&quot;&quot;,&quot;orientation&quot;:&quot;0&quot;}\" data-image-title=\"monika-karski\" data-image-description=\"\" data-image-caption=\"&lt;p&gt;Monika Karski, Digital&lt;br \/&gt;\nMedia Women e.V.&lt;\/p&gt;\n\" data-medium-file=\"https:\/\/www.polyas.de\/blog\/wp-content\/uploads\/2022\/09\/monika-karski-300x300.png\" data-large-file=\"https:\/\/www.polyas.de\/blog\/wp-content\/uploads\/2022\/09\/monika-karski.png\" loading=\"lazy\" class=\"wp-image-11000\" src=\"https:\/\/www.polyas.de\/blog\/wp-content\/uploads\/2022\/09\/monika-karski-300x300.png\" alt=\"\" width=\"250\" height=\"250\" srcset=\"https:\/\/www.polyas.de\/blog\/wp-content\/uploads\/2022\/09\/monika-karski-300x300.png 300w, https:\/\/www.polyas.de\/blog\/wp-content\/uploads\/2022\/09\/monika-karski-150x150.png 150w, https:\/\/www.polyas.de\/blog\/wp-content\/uploads\/2022\/09\/monika-karski.png 500w\" sizes=\"(max-width: 250px) 100vw, 250px\" \/><\/a><p id=\"caption-attachment-11000\" class=\"wp-caption-text\">Monika Karski, <a href=\"https:\/\/digitalmediawomen.de\/\" target=\"_blank\" rel=\"noopener\"><span style=\"color: #2bb2b8;\">Digital <\/span><span style=\"color: #2bb2b8;\">Media Women e.V.<\/span><\/a><\/p><\/div>\n<div id=\"attachment_11175\" style=\"width: 260px\" class=\"wp-caption alignright\"><a href=\"https:\/\/www.polyas.de\/blog\/wp-content\/uploads\/2022\/09\/armida-di-lorenzo-send-ev.png\"><img aria-describedby=\"caption-attachment-11175\" data-attachment-id=\"11175\" data-permalink=\"https:\/\/www.polyas.de\/blog\/de\/veranstaltungen\/online-voting-summit-programm\/attachment\/armida-di-lorenzo-send-ev\" data-orig-file=\"https:\/\/www.polyas.de\/blog\/wp-content\/uploads\/2022\/09\/armida-di-lorenzo-send-ev.png\" data-orig-size=\"500,500\" data-comments-opened=\"1\" data-image-meta=\"{&quot;aperture&quot;:&quot;0&quot;,&quot;credit&quot;:&quot;&quot;,&quot;camera&quot;:&quot;&quot;,&quot;caption&quot;:&quot;&quot;,&quot;created_timestamp&quot;:&quot;0&quot;,&quot;copyright&quot;:&quot;&quot;,&quot;focal_length&quot;:&quot;0&quot;,&quot;iso&quot;:&quot;0&quot;,&quot;shutter_speed&quot;:&quot;0&quot;,&quot;title&quot;:&quot;&quot;,&quot;orientation&quot;:&quot;0&quot;}\" data-image-title=\"armida di lorenzo send ev\" data-image-description=\"&lt;p&gt;Armida Di Lorenzo, Leitung Community Management, SEND e.V.&lt;\/p&gt;\n\" data-image-caption=\"&lt;p&gt;Armida Di Lorenzo, Leitung Community Management, SEND e.V.&lt;\/p&gt;\n\" data-medium-file=\"https:\/\/www.polyas.de\/blog\/wp-content\/uploads\/2022\/09\/armida-di-lorenzo-send-ev-300x300.png\" data-large-file=\"https:\/\/www.polyas.de\/blog\/wp-content\/uploads\/2022\/09\/armida-di-lorenzo-send-ev.png\" loading=\"lazy\" class=\"wp-image-11175\" src=\"https:\/\/www.polyas.de\/blog\/wp-content\/uploads\/2022\/09\/armida-di-lorenzo-send-ev-300x300.png\" alt=\"Armida Di Lorenzo, Leitung Community Management, SEND e.V.\" width=\"250\" height=\"250\" srcset=\"https:\/\/www.polyas.de\/blog\/wp-content\/uploads\/2022\/09\/armida-di-lorenzo-send-ev-300x300.png 300w, https:\/\/www.polyas.de\/blog\/wp-content\/uploads\/2022\/09\/armida-di-lorenzo-send-ev-150x150.png 150w, https:\/\/www.polyas.de\/blog\/wp-content\/uploads\/2022\/09\/armida-di-lorenzo-send-ev.png 500w\" sizes=\"(max-width: 250px) 100vw, 250px\" \/><\/a><p id=\"caption-attachment-11175\" class=\"wp-caption-text\">Armida Di Lorenzo, Leitung Community Management, <span style=\"color: #2bb2b8;\"><a style=\"color: #2bb2b8;\" href=\"https:\/\/www.send-ev.de\/\" target=\"_blank\" rel=\"noopener\">SEND e.V.<\/a><\/span><\/p><\/div>\n<h3 id=\"unis\"><a href=\"https:\/\/vimeo.com\/770735809\"><span style=\"color: #2bb2b8;\">Tipps und Tricks: Rechtssichere und innovative Online-Wahlen an Hochschulen<\/span><\/a><\/h3>\n<div id=\"attachment_10945\" style=\"width: 260px\" class=\"wp-caption alignleft\"><a href=\"https:\/\/www.polyas.de\/blog\/wp-content\/uploads\/2022\/09\/Ru\u0308ttger.png\"><img aria-describedby=\"caption-attachment-10945\" data-attachment-id=\"10945\" data-permalink=\"https:\/\/www.polyas.de\/blog\/de\/veranstaltungen\/online-voting-summit-programm\/attachment\/ru%cc%88ttger\" data-orig-file=\"https:\/\/www.polyas.de\/blog\/wp-content\/uploads\/2022\/09\/Ru\u0308ttger.png\" data-orig-size=\"500,500\" data-comments-opened=\"1\" data-image-meta=\"{&quot;aperture&quot;:&quot;0&quot;,&quot;credit&quot;:&quot;&quot;,&quot;camera&quot;:&quot;&quot;,&quot;caption&quot;:&quot;&quot;,&quot;created_timestamp&quot;:&quot;0&quot;,&quot;copyright&quot;:&quot;&quot;,&quot;focal_length&quot;:&quot;0&quot;,&quot;iso&quot;:&quot;0&quot;,&quot;shutter_speed&quot;:&quot;0&quot;,&quot;title&quot;:&quot;&quot;,&quot;orientation&quot;:&quot;0&quot;}\" data-image-title=\"Marco R\u00fcttger M.A., Leiter des Wahlamtes der Friedrich-Schiller-Universit\u00e4t Jena\" data-image-description=\"&lt;p&gt;Marco R\u00fcttger M.A., Leiter des Wahlamtes der Friedrich-Schiller-Universit\u00e4t Jena&lt;\/p&gt;\n\" data-image-caption=\"&lt;p&gt;Marco R\u00fcttger M.A., Leiter des Wahlamtes der Friedrich-Schiller-Universit\u00e4t Jena&lt;\/p&gt;\n\" data-medium-file=\"https:\/\/www.polyas.de\/blog\/wp-content\/uploads\/2022\/09\/Ru\u0308ttger-300x300.png\" data-large-file=\"https:\/\/www.polyas.de\/blog\/wp-content\/uploads\/2022\/09\/Ru\u0308ttger.png\" loading=\"lazy\" class=\"wp-image-10945\" title=\"Online_Voting_Summit_Marco_R\u00fcttger\" src=\"https:\/\/www.polyas.de\/blog\/wp-content\/uploads\/2022\/09\/Ru\u0308ttger.png\" alt=\"Marco R\u00fcttger M.A., Leiter des Wahlamtes der Friedrich-Schiller-Universit\u00e4t Jena\" width=\"250\" height=\"250\" srcset=\"https:\/\/www.polyas.de\/blog\/wp-content\/uploads\/2022\/09\/Ru\u0308ttger.png 500w, https:\/\/www.polyas.de\/blog\/wp-content\/uploads\/2022\/09\/Ru\u0308ttger-300x300.png 300w, https:\/\/www.polyas.de\/blog\/wp-content\/uploads\/2022\/09\/Ru\u0308ttger-150x150.png 150w\" sizes=\"(max-width: 250px) 100vw, 250px\" \/><\/a><p id=\"caption-attachment-10945\" class=\"wp-caption-text\">Marco R\u00fcttger M.A., Leiter des Wahlamtes der <span style=\"color: #2bb2b8;\"><a style=\"color: #2bb2b8;\" href=\"https:\/\/www.uni-jena.de\/\" target=\"_blank\" rel=\"noopener\">Friedrich-Schiller-Universit\u00e4t Jena<\/a><\/span><\/p><\/div>\n<p class=\"p1\"><em>Sprecher: Marco R\u00fcttger M.A., Leiter des Wahlamtes der <span style=\"color: #2bb2b8;\"><a style=\"color: #2bb2b8;\" href=\"https:\/\/www.uni-jena.de\/\" target=\"_blank\" rel=\"noopener\">Friedrich-Schiller-Universit\u00e4t Jena<\/a><\/span>,<\/em><\/p>\n<p class=\"p1\"><em>Christian Bartels, stellvertretender Leiter der Stabsstelle Kanzlerb\u00fcro\/ Organisationsentwicklung an der <span style=\"color: #2bb2b8;\"><a style=\"color: #2bb2b8;\" href=\"https:\/\/www.fau.de\/\" target=\"_blank\" rel=\"noopener\">Friedrich-Alexander-Universit\u00e4t Erlangen-N\u00fcrnberg (FAU)<\/a><\/span> und Wolfgang Kirnberger, <span style=\"color: #2bb2b8;\"><a style=\"color: #2bb2b8;\" href=\"https:\/\/www.systranet-edv.de\/\" target=\"_blank\" rel=\"noopener\">SysTraNet EDV-Systementwicklung GmbH<\/a><\/span><\/em><\/p>\n<p class=\"p1\"><em>Moderation: Anastasia Tomskikh, Senior Project Managerin, <span style=\"color: #2bb2b8;\"><a style=\"color: #2bb2b8;\" href=\"http:\/\/www.polyas.de\/\" target=\"_blank\" rel=\"noopener\">POLYAS<\/a><\/span><\/em><\/p>\n<p style=\"text-align: left;\">Die <span style=\"color: #2bb2b8;\"><a style=\"color: #2bb2b8;\" href=\"https:\/\/www.uni-jena.de\/\" target=\"_blank\" rel=\"noopener\">Friedrich-Schiller-Universit\u00e4t Jena<\/a><\/span> war 2010 die erste <strong>Universit\u00e4t<\/strong> Deutschlands, die elektronische Gremienwahlen einf\u00fchrte und seit 2012 jedes Jahr erfolgreich umsetzt. Die in den vergangenen Jahren entstandene Wahlordnung dient vielen Hochschulen als Vorlage f\u00fcr die eigene rechtliche Ausgestaltung.<\/p>\n<p style=\"text-align: left;\">Seit zwei Jahren nutzt die <span style=\"color: #2bb2b8;\"><a style=\"color: #2bb2b8;\" href=\"https:\/\/www.fau.de\/\" target=\"_blank\" rel=\"noopener\">Friedrich-Alexander-Universit\u00e4t Erlangen-N\u00fcrnberg (FAU)<\/a><\/span> neu geschaffene Freir\u00e4ume zur Durchf\u00fchrung digitaler Hochschulwahlen, bringt Innovation und Rechtssicherheit zusammen und schafft Akzeptanz f\u00fcr neue Formen der Wahldurchf\u00fchrung. So schloss sich die FAU 2022 mit f\u00fcnf bayrischen <strong>Hochschulen<\/strong> zusammen um ihre jeweiligen Online-Wahlen in Kooperation umzusetzen. Die <span style=\"color: #2bb2b8;\"><a style=\"color: #2bb2b8;\" href=\"https:\/\/www.systranet-edv.de\/\" target=\"_blank\" rel=\"noopener\">SysTraNet EDV-Systementwicklung<\/a><\/span> koordinierte hier als technischer Ansprechpartner.<\/p>\n<div id=\"attachment_10946\" style=\"width: 260px\" class=\"wp-caption alignleft\"><a href=\"https:\/\/www.polyas.de\/blog\/wp-content\/uploads\/2022\/09\/Bartels.png\"><img aria-describedby=\"caption-attachment-10946\" data-attachment-id=\"10946\" data-permalink=\"https:\/\/www.polyas.de\/blog\/de\/veranstaltungen\/online-voting-summit-programm\/attachment\/bartels\" data-orig-file=\"https:\/\/www.polyas.de\/blog\/wp-content\/uploads\/2022\/09\/Bartels.png\" data-orig-size=\"500,500\" data-comments-opened=\"1\" data-image-meta=\"{&quot;aperture&quot;:&quot;0&quot;,&quot;credit&quot;:&quot;&quot;,&quot;camera&quot;:&quot;&quot;,&quot;caption&quot;:&quot;&quot;,&quot;created_timestamp&quot;:&quot;0&quot;,&quot;copyright&quot;:&quot;&quot;,&quot;focal_length&quot;:&quot;0&quot;,&quot;iso&quot;:&quot;0&quot;,&quot;shutter_speed&quot;:&quot;0&quot;,&quot;title&quot;:&quot;&quot;,&quot;orientation&quot;:&quot;0&quot;}\" data-image-title=\"Christian Bartels, stellvertretender Leiter der Stabsstelle Kanzlerb\u00fcro\/ Organisationsentwicklung an der Friedrich-Alexander-Universit\u00e4t Erlangen-N\u00fcrnberg (FAU)\" data-image-description=\"&lt;p&gt;Christian Bartels, stellvertretender Leiter der Stabsstelle Kanzlerb\u00fcro\/ Organisationsentwicklung an der Friedrich-Alexander-Universit\u00e4t Erlangen-N\u00fcrnberg (FAU)&lt;\/p&gt;\n\" data-image-caption=\"&lt;p&gt;Christian Bartels, stellv. Leiter Stabsstelle Kanzlerb\u00fcro\/ Organisationsentwicklung, Friedrich-Alexander-Universit\u00e4t Erlangen-N\u00fcrnberg (FAU)&lt;\/p&gt;\n\" data-medium-file=\"https:\/\/www.polyas.de\/blog\/wp-content\/uploads\/2022\/09\/Bartels-300x300.png\" data-large-file=\"https:\/\/www.polyas.de\/blog\/wp-content\/uploads\/2022\/09\/Bartels.png\" loading=\"lazy\" class=\"wp-image-10946\" src=\"https:\/\/www.polyas.de\/blog\/wp-content\/uploads\/2022\/09\/Bartels.png\" alt=\"hristian Bartels, stellv. Leiter Stabsstelle Kanzlerb\u00fcro\/ Organisationsentwicklung, Friedrich-Alexander-Universit\u00e4t Erlangen-N\u00fcrnberg (FAU)\" width=\"250\" height=\"250\" srcset=\"https:\/\/www.polyas.de\/blog\/wp-content\/uploads\/2022\/09\/Bartels.png 500w, https:\/\/www.polyas.de\/blog\/wp-content\/uploads\/2022\/09\/Bartels-300x300.png 300w, https:\/\/www.polyas.de\/blog\/wp-content\/uploads\/2022\/09\/Bartels-150x150.png 150w\" sizes=\"(max-width: 250px) 100vw, 250px\" \/><\/a><p id=\"caption-attachment-10946\" class=\"wp-caption-text\">Christian Bartels, stellv. Leiter Stabsstelle Kanzlerb\u00fcro\/ Organisationsentwicklung, <span style=\"color: #2bb2b8;\"><a style=\"color: #2bb2b8;\" href=\"https:\/\/www.fau.de\/\" target=\"_blank\" rel=\"noopener\">Friedrich-Alexander-Universit\u00e4t Erlangen-N\u00fcrnberg (FAU)<\/a><\/span><\/p><\/div>\n<div id=\"attachment_10947\" style=\"width: 260px\" class=\"wp-caption alignright\"><a href=\"https:\/\/www.polyas.de\/blog\/wp-content\/uploads\/2022\/09\/Kirnberger.png\"><img aria-describedby=\"caption-attachment-10947\" data-attachment-id=\"10947\" data-permalink=\"https:\/\/www.polyas.de\/blog\/de\/veranstaltungen\/online-voting-summit-programm\/attachment\/kirnberger\" data-orig-file=\"https:\/\/www.polyas.de\/blog\/wp-content\/uploads\/2022\/09\/Kirnberger.png\" data-orig-size=\"500,500\" data-comments-opened=\"1\" data-image-meta=\"{&quot;aperture&quot;:&quot;0&quot;,&quot;credit&quot;:&quot;&quot;,&quot;camera&quot;:&quot;&quot;,&quot;caption&quot;:&quot;&quot;,&quot;created_timestamp&quot;:&quot;0&quot;,&quot;copyright&quot;:&quot;&quot;,&quot;focal_length&quot;:&quot;0&quot;,&quot;iso&quot;:&quot;0&quot;,&quot;shutter_speed&quot;:&quot;0&quot;,&quot;title&quot;:&quot;&quot;,&quot;orientation&quot;:&quot;0&quot;}\" data-image-title=\"Wolfgang Kirnberger, SysTraNet EDV-Systementwicklung GmbH\" data-image-description=\"&lt;p&gt;Wolfgang Kirnberger, SysTraNet EDV-Systementwicklung GmbH&lt;\/p&gt;\n\" data-image-caption=\"&lt;p&gt;Wolfgang Kirnberger, SysTraNet EDV-Systementwicklung GmbH&lt;\/p&gt;\n\" data-medium-file=\"https:\/\/www.polyas.de\/blog\/wp-content\/uploads\/2022\/09\/Kirnberger-300x300.png\" data-large-file=\"https:\/\/www.polyas.de\/blog\/wp-content\/uploads\/2022\/09\/Kirnberger.png\" loading=\"lazy\" class=\"wp-image-10947\" src=\"https:\/\/www.polyas.de\/blog\/wp-content\/uploads\/2022\/09\/Kirnberger.png\" alt=\"Wolfgang Kirnberger, SysTraNet EDV-Systementwicklung GmbH\" width=\"250\" height=\"250\" srcset=\"https:\/\/www.polyas.de\/blog\/wp-content\/uploads\/2022\/09\/Kirnberger.png 500w, https:\/\/www.polyas.de\/blog\/wp-content\/uploads\/2022\/09\/Kirnberger-300x300.png 300w, https:\/\/www.polyas.de\/blog\/wp-content\/uploads\/2022\/09\/Kirnberger-150x150.png 150w\" sizes=\"(max-width: 250px) 100vw, 250px\" \/><\/a><p id=\"caption-attachment-10947\" class=\"wp-caption-text\">Wolfgang Kirnberger, <span style=\"color: #2bb2b8;\"><a style=\"color: #2bb2b8;\" href=\"https:\/\/www.systranet-edv.de\/\" target=\"_blank\" rel=\"noopener\">SysTraNet EDV-Systementwicklung GmbH<\/a><\/span><\/p><\/div>\n<h3 id=\"kirchen\"><span style=\"color: #2bb2b8;\">Umstrukturierung als Chance f\u00fcr mehr Partizipation. Wie l\u00e4sst sich mithilfe digitaler Tools mehr Partizipation in Kirchen f\u00f6rdern?<\/span><\/h3>\n<p class=\"p1\"><em>Sprecher: Josef Peis, Di\u00f6zesanrat der Katholiken der <span style=\"color: #2bb2b8;\"><a style=\"color: #2bb2b8;\" href=\"https:\/\/www.erzbistum-muenchen.de\/\" target=\"_blank\" rel=\"noopener\">Erzdi\u00f6zese M\u00fcnchen und Freising<\/a><\/span>, Gesch\u00e4ftsf\u00fchrer und Frank Rudolph, Teamleitung Marktinteraktion, <span style=\"color: #2bb2b8;\"><a style=\"color: #2bb2b8;\" href=\"https:\/\/www.eckd-kigst.de\/\" target=\"_blank\" rel=\"noopener\">ECKD Service GmbH<\/a><\/span><\/em><\/p>\n<p class=\"p1\"><em>Moderation: Antonia Reichwein, Team-Koordinatorin Sales, <span style=\"color: #2bb2b8;\"><a style=\"color: #2bb2b8;\" href=\"http:\/\/www.polyas.de\/\" target=\"_blank\" rel=\"noopener\">POLYAS<\/a><\/span><\/em><\/p>\n<p class=\"p1\" style=\"text-align: left;\">In Deutschland sind <strong>Kirchen<\/strong> nach dem \u00f6ffentlichen Dienst der zweitgr\u00f6\u00dfte Arbeitgeber. Die r\u00f6misch-katholische und evangelische Kirche verlieren allerdings Mitglieder in Deutschland. Wie gelingt Kirchen der Spagat mittels Digitalisierung, f\u00fcr junge Mitglieder attraktiv zu werden und \u00e4ltere W\u00e4hler:innen gleicherma\u00dfen einzubinden? Welche H\u00fcrden sind zu meistern, um alle mit einzubinden und zu motivieren? Bilden Online-Abstimmungen vielleicht einen geeigneten Auftakt, um Digitalisierung in den Kirchen einzuf\u00fchren und weiterzudenken zur Mitgliederbindung?<\/p>\n<p class=\"p1\" style=\"text-align: left;\">Die <span style=\"color: #2bb2b8;\"><a style=\"color: #2bb2b8;\" href=\"https:\/\/www.eckd-kigst.de\/\" target=\"_blank\" rel=\"noopener\">ECKD Service GmbH<\/a><\/span> stellt IT-L\u00f6sungen und Dienstleistungen f\u00fcr den kirchlichen Markt bereit. Frank Rudolph berichtet von Herausforderungen, Erfahrungen und R\u00fcckmeldung zu durchgef\u00fchrten Projekten, die er von Kirchen, der Diakonie oder Caritas hierzu erhalten hat.<\/p>\n<p>Josef Peis, Gesch\u00e4ftsf\u00fchrer Di\u00f6zesanrat der Katholiken der <span style=\"color: #2bb2b8;\"><a style=\"color: #2bb2b8;\" href=\"https:\/\/www.erzbistum-muenchen.de\/\">Erzdi\u00f6zese M\u00fcnchen und Freising<\/a><\/span> berichtet dar\u00fcber, wie im Erzbistum in 2020 die Pfarrgemeinderatswahl auch als Online-Wahl durchgef\u00fchrt wurde. Gut 1,1 Millionen Wahlberechtigte konnten ihre Stimme online abgeben.<\/p>\n<div id=\"attachment_10950\" style=\"width: 260px\" class=\"wp-caption alignleft\"><a href=\"https:\/\/www.polyas.de\/blog\/wp-content\/uploads\/2022\/09\/Frank-Rudolph-Teamleitung-Marktinteraktion-ECKD-Service-GmbH.png\"><img aria-describedby=\"caption-attachment-10950\" data-attachment-id=\"10950\" data-permalink=\"https:\/\/www.polyas.de\/blog\/de\/veranstaltungen\/online-voting-summit-programm\/attachment\/frank-rudolph-teamleitung-marktinteraktion-eckd-service-gmbh\" data-orig-file=\"https:\/\/www.polyas.de\/blog\/wp-content\/uploads\/2022\/09\/Frank-Rudolph-Teamleitung-Marktinteraktion-ECKD-Service-GmbH.png\" data-orig-size=\"500,500\" data-comments-opened=\"1\" data-image-meta=\"{&quot;aperture&quot;:&quot;0&quot;,&quot;credit&quot;:&quot;&quot;,&quot;camera&quot;:&quot;&quot;,&quot;caption&quot;:&quot;&quot;,&quot;created_timestamp&quot;:&quot;0&quot;,&quot;copyright&quot;:&quot;&quot;,&quot;focal_length&quot;:&quot;0&quot;,&quot;iso&quot;:&quot;0&quot;,&quot;shutter_speed&quot;:&quot;0&quot;,&quot;title&quot;:&quot;&quot;,&quot;orientation&quot;:&quot;0&quot;}\" data-image-title=\"Frank Rudolph, Teamleitung Marktinteraktion, ECKD Service GmbH\" data-image-description=\"&lt;p&gt;Frank Rudolph, Teamleitung Marktinteraktion, ECKD Service GmbH&lt;\/p&gt;\n\" data-image-caption=\"&lt;p&gt;Frank Rudolph, Teamleitung Marktinteraktion, ECKD Service GmbH&lt;\/p&gt;\n\" data-medium-file=\"https:\/\/www.polyas.de\/blog\/wp-content\/uploads\/2022\/09\/Frank-Rudolph-Teamleitung-Marktinteraktion-ECKD-Service-GmbH-300x300.png\" data-large-file=\"https:\/\/www.polyas.de\/blog\/wp-content\/uploads\/2022\/09\/Frank-Rudolph-Teamleitung-Marktinteraktion-ECKD-Service-GmbH.png\" loading=\"lazy\" class=\"wp-image-10950\" title=\"Online_Voting_Summit_Frank_Rudolph\" src=\"https:\/\/www.polyas.de\/blog\/wp-content\/uploads\/2022\/09\/Frank-Rudolph-Teamleitung-Marktinteraktion-ECKD-Service-GmbH.png\" alt=\"Frank Rudolph, Teamleitung Marktinteraktion, ECKD Service GmbH\" width=\"250\" height=\"250\" srcset=\"https:\/\/www.polyas.de\/blog\/wp-content\/uploads\/2022\/09\/Frank-Rudolph-Teamleitung-Marktinteraktion-ECKD-Service-GmbH.png 500w, https:\/\/www.polyas.de\/blog\/wp-content\/uploads\/2022\/09\/Frank-Rudolph-Teamleitung-Marktinteraktion-ECKD-Service-GmbH-300x300.png 300w, https:\/\/www.polyas.de\/blog\/wp-content\/uploads\/2022\/09\/Frank-Rudolph-Teamleitung-Marktinteraktion-ECKD-Service-GmbH-150x150.png 150w\" sizes=\"(max-width: 250px) 100vw, 250px\" \/><\/a><p id=\"caption-attachment-10950\" class=\"wp-caption-text\">Frank Rudolph, Teamleitung Marktinteraktion, <span style=\"color: #2bb2b8;\"><a style=\"color: #2bb2b8;\" href=\"https:\/\/www.eckd-kigst.de\/\" target=\"_blank\" rel=\"noopener\">ECKD Service GmbH<\/a><\/span><\/p><\/div>\n<div id=\"attachment_11107\" style=\"width: 260px\" class=\"wp-caption alignright\"><a href=\"https:\/\/www.polyas.de\/blog\/wp-content\/uploads\/2022\/09\/Josepf-Peis-Diozo\u0308se-Mu\u0308nchen-Freising.png\"><img aria-describedby=\"caption-attachment-11107\" data-attachment-id=\"11107\" data-permalink=\"https:\/\/www.polyas.de\/blog\/de\/veranstaltungen\/online-voting-summit-programm\/attachment\/josepf-peis-diozo%cc%88se-mu%cc%88nchen-freising\" data-orig-file=\"https:\/\/www.polyas.de\/blog\/wp-content\/uploads\/2022\/09\/Josepf-Peis-Diozo\u0308se-Mu\u0308nchen-Freising.png\" data-orig-size=\"500,500\" data-comments-opened=\"1\" data-image-meta=\"{&quot;aperture&quot;:&quot;0&quot;,&quot;credit&quot;:&quot;&quot;,&quot;camera&quot;:&quot;&quot;,&quot;caption&quot;:&quot;&quot;,&quot;created_timestamp&quot;:&quot;0&quot;,&quot;copyright&quot;:&quot;&quot;,&quot;focal_length&quot;:&quot;0&quot;,&quot;iso&quot;:&quot;0&quot;,&quot;shutter_speed&quot;:&quot;0&quot;,&quot;title&quot;:&quot;&quot;,&quot;orientation&quot;:&quot;0&quot;}\" data-image-title=\"Josepf Peis, Gesch\u00e4ftsf\u00fchrer Di\u00f6zesanrat der Katholiken der Erzdi\u00f6zese M\u00fcnchen und Freising\" data-image-description=\"&lt;p&gt;Josepf Peis, Gesch\u00e4ftsf\u00fchrer Di\u00f6zesanrat der Katholiken der Erzdi\u00f6zese M\u00fcnchen und Freising&lt;\/p&gt;\n\" data-image-caption=\"&lt;p&gt;Josepf Peis, Gesch\u00e4ftsf\u00fchrer Di\u00f6zesanrat der Katholiken der Erzdi\u00f6zese M\u00fcnchen und Freising&lt;\/p&gt;\n\" data-medium-file=\"https:\/\/www.polyas.de\/blog\/wp-content\/uploads\/2022\/09\/Josepf-Peis-Diozo\u0308se-Mu\u0308nchen-Freising-300x300.png\" data-large-file=\"https:\/\/www.polyas.de\/blog\/wp-content\/uploads\/2022\/09\/Josepf-Peis-Diozo\u0308se-Mu\u0308nchen-Freising.png\" loading=\"lazy\" class=\"wp-image-11107\" src=\"https:\/\/www.polyas.de\/blog\/wp-content\/uploads\/2022\/09\/Josepf-Peis-Diozo\u0308se-Mu\u0308nchen-Freising-300x300.png\" alt=\"Josepf Peis, Gesch\u00e4ftsf\u00fchrer Di\u00f6zesanrat der Katholiken der Erzdi\u00f6zese M\u00fcnchen und Freising\" width=\"250\" height=\"250\" srcset=\"https:\/\/www.polyas.de\/blog\/wp-content\/uploads\/2022\/09\/Josepf-Peis-Diozo\u0308se-Mu\u0308nchen-Freising-300x300.png 300w, https:\/\/www.polyas.de\/blog\/wp-content\/uploads\/2022\/09\/Josepf-Peis-Diozo\u0308se-Mu\u0308nchen-Freising-150x150.png 150w, https:\/\/www.polyas.de\/blog\/wp-content\/uploads\/2022\/09\/Josepf-Peis-Diozo\u0308se-Mu\u0308nchen-Freising.png 500w\" sizes=\"(max-width: 250px) 100vw, 250px\" \/><\/a><p id=\"caption-attachment-11107\" class=\"wp-caption-text\">Josef Peis, Gesch\u00e4ftsf\u00fchrer Di\u00f6zesanrat der Katholiken der <span style=\"color: #2bb2b8;\"><a style=\"color: #2bb2b8;\" href=\"https:\/\/www.erzbistum-muenchen.de\/\" target=\"_blank\" rel=\"noopener\">Erzdi\u00f6zese M\u00fcnchen und Freising<\/a><\/span><\/p><\/div>\n<h3 id=\"kammern\"><a href=\"https:\/\/vimeo.com\/770631596\"><span style=\"color: #2bb2b8;\"><strong>Online-Wahlen bei Kammern\u00a0<\/strong>&#8211; Sind Briefwahlen nicht mehr zeitgem\u00e4\u00df?\u00a0<\/span><\/a><\/h3>\n<p class=\"p1\"><em>Sprecher: Dr. Henning L\u00f6we, Hauptgesch\u00e4ftsf\u00fchrer, <span style=\"color: #2bb2b8;\"><a style=\"color: #2bb2b8;\" href=\"https:\/\/www.rak-hamburg.de\/\" target=\"_blank\" rel=\"noopener\">Hanseatische Rechtsanwaltskammer Hamburg<\/a><\/span> und Dr. Marc Zastrow, Rechtsanwalt, <span style=\"color: #2bb2b8;\"><a style=\"color: #2bb2b8;\" href=\"https:\/\/www.rak-ffm.de\/startseite\/\" target=\"_blank\" rel=\"noopener\">Rechtsanwaltskammer Frankfurt am Main<\/a><\/span><\/em><\/p>\n<p class=\"p1\"><em>Moderation: Selina Dollhopf, Sales Development Representative, <span style=\"color: #2bb2b8;\"><a style=\"color: #2bb2b8;\" href=\"http:\/\/www.polyas.de\/\" target=\"_blank\" rel=\"noopener\">POLYAS<\/a><\/span><\/em><\/p>\n<p>Henning L\u00f6we ist Hauptgesch\u00e4ftsf\u00fchrer der Hanseatischen Rechtanwaltskammer in Hamburg. Er hat die erste elektronische Wahl der <strong>Kammer<\/strong>, eine Vorstandswahl, im vergangenen Jahr mitbetreut. Die Rechtsanwaltskammer in Hamburg ist mit gut 11.000 Mitgliedern die siebtgr\u00f6\u00dfte Rechtsanwaltskammer in Deutschland.<\/p>\n<p>Dr. Marc Zastrow ist Referent bei der Rechtanwaltskammer Frankfurt am Main. Er hat die elektronisch durchgef\u00fchrten Vorstandswahlen 2019 und 2021 der\u00a0Kammer\u00a0mitbetreut und wird die hierbei gemachten Erfahrungen schildern. Die Rechtsanwaltskammer Frankfurt am Main ist mit \u00fcber 19.000 Mitgliedern die zweitgr\u00f6\u00dfte Rechtsanwaltskammer in Deutschland.<\/p>\n<p>Nachdem Herr L\u00f6we und Herr Zastrow kurz ihre Erfahrungen mit Online-Wahlen bei ihren jeweiligen Rechtsanwaltskammern vorgestellt haben, diskutieren wir folgende These: Online-Wahlen lassen sich zwar einfach und nutzerfreundlich umsetzen &#8211; doch die Wahlbeteiligung bei Briefwahlen ist h\u00f6her. Fakt oder Mythos? Wie l\u00e4sst sich bei Online-Wahlen die Wahlbeteiligung erh\u00f6hen?<\/p>\n<div id=\"attachment_11128\" style=\"width: 260px\" class=\"wp-caption alignleft\"><a href=\"https:\/\/www.polyas.de\/blog\/wp-content\/uploads\/2022\/09\/Henning-Lo\u0308we-Hanseatische-RAK.png\"><img aria-describedby=\"caption-attachment-11128\" data-attachment-id=\"11128\" data-permalink=\"https:\/\/www.polyas.de\/blog\/de\/veranstaltungen\/online-voting-summit-programm\/attachment\/henning-lo%cc%88we-hanseatische-rak\" data-orig-file=\"https:\/\/www.polyas.de\/blog\/wp-content\/uploads\/2022\/09\/Henning-Lo\u0308we-Hanseatische-RAK.png\" data-orig-size=\"500,500\" data-comments-opened=\"1\" data-image-meta=\"{&quot;aperture&quot;:&quot;0&quot;,&quot;credit&quot;:&quot;&quot;,&quot;camera&quot;:&quot;&quot;,&quot;caption&quot;:&quot;&quot;,&quot;created_timestamp&quot;:&quot;0&quot;,&quot;copyright&quot;:&quot;&quot;,&quot;focal_length&quot;:&quot;0&quot;,&quot;iso&quot;:&quot;0&quot;,&quot;shutter_speed&quot;:&quot;0&quot;,&quot;title&quot;:&quot;&quot;,&quot;orientation&quot;:&quot;0&quot;}\" data-image-title=\"Henning Lo\u0308we, Hanseatische RAK\" data-image-description=\"\" data-image-caption=\"&lt;p&gt;Dr. Henning L\u00f6we, Hauptgesch\u00e4ftsf\u00fchrer, Hanseatische Rechtsanwaltskammer&lt;\/p&gt;\n\" data-medium-file=\"https:\/\/www.polyas.de\/blog\/wp-content\/uploads\/2022\/09\/Henning-Lo\u0308we-Hanseatische-RAK-300x300.png\" data-large-file=\"https:\/\/www.polyas.de\/blog\/wp-content\/uploads\/2022\/09\/Henning-Lo\u0308we-Hanseatische-RAK.png\" loading=\"lazy\" class=\"wp-image-11128\" src=\"https:\/\/www.polyas.de\/blog\/wp-content\/uploads\/2022\/09\/Henning-Lo\u0308we-Hanseatische-RAK-300x300.png\" alt=\"Dr. Henning L\u00f6we, Hauptgesch\u00e4ftsf\u00fchrer, Hanseatische Rechtsanwaltskammer\" width=\"250\" height=\"250\" srcset=\"https:\/\/www.polyas.de\/blog\/wp-content\/uploads\/2022\/09\/Henning-Lo\u0308we-Hanseatische-RAK-300x300.png 300w, https:\/\/www.polyas.de\/blog\/wp-content\/uploads\/2022\/09\/Henning-Lo\u0308we-Hanseatische-RAK-150x150.png 150w, https:\/\/www.polyas.de\/blog\/wp-content\/uploads\/2022\/09\/Henning-Lo\u0308we-Hanseatische-RAK.png 500w\" sizes=\"(max-width: 250px) 100vw, 250px\" \/><\/a><p id=\"caption-attachment-11128\" class=\"wp-caption-text\">Dr. Henning L\u00f6we, Hauptgesch\u00e4ftsf\u00fchrer, <span style=\"color: #2bb2b8;\"><a style=\"color: #2bb2b8;\" href=\"https:\/\/www.rak-hamburg.de\/\" target=\"_blank\" rel=\"noopener\">Hanseatische Rechtsanwaltskammer<\/a><\/span><\/p><\/div>\n<div id=\"attachment_11200\" style=\"width: 260px\" class=\"wp-caption alignright\"><a href=\"https:\/\/www.polyas.de\/blog\/wp-content\/uploads\/2022\/09\/Marc-Zastrow.png\"><img aria-describedby=\"caption-attachment-11200\" data-attachment-id=\"11200\" data-permalink=\"https:\/\/www.polyas.de\/blog\/de\/veranstaltungen\/online-voting-summit-programm\/attachment\/marc-zastrow\" data-orig-file=\"https:\/\/www.polyas.de\/blog\/wp-content\/uploads\/2022\/09\/Marc-Zastrow.png\" data-orig-size=\"500,500\" data-comments-opened=\"1\" data-image-meta=\"{&quot;aperture&quot;:&quot;0&quot;,&quot;credit&quot;:&quot;&quot;,&quot;camera&quot;:&quot;&quot;,&quot;caption&quot;:&quot;&quot;,&quot;created_timestamp&quot;:&quot;0&quot;,&quot;copyright&quot;:&quot;&quot;,&quot;focal_length&quot;:&quot;0&quot;,&quot;iso&quot;:&quot;0&quot;,&quot;shutter_speed&quot;:&quot;0&quot;,&quot;title&quot;:&quot;&quot;,&quot;orientation&quot;:&quot;0&quot;}\" data-image-title=\"Marc Zastrow\" data-image-description=\"\" data-image-caption=\"&lt;p&gt;Dr. Marc Zastrow, Rechtsanwalt, Rechtsanwaltskammer Frankfurt am Main&lt;\/p&gt;\n\" data-medium-file=\"https:\/\/www.polyas.de\/blog\/wp-content\/uploads\/2022\/09\/Marc-Zastrow-300x300.png\" data-large-file=\"https:\/\/www.polyas.de\/blog\/wp-content\/uploads\/2022\/09\/Marc-Zastrow.png\" loading=\"lazy\" class=\"wp-image-11200\" src=\"https:\/\/www.polyas.de\/blog\/wp-content\/uploads\/2022\/09\/Marc-Zastrow-300x300.png\" alt=\"Marc Zastrow\" width=\"250\" height=\"250\" srcset=\"https:\/\/www.polyas.de\/blog\/wp-content\/uploads\/2022\/09\/Marc-Zastrow-300x300.png 300w, https:\/\/www.polyas.de\/blog\/wp-content\/uploads\/2022\/09\/Marc-Zastrow-150x150.png 150w, https:\/\/www.polyas.de\/blog\/wp-content\/uploads\/2022\/09\/Marc-Zastrow.png 500w\" sizes=\"(max-width: 250px) 100vw, 250px\" \/><\/a><p id=\"caption-attachment-11200\" class=\"wp-caption-text\">Dr. Marc Zastrow, Rechtsanwalt, <span style=\"color: #2bb2b8;\"><a style=\"color: #2bb2b8;\" href=\"https:\/\/www.rak-ffm.de\/startseite\/\" target=\"_blank\" rel=\"noopener\">Rechtsanwaltskammer Frankfurt am Main<\/a><\/span><\/p><\/div>\n<h3 style=\"text-align: left;\">\u00a0<\/h3>\n<p>\u00a0<\/p>\n<h3 style=\"text-align: left;\">\u00a0<\/h3>\n","protected":false},"excerpt":{"rendered":"<p>Was war das f\u00fcr eine aufregende und erfolgreiche 1. Online Voting Summit! Knapp 210 Anmeldungen, 11 Sessions, \u00fcber 15 Speaker:innen und Expert:innen sowie zahlreiche Mitwirkende hinter den Kulissen sorgten f\u00fcr eine inspirierende und erkenntnisreiche erste POLYAS Online Voting Summit am 10.11.2022. Zu Spitzenzeiten waren 170 Teilnehmer:innen zeitgleich online. Vielen Dank an alle Beteiligten f\u00fcr ihre [&hellip;]<\/p>\n","protected":false},"author":282,"featured_media":10929,"comment_status":"open","ping_status":"open","sticky":false,"template":"","format":"standard","meta":{"_eb_attr":"","ub_ctt_via":"","spay_email":"","jetpack_publicize_message":"","jetpack_is_tweetstorm":false,"jetpack_publicize_feature_enabled":true},"categories":[2,2006,2924,11,9,7,238],"tags":[72,1246,2850,349,101,2854,548,574],"featured_image_src":"https:\/\/www.polyas.de\/blog\/wp-content\/uploads\/2022\/09\/online-voting-summit-programm.png","author_info":{"display_name":"Laura Rogler","author_link":"https:\/\/www.polyas.de\/blog\/author\/laura-henning"},"yoast_head":"<!-- This site is optimized with the Yoast SEO plugin v19.9 - https:\/\/yoast.com\/wordpress\/plugins\/seo\/ -->\n<title>POLYAS Online Voting Summit 2022: Programm und Speaker:innen - POLYAS<\/title>\n<meta name=\"description\" content=\"Das erste\u00a0POLYAS Online Voting Summit 2022 war ein Erfolg. Spannende Vortr\u00e4ge und Diskussionen mit Expert:innen - jetzt informieren!\" \/>\n<meta name=\"robots\" content=\"index, follow, max-snippet:-1, max-image-preview:large, max-video-preview:-1\" \/>\n<link rel=\"canonical\" href=\"https:\/\/www.polyas.de\/blog\/de\/veranstaltungen\/online-voting-summit-programm\" \/>\n<meta property=\"og:locale\" content=\"de_DE\" \/>\n<meta property=\"og:type\" content=\"article\" \/>\n<meta property=\"og:title\" content=\"POLYAS Online Voting Summit 2022: Programm und Speaker:innen - POLYAS\" \/>\n<meta property=\"og:description\" content=\"Das erste\u00a0POLYAS Online Voting Summit 2022 war ein Erfolg. Spannende Vortr\u00e4ge und Diskussionen mit Expert:innen - jetzt informieren!\" \/>\n<meta property=\"og:url\" content=\"https:\/\/www.polyas.de\/blog\/de\/veranstaltungen\/online-voting-summit-programm\" \/>\n<meta property=\"og:site_name\" content=\"POLYAS\" \/>\n<meta property=\"article:published_time\" content=\"2022-09-23T07:00:49+00:00\" \/>\n<meta property=\"article:modified_time\" content=\"2023-07-20T12:30:21+00:00\" \/>\n<meta property=\"og:image\" content=\"https:\/\/www.polyas.de\/blog\/wp-content\/uploads\/2022\/09\/online-voting-summit-programm.png\" \/>\n\t<meta property=\"og:image:width\" content=\"860\" \/>\n\t<meta property=\"og:image:height\" content=\"200\" \/>\n\t<meta property=\"og:image:type\" content=\"image\/png\" \/>\n<meta name=\"author\" content=\"Laura Rogler\" \/>\n<meta name=\"twitter:card\" content=\"summary_large_image\" \/>\n<meta name=\"twitter:label1\" content=\"Verfasst von\" \/>\n\t<meta name=\"twitter:data1\" content=\"Laura Rogler\" \/>\n\t<meta name=\"twitter:label2\" content=\"Gesch\u00e4tzte Lesezeit\" \/>\n\t<meta name=\"twitter:data2\" content=\"20 Minuten\" \/>\n<script type=\"application\/ld+json\" class=\"yoast-schema-graph\">{\"@context\":\"https:\/\/schema.org\",\"@graph\":[{\"@type\":\"WebPage\",\"@id\":\"https:\/\/www.polyas.de\/blog\/de\/veranstaltungen\/online-voting-summit-programm\",\"url\":\"https:\/\/www.polyas.de\/blog\/de\/veranstaltungen\/online-voting-summit-programm\",\"name\":\"POLYAS Online Voting Summit 2022: Programm und Speaker:innen - POLYAS\",\"isPartOf\":{\"@id\":\"https:\/\/www.polyas.de\/blog\/#website\"},\"datePublished\":\"2022-09-23T07:00:49+00:00\",\"dateModified\":\"2023-07-20T12:30:21+00:00\",\"author\":{\"@id\":\"https:\/\/www.polyas.de\/blog\/#\/schema\/person\/09a2bee8bba77711e8ddef4b3f0f283f\"},\"description\":\"Das erste\u00a0POLYAS Online Voting Summit 2022 war ein Erfolg. Spannende Vortr\u00e4ge und Diskussionen mit Expert:innen - jetzt informieren!\",\"breadcrumb\":{\"@id\":\"https:\/\/www.polyas.de\/blog\/de\/veranstaltungen\/online-voting-summit-programm#breadcrumb\"},\"inLanguage\":\"de-DE\",\"potentialAction\":[{\"@type\":\"ReadAction\",\"target\":[\"https:\/\/www.polyas.de\/blog\/de\/veranstaltungen\/online-voting-summit-programm\"]}]},{\"@type\":\"BreadcrumbList\",\"@id\":\"https:\/\/www.polyas.de\/blog\/de\/veranstaltungen\/online-voting-summit-programm#breadcrumb\",\"itemListElement\":[{\"@type\":\"ListItem\",\"position\":1,\"name\":\"Startseite\",\"item\":\"https:\/\/www.polyas.de\/blog\/de\"},{\"@type\":\"ListItem\",\"position\":2,\"name\":\"POLYAS Online Voting Summit 2022: Programm und Speaker:innen\"}]},{\"@type\":\"WebSite\",\"@id\":\"https:\/\/www.polyas.de\/blog\/#website\",\"url\":\"https:\/\/www.polyas.de\/blog\/\",\"name\":\"POLYAS\",\"description\":\"the blog for secure online voting\",\"potentialAction\":[{\"@type\":\"SearchAction\",\"target\":{\"@type\":\"EntryPoint\",\"urlTemplate\":\"https:\/\/www.polyas.de\/blog\/?s={search_term_string}\"},\"query-input\":\"required name=search_term_string\"}],\"inLanguage\":\"de-DE\"},{\"@type\":\"Person\",\"@id\":\"https:\/\/www.polyas.de\/blog\/#\/schema\/person\/09a2bee8bba77711e8ddef4b3f0f283f\",\"name\":\"Laura Rogler\",\"image\":{\"@type\":\"ImageObject\",\"inLanguage\":\"de-DE\",\"@id\":\"https:\/\/www.polyas.de\/blog\/#\/schema\/person\/image\/\",\"url\":\"https:\/\/www.polyas.de\/blog\/wp-content\/uploads\/2021\/04\/Laura_Henning--96x96.jpeg\",\"contentUrl\":\"https:\/\/www.polyas.de\/blog\/wp-content\/uploads\/2021\/04\/Laura_Henning--96x96.jpeg\",\"caption\":\"Laura Rogler\"},\"sameAs\":[\"https:\/\/www.polyas.de\/blog\"],\"url\":\"https:\/\/www.polyas.de\/blog\/author\/laura-henning\"}]}<\/script>\n<!-- \/ Yoast SEO plugin. -->","yoast_head_json":{"title":"POLYAS Online Voting Summit 2022: Programm und Speaker:innen - POLYAS","description":"Das erste\u00a0POLYAS Online Voting Summit 2022 war ein Erfolg. Spannende Vortr\u00e4ge und Diskussionen mit Expert:innen - jetzt informieren!","robots":{"index":"index","follow":"follow","max-snippet":"max-snippet:-1","max-image-preview":"max-image-preview:large","max-video-preview":"max-video-preview:-1"},"canonical":"https:\/\/www.polyas.de\/blog\/de\/veranstaltungen\/online-voting-summit-programm","og_locale":"de_DE","og_type":"article","og_title":"POLYAS Online Voting Summit 2022: Programm und Speaker:innen - POLYAS","og_description":"Das erste\u00a0POLYAS Online Voting Summit 2022 war ein Erfolg. Spannende Vortr\u00e4ge und Diskussionen mit Expert:innen - jetzt informieren!","og_url":"https:\/\/www.polyas.de\/blog\/de\/veranstaltungen\/online-voting-summit-programm","og_site_name":"POLYAS","article_published_time":"2022-09-23T07:00:49+00:00","article_modified_time":"2023-07-20T12:30:21+00:00","og_image":[{"width":860,"height":200,"url":"https:\/\/www.polyas.de\/blog\/wp-content\/uploads\/2022\/09\/online-voting-summit-programm.png","type":"image\/png"}],"author":"Laura Rogler","twitter_card":"summary_large_image","twitter_misc":{"Verfasst von":"Laura Rogler","Gesch\u00e4tzte Lesezeit":"20 Minuten"},"schema":{"@context":"https:\/\/schema.org","@graph":[{"@type":"WebPage","@id":"https:\/\/www.polyas.de\/blog\/de\/veranstaltungen\/online-voting-summit-programm","url":"https:\/\/www.polyas.de\/blog\/de\/veranstaltungen\/online-voting-summit-programm","name":"POLYAS Online Voting Summit 2022: Programm und Speaker:innen - POLYAS","isPartOf":{"@id":"https:\/\/www.polyas.de\/blog\/#website"},"datePublished":"2022-09-23T07:00:49+00:00","dateModified":"2023-07-20T12:30:21+00:00","author":{"@id":"https:\/\/www.polyas.de\/blog\/#\/schema\/person\/09a2bee8bba77711e8ddef4b3f0f283f"},"description":"Das erste\u00a0POLYAS Online Voting Summit 2022 war ein Erfolg. Spannende Vortr\u00e4ge und Diskussionen mit Expert:innen - jetzt informieren!","breadcrumb":{"@id":"https:\/\/www.polyas.de\/blog\/de\/veranstaltungen\/online-voting-summit-programm#breadcrumb"},"inLanguage":"de-DE","potentialAction":[{"@type":"ReadAction","target":["https:\/\/www.polyas.de\/blog\/de\/veranstaltungen\/online-voting-summit-programm"]}]},{"@type":"BreadcrumbList","@id":"https:\/\/www.polyas.de\/blog\/de\/veranstaltungen\/online-voting-summit-programm#breadcrumb","itemListElement":[{"@type":"ListItem","position":1,"name":"Startseite","item":"https:\/\/www.polyas.de\/blog\/de"},{"@type":"ListItem","position":2,"name":"POLYAS Online Voting Summit 2022: Programm und Speaker:innen"}]},{"@type":"WebSite","@id":"https:\/\/www.polyas.de\/blog\/#website","url":"https:\/\/www.polyas.de\/blog\/","name":"POLYAS","description":"the blog for secure online voting","potentialAction":[{"@type":"SearchAction","target":{"@type":"EntryPoint","urlTemplate":"https:\/\/www.polyas.de\/blog\/?s={search_term_string}"},"query-input":"required name=search_term_string"}],"inLanguage":"de-DE"},{"@type":"Person","@id":"https:\/\/www.polyas.de\/blog\/#\/schema\/person\/09a2bee8bba77711e8ddef4b3f0f283f","name":"Laura Rogler","image":{"@type":"ImageObject","inLanguage":"de-DE","@id":"https:\/\/www.polyas.de\/blog\/#\/schema\/person\/image\/","url":"https:\/\/www.polyas.de\/blog\/wp-content\/uploads\/2021\/04\/Laura_Henning--96x96.jpeg","contentUrl":"https:\/\/www.polyas.de\/blog\/wp-content\/uploads\/2021\/04\/Laura_Henning--96x96.jpeg","caption":"Laura Rogler"},"sameAs":["https:\/\/www.polyas.de\/blog"],"url":"https:\/\/www.polyas.de\/blog\/author\/laura-henning"}]}},"jetpack_featured_media_url":"https:\/\/www.polyas.de\/blog\/wp-content\/uploads\/2022\/09\/online-voting-summit-programm.png","jetpack_publicize_connections":[],"jetpack_shortlink":"https:\/\/wp.me\/p72Pnr-2Qg","jetpack-related-posts":[{"id":11940,"url":"https:\/\/www.polyas.de\/blog\/de\/veranstaltungen\/online-voting-summit-tickets","url_meta":{"origin":10928,"position":0},"title":"Online Voting Summit: Jetzt Tickets sichern!","date":"12\/10\/2023","format":false,"excerpt":"Am 15. November 2023 erwartet Sie ein branchenf\u00fchrendes Online-Event, das Sie nicht verpassen sollten! Das Online Voting Summit 2023 (OVS) bietet Ihnen eine einzigartige Gelegenheit, sich \u00fcber die neuesten Entwicklungen im Bereich Online-Wahlen, Live Votings und digitale Transformation zu informieren - und das sogar kostenfrei. Sichern Sie sich jetzt einen\u2026","rel":"","context":"In &quot;Digitale Demokratie&quot;","img":{"alt_text":"Online-Voting-Summit_Blogpost_Banner","src":"https:\/\/i0.wp.com\/www.polyas.de\/blog\/wp-content\/uploads\/2023\/10\/Online-Voting-Summit_Blogpost_Banner.png?resize=350%2C200&ssl=1","width":350,"height":200},"classes":[]},{"id":11317,"url":"https:\/\/www.polyas.de\/blog\/de\/allgemein-de\/polyas-jahresrueckblick-2022","url_meta":{"origin":10928,"position":1},"title":"POLYAS Jahresr\u00fcckblick 2022","date":"14\/12\/2022","format":false,"excerpt":"Zahlreiche Produkt-Entwicklungen, inspirierende POLYAS-Events wie das Online Voting Summit, unsere Studie zur Akzeptanz und Sicherheit von Online-Wahlen: Das sind nur einige H\u00f6hepunkte des POLYAS Jahresr\u00fcckblicks f\u00fcr das Jahr 2022. Wir erlebten Fortschritte im Bereich Online-Wahlen und trugen wesentlich dazu bei, die Bekanntheit und Akzeptanz von Online-Wahlen weiter auszubauen. Werfen Sie\u2026","rel":"","context":"In &quot;Digitale Demokratie&quot;","img":{"alt_text":"POLYAS Jahresr\u00fcckblick 2022","src":"https:\/\/i0.wp.com\/www.polyas.de\/blog\/wp-content\/uploads\/2022\/12\/Banner-Jahresru\u0308ckblick-1.png?resize=350%2C200&ssl=1","width":350,"height":200},"classes":[]},{"id":11152,"url":"https:\/\/www.polyas.de\/blog\/de\/allgemein-de\/arbeiten-im-polyas-sales-team","url_meta":{"origin":10928,"position":2},"title":"Arbeiten im POLYAS Sales-Team: \u201eMission f\u00fcr mehr Partizipation und Nachhaltigkeit\u201c","date":"19\/10\/2022","format":false,"excerpt":"Die Zeiten, in denen Messen und Events aufgrund von Corona nicht stattfinden konnten, sind vorbei. Auch das POLYAS Sales-Team freut sich, in diesem Jahr wieder mehr Messen und Events besuchen zu k\u00f6nnen als in den Jahren zuvor. Joshua Freitag, Sales Development Representative, erz\u00e4hlt im Interview von seinem ersten halben Jahr\u2026","rel":"","context":"In &quot;Digitale Demokratie&quot;","img":{"alt_text":"Polyas Sales-Team Interview","src":"https:\/\/i0.wp.com\/www.polyas.de\/blog\/wp-content\/uploads\/2022\/10\/polyas-sales-team-interview.png?resize=350%2C200&ssl=1","width":350,"height":200},"classes":[]},{"id":10217,"url":"https:\/\/www.polyas.de\/blog\/de\/allgemein-de\/polyas-jahresrueckblick-2021","url_meta":{"origin":10928,"position":3},"title":"POLYAS Jahresr\u00fcckblick 2021","date":"22\/12\/2021","format":false,"excerpt":"Wieder ist ein Jahr vergangen und wir bei POLYAS blicken auf viele spannende Ereignisse zur\u00fcck - nicht nur bei der Weiterentwicklung unserer Produkte, sondern auch in Bezug auf Events, Partner und Kunden. 2021 ist ein Jahr, in dem die Digitalisierung von Wahlen weiter an Bedeutung und Zustimmung gewonnen hat, ein\u2026","rel":"","context":"In &quot;Digitale Demokratie&quot;","img":{"alt_text":"POLYAS Jahresr\u00fcckblick 2021","src":"https:\/\/i0.wp.com\/www.polyas.de\/blog\/wp-content\/uploads\/2021\/12\/Banner-Jahresru\u0308ckblick.png?resize=350%2C200&ssl=1","width":350,"height":200},"classes":[]},{"id":10195,"url":"https:\/\/www.polyas.de\/blog\/de\/allgemein-de\/rabatt-aktion-vereine","url_meta":{"origin":10928,"position":4},"title":"Frohe Vereinachten: Exklusive Rabatt-Aktion f\u00fcr Vereine","date":"14\/12\/2021","format":false,"excerpt":"In den H\u00e4usern riecht es nach Pl\u00e4tzchen und frischen Tannenzweigen. Irgendwo ert\u00f6nen im Radio \"Last Christmas\", \u201eJingle Bells\u201c und andere Melodien, die Weihnachtsstimmung verbreiten. Gesch\u00e4fte, Fenster und Vorg\u00e4rten blinken fr\u00f6hlich im Lichterglanz. Doch viele Vereinsh\u00e4user sind aufgrund der aktuellen Pandemie-Lage in der Vorweihnachtszeit geschlossen - wieder einmal. Mit unserer aktuellen\u2026","rel":"","context":"In &quot;Digital News&quot;","img":{"alt_text":"Rabatt Aktion POLYAS Vereine","src":"https:\/\/i0.wp.com\/www.polyas.de\/blog\/wp-content\/uploads\/2021\/12\/Rabatt_Code_POLYAS_Vereine.png?resize=350%2C200&ssl=1","width":350,"height":200},"classes":[]},{"id":11894,"url":"https:\/\/www.polyas.de\/blog\/de\/digitalisierung\/live-voting-3-vorteile","url_meta":{"origin":10928,"position":5},"title":"Live Voting vor Ort: 3 Vorteile von Online-Abstimmungen","date":"21\/08\/2023","format":false,"excerpt":"Digitale Tools braucht man nur bei digitalen Veranstaltungen, oder? Keineswegs, auch bei rein in Pr\u00e4senz stattfindenden Events k\u00f6nnen digitale Tools und Software-L\u00f6sungen \u00fcberaus n\u00fctzlich sein \u2013 so wie das POLYAS Live Voting. Warum Sie von dem Live Voting vor Ort auf Ihrem Event Gebrauch machen sollten, erz\u00e4hlen wir Ihnen in\u2026","rel":"","context":"In &quot;Digitale Demokratie&quot;","img":{"alt_text":"Live Voting vor Ort","src":"https:\/\/i0.wp.com\/www.polyas.de\/blog\/wp-content\/uploads\/2023\/08\/Live-Voting-vor-Ort.png?resize=350%2C200&ssl=1","width":350,"height":200},"classes":[]}],"_links":{"self":[{"href":"https:\/\/www.polyas.de\/blog\/wp-json\/wp\/v2\/posts\/10928"}],"collection":[{"href":"https:\/\/www.polyas.de\/blog\/wp-json\/wp\/v2\/posts"}],"about":[{"href":"https:\/\/www.polyas.de\/blog\/wp-json\/wp\/v2\/types\/post"}],"author":[{"embeddable":true,"href":"https:\/\/www.polyas.de\/blog\/wp-json\/wp\/v2\/users\/282"}],"replies":[{"embeddable":true,"href":"https:\/\/www.polyas.de\/blog\/wp-json\/wp\/v2\/comments?post=10928"}],"version-history":[{"count":175,"href":"https:\/\/www.polyas.de\/blog\/wp-json\/wp\/v2\/posts\/10928\/revisions"}],"predecessor-version":[{"id":12138,"href":"https:\/\/www.polyas.de\/blog\/wp-json\/wp\/v2\/posts\/10928\/revisions\/12138"}],"wp:featuredmedia":[{"embeddable":true,"href":"https:\/\/www.polyas.de\/blog\/wp-json\/wp\/v2\/media\/10929"}],"wp:attachment":[{"href":"https:\/\/www.polyas.de\/blog\/wp-json\/wp\/v2\/media?parent=10928"}],"wp:term":[{"taxonomy":"category","embeddable":true,"href":"https:\/\/www.polyas.de\/blog\/wp-json\/wp\/v2\/categories?post=10928"},{"taxonomy":"post_tag","embeddable":true,"href":"https:\/\/www.polyas.de\/blog\/wp-json\/wp\/v2\/tags?post=10928"}],"curies":[{"name":"wp","href":"https:\/\/api.w.org\/{rel}","templated":true}]}}