{"id":10399,"date":"2022-02-10T11:01:28","date_gmt":"2022-02-10T10:01:28","guid":{"rendered":"https:\/\/www.polyas.de\/blog\/?p=10399"},"modified":"2022-02-10T11:01:29","modified_gmt":"2022-02-10T10:01:29","slug":"rueckblick-hybrides-event","status":"publish","type":"post","link":"https:\/\/www.polyas.de\/blog\/de\/allgemein-de\/rueckblick-hybrides-event","title":{"rendered":"R\u00fcckblick auf unser hybrides Event: H\u00fcrden &#038; L\u00f6sungen"},"content":{"rendered":"<p>In <a href=\"https:\/\/www.polyas.de\/blog\/de\/?s=Hybride+Events\"><span style=\"color: #43b494;\">unserer Blogpostserie<\/span><\/a> zu hybriden Events haben wir zahlreiche Tipps zur Umsetzung von hybriden Events gegeben \u2013 egal, ob es um die ideale Location oder das passende Video-Konferenz-Tool ging. Am 3. Februar dieses Jahres haben wir nun unser eigenes hybrides Event mit 80 Zuschauer:innen veranstaltet. Wie es genau umgesetzt wurde und welchen Herausforderungen wir uns gegen\u00fcbersahen, erz\u00e4hlen wir in unserem R\u00fcckblick.<\/p>\n<p><!--more--><\/p>\n<p>Bei der Event-Planung ist es wie bei vielen anderen Dingen im Leben auch: Vorbereitung ist alles. Das haben wir auch bei der Planung unseres hybriden Events gemerkt. So waren wir froh, uns von Anfang an auf unterschiedliche Szenarien eingestellt zu haben. Die Flexibilit\u00e4t, die mittlerweile nicht nur in der Event-Branche, sondern auch in vielen anderen Lebensbereichen zur Regel geworden ist, ist nicht zuletzt auch ein Ergebnis der Corona-Pandemie. Sie stellt uns t\u00e4glich vor neue Herausforderungen.<\/p>\n<h3><strong>R\u00fcckblick auf unser hybrides Event: <\/strong><strong>Die Herausforderungen<\/strong><\/h3>\n<p>Bereits seit Ende 2021 waren wir mit dem Event-Dienstleister AVENTEM, mit welchem wir das digitale Event durchgef\u00fchrt haben, im Austausch. Wir haben \u00fcber den Ablauf der Veranstaltung sowie die Event-Plattform gesprochen. Urspr\u00fcnglich sollte ein Teil der Zuschauer:innen vor Ort im Studio H. in Hilden teilnehmen. Dies wurde durch die steigenden Corona-Zahlen jedoch untragbar, sodass wir uns entschieden, haupts\u00e4chlich Online-Teilnehmer:innen zuzulassen.<\/p>\n<p>Kurz vor dem Event \u00e4nderte Corona die Lage erneut. Das Ergebnis: Ausschlie\u00dflich das AVENTEM-Team w\u00fcrde vor Ort sprechen sowie die Regie des Events aus dem Studio in Hilden \u00fcbernehmen. Unsere anderen Speaker:innen wurden remote zugeschaltet. Um dies zu erm\u00f6glichen, wurden die alten Pl\u00e4ne erneut umgeschmissen und ein ausf\u00fchrlicherer Technik-Check vor Beginn anberaumt.<\/p>\n<h3><strong>Die Event-Plattform<\/strong><\/h3>\n<p>Um die Online-Teilnehmer:innen des Events m\u00f6glichst gut abzuholen, haben wir bereits zu Beginn der Planungen gemeinsam mit AVENTEM deren Event-Plattform gestaltet und auf die Anforderungen der Veranstaltung zugeschnitten. Alle Teilnehmenden wurden nach dem Log-In in einer <strong>virtuellen Lobby<\/strong> begr\u00fc\u00dft.<\/p>\n<p>Zudem gab es folgende Bereiche auf der Plattform:<\/p>\n<ul>\n<li>Die Mainstage,<\/li>\n<li>die Speakers Lounge<\/li>\n<li>und die Info Lounge<\/li>\n<\/ul>\n<p>Der Hauptteil des Events fand auf der <strong>Mainstage<\/strong> statt. Hier hielten unsere Speaker:innen ihre Vortr\u00e4ge und die Online-Teilnehmer:innen konnten Fragen stellen sowie an parallel stattfindenden Live-Abstimmungen mit dem <span style=\"color: #43b494;\"><a style=\"color: #43b494;\" href=\"https:\/\/www.polyas.de\/live-voting\">POLYAS Live Voting<\/a><\/span> teilnehmen. Die Zugangsdaten hierzu hatten sie vor dem Event per E-Mail erhalten.<\/p>\n<div id=\"attachment_10426\" style=\"width: 435px\" class=\"wp-caption alignright\"><a href=\"https:\/\/www.polyas.de\/blog\/wp-content\/uploads\/2022\/02\/Rueckblick-hybrides-Event-Mainstage.png\"><img aria-describedby=\"caption-attachment-10426\" data-attachment-id=\"10426\" data-permalink=\"https:\/\/www.polyas.de\/blog\/de\/allgemein-de\/rueckblick-hybrides-event\/attachment\/rueckblick-hybrides-event-mainstage\" data-orig-file=\"https:\/\/www.polyas.de\/blog\/wp-content\/uploads\/2022\/02\/Rueckblick-hybrides-Event-Mainstage.png\" data-orig-size=\"1390,727\" data-comments-opened=\"1\" data-image-meta=\"{&quot;aperture&quot;:&quot;0&quot;,&quot;credit&quot;:&quot;&quot;,&quot;camera&quot;:&quot;&quot;,&quot;caption&quot;:&quot;&quot;,&quot;created_timestamp&quot;:&quot;0&quot;,&quot;copyright&quot;:&quot;&quot;,&quot;focal_length&quot;:&quot;0&quot;,&quot;iso&quot;:&quot;0&quot;,&quot;shutter_speed&quot;:&quot;0&quot;,&quot;title&quot;:&quot;&quot;,&quot;orientation&quot;:&quot;0&quot;}\" data-image-title=\"Rueckblick-hybrides-Event-Mainstage\" data-image-description=\"&lt;p&gt;Hybrides Event Mainstage&lt;\/p&gt;\n\" data-image-caption=\"&lt;p&gt;&lt;em&gt;Patricia Schwan (POLYAS) und Tobias Brand (VR-Neworld) auf der Mainstage w\u00e4hrend der Veranstaltung.&lt;\/em&gt;&lt;\/p&gt;\n\" data-medium-file=\"https:\/\/www.polyas.de\/blog\/wp-content\/uploads\/2022\/02\/Rueckblick-hybrides-Event-Mainstage-300x157.png\" data-large-file=\"https:\/\/www.polyas.de\/blog\/wp-content\/uploads\/2022\/02\/Rueckblick-hybrides-Event-Mainstage-1024x536.png\" loading=\"lazy\" class=\"wp-image-10426\" title=\"Hybrides Event Mainstage\" src=\"https:\/\/www.polyas.de\/blog\/wp-content\/uploads\/2022\/02\/Rueckblick-hybrides-Event-Mainstage.png\" alt=\"Hybrides Event Mainstage\" width=\"425\" height=\"222\" srcset=\"https:\/\/www.polyas.de\/blog\/wp-content\/uploads\/2022\/02\/Rueckblick-hybrides-Event-Mainstage.png 1390w, https:\/\/www.polyas.de\/blog\/wp-content\/uploads\/2022\/02\/Rueckblick-hybrides-Event-Mainstage-300x157.png 300w, https:\/\/www.polyas.de\/blog\/wp-content\/uploads\/2022\/02\/Rueckblick-hybrides-Event-Mainstage-1024x536.png 1024w, https:\/\/www.polyas.de\/blog\/wp-content\/uploads\/2022\/02\/Rueckblick-hybrides-Event-Mainstage-768x402.png 768w, https:\/\/www.polyas.de\/blog\/wp-content\/uploads\/2022\/02\/Rueckblick-hybrides-Event-Mainstage-500x262.png 500w\" sizes=\"(max-width: 425px) 100vw, 425px\" \/><\/a><p id=\"caption-attachment-10426\" class=\"wp-caption-text\"><em>Patricia Schwan (POLYAS) und Tobias Brand (VR-Neworld) auf der Mainstage w\u00e4hrend der Veranstaltung.<\/em><\/p><\/div>\n<p>Das Live Voting war als iFrame rechts der B\u00fchne eingebunden. Die Abstimmungen richteten sich an den Themen der aktuell laufenden Vortr\u00e4ge aus. Die Intention hier hinter war nicht nur eine Interaktion zwischen Veranstalter:innen und Teilnehmer:innen zu schaffen, sondern auch den Wissenstand der Teilnehmenden zu den Themen abzufragen.<\/p>\n<p>\u00dcber in der <strong>Speakers Lounge<\/strong> befindliche &#8220;Fahrst\u00fchle&#8221; konnten die Online-Teilnehmer:innen in der Pause sowie nach den geplanten Vortr\u00e4gen in separaten R\u00e4umen direkt in Kontakt mit den Vortragenden treten und Fragen stellen. Um diesen Live-Austausch zu erm\u00f6glichen, war in jedem Raum eine Zoom-Konferenz hinterlegt. Die Lounges erg\u00e4nzten das Frage-Tool auf der Mainstage und erm\u00f6glichten einen direkten Austausch, wie er auch bei Vor-Ort-Veranstaltungen gegeben ist.<\/p>\n<h3><span style=\"color: #43b494;\"><a style=\"color: #43b494;\" href=\"https:\/\/www.polyas.de\/hybrides-event-hilden\">Jetzt das Recording des Events ansehen &gt;<\/a><\/span><\/h3>\n<p>In der <strong>Info-Lounge<\/strong> konnten sie sich in einer virtuellen Ausstellung an einzelnen Aufstellern \u00fcber die Firmen und Speaker:innen des Events informieren und Kontaktdaten herunterladen.<\/p>\n<h3><strong>Die Umsetzung<\/strong><\/h3>\n<p>Im R\u00fcckblick auf unser hybrides Event m\u00f6chten wir nicht vers\u00e4umen, Ihnen etwas \u00fcber die Inhalte des Events zu verraten. Es gab viele spannende Vortr\u00e4ge von Speaker:innen mit ganz unterschiedlichen beruflichen Hintergr\u00fcnden und Erfahrungen.<\/p>\n<p>Zun\u00e4chst gab Antonia Reichwein, Partner Managerin bei POLYAS, einen Einblick darin, wie sich das POLYAS Live Voting auf hybriden Veranstaltungen einsetzen l\u00e4sst. Da die Teilnehmer:innen das Live Voting ohnehin w\u00e4hrend des Events testen konnten, zeigte sie in ihrem Vortag ein Live-Voting-Projekt im <span style=\"color: #43b494;\"><a style=\"color: #43b494;\" href=\"https:\/\/configure.polyas.com\/\">POLYAS Online-Wahlmanager<\/a><\/span> und erkl\u00e4rte, <span style=\"color: #43b494;\"><a style=\"color: #43b494;\" href=\"https:\/\/community.polyas.com\/deutsch\/kb\/articles\/194-abstimmungen-im-polyas-live-voting-cockpit-starten\">wie die Abstimmungsfragen vom Live Voting Cockpit aus live geschaltet und die Ergebnisse angezeigt werden k\u00f6nnen<\/a><\/span>.<\/p>\n<p>Im Anschluss daran sprach Tobias Brand, Abteilungsleiter Beratung und Vertrieb bei <span style=\"color: #43b494;\"><a style=\"color: #43b494;\" href=\"https:\/\/vr-networld.de\/\">VR-NetWorld<\/a><\/span>, \u00fcber virtuelle General- oder Vertreterversammlungen bei Genossenschaftsbanken.<\/p>\n<p>Die VR-Networld stand gemeinsam mit den Genossenschaftsbanken 2020 vor der Herausforderung, die General- und Vertreterversammlungen aufgrund von Kontaktbeschr\u00e4nkungen ins Virtuelle zu \u00fcbertragen. Mittlerweile haben sie mithilfe des <span style=\"color: #43b494;\"><a style=\"color: #43b494;\" href=\"https:\/\/mitgliedernetzwerk.de\/\">digitalen Netzwerks f\u00fcr Mitglieder<\/a>,<\/span> sowie einer darin integrierten Plattform f\u00fcr Live-Veranstaltungen und dem POLYAS Live Voting erfolgreich 300 virtuelle und rechtssichere General- und Vertreterversammlungen durchgef\u00fchrt.<\/p>\n<div id=\"attachment_10425\" style=\"width: 1400px\" class=\"wp-caption aligncenter\"><a href=\"https:\/\/www.polyas.de\/blog\/wp-content\/uploads\/2022\/02\/speakers-lounge-hybrides-event.png\"><img aria-describedby=\"caption-attachment-10425\" data-attachment-id=\"10425\" data-permalink=\"https:\/\/www.polyas.de\/blog\/de\/allgemein-de\/rueckblick-hybrides-event\/attachment\/speakers-lounge-hybrides-event\" data-orig-file=\"https:\/\/www.polyas.de\/blog\/wp-content\/uploads\/2022\/02\/speakers-lounge-hybrides-event.png\" data-orig-size=\"1390,705\" data-comments-opened=\"1\" data-image-meta=\"{&quot;aperture&quot;:&quot;0&quot;,&quot;credit&quot;:&quot;&quot;,&quot;camera&quot;:&quot;&quot;,&quot;caption&quot;:&quot;&quot;,&quot;created_timestamp&quot;:&quot;0&quot;,&quot;copyright&quot;:&quot;&quot;,&quot;focal_length&quot;:&quot;0&quot;,&quot;iso&quot;:&quot;0&quot;,&quot;shutter_speed&quot;:&quot;0&quot;,&quot;title&quot;:&quot;&quot;,&quot;orientation&quot;:&quot;0&quot;}\" data-image-title=\"speakers-lounge-hybrides-event\" data-image-description=\"&lt;p&gt;Speakers Lounge auf der Eventplattform.&lt;\/p&gt;\n\" data-image-caption=\"&lt;p&gt;Die Speakers Lounge auf der Eventplattform.&lt;\/p&gt;\n\" data-medium-file=\"https:\/\/www.polyas.de\/blog\/wp-content\/uploads\/2022\/02\/speakers-lounge-hybrides-event-300x152.png\" data-large-file=\"https:\/\/www.polyas.de\/blog\/wp-content\/uploads\/2022\/02\/speakers-lounge-hybrides-event-1024x519.png\" loading=\"lazy\" class=\"wp-image-10425 size-full\" title=\"Speakers Lounge auf der Eventplattform.\" src=\"https:\/\/www.polyas.de\/blog\/wp-content\/uploads\/2022\/02\/speakers-lounge-hybrides-event.png\" alt=\"Speakers Lounge auf der Eventplattform.\" width=\"1390\" height=\"705\" srcset=\"https:\/\/www.polyas.de\/blog\/wp-content\/uploads\/2022\/02\/speakers-lounge-hybrides-event.png 1390w, https:\/\/www.polyas.de\/blog\/wp-content\/uploads\/2022\/02\/speakers-lounge-hybrides-event-300x152.png 300w, https:\/\/www.polyas.de\/blog\/wp-content\/uploads\/2022\/02\/speakers-lounge-hybrides-event-1024x519.png 1024w, https:\/\/www.polyas.de\/blog\/wp-content\/uploads\/2022\/02\/speakers-lounge-hybrides-event-768x390.png 768w, https:\/\/www.polyas.de\/blog\/wp-content\/uploads\/2022\/02\/speakers-lounge-hybrides-event-500x254.png 500w\" sizes=\"(max-width: 1390px) 100vw, 1390px\" \/><\/a><p id=\"caption-attachment-10425\" class=\"wp-caption-text\"><em>Die Speakers Lounge auf der Event-Plattform.<\/em><\/p><\/div>\n<p>Nach einer kurzen Kaffee-Pause ging es mit dem spannenden Thema \u201eSocial-Media-Tools\u201c weiter. Stephanie Paulutt und Peter Bernsk\u00f6tter, Gesch\u00e4ftsentwicklung sowie Gr\u00fcnder und Gesch\u00e4ftsf\u00fchrer von <span style=\"color: #43b494;\"><a style=\"color: #43b494;\" href=\"https:\/\/bclab.de\/\">bc.lab<\/a><\/span>, zeigten Beispiele aus der Praxis und erkl\u00e4rten worauf es beim Social-Media-Monitoring zu achten gilt. Mit dem <span style=\"color: #43b494;\"><a style=\"color: #43b494;\" href=\"https:\/\/bclab.de\/wettbewerbs-monitoring\/\">bc.lab monitor<\/a><\/span> kann auf unterschiedlichsten Kan\u00e4len getrackt werden, was online \u00fcber Ihr Event geschrieben wird. So k\u00f6nne das Event sichtbarer gemacht werden, Feedback in die Event-Inhalte integriert werden und es k\u00f6nnten R\u00fcckschl\u00fcsse f\u00fcr weitere Veranstaltungen gezogen werden, wie Bernsk\u00f6tter erkl\u00e4rte.<\/p>\n<h3><strong><span style=\"color: #43b494;\"><a style=\"color: #43b494;\" href=\"https:\/\/www.polyas.de\/blog\/de\/digitale-demokratie\/social-media-monitoring-event\">Mehr zum Thema Social-Media-Monitoring lesen Sie hier &gt;<\/a><\/span><\/strong><\/h3>\n<p>Holger Niewind, Gesch\u00e4ftsf\u00fchrer <span style=\"color: #43b494;\"><a style=\"color: #43b494;\" href=\"https:\/\/aventem.de\/\">AVENTEM<\/a><\/span>, stellte im Anschluss daran seine Firma mit ihren unterschiedlichen Studios in Hilden und Dienstleistungen vor. Es sei wichtig, die Zielgruppe und ihre Anforderungen an die Veranstaltung zu kennen, um einen passenden Anbieter f\u00fcr die Event-Plattform auszuw\u00e4hlen sowie die Inhalte dieser darauf abzustimmen, so Niewind.<\/p>\n<p>Schlie\u00dflich ging es praxisbezogen weiter: Anastasia Tomskikh, Election Managerin bei POLYAS, stellte zwei Beispiele f\u00fcr hybride bzw. Online-Veranstaltungen mit Live Voting vor. Anhand dieser Beispiele gab sie die Empfehlung, ein mehrstufiges Support-System vorzusehen sowie einen einfachen Anmeldeprozess zu w\u00e4hlen und eine Probeveranstaltung abzuhalten.<\/p>\n<p>Tobias Dillberger, Gesch\u00e4ftsf\u00fchrer Pollonis, schloss die Veranstaltung mit seinem Vortrag ab. Er selbst hat bereits viel Erfahrung im Bereich Projektmanagement und Eventplanung und nannte als gr\u00f6\u00dfte Herausforderung von hybriden Events die Abholung der Online-Teilnehmer:innen. Bei der Planung im Vorfeld gelte es, die IT-Komponenten der Veranstaltung mit den Offline-Bereichen (Location, Catering etc.) zu synchronisieren und aufeinander abzustimmen. Hier solle man zudem mehrgleisig planen und unterschiedliche Szenarien mitbedenken, so Dillberger.<strong>&nbsp;<\/strong><\/p>\n<h3><strong>R\u00fcckblick auf unser hybrides Event: <\/strong><strong>Unser Fazit<\/strong><\/h3>\n<p>Von der Vorbereitung eines digitalen oder hybriden Events bis hin zur konkreten Ausgestaltung und Umsetzung auf Event-Plattformen mit oder ohne Abstimmungstool und Social Media Monitoring, gab es auf unserem hybriden Event viele informative Inhalte. Wir hoffen, dass wir offene Fragen unserer Teilnehmer:innen zu ihrer eigenen Event-Planung kl\u00e4ren und ihren Blick auf die zahlreichen Gestaltungsm\u00f6glichkeiten eines solchen Events weiten konnten.<\/p>\n<div id=\"attachment_10427\" style=\"width: 397px\" class=\"wp-caption alignright\"><a href=\"https:\/\/www.polyas.de\/blog\/wp-content\/uploads\/2022\/02\/hybrides-Event-Vortrag.png\"><img aria-describedby=\"caption-attachment-10427\" data-attachment-id=\"10427\" data-permalink=\"https:\/\/www.polyas.de\/blog\/de\/allgemein-de\/rueckblick-hybrides-event\/attachment\/hybrides-event-vortrag\" data-orig-file=\"https:\/\/www.polyas.de\/blog\/wp-content\/uploads\/2022\/02\/hybrides-Event-Vortrag.png\" data-orig-size=\"908,568\" data-comments-opened=\"1\" data-image-meta=\"{&quot;aperture&quot;:&quot;0&quot;,&quot;credit&quot;:&quot;&quot;,&quot;camera&quot;:&quot;&quot;,&quot;caption&quot;:&quot;&quot;,&quot;created_timestamp&quot;:&quot;0&quot;,&quot;copyright&quot;:&quot;&quot;,&quot;focal_length&quot;:&quot;0&quot;,&quot;iso&quot;:&quot;0&quot;,&quot;shutter_speed&quot;:&quot;0&quot;,&quot;title&quot;:&quot;&quot;,&quot;orientation&quot;:&quot;0&quot;}\" data-image-title=\"hybrides-Event-Vortrag\" data-image-description=\"&lt;p&gt;Hybrides Event Vortrag auf der Mainstage&lt;\/p&gt;\n\" data-image-caption=\"&lt;p&gt;Tobias Dillberger (Pollonis) bei seinem Vortrag auf der Mainstage.&lt;\/p&gt;\n\" data-medium-file=\"https:\/\/www.polyas.de\/blog\/wp-content\/uploads\/2022\/02\/hybrides-Event-Vortrag-300x188.png\" data-large-file=\"https:\/\/www.polyas.de\/blog\/wp-content\/uploads\/2022\/02\/hybrides-Event-Vortrag.png\" loading=\"lazy\" class=\"wp-image-10427\" title=\"Hybrides Event Vortrag auf der Mainstage.\" src=\"https:\/\/www.polyas.de\/blog\/wp-content\/uploads\/2022\/02\/hybrides-Event-Vortrag.png\" alt=\"Hybrides Event Vortrag auf der Mainstage.\" width=\"387\" height=\"242\" srcset=\"https:\/\/www.polyas.de\/blog\/wp-content\/uploads\/2022\/02\/hybrides-Event-Vortrag.png 908w, https:\/\/www.polyas.de\/blog\/wp-content\/uploads\/2022\/02\/hybrides-Event-Vortrag-300x188.png 300w, https:\/\/www.polyas.de\/blog\/wp-content\/uploads\/2022\/02\/hybrides-Event-Vortrag-768x480.png 768w, https:\/\/www.polyas.de\/blog\/wp-content\/uploads\/2022\/02\/hybrides-Event-Vortrag-500x313.png 500w\" sizes=\"(max-width: 387px) 100vw, 387px\" \/><\/a><p id=\"caption-attachment-10427\" class=\"wp-caption-text\"><em>Tobias Dillberger (Pollonis) bei seinem Vortrag auf der Mainstage.<\/em><\/p><\/div>\n<p>Zahlreiche positive R\u00fcckmeldungen haben uns bereits erreicht \u2013 daf\u00fcr m\u00f6chten wir uns an dieser Stelle bedanken.<\/p>\n<p>Wenn Sie die Tipps und Tricks unserer Speaker:innen befolgen, steht dem Erfolg Ihres hybriden Events nichts im Wege.&nbsp;<\/p>\n<p><\/p>\n<h3><strong><span style=\"color: #43b494;\"><a style=\"color: #43b494;\" href=\"https:\/\/www.polyas.de\/blog\/de\/digitale-demokratie\/5-tipps-hybride-veranstaltungen\">Mehr Tipps zu hybriden Veranstaltungen finden Sie hier &gt;<\/a><\/span><\/strong><\/h3>\n<p><strong>&nbsp;<\/strong><\/p>\n\n","protected":false},"excerpt":{"rendered":"<p>In unserer Blogpostserie zu hybriden Events haben wir zahlreiche Tipps zur Umsetzung von hybriden Events gegeben \u2013 egal, ob es um die ideale Location oder das passende Video-Konferenz-Tool ging. Am 3. Februar dieses Jahres haben wir nun unser eigenes hybrides Event mit 80 Zuschauer:innen veranstaltet. Wie es genau umgesetzt wurde und welchen Herausforderungen wir uns [&hellip;]<\/p>\n","protected":false},"author":282,"featured_media":10411,"comment_status":"open","ping_status":"open","sticky":false,"template":"","format":"standard","meta":{"_eb_attr":"","ub_ctt_via":"","spay_email":"","jetpack_publicize_message":"","jetpack_is_tweetstorm":false,"jetpack_publicize_feature_enabled":true},"categories":[1953,2663,19,7],"tags":[2846,2817,2755,2802,2757,2556,2847,2845,2782],"featured_image_src":"https:\/\/www.polyas.de\/blog\/wp-content\/uploads\/2022\/02\/Ru\u0308ckblick-hybrides-Event.png","author_info":{"display_name":"Laura Rogler","author_link":"https:\/\/www.polyas.de\/blog\/author\/laura-henning"},"yoast_head":"<!-- This site is optimized with the Yoast SEO plugin v19.9 - https:\/\/yoast.com\/wordpress\/plugins\/seo\/ -->\n<title>R\u00fcckblick auf unser hybrides Event: H\u00fcrden &amp; L\u00f6sungen - POLYAS<\/title>\n<meta name=\"description\" content=\"In diesem R\u00fcckblick auf unser hybrides Event am 3. Februar berichten wir von H\u00fcrden bei der Planung und wie diese gel\u00f6st wurden. Jetzt lesen!\" \/>\n<meta name=\"robots\" content=\"index, follow, max-snippet:-1, max-image-preview:large, max-video-preview:-1\" \/>\n<link rel=\"canonical\" href=\"https:\/\/www.polyas.de\/blog\/de\/allgemein-de\/rueckblick-hybrides-event\" \/>\n<meta property=\"og:locale\" content=\"de_DE\" \/>\n<meta property=\"og:type\" content=\"article\" \/>\n<meta property=\"og:title\" content=\"R\u00fcckblick auf unser hybrides Event: H\u00fcrden &amp; L\u00f6sungen - POLYAS\" \/>\n<meta property=\"og:description\" content=\"In diesem R\u00fcckblick auf unser hybrides Event am 3. Februar berichten wir von H\u00fcrden bei der Planung und wie diese gel\u00f6st wurden. Jetzt lesen!\" \/>\n<meta property=\"og:url\" content=\"https:\/\/www.polyas.de\/blog\/de\/allgemein-de\/rueckblick-hybrides-event\" \/>\n<meta property=\"og:site_name\" content=\"POLYAS\" \/>\n<meta property=\"article:published_time\" content=\"2022-02-10T10:01:28+00:00\" \/>\n<meta property=\"article:modified_time\" content=\"2022-02-10T10:01:29+00:00\" \/>\n<meta property=\"og:image\" content=\"https:\/\/i0.wp.com\/www.polyas.de\/blog\/wp-content\/uploads\/2022\/02\/Ru\u0308ckblick-hybrides-Event.png?fit=860%2C200&ssl=1\" \/>\n\t<meta property=\"og:image:width\" content=\"860\" \/>\n\t<meta property=\"og:image:height\" content=\"200\" \/>\n\t<meta property=\"og:image:type\" content=\"image\/png\" \/>\n<meta name=\"author\" content=\"Laura Rogler\" \/>\n<meta name=\"twitter:card\" content=\"summary_large_image\" \/>\n<meta name=\"twitter:label1\" content=\"Verfasst von\" \/>\n\t<meta name=\"twitter:data1\" content=\"Laura Rogler\" \/>\n\t<meta name=\"twitter:label2\" content=\"Gesch\u00e4tzte Lesezeit\" \/>\n\t<meta name=\"twitter:data2\" content=\"6 Minuten\" \/>\n<script type=\"application\/ld+json\" class=\"yoast-schema-graph\">{\"@context\":\"https:\/\/schema.org\",\"@graph\":[{\"@type\":\"WebPage\",\"@id\":\"https:\/\/www.polyas.de\/blog\/de\/allgemein-de\/rueckblick-hybrides-event\",\"url\":\"https:\/\/www.polyas.de\/blog\/de\/allgemein-de\/rueckblick-hybrides-event\",\"name\":\"R\u00fcckblick auf unser hybrides Event: H\u00fcrden & L\u00f6sungen - POLYAS\",\"isPartOf\":{\"@id\":\"https:\/\/www.polyas.de\/blog\/#website\"},\"datePublished\":\"2022-02-10T10:01:28+00:00\",\"dateModified\":\"2022-02-10T10:01:29+00:00\",\"author\":{\"@id\":\"https:\/\/www.polyas.de\/blog\/#\/schema\/person\/09a2bee8bba77711e8ddef4b3f0f283f\"},\"description\":\"In diesem R\u00fcckblick auf unser hybrides Event am 3. Februar berichten wir von H\u00fcrden bei der Planung und wie diese gel\u00f6st wurden. Jetzt lesen!\",\"breadcrumb\":{\"@id\":\"https:\/\/www.polyas.de\/blog\/de\/allgemein-de\/rueckblick-hybrides-event#breadcrumb\"},\"inLanguage\":\"de-DE\",\"potentialAction\":[{\"@type\":\"ReadAction\",\"target\":[\"https:\/\/www.polyas.de\/blog\/de\/allgemein-de\/rueckblick-hybrides-event\"]}]},{\"@type\":\"BreadcrumbList\",\"@id\":\"https:\/\/www.polyas.de\/blog\/de\/allgemein-de\/rueckblick-hybrides-event#breadcrumb\",\"itemListElement\":[{\"@type\":\"ListItem\",\"position\":1,\"name\":\"Startseite\",\"item\":\"https:\/\/www.polyas.de\/blog\/de\"},{\"@type\":\"ListItem\",\"position\":2,\"name\":\"R\u00fcckblick auf unser hybrides Event: H\u00fcrden &#038; L\u00f6sungen\"}]},{\"@type\":\"WebSite\",\"@id\":\"https:\/\/www.polyas.de\/blog\/#website\",\"url\":\"https:\/\/www.polyas.de\/blog\/\",\"name\":\"POLYAS\",\"description\":\"the blog for secure online voting\",\"potentialAction\":[{\"@type\":\"SearchAction\",\"target\":{\"@type\":\"EntryPoint\",\"urlTemplate\":\"https:\/\/www.polyas.de\/blog\/?s={search_term_string}\"},\"query-input\":\"required name=search_term_string\"}],\"inLanguage\":\"de-DE\"},{\"@type\":\"Person\",\"@id\":\"https:\/\/www.polyas.de\/blog\/#\/schema\/person\/09a2bee8bba77711e8ddef4b3f0f283f\",\"name\":\"Laura Rogler\",\"image\":{\"@type\":\"ImageObject\",\"inLanguage\":\"de-DE\",\"@id\":\"https:\/\/www.polyas.de\/blog\/#\/schema\/person\/image\/\",\"url\":\"https:\/\/www.polyas.de\/blog\/wp-content\/uploads\/2021\/04\/Laura_Henning--96x96.jpeg\",\"contentUrl\":\"https:\/\/www.polyas.de\/blog\/wp-content\/uploads\/2021\/04\/Laura_Henning--96x96.jpeg\",\"caption\":\"Laura Rogler\"},\"sameAs\":[\"https:\/\/www.polyas.de\/blog\"],\"url\":\"https:\/\/www.polyas.de\/blog\/author\/laura-henning\"}]}<\/script>\n<!-- \/ Yoast SEO plugin. -->","yoast_head_json":{"title":"R\u00fcckblick auf unser hybrides Event: H\u00fcrden & L\u00f6sungen - POLYAS","description":"In diesem R\u00fcckblick auf unser hybrides Event am 3. Februar berichten wir von H\u00fcrden bei der Planung und wie diese gel\u00f6st wurden. Jetzt lesen!","robots":{"index":"index","follow":"follow","max-snippet":"max-snippet:-1","max-image-preview":"max-image-preview:large","max-video-preview":"max-video-preview:-1"},"canonical":"https:\/\/www.polyas.de\/blog\/de\/allgemein-de\/rueckblick-hybrides-event","og_locale":"de_DE","og_type":"article","og_title":"R\u00fcckblick auf unser hybrides Event: H\u00fcrden & L\u00f6sungen - POLYAS","og_description":"In diesem R\u00fcckblick auf unser hybrides Event am 3. Februar berichten wir von H\u00fcrden bei der Planung und wie diese gel\u00f6st wurden. Jetzt lesen!","og_url":"https:\/\/www.polyas.de\/blog\/de\/allgemein-de\/rueckblick-hybrides-event","og_site_name":"POLYAS","article_published_time":"2022-02-10T10:01:28+00:00","article_modified_time":"2022-02-10T10:01:29+00:00","og_image":[{"width":860,"height":200,"url":"https:\/\/i0.wp.com\/www.polyas.de\/blog\/wp-content\/uploads\/2022\/02\/Ru\u0308ckblick-hybrides-Event.png?fit=860%2C200&ssl=1","type":"image\/png"}],"author":"Laura Rogler","twitter_card":"summary_large_image","twitter_misc":{"Verfasst von":"Laura Rogler","Gesch\u00e4tzte Lesezeit":"6 Minuten"},"schema":{"@context":"https:\/\/schema.org","@graph":[{"@type":"WebPage","@id":"https:\/\/www.polyas.de\/blog\/de\/allgemein-de\/rueckblick-hybrides-event","url":"https:\/\/www.polyas.de\/blog\/de\/allgemein-de\/rueckblick-hybrides-event","name":"R\u00fcckblick auf unser hybrides Event: H\u00fcrden & L\u00f6sungen - POLYAS","isPartOf":{"@id":"https:\/\/www.polyas.de\/blog\/#website"},"datePublished":"2022-02-10T10:01:28+00:00","dateModified":"2022-02-10T10:01:29+00:00","author":{"@id":"https:\/\/www.polyas.de\/blog\/#\/schema\/person\/09a2bee8bba77711e8ddef4b3f0f283f"},"description":"In diesem R\u00fcckblick auf unser hybrides Event am 3. Februar berichten wir von H\u00fcrden bei der Planung und wie diese gel\u00f6st wurden. Jetzt lesen!","breadcrumb":{"@id":"https:\/\/www.polyas.de\/blog\/de\/allgemein-de\/rueckblick-hybrides-event#breadcrumb"},"inLanguage":"de-DE","potentialAction":[{"@type":"ReadAction","target":["https:\/\/www.polyas.de\/blog\/de\/allgemein-de\/rueckblick-hybrides-event"]}]},{"@type":"BreadcrumbList","@id":"https:\/\/www.polyas.de\/blog\/de\/allgemein-de\/rueckblick-hybrides-event#breadcrumb","itemListElement":[{"@type":"ListItem","position":1,"name":"Startseite","item":"https:\/\/www.polyas.de\/blog\/de"},{"@type":"ListItem","position":2,"name":"R\u00fcckblick auf unser hybrides Event: H\u00fcrden &#038; L\u00f6sungen"}]},{"@type":"WebSite","@id":"https:\/\/www.polyas.de\/blog\/#website","url":"https:\/\/www.polyas.de\/blog\/","name":"POLYAS","description":"the blog for secure online voting","potentialAction":[{"@type":"SearchAction","target":{"@type":"EntryPoint","urlTemplate":"https:\/\/www.polyas.de\/blog\/?s={search_term_string}"},"query-input":"required name=search_term_string"}],"inLanguage":"de-DE"},{"@type":"Person","@id":"https:\/\/www.polyas.de\/blog\/#\/schema\/person\/09a2bee8bba77711e8ddef4b3f0f283f","name":"Laura Rogler","image":{"@type":"ImageObject","inLanguage":"de-DE","@id":"https:\/\/www.polyas.de\/blog\/#\/schema\/person\/image\/","url":"https:\/\/www.polyas.de\/blog\/wp-content\/uploads\/2021\/04\/Laura_Henning--96x96.jpeg","contentUrl":"https:\/\/www.polyas.de\/blog\/wp-content\/uploads\/2021\/04\/Laura_Henning--96x96.jpeg","caption":"Laura Rogler"},"sameAs":["https:\/\/www.polyas.de\/blog"],"url":"https:\/\/www.polyas.de\/blog\/author\/laura-henning"}]}},"jetpack_featured_media_url":"https:\/\/www.polyas.de\/blog\/wp-content\/uploads\/2022\/02\/Ru\u0308ckblick-hybrides-Event.png","jetpack_publicize_connections":[],"jetpack_shortlink":"https:\/\/wp.me\/p72Pnr-2HJ","jetpack-related-posts":[{"id":9920,"url":"https:\/\/www.polyas.de\/blog\/de\/digitale-demokratie\/webinar-hybride-events","url_meta":{"origin":10399,"position":0},"title":"Hybride Events in drei Schritten &#8211; POLYAS Webinar","date":"20\/10\/2021","format":false,"excerpt":"Veranstaltungsformate sind im Wandel. Corona und der Lockdown haben das Arbeiten von zu Hause zur Normalit\u00e4t gemacht und Veranstalter:innen dazu gezwungen, kreative digitale Formate zu entwickeln. Jetzt hei\u00dft es, diese kreativen Ideen mit der gewohnten Normalit\u00e4t zu verbinden. Das Zukunftsformat der Veranstaltungsbranche hei\u00dft \u201ehybride Events\u201c \u2013 ein Thema, das auch\u2026","rel":"","context":"In &quot;Digitale Demokratie&quot;","img":{"alt_text":"Webinar hybride Events","src":"https:\/\/i0.wp.com\/www.polyas.de\/blog\/wp-content\/uploads\/2021\/10\/Hybride-Veranstaltungen-2.png?resize=350%2C200&ssl=1","width":350,"height":200},"classes":[]},{"id":9893,"url":"https:\/\/www.polyas.de\/blog\/de\/veranstaltungen\/hybride-events","url_meta":{"origin":10399,"position":1},"title":"Hybride Events: Das Veranstaltungsformat der Zukunft","date":"09\/10\/2021","format":false,"excerpt":"Die Veranstaltungswelt hat sich durch die Corona-Pandemie und die damit einhergehende Beschleunigung der Digitalisierung stark ver\u00e4ndert. Viele Events finden mittlerweile hybrid statt: Vor-Ort-Komponente in einer Location und Live-Stream f\u00fcr alle, die nicht pers\u00f6nlich an der Veranstaltung teilnehmen k\u00f6nnen. Der Bedarf f\u00fcr digitale Abstimmungen und Wahlen - und damit auch f\u00fcr\u2026","rel":"","context":"In &quot;Digitalisierung&quot;","img":{"alt_text":"Hybride Events POLYAS","src":"https:\/\/i0.wp.com\/www.polyas.de\/blog\/wp-content\/uploads\/2021\/10\/Hybride_Events_POLYAS.png?resize=350%2C200&ssl=1","width":350,"height":200},"classes":[]},{"id":10043,"url":"https:\/\/www.polyas.de\/blog\/de\/veranstaltungen\/webinar-hybride-events-praxis","url_meta":{"origin":10399,"position":2},"title":"POLYAS Webinar: Hybride Events in der Praxis","date":"25\/11\/2021","format":false,"excerpt":"Die aktuelle Pandemie-Lage zwingt uns alle dazu, bereits geplante Veranstaltungen neu zu \u00fcberdenken. Sind Sie f\u00fcr Ihr Veranstaltungsjahr 2022 f\u00fcr alle Eventualit\u00e4ten aufgestellt? K\u00f6nnen Sie Ihre Versammlungen oder Events kurzfristig in ein rein digitales oder hybrides Event umwandeln? Wie kann das in der Praxis funktionieren? In unserem Webinar am 08.12.2021\u2026","rel":"","context":"In &quot;Digital News&quot;","img":{"alt_text":"Hybride Events Praxis Webinar","src":"https:\/\/i0.wp.com\/www.polyas.de\/blog\/wp-content\/uploads\/2021\/11\/Hybride_Events_Praxis_Webinar.png?resize=350%2C200&ssl=1","width":350,"height":200},"classes":[]},{"id":10085,"url":"https:\/\/www.polyas.de\/blog\/de\/allgemein-de\/polyas-in-hilden","url_meta":{"origin":10399,"position":3},"title":"POLYAS in Hilden: Trends f\u00fcr Ihr hybrides Event","date":"07\/12\/2021","format":false,"excerpt":"Erleben Sie ein hybrides Event mit POLYAS in Hilden und erfahren Sie mehr \u00fcber den aktuellen Trend der Veranstaltungsbranche. Jetzt anmelden!","rel":"","context":"In &quot;Partner&quot;","img":{"alt_text":"POLYAS hybrides Event in HIlden","src":"https:\/\/i0.wp.com\/www.polyas.de\/blog\/wp-content\/uploads\/2021\/12\/Hybride-Events-Event.png?resize=350%2C200&ssl=1","width":350,"height":200},"classes":[]},{"id":10000,"url":"https:\/\/www.polyas.de\/blog\/de\/digitale-demokratie\/5-tipps-hybride-veranstaltungen","url_meta":{"origin":10399,"position":4},"title":"5 Tipps f\u00fcr hybride Veranstaltungen","date":"17\/11\/2021","format":false,"excerpt":"Hybride Veranstaltungen erschlie\u00dfen durch eine unbegrenzte und ortsunabh\u00e4ngige Teilnahme neue Zielgruppen. Egal ob M\u00fcnchen, Hamburg oder Europa \u2013 eine Teilnahme ist von \u00fcberall auf der Welt m\u00f6glich. Eventplaner haben die Aufgabe, die virtuelle mit der reellen Welt zu verbinden. Lesen Sie unsere f\u00fcnf Top Tipps f\u00fcr hybride Veranstaltungen und dazu,\u2026","rel":"","context":"In &quot;Digital News&quot;","img":{"alt_text":"Tipps f\u00fcr hybride Veranstaltungen","src":"https:\/\/i0.wp.com\/www.polyas.de\/blog\/wp-content\/uploads\/2021\/11\/Blog-Beitragsbanner-860x200-alle-1.png?resize=350%2C200&ssl=1","width":350,"height":200},"classes":[]},{"id":10144,"url":"https:\/\/www.polyas.de\/blog\/de\/veranstaltungen\/checkliste-location-hybrides-event","url_meta":{"origin":10399,"position":5},"title":"Gratis Checkliste: Location f\u00fcr Ihr hybrides Event finden","date":"09\/12\/2021","format":false,"excerpt":"Welches war das letzte Business-Event, das Sie besucht haben? Und was ist Ihnen davon besonders positiv in Erinnerung geblieben? Vielleicht war es ja die schicke Location, die der Veranstaltung einen passenden Rahmen verschafft hat. Dann haben die Event-Veranstalter einen guten Job gemacht. Es ist nicht leicht, die passende Location zu\u2026","rel":"","context":"In &quot;Digital News&quot;","img":{"alt_text":"Gratis Checkliste Hybride Events Location","src":"https:\/\/i0.wp.com\/www.polyas.de\/blog\/wp-content\/uploads\/2021\/12\/Gratis_Checkliste_Hybride-Events.png?resize=350%2C200&ssl=1","width":350,"height":200},"classes":[]}],"_links":{"self":[{"href":"https:\/\/www.polyas.de\/blog\/wp-json\/wp\/v2\/posts\/10399"}],"collection":[{"href":"https:\/\/www.polyas.de\/blog\/wp-json\/wp\/v2\/posts"}],"about":[{"href":"https:\/\/www.polyas.de\/blog\/wp-json\/wp\/v2\/types\/post"}],"author":[{"embeddable":true,"href":"https:\/\/www.polyas.de\/blog\/wp-json\/wp\/v2\/users\/282"}],"replies":[{"embeddable":true,"href":"https:\/\/www.polyas.de\/blog\/wp-json\/wp\/v2\/comments?post=10399"}],"version-history":[{"count":46,"href":"https:\/\/www.polyas.de\/blog\/wp-json\/wp\/v2\/posts\/10399\/revisions"}],"predecessor-version":[{"id":10462,"href":"https:\/\/www.polyas.de\/blog\/wp-json\/wp\/v2\/posts\/10399\/revisions\/10462"}],"wp:featuredmedia":[{"embeddable":true,"href":"https:\/\/www.polyas.de\/blog\/wp-json\/wp\/v2\/media\/10411"}],"wp:attachment":[{"href":"https:\/\/www.polyas.de\/blog\/wp-json\/wp\/v2\/media?parent=10399"}],"wp:term":[{"taxonomy":"category","embeddable":true,"href":"https:\/\/www.polyas.de\/blog\/wp-json\/wp\/v2\/categories?post=10399"},{"taxonomy":"post_tag","embeddable":true,"href":"https:\/\/www.polyas.de\/blog\/wp-json\/wp\/v2\/tags?post=10399"}],"curies":[{"name":"wp","href":"https:\/\/api.w.org\/{rel}","templated":true}]}}