{"id":10085,"date":"2021-12-07T14:34:19","date_gmt":"2021-12-07T13:34:19","guid":{"rendered":"https:\/\/www.polyas.de\/blog\/?p=10085"},"modified":"2021-12-07T14:34:20","modified_gmt":"2021-12-07T13:34:20","slug":"polyas-in-hilden","status":"publish","type":"post","link":"https:\/\/www.polyas.de\/blog\/de\/allgemein-de\/polyas-in-hilden","title":{"rendered":"POLYAS in Hilden: Trends f\u00fcr Ihr hybrides Event"},"content":{"rendered":"<p>Wie l\u00e4sst sich trotz der angespannten Pandemie-Lage eine Mitgliederversammlung organisieren? Diese Frage stellen sich derzeit viele Organisationen. Die Antwort lautet: hybride Events. Was das ist und wie solche Veranstaltungen funktionieren k\u00f6nnen, zeigt POLYAS am 3. Februar n\u00e4chsten Jahres auf seinem eigenen hybriden Event in Hilden.<\/p>\n<p><!--more--><\/p>\n<h3>Warum hybride Events die Zukunft sind<\/h3>\n<p>Auch in diesem Winter ist die pandemische Lage wieder angespannt. Dennoch m\u00fcssen und wollen viele Organisationen wie Verb\u00e4nde, Unternehmen, Kammern und Genossenschaften Ihre Versammlungen durchf\u00fchren. Die Veranstaltungen nur im kleinen Rahmen abzuhalten, w\u00fcrde aber viele Stimmberechtigte ausschlie\u00dfen. Die L\u00f6sung: ein hybrides Event!<\/p>\n<p><a href=\"https:\/\/www.polyas.de\/blog\/wp-content\/uploads\/2021\/12\/Event-Landingpage-Hybrides-Event.png\"><img data-attachment-id=\"10104\" data-permalink=\"https:\/\/www.polyas.de\/blog\/de\/allgemein-de\/polyas-in-hilden\/attachment\/event-landingpage-hybrides-event\" data-orig-file=\"https:\/\/www.polyas.de\/blog\/wp-content\/uploads\/2021\/12\/Event-Landingpage-Hybrides-Event.png\" data-orig-size=\"6318,3543\" data-comments-opened=\"1\" data-image-meta=\"{&quot;aperture&quot;:&quot;0&quot;,&quot;credit&quot;:&quot;&quot;,&quot;camera&quot;:&quot;&quot;,&quot;caption&quot;:&quot;&quot;,&quot;created_timestamp&quot;:&quot;0&quot;,&quot;copyright&quot;:&quot;&quot;,&quot;focal_length&quot;:&quot;0&quot;,&quot;iso&quot;:&quot;0&quot;,&quot;shutter_speed&quot;:&quot;0&quot;,&quot;title&quot;:&quot;&quot;,&quot;orientation&quot;:&quot;0&quot;}\" data-image-title=\"Event-Landingpage Hybrides Event\" data-image-description=\"\" data-image-caption=\"\" data-medium-file=\"https:\/\/www.polyas.de\/blog\/wp-content\/uploads\/2021\/12\/Event-Landingpage-Hybrides-Event-300x168.png\" data-large-file=\"https:\/\/www.polyas.de\/blog\/wp-content\/uploads\/2021\/12\/Event-Landingpage-Hybrides-Event-1024x574.png\" loading=\"lazy\" class=\"size-full wp-image-10104 alignnone\" src=\"https:\/\/www.polyas.de\/blog\/wp-content\/uploads\/2021\/12\/Event-Landingpage-Hybrides-Event.png\" alt=\"\" width=\"6318\" height=\"3543\" srcset=\"https:\/\/www.polyas.de\/blog\/wp-content\/uploads\/2021\/12\/Event-Landingpage-Hybrides-Event.png 6318w, https:\/\/www.polyas.de\/blog\/wp-content\/uploads\/2021\/12\/Event-Landingpage-Hybrides-Event-300x168.png 300w, https:\/\/www.polyas.de\/blog\/wp-content\/uploads\/2021\/12\/Event-Landingpage-Hybrides-Event-1024x574.png 1024w, https:\/\/www.polyas.de\/blog\/wp-content\/uploads\/2021\/12\/Event-Landingpage-Hybrides-Event-768x431.png 768w, https:\/\/www.polyas.de\/blog\/wp-content\/uploads\/2021\/12\/Event-Landingpage-Hybrides-Event-1536x861.png 1536w, https:\/\/www.polyas.de\/blog\/wp-content\/uploads\/2021\/12\/Event-Landingpage-Hybrides-Event-2048x1148.png 2048w, https:\/\/www.polyas.de\/blog\/wp-content\/uploads\/2021\/12\/Event-Landingpage-Hybrides-Event-500x280.png 500w\" sizes=\"(max-width: 6318px) 100vw, 6318px\" \/><\/a><\/p>\n<p>Auf hybriden Events nimmt ein Teil der Stimmberechtigten vor Ort Teil, w\u00e4hrend der andere Teil online zugeschaltet ist. So erm\u00f6glicht man denjenigen, die es w\u00fcnschen, pers\u00f6nliche Interaktion, w\u00e4hrend etwa Menschen mit Vorerkrankungen digital an der Veranstaltung teilnehmen k\u00f6nnen. Auch l\u00e4sst sich die Teilnehmerzahl am Veranstaltungsort auf eine zuvor festgelegte Menge begrenzen, um das Risiko, das von m\u00f6glichen Impfdurchbr\u00fcchen ausgeht, gering zu halten.<\/p>\n<p><span style=\"color: #3c987b;\"><strong><a style=\"color: #3c987b;\" href=\"https:\/\/www.polyas.de\/blog\/de\/?s=hybride+Events\">Mehr zum Thema hybride Events lesen Sie in unserer Blogpost-Reihe &gt;<\/a><br><\/strong><\/span><\/p>\n<h3>Jetzt f\u00fcr die Veranstaltung in Hilden anmelden<\/h3>\n<p>Um zu demonstrieren, welche M\u00f6glichkeiten sich durch ein hybrides Event ergeben, richtet POLYAS am <strong>3. Februar<\/strong> <strong>2022<\/strong> selbst eine solche Veranstaltung aus. Unser Thema lautet <strong>\u201eTipps, Tricks und Trends f\u00fcr Ihr hybrides Event\u201c.<\/strong> Stattfinden wird die Versammlung in Hilden bei D\u00fcsseldorf, im Streaming-Studio des Event-Experten <span style=\"color: #3c987b;\"><a style=\"color: #3c987b;\" href=\"https:\/\/aventem.digital\/\">AVENTEM<\/a><\/span>. Die Teilnehmerzahl ist auf <strong>50 Pl\u00e4tze<\/strong> begrenzt. Selbstverst\u00e4ndlich besteht auch die Option, die hybride Veranstaltung online zu verfolgen.<\/p>\n<p><a href=\"https:\/\/www.polyas.de\/hybrides-event-hilden\" target=\"_blank\" rel=\"noopener\"><img data-attachment-id=\"10093\" data-permalink=\"https:\/\/www.polyas.de\/blog\/de\/allgemein-de\/polyas-in-hilden\/attachment\/blog_banner-neu\" data-orig-file=\"https:\/\/www.polyas.de\/blog\/wp-content\/uploads\/2021\/12\/Blog_Banner-neu.png\" data-orig-size=\"8580,900\" data-comments-opened=\"1\" data-image-meta=\"{&quot;aperture&quot;:&quot;0&quot;,&quot;credit&quot;:&quot;&quot;,&quot;camera&quot;:&quot;&quot;,&quot;caption&quot;:&quot;&quot;,&quot;created_timestamp&quot;:&quot;0&quot;,&quot;copyright&quot;:&quot;&quot;,&quot;focal_length&quot;:&quot;0&quot;,&quot;iso&quot;:&quot;0&quot;,&quot;shutter_speed&quot;:&quot;0&quot;,&quot;title&quot;:&quot;&quot;,&quot;orientation&quot;:&quot;0&quot;}\" data-image-title=\"Blog_Banner-neu\" data-image-description=\"&lt;p&gt;Jetzt zum kostenfreien POLYAS Event anmelden!&lt;\/p&gt;\n\" data-image-caption=\"&lt;p&gt;Jetzt zum kostenfreien POLYAS Event anmelden!&lt;\/p&gt;\n\" data-medium-file=\"https:\/\/www.polyas.de\/blog\/wp-content\/uploads\/2021\/12\/Blog_Banner-neu-300x31.png\" data-large-file=\"https:\/\/www.polyas.de\/blog\/wp-content\/uploads\/2021\/12\/Blog_Banner-neu-1024x107.png\" loading=\"lazy\" class=\"alignnone wp-image-10093 size-full\" src=\"https:\/\/www.polyas.de\/blog\/wp-content\/uploads\/2021\/12\/Blog_Banner-neu.png\" alt=\"Jetzt zum kostenfreien POLYAS Event anmelden!\" width=\"8580\" height=\"900\" srcset=\"https:\/\/www.polyas.de\/blog\/wp-content\/uploads\/2021\/12\/Blog_Banner-neu.png 8580w, https:\/\/www.polyas.de\/blog\/wp-content\/uploads\/2021\/12\/Blog_Banner-neu-300x31.png 300w, https:\/\/www.polyas.de\/blog\/wp-content\/uploads\/2021\/12\/Blog_Banner-neu-1024x107.png 1024w, https:\/\/www.polyas.de\/blog\/wp-content\/uploads\/2021\/12\/Blog_Banner-neu-768x81.png 768w, https:\/\/www.polyas.de\/blog\/wp-content\/uploads\/2021\/12\/Blog_Banner-neu-1536x161.png 1536w, https:\/\/www.polyas.de\/blog\/wp-content\/uploads\/2021\/12\/Blog_Banner-neu-2048x215.png 2048w, https:\/\/www.polyas.de\/blog\/wp-content\/uploads\/2021\/12\/Blog_Banner-neu-500x52.png 500w\" sizes=\"(max-width: 8580px) 100vw, 8580px\" \/><\/a><\/p>\n<h3>Das erwartet Sie!<\/h3>\n<p>Das hybride Event wird um 14 Uhr starten, die Moderation wird von Patricia Schwan \u00fcbernommen, Head of Sales bei POLYAS. Anschlie\u00dfend pr\u00e4sentiert Partner Managerin Antonia Reichwein das <a href=\"https:\/\/www.polyas.de\/live-voting\"><span style=\"color: #3c987b;\">POLYAS Live Voting<\/span><\/a> und erkl\u00e4rt, wie sich geheime Abstimmungen oder Wahlen auf dem hybriden Event sicher durchf\u00fchren lassen. Tobias Brand,&nbsp;Abteilungsleiter Beratung und Vertrieb bei <a href=\"https:\/\/vr-networld.de\/\" target=\"_blank\" rel=\"noopener\"><span style=\"color: #3c987b;\">der VR Networld<\/span><\/a>, dem Internetdienstleister der FinanzGruppe Volksbanken Raiffeisenbanken, erz\u00e4hlt, wie digitale und hybride Veranstaltungen von den Genossenschaften praktiziert werden.<\/p>\n<p>Nach einer Kaffee-Pause spricht Peter Bernsk\u00f6tter, Gr\u00fcnder und Gesch\u00e4ftsf\u00fchrer des <span style=\"color: #3c987b;\"><a style=\"color: #3c987b;\" href=\"https:\/\/bclab.de\/\">Social-Listing-Anbieters bc.lab<\/a><\/span>, \u00fcber den Einsatz von Social-Media-Tools auf hybriden Events. Im Anschluss daran pr\u00e4sentiert Holger Niewind, Gesch\u00e4ftsf\u00fchrer von <span style=\"color: #3c987b;\"><a style=\"color: #3c987b;\" href=\"https:\/\/aventem.de\/\">AVENTEM<\/a><\/span>, wie ihre Eventplattform f\u00fcr die hybride Events eingesetzt werden kann. Anastasia Tomskikh, Election Managerin bei POLYAS, wir dar\u00fcber berichten, wie POLYAS die hybride Veranstaltung eines Kunden umgesetzt hat. Schlie\u00dflich wird Tobias Dillberger, freier Projektleiter f\u00fcr Berechtigtenversammlungen, praktische Tipps f\u00fcr die Umsetzung digitaler und hybrider Events geben, die er in seiner langj\u00e4hrigen Berufspraxis gewonnen hat.<\/p>\n<p><strong><a href=\"https:\/\/www.polyas.de\/blog\/wp-content\/uploads\/2021\/12\/Patricia-Schwan-Head-of-Sales-POLYAS.png\"><img data-attachment-id=\"10098\" data-permalink=\"https:\/\/www.polyas.de\/blog\/de\/allgemein-de\/polyas-in-hilden\/attachment\/patricia-schwan-head-of-sales-polyas\" data-orig-file=\"https:\/\/www.polyas.de\/blog\/wp-content\/uploads\/2021\/12\/Patricia-Schwan-Head-of-Sales-POLYAS.png\" data-orig-size=\"1800,600\" data-comments-opened=\"1\" data-image-meta=\"{&quot;aperture&quot;:&quot;0&quot;,&quot;credit&quot;:&quot;&quot;,&quot;camera&quot;:&quot;&quot;,&quot;caption&quot;:&quot;&quot;,&quot;created_timestamp&quot;:&quot;0&quot;,&quot;copyright&quot;:&quot;&quot;,&quot;focal_length&quot;:&quot;0&quot;,&quot;iso&quot;:&quot;0&quot;,&quot;shutter_speed&quot;:&quot;0&quot;,&quot;title&quot;:&quot;&quot;,&quot;orientation&quot;:&quot;0&quot;}\" data-image-title=\"Patricia Schwan, Head of Sales POLYAS\" data-image-description=\"\" data-image-caption=\"\" data-medium-file=\"https:\/\/www.polyas.de\/blog\/wp-content\/uploads\/2021\/12\/Patricia-Schwan-Head-of-Sales-POLYAS-300x100.png\" data-large-file=\"https:\/\/www.polyas.de\/blog\/wp-content\/uploads\/2021\/12\/Patricia-Schwan-Head-of-Sales-POLYAS-1024x341.png\" loading=\"lazy\" class=\"alignnone size-full wp-image-10098\" src=\"https:\/\/www.polyas.de\/blog\/wp-content\/uploads\/2021\/12\/Patricia-Schwan-Head-of-Sales-POLYAS.png\" alt=\"\" width=\"1800\" height=\"600\" srcset=\"https:\/\/www.polyas.de\/blog\/wp-content\/uploads\/2021\/12\/Patricia-Schwan-Head-of-Sales-POLYAS.png 1800w, https:\/\/www.polyas.de\/blog\/wp-content\/uploads\/2021\/12\/Patricia-Schwan-Head-of-Sales-POLYAS-300x100.png 300w, https:\/\/www.polyas.de\/blog\/wp-content\/uploads\/2021\/12\/Patricia-Schwan-Head-of-Sales-POLYAS-1024x341.png 1024w, https:\/\/www.polyas.de\/blog\/wp-content\/uploads\/2021\/12\/Patricia-Schwan-Head-of-Sales-POLYAS-768x256.png 768w, https:\/\/www.polyas.de\/blog\/wp-content\/uploads\/2021\/12\/Patricia-Schwan-Head-of-Sales-POLYAS-1536x512.png 1536w, https:\/\/www.polyas.de\/blog\/wp-content\/uploads\/2021\/12\/Patricia-Schwan-Head-of-Sales-POLYAS-500x167.png 500w\" sizes=\"(max-width: 1800px) 100vw, 1800px\" \/><\/a><\/strong><\/p>\n<p><strong>Das Programm auf einen Blick:<\/strong><\/p>\n<ul>\n<li>14.00 \u2013 14.15: Begr\u00fc\u00dfung<\/li>\n<li>14.15 \u2013 14.45: Wie l\u00e4sst sich das POLYAS Live Voting auf hybriden Events einsetzen?<\/li>\n<li>14.45 \u2013 15.15: Virtuelle Genral- und Vertreterversammlungen bei Genossenschaft(sbank)en &#8211; nachhaltiger Trend oder Eintagsfliege?<\/li>\n<li>15.15 \u2013 15.30: Kaffee-Pause<\/li>\n<li>15.30 \u2013 16.00: Der Einsatz von Social-Media-Tools auf hybriden Events<\/li>\n<li>16.00 \u2013 16.30: Eventplattformen f\u00fcr hybride Events<\/li>\n<li>16.30 \u2013 17.00: Hybride Events \u2013 eine Case Study<\/li>\n<li>17.00 \u2013 17.30: Praktische Umsetzung von digitalen und hybriden Events<\/li>\n<\/ul>\n<p><a href=\"https:\/\/www.polyas.de\/hybrides-event-hilden\" target=\"_blank\" rel=\"noopener\"><span style=\"color: #3c987b;\"><strong>Jetzt kostenlos zum hybriden Event anmelden &gt;<\/strong><\/span> <\/a><\/p>\n\n","protected":false},"excerpt":{"rendered":"<p>Erleben Sie ein hybrides Event mit POLYAS in Hilden und erfahren Sie mehr \u00fcber den aktuellen Trend der Veranstaltungsbranche. Jetzt anmelden!<\/p>\n","protected":false},"author":277,"featured_media":10100,"comment_status":"open","ping_status":"open","sticky":false,"template":"","format":"standard","meta":{"_eb_attr":"","ub_ctt_via":"","spay_email":"","jetpack_publicize_message":"","jetpack_is_tweetstorm":false,"jetpack_publicize_feature_enabled":true},"categories":[2663,19,7],"tags":[2783,2755,2757,2556,2664],"featured_image_src":"https:\/\/www.polyas.de\/blog\/wp-content\/uploads\/2021\/12\/Hybride-Events-Event.png","author_info":{"display_name":"Peter Schraeder","author_link":"https:\/\/www.polyas.de\/blog\/author\/peter-schraeder"},"yoast_head":"<!-- This site is optimized with the Yoast SEO plugin v19.9 - https:\/\/yoast.com\/wordpress\/plugins\/seo\/ -->\n<title>POLYAS in Hilden: Trends f\u00fcr Ihr hybrides Event - POLYAS<\/title>\n<meta name=\"description\" content=\"Erleben Sie ein hybrides Event mit POLYAS in Hilden und erfahren Sie mehr \u00fcber den aktuellen Trend der Veranstaltungsbranche. Jetzt anmelden!\" \/>\n<meta name=\"robots\" content=\"index, follow, max-snippet:-1, max-image-preview:large, max-video-preview:-1\" \/>\n<link rel=\"canonical\" href=\"https:\/\/www.polyas.de\/blog\/de\/allgemein-de\/polyas-in-hilden\" \/>\n<meta property=\"og:locale\" content=\"de_DE\" \/>\n<meta property=\"og:type\" content=\"article\" \/>\n<meta property=\"og:title\" content=\"POLYAS in Hilden: Trends f\u00fcr Ihr hybrides Event - POLYAS\" \/>\n<meta property=\"og:description\" content=\"Erleben Sie ein hybrides Event mit POLYAS in Hilden und erfahren Sie mehr \u00fcber den aktuellen Trend der Veranstaltungsbranche. Jetzt anmelden!\" \/>\n<meta property=\"og:url\" content=\"https:\/\/www.polyas.de\/blog\/de\/allgemein-de\/polyas-in-hilden\" \/>\n<meta property=\"og:site_name\" content=\"POLYAS\" \/>\n<meta property=\"article:published_time\" content=\"2021-12-07T13:34:19+00:00\" \/>\n<meta property=\"article:modified_time\" content=\"2021-12-07T13:34:20+00:00\" \/>\n<meta property=\"og:image\" content=\"https:\/\/i0.wp.com\/www.polyas.de\/blog\/wp-content\/uploads\/2021\/12\/Hybride-Events-Event.png?fit=860%2C200&ssl=1\" \/>\n\t<meta property=\"og:image:width\" content=\"860\" \/>\n\t<meta property=\"og:image:height\" content=\"200\" \/>\n\t<meta property=\"og:image:type\" content=\"image\/png\" \/>\n<meta name=\"author\" content=\"Peter Schraeder\" \/>\n<meta name=\"twitter:card\" content=\"summary_large_image\" \/>\n<meta name=\"twitter:label1\" content=\"Verfasst von\" \/>\n\t<meta name=\"twitter:data1\" content=\"Peter Schraeder\" \/>\n\t<meta name=\"twitter:label2\" content=\"Gesch\u00e4tzte Lesezeit\" \/>\n\t<meta name=\"twitter:data2\" content=\"3 Minuten\" \/>\n<script type=\"application\/ld+json\" class=\"yoast-schema-graph\">{\"@context\":\"https:\/\/schema.org\",\"@graph\":[{\"@type\":\"WebPage\",\"@id\":\"https:\/\/www.polyas.de\/blog\/de\/allgemein-de\/polyas-in-hilden\",\"url\":\"https:\/\/www.polyas.de\/blog\/de\/allgemein-de\/polyas-in-hilden\",\"name\":\"POLYAS in Hilden: Trends f\u00fcr Ihr hybrides Event - POLYAS\",\"isPartOf\":{\"@id\":\"https:\/\/www.polyas.de\/blog\/#website\"},\"datePublished\":\"2021-12-07T13:34:19+00:00\",\"dateModified\":\"2021-12-07T13:34:20+00:00\",\"author\":{\"@id\":\"https:\/\/www.polyas.de\/blog\/#\/schema\/person\/73c28ac950bd0b4d1a9d88ae887f0167\"},\"description\":\"Erleben Sie ein hybrides Event mit POLYAS in Hilden und erfahren Sie mehr \u00fcber den aktuellen Trend der Veranstaltungsbranche. Jetzt anmelden!\",\"breadcrumb\":{\"@id\":\"https:\/\/www.polyas.de\/blog\/de\/allgemein-de\/polyas-in-hilden#breadcrumb\"},\"inLanguage\":\"de-DE\",\"potentialAction\":[{\"@type\":\"ReadAction\",\"target\":[\"https:\/\/www.polyas.de\/blog\/de\/allgemein-de\/polyas-in-hilden\"]}]},{\"@type\":\"BreadcrumbList\",\"@id\":\"https:\/\/www.polyas.de\/blog\/de\/allgemein-de\/polyas-in-hilden#breadcrumb\",\"itemListElement\":[{\"@type\":\"ListItem\",\"position\":1,\"name\":\"Startseite\",\"item\":\"https:\/\/www.polyas.de\/blog\/de\"},{\"@type\":\"ListItem\",\"position\":2,\"name\":\"POLYAS in Hilden: Trends f\u00fcr Ihr hybrides Event\"}]},{\"@type\":\"WebSite\",\"@id\":\"https:\/\/www.polyas.de\/blog\/#website\",\"url\":\"https:\/\/www.polyas.de\/blog\/\",\"name\":\"POLYAS\",\"description\":\"the blog for secure online voting\",\"potentialAction\":[{\"@type\":\"SearchAction\",\"target\":{\"@type\":\"EntryPoint\",\"urlTemplate\":\"https:\/\/www.polyas.de\/blog\/?s={search_term_string}\"},\"query-input\":\"required name=search_term_string\"}],\"inLanguage\":\"de-DE\"},{\"@type\":\"Person\",\"@id\":\"https:\/\/www.polyas.de\/blog\/#\/schema\/person\/73c28ac950bd0b4d1a9d88ae887f0167\",\"name\":\"Peter Schraeder\",\"image\":{\"@type\":\"ImageObject\",\"inLanguage\":\"de-DE\",\"@id\":\"https:\/\/www.polyas.de\/blog\/#\/schema\/person\/image\/\",\"url\":\"https:\/\/secure.gravatar.com\/avatar\/4f9e48dcaa40fec909b27d8a9fab7beb?s=96&d=mm&r=g\",\"contentUrl\":\"https:\/\/secure.gravatar.com\/avatar\/4f9e48dcaa40fec909b27d8a9fab7beb?s=96&d=mm&r=g\",\"caption\":\"Peter Schraeder\"},\"url\":\"https:\/\/www.polyas.de\/blog\/author\/peter-schraeder\"}]}<\/script>\n<!-- \/ Yoast SEO plugin. -->","yoast_head_json":{"title":"POLYAS in Hilden: Trends f\u00fcr Ihr hybrides Event - POLYAS","description":"Erleben Sie ein hybrides Event mit POLYAS in Hilden und erfahren Sie mehr \u00fcber den aktuellen Trend der Veranstaltungsbranche. Jetzt anmelden!","robots":{"index":"index","follow":"follow","max-snippet":"max-snippet:-1","max-image-preview":"max-image-preview:large","max-video-preview":"max-video-preview:-1"},"canonical":"https:\/\/www.polyas.de\/blog\/de\/allgemein-de\/polyas-in-hilden","og_locale":"de_DE","og_type":"article","og_title":"POLYAS in Hilden: Trends f\u00fcr Ihr hybrides Event - POLYAS","og_description":"Erleben Sie ein hybrides Event mit POLYAS in Hilden und erfahren Sie mehr \u00fcber den aktuellen Trend der Veranstaltungsbranche. Jetzt anmelden!","og_url":"https:\/\/www.polyas.de\/blog\/de\/allgemein-de\/polyas-in-hilden","og_site_name":"POLYAS","article_published_time":"2021-12-07T13:34:19+00:00","article_modified_time":"2021-12-07T13:34:20+00:00","og_image":[{"width":860,"height":200,"url":"https:\/\/i0.wp.com\/www.polyas.de\/blog\/wp-content\/uploads\/2021\/12\/Hybride-Events-Event.png?fit=860%2C200&ssl=1","type":"image\/png"}],"author":"Peter Schraeder","twitter_card":"summary_large_image","twitter_misc":{"Verfasst von":"Peter Schraeder","Gesch\u00e4tzte Lesezeit":"3 Minuten"},"schema":{"@context":"https:\/\/schema.org","@graph":[{"@type":"WebPage","@id":"https:\/\/www.polyas.de\/blog\/de\/allgemein-de\/polyas-in-hilden","url":"https:\/\/www.polyas.de\/blog\/de\/allgemein-de\/polyas-in-hilden","name":"POLYAS in Hilden: Trends f\u00fcr Ihr hybrides Event - POLYAS","isPartOf":{"@id":"https:\/\/www.polyas.de\/blog\/#website"},"datePublished":"2021-12-07T13:34:19+00:00","dateModified":"2021-12-07T13:34:20+00:00","author":{"@id":"https:\/\/www.polyas.de\/blog\/#\/schema\/person\/73c28ac950bd0b4d1a9d88ae887f0167"},"description":"Erleben Sie ein hybrides Event mit POLYAS in Hilden und erfahren Sie mehr \u00fcber den aktuellen Trend der Veranstaltungsbranche. Jetzt anmelden!","breadcrumb":{"@id":"https:\/\/www.polyas.de\/blog\/de\/allgemein-de\/polyas-in-hilden#breadcrumb"},"inLanguage":"de-DE","potentialAction":[{"@type":"ReadAction","target":["https:\/\/www.polyas.de\/blog\/de\/allgemein-de\/polyas-in-hilden"]}]},{"@type":"BreadcrumbList","@id":"https:\/\/www.polyas.de\/blog\/de\/allgemein-de\/polyas-in-hilden#breadcrumb","itemListElement":[{"@type":"ListItem","position":1,"name":"Startseite","item":"https:\/\/www.polyas.de\/blog\/de"},{"@type":"ListItem","position":2,"name":"POLYAS in Hilden: Trends f\u00fcr Ihr hybrides Event"}]},{"@type":"WebSite","@id":"https:\/\/www.polyas.de\/blog\/#website","url":"https:\/\/www.polyas.de\/blog\/","name":"POLYAS","description":"the blog for secure online voting","potentialAction":[{"@type":"SearchAction","target":{"@type":"EntryPoint","urlTemplate":"https:\/\/www.polyas.de\/blog\/?s={search_term_string}"},"query-input":"required name=search_term_string"}],"inLanguage":"de-DE"},{"@type":"Person","@id":"https:\/\/www.polyas.de\/blog\/#\/schema\/person\/73c28ac950bd0b4d1a9d88ae887f0167","name":"Peter Schraeder","image":{"@type":"ImageObject","inLanguage":"de-DE","@id":"https:\/\/www.polyas.de\/blog\/#\/schema\/person\/image\/","url":"https:\/\/secure.gravatar.com\/avatar\/4f9e48dcaa40fec909b27d8a9fab7beb?s=96&d=mm&r=g","contentUrl":"https:\/\/secure.gravatar.com\/avatar\/4f9e48dcaa40fec909b27d8a9fab7beb?s=96&d=mm&r=g","caption":"Peter Schraeder"},"url":"https:\/\/www.polyas.de\/blog\/author\/peter-schraeder"}]}},"jetpack_featured_media_url":"https:\/\/www.polyas.de\/blog\/wp-content\/uploads\/2021\/12\/Hybride-Events-Event.png","jetpack_publicize_connections":[],"jetpack_shortlink":"https:\/\/wp.me\/p72Pnr-2CF","jetpack-related-posts":[{"id":10399,"url":"https:\/\/www.polyas.de\/blog\/de\/allgemein-de\/rueckblick-hybrides-event","url_meta":{"origin":10085,"position":0},"title":"R\u00fcckblick auf unser hybrides Event: H\u00fcrden &#038; L\u00f6sungen","date":"10\/02\/2022","format":false,"excerpt":"In unserer Blogpostserie zu hybriden Events haben wir zahlreiche Tipps zur Umsetzung von hybriden Events gegeben \u2013 egal, ob es um die ideale Location oder das passende Video-Konferenz-Tool ging. Am 3. Februar dieses Jahres haben wir nun unser eigenes hybrides Event mit 80 Zuschauer:innen veranstaltet. Wie es genau umgesetzt wurde\u2026","rel":"","context":"In &quot;Live Voting&quot;","img":{"alt_text":"Rueckblick hybrides Event 3.2.2022","src":"https:\/\/i0.wp.com\/www.polyas.de\/blog\/wp-content\/uploads\/2022\/02\/Ru\u0308ckblick-hybrides-Event.png?resize=350%2C200&ssl=1","width":350,"height":200},"classes":[]},{"id":10273,"url":"https:\/\/www.polyas.de\/blog\/de\/digitale-demokratie\/videokonferenz-zoom-alternativen-hybrides-event","url_meta":{"origin":10085,"position":1},"title":"Videokonferenz: 9 Zoom-Alternativen f\u00fcr Ihr hybrides Event","date":"12\/01\/2022","format":false,"excerpt":"Seit dem Beginn der Corona-Pandemie schie\u00dfen Videokonferenz-Anbieter und Kommunikations-Tools wie Pilze aus dem Boden. Zoom, Skype, WhatsApp und Co. m\u00f6gen f\u00fcr den privaten Zweck sicher ausreichen, aber wie sieht es bei Funktionsumfang und Datenschutz aus? Wir haben 9 starke Zoom-Alternativen recherchiert. Viedeokonferenzen: Wie steht's mit dem Datenschutz? Es gibt viele\u2026","rel":"","context":"In &quot;Digitale Demokratie&quot;","img":{"alt_text":"Videokonferenz-Tools f\u00fcr hybride Events","src":"https:\/\/i0.wp.com\/www.polyas.de\/blog\/wp-content\/uploads\/2022\/01\/Hybrides-Event-LP.png?resize=350%2C200&ssl=1","width":350,"height":200},"classes":[]},{"id":10043,"url":"https:\/\/www.polyas.de\/blog\/de\/veranstaltungen\/webinar-hybride-events-praxis","url_meta":{"origin":10085,"position":2},"title":"POLYAS Webinar: Hybride Events in der Praxis","date":"25\/11\/2021","format":false,"excerpt":"Die aktuelle Pandemie-Lage zwingt uns alle dazu, bereits geplante Veranstaltungen neu zu \u00fcberdenken. Sind Sie f\u00fcr Ihr Veranstaltungsjahr 2022 f\u00fcr alle Eventualit\u00e4ten aufgestellt? K\u00f6nnen Sie Ihre Versammlungen oder Events kurzfristig in ein rein digitales oder hybrides Event umwandeln? Wie kann das in der Praxis funktionieren? In unserem Webinar am 08.12.2021\u2026","rel":"","context":"In &quot;Digital News&quot;","img":{"alt_text":"Hybride Events Praxis Webinar","src":"https:\/\/i0.wp.com\/www.polyas.de\/blog\/wp-content\/uploads\/2021\/11\/Hybride_Events_Praxis_Webinar.png?resize=350%2C200&ssl=1","width":350,"height":200},"classes":[]},{"id":9920,"url":"https:\/\/www.polyas.de\/blog\/de\/digitale-demokratie\/webinar-hybride-events","url_meta":{"origin":10085,"position":3},"title":"Hybride Events in drei Schritten &#8211; POLYAS Webinar","date":"20\/10\/2021","format":false,"excerpt":"Veranstaltungsformate sind im Wandel. Corona und der Lockdown haben das Arbeiten von zu Hause zur Normalit\u00e4t gemacht und Veranstalter:innen dazu gezwungen, kreative digitale Formate zu entwickeln. Jetzt hei\u00dft es, diese kreativen Ideen mit der gewohnten Normalit\u00e4t zu verbinden. Das Zukunftsformat der Veranstaltungsbranche hei\u00dft \u201ehybride Events\u201c \u2013 ein Thema, das auch\u2026","rel":"","context":"In &quot;Digitale Demokratie&quot;","img":{"alt_text":"Webinar hybride Events","src":"https:\/\/i0.wp.com\/www.polyas.de\/blog\/wp-content\/uploads\/2021\/10\/Hybride-Veranstaltungen-2.png?resize=350%2C200&ssl=1","width":350,"height":200},"classes":[]},{"id":9893,"url":"https:\/\/www.polyas.de\/blog\/de\/veranstaltungen\/hybride-events","url_meta":{"origin":10085,"position":4},"title":"Hybride Events: Das Veranstaltungsformat der Zukunft","date":"09\/10\/2021","format":false,"excerpt":"Die Veranstaltungswelt hat sich durch die Corona-Pandemie und die damit einhergehende Beschleunigung der Digitalisierung stark ver\u00e4ndert. Viele Events finden mittlerweile hybrid statt: Vor-Ort-Komponente in einer Location und Live-Stream f\u00fcr alle, die nicht pers\u00f6nlich an der Veranstaltung teilnehmen k\u00f6nnen. Der Bedarf f\u00fcr digitale Abstimmungen und Wahlen - und damit auch f\u00fcr\u2026","rel":"","context":"In &quot;Digitalisierung&quot;","img":{"alt_text":"Hybride Events POLYAS","src":"https:\/\/i0.wp.com\/www.polyas.de\/blog\/wp-content\/uploads\/2021\/10\/Hybride_Events_POLYAS.png?resize=350%2C200&ssl=1","width":350,"height":200},"classes":[]},{"id":10130,"url":"https:\/\/www.polyas.de\/blog\/de\/digital-news\/intermedia-solutions-polyas-partner","url_meta":{"origin":10085,"position":5},"title":"InterMedia Solutions: \u201ePOLYAS ist der richtige Partner\u201c","date":"08\/12\/2021","format":false,"excerpt":"InterMedia Solutions (IMS) ist ein Dienstleister f\u00fcr virtuelle Events aus M\u00fcnchen und seit kurzem auch Partner von POLYAS. Wir freuen uns, einen so starken Partner aus dem Eventbereich nun an unserer Seite zu wissen. Im Interview mit POLYAS stellt Artur Braun, Marketing Manager bei IMS, die IMS-Plattform vor und berichtet\u2026","rel":"","context":"In &quot;Digital News&quot;","img":{"alt_text":"POLYAS Partner InterMedia Solutions","src":"https:\/\/i0.wp.com\/www.polyas.de\/blog\/wp-content\/uploads\/2021\/12\/InterMedia-Solutions-POLYAS-Partner-1.png?resize=350%2C200&ssl=1","width":350,"height":200},"classes":[]}],"_links":{"self":[{"href":"https:\/\/www.polyas.de\/blog\/wp-json\/wp\/v2\/posts\/10085"}],"collection":[{"href":"https:\/\/www.polyas.de\/blog\/wp-json\/wp\/v2\/posts"}],"about":[{"href":"https:\/\/www.polyas.de\/blog\/wp-json\/wp\/v2\/types\/post"}],"author":[{"embeddable":true,"href":"https:\/\/www.polyas.de\/blog\/wp-json\/wp\/v2\/users\/277"}],"replies":[{"embeddable":true,"href":"https:\/\/www.polyas.de\/blog\/wp-json\/wp\/v2\/comments?post=10085"}],"version-history":[{"count":12,"href":"https:\/\/www.polyas.de\/blog\/wp-json\/wp\/v2\/posts\/10085\/revisions"}],"predecessor-version":[{"id":11608,"href":"https:\/\/www.polyas.de\/blog\/wp-json\/wp\/v2\/posts\/10085\/revisions\/11608"}],"wp:featuredmedia":[{"embeddable":true,"href":"https:\/\/www.polyas.de\/blog\/wp-json\/wp\/v2\/media\/10100"}],"wp:attachment":[{"href":"https:\/\/www.polyas.de\/blog\/wp-json\/wp\/v2\/media?parent=10085"}],"wp:term":[{"taxonomy":"category","embeddable":true,"href":"https:\/\/www.polyas.de\/blog\/wp-json\/wp\/v2\/categories?post=10085"},{"taxonomy":"post_tag","embeddable":true,"href":"https:\/\/www.polyas.de\/blog\/wp-json\/wp\/v2\/tags?post=10085"}],"curies":[{"name":"wp","href":"https:\/\/api.w.org\/{rel}","templated":true}]}}